{"id":13440,"date":"2026-04-14T17:17:43","date_gmt":"2026-04-14T15:17:43","guid":{"rendered":"https:\/\/vieassociative.be\/actualites\/la-greve-des-postes-continue-de-sintensifier-les-syndicats-veulent-empecher-le-plan-de-transformation-de-bpost\/"},"modified":"2026-04-14T17:17:43","modified_gmt":"2026-04-14T15:17:43","slug":"la-greve-des-postes-continue-de-sintensifier-les-syndicats-veulent-empecher-le-plan-de-transformation-de-bpost","status":"publish","type":"post","link":"https:\/\/vieassociative.be\/actualites\/la-greve-des-postes-continue-de-sintensifier-les-syndicats-veulent-empecher-le-plan-de-transformation-de-bpost\/","title":{"rendered":"La gr\u00e8ve des postes continue de s&rsquo;intensifier &#8211; Les syndicats veulent emp\u00eacher le plan de transformation de bpost"},"content":{"rendered":"<p><strong>La gr\u00e8ve des postes en Belgique s&rsquo;est encore intensifi\u00e9e apr\u00e8s l&rsquo;\u00e9chec du dernier cycle de n\u00e9gociations entre la direction de bpost et les syndicats. <\/strong><\/p>\n<p><span id=\"more-438424\"><\/span>Cela s&rsquo;inscrit dans la continuit\u00e9 d&rsquo;un conflit qui a d\u00e9but\u00e9 fin mars et s&rsquo;est initialement \u00e9tendu de la Wallonie et de Bruxelles \u00e0 de grandes parties du pays.<\/p>\n<p>Au c\u0153ur du conflit se trouve le plan de transformation global de l&rsquo;entreprise, qui comprend une concentration accrue sur le secteur croissant des colis, des horaires de travail plus flexibles jusqu&rsquo;au soir et des ajustements structurels du march\u00e9 du commerce \u00e9lectronique.<\/p>\n<\/p>\n<div id=\"attachment_192733\" class=\"wp-caption alignleft\" style=\"max-width: 300px\"><img fetchpriority=\"high\" decoding=\"async\" class=\"wp-image-192733 size-medium\" src=\"https:\/\/vieassociative.be\/actualites\/wp-content\/uploads\/2026\/04\/La-greve-des-postes-continue-de-sintensifier-Les-syndicats.jpeg\" alt=\"\" width=\"300\" height=\"200\"  ><\/div>\n<p>Les syndicats continuent de s&rsquo;opposer fermement \u00e0 ces r\u00e9formes, craignant une d\u00e9t\u00e9rioration des conditions de travail, une augmentation de la charge de travail et un dialogue social insuffisant.<\/p>\n<p>L&rsquo;impasse a \u00e9t\u00e9 encore soulign\u00e9e aujourd&rsquo;hui par le fait que les n\u00e9gociations ont \u00e9t\u00e9 interrompues sans aucun r\u00e9sultat. En r\u00e9ponse, la ministre responsable, Vanessa Matz, a sugg\u00e9r\u00e9 de faire appel \u00e0 un m\u00e9diateur ind\u00e9pendant pour relancer le dialogue entre les parties et \u00e9viter une escalade. On ne sait pas encore si les deux parties suivront cette proposition.<\/p>\n<p>Les effets de la gr\u00e8ve se font d\u00e9sormais clairement sentir dans tout le pays. Dans de nombreuses r\u00e9gions, la livraison des lettres et des colis est fortement limit\u00e9e, voire compl\u00e8tement arr\u00eat\u00e9e, et dans certains cas, seuls quelques livreurs sont encore en activit\u00e9. Les centres logistiques sont aux prises avec des retards importants, ce qui entra\u00eene des retards dans les exp\u00e9ditions de plusieurs jours, voire semaines.<\/p>\n<div id=\"attachment_24821\" class=\"wp-caption alignleft\" style=\"max-width: 300px\"><img decoding=\"async\" class=\"wp-image-24821 size-medium\" src=\"https:\/\/vieassociative.be\/actualites\/wp-content\/uploads\/2026\/04\/La-greve-des-postes-continue-de-sintensifier-Les-syndicats.jpg\" alt=\"\" width=\"300\" height=\"200\"  ><\/div>\n<p>Cela est particuli\u00e8rement visible dans le secteur des m\u00e9dias : par exemple, le journal Grenz-Echo ne peut plus \u00eatre livr\u00e9 r\u00e9guli\u00e8rement dans de nombreuses zones touch\u00e9es et doit plut\u00f4t \u00eatre distribu\u00e9 via des points de collecte alternatifs. Alors que la Wallonie et Bruxelles restent particuli\u00e8rement touch\u00e9es, les perturbations se multiplient d\u00e9sormais \u00e9galement en Flandre.<\/p>\n<p>Le conflit n\u2019est pas simplement un conflit du travail classique, mais plut\u00f4t l\u2019expression d\u2019un changement structurel plus profond dans le secteur postal. Le d\u00e9clin du courrier et l&rsquo;augmentation rapide des volumes de colis obligent des entreprises comme bpost \u00e0 proc\u00e9der \u00e0 des ajustements, ce qui provoque cependant des tensions sociales. Alors que la direction pr\u00e9sente les r\u00e9formes comme n\u00e9cessaires \u00e0 la comp\u00e9titivit\u00e9, les syndicats les consid\u00e8rent comme un fardeau unilat\u00e9ral pour les salari\u00e9s.<\/p>\n<p>Compte tenu de l\u2019\u00e9chec des n\u00e9gociations et du durcissement des fronts jusqu\u2019\u00e0 pr\u00e9sent, aucune solution n\u2019est en vue \u00e0 court terme. S&rsquo;il n&rsquo;est pas possible de faire avancer les n\u00e9gociations par une m\u00e9diation ext\u00e9rieure, on peut supposer que la gr\u00e8ve se poursuivra et que ses effets sur la population et l&rsquo;\u00e9conomie en Belgique continueront de s&rsquo;accentuer. (cr\u00e9er)<\/p>\n","protected":false},"excerpt":{"rendered":"<p>La gr\u00e8ve des postes en Belgique s&rsquo;est encore intensifi\u00e9e apr\u00e8s l&rsquo;\u00e9chec du dernier cycle de n\u00e9gociations entre la direction de bpost et les syndicats. Cela<\/p>\n","protected":false},"author":1,"featured_media":13441,"comment_status":"","ping_status":"","sticky":false,"template":"","format":"standard","meta":{"footnotes":""},"categories":[298],"tags":[6751,2426,29,1889,3095,14,682,10482,10483,9004,10484,4105],"class_list":["post-13440","post","type-post","status-publish","format-standard","has-post-thumbnail","hentry","category-belgique","tag-bpost","tag-continue","tag-des","tag-empecher","tag-greve","tag-les","tag-plan","tag-postes","tag-sintensifier","tag-syndicats","tag-transformation","tag-veulent","generate-columns","tablet-grid-50","mobile-grid-100","grid-parent","grid-33"],"yoast_head":"<!-- This site is optimized with the Yoast SEO plugin v24.0 - https:\/\/yoast.com\/wordpress\/plugins\/seo\/ -->\n<title>La gr\u00e8ve des postes continue de s&#039;intensifier - Les syndicats veulent emp\u00eacher le plan de transformation de bpost | Vie Associative<\/title>\n<meta name=\"robots\" content=\"index, follow, max-snippet:-1, max-image-preview:large, max-video-preview:-1\" \/>\n<link rel=\"canonical\" href=\"https:\/\/vieassociative.be\/actualites\/la-greve-des-postes-continue-de-sintensifier-les-syndicats-veulent-empecher-le-plan-de-transformation-de-bpost\/\" \/>\n<meta property=\"og:locale\" content=\"fr_FR\" \/>\n<meta property=\"og:type\" content=\"article\" \/>\n<meta property=\"og:title\" content=\"La gr\u00e8ve des postes continue de s&#039;intensifier - Les syndicats veulent emp\u00eacher le plan de transformation de bpost | Vie Associative\" \/>\n<meta property=\"og:description\" content=\"La gr\u00e8ve des postes en Belgique s&rsquo;est encore intensifi\u00e9e apr\u00e8s l&rsquo;\u00e9chec du dernier cycle de n\u00e9gociations entre la direction de bpost et les syndicats. Cela\" \/>\n<meta property=\"og:url\" content=\"https:\/\/vieassociative.be\/actualites\/la-greve-des-postes-continue-de-sintensifier-les-syndicats-veulent-empecher-le-plan-de-transformation-de-bpost\/\" \/>\n<meta property=\"og:site_name\" content=\"Vie Associative\" \/>\n<meta property=\"article:published_time\" content=\"2026-04-14T15:17:43+00:00\" \/>\n<meta property=\"og:image\" content=\"https:\/\/vieassociative.be\/actualites\/wp-content\/uploads\/2024\/09\/header_backgroundk-01-e1726694325946.png\" \/>\n\t<meta property=\"og:image:width\" content=\"279\" \/>\n\t<meta property=\"og:image:height\" content=\"92\" \/>\n\t<meta property=\"og:image:type\" content=\"image\/png\" \/>\n<meta name=\"author\" content=\"Julien\" \/>\n<meta name=\"twitter:card\" content=\"summary_large_image\" \/>\n<meta name=\"twitter:label1\" content=\"\u00c9crit par\" \/>\n\t<meta name=\"twitter:data1\" content=\"Julien\" \/>\n\t<meta name=\"twitter:label2\" content=\"Dur\u00e9e de lecture est.\" \/>\n\t<meta name=\"twitter:data2\" content=\"2 minutes\" \/>\n<script type=\"application\/ld+json\" class=\"yoast-schema-graph\">{\"@context\":\"https:\/\/schema.org\",\"@graph\":[{\"@type\":\"Article\",\"@id\":\"https:\/\/vieassociative.be\/actualites\/la-greve-des-postes-continue-de-sintensifier-les-syndicats-veulent-empecher-le-plan-de-transformation-de-bpost\/#article\",\"isPartOf\":{\"@id\":\"https:\/\/vieassociative.be\/actualites\/la-greve-des-postes-continue-de-sintensifier-les-syndicats-veulent-empecher-le-plan-de-transformation-de-bpost\/\"},\"author\":{\"name\":\"Julien\",\"@id\":\"https:\/\/vieassociative.be\/actualites\/#\/schema\/person\/b87ac4f82f9d4e7b7cec7395b679edc4\"},\"headline\":\"La gr\u00e8ve des postes continue de s&rsquo;intensifier &#8211; Les syndicats veulent emp\u00eacher le plan de transformation de bpost\",\"datePublished\":\"2026-04-14T15:17:43+00:00\",\"dateModified\":\"2026-04-14T15:17:43+00:00\",\"mainEntityOfPage\":{\"@id\":\"https:\/\/vieassociative.be\/actualites\/la-greve-des-postes-continue-de-sintensifier-les-syndicats-veulent-empecher-le-plan-de-transformation-de-bpost\/\"},\"wordCount\":511,\"publisher\":{\"@id\":\"https:\/\/vieassociative.be\/actualites\/#organization\"},\"image\":{\"@id\":\"https:\/\/vieassociative.be\/actualites\/la-greve-des-postes-continue-de-sintensifier-les-syndicats-veulent-empecher-le-plan-de-transformation-de-bpost\/#primaryimage\"},\"thumbnailUrl\":\"https:\/\/vieassociative.be\/actualites\/wp-content\/uploads\/2026\/04\/1776179864_La-greve-des-postes-continue-de-sintensifier-Les-syndicats.jpg\",\"keywords\":[\"BPOST\",\"continue\",\"Des\",\"emp\u00eacher\",\"gr\u00e8ve\",\"Les\",\"plan\",\"postes\",\"sintensifier\",\"syndicats\",\"transformation\",\"veulent\"],\"articleSection\":[\"Belgique\"],\"inLanguage\":\"fr-BE\"},{\"@type\":\"WebPage\",\"@id\":\"https:\/\/vieassociative.be\/actualites\/la-greve-des-postes-continue-de-sintensifier-les-syndicats-veulent-empecher-le-plan-de-transformation-de-bpost\/\",\"url\":\"https:\/\/vieassociative.be\/actualites\/la-greve-des-postes-continue-de-sintensifier-les-syndicats-veulent-empecher-le-plan-de-transformation-de-bpost\/\",\"name\":\"La gr\u00e8ve des postes continue de s'intensifier - Les syndicats veulent emp\u00eacher le plan de transformation de bpost | Vie Associative\",\"isPartOf\":{\"@id\":\"https:\/\/vieassociative.be\/actualites\/#website\"},\"primaryImageOfPage\":{\"@id\":\"https:\/\/vieassociative.be\/actualites\/la-greve-des-postes-continue-de-sintensifier-les-syndicats-veulent-empecher-le-plan-de-transformation-de-bpost\/#primaryimage\"},\"image\":{\"@id\":\"https:\/\/vieassociative.be\/actualites\/la-greve-des-postes-continue-de-sintensifier-les-syndicats-veulent-empecher-le-plan-de-transformation-de-bpost\/#primaryimage\"},\"thumbnailUrl\":\"https:\/\/vieassociative.be\/actualites\/wp-content\/uploads\/2026\/04\/1776179864_La-greve-des-postes-continue-de-sintensifier-Les-syndicats.jpg\",\"datePublished\":\"2026-04-14T15:17:43+00:00\",\"dateModified\":\"2026-04-14T15:17:43+00:00\",\"breadcrumb\":{\"@id\":\"https:\/\/vieassociative.be\/actualites\/la-greve-des-postes-continue-de-sintensifier-les-syndicats-veulent-empecher-le-plan-de-transformation-de-bpost\/#breadcrumb\"},\"inLanguage\":\"fr-BE\",\"potentialAction\":[{\"@type\":\"ReadAction\",\"target\":[\"https:\/\/vieassociative.be\/actualites\/la-greve-des-postes-continue-de-sintensifier-les-syndicats-veulent-empecher-le-plan-de-transformation-de-bpost\/\"]}]},{\"@type\":\"ImageObject\",\"inLanguage\":\"fr-BE\",\"@id\":\"https:\/\/vieassociative.be\/actualites\/la-greve-des-postes-continue-de-sintensifier-les-syndicats-veulent-empecher-le-plan-de-transformation-de-bpost\/#primaryimage\",\"url\":\"https:\/\/vieassociative.be\/actualites\/wp-content\/uploads\/2026\/04\/1776179864_La-greve-des-postes-continue-de-sintensifier-Les-syndicats.jpg\",\"contentUrl\":\"https:\/\/vieassociative.be\/actualites\/wp-content\/uploads\/2026\/04\/1776179864_La-greve-des-postes-continue-de-sintensifier-Les-syndicats.jpg\",\"width\":1200,\"height\":800,\"caption\":\"La gr\u00e8ve des postes continue de s'intensifier - Les syndicats veulent emp\u00eacher le plan de transformation de bpost\"},{\"@type\":\"BreadcrumbList\",\"@id\":\"https:\/\/vieassociative.be\/actualites\/la-greve-des-postes-continue-de-sintensifier-les-syndicats-veulent-empecher-le-plan-de-transformation-de-bpost\/#breadcrumb\",\"itemListElement\":[{\"@type\":\"ListItem\",\"position\":1,\"name\":\"Accueil\",\"item\":\"https:\/\/vieassociative.be\/actualites\/\"},{\"@type\":\"ListItem\",\"position\":2,\"name\":\"La gr\u00e8ve des postes continue de s&rsquo;intensifier &#8211; Les syndicats veulent emp\u00eacher le plan de transformation de bpost\"}]},{\"@type\":\"WebSite\",\"@id\":\"https:\/\/vieassociative.be\/actualites\/#website\",\"url\":\"https:\/\/vieassociative.be\/actualites\/\",\"name\":\"Vie Associative\",\"description\":\"\",\"publisher\":{\"@id\":\"https:\/\/vieassociative.be\/actualites\/#organization\"},\"potentialAction\":[{\"@type\":\"SearchAction\",\"target\":{\"@type\":\"EntryPoint\",\"urlTemplate\":\"https:\/\/vieassociative.be\/actualites\/?s={search_term_string}\"},\"query-input\":{\"@type\":\"PropertyValueSpecification\",\"valueRequired\":true,\"valueName\":\"search_term_string\"}}],\"inLanguage\":\"fr-BE\"},{\"@type\":\"Organization\",\"@id\":\"https:\/\/vieassociative.be\/actualites\/#organization\",\"name\":\"Vie Associative\",\"url\":\"https:\/\/vieassociative.be\/actualites\/\",\"logo\":{\"@type\":\"ImageObject\",\"inLanguage\":\"fr-BE\",\"@id\":\"https:\/\/vieassociative.be\/actualites\/#\/schema\/logo\/image\/\",\"url\":\"https:\/\/vieassociative.be\/actualites\/wp-content\/uploads\/2024\/09\/cropped-vieassociative_favicon.ico.png\",\"contentUrl\":\"https:\/\/vieassociative.be\/actualites\/wp-content\/uploads\/2024\/09\/cropped-vieassociative_favicon.ico.png\",\"width\":512,\"height\":512,\"caption\":\"Vie Associative\"},\"image\":{\"@id\":\"https:\/\/vieassociative.be\/actualites\/#\/schema\/logo\/image\/\"}},{\"@type\":\"Person\",\"@id\":\"https:\/\/vieassociative.be\/actualites\/#\/schema\/person\/b87ac4f82f9d4e7b7cec7395b679edc4\",\"name\":\"Julien\",\"image\":{\"@type\":\"ImageObject\",\"inLanguage\":\"fr-BE\",\"@id\":\"https:\/\/vieassociative.be\/actualites\/#\/schema\/person\/image\/\",\"url\":\"https:\/\/vieassociative.be\/actualites\/wp-content\/uploads\/2024\/09\/vie-associative-1-150x150.jpg\",\"contentUrl\":\"https:\/\/vieassociative.be\/actualites\/wp-content\/uploads\/2024\/09\/vie-associative-1-150x150.jpg\",\"caption\":\"Julien\"},\"description\":\"Je suis Julien, r\u00e9dacteur pour Vie Associative. Passionn\u00e9 par le monde associatif depuis plus de 10 ans, j'ai \u00e0 c\u0153ur de partager des histoires inspirantes et de mettre en lumi\u00e8re les initiatives locales. Mon objectif est de sensibiliser et d'encourager l'engagement communautaire \u00e0 travers mes articles.\",\"sameAs\":[\"https:\/\/vieassociative.be\/\"]}]}<\/script>\n<!-- \/ Yoast SEO plugin. -->","yoast_head_json":{"title":"La gr\u00e8ve des postes continue de s'intensifier - Les syndicats veulent emp\u00eacher le plan de transformation de bpost | Vie Associative","robots":{"index":"index","follow":"follow","max-snippet":"max-snippet:-1","max-image-preview":"max-image-preview:large","max-video-preview":"max-video-preview:-1"},"canonical":"https:\/\/vieassociative.be\/actualites\/la-greve-des-postes-continue-de-sintensifier-les-syndicats-veulent-empecher-le-plan-de-transformation-de-bpost\/","og_locale":"fr_FR","og_type":"article","og_title":"La gr\u00e8ve des postes continue de s'intensifier - Les syndicats veulent emp\u00eacher le plan de transformation de bpost | Vie Associative","og_description":"La gr\u00e8ve des postes en Belgique s&rsquo;est encore intensifi\u00e9e apr\u00e8s l&rsquo;\u00e9chec du dernier cycle de n\u00e9gociations entre la direction de bpost et les syndicats. Cela","og_url":"https:\/\/vieassociative.be\/actualites\/la-greve-des-postes-continue-de-sintensifier-les-syndicats-veulent-empecher-le-plan-de-transformation-de-bpost\/","og_site_name":"Vie Associative","article_published_time":"2026-04-14T15:17:43+00:00","og_image":[{"width":279,"height":92,"url":"https:\/\/vieassociative.be\/actualites\/wp-content\/uploads\/2024\/09\/header_backgroundk-01-e1726694325946.png","type":"image\/png"}],"author":"Julien","twitter_card":"summary_large_image","twitter_misc":{"\u00c9crit par":"Julien","Dur\u00e9e de lecture est.":"2 minutes"},"schema":{"@context":"https:\/\/schema.org","@graph":[{"@type":"Article","@id":"https:\/\/vieassociative.be\/actualites\/la-greve-des-postes-continue-de-sintensifier-les-syndicats-veulent-empecher-le-plan-de-transformation-de-bpost\/#article","isPartOf":{"@id":"https:\/\/vieassociative.be\/actualites\/la-greve-des-postes-continue-de-sintensifier-les-syndicats-veulent-empecher-le-plan-de-transformation-de-bpost\/"},"author":{"name":"Julien","@id":"https:\/\/vieassociative.be\/actualites\/#\/schema\/person\/b87ac4f82f9d4e7b7cec7395b679edc4"},"headline":"La gr\u00e8ve des postes continue de s&rsquo;intensifier &#8211; Les syndicats veulent emp\u00eacher le plan de transformation de bpost","datePublished":"2026-04-14T15:17:43+00:00","dateModified":"2026-04-14T15:17:43+00:00","mainEntityOfPage":{"@id":"https:\/\/vieassociative.be\/actualites\/la-greve-des-postes-continue-de-sintensifier-les-syndicats-veulent-empecher-le-plan-de-transformation-de-bpost\/"},"wordCount":511,"publisher":{"@id":"https:\/\/vieassociative.be\/actualites\/#organization"},"image":{"@id":"https:\/\/vieassociative.be\/actualites\/la-greve-des-postes-continue-de-sintensifier-les-syndicats-veulent-empecher-le-plan-de-transformation-de-bpost\/#primaryimage"},"thumbnailUrl":"https:\/\/vieassociative.be\/actualites\/wp-content\/uploads\/2026\/04\/1776179864_La-greve-des-postes-continue-de-sintensifier-Les-syndicats.jpg","keywords":["BPOST","continue","Des","emp\u00eacher","gr\u00e8ve","Les","plan","postes","sintensifier","syndicats","transformation","veulent"],"articleSection":["Belgique"],"inLanguage":"fr-BE"},{"@type":"WebPage","@id":"https:\/\/vieassociative.be\/actualites\/la-greve-des-postes-continue-de-sintensifier-les-syndicats-veulent-empecher-le-plan-de-transformation-de-bpost\/","url":"https:\/\/vieassociative.be\/actualites\/la-greve-des-postes-continue-de-sintensifier-les-syndicats-veulent-empecher-le-plan-de-transformation-de-bpost\/","name":"La gr\u00e8ve des postes continue de s'intensifier - Les syndicats veulent emp\u00eacher le plan de transformation de bpost | Vie Associative","isPartOf":{"@id":"https:\/\/vieassociative.be\/actualites\/#website"},"primaryImageOfPage":{"@id":"https:\/\/vieassociative.be\/actualites\/la-greve-des-postes-continue-de-sintensifier-les-syndicats-veulent-empecher-le-plan-de-transformation-de-bpost\/#primaryimage"},"image":{"@id":"https:\/\/vieassociative.be\/actualites\/la-greve-des-postes-continue-de-sintensifier-les-syndicats-veulent-empecher-le-plan-de-transformation-de-bpost\/#primaryimage"},"thumbnailUrl":"https:\/\/vieassociative.be\/actualites\/wp-content\/uploads\/2026\/04\/1776179864_La-greve-des-postes-continue-de-sintensifier-Les-syndicats.jpg","datePublished":"2026-04-14T15:17:43+00:00","dateModified":"2026-04-14T15:17:43+00:00","breadcrumb":{"@id":"https:\/\/vieassociative.be\/actualites\/la-greve-des-postes-continue-de-sintensifier-les-syndicats-veulent-empecher-le-plan-de-transformation-de-bpost\/#breadcrumb"},"inLanguage":"fr-BE","potentialAction":[{"@type":"ReadAction","target":["https:\/\/vieassociative.be\/actualites\/la-greve-des-postes-continue-de-sintensifier-les-syndicats-veulent-empecher-le-plan-de-transformation-de-bpost\/"]}]},{"@type":"ImageObject","inLanguage":"fr-BE","@id":"https:\/\/vieassociative.be\/actualites\/la-greve-des-postes-continue-de-sintensifier-les-syndicats-veulent-empecher-le-plan-de-transformation-de-bpost\/#primaryimage","url":"https:\/\/vieassociative.be\/actualites\/wp-content\/uploads\/2026\/04\/1776179864_La-greve-des-postes-continue-de-sintensifier-Les-syndicats.jpg","contentUrl":"https:\/\/vieassociative.be\/actualites\/wp-content\/uploads\/2026\/04\/1776179864_La-greve-des-postes-continue-de-sintensifier-Les-syndicats.jpg","width":1200,"height":800,"caption":"La gr\u00e8ve des postes continue de s'intensifier - Les syndicats veulent emp\u00eacher le plan de transformation de bpost"},{"@type":"BreadcrumbList","@id":"https:\/\/vieassociative.be\/actualites\/la-greve-des-postes-continue-de-sintensifier-les-syndicats-veulent-empecher-le-plan-de-transformation-de-bpost\/#breadcrumb","itemListElement":[{"@type":"ListItem","position":1,"name":"Accueil","item":"https:\/\/vieassociative.be\/actualites\/"},{"@type":"ListItem","position":2,"name":"La gr\u00e8ve des postes continue de s&rsquo;intensifier &#8211; Les syndicats veulent emp\u00eacher le plan de transformation de bpost"}]},{"@type":"WebSite","@id":"https:\/\/vieassociative.be\/actualites\/#website","url":"https:\/\/vieassociative.be\/actualites\/","name":"Vie Associative","description":"","publisher":{"@id":"https:\/\/vieassociative.be\/actualites\/#organization"},"potentialAction":[{"@type":"SearchAction","target":{"@type":"EntryPoint","urlTemplate":"https:\/\/vieassociative.be\/actualites\/?s={search_term_string}"},"query-input":{"@type":"PropertyValueSpecification","valueRequired":true,"valueName":"search_term_string"}}],"inLanguage":"fr-BE"},{"@type":"Organization","@id":"https:\/\/vieassociative.be\/actualites\/#organization","name":"Vie Associative","url":"https:\/\/vieassociative.be\/actualites\/","logo":{"@type":"ImageObject","inLanguage":"fr-BE","@id":"https:\/\/vieassociative.be\/actualites\/#\/schema\/logo\/image\/","url":"https:\/\/vieassociative.be\/actualites\/wp-content\/uploads\/2024\/09\/cropped-vieassociative_favicon.ico.png","contentUrl":"https:\/\/vieassociative.be\/actualites\/wp-content\/uploads\/2024\/09\/cropped-vieassociative_favicon.ico.png","width":512,"height":512,"caption":"Vie Associative"},"image":{"@id":"https:\/\/vieassociative.be\/actualites\/#\/schema\/logo\/image\/"}},{"@type":"Person","@id":"https:\/\/vieassociative.be\/actualites\/#\/schema\/person\/b87ac4f82f9d4e7b7cec7395b679edc4","name":"Julien","image":{"@type":"ImageObject","inLanguage":"fr-BE","@id":"https:\/\/vieassociative.be\/actualites\/#\/schema\/person\/image\/","url":"https:\/\/vieassociative.be\/actualites\/wp-content\/uploads\/2024\/09\/vie-associative-1-150x150.jpg","contentUrl":"https:\/\/vieassociative.be\/actualites\/wp-content\/uploads\/2024\/09\/vie-associative-1-150x150.jpg","caption":"Julien"},"description":"Je suis Julien, r\u00e9dacteur pour Vie Associative. Passionn\u00e9 par le monde associatif depuis plus de 10 ans, j'ai \u00e0 c\u0153ur de partager des histoires inspirantes et de mettre en lumi\u00e8re les initiatives locales. Mon objectif est de sensibiliser et d'encourager l'engagement communautaire \u00e0 travers mes articles.","sameAs":["https:\/\/vieassociative.be\/"]}]}},"_links":{"self":[{"href":"https:\/\/vieassociative.be\/actualites\/wp-json\/wp\/v2\/posts\/13440"}],"collection":[{"href":"https:\/\/vieassociative.be\/actualites\/wp-json\/wp\/v2\/posts"}],"about":[{"href":"https:\/\/vieassociative.be\/actualites\/wp-json\/wp\/v2\/types\/post"}],"author":[{"embeddable":true,"href":"https:\/\/vieassociative.be\/actualites\/wp-json\/wp\/v2\/users\/1"}],"replies":[{"embeddable":true,"href":"https:\/\/vieassociative.be\/actualites\/wp-json\/wp\/v2\/comments?post=13440"}],"version-history":[{"count":0,"href":"https:\/\/vieassociative.be\/actualites\/wp-json\/wp\/v2\/posts\/13440\/revisions"}],"wp:featuredmedia":[{"embeddable":true,"href":"https:\/\/vieassociative.be\/actualites\/wp-json\/wp\/v2\/media\/13441"}],"wp:attachment":[{"href":"https:\/\/vieassociative.be\/actualites\/wp-json\/wp\/v2\/media?parent=13440"}],"wp:term":[{"taxonomy":"category","embeddable":true,"href":"https:\/\/vieassociative.be\/actualites\/wp-json\/wp\/v2\/categories?post=13440"},{"taxonomy":"post_tag","embeddable":true,"href":"https:\/\/vieassociative.be\/actualites\/wp-json\/wp\/v2\/tags?post=13440"}],"curies":[{"name":"wp","href":"https:\/\/api.w.org\/{rel}","templated":true}]}}