{"id":13436,"date":"2026-04-14T10:20:30","date_gmt":"2026-04-14T08:20:30","guid":{"rendered":"https:\/\/vieassociative.be\/actualites\/microsoft-tue-outlook-lite\/"},"modified":"2026-04-14T10:20:30","modified_gmt":"2026-04-14T08:20:30","slug":"microsoft-tue-outlook-lite","status":"publish","type":"post","link":"https:\/\/vieassociative.be\/actualites\/microsoft-tue-outlook-lite\/","title":{"rendered":"Microsoft tue Outlook Lite"},"content":{"rendered":"<p>Nous pouvons gagner une commission sur les liens sur cette page.<\/p>\n<p>Si vous utilisez Microsoft 365 pour un usage professionnel, scolaire ou personnel, il y a de fortes chances qu&rsquo;Outlook soit votre service de messagerie de pr\u00e9dilection. Il va donc de soi que, si vous \u00eates un utilisateur d&rsquo;Android, lire des titres sugg\u00e9rant que Microsoft ferme votre service de messagerie sur le syst\u00e8me d&rsquo;exploitation mobile de votre choix semble un peu choquant. Apr\u00e8s tout, Outlook est un programme \u00e9norme et Android est la plus grande plate-forme mobile au monde ; Pourquoi diable Microsoft d\u00e9ciderait-il d&rsquo;abandonner son service de messagerie sur Android\u00a0?<\/p>\n<p>C&rsquo;est parce que Google ne dispara\u00eet pas <em>le<\/em> Application Outlook pour Android\u00a0; la soci\u00e9t\u00e9 supprime plut\u00f4t Outlook Lite, une version all\u00e9g\u00e9e de l&rsquo;application con\u00e7ue pour les smartphones moins puissants. Comme le souligne Neowin, Microsoft a annonc\u00e9 cette d\u00e9pr\u00e9ciation pour la premi\u00e8re fois en septembre, l&rsquo;annonce n&rsquo;est donc pas venue de nulle part. Quoi <em>est<\/em> La nouvelle, cependant, est que nous avons d\u00e9sormais une date officielle de fin de vie. Heureusement, les utilisateurs d&rsquo;Outlook Lite ont encore du temps pour mettre de l&rsquo;ordre dans leurs affaires, car l&rsquo;application ne sera officiellement ferm\u00e9e que le 25 mai.<\/p>\n<h2 id=\"rip-outlook-lite-2022-2026\">RIP Outlook Lite (2022-2026)<\/h2>\n<p>Microsoft a abandonn\u00e9 Outlook Lite pour la premi\u00e8re fois en 2022. \u00c0 l&rsquo;\u00e9poque, les applications \u00ab l\u00e9g\u00e8res \u00bb \u00e9taient plus n\u00e9cessaires, en particulier dans les r\u00e9gions du monde o\u00f9 les vitesses Internet \u00e9taient plus lentes et pour les utilisateurs d&rsquo;appareils Android moins puissants. Cette combinaison rendait l&rsquo;ex\u00e9cution de certaines applications traditionnelles un peu difficile, car les appareils \u00ab \u00e9conomiques \u00bb avaient du mal \u00e0 charger des ressources relativement intensives sur des connexions r\u00e9seau faibles. En tant que telles, les applications l\u00e9g\u00e8res, comme Outlook Lite, offraient un compromis : les d\u00e9veloppeurs pouvaient supprimer de nombreuses fonctionnalit\u00e9s qui autrement enliseraient l&rsquo;exp\u00e9rience, ne laissant que les composants essentiels n\u00e9cessaires \u00e0 l&rsquo;ex\u00e9cution de l&rsquo;application. <\/p>\n<p>Mais 2026 est un monde diff\u00e9rent. Les vitesses du r\u00e9seau se sont am\u00e9lior\u00e9es dans tous les domaines, tout comme le mat\u00e9riel Android \u00e9conomique. M\u00eame un t\u00e9l\u00e9phone Android \u00ab bon march\u00e9 \u00bb dispose de suffisamment de puissance de traitement pour ex\u00e9cuter les applications que la plupart des gens souhaitent ou doivent utiliser sur le Play Store. En tant que tel, cela n&rsquo;a pas beaucoup de sens pour Microsoft de maintenir deux applications Outlook, alors que l&rsquo;option principale d&rsquo;Outlook peut d\u00e9sormais tr\u00e8s bien servir la plupart des utilisateurs.<\/p>\n<div class=\"pogoClear mb-12 mt-10 rounded-md border-2 border-gray-100 py-7 shadow-xl md:py-6\">\n<div class=\"flex flex-wrap justify-between px-7 text-black no-underline md:flex-nowrap md:px-8\">\n<div class=\"order-1 mx-auto flex flex-col justify-center md:order-2 md:ml-4 md:w-full md:grow\">\n<div class=\"block cursor-pointer text-center font-akshar text-2xl font-medium leading-7 text-brand-green duration-200 ease-in-out hover:text-brand-green-700 md:text-left md:text-xl md:leading-6\">SamsungGalaxy A17\n                <\/div>\n<div class=\"mt-4 block font-sans text-sm font-medium leading-4 text-gray-900 md:mx-0 md:mt-2\">Ce t\u00e9l\u00e9phone Samsung \u00e0 moins de 200 $ peut g\u00e9rer Outlook pour Android.\n                    <\/div>\n<div class=\"mt-4 hidden md:flex md:justify-between\">\n<div class=\"self-end\">\n<div class=\"mb-0 h-11 md:flex md:flex-col md:justify-center\">\n<div class=\" font-sans leading-4 text-black\">\n<div class=\"flex flex-wrap items-center justify-center gap-1 md:justify-start\">\n        <span class=\"font-bold\"><\/p>\n<p>            174,99\u00a0$<br \/>\n                            <span class=\"font-medium\">chez Amazon<\/span><br \/>\n                    <\/span>\n            <\/div>\n<div class=\"flex items-center justify-center gap-x-1 font-bold md:justify-start\">\n            <span class=\"text-sm line-through\">199,99\u00a0$<\/span><br \/>\n            <span class=\"text-sm text-brand-green\">\u00c9conomisez 25,00\u00a0$<\/span>\n        <\/div>\n<\/p><\/div>\n<\/p><\/div>\n<\/p><\/div>\n<div class=\"w-44 self-end\">\n                            <button class=\"flex justify-center items-center w-full bg-brand-green text-white text-base font-sans font-medium rounded-md hover:bg-brand-green-700 hover:cursor-pointer md:text-sm h-11\"><\/p>\n<p>    Achetez maintenant<br \/>\n<\/button>\n                        <\/div>\n<\/p><\/div>\n<\/p><\/div>\n<div class=\"order-2 mt-5 h-auto w-full md:order-1 md:mt-0 md:hidden\">\n<div class=\"flex aspect-video items-center justify-center\">\n                                            <img decoding=\"async\" class=\"m-0 max-h-full max-w-full rounded-md\" src=\"https:\/\/vieassociative.be\/actualites\/wp-content\/uploads\/2026\/04\/Microsoft-tue-Outlook-Lite.jpg\" alt=\"Samsung Galaxy A17 5G T\u00e9l\u00e9phone intelligent 128 Go, grand AMOLED, appareil photo haute r\u00e9solution, conception durable, charge ultra rapide, stockage extensible, cercle pour rechercher, 2025, garantie fabricant am\u00e9ricaine 1 an, bleu\" width=\"auto\" height=\"auto\" loading=\"lazy\">\n                                    <\/div>\n<\/p><\/div>\n<div class=\"order-2 ml-2 hidden w-32 shrink-0 items-center md:order-1 md:ml-0 md:flex\">\n<div class=\"flex aspect-video items-center justify-center\">\n                                            <img decoding=\"async\" class=\"m-0 max-h-full max-w-full rounded-md\" src=\"https:\/\/vieassociative.be\/actualites\/wp-content\/uploads\/2026\/04\/Microsoft-tue-Outlook-Lite.jpg\" alt=\"Samsung Galaxy A17 5G T\u00e9l\u00e9phone intelligent 128 Go, grand AMOLED, appareil photo haute r\u00e9solution, conception durable, charge ultra rapide, stockage extensible, cercle pour rechercher, 2025, garantie fabricant am\u00e9ricaine 1 an, bleu\" width=\"auto\" height=\"auto\" loading=\"lazy\">\n                                    <\/div>\n<\/p><\/div>\n<div class=\"order-3 flex grow flex-wrap md:hidden md:grow-0\">\n<div class=\"mt-4 w-full\">\n                        <button class=\"flex justify-center items-center w-full bg-brand-green text-white text-base font-sans font-medium rounded-md hover:bg-brand-green-700 hover:cursor-pointer md:text-sm h-11\"><\/p>\n<p>    Achetez maintenant<br \/>\n<\/button>\n                    <\/div>\n<div class=\"mx-2 mt-4 w-full\">\n<div class=\" font-sans leading-4 text-black\">\n<div class=\"flex flex-wrap items-center justify-center gap-1 md:justify-start\">\n        <span class=\"font-bold\"><\/p>\n<p>            174,99\u00a0$<br \/>\n                            <span class=\"font-medium\">chez Amazon<\/span><br \/>\n                    <\/span>\n            <\/div>\n<div class=\"flex items-center justify-center gap-x-1 font-bold md:justify-start\">\n            <span class=\"text-sm line-through\">199,99\u00a0$<\/span><br \/>\n            <span class=\"text-sm text-brand-green\">\u00c9conomisez 25,00\u00a0$<\/span>\n        <\/div>\n<\/p><\/div>\n<\/p><\/div>\n<\/p><\/div>\n<\/p><\/div>\n<\/div>\n<p>De toute fa\u00e7on, Outlook Lite n&rsquo;a probablement pas beaucoup de nouveaux utilisateurs, \u00e9tant donn\u00e9 que Microsoft a commenc\u00e9 \u00e0 bloquer les t\u00e9l\u00e9chargements le 6 octobre de l&rsquo;ann\u00e9e derni\u00e8re. Mais il pourrait encore y avoir un certain nombre d\u2019utilisateurs actifs d\u2019Outlook Lite. Si vous en faites partie, vous disposez d&rsquo;environ six semaines pour passer \u00e0 l&rsquo;application Outlook d\u00e9di\u00e9e pour Android. Sans agir, vous ne perdrez pas l&rsquo;acc\u00e8s aux e-mails de votre compte et Microsoft ne supprimera pas l&rsquo;application de votre t\u00e9l\u00e9phone, mais vous ne pourrez acc\u00e9der \u00e0 rien dans l&rsquo;application Lite elle-m\u00eame. Il existe m\u00eame une option \u00ab\u00a0Mise \u00e0 niveau\u00a0\u00bb pr\u00e9sente dans l&rsquo;application Outlook Lite, vous permettant ainsi d&rsquo;\u00e9conomiser quelques clics pour commencer. Bien s\u00fbr, vous n&rsquo;\u00eates pas oblig\u00e9 d&rsquo;utiliser Outlook pour Android, m\u00eame si vous disposez d&rsquo;une messagerie Outlook : il existe un certain nombre d&rsquo;excellents clients parmi lesquels choisir. <\/p>\n","protected":false},"excerpt":{"rendered":"<p>Nous pouvons gagner une commission sur les liens sur cette page. Si vous utilisez Microsoft 365 pour un usage professionnel, scolaire ou personnel, il y<\/p>\n","protected":false},"author":1,"featured_media":13437,"comment_status":"","ping_status":"","sticky":false,"template":"","format":"standard","meta":{"footnotes":""},"categories":[13],"tags":[3196,1190,10481,4814],"class_list":["post-13436","post","type-post","status-publish","format-standard","has-post-thumbnail","hentry","category-technologie","tag-lite","tag-microsoft","tag-outlook","tag-tue","generate-columns","tablet-grid-50","mobile-grid-100","grid-parent","grid-33"],"yoast_head":"<!-- This site is optimized with the Yoast SEO plugin v24.0 - https:\/\/yoast.com\/wordpress\/plugins\/seo\/ -->\n<title>Microsoft tue Outlook Lite | Vie Associative<\/title>\n<meta name=\"robots\" content=\"index, follow, max-snippet:-1, max-image-preview:large, max-video-preview:-1\" \/>\n<link rel=\"canonical\" href=\"https:\/\/vieassociative.be\/actualites\/microsoft-tue-outlook-lite\/\" \/>\n<meta property=\"og:locale\" content=\"fr_FR\" \/>\n<meta property=\"og:type\" content=\"article\" \/>\n<meta property=\"og:title\" content=\"Microsoft tue Outlook Lite | Vie Associative\" \/>\n<meta property=\"og:description\" content=\"Nous pouvons gagner une commission sur les liens sur cette page. Si vous utilisez Microsoft 365 pour un usage professionnel, scolaire ou personnel, il y\" \/>\n<meta property=\"og:url\" content=\"https:\/\/vieassociative.be\/actualites\/microsoft-tue-outlook-lite\/\" \/>\n<meta property=\"og:site_name\" content=\"Vie Associative\" \/>\n<meta property=\"article:published_time\" content=\"2026-04-14T08:20:30+00:00\" \/>\n<meta property=\"og:image\" content=\"https:\/\/vieassociative.be\/actualites\/wp-content\/uploads\/2026\/04\/Microsoft-tue-Outlook-Lite.jpg\" \/>\n<meta name=\"author\" content=\"Julien\" \/>\n<meta name=\"twitter:card\" content=\"summary_large_image\" \/>\n<meta name=\"twitter:label1\" content=\"\u00c9crit par\" \/>\n\t<meta name=\"twitter:data1\" content=\"Julien\" \/>\n\t<meta name=\"twitter:label2\" content=\"Dur\u00e9e de lecture est.\" \/>\n\t<meta name=\"twitter:data2\" content=\"3 minutes\" \/>\n<script type=\"application\/ld+json\" class=\"yoast-schema-graph\">{\"@context\":\"https:\/\/schema.org\",\"@graph\":[{\"@type\":\"Article\",\"@id\":\"https:\/\/vieassociative.be\/actualites\/microsoft-tue-outlook-lite\/#article\",\"isPartOf\":{\"@id\":\"https:\/\/vieassociative.be\/actualites\/microsoft-tue-outlook-lite\/\"},\"author\":{\"name\":\"Julien\",\"@id\":\"https:\/\/vieassociative.be\/actualites\/#\/schema\/person\/b87ac4f82f9d4e7b7cec7395b679edc4\"},\"headline\":\"Microsoft tue Outlook Lite\",\"datePublished\":\"2026-04-14T08:20:30+00:00\",\"dateModified\":\"2026-04-14T08:20:30+00:00\",\"mainEntityOfPage\":{\"@id\":\"https:\/\/vieassociative.be\/actualites\/microsoft-tue-outlook-lite\/\"},\"wordCount\":636,\"publisher\":{\"@id\":\"https:\/\/vieassociative.be\/actualites\/#organization\"},\"image\":{\"@id\":\"https:\/\/vieassociative.be\/actualites\/microsoft-tue-outlook-lite\/#primaryimage\"},\"thumbnailUrl\":\"https:\/\/vieassociative.be\/actualites\/wp-content\/uploads\/2026\/04\/1776154832_Microsoft-tue-Outlook-Lite.jpg\",\"keywords\":[\"Lite\",\"Microsoft\",\"Outlook\",\"tue\"],\"articleSection\":[\"Technologie\"],\"inLanguage\":\"fr-BE\"},{\"@type\":\"WebPage\",\"@id\":\"https:\/\/vieassociative.be\/actualites\/microsoft-tue-outlook-lite\/\",\"url\":\"https:\/\/vieassociative.be\/actualites\/microsoft-tue-outlook-lite\/\",\"name\":\"Microsoft tue Outlook Lite | Vie Associative\",\"isPartOf\":{\"@id\":\"https:\/\/vieassociative.be\/actualites\/#website\"},\"primaryImageOfPage\":{\"@id\":\"https:\/\/vieassociative.be\/actualites\/microsoft-tue-outlook-lite\/#primaryimage\"},\"image\":{\"@id\":\"https:\/\/vieassociative.be\/actualites\/microsoft-tue-outlook-lite\/#primaryimage\"},\"thumbnailUrl\":\"https:\/\/vieassociative.be\/actualites\/wp-content\/uploads\/2026\/04\/1776154832_Microsoft-tue-Outlook-Lite.jpg\",\"datePublished\":\"2026-04-14T08:20:30+00:00\",\"dateModified\":\"2026-04-14T08:20:30+00:00\",\"breadcrumb\":{\"@id\":\"https:\/\/vieassociative.be\/actualites\/microsoft-tue-outlook-lite\/#breadcrumb\"},\"inLanguage\":\"fr-BE\",\"potentialAction\":[{\"@type\":\"ReadAction\",\"target\":[\"https:\/\/vieassociative.be\/actualites\/microsoft-tue-outlook-lite\/\"]}]},{\"@type\":\"ImageObject\",\"inLanguage\":\"fr-BE\",\"@id\":\"https:\/\/vieassociative.be\/actualites\/microsoft-tue-outlook-lite\/#primaryimage\",\"url\":\"https:\/\/vieassociative.be\/actualites\/wp-content\/uploads\/2026\/04\/1776154832_Microsoft-tue-Outlook-Lite.jpg\",\"contentUrl\":\"https:\/\/vieassociative.be\/actualites\/wp-content\/uploads\/2026\/04\/1776154832_Microsoft-tue-Outlook-Lite.jpg\",\"width\":1200,\"height\":675,\"caption\":\"Microsoft tue Outlook Lite\"},{\"@type\":\"BreadcrumbList\",\"@id\":\"https:\/\/vieassociative.be\/actualites\/microsoft-tue-outlook-lite\/#breadcrumb\",\"itemListElement\":[{\"@type\":\"ListItem\",\"position\":1,\"name\":\"Accueil\",\"item\":\"https:\/\/vieassociative.be\/actualites\/\"},{\"@type\":\"ListItem\",\"position\":2,\"name\":\"Microsoft tue Outlook Lite\"}]},{\"@type\":\"WebSite\",\"@id\":\"https:\/\/vieassociative.be\/actualites\/#website\",\"url\":\"https:\/\/vieassociative.be\/actualites\/\",\"name\":\"Vie Associative\",\"description\":\"\",\"publisher\":{\"@id\":\"https:\/\/vieassociative.be\/actualites\/#organization\"},\"potentialAction\":[{\"@type\":\"SearchAction\",\"target\":{\"@type\":\"EntryPoint\",\"urlTemplate\":\"https:\/\/vieassociative.be\/actualites\/?s={search_term_string}\"},\"query-input\":{\"@type\":\"PropertyValueSpecification\",\"valueRequired\":true,\"valueName\":\"search_term_string\"}}],\"inLanguage\":\"fr-BE\"},{\"@type\":\"Organization\",\"@id\":\"https:\/\/vieassociative.be\/actualites\/#organization\",\"name\":\"Vie Associative\",\"url\":\"https:\/\/vieassociative.be\/actualites\/\",\"logo\":{\"@type\":\"ImageObject\",\"inLanguage\":\"fr-BE\",\"@id\":\"https:\/\/vieassociative.be\/actualites\/#\/schema\/logo\/image\/\",\"url\":\"https:\/\/vieassociative.be\/actualites\/wp-content\/uploads\/2024\/09\/cropped-vieassociative_favicon.ico.png\",\"contentUrl\":\"https:\/\/vieassociative.be\/actualites\/wp-content\/uploads\/2024\/09\/cropped-vieassociative_favicon.ico.png\",\"width\":512,\"height\":512,\"caption\":\"Vie Associative\"},\"image\":{\"@id\":\"https:\/\/vieassociative.be\/actualites\/#\/schema\/logo\/image\/\"}},{\"@type\":\"Person\",\"@id\":\"https:\/\/vieassociative.be\/actualites\/#\/schema\/person\/b87ac4f82f9d4e7b7cec7395b679edc4\",\"name\":\"Julien\",\"image\":{\"@type\":\"ImageObject\",\"inLanguage\":\"fr-BE\",\"@id\":\"https:\/\/vieassociative.be\/actualites\/#\/schema\/person\/image\/\",\"url\":\"https:\/\/vieassociative.be\/actualites\/wp-content\/uploads\/2024\/09\/vie-associative-1-150x150.jpg\",\"contentUrl\":\"https:\/\/vieassociative.be\/actualites\/wp-content\/uploads\/2024\/09\/vie-associative-1-150x150.jpg\",\"caption\":\"Julien\"},\"description\":\"Je suis Julien, r\u00e9dacteur pour Vie Associative. Passionn\u00e9 par le monde associatif depuis plus de 10 ans, j'ai \u00e0 c\u0153ur de partager des histoires inspirantes et de mettre en lumi\u00e8re les initiatives locales. Mon objectif est de sensibiliser et d'encourager l'engagement communautaire \u00e0 travers mes articles.\",\"sameAs\":[\"https:\/\/vieassociative.be\/\"]}]}<\/script>\n<!-- \/ Yoast SEO plugin. -->","yoast_head_json":{"title":"Microsoft tue Outlook Lite | Vie Associative","robots":{"index":"index","follow":"follow","max-snippet":"max-snippet:-1","max-image-preview":"max-image-preview:large","max-video-preview":"max-video-preview:-1"},"canonical":"https:\/\/vieassociative.be\/actualites\/microsoft-tue-outlook-lite\/","og_locale":"fr_FR","og_type":"article","og_title":"Microsoft tue Outlook Lite | Vie Associative","og_description":"Nous pouvons gagner une commission sur les liens sur cette page. Si vous utilisez Microsoft 365 pour un usage professionnel, scolaire ou personnel, il y","og_url":"https:\/\/vieassociative.be\/actualites\/microsoft-tue-outlook-lite\/","og_site_name":"Vie Associative","article_published_time":"2026-04-14T08:20:30+00:00","og_image":[{"url":"https:\/\/vieassociative.be\/actualites\/wp-content\/uploads\/2026\/04\/Microsoft-tue-Outlook-Lite.jpg","type":"","width":"","height":""}],"author":"Julien","twitter_card":"summary_large_image","twitter_misc":{"\u00c9crit par":"Julien","Dur\u00e9e de lecture est.":"3 minutes"},"schema":{"@context":"https:\/\/schema.org","@graph":[{"@type":"Article","@id":"https:\/\/vieassociative.be\/actualites\/microsoft-tue-outlook-lite\/#article","isPartOf":{"@id":"https:\/\/vieassociative.be\/actualites\/microsoft-tue-outlook-lite\/"},"author":{"name":"Julien","@id":"https:\/\/vieassociative.be\/actualites\/#\/schema\/person\/b87ac4f82f9d4e7b7cec7395b679edc4"},"headline":"Microsoft tue Outlook Lite","datePublished":"2026-04-14T08:20:30+00:00","dateModified":"2026-04-14T08:20:30+00:00","mainEntityOfPage":{"@id":"https:\/\/vieassociative.be\/actualites\/microsoft-tue-outlook-lite\/"},"wordCount":636,"publisher":{"@id":"https:\/\/vieassociative.be\/actualites\/#organization"},"image":{"@id":"https:\/\/vieassociative.be\/actualites\/microsoft-tue-outlook-lite\/#primaryimage"},"thumbnailUrl":"https:\/\/vieassociative.be\/actualites\/wp-content\/uploads\/2026\/04\/1776154832_Microsoft-tue-Outlook-Lite.jpg","keywords":["Lite","Microsoft","Outlook","tue"],"articleSection":["Technologie"],"inLanguage":"fr-BE"},{"@type":"WebPage","@id":"https:\/\/vieassociative.be\/actualites\/microsoft-tue-outlook-lite\/","url":"https:\/\/vieassociative.be\/actualites\/microsoft-tue-outlook-lite\/","name":"Microsoft tue Outlook Lite | Vie Associative","isPartOf":{"@id":"https:\/\/vieassociative.be\/actualites\/#website"},"primaryImageOfPage":{"@id":"https:\/\/vieassociative.be\/actualites\/microsoft-tue-outlook-lite\/#primaryimage"},"image":{"@id":"https:\/\/vieassociative.be\/actualites\/microsoft-tue-outlook-lite\/#primaryimage"},"thumbnailUrl":"https:\/\/vieassociative.be\/actualites\/wp-content\/uploads\/2026\/04\/1776154832_Microsoft-tue-Outlook-Lite.jpg","datePublished":"2026-04-14T08:20:30+00:00","dateModified":"2026-04-14T08:20:30+00:00","breadcrumb":{"@id":"https:\/\/vieassociative.be\/actualites\/microsoft-tue-outlook-lite\/#breadcrumb"},"inLanguage":"fr-BE","potentialAction":[{"@type":"ReadAction","target":["https:\/\/vieassociative.be\/actualites\/microsoft-tue-outlook-lite\/"]}]},{"@type":"ImageObject","inLanguage":"fr-BE","@id":"https:\/\/vieassociative.be\/actualites\/microsoft-tue-outlook-lite\/#primaryimage","url":"https:\/\/vieassociative.be\/actualites\/wp-content\/uploads\/2026\/04\/1776154832_Microsoft-tue-Outlook-Lite.jpg","contentUrl":"https:\/\/vieassociative.be\/actualites\/wp-content\/uploads\/2026\/04\/1776154832_Microsoft-tue-Outlook-Lite.jpg","width":1200,"height":675,"caption":"Microsoft tue Outlook Lite"},{"@type":"BreadcrumbList","@id":"https:\/\/vieassociative.be\/actualites\/microsoft-tue-outlook-lite\/#breadcrumb","itemListElement":[{"@type":"ListItem","position":1,"name":"Accueil","item":"https:\/\/vieassociative.be\/actualites\/"},{"@type":"ListItem","position":2,"name":"Microsoft tue Outlook Lite"}]},{"@type":"WebSite","@id":"https:\/\/vieassociative.be\/actualites\/#website","url":"https:\/\/vieassociative.be\/actualites\/","name":"Vie Associative","description":"","publisher":{"@id":"https:\/\/vieassociative.be\/actualites\/#organization"},"potentialAction":[{"@type":"SearchAction","target":{"@type":"EntryPoint","urlTemplate":"https:\/\/vieassociative.be\/actualites\/?s={search_term_string}"},"query-input":{"@type":"PropertyValueSpecification","valueRequired":true,"valueName":"search_term_string"}}],"inLanguage":"fr-BE"},{"@type":"Organization","@id":"https:\/\/vieassociative.be\/actualites\/#organization","name":"Vie Associative","url":"https:\/\/vieassociative.be\/actualites\/","logo":{"@type":"ImageObject","inLanguage":"fr-BE","@id":"https:\/\/vieassociative.be\/actualites\/#\/schema\/logo\/image\/","url":"https:\/\/vieassociative.be\/actualites\/wp-content\/uploads\/2024\/09\/cropped-vieassociative_favicon.ico.png","contentUrl":"https:\/\/vieassociative.be\/actualites\/wp-content\/uploads\/2024\/09\/cropped-vieassociative_favicon.ico.png","width":512,"height":512,"caption":"Vie Associative"},"image":{"@id":"https:\/\/vieassociative.be\/actualites\/#\/schema\/logo\/image\/"}},{"@type":"Person","@id":"https:\/\/vieassociative.be\/actualites\/#\/schema\/person\/b87ac4f82f9d4e7b7cec7395b679edc4","name":"Julien","image":{"@type":"ImageObject","inLanguage":"fr-BE","@id":"https:\/\/vieassociative.be\/actualites\/#\/schema\/person\/image\/","url":"https:\/\/vieassociative.be\/actualites\/wp-content\/uploads\/2024\/09\/vie-associative-1-150x150.jpg","contentUrl":"https:\/\/vieassociative.be\/actualites\/wp-content\/uploads\/2024\/09\/vie-associative-1-150x150.jpg","caption":"Julien"},"description":"Je suis Julien, r\u00e9dacteur pour Vie Associative. Passionn\u00e9 par le monde associatif depuis plus de 10 ans, j'ai \u00e0 c\u0153ur de partager des histoires inspirantes et de mettre en lumi\u00e8re les initiatives locales. Mon objectif est de sensibiliser et d'encourager l'engagement communautaire \u00e0 travers mes articles.","sameAs":["https:\/\/vieassociative.be\/"]}]}},"_links":{"self":[{"href":"https:\/\/vieassociative.be\/actualites\/wp-json\/wp\/v2\/posts\/13436"}],"collection":[{"href":"https:\/\/vieassociative.be\/actualites\/wp-json\/wp\/v2\/posts"}],"about":[{"href":"https:\/\/vieassociative.be\/actualites\/wp-json\/wp\/v2\/types\/post"}],"author":[{"embeddable":true,"href":"https:\/\/vieassociative.be\/actualites\/wp-json\/wp\/v2\/users\/1"}],"replies":[{"embeddable":true,"href":"https:\/\/vieassociative.be\/actualites\/wp-json\/wp\/v2\/comments?post=13436"}],"version-history":[{"count":0,"href":"https:\/\/vieassociative.be\/actualites\/wp-json\/wp\/v2\/posts\/13436\/revisions"}],"wp:featuredmedia":[{"embeddable":true,"href":"https:\/\/vieassociative.be\/actualites\/wp-json\/wp\/v2\/media\/13437"}],"wp:attachment":[{"href":"https:\/\/vieassociative.be\/actualites\/wp-json\/wp\/v2\/media?parent=13436"}],"wp:term":[{"taxonomy":"category","embeddable":true,"href":"https:\/\/vieassociative.be\/actualites\/wp-json\/wp\/v2\/categories?post=13436"},{"taxonomy":"post_tag","embeddable":true,"href":"https:\/\/vieassociative.be\/actualites\/wp-json\/wp\/v2\/tags?post=13436"}],"curies":[{"name":"wp","href":"https:\/\/api.w.org\/{rel}","templated":true}]}}