{"id":13432,"date":"2026-04-13T23:17:32","date_gmt":"2026-04-13T21:17:32","guid":{"rendered":"https:\/\/vieassociative.be\/actualites\/trump-est-mentalement-malade-un-ancien-directeur-de-la-cia-appelle-a-une-procedure-de-destitution-contre-le-president-americain\/"},"modified":"2026-04-13T23:17:32","modified_gmt":"2026-04-13T21:17:32","slug":"trump-est-mentalement-malade-un-ancien-directeur-de-la-cia-appelle-a-une-procedure-de-destitution-contre-le-president-americain","status":"publish","type":"post","link":"https:\/\/vieassociative.be\/actualites\/trump-est-mentalement-malade-un-ancien-directeur-de-la-cia-appelle-a-une-procedure-de-destitution-contre-le-president-americain\/","title":{"rendered":"\u00ab Trump est mentalement malade \u00bb : un ancien directeur de la CIA appelle \u00e0 une proc\u00e9dure de destitution contre le pr\u00e9sident am\u00e9ricain"},"content":{"rendered":"<p><strong>La situation politique autour du pr\u00e9sident am\u00e9ricain Donald Trump s&rsquo;est r\u00e9cemment aggrav\u00e9e et se caract\u00e9rise de plus en plus par des critiques particuli\u00e8rement s\u00e9v\u00e8res de la part d&rsquo;anciens responsables de la s\u00e9curit\u00e9.<\/strong><\/p>\n<p><span id=\"more-438407\"><\/span>L\u2019ancien directeur de la CIA, John Brennan, a \u00e9t\u00e9 particuli\u00e8rement clair, qualifiant publiquement Trump de \u00ab manifestement malade mental \u00bb. Brennan a \u00e9voqu\u00e9 la rh\u00e9torique de Trump \u00e0 propos du conflit avec l&rsquo;Iran, dans laquelle le pr\u00e9sident avait menac\u00e9, entre autres, de \u00ab l&rsquo;extinction de la civilisation iranienne \u00bb.<\/p>\n<div id=\"attachment_438411\" class=\"wp-caption alignleft\" style=\"max-width: 300px\"><img fetchpriority=\"high\" decoding=\"async\" class=\"wp-image-438411 size-medium\" src=\"https:\/\/vieassociative.be\/actualites\/wp-content\/uploads\/2026\/04\/Trump-est-mentalement-malade-un-ancien-directeur.jpg\" alt=\"\" width=\"300\" height=\"200\"  ><\/div>\n<p>Du point de vue de l&rsquo;ancien chef du renseignement, un tel comportement repr\u00e9sente un risque important pour la s\u00e9curit\u00e9. Brennan a fait valoir qu\u2019en raison de son impr\u00e9visibilit\u00e9, Trump n\u2019\u00e9tait plus acceptable en tant que commandant en chef des forces arm\u00e9es et, en particulier, ne devrait plus avoir acc\u00e8s \u00e0 l\u2019arsenal nucl\u00e9aire am\u00e9ricain. Dans ce contexte, il a \u00e9voqu\u00e9 le 25e amendement, qui permet la destitution d&rsquo;un pr\u00e9sident s&rsquo;il est frapp\u00e9 d&rsquo;incapacit\u00e9 &#8211; un instrument qui, selon Brennan, semble presque taill\u00e9 sur mesure dans le cas Trump.<\/p>\n<p>Dans le m\u00eame temps, un conflit remarquable entre le pouvoir politique et l\u2019autorit\u00e9 morale s\u2019intensifie au niveau international. Avec le pape L\u00e9on<\/p>\n<p><strong>\u2013 Le pape L\u00e9on XIV rejette les critiques de Donald Trump :<\/strong> Le pape L\u00e9on XIV a rejet\u00e9 les critiques du pr\u00e9sident am\u00e9ricain Donald Trump concernant son appel \u00e0 la fin des diff\u00e9rentes guerres dans le monde. \u00ab\u00a0Ce que je dis ne constitue en aucun cas une attaque contre qui que ce soit\u00a0\u00bb, a d\u00e9clar\u00e9 le chef de l&rsquo;\u00c9glise catholique \u00e0 bord du vol \u00e0 destination de l&rsquo;Alg\u00e9rie, premi\u00e8re \u00e9tape d&rsquo;un voyage en Afrique.<\/p>\n<div id=\"attachment_438409\" class=\"wp-caption alignleft\" style=\"max-width: 300px\"><img decoding=\"async\" class=\"wp-image-438409 size-medium\" src=\"https:\/\/vieassociative.be\/actualites\/wp-content\/uploads\/2026\/04\/1776115052_985_Trump-est-mentalement-malade-un-ancien-directeur.jpg\" alt=\"\" width=\"300\" height=\"200\"><\/div>\n<p>\u00ab\u00a0Je ne suis pas un politicien. J&rsquo;invite tout le monde \u00e0 construire des ponts pour la paix et la r\u00e9conciliation et \u00e0 chercher des moyens d&rsquo;\u00e9viter la guerre.\u00a0\u00bb Dans le m\u00eame temps, Leo a soulign\u00e9 : \u00ab Je n\u2019ai pas peur de l\u2019administration Trump \u00bb, a d\u00e9clar\u00e9 le chef de l\u2019\u00c9glise.<\/p>\n<p>Imm\u00e9diatement avant son d\u00e9part, le pr\u00e9sident am\u00e9ricain a accus\u00e9 le pontife de mener une politique \u00e9trang\u00e8re \u00ab terrible \u00bb. Sur la plateforme Truth Social, Trump a \u00e9crit que Leo n\u2019avait pris ses fonctions que parce qu\u2019ils esp\u00e9raient qu\u2019un pape am\u00e9ricain pourrait mieux le traiter. \u00ab\u00a0Si je n&rsquo;\u00e9tais pas \u00e0 la Maison Blanche, Leo ne serait pas au Vatican.\u00a0\u00bb Il ne veut pas d\u2019un pape qui pense que c\u2019est acceptable que l\u2019Iran ait l\u2019arme nucl\u00e9aire.<\/p>\n<p>Leo a d\u00e9clar\u00e9 aux journalistes \u00e0 bord de son avion : \u00ab Le message de l&rsquo;\u00c9vangile est tr\u00e8s clair : &lsquo;Heureux les artisans de paix.&rsquo; Je n\u2019h\u00e9siterai pas \u00e0 proclamer le message de l\u2019\u00c9vangile. Assumer mon message \u00e0 ce que le pr\u00e9sident essaie de faire ici, c\u2019est ne pas comprendre le message de l\u2019\u00c9vangile. Et je suis d\u00e9sol\u00e9 de l\u2019entendre, mais je vais poursuivre ce que je crois \u00eatre la mission de l\u2019\u00c9glise. (dpa\/cr\u00e9)<\/p>\n","protected":false},"excerpt":{"rendered":"<p>La situation politique autour du pr\u00e9sident am\u00e9ricain Donald Trump s&rsquo;est r\u00e9cemment aggrav\u00e9e et se caract\u00e9rise de plus en plus par des critiques particuli\u00e8rement s\u00e9v\u00e8res de<\/p>\n","protected":false},"author":1,"featured_media":13433,"comment_status":"","ping_status":"","sticky":false,"template":"","format":"standard","meta":{"footnotes":""},"categories":[298],"tags":[10,2252,5218,10478,796,10480,8968,76,948,7863,3075,10479,2425,110],"class_list":["post-13432","post","type-post","status-publish","format-standard","has-post-thumbnail","hentry","category-belgique","tag-americain","tag-ancien","tag-appelle","tag-cia","tag-contre","tag-destitution","tag-directeur","tag-est","tag-malade","tag-mentalement","tag-president","tag-procedure","tag-trump","tag-une","generate-columns","tablet-grid-50","mobile-grid-100","grid-parent","grid-33"],"yoast_head":"<!-- This site is optimized with the Yoast SEO plugin v24.0 - https:\/\/yoast.com\/wordpress\/plugins\/seo\/ -->\n<title>\u00ab Trump est mentalement malade \u00bb : un ancien directeur de la CIA appelle \u00e0 une proc\u00e9dure de destitution contre le pr\u00e9sident am\u00e9ricain | Vie Associative<\/title>\n<meta name=\"robots\" content=\"index, follow, max-snippet:-1, max-image-preview:large, max-video-preview:-1\" \/>\n<link rel=\"canonical\" href=\"https:\/\/vieassociative.be\/actualites\/trump-est-mentalement-malade-un-ancien-directeur-de-la-cia-appelle-a-une-procedure-de-destitution-contre-le-president-americain\/\" \/>\n<meta property=\"og:locale\" content=\"fr_FR\" \/>\n<meta property=\"og:type\" content=\"article\" \/>\n<meta property=\"og:title\" content=\"\u00ab Trump est mentalement malade \u00bb : un ancien directeur de la CIA appelle \u00e0 une proc\u00e9dure de destitution contre le pr\u00e9sident am\u00e9ricain | Vie Associative\" \/>\n<meta property=\"og:description\" content=\"La situation politique autour du pr\u00e9sident am\u00e9ricain Donald Trump s&rsquo;est r\u00e9cemment aggrav\u00e9e et se caract\u00e9rise de plus en plus par des critiques particuli\u00e8rement s\u00e9v\u00e8res de\" \/>\n<meta property=\"og:url\" content=\"https:\/\/vieassociative.be\/actualites\/trump-est-mentalement-malade-un-ancien-directeur-de-la-cia-appelle-a-une-procedure-de-destitution-contre-le-president-americain\/\" \/>\n<meta property=\"og:site_name\" content=\"Vie Associative\" \/>\n<meta property=\"article:published_time\" content=\"2026-04-13T21:17:32+00:00\" \/>\n<meta property=\"og:image\" content=\"https:\/\/vieassociative.be\/actualites\/wp-content\/uploads\/2024\/09\/header_backgroundk-01-e1726694325946.png\" \/>\n\t<meta property=\"og:image:width\" content=\"279\" \/>\n\t<meta property=\"og:image:height\" content=\"92\" \/>\n\t<meta property=\"og:image:type\" content=\"image\/png\" \/>\n<meta name=\"author\" content=\"Julien\" \/>\n<meta name=\"twitter:card\" content=\"summary_large_image\" \/>\n<meta name=\"twitter:label1\" content=\"\u00c9crit par\" \/>\n\t<meta name=\"twitter:data1\" content=\"Julien\" \/>\n\t<meta name=\"twitter:label2\" content=\"Dur\u00e9e de lecture est.\" \/>\n\t<meta name=\"twitter:data2\" content=\"3 minutes\" \/>\n<script type=\"application\/ld+json\" class=\"yoast-schema-graph\">{\"@context\":\"https:\/\/schema.org\",\"@graph\":[{\"@type\":\"Article\",\"@id\":\"https:\/\/vieassociative.be\/actualites\/trump-est-mentalement-malade-un-ancien-directeur-de-la-cia-appelle-a-une-procedure-de-destitution-contre-le-president-americain\/#article\",\"isPartOf\":{\"@id\":\"https:\/\/vieassociative.be\/actualites\/trump-est-mentalement-malade-un-ancien-directeur-de-la-cia-appelle-a-une-procedure-de-destitution-contre-le-president-americain\/\"},\"author\":{\"name\":\"Julien\",\"@id\":\"https:\/\/vieassociative.be\/actualites\/#\/schema\/person\/b87ac4f82f9d4e7b7cec7395b679edc4\"},\"headline\":\"\u00ab Trump est mentalement malade \u00bb : un ancien directeur de la CIA appelle \u00e0 une proc\u00e9dure de destitution contre le pr\u00e9sident am\u00e9ricain\",\"datePublished\":\"2026-04-13T21:17:32+00:00\",\"dateModified\":\"2026-04-13T21:17:32+00:00\",\"mainEntityOfPage\":{\"@id\":\"https:\/\/vieassociative.be\/actualites\/trump-est-mentalement-malade-un-ancien-directeur-de-la-cia-appelle-a-une-procedure-de-destitution-contre-le-president-americain\/\"},\"wordCount\":544,\"publisher\":{\"@id\":\"https:\/\/vieassociative.be\/actualites\/#organization\"},\"image\":{\"@id\":\"https:\/\/vieassociative.be\/actualites\/trump-est-mentalement-malade-un-ancien-directeur-de-la-cia-appelle-a-une-procedure-de-destitution-contre-le-president-americain\/#primaryimage\"},\"thumbnailUrl\":\"https:\/\/vieassociative.be\/actualites\/wp-content\/uploads\/2026\/04\/1776115053_Trump-est-mentalement-malade-un-ancien-directeur.jpg\",\"keywords\":[\"am\u00e9ricain\",\"ancien\",\"appelle\",\"CIA\",\"contre\",\"destitution\",\"directeur\",\"est\",\"malade\",\"mentalement\",\"pr\u00e9sident\",\"proc\u00e9dure\",\"Trump\",\"une\"],\"articleSection\":[\"Belgique\"],\"inLanguage\":\"fr-BE\"},{\"@type\":\"WebPage\",\"@id\":\"https:\/\/vieassociative.be\/actualites\/trump-est-mentalement-malade-un-ancien-directeur-de-la-cia-appelle-a-une-procedure-de-destitution-contre-le-president-americain\/\",\"url\":\"https:\/\/vieassociative.be\/actualites\/trump-est-mentalement-malade-un-ancien-directeur-de-la-cia-appelle-a-une-procedure-de-destitution-contre-le-president-americain\/\",\"name\":\"\u00ab Trump est mentalement malade \u00bb : un ancien directeur de la CIA appelle \u00e0 une proc\u00e9dure de destitution contre le pr\u00e9sident am\u00e9ricain | Vie Associative\",\"isPartOf\":{\"@id\":\"https:\/\/vieassociative.be\/actualites\/#website\"},\"primaryImageOfPage\":{\"@id\":\"https:\/\/vieassociative.be\/actualites\/trump-est-mentalement-malade-un-ancien-directeur-de-la-cia-appelle-a-une-procedure-de-destitution-contre-le-president-americain\/#primaryimage\"},\"image\":{\"@id\":\"https:\/\/vieassociative.be\/actualites\/trump-est-mentalement-malade-un-ancien-directeur-de-la-cia-appelle-a-une-procedure-de-destitution-contre-le-president-americain\/#primaryimage\"},\"thumbnailUrl\":\"https:\/\/vieassociative.be\/actualites\/wp-content\/uploads\/2026\/04\/1776115053_Trump-est-mentalement-malade-un-ancien-directeur.jpg\",\"datePublished\":\"2026-04-13T21:17:32+00:00\",\"dateModified\":\"2026-04-13T21:17:32+00:00\",\"breadcrumb\":{\"@id\":\"https:\/\/vieassociative.be\/actualites\/trump-est-mentalement-malade-un-ancien-directeur-de-la-cia-appelle-a-une-procedure-de-destitution-contre-le-president-americain\/#breadcrumb\"},\"inLanguage\":\"fr-BE\",\"potentialAction\":[{\"@type\":\"ReadAction\",\"target\":[\"https:\/\/vieassociative.be\/actualites\/trump-est-mentalement-malade-un-ancien-directeur-de-la-cia-appelle-a-une-procedure-de-destitution-contre-le-president-americain\/\"]}]},{\"@type\":\"ImageObject\",\"inLanguage\":\"fr-BE\",\"@id\":\"https:\/\/vieassociative.be\/actualites\/trump-est-mentalement-malade-un-ancien-directeur-de-la-cia-appelle-a-une-procedure-de-destitution-contre-le-president-americain\/#primaryimage\",\"url\":\"https:\/\/vieassociative.be\/actualites\/wp-content\/uploads\/2026\/04\/1776115053_Trump-est-mentalement-malade-un-ancien-directeur.jpg\",\"contentUrl\":\"https:\/\/vieassociative.be\/actualites\/wp-content\/uploads\/2026\/04\/1776115053_Trump-est-mentalement-malade-un-ancien-directeur.jpg\",\"width\":1200,\"height\":800,\"caption\":\"\u00ab Trump est mentalement malade \u00bb : un ancien directeur de la CIA appelle \u00e0 une proc\u00e9dure de destitution contre le pr\u00e9sident am\u00e9ricain\"},{\"@type\":\"BreadcrumbList\",\"@id\":\"https:\/\/vieassociative.be\/actualites\/trump-est-mentalement-malade-un-ancien-directeur-de-la-cia-appelle-a-une-procedure-de-destitution-contre-le-president-americain\/#breadcrumb\",\"itemListElement\":[{\"@type\":\"ListItem\",\"position\":1,\"name\":\"Accueil\",\"item\":\"https:\/\/vieassociative.be\/actualites\/\"},{\"@type\":\"ListItem\",\"position\":2,\"name\":\"\u00ab Trump est mentalement malade \u00bb : un ancien directeur de la CIA appelle \u00e0 une proc\u00e9dure de destitution contre le pr\u00e9sident am\u00e9ricain\"}]},{\"@type\":\"WebSite\",\"@id\":\"https:\/\/vieassociative.be\/actualites\/#website\",\"url\":\"https:\/\/vieassociative.be\/actualites\/\",\"name\":\"Vie Associative\",\"description\":\"\",\"publisher\":{\"@id\":\"https:\/\/vieassociative.be\/actualites\/#organization\"},\"potentialAction\":[{\"@type\":\"SearchAction\",\"target\":{\"@type\":\"EntryPoint\",\"urlTemplate\":\"https:\/\/vieassociative.be\/actualites\/?s={search_term_string}\"},\"query-input\":{\"@type\":\"PropertyValueSpecification\",\"valueRequired\":true,\"valueName\":\"search_term_string\"}}],\"inLanguage\":\"fr-BE\"},{\"@type\":\"Organization\",\"@id\":\"https:\/\/vieassociative.be\/actualites\/#organization\",\"name\":\"Vie Associative\",\"url\":\"https:\/\/vieassociative.be\/actualites\/\",\"logo\":{\"@type\":\"ImageObject\",\"inLanguage\":\"fr-BE\",\"@id\":\"https:\/\/vieassociative.be\/actualites\/#\/schema\/logo\/image\/\",\"url\":\"https:\/\/vieassociative.be\/actualites\/wp-content\/uploads\/2024\/09\/cropped-vieassociative_favicon.ico.png\",\"contentUrl\":\"https:\/\/vieassociative.be\/actualites\/wp-content\/uploads\/2024\/09\/cropped-vieassociative_favicon.ico.png\",\"width\":512,\"height\":512,\"caption\":\"Vie Associative\"},\"image\":{\"@id\":\"https:\/\/vieassociative.be\/actualites\/#\/schema\/logo\/image\/\"}},{\"@type\":\"Person\",\"@id\":\"https:\/\/vieassociative.be\/actualites\/#\/schema\/person\/b87ac4f82f9d4e7b7cec7395b679edc4\",\"name\":\"Julien\",\"image\":{\"@type\":\"ImageObject\",\"inLanguage\":\"fr-BE\",\"@id\":\"https:\/\/vieassociative.be\/actualites\/#\/schema\/person\/image\/\",\"url\":\"https:\/\/vieassociative.be\/actualites\/wp-content\/uploads\/2024\/09\/vie-associative-1-150x150.jpg\",\"contentUrl\":\"https:\/\/vieassociative.be\/actualites\/wp-content\/uploads\/2024\/09\/vie-associative-1-150x150.jpg\",\"caption\":\"Julien\"},\"description\":\"Je suis Julien, r\u00e9dacteur pour Vie Associative. Passionn\u00e9 par le monde associatif depuis plus de 10 ans, j'ai \u00e0 c\u0153ur de partager des histoires inspirantes et de mettre en lumi\u00e8re les initiatives locales. Mon objectif est de sensibiliser et d'encourager l'engagement communautaire \u00e0 travers mes articles.\",\"sameAs\":[\"https:\/\/vieassociative.be\/\"]}]}<\/script>\n<!-- \/ Yoast SEO plugin. -->","yoast_head_json":{"title":"\u00ab Trump est mentalement malade \u00bb : un ancien directeur de la CIA appelle \u00e0 une proc\u00e9dure de destitution contre le pr\u00e9sident am\u00e9ricain | Vie Associative","robots":{"index":"index","follow":"follow","max-snippet":"max-snippet:-1","max-image-preview":"max-image-preview:large","max-video-preview":"max-video-preview:-1"},"canonical":"https:\/\/vieassociative.be\/actualites\/trump-est-mentalement-malade-un-ancien-directeur-de-la-cia-appelle-a-une-procedure-de-destitution-contre-le-president-americain\/","og_locale":"fr_FR","og_type":"article","og_title":"\u00ab Trump est mentalement malade \u00bb : un ancien directeur de la CIA appelle \u00e0 une proc\u00e9dure de destitution contre le pr\u00e9sident am\u00e9ricain | Vie Associative","og_description":"La situation politique autour du pr\u00e9sident am\u00e9ricain Donald Trump s&rsquo;est r\u00e9cemment aggrav\u00e9e et se caract\u00e9rise de plus en plus par des critiques particuli\u00e8rement s\u00e9v\u00e8res de","og_url":"https:\/\/vieassociative.be\/actualites\/trump-est-mentalement-malade-un-ancien-directeur-de-la-cia-appelle-a-une-procedure-de-destitution-contre-le-president-americain\/","og_site_name":"Vie Associative","article_published_time":"2026-04-13T21:17:32+00:00","og_image":[{"width":279,"height":92,"url":"https:\/\/vieassociative.be\/actualites\/wp-content\/uploads\/2024\/09\/header_backgroundk-01-e1726694325946.png","type":"image\/png"}],"author":"Julien","twitter_card":"summary_large_image","twitter_misc":{"\u00c9crit par":"Julien","Dur\u00e9e de lecture est.":"3 minutes"},"schema":{"@context":"https:\/\/schema.org","@graph":[{"@type":"Article","@id":"https:\/\/vieassociative.be\/actualites\/trump-est-mentalement-malade-un-ancien-directeur-de-la-cia-appelle-a-une-procedure-de-destitution-contre-le-president-americain\/#article","isPartOf":{"@id":"https:\/\/vieassociative.be\/actualites\/trump-est-mentalement-malade-un-ancien-directeur-de-la-cia-appelle-a-une-procedure-de-destitution-contre-le-president-americain\/"},"author":{"name":"Julien","@id":"https:\/\/vieassociative.be\/actualites\/#\/schema\/person\/b87ac4f82f9d4e7b7cec7395b679edc4"},"headline":"\u00ab Trump est mentalement malade \u00bb : un ancien directeur de la CIA appelle \u00e0 une proc\u00e9dure de destitution contre le pr\u00e9sident am\u00e9ricain","datePublished":"2026-04-13T21:17:32+00:00","dateModified":"2026-04-13T21:17:32+00:00","mainEntityOfPage":{"@id":"https:\/\/vieassociative.be\/actualites\/trump-est-mentalement-malade-un-ancien-directeur-de-la-cia-appelle-a-une-procedure-de-destitution-contre-le-president-americain\/"},"wordCount":544,"publisher":{"@id":"https:\/\/vieassociative.be\/actualites\/#organization"},"image":{"@id":"https:\/\/vieassociative.be\/actualites\/trump-est-mentalement-malade-un-ancien-directeur-de-la-cia-appelle-a-une-procedure-de-destitution-contre-le-president-americain\/#primaryimage"},"thumbnailUrl":"https:\/\/vieassociative.be\/actualites\/wp-content\/uploads\/2026\/04\/1776115053_Trump-est-mentalement-malade-un-ancien-directeur.jpg","keywords":["am\u00e9ricain","ancien","appelle","CIA","contre","destitution","directeur","est","malade","mentalement","pr\u00e9sident","proc\u00e9dure","Trump","une"],"articleSection":["Belgique"],"inLanguage":"fr-BE"},{"@type":"WebPage","@id":"https:\/\/vieassociative.be\/actualites\/trump-est-mentalement-malade-un-ancien-directeur-de-la-cia-appelle-a-une-procedure-de-destitution-contre-le-president-americain\/","url":"https:\/\/vieassociative.be\/actualites\/trump-est-mentalement-malade-un-ancien-directeur-de-la-cia-appelle-a-une-procedure-de-destitution-contre-le-president-americain\/","name":"\u00ab Trump est mentalement malade \u00bb : un ancien directeur de la CIA appelle \u00e0 une proc\u00e9dure de destitution contre le pr\u00e9sident am\u00e9ricain | Vie Associative","isPartOf":{"@id":"https:\/\/vieassociative.be\/actualites\/#website"},"primaryImageOfPage":{"@id":"https:\/\/vieassociative.be\/actualites\/trump-est-mentalement-malade-un-ancien-directeur-de-la-cia-appelle-a-une-procedure-de-destitution-contre-le-president-americain\/#primaryimage"},"image":{"@id":"https:\/\/vieassociative.be\/actualites\/trump-est-mentalement-malade-un-ancien-directeur-de-la-cia-appelle-a-une-procedure-de-destitution-contre-le-president-americain\/#primaryimage"},"thumbnailUrl":"https:\/\/vieassociative.be\/actualites\/wp-content\/uploads\/2026\/04\/1776115053_Trump-est-mentalement-malade-un-ancien-directeur.jpg","datePublished":"2026-04-13T21:17:32+00:00","dateModified":"2026-04-13T21:17:32+00:00","breadcrumb":{"@id":"https:\/\/vieassociative.be\/actualites\/trump-est-mentalement-malade-un-ancien-directeur-de-la-cia-appelle-a-une-procedure-de-destitution-contre-le-president-americain\/#breadcrumb"},"inLanguage":"fr-BE","potentialAction":[{"@type":"ReadAction","target":["https:\/\/vieassociative.be\/actualites\/trump-est-mentalement-malade-un-ancien-directeur-de-la-cia-appelle-a-une-procedure-de-destitution-contre-le-president-americain\/"]}]},{"@type":"ImageObject","inLanguage":"fr-BE","@id":"https:\/\/vieassociative.be\/actualites\/trump-est-mentalement-malade-un-ancien-directeur-de-la-cia-appelle-a-une-procedure-de-destitution-contre-le-president-americain\/#primaryimage","url":"https:\/\/vieassociative.be\/actualites\/wp-content\/uploads\/2026\/04\/1776115053_Trump-est-mentalement-malade-un-ancien-directeur.jpg","contentUrl":"https:\/\/vieassociative.be\/actualites\/wp-content\/uploads\/2026\/04\/1776115053_Trump-est-mentalement-malade-un-ancien-directeur.jpg","width":1200,"height":800,"caption":"\u00ab Trump est mentalement malade \u00bb : un ancien directeur de la CIA appelle \u00e0 une proc\u00e9dure de destitution contre le pr\u00e9sident am\u00e9ricain"},{"@type":"BreadcrumbList","@id":"https:\/\/vieassociative.be\/actualites\/trump-est-mentalement-malade-un-ancien-directeur-de-la-cia-appelle-a-une-procedure-de-destitution-contre-le-president-americain\/#breadcrumb","itemListElement":[{"@type":"ListItem","position":1,"name":"Accueil","item":"https:\/\/vieassociative.be\/actualites\/"},{"@type":"ListItem","position":2,"name":"\u00ab Trump est mentalement malade \u00bb : un ancien directeur de la CIA appelle \u00e0 une proc\u00e9dure de destitution contre le pr\u00e9sident am\u00e9ricain"}]},{"@type":"WebSite","@id":"https:\/\/vieassociative.be\/actualites\/#website","url":"https:\/\/vieassociative.be\/actualites\/","name":"Vie Associative","description":"","publisher":{"@id":"https:\/\/vieassociative.be\/actualites\/#organization"},"potentialAction":[{"@type":"SearchAction","target":{"@type":"EntryPoint","urlTemplate":"https:\/\/vieassociative.be\/actualites\/?s={search_term_string}"},"query-input":{"@type":"PropertyValueSpecification","valueRequired":true,"valueName":"search_term_string"}}],"inLanguage":"fr-BE"},{"@type":"Organization","@id":"https:\/\/vieassociative.be\/actualites\/#organization","name":"Vie Associative","url":"https:\/\/vieassociative.be\/actualites\/","logo":{"@type":"ImageObject","inLanguage":"fr-BE","@id":"https:\/\/vieassociative.be\/actualites\/#\/schema\/logo\/image\/","url":"https:\/\/vieassociative.be\/actualites\/wp-content\/uploads\/2024\/09\/cropped-vieassociative_favicon.ico.png","contentUrl":"https:\/\/vieassociative.be\/actualites\/wp-content\/uploads\/2024\/09\/cropped-vieassociative_favicon.ico.png","width":512,"height":512,"caption":"Vie Associative"},"image":{"@id":"https:\/\/vieassociative.be\/actualites\/#\/schema\/logo\/image\/"}},{"@type":"Person","@id":"https:\/\/vieassociative.be\/actualites\/#\/schema\/person\/b87ac4f82f9d4e7b7cec7395b679edc4","name":"Julien","image":{"@type":"ImageObject","inLanguage":"fr-BE","@id":"https:\/\/vieassociative.be\/actualites\/#\/schema\/person\/image\/","url":"https:\/\/vieassociative.be\/actualites\/wp-content\/uploads\/2024\/09\/vie-associative-1-150x150.jpg","contentUrl":"https:\/\/vieassociative.be\/actualites\/wp-content\/uploads\/2024\/09\/vie-associative-1-150x150.jpg","caption":"Julien"},"description":"Je suis Julien, r\u00e9dacteur pour Vie Associative. Passionn\u00e9 par le monde associatif depuis plus de 10 ans, j'ai \u00e0 c\u0153ur de partager des histoires inspirantes et de mettre en lumi\u00e8re les initiatives locales. Mon objectif est de sensibiliser et d'encourager l'engagement communautaire \u00e0 travers mes articles.","sameAs":["https:\/\/vieassociative.be\/"]}]}},"_links":{"self":[{"href":"https:\/\/vieassociative.be\/actualites\/wp-json\/wp\/v2\/posts\/13432"}],"collection":[{"href":"https:\/\/vieassociative.be\/actualites\/wp-json\/wp\/v2\/posts"}],"about":[{"href":"https:\/\/vieassociative.be\/actualites\/wp-json\/wp\/v2\/types\/post"}],"author":[{"embeddable":true,"href":"https:\/\/vieassociative.be\/actualites\/wp-json\/wp\/v2\/users\/1"}],"replies":[{"embeddable":true,"href":"https:\/\/vieassociative.be\/actualites\/wp-json\/wp\/v2\/comments?post=13432"}],"version-history":[{"count":0,"href":"https:\/\/vieassociative.be\/actualites\/wp-json\/wp\/v2\/posts\/13432\/revisions"}],"wp:featuredmedia":[{"embeddable":true,"href":"https:\/\/vieassociative.be\/actualites\/wp-json\/wp\/v2\/media\/13433"}],"wp:attachment":[{"href":"https:\/\/vieassociative.be\/actualites\/wp-json\/wp\/v2\/media?parent=13432"}],"wp:term":[{"taxonomy":"category","embeddable":true,"href":"https:\/\/vieassociative.be\/actualites\/wp-json\/wp\/v2\/categories?post=13432"},{"taxonomy":"post_tag","embeddable":true,"href":"https:\/\/vieassociative.be\/actualites\/wp-json\/wp\/v2\/tags?post=13432"}],"curies":[{"name":"wp","href":"https:\/\/api.w.org\/{rel}","templated":true}]}}