{"id":13430,"date":"2026-04-13T22:18:04","date_gmt":"2026-04-13T20:18:04","guid":{"rendered":"https:\/\/vieassociative.be\/actualites\/la-derniere-apple-watch-est-actuellement-a-100-de-reduction-3\/"},"modified":"2026-04-13T22:18:04","modified_gmt":"2026-04-13T20:18:04","slug":"la-derniere-apple-watch-est-actuellement-a-100-de-reduction-3","status":"publish","type":"post","link":"https:\/\/vieassociative.be\/actualites\/la-derniere-apple-watch-est-actuellement-a-100-de-reduction-3\/","title":{"rendered":"La derni\u00e8re Apple Watch est actuellement \u00e0 100\u00a0$ de r\u00e9duction"},"content":{"rendered":"<p>Nous pouvons gagner une commission sur les liens sur cette page. Les prix et la disponibilit\u00e9 de l&rsquo;offre sont sujets \u00e0 changement apr\u00e8s la publication.<\/p>\n<p>La s\u00e9rie 11 est la montre intelligente de milieu de gamme d&rsquo;Apple, prise en sandwich entre l&rsquo;Apple Watch SE 3, \u00e9conomique, et la montre phare Apple Watch Ultra 3. \u00c0 l&rsquo;heure actuelle, les deux versions de la s\u00e9rie 11 (le mod\u00e8le GPS et le mod\u00e8le GPS + cellulaire) sont en vente. La version GPS commence \u00e0 <strong>299\u00a0$<\/strong> (\u00e0 l&rsquo;origine 399 $) et la version GPS + Cellular commence \u00e0 <strong>399\u00a0$<\/strong> (\u00e0 l&rsquo;origine 499 $). Si vous recherchez la plus grande taille de 46 mm, ils b\u00e9n\u00e9ficient tous deux \u00e9galement d&rsquo;une r\u00e9duction de 100 $ dans les versions GPS et cellulaire &#8211; ce sont les prix les plus bas que ces mod\u00e8les aient jamais atteints, selon les outils de suivi des prix.<\/p>\n<div class=\"shadow-b-2 mb-12 mt-10 rounded-md border-2 border-(#F0F0F0) px-6 py-2 shadow-lg md:px-12\" role=\"region\" aria-label=\"Products List\">\n<div class=\"flex w-full gap-x-5\">\n<div class=\"flex w-full flex-col flex-nowrap justify-center gap-2 text-black no-underline md:order-2 md:gap-y-6\">\n<div class=\"flex flex-col justify-between gap-y-2 md:w-full md:gap-y-1\">\n<div class=\"block w-fit cursor-pointer font-akshar text-lg font-medium leading-5 text-brand-green duration-200 ease-in-out hover:text-brand-green-700 md:text-xl md:leading-6\">\n<p>                            Apple Watch s\u00e9rie 11 (GPS)\n                        <\/p><\/div>\n<\/p><\/div>\n<div class=\"hidden md:flex md:justify-between md:gap-x-4\">\n<div class=\"w-full mb-0 md:flex md:flex-col md:justify-center font-sans leading-4 text-black\">\n<div class=\"flex flex-wrap items-center justify-center gap-1 md:justify-start\">\n        <span class=\"font-bold\"><\/p>\n<p>            299,00\u00a0$<br \/>\n                            <span class=\"font-medium\">chez Amazon<\/span><br \/>\n                    <\/span>\n            <\/div>\n<div class=\"flex items-center justify-center gap-x-1 font-bold md:justify-start\">\n            <span class=\"text-sm line-through\">399,00\u00a0$<\/span><br \/>\n            <span class=\"text-sm text-brand-green\">\u00c9conomisez 100,00\u00a0$<\/span>\n        <\/div>\n<\/p><\/div>\n<p>                            <button class=\"flex justify-center items-center w-full bg-brand-green text-white text-base font-sans font-medium rounded-md hover:bg-brand-green-700 hover:cursor-pointer md:text-sm hidden self-end h-12 max-w-(10rem) duration-200 ease-in-out hover:bg-brand-green-700 md:flex md:h-10\"><\/p>\n<p>    Obtenez une offre<br \/>\n<\/button>\n                        <\/div>\n<\/p><\/div>\n<div class=\"flex aspect-video h-(90px) shrink-0 items-center justify-center self-center md:order-1\">\n                        <img decoding=\"async\" class=\"m-0 max-h-full max-w-full rounded-md\" src=\"https:\/\/vieassociative.be\/actualites\/wp-content\/uploads\/2026\/03\/Comment-suivre-votre-sommeil-avec-une-Apple-Watch.jpg\" alt=\"Montre intelligente GPS Apple Watch Series 11 de 42 mm (bo\u00eetier en aluminium or rose, bracelet sport rose p\u00e2le)\" width=\"auto\" height=\"auto\" loading=\"lazy\">\n                    <\/div>\n<\/p><\/div>\n<p>                            <button class=\"flex justify-center items-center w-full bg-brand-green text-white text-base font-sans font-medium rounded-md hover:bg-brand-green-700 hover:cursor-pointer md:text-sm w-full h-12 duration-200 ease-in-out hover:bg-brand-green-700 md:hidden md:h-10\"><\/p>\n<p>    Obtenez une offre<br \/>\n<\/button><\/p>\n<div class=\"flex flex-col items-center w-full md:hidden font-sans leading-4 text-black\">\n<div class=\"flex flex-wrap items-center justify-center gap-1 md:justify-start\">\n        <span class=\"font-bold\"><\/p>\n<p>            299,00\u00a0$<br \/>\n                            <span class=\"font-medium\">chez Amazon<\/span><br \/>\n                    <\/span>\n            <\/div>\n<div class=\"flex items-center justify-center gap-x-1 font-bold md:justify-start\">\n            <span class=\"text-sm line-through\">399,00\u00a0$<\/span><br \/>\n            <span class=\"text-sm text-brand-green\">\u00c9conomisez 100,00\u00a0$<\/span>\n        <\/div>\n<\/p><\/div>\n<div class=\"flex w-full gap-x-5\">\n<div class=\"flex w-full flex-col flex-nowrap justify-center gap-2 text-black no-underline md:order-2 md:gap-y-6\">\n<div class=\"flex flex-col justify-between gap-y-2 md:w-full md:gap-y-1\">\n<div class=\"block w-fit cursor-pointer font-akshar text-lg font-medium leading-5 text-brand-green duration-200 ease-in-out hover:text-brand-green-700 md:text-xl md:leading-6\">\n<p>                            Apple Watch Series 11 (GPS + Cellulaire)\n                        <\/p><\/div>\n<\/p><\/div>\n<div class=\"hidden md:flex md:justify-between md:gap-x-4\">\n<div class=\"w-full mb-0 md:flex md:flex-col md:justify-center font-sans leading-4 text-black\">\n<div class=\"flex flex-wrap items-center justify-center gap-1 md:justify-start\">\n        <span class=\"font-bold\"><\/p>\n<p>            399,00\u00a0$<br \/>\n                            <span class=\"font-medium\">chez Amazon<\/span><br \/>\n                    <\/span>\n            <\/div>\n<div class=\"flex items-center justify-center gap-x-1 font-bold md:justify-start\">\n            <span class=\"text-sm line-through\">499,00\u00a0$<\/span><br \/>\n            <span class=\"text-sm text-brand-green\">\u00c9conomisez 100,00\u00a0$<\/span>\n        <\/div>\n<\/p><\/div>\n<p>                            <button class=\"flex justify-center items-center w-full bg-brand-green text-white text-base font-sans font-medium rounded-md hover:bg-brand-green-700 hover:cursor-pointer md:text-sm hidden self-end h-12 max-w-(10rem) duration-200 ease-in-out hover:bg-brand-green-700 md:flex md:h-10\"><\/p>\n<p>    Obtenez une offre<br \/>\n<\/button>\n                        <\/div>\n<\/p><\/div>\n<div class=\"flex aspect-video h-(90px) shrink-0 items-center justify-center self-center md:order-1\">\n                        <img decoding=\"async\" class=\"m-0 max-h-full max-w-full rounded-md\" src=\"https:\/\/vieassociative.be\/actualites\/wp-content\/uploads\/2026\/02\/La-derniere-Apple-Watch-est-actuellement-a-100-de-reduction.jpg\" alt=\"Montre intelligente Apple Watch Series 11 (GPS + Cellular 42 mm) avec bo\u00eetier en aluminium or rose avec bracelet sport Light Blush - S\/M. Score de sommeil, tracker d'activit\u00e9, surveillance de la sant\u00e9, affichage permanent, r\u00e9sistant \u00e0 l'eau\" width=\"auto\" height=\"auto\" loading=\"lazy\">\n                    <\/div>\n<\/p><\/div>\n<p>                            <button class=\"flex justify-center items-center w-full bg-brand-green text-white text-base font-sans font-medium rounded-md hover:bg-brand-green-700 hover:cursor-pointer md:text-sm w-full h-12 duration-200 ease-in-out hover:bg-brand-green-700 md:hidden md:h-10\"><\/p>\n<p>    Obtenez une offre<br \/>\n<\/button><\/p>\n<div class=\"flex flex-col items-center w-full md:hidden font-sans leading-4 text-black\">\n<div class=\"flex flex-wrap items-center justify-center gap-1 md:justify-start\">\n        <span class=\"font-bold\"><\/p>\n<p>            399,00\u00a0$<br \/>\n                            <span class=\"font-medium\">chez Amazon<\/span><br \/>\n                    <\/span>\n            <\/div>\n<div class=\"flex items-center justify-center gap-x-1 font-bold md:justify-start\">\n            <span class=\"text-sm line-through\">499,00\u00a0$<\/span><br \/>\n            <span class=\"text-sm text-brand-green\">\u00c9conomisez 100,00\u00a0$<\/span>\n        <\/div>\n<\/p><\/div>\n<div class=\"flex w-full gap-x-5\">\n<div class=\"flex w-full flex-col flex-nowrap justify-center gap-2 text-black no-underline md:order-2 md:gap-y-6\">\n<div class=\"flex flex-col justify-between gap-y-2 md:w-full md:gap-y-1\">\n<div class=\"block w-fit cursor-pointer font-akshar text-lg font-medium leading-5 text-brand-green duration-200 ease-in-out hover:text-brand-green-700 md:text-xl md:leading-6\">\n<p>                            Apple Watch s\u00e9rie 11 (GPS 46 mm)\n                        <\/p><\/div>\n<\/p><\/div>\n<div class=\"hidden md:flex md:justify-between md:gap-x-4\">\n<div class=\"w-full mb-0 md:flex md:flex-col md:justify-center font-sans leading-4 text-black\">\n<div class=\"flex flex-wrap items-center justify-center gap-1 md:justify-start\">\n        <span class=\"font-bold\"><\/p>\n<p>            329,00\u00a0$<br \/>\n                            <span class=\"font-medium\">chez Amazon<\/span><br \/>\n                    <\/span>\n            <\/div>\n<div class=\"flex items-center justify-center gap-x-1 font-bold md:justify-start\">\n            <span class=\"text-sm line-through\">429,00\u00a0$<\/span><br \/>\n            <span class=\"text-sm text-brand-green\">\u00c9conomisez 100,00\u00a0$<\/span>\n        <\/div>\n<\/p><\/div>\n<p>                            <button class=\"flex justify-center items-center w-full bg-brand-green text-white text-base font-sans font-medium rounded-md hover:bg-brand-green-700 hover:cursor-pointer md:text-sm hidden self-end h-12 max-w-(10rem) duration-200 ease-in-out hover:bg-brand-green-700 md:flex md:h-10\"><\/p>\n<p>    Obtenez une offre<br \/>\n<\/button>\n                        <\/div>\n<\/p><\/div>\n<div class=\"flex aspect-video h-(90px) shrink-0 items-center justify-center self-center md:order-1\">\n                        <img decoding=\"async\" class=\"m-0 max-h-full max-w-full rounded-md\" src=\"https:\/\/vieassociative.be\/actualites\/wp-content\/uploads\/2026\/04\/La-derniere-Apple-Watch-est-actuellement-a-100-de-reduction.jpg\" alt=\"Montre intelligente GPS Apple Watch Series 11 46 mm (gris sid\u00e9ral, bracelet sport noir)\" width=\"auto\" height=\"auto\" loading=\"lazy\">\n                    <\/div>\n<\/p><\/div>\n<p>                            <button class=\"flex justify-center items-center w-full bg-brand-green text-white text-base font-sans font-medium rounded-md hover:bg-brand-green-700 hover:cursor-pointer md:text-sm w-full h-12 duration-200 ease-in-out hover:bg-brand-green-700 md:hidden md:h-10\"><\/p>\n<p>    Obtenez une offre<br \/>\n<\/button><\/p>\n<div class=\"flex flex-col items-center w-full md:hidden font-sans leading-4 text-black\">\n<div class=\"flex flex-wrap items-center justify-center gap-1 md:justify-start\">\n        <span class=\"font-bold\"><\/p>\n<p>            329,00\u00a0$<br \/>\n                            <span class=\"font-medium\">chez Amazon<\/span><br \/>\n                    <\/span>\n            <\/div>\n<div class=\"flex items-center justify-center gap-x-1 font-bold md:justify-start\">\n            <span class=\"text-sm line-through\">429,00\u00a0$<\/span><br \/>\n            <span class=\"text-sm text-brand-green\">\u00c9conomisez 100,00\u00a0$<\/span>\n        <\/div>\n<\/p><\/div>\n<div class=\"flex w-full gap-x-5\">\n<div class=\"flex w-full flex-col flex-nowrap justify-center gap-2 text-black no-underline md:order-2 md:gap-y-6\">\n<div class=\"flex flex-col justify-between gap-y-2 md:w-full md:gap-y-1\">\n<div class=\"block w-fit cursor-pointer font-akshar text-lg font-medium leading-5 text-brand-green duration-200 ease-in-out hover:text-brand-green-700 md:text-xl md:leading-6\">\n<p>                            Apple Watch Series 11 (GPS + Cellulaire 46 mm)\n                        <\/p><\/div>\n<\/p><\/div>\n<div class=\"hidden md:flex md:justify-between md:gap-x-4\">\n<div class=\"w-full mb-0 md:flex md:flex-col md:justify-center font-sans leading-4 text-black\">\n<div class=\"flex flex-wrap items-center justify-center gap-1 md:justify-start\">\n        <span class=\"font-bold\"><\/p>\n<p>            429,00\u00a0$<br \/>\n                            <span class=\"font-medium\">chez Amazon<\/span><br \/>\n                    <\/span>\n            <\/div>\n<div class=\"flex items-center justify-center gap-x-1 font-bold md:justify-start\">\n            <span class=\"text-sm line-through\">529,00\u00a0$<\/span><br \/>\n            <span class=\"text-sm text-brand-green\">\u00c9conomisez 100,00\u00a0$<\/span>\n        <\/div>\n<\/p><\/div>\n<p>                            <button class=\"flex justify-center items-center w-full bg-brand-green text-white text-base font-sans font-medium rounded-md hover:bg-brand-green-700 hover:cursor-pointer md:text-sm hidden self-end h-12 max-w-(10rem) duration-200 ease-in-out hover:bg-brand-green-700 md:flex md:h-10\"><\/p>\n<p>    Obtenez une offre<br \/>\n<\/button>\n                        <\/div>\n<\/p><\/div>\n<div class=\"flex aspect-video h-(90px) shrink-0 items-center justify-center self-center md:order-1\">\n                        <img decoding=\"async\" class=\"m-0 max-h-full max-w-full rounded-md\" src=\"https:\/\/vieassociative.be\/actualites\/wp-content\/uploads\/2026\/04\/1776111484_61_La-derniere-Apple-Watch-est-actuellement-a-100-de-reduction.jpg\" alt=\"Montre intelligente Apple Watch Series 11 (GPS + Cellular 46 mm) avec bo\u00eetier en aluminium noir de jais et bracelet sport noir - M\/L. Score de sommeil, tracker d'activit\u00e9, surveillance de la sant\u00e9, affichage permanent, r\u00e9sistant \u00e0 l'eau\" width=\"auto\" height=\"auto\" loading=\"lazy\">\n                    <\/div>\n<\/p><\/div>\n<p>                            <button class=\"flex justify-center items-center w-full bg-brand-green text-white text-base font-sans font-medium rounded-md hover:bg-brand-green-700 hover:cursor-pointer md:text-sm w-full h-12 duration-200 ease-in-out hover:bg-brand-green-700 md:hidden md:h-10\"><\/p>\n<p>    Obtenez une offre<br \/>\n<\/button><\/p>\n<div class=\"flex flex-col items-center w-full md:hidden font-sans leading-4 text-black\">\n<div class=\"flex flex-wrap items-center justify-center gap-1 md:justify-start\">\n        <span class=\"font-bold\"><\/p>\n<p>            429,00\u00a0$<br \/>\n                            <span class=\"font-medium\">chez Amazon<\/span><br \/>\n                    <\/span>\n            <\/div>\n<div class=\"flex items-center justify-center gap-x-1 font-bold md:justify-start\">\n            <span class=\"text-sm line-through\">529,00\u00a0$<\/span><br \/>\n            <span class=\"text-sm text-brand-green\">\u00c9conomisez 100,00\u00a0$<\/span>\n        <\/div>\n<\/p><\/div>\n<p>        <button class=\"mb-4 mt-6 pr-4 font-akshar text-sm font-medium text-gray-900 hover:cursor-pointer hover:text-brand-green md:pr-8\"><\/p>\n<p>        VOIR 1 DE PLUS<\/p>\n<p>    <\/button>\n<\/div>\n<p>Par rapport \u00e0 la g\u00e9n\u00e9ration pr\u00e9c\u00e9dente, la s\u00e9rie 11 a am\u00e9lior\u00e9 la dur\u00e9e de vie de sa batterie, passant \u00e0 43 heures avec l&rsquo;affichage permanent activ\u00e9, contre 36 heures pour la s\u00e9rie 10. La s\u00e9rie 11 prend \u00e9galement en charge la 5G cellulaire, contre LTE sur la s\u00e9rie 10. Une autre mise \u00e0 jour importante est que la s\u00e9rie 11 propose des notifications d&rsquo;hypertension approuv\u00e9es par la FDA, vous alertant si elle d\u00e9tecte des signes indiquant que vous pourriez souffrir d&rsquo;hypertension art\u00e9rielle. Vous pouvez lire notre examen complet de l\u2019appareil ici.<\/p>\n<p>Les montres Apple excellent dans les mesures de condition physique et de sant\u00e9, en particulier pour les utilisateurs d&rsquo;iPhone. Si vous en choisissez un, consultez nos listes des meilleurs hacks Apple Watch pour les utilisateurs exp\u00e9riment\u00e9s du fitness et uniquement pour un usage g\u00e9n\u00e9ral.<\/p>\n<div class=\" relative flex justify-center py-16 md:left-1\/2 md:w-(780px) md:max-w-max md:-translate-x-1\/2\">\n<div class=\"w-max text-center sm:text-left\">\n<div class=\"custom-gradient-background mb-6 rounded-md p-(2px) sm:rounded-tl-none\">\n<div class=\"flex flex-col rounded bg-white sm:rounded-tl-none\">\n                    <span class=\"-mt-4 block w-fit max-w-(calc(100%-1rem)) self-center bg-white px-3 text-center font-akshar text-xl font-medium capitalize text-gray-800 sm:max-w-(calc(100%-2.5rem)) sm:self-start sm:px-10 sm:text-left sm:text-2xl\">Nos meilleures offres technologiques approuv\u00e9es par les \u00e9diteurs en ce moment<\/span><\/p>\n<div class=\"flex flex-col gap-3 p-3 pb-4 text-sm sm:p-10 sm:pt-6 sm:text-justify sm:text-base\">\n<div>\n<p>    \u00c9couteurs sans fil Apple AirPods Pro 3 \u00e0 r\u00e9duction de bruit et fr\u00e9quence cardiaque<\/p>\n<p>                                <span class=\"text-black\"><br \/>\n                                    \u2014<br \/>\n                                    <span class=\"font-bold\">199,99\u00a0$<\/span><br \/>\n                                    <span class=\"!text-xs italic sm:!text-sm\"><\/p>\n<p>                                        (Prix catalogue 249,00 $)<br \/>\n                                    <\/span><br \/>\n                                <\/span>\n                            <\/div>\n<div>\n<p>    Apple iPad 11&Prime; 128 Go A16 WiFi Tablette (Bleu, 2025)<\/p>\n<p>                                <span class=\"text-black\"><br \/>\n                                    \u2014<br \/>\n                                    <span class=\"font-bold\">299,00\u00a0$<\/span><br \/>\n                                    <span class=\"!text-xs italic sm:!text-sm\"><\/p>\n<p>                                        (Prix catalogue 349,00 $)<br \/>\n                                    <\/span><br \/>\n                                <\/span>\n                            <\/div>\n<div>\n<p>    Apple Watch Series 11 (GPS, 42 mm, bracelet sport noir S\/M)<\/p>\n<p>                                <span class=\"text-black\"><br \/>\n                                    \u2014<br \/>\n                                    <span class=\"font-bold\">299,00\u00a0$<\/span><br \/>\n                                    <span class=\"!text-xs italic sm:!text-sm\"><\/p>\n<p>                                        (Prix catalogue 399,00 $)<br \/>\n                                    <\/span><br \/>\n                                <\/span>\n                            <\/div>\n<div>\n<p>    Lecteur de streaming Fire TV Stick 4K Plus avec t\u00e9l\u00e9commande (mod\u00e8le 2025)<\/p>\n<p>                                <span class=\"text-black\"><br \/>\n                                    \u2014<br \/>\n                                    <span class=\"font-bold\">29,99\u00a0$<\/span><br \/>\n                                    <span class=\"!text-xs italic sm:!text-sm\"><\/p>\n<p>                                        (Prix catalogue 49,99 $)<br \/>\n                                    <\/span><br \/>\n                                <\/span>\n                            <\/div>\n<div>\n<p>    Barre de son Amazon Fire TV<\/p>\n<p>                                <span class=\"text-black\"><br \/>\n                                    \u2014<br \/>\n                                    <span class=\"font-bold\">99,99\u00a0$<\/span><br \/>\n                                    <span class=\"!text-xs italic sm:!text-sm\"><\/p>\n<p>                                        (Prix catalogue 119,99 $)<br \/>\n                                    <\/span><br \/>\n                                <\/span>\n                            <\/div>\n<div>\n<p>    Sonnette vid\u00e9o sans fil Blink (mod\u00e8le le plus r\u00e9cent) + module de synchronisation<\/p>\n<p>                                <span class=\"text-black\"><br \/>\n                                    \u2014<br \/>\n                                    <span class=\"font-bold\">35,99\u00a0$<\/span><br \/>\n                                    <span class=\"!text-xs italic sm:!text-sm\"><\/p>\n<p>                                        (Prix catalogue 69,99 $)<br \/>\n                                    <\/span><br \/>\n                                <\/span>\n                            <\/div>\n<div>\n<p>    Ring Indoor Cam (2e g\u00e9n\u00e9ration, paquet de 2, blanc)<\/p>\n<p>                                <span class=\"text-black\"><br \/>\n                                    \u2014<br \/>\n                                    <span class=\"font-bold\">59,98\u00a0$<\/span><br \/>\n                                    <span class=\"!text-xs italic sm:!text-sm\"><\/p>\n<p>                                        (Prix catalogue 79,99 $)<br \/>\n                                    <\/span><br \/>\n                                <\/span>\n                            <\/div>\n<\/p><\/div>\n<\/p><\/div>\n<\/p><\/div>\n<div class=\"flex flex-col items-center justify-between text-black sm:flex-row sm:px-6\">\n                <span class=\"text-xs italic sm:ml-7 sm:text-sm\">Les offres sont s\u00e9lectionn\u00e9es par notre \u00e9quipe commerciale<\/span><\/p><\/div>\n<\/p><\/div>\n<\/p><\/div>\n","protected":false},"excerpt":{"rendered":"<p>Nous pouvons gagner une commission sur les liens sur cette page. Les prix et la disponibilit\u00e9 de l&rsquo;offre sont sujets \u00e0 changement apr\u00e8s la publication.<\/p>\n","protected":false},"author":1,"featured_media":13431,"comment_status":"","ping_status":"","sticky":false,"template":"","format":"standard","meta":{"footnotes":""},"categories":[10230],"tags":[19,54,139,76,308,55],"class_list":["post-13430","post","type-post","status-publish","format-standard","has-post-thumbnail","hentry","category-apple","tag-actuellement","tag-apple","tag-derniere","tag-est","tag-reduction","tag-watch","generate-columns","tablet-grid-50","mobile-grid-100","grid-parent","grid-33"],"yoast_head":"<!-- This site is optimized with the Yoast SEO plugin v24.0 - https:\/\/yoast.com\/wordpress\/plugins\/seo\/ -->\n<title>La derni\u00e8re Apple Watch est actuellement \u00e0 100\u00a0$ de r\u00e9duction | Vie Associative<\/title>\n<meta name=\"robots\" content=\"index, follow, max-snippet:-1, max-image-preview:large, max-video-preview:-1\" \/>\n<link rel=\"canonical\" href=\"https:\/\/vieassociative.be\/actualites\/la-derniere-apple-watch-est-actuellement-a-100-de-reduction-3\/\" \/>\n<meta property=\"og:locale\" content=\"fr_FR\" \/>\n<meta property=\"og:type\" content=\"article\" \/>\n<meta property=\"og:title\" content=\"La derni\u00e8re Apple Watch est actuellement \u00e0 100\u00a0$ de r\u00e9duction | Vie Associative\" \/>\n<meta property=\"og:description\" content=\"Nous pouvons gagner une commission sur les liens sur cette page. Les prix et la disponibilit\u00e9 de l&rsquo;offre sont sujets \u00e0 changement apr\u00e8s la publication.\" \/>\n<meta property=\"og:url\" content=\"https:\/\/vieassociative.be\/actualites\/la-derniere-apple-watch-est-actuellement-a-100-de-reduction-3\/\" \/>\n<meta property=\"og:site_name\" content=\"Vie Associative\" \/>\n<meta property=\"article:published_time\" content=\"2026-04-13T20:18:04+00:00\" \/>\n<meta property=\"og:image\" content=\"https:\/\/vieassociative.be\/actualites\/wp-content\/uploads\/2026\/03\/Comment-suivre-votre-sommeil-avec-une-Apple-Watch.jpg\" \/>\n<meta name=\"author\" content=\"Julien\" \/>\n<meta name=\"twitter:card\" content=\"summary_large_image\" \/>\n<meta name=\"twitter:label1\" content=\"\u00c9crit par\" \/>\n\t<meta name=\"twitter:data1\" content=\"Julien\" \/>\n\t<meta name=\"twitter:label2\" content=\"Dur\u00e9e de lecture est.\" \/>\n\t<meta name=\"twitter:data2\" content=\"2 minutes\" \/>\n<script type=\"application\/ld+json\" class=\"yoast-schema-graph\">{\"@context\":\"https:\/\/schema.org\",\"@graph\":[{\"@type\":\"Article\",\"@id\":\"https:\/\/vieassociative.be\/actualites\/la-derniere-apple-watch-est-actuellement-a-100-de-reduction-3\/#article\",\"isPartOf\":{\"@id\":\"https:\/\/vieassociative.be\/actualites\/la-derniere-apple-watch-est-actuellement-a-100-de-reduction-3\/\"},\"author\":{\"name\":\"Julien\",\"@id\":\"https:\/\/vieassociative.be\/actualites\/#\/schema\/person\/b87ac4f82f9d4e7b7cec7395b679edc4\"},\"headline\":\"La derni\u00e8re Apple Watch est actuellement \u00e0 100\u00a0$ de r\u00e9duction\",\"datePublished\":\"2026-04-13T20:18:04+00:00\",\"dateModified\":\"2026-04-13T20:18:04+00:00\",\"mainEntityOfPage\":{\"@id\":\"https:\/\/vieassociative.be\/actualites\/la-derniere-apple-watch-est-actuellement-a-100-de-reduction-3\/\"},\"wordCount\":484,\"publisher\":{\"@id\":\"https:\/\/vieassociative.be\/actualites\/#organization\"},\"image\":{\"@id\":\"https:\/\/vieassociative.be\/actualites\/la-derniere-apple-watch-est-actuellement-a-100-de-reduction-3\/#primaryimage\"},\"thumbnailUrl\":\"https:\/\/vieassociative.be\/actualites\/wp-content\/uploads\/2026\/04\/La-derniere-Apple-Watch-est-actuellement-a-100-de-reduction.png\",\"keywords\":[\"actuellement\",\"Apple\",\"derni\u00e8re\",\"est\",\"r\u00e9duction\",\"Watch\"],\"articleSection\":[\"Apple\"],\"inLanguage\":\"fr-BE\"},{\"@type\":\"WebPage\",\"@id\":\"https:\/\/vieassociative.be\/actualites\/la-derniere-apple-watch-est-actuellement-a-100-de-reduction-3\/\",\"url\":\"https:\/\/vieassociative.be\/actualites\/la-derniere-apple-watch-est-actuellement-a-100-de-reduction-3\/\",\"name\":\"La derni\u00e8re Apple Watch est actuellement \u00e0 100\u00a0$ de r\u00e9duction | Vie Associative\",\"isPartOf\":{\"@id\":\"https:\/\/vieassociative.be\/actualites\/#website\"},\"primaryImageOfPage\":{\"@id\":\"https:\/\/vieassociative.be\/actualites\/la-derniere-apple-watch-est-actuellement-a-100-de-reduction-3\/#primaryimage\"},\"image\":{\"@id\":\"https:\/\/vieassociative.be\/actualites\/la-derniere-apple-watch-est-actuellement-a-100-de-reduction-3\/#primaryimage\"},\"thumbnailUrl\":\"https:\/\/vieassociative.be\/actualites\/wp-content\/uploads\/2026\/04\/La-derniere-Apple-Watch-est-actuellement-a-100-de-reduction.png\",\"datePublished\":\"2026-04-13T20:18:04+00:00\",\"dateModified\":\"2026-04-13T20:18:04+00:00\",\"breadcrumb\":{\"@id\":\"https:\/\/vieassociative.be\/actualites\/la-derniere-apple-watch-est-actuellement-a-100-de-reduction-3\/#breadcrumb\"},\"inLanguage\":\"fr-BE\",\"potentialAction\":[{\"@type\":\"ReadAction\",\"target\":[\"https:\/\/vieassociative.be\/actualites\/la-derniere-apple-watch-est-actuellement-a-100-de-reduction-3\/\"]}]},{\"@type\":\"ImageObject\",\"inLanguage\":\"fr-BE\",\"@id\":\"https:\/\/vieassociative.be\/actualites\/la-derniere-apple-watch-est-actuellement-a-100-de-reduction-3\/#primaryimage\",\"url\":\"https:\/\/vieassociative.be\/actualites\/wp-content\/uploads\/2026\/04\/La-derniere-Apple-Watch-est-actuellement-a-100-de-reduction.png\",\"contentUrl\":\"https:\/\/vieassociative.be\/actualites\/wp-content\/uploads\/2026\/04\/La-derniere-Apple-Watch-est-actuellement-a-100-de-reduction.png\",\"width\":1200,\"height\":675,\"caption\":\"La derni\u00e8re Apple Watch est actuellement \u00e0 100\u00a0$ de r\u00e9duction\"},{\"@type\":\"BreadcrumbList\",\"@id\":\"https:\/\/vieassociative.be\/actualites\/la-derniere-apple-watch-est-actuellement-a-100-de-reduction-3\/#breadcrumb\",\"itemListElement\":[{\"@type\":\"ListItem\",\"position\":1,\"name\":\"Accueil\",\"item\":\"https:\/\/vieassociative.be\/actualites\/\"},{\"@type\":\"ListItem\",\"position\":2,\"name\":\"La derni\u00e8re Apple Watch est actuellement \u00e0 100\u00a0$ de r\u00e9duction\"}]},{\"@type\":\"WebSite\",\"@id\":\"https:\/\/vieassociative.be\/actualites\/#website\",\"url\":\"https:\/\/vieassociative.be\/actualites\/\",\"name\":\"Vie Associative\",\"description\":\"\",\"publisher\":{\"@id\":\"https:\/\/vieassociative.be\/actualites\/#organization\"},\"potentialAction\":[{\"@type\":\"SearchAction\",\"target\":{\"@type\":\"EntryPoint\",\"urlTemplate\":\"https:\/\/vieassociative.be\/actualites\/?s={search_term_string}\"},\"query-input\":{\"@type\":\"PropertyValueSpecification\",\"valueRequired\":true,\"valueName\":\"search_term_string\"}}],\"inLanguage\":\"fr-BE\"},{\"@type\":\"Organization\",\"@id\":\"https:\/\/vieassociative.be\/actualites\/#organization\",\"name\":\"Vie Associative\",\"url\":\"https:\/\/vieassociative.be\/actualites\/\",\"logo\":{\"@type\":\"ImageObject\",\"inLanguage\":\"fr-BE\",\"@id\":\"https:\/\/vieassociative.be\/actualites\/#\/schema\/logo\/image\/\",\"url\":\"https:\/\/vieassociative.be\/actualites\/wp-content\/uploads\/2024\/09\/cropped-vieassociative_favicon.ico.png\",\"contentUrl\":\"https:\/\/vieassociative.be\/actualites\/wp-content\/uploads\/2024\/09\/cropped-vieassociative_favicon.ico.png\",\"width\":512,\"height\":512,\"caption\":\"Vie Associative\"},\"image\":{\"@id\":\"https:\/\/vieassociative.be\/actualites\/#\/schema\/logo\/image\/\"}},{\"@type\":\"Person\",\"@id\":\"https:\/\/vieassociative.be\/actualites\/#\/schema\/person\/b87ac4f82f9d4e7b7cec7395b679edc4\",\"name\":\"Julien\",\"image\":{\"@type\":\"ImageObject\",\"inLanguage\":\"fr-BE\",\"@id\":\"https:\/\/vieassociative.be\/actualites\/#\/schema\/person\/image\/\",\"url\":\"https:\/\/vieassociative.be\/actualites\/wp-content\/uploads\/2024\/09\/vie-associative-1-150x150.jpg\",\"contentUrl\":\"https:\/\/vieassociative.be\/actualites\/wp-content\/uploads\/2024\/09\/vie-associative-1-150x150.jpg\",\"caption\":\"Julien\"},\"description\":\"Je suis Julien, r\u00e9dacteur pour Vie Associative. Passionn\u00e9 par le monde associatif depuis plus de 10 ans, j'ai \u00e0 c\u0153ur de partager des histoires inspirantes et de mettre en lumi\u00e8re les initiatives locales. Mon objectif est de sensibiliser et d'encourager l'engagement communautaire \u00e0 travers mes articles.\",\"sameAs\":[\"https:\/\/vieassociative.be\/\"]}]}<\/script>\n<!-- \/ Yoast SEO plugin. -->","yoast_head_json":{"title":"La derni\u00e8re Apple Watch est actuellement \u00e0 100\u00a0$ de r\u00e9duction | Vie Associative","robots":{"index":"index","follow":"follow","max-snippet":"max-snippet:-1","max-image-preview":"max-image-preview:large","max-video-preview":"max-video-preview:-1"},"canonical":"https:\/\/vieassociative.be\/actualites\/la-derniere-apple-watch-est-actuellement-a-100-de-reduction-3\/","og_locale":"fr_FR","og_type":"article","og_title":"La derni\u00e8re Apple Watch est actuellement \u00e0 100\u00a0$ de r\u00e9duction | Vie Associative","og_description":"Nous pouvons gagner une commission sur les liens sur cette page. Les prix et la disponibilit\u00e9 de l&rsquo;offre sont sujets \u00e0 changement apr\u00e8s la publication.","og_url":"https:\/\/vieassociative.be\/actualites\/la-derniere-apple-watch-est-actuellement-a-100-de-reduction-3\/","og_site_name":"Vie Associative","article_published_time":"2026-04-13T20:18:04+00:00","og_image":[{"url":"https:\/\/vieassociative.be\/actualites\/wp-content\/uploads\/2026\/03\/Comment-suivre-votre-sommeil-avec-une-Apple-Watch.jpg","type":"","width":"","height":""}],"author":"Julien","twitter_card":"summary_large_image","twitter_misc":{"\u00c9crit par":"Julien","Dur\u00e9e de lecture est.":"2 minutes"},"schema":{"@context":"https:\/\/schema.org","@graph":[{"@type":"Article","@id":"https:\/\/vieassociative.be\/actualites\/la-derniere-apple-watch-est-actuellement-a-100-de-reduction-3\/#article","isPartOf":{"@id":"https:\/\/vieassociative.be\/actualites\/la-derniere-apple-watch-est-actuellement-a-100-de-reduction-3\/"},"author":{"name":"Julien","@id":"https:\/\/vieassociative.be\/actualites\/#\/schema\/person\/b87ac4f82f9d4e7b7cec7395b679edc4"},"headline":"La derni\u00e8re Apple Watch est actuellement \u00e0 100\u00a0$ de r\u00e9duction","datePublished":"2026-04-13T20:18:04+00:00","dateModified":"2026-04-13T20:18:04+00:00","mainEntityOfPage":{"@id":"https:\/\/vieassociative.be\/actualites\/la-derniere-apple-watch-est-actuellement-a-100-de-reduction-3\/"},"wordCount":484,"publisher":{"@id":"https:\/\/vieassociative.be\/actualites\/#organization"},"image":{"@id":"https:\/\/vieassociative.be\/actualites\/la-derniere-apple-watch-est-actuellement-a-100-de-reduction-3\/#primaryimage"},"thumbnailUrl":"https:\/\/vieassociative.be\/actualites\/wp-content\/uploads\/2026\/04\/La-derniere-Apple-Watch-est-actuellement-a-100-de-reduction.png","keywords":["actuellement","Apple","derni\u00e8re","est","r\u00e9duction","Watch"],"articleSection":["Apple"],"inLanguage":"fr-BE"},{"@type":"WebPage","@id":"https:\/\/vieassociative.be\/actualites\/la-derniere-apple-watch-est-actuellement-a-100-de-reduction-3\/","url":"https:\/\/vieassociative.be\/actualites\/la-derniere-apple-watch-est-actuellement-a-100-de-reduction-3\/","name":"La derni\u00e8re Apple Watch est actuellement \u00e0 100\u00a0$ de r\u00e9duction | Vie Associative","isPartOf":{"@id":"https:\/\/vieassociative.be\/actualites\/#website"},"primaryImageOfPage":{"@id":"https:\/\/vieassociative.be\/actualites\/la-derniere-apple-watch-est-actuellement-a-100-de-reduction-3\/#primaryimage"},"image":{"@id":"https:\/\/vieassociative.be\/actualites\/la-derniere-apple-watch-est-actuellement-a-100-de-reduction-3\/#primaryimage"},"thumbnailUrl":"https:\/\/vieassociative.be\/actualites\/wp-content\/uploads\/2026\/04\/La-derniere-Apple-Watch-est-actuellement-a-100-de-reduction.png","datePublished":"2026-04-13T20:18:04+00:00","dateModified":"2026-04-13T20:18:04+00:00","breadcrumb":{"@id":"https:\/\/vieassociative.be\/actualites\/la-derniere-apple-watch-est-actuellement-a-100-de-reduction-3\/#breadcrumb"},"inLanguage":"fr-BE","potentialAction":[{"@type":"ReadAction","target":["https:\/\/vieassociative.be\/actualites\/la-derniere-apple-watch-est-actuellement-a-100-de-reduction-3\/"]}]},{"@type":"ImageObject","inLanguage":"fr-BE","@id":"https:\/\/vieassociative.be\/actualites\/la-derniere-apple-watch-est-actuellement-a-100-de-reduction-3\/#primaryimage","url":"https:\/\/vieassociative.be\/actualites\/wp-content\/uploads\/2026\/04\/La-derniere-Apple-Watch-est-actuellement-a-100-de-reduction.png","contentUrl":"https:\/\/vieassociative.be\/actualites\/wp-content\/uploads\/2026\/04\/La-derniere-Apple-Watch-est-actuellement-a-100-de-reduction.png","width":1200,"height":675,"caption":"La derni\u00e8re Apple Watch est actuellement \u00e0 100\u00a0$ de r\u00e9duction"},{"@type":"BreadcrumbList","@id":"https:\/\/vieassociative.be\/actualites\/la-derniere-apple-watch-est-actuellement-a-100-de-reduction-3\/#breadcrumb","itemListElement":[{"@type":"ListItem","position":1,"name":"Accueil","item":"https:\/\/vieassociative.be\/actualites\/"},{"@type":"ListItem","position":2,"name":"La derni\u00e8re Apple Watch est actuellement \u00e0 100\u00a0$ de r\u00e9duction"}]},{"@type":"WebSite","@id":"https:\/\/vieassociative.be\/actualites\/#website","url":"https:\/\/vieassociative.be\/actualites\/","name":"Vie Associative","description":"","publisher":{"@id":"https:\/\/vieassociative.be\/actualites\/#organization"},"potentialAction":[{"@type":"SearchAction","target":{"@type":"EntryPoint","urlTemplate":"https:\/\/vieassociative.be\/actualites\/?s={search_term_string}"},"query-input":{"@type":"PropertyValueSpecification","valueRequired":true,"valueName":"search_term_string"}}],"inLanguage":"fr-BE"},{"@type":"Organization","@id":"https:\/\/vieassociative.be\/actualites\/#organization","name":"Vie Associative","url":"https:\/\/vieassociative.be\/actualites\/","logo":{"@type":"ImageObject","inLanguage":"fr-BE","@id":"https:\/\/vieassociative.be\/actualites\/#\/schema\/logo\/image\/","url":"https:\/\/vieassociative.be\/actualites\/wp-content\/uploads\/2024\/09\/cropped-vieassociative_favicon.ico.png","contentUrl":"https:\/\/vieassociative.be\/actualites\/wp-content\/uploads\/2024\/09\/cropped-vieassociative_favicon.ico.png","width":512,"height":512,"caption":"Vie Associative"},"image":{"@id":"https:\/\/vieassociative.be\/actualites\/#\/schema\/logo\/image\/"}},{"@type":"Person","@id":"https:\/\/vieassociative.be\/actualites\/#\/schema\/person\/b87ac4f82f9d4e7b7cec7395b679edc4","name":"Julien","image":{"@type":"ImageObject","inLanguage":"fr-BE","@id":"https:\/\/vieassociative.be\/actualites\/#\/schema\/person\/image\/","url":"https:\/\/vieassociative.be\/actualites\/wp-content\/uploads\/2024\/09\/vie-associative-1-150x150.jpg","contentUrl":"https:\/\/vieassociative.be\/actualites\/wp-content\/uploads\/2024\/09\/vie-associative-1-150x150.jpg","caption":"Julien"},"description":"Je suis Julien, r\u00e9dacteur pour Vie Associative. Passionn\u00e9 par le monde associatif depuis plus de 10 ans, j'ai \u00e0 c\u0153ur de partager des histoires inspirantes et de mettre en lumi\u00e8re les initiatives locales. Mon objectif est de sensibiliser et d'encourager l'engagement communautaire \u00e0 travers mes articles.","sameAs":["https:\/\/vieassociative.be\/"]}]}},"_links":{"self":[{"href":"https:\/\/vieassociative.be\/actualites\/wp-json\/wp\/v2\/posts\/13430"}],"collection":[{"href":"https:\/\/vieassociative.be\/actualites\/wp-json\/wp\/v2\/posts"}],"about":[{"href":"https:\/\/vieassociative.be\/actualites\/wp-json\/wp\/v2\/types\/post"}],"author":[{"embeddable":true,"href":"https:\/\/vieassociative.be\/actualites\/wp-json\/wp\/v2\/users\/1"}],"replies":[{"embeddable":true,"href":"https:\/\/vieassociative.be\/actualites\/wp-json\/wp\/v2\/comments?post=13430"}],"version-history":[{"count":0,"href":"https:\/\/vieassociative.be\/actualites\/wp-json\/wp\/v2\/posts\/13430\/revisions"}],"wp:featuredmedia":[{"embeddable":true,"href":"https:\/\/vieassociative.be\/actualites\/wp-json\/wp\/v2\/media\/13431"}],"wp:attachment":[{"href":"https:\/\/vieassociative.be\/actualites\/wp-json\/wp\/v2\/media?parent=13430"}],"wp:term":[{"taxonomy":"category","embeddable":true,"href":"https:\/\/vieassociative.be\/actualites\/wp-json\/wp\/v2\/categories?post=13430"},{"taxonomy":"post_tag","embeddable":true,"href":"https:\/\/vieassociative.be\/actualites\/wp-json\/wp\/v2\/tags?post=13430"}],"curies":[{"name":"wp","href":"https:\/\/api.w.org\/{rel}","templated":true}]}}