{"id":13428,"date":"2026-04-13T16:17:50","date_gmt":"2026-04-13T14:17:50","guid":{"rendered":"https:\/\/vieassociative.be\/actualites\/les-lunettes-intelligentes-ray-ban-meta-wayfarer-sont-a-25-de-reduction-en-ce-moment\/"},"modified":"2026-04-13T16:17:50","modified_gmt":"2026-04-13T14:17:50","slug":"les-lunettes-intelligentes-ray-ban-meta-wayfarer-sont-a-25-de-reduction-en-ce-moment","status":"publish","type":"post","link":"https:\/\/vieassociative.be\/actualites\/les-lunettes-intelligentes-ray-ban-meta-wayfarer-sont-a-25-de-reduction-en-ce-moment\/","title":{"rendered":"Les lunettes intelligentes Ray-Ban Meta Wayfarer sont \u00e0 25 % de r\u00e9duction en ce moment"},"content":{"rendered":"<p>Nous pouvons gagner une commission sur les liens sur cette page. Les prix et la disponibilit\u00e9 de l&rsquo;offre sont sujets \u00e0 changement apr\u00e8s la publication.<\/p>\n<p>\u00c0 l&rsquo;\u00e8re des lunettes intelligentes, les Ray-Ban Meta Wayfarer sont connues comme l&rsquo;une des options d&rsquo;apparence les plus naturelles : elles se fondent facilement dans votre style quotidien, ressemblant et se sentant comme des lunettes normales. Ils constituent \u00e9galement l&rsquo;assistance mains libres ultime avec l&rsquo;IA int\u00e9gr\u00e9e. De plus, ils r\u00e9duisent le besoin de d\u00e9pendance au t\u00e9l\u00e9phone, ce qui constitue un avantage majeur. \u00c0 l&rsquo;heure actuelle, les lunettes intelligentes Ray-Ban Meta Wayfarer de premi\u00e8re g\u00e9n\u00e9ration sont \u00e0 25\u00a0% de r\u00e9duction sur Amazon, les ramenant \u00e0 leur prix le plus bas jamais vu, \u00e0 224,25\u00a0$ (\u00e0 l&rsquo;origine 299,00\u00a0$).<\/p>\n<div class=\"pogoClear mb-12 mt-10 rounded-md border-2 border-gray-100 py-7 shadow-xl md:py-6\">\n<div class=\"flex flex-wrap justify-between px-7 text-black no-underline md:flex-nowrap md:px-8\">\n<div class=\"order-1 mx-auto flex flex-col justify-center md:order-2 md:ml-4 md:w-full md:grow\">\n<div class=\"block cursor-pointer text-center font-akshar text-2xl font-medium leading-7 text-brand-green duration-200 ease-in-out hover:text-brand-green-700 md:text-left md:text-xl md:leading-6\">Lunettes intelligentes Ray-Ban Meta Wayfarer (Gen 1)\n                <\/div>\n<div class=\"mt-4 hidden md:flex md:justify-between\">\n<div class=\"self-end\">\n<div class=\"mb-0 h-11 md:flex md:flex-col md:justify-center\">\n<div class=\" font-sans leading-4 text-black\">\n<div class=\"flex flex-wrap items-center justify-center gap-1 md:justify-start\">\n        <span class=\"font-bold\"><\/p>\n<p>            224,25\u00a0$<br \/>\n                            <span class=\"font-medium\">chez Amazon<\/span><br \/>\n                    <\/span>\n            <\/div>\n<div class=\"flex items-center justify-center gap-x-1 font-bold md:justify-start\">\n            <span class=\"text-sm line-through\">299,00\u00a0$<\/span><br \/>\n            <span class=\"text-sm text-brand-green\">\u00c9conomisez 74,75\u00a0$<\/span>\n        <\/div>\n<\/p><\/div>\n<\/p><\/div>\n<\/p><\/div>\n<div class=\"w-44 self-end\">\n                            <button class=\"flex justify-center items-center w-full bg-brand-green text-white text-base font-sans font-medium rounded-md hover:bg-brand-green-700 hover:cursor-pointer md:text-sm h-11\"><\/p>\n<p>    Obtenez une offre<br \/>\n<\/button>\n                        <\/div>\n<\/p><\/div>\n<\/p><\/div>\n<div class=\"order-2 mt-5 h-auto w-full md:order-1 md:mt-0 md:hidden\">\n<div class=\"flex aspect-video items-center justify-center\">\n                                            <img decoding=\"async\" class=\"m-0 max-h-full max-w-full rounded-md\" src=\"https:\/\/vieassociative.be\/actualites\/wp-content\/uploads\/2026\/04\/Les-lunettes-intelligentes-Ray-Ban-Meta-Wayfarer-sont-a-25.jpg\" alt=\"Lunettes intelligentes Ray-Ban Meta Wayfarer (Gen 1)\" width=\"auto\" height=\"auto\" loading=\"lazy\">\n                                    <\/div>\n<\/p><\/div>\n<div class=\"order-2 ml-2 hidden w-32 shrink-0 items-center md:order-1 md:ml-0 md:flex\">\n<div class=\"flex aspect-video items-center justify-center\">\n                                            <img decoding=\"async\" class=\"m-0 max-h-full max-w-full rounded-md\" src=\"https:\/\/vieassociative.be\/actualites\/wp-content\/uploads\/2026\/04\/Les-lunettes-intelligentes-Ray-Ban-Meta-Wayfarer-sont-a-25.jpg\" alt=\"Lunettes intelligentes Ray-Ban Meta Wayfarer (Gen 1)\" width=\"auto\" height=\"auto\" loading=\"lazy\">\n                                    <\/div>\n<\/p><\/div>\n<div class=\"order-3 flex grow flex-wrap md:hidden md:grow-0\">\n<div class=\"mt-4 w-full\">\n                        <button class=\"flex justify-center items-center w-full bg-brand-green text-white text-base font-sans font-medium rounded-md hover:bg-brand-green-700 hover:cursor-pointer md:text-sm h-11\"><\/p>\n<p>    Obtenez une offre<br \/>\n<\/button>\n                    <\/div>\n<div class=\"mx-2 mt-4 w-full\">\n<div class=\" font-sans leading-4 text-black\">\n<div class=\"flex flex-wrap items-center justify-center gap-1 md:justify-start\">\n        <span class=\"font-bold\"><\/p>\n<p>            224,25\u00a0$<br \/>\n                            <span class=\"font-medium\">chez Amazon<\/span><br \/>\n                    <\/span>\n            <\/div>\n<div class=\"flex items-center justify-center gap-x-1 font-bold md:justify-start\">\n            <span class=\"text-sm line-through\">299,00\u00a0$<\/span><br \/>\n            <span class=\"text-sm text-brand-green\">\u00c9conomisez 74,75\u00a0$<\/span>\n        <\/div>\n<\/p><\/div>\n<\/p><\/div>\n<\/p><\/div>\n<\/p><\/div>\n<\/div>\n<p>Disponibles en verres clairs et teint\u00e9s verts, ces lunettes AI combinent des lunettes chics avec des \u00e9couteurs ouverts et un appareil photo int\u00e9gr\u00e9. Ils vous permettent de prendre des photos et des vid\u00e9os pour les r\u00e9seaux sociaux, d&rsquo;\u00e9couter de la musique ou de prendre des appels. Par rapport \u00e0 leur pr\u00e9d\u00e9cesseur, les Ray-Ban Stories, ils disposent d&rsquo;un appareil photo 12MP plus net, de haut-parleurs plus puissants et d&rsquo;un micro suppl\u00e9mentaire pour un total de cinq. Ils sont \u00e9galement r\u00e9sistants \u00e0 l&rsquo;eau, ce qui les rend id\u00e9aux pour les entra\u00eenements ou les jours de pluie.<\/p>\n<p>L&rsquo;appareil photo 12MP enregistre des s\u00e9quences vid\u00e9o \u00e0 une r\u00e9solution de 1080p et encadre les photos et les vid\u00e9os verticalement pour un format convivial. Cela dit, si vous souhaitez photographier horizontalement, cela peut \u00eatre un inconv\u00e9nient. Les lunettes sont configur\u00e9es via l&rsquo;application Meta View sur Android et iOS et se synchronisent facilement avec les r\u00e9seaux sociaux. Selon PCMag, les cadres ont une autonomie d&rsquo;environ quatre heures avec huit charges suppl\u00e9mentaires dans le bo\u00eetier pour un total de 36 heures. \u00c0 15\u00a0%, les utilisateurs re\u00e7oivent un avertissement sonore de faible charge. Il convient de noter que vous ne pouvez pas filmer de vid\u00e9o avec moins de 15\u00a0% de charge.<\/p>\n<p>Si vous souhaitez un moyen naturel de prendre des photos, d&rsquo;enregistrer des vid\u00e9os ou de r\u00e9pondre \u00e0 des appels sans chercher votre t\u00e9l\u00e9phone, les Meta Ray-Ban sont une option fiable. Bien que vous puissiez le faire en appuyant sur le bouton pr\u00e8s de votre tempe, vous pouvez prendre des photos ou enregistrer \u00e0 l&rsquo;aide de l&rsquo;assistant vocal IA int\u00e9gr\u00e9, qui traduit \u00e9galement le texte et identifie l&rsquo;environnement. Un pi\u00e8ge potentiel est que si vous avez des cheveux plus longs, ils peuvent recouvrir partiellement l&rsquo;objectif lors des prises de vue. Ils n&rsquo;offrent pas non plus de commandes de zoom ou de mise au point manuelle, les amateurs de photographie voudront peut-\u00eatre quelque chose de plus avanc\u00e9.<\/p>\n<p>Cela dit, si vous souhaitez une combinaison g\u00e9n\u00e9rale de fonctionnalit\u00e9s utiles, les lunettes intelligentes Ray-Ban Meta Wayfarer sont le choix id\u00e9al pour les voyageurs et les utilisateurs de m\u00e9dias sociaux, ou pour tous ceux qui cherchent \u00e0 \u00eatre un peu moins d\u00e9pendants de leur t\u00e9l\u00e9phone. Bien qu&rsquo;ils ne soient pas con\u00e7us pour la photographie s\u00e9rieuse, ils constituent une mise \u00e0 niveau \u00e9l\u00e9gante et pratique qui facilite la capture de moments et reste connect\u00e9 tout en gardant les mains libres.<\/p>\n<div class=\" relative flex justify-center py-16 md:left-1\/2 md:w-(780px) md:max-w-max md:-translate-x-1\/2\">\n<div class=\"w-max text-center sm:text-left\">\n<div class=\"custom-gradient-background mb-6 rounded-md p-(2px) sm:rounded-tl-none\">\n<div class=\"flex flex-col rounded bg-white sm:rounded-tl-none\">\n                    <span class=\"-mt-4 block w-fit max-w-(calc(100%-1rem)) self-center bg-white px-3 text-center font-akshar text-xl font-medium capitalize text-gray-800 sm:max-w-(calc(100%-2.5rem)) sm:self-start sm:px-10 sm:text-left sm:text-2xl\">Nos meilleures offres technologiques approuv\u00e9es par les \u00e9diteurs en ce moment<\/span><\/p>\n<div class=\"flex flex-col gap-3 p-3 pb-4 text-sm sm:p-10 sm:pt-6 sm:text-justify sm:text-base\">\n<div>\n<p>    \u00c9couteurs sans fil Apple AirPods Pro 3 \u00e0 r\u00e9duction de bruit et fr\u00e9quence cardiaque<\/p>\n<p>                                <span class=\"text-black\"><br \/>\n                                    \u2014<br \/>\n                                    <span class=\"font-bold\">199,99\u00a0$<\/span><br \/>\n                                    <span class=\"!text-xs italic sm:!text-sm\"><\/p>\n<p>                                        (Prix catalogue 249,00 $)<br \/>\n                                    <\/span><br \/>\n                                <\/span>\n                            <\/div>\n<div>\n<p>    Apple iPad 11&Prime; 128 Go A16 WiFi Tablette (Bleu, 2025)<\/p>\n<p>                                <span class=\"text-black\"><br \/>\n                                    \u2014<br \/>\n                                    <span class=\"font-bold\">299,00\u00a0$<\/span><br \/>\n                                    <span class=\"!text-xs italic sm:!text-sm\"><\/p>\n<p>                                        (Prix catalogue 349,00 $)<br \/>\n                                    <\/span><br \/>\n                                <\/span>\n                            <\/div>\n<div>\n<p>    Apple Watch Series 11 (GPS, 42 mm, bracelet sport noir S\/M)<\/p>\n<p>                                <span class=\"text-black\"><br \/>\n                                    \u2014<br \/>\n                                    <span class=\"font-bold\">299,00\u00a0$<\/span><br \/>\n                                    <span class=\"!text-xs italic sm:!text-sm\"><\/p>\n<p>                                        (Prix catalogue 399,00 $)<br \/>\n                                    <\/span><br \/>\n                                <\/span>\n                            <\/div>\n<div>\n<p>    Lecteur de streaming Fire TV Stick 4K Plus avec t\u00e9l\u00e9commande (mod\u00e8le 2025)<\/p>\n<p>                                <span class=\"text-black\"><br \/>\n                                    \u2014<br \/>\n                                    <span class=\"font-bold\">29,99\u00a0$<\/span><br \/>\n                                    <span class=\"!text-xs italic sm:!text-sm\"><\/p>\n<p>                                        (Prix catalogue 49,99 $)<br \/>\n                                    <\/span><br \/>\n                                <\/span>\n                            <\/div>\n<div>\n<p>    Barre de son Amazon Fire TV<\/p>\n<p>                                <span class=\"text-black\"><br \/>\n                                    \u2014<br \/>\n                                    <span class=\"font-bold\">99,99\u00a0$<\/span><br \/>\n                                    <span class=\"!text-xs italic sm:!text-sm\"><\/p>\n<p>                                        (Prix catalogue 119,99 $)<br \/>\n                                    <\/span><br \/>\n                                <\/span>\n                            <\/div>\n<div>\n<p>    Sonnette vid\u00e9o sans fil Blink (mod\u00e8le le plus r\u00e9cent) + module de synchronisation<\/p>\n<p>                                <span class=\"text-black\"><br \/>\n                                    \u2014<br \/>\n                                    <span class=\"font-bold\">35,99\u00a0$<\/span><br \/>\n                                    <span class=\"!text-xs italic sm:!text-sm\"><\/p>\n<p>                                        (Prix catalogue 69,99 $)<br \/>\n                                    <\/span><br \/>\n                                <\/span>\n                            <\/div>\n<div>\n<p>    Ring Indoor Cam (2e g\u00e9n\u00e9ration, paquet de 2, blanc)<\/p>\n<p>                                <span class=\"text-black\"><br \/>\n                                    \u2014<br \/>\n                                    <span class=\"font-bold\">59,98\u00a0$<\/span><br \/>\n                                    <span class=\"!text-xs italic sm:!text-sm\"><\/p>\n<p>                                        (Prix catalogue 79,99 $)<br \/>\n                                    <\/span><br \/>\n                                <\/span>\n                            <\/div>\n<\/p><\/div>\n<\/p><\/div>\n<\/p><\/div>\n<div class=\"flex flex-col items-center justify-between text-black sm:flex-row sm:px-6\">\n                <span class=\"text-xs italic sm:ml-7 sm:text-sm\">Les offres sont s\u00e9lectionn\u00e9es par notre \u00e9quipe commerciale<\/span><\/p><\/div>\n<\/p><\/div>\n<\/p><\/div>\n","protected":false},"excerpt":{"rendered":"<p>Nous pouvons gagner une commission sur les liens sur cette page. Les prix et la disponibilit\u00e9 de l&rsquo;offre sont sujets \u00e0 changement apr\u00e8s la publication.<\/p>\n","protected":false},"author":1,"featured_media":13429,"comment_status":"","ping_status":"","sticky":false,"template":"","format":"standard","meta":{"footnotes":""},"categories":[13],"tags":[2170,14,3912,487,1429,6870,308,18,10477],"class_list":["post-13428","post","type-post","status-publish","format-standard","has-post-thumbnail","hentry","category-technologie","tag-intelligentes","tag-les","tag-lunettes","tag-meta","tag-moment","tag-rayban","tag-reduction","tag-sont","tag-wayfarer","generate-columns","tablet-grid-50","mobile-grid-100","grid-parent","grid-33"],"yoast_head":"<!-- This site is optimized with the Yoast SEO plugin v24.0 - https:\/\/yoast.com\/wordpress\/plugins\/seo\/ -->\n<title>Les lunettes intelligentes Ray-Ban Meta Wayfarer sont \u00e0 25 % de r\u00e9duction en ce moment | Vie Associative<\/title>\n<meta name=\"robots\" content=\"index, follow, max-snippet:-1, max-image-preview:large, max-video-preview:-1\" \/>\n<link rel=\"canonical\" href=\"https:\/\/vieassociative.be\/actualites\/les-lunettes-intelligentes-ray-ban-meta-wayfarer-sont-a-25-de-reduction-en-ce-moment\/\" \/>\n<meta property=\"og:locale\" content=\"fr_FR\" \/>\n<meta property=\"og:type\" content=\"article\" \/>\n<meta property=\"og:title\" content=\"Les lunettes intelligentes Ray-Ban Meta Wayfarer sont \u00e0 25 % de r\u00e9duction en ce moment | Vie Associative\" \/>\n<meta property=\"og:description\" content=\"Nous pouvons gagner une commission sur les liens sur cette page. Les prix et la disponibilit\u00e9 de l&rsquo;offre sont sujets \u00e0 changement apr\u00e8s la publication.\" \/>\n<meta property=\"og:url\" content=\"https:\/\/vieassociative.be\/actualites\/les-lunettes-intelligentes-ray-ban-meta-wayfarer-sont-a-25-de-reduction-en-ce-moment\/\" \/>\n<meta property=\"og:site_name\" content=\"Vie Associative\" \/>\n<meta property=\"article:published_time\" content=\"2026-04-13T14:17:50+00:00\" \/>\n<meta property=\"og:image\" content=\"https:\/\/vieassociative.be\/actualites\/wp-content\/uploads\/2026\/04\/Les-lunettes-intelligentes-Ray-Ban-Meta-Wayfarer-sont-a-25.jpg\" \/>\n<meta name=\"author\" content=\"Julien\" \/>\n<meta name=\"twitter:card\" content=\"summary_large_image\" \/>\n<meta name=\"twitter:label1\" content=\"\u00c9crit par\" \/>\n\t<meta name=\"twitter:data1\" content=\"Julien\" \/>\n\t<meta name=\"twitter:label2\" content=\"Dur\u00e9e de lecture est.\" \/>\n\t<meta name=\"twitter:data2\" content=\"3 minutes\" \/>\n<script type=\"application\/ld+json\" class=\"yoast-schema-graph\">{\"@context\":\"https:\/\/schema.org\",\"@graph\":[{\"@type\":\"Article\",\"@id\":\"https:\/\/vieassociative.be\/actualites\/les-lunettes-intelligentes-ray-ban-meta-wayfarer-sont-a-25-de-reduction-en-ce-moment\/#article\",\"isPartOf\":{\"@id\":\"https:\/\/vieassociative.be\/actualites\/les-lunettes-intelligentes-ray-ban-meta-wayfarer-sont-a-25-de-reduction-en-ce-moment\/\"},\"author\":{\"name\":\"Julien\",\"@id\":\"https:\/\/vieassociative.be\/actualites\/#\/schema\/person\/b87ac4f82f9d4e7b7cec7395b679edc4\"},\"headline\":\"Les lunettes intelligentes Ray-Ban Meta Wayfarer sont \u00e0 25 % de r\u00e9duction en ce moment\",\"datePublished\":\"2026-04-13T14:17:50+00:00\",\"dateModified\":\"2026-04-13T14:17:50+00:00\",\"mainEntityOfPage\":{\"@id\":\"https:\/\/vieassociative.be\/actualites\/les-lunettes-intelligentes-ray-ban-meta-wayfarer-sont-a-25-de-reduction-en-ce-moment\/\"},\"wordCount\":711,\"publisher\":{\"@id\":\"https:\/\/vieassociative.be\/actualites\/#organization\"},\"image\":{\"@id\":\"https:\/\/vieassociative.be\/actualites\/les-lunettes-intelligentes-ray-ban-meta-wayfarer-sont-a-25-de-reduction-en-ce-moment\/#primaryimage\"},\"thumbnailUrl\":\"https:\/\/vieassociative.be\/actualites\/wp-content\/uploads\/2026\/04\/Les-lunettes-intelligentes-Ray-Ban-Meta-Wayfarer-sont-a-25.png\",\"keywords\":[\"intelligentes\",\"Les\",\"lunettes\",\"Meta\",\"moment\",\"RayBan\",\"r\u00e9duction\",\"sont\",\"Wayfarer\"],\"articleSection\":[\"Technologie\"],\"inLanguage\":\"fr-BE\"},{\"@type\":\"WebPage\",\"@id\":\"https:\/\/vieassociative.be\/actualites\/les-lunettes-intelligentes-ray-ban-meta-wayfarer-sont-a-25-de-reduction-en-ce-moment\/\",\"url\":\"https:\/\/vieassociative.be\/actualites\/les-lunettes-intelligentes-ray-ban-meta-wayfarer-sont-a-25-de-reduction-en-ce-moment\/\",\"name\":\"Les lunettes intelligentes Ray-Ban Meta Wayfarer sont \u00e0 25 % de r\u00e9duction en ce moment | Vie Associative\",\"isPartOf\":{\"@id\":\"https:\/\/vieassociative.be\/actualites\/#website\"},\"primaryImageOfPage\":{\"@id\":\"https:\/\/vieassociative.be\/actualites\/les-lunettes-intelligentes-ray-ban-meta-wayfarer-sont-a-25-de-reduction-en-ce-moment\/#primaryimage\"},\"image\":{\"@id\":\"https:\/\/vieassociative.be\/actualites\/les-lunettes-intelligentes-ray-ban-meta-wayfarer-sont-a-25-de-reduction-en-ce-moment\/#primaryimage\"},\"thumbnailUrl\":\"https:\/\/vieassociative.be\/actualites\/wp-content\/uploads\/2026\/04\/Les-lunettes-intelligentes-Ray-Ban-Meta-Wayfarer-sont-a-25.png\",\"datePublished\":\"2026-04-13T14:17:50+00:00\",\"dateModified\":\"2026-04-13T14:17:50+00:00\",\"breadcrumb\":{\"@id\":\"https:\/\/vieassociative.be\/actualites\/les-lunettes-intelligentes-ray-ban-meta-wayfarer-sont-a-25-de-reduction-en-ce-moment\/#breadcrumb\"},\"inLanguage\":\"fr-BE\",\"potentialAction\":[{\"@type\":\"ReadAction\",\"target\":[\"https:\/\/vieassociative.be\/actualites\/les-lunettes-intelligentes-ray-ban-meta-wayfarer-sont-a-25-de-reduction-en-ce-moment\/\"]}]},{\"@type\":\"ImageObject\",\"inLanguage\":\"fr-BE\",\"@id\":\"https:\/\/vieassociative.be\/actualites\/les-lunettes-intelligentes-ray-ban-meta-wayfarer-sont-a-25-de-reduction-en-ce-moment\/#primaryimage\",\"url\":\"https:\/\/vieassociative.be\/actualites\/wp-content\/uploads\/2026\/04\/Les-lunettes-intelligentes-Ray-Ban-Meta-Wayfarer-sont-a-25.png\",\"contentUrl\":\"https:\/\/vieassociative.be\/actualites\/wp-content\/uploads\/2026\/04\/Les-lunettes-intelligentes-Ray-Ban-Meta-Wayfarer-sont-a-25.png\",\"width\":1200,\"height\":675,\"caption\":\"Les lunettes intelligentes Ray-Ban Meta Wayfarer sont \u00e0 25 % de r\u00e9duction en ce moment\"},{\"@type\":\"BreadcrumbList\",\"@id\":\"https:\/\/vieassociative.be\/actualites\/les-lunettes-intelligentes-ray-ban-meta-wayfarer-sont-a-25-de-reduction-en-ce-moment\/#breadcrumb\",\"itemListElement\":[{\"@type\":\"ListItem\",\"position\":1,\"name\":\"Accueil\",\"item\":\"https:\/\/vieassociative.be\/actualites\/\"},{\"@type\":\"ListItem\",\"position\":2,\"name\":\"Les lunettes intelligentes Ray-Ban Meta Wayfarer sont \u00e0 25 % de r\u00e9duction en ce moment\"}]},{\"@type\":\"WebSite\",\"@id\":\"https:\/\/vieassociative.be\/actualites\/#website\",\"url\":\"https:\/\/vieassociative.be\/actualites\/\",\"name\":\"Vie Associative\",\"description\":\"\",\"publisher\":{\"@id\":\"https:\/\/vieassociative.be\/actualites\/#organization\"},\"potentialAction\":[{\"@type\":\"SearchAction\",\"target\":{\"@type\":\"EntryPoint\",\"urlTemplate\":\"https:\/\/vieassociative.be\/actualites\/?s={search_term_string}\"},\"query-input\":{\"@type\":\"PropertyValueSpecification\",\"valueRequired\":true,\"valueName\":\"search_term_string\"}}],\"inLanguage\":\"fr-BE\"},{\"@type\":\"Organization\",\"@id\":\"https:\/\/vieassociative.be\/actualites\/#organization\",\"name\":\"Vie Associative\",\"url\":\"https:\/\/vieassociative.be\/actualites\/\",\"logo\":{\"@type\":\"ImageObject\",\"inLanguage\":\"fr-BE\",\"@id\":\"https:\/\/vieassociative.be\/actualites\/#\/schema\/logo\/image\/\",\"url\":\"https:\/\/vieassociative.be\/actualites\/wp-content\/uploads\/2024\/09\/cropped-vieassociative_favicon.ico.png\",\"contentUrl\":\"https:\/\/vieassociative.be\/actualites\/wp-content\/uploads\/2024\/09\/cropped-vieassociative_favicon.ico.png\",\"width\":512,\"height\":512,\"caption\":\"Vie Associative\"},\"image\":{\"@id\":\"https:\/\/vieassociative.be\/actualites\/#\/schema\/logo\/image\/\"}},{\"@type\":\"Person\",\"@id\":\"https:\/\/vieassociative.be\/actualites\/#\/schema\/person\/b87ac4f82f9d4e7b7cec7395b679edc4\",\"name\":\"Julien\",\"image\":{\"@type\":\"ImageObject\",\"inLanguage\":\"fr-BE\",\"@id\":\"https:\/\/vieassociative.be\/actualites\/#\/schema\/person\/image\/\",\"url\":\"https:\/\/vieassociative.be\/actualites\/wp-content\/uploads\/2024\/09\/vie-associative-1-150x150.jpg\",\"contentUrl\":\"https:\/\/vieassociative.be\/actualites\/wp-content\/uploads\/2024\/09\/vie-associative-1-150x150.jpg\",\"caption\":\"Julien\"},\"description\":\"Je suis Julien, r\u00e9dacteur pour Vie Associative. Passionn\u00e9 par le monde associatif depuis plus de 10 ans, j'ai \u00e0 c\u0153ur de partager des histoires inspirantes et de mettre en lumi\u00e8re les initiatives locales. Mon objectif est de sensibiliser et d'encourager l'engagement communautaire \u00e0 travers mes articles.\",\"sameAs\":[\"https:\/\/vieassociative.be\/\"]}]}<\/script>\n<!-- \/ Yoast SEO plugin. -->","yoast_head_json":{"title":"Les lunettes intelligentes Ray-Ban Meta Wayfarer sont \u00e0 25 % de r\u00e9duction en ce moment | Vie Associative","robots":{"index":"index","follow":"follow","max-snippet":"max-snippet:-1","max-image-preview":"max-image-preview:large","max-video-preview":"max-video-preview:-1"},"canonical":"https:\/\/vieassociative.be\/actualites\/les-lunettes-intelligentes-ray-ban-meta-wayfarer-sont-a-25-de-reduction-en-ce-moment\/","og_locale":"fr_FR","og_type":"article","og_title":"Les lunettes intelligentes Ray-Ban Meta Wayfarer sont \u00e0 25 % de r\u00e9duction en ce moment | Vie Associative","og_description":"Nous pouvons gagner une commission sur les liens sur cette page. Les prix et la disponibilit\u00e9 de l&rsquo;offre sont sujets \u00e0 changement apr\u00e8s la publication.","og_url":"https:\/\/vieassociative.be\/actualites\/les-lunettes-intelligentes-ray-ban-meta-wayfarer-sont-a-25-de-reduction-en-ce-moment\/","og_site_name":"Vie Associative","article_published_time":"2026-04-13T14:17:50+00:00","og_image":[{"url":"https:\/\/vieassociative.be\/actualites\/wp-content\/uploads\/2026\/04\/Les-lunettes-intelligentes-Ray-Ban-Meta-Wayfarer-sont-a-25.jpg","type":"","width":"","height":""}],"author":"Julien","twitter_card":"summary_large_image","twitter_misc":{"\u00c9crit par":"Julien","Dur\u00e9e de lecture est.":"3 minutes"},"schema":{"@context":"https:\/\/schema.org","@graph":[{"@type":"Article","@id":"https:\/\/vieassociative.be\/actualites\/les-lunettes-intelligentes-ray-ban-meta-wayfarer-sont-a-25-de-reduction-en-ce-moment\/#article","isPartOf":{"@id":"https:\/\/vieassociative.be\/actualites\/les-lunettes-intelligentes-ray-ban-meta-wayfarer-sont-a-25-de-reduction-en-ce-moment\/"},"author":{"name":"Julien","@id":"https:\/\/vieassociative.be\/actualites\/#\/schema\/person\/b87ac4f82f9d4e7b7cec7395b679edc4"},"headline":"Les lunettes intelligentes Ray-Ban Meta Wayfarer sont \u00e0 25 % de r\u00e9duction en ce moment","datePublished":"2026-04-13T14:17:50+00:00","dateModified":"2026-04-13T14:17:50+00:00","mainEntityOfPage":{"@id":"https:\/\/vieassociative.be\/actualites\/les-lunettes-intelligentes-ray-ban-meta-wayfarer-sont-a-25-de-reduction-en-ce-moment\/"},"wordCount":711,"publisher":{"@id":"https:\/\/vieassociative.be\/actualites\/#organization"},"image":{"@id":"https:\/\/vieassociative.be\/actualites\/les-lunettes-intelligentes-ray-ban-meta-wayfarer-sont-a-25-de-reduction-en-ce-moment\/#primaryimage"},"thumbnailUrl":"https:\/\/vieassociative.be\/actualites\/wp-content\/uploads\/2026\/04\/Les-lunettes-intelligentes-Ray-Ban-Meta-Wayfarer-sont-a-25.png","keywords":["intelligentes","Les","lunettes","Meta","moment","RayBan","r\u00e9duction","sont","Wayfarer"],"articleSection":["Technologie"],"inLanguage":"fr-BE"},{"@type":"WebPage","@id":"https:\/\/vieassociative.be\/actualites\/les-lunettes-intelligentes-ray-ban-meta-wayfarer-sont-a-25-de-reduction-en-ce-moment\/","url":"https:\/\/vieassociative.be\/actualites\/les-lunettes-intelligentes-ray-ban-meta-wayfarer-sont-a-25-de-reduction-en-ce-moment\/","name":"Les lunettes intelligentes Ray-Ban Meta Wayfarer sont \u00e0 25 % de r\u00e9duction en ce moment | Vie Associative","isPartOf":{"@id":"https:\/\/vieassociative.be\/actualites\/#website"},"primaryImageOfPage":{"@id":"https:\/\/vieassociative.be\/actualites\/les-lunettes-intelligentes-ray-ban-meta-wayfarer-sont-a-25-de-reduction-en-ce-moment\/#primaryimage"},"image":{"@id":"https:\/\/vieassociative.be\/actualites\/les-lunettes-intelligentes-ray-ban-meta-wayfarer-sont-a-25-de-reduction-en-ce-moment\/#primaryimage"},"thumbnailUrl":"https:\/\/vieassociative.be\/actualites\/wp-content\/uploads\/2026\/04\/Les-lunettes-intelligentes-Ray-Ban-Meta-Wayfarer-sont-a-25.png","datePublished":"2026-04-13T14:17:50+00:00","dateModified":"2026-04-13T14:17:50+00:00","breadcrumb":{"@id":"https:\/\/vieassociative.be\/actualites\/les-lunettes-intelligentes-ray-ban-meta-wayfarer-sont-a-25-de-reduction-en-ce-moment\/#breadcrumb"},"inLanguage":"fr-BE","potentialAction":[{"@type":"ReadAction","target":["https:\/\/vieassociative.be\/actualites\/les-lunettes-intelligentes-ray-ban-meta-wayfarer-sont-a-25-de-reduction-en-ce-moment\/"]}]},{"@type":"ImageObject","inLanguage":"fr-BE","@id":"https:\/\/vieassociative.be\/actualites\/les-lunettes-intelligentes-ray-ban-meta-wayfarer-sont-a-25-de-reduction-en-ce-moment\/#primaryimage","url":"https:\/\/vieassociative.be\/actualites\/wp-content\/uploads\/2026\/04\/Les-lunettes-intelligentes-Ray-Ban-Meta-Wayfarer-sont-a-25.png","contentUrl":"https:\/\/vieassociative.be\/actualites\/wp-content\/uploads\/2026\/04\/Les-lunettes-intelligentes-Ray-Ban-Meta-Wayfarer-sont-a-25.png","width":1200,"height":675,"caption":"Les lunettes intelligentes Ray-Ban Meta Wayfarer sont \u00e0 25 % de r\u00e9duction en ce moment"},{"@type":"BreadcrumbList","@id":"https:\/\/vieassociative.be\/actualites\/les-lunettes-intelligentes-ray-ban-meta-wayfarer-sont-a-25-de-reduction-en-ce-moment\/#breadcrumb","itemListElement":[{"@type":"ListItem","position":1,"name":"Accueil","item":"https:\/\/vieassociative.be\/actualites\/"},{"@type":"ListItem","position":2,"name":"Les lunettes intelligentes Ray-Ban Meta Wayfarer sont \u00e0 25 % de r\u00e9duction en ce moment"}]},{"@type":"WebSite","@id":"https:\/\/vieassociative.be\/actualites\/#website","url":"https:\/\/vieassociative.be\/actualites\/","name":"Vie Associative","description":"","publisher":{"@id":"https:\/\/vieassociative.be\/actualites\/#organization"},"potentialAction":[{"@type":"SearchAction","target":{"@type":"EntryPoint","urlTemplate":"https:\/\/vieassociative.be\/actualites\/?s={search_term_string}"},"query-input":{"@type":"PropertyValueSpecification","valueRequired":true,"valueName":"search_term_string"}}],"inLanguage":"fr-BE"},{"@type":"Organization","@id":"https:\/\/vieassociative.be\/actualites\/#organization","name":"Vie Associative","url":"https:\/\/vieassociative.be\/actualites\/","logo":{"@type":"ImageObject","inLanguage":"fr-BE","@id":"https:\/\/vieassociative.be\/actualites\/#\/schema\/logo\/image\/","url":"https:\/\/vieassociative.be\/actualites\/wp-content\/uploads\/2024\/09\/cropped-vieassociative_favicon.ico.png","contentUrl":"https:\/\/vieassociative.be\/actualites\/wp-content\/uploads\/2024\/09\/cropped-vieassociative_favicon.ico.png","width":512,"height":512,"caption":"Vie Associative"},"image":{"@id":"https:\/\/vieassociative.be\/actualites\/#\/schema\/logo\/image\/"}},{"@type":"Person","@id":"https:\/\/vieassociative.be\/actualites\/#\/schema\/person\/b87ac4f82f9d4e7b7cec7395b679edc4","name":"Julien","image":{"@type":"ImageObject","inLanguage":"fr-BE","@id":"https:\/\/vieassociative.be\/actualites\/#\/schema\/person\/image\/","url":"https:\/\/vieassociative.be\/actualites\/wp-content\/uploads\/2024\/09\/vie-associative-1-150x150.jpg","contentUrl":"https:\/\/vieassociative.be\/actualites\/wp-content\/uploads\/2024\/09\/vie-associative-1-150x150.jpg","caption":"Julien"},"description":"Je suis Julien, r\u00e9dacteur pour Vie Associative. Passionn\u00e9 par le monde associatif depuis plus de 10 ans, j'ai \u00e0 c\u0153ur de partager des histoires inspirantes et de mettre en lumi\u00e8re les initiatives locales. Mon objectif est de sensibiliser et d'encourager l'engagement communautaire \u00e0 travers mes articles.","sameAs":["https:\/\/vieassociative.be\/"]}]}},"_links":{"self":[{"href":"https:\/\/vieassociative.be\/actualites\/wp-json\/wp\/v2\/posts\/13428"}],"collection":[{"href":"https:\/\/vieassociative.be\/actualites\/wp-json\/wp\/v2\/posts"}],"about":[{"href":"https:\/\/vieassociative.be\/actualites\/wp-json\/wp\/v2\/types\/post"}],"author":[{"embeddable":true,"href":"https:\/\/vieassociative.be\/actualites\/wp-json\/wp\/v2\/users\/1"}],"replies":[{"embeddable":true,"href":"https:\/\/vieassociative.be\/actualites\/wp-json\/wp\/v2\/comments?post=13428"}],"version-history":[{"count":0,"href":"https:\/\/vieassociative.be\/actualites\/wp-json\/wp\/v2\/posts\/13428\/revisions"}],"wp:featuredmedia":[{"embeddable":true,"href":"https:\/\/vieassociative.be\/actualites\/wp-json\/wp\/v2\/media\/13429"}],"wp:attachment":[{"href":"https:\/\/vieassociative.be\/actualites\/wp-json\/wp\/v2\/media?parent=13428"}],"wp:term":[{"taxonomy":"category","embeddable":true,"href":"https:\/\/vieassociative.be\/actualites\/wp-json\/wp\/v2\/categories?post=13428"},{"taxonomy":"post_tag","embeddable":true,"href":"https:\/\/vieassociative.be\/actualites\/wp-json\/wp\/v2\/tags?post=13428"}],"curies":[{"name":"wp","href":"https:\/\/api.w.org\/{rel}","templated":true}]}}