{"id":13426,"date":"2026-04-13T11:17:23","date_gmt":"2026-04-13T09:17:23","guid":{"rendered":"https:\/\/vieassociative.be\/actualites\/pas-daccord-entre-les-etats-unis-et-liran-point-de-discorde-cle-dans-le-detroit-dormuz-jd-vance-est-parti\/"},"modified":"2026-04-13T11:17:23","modified_gmt":"2026-04-13T09:17:23","slug":"pas-daccord-entre-les-etats-unis-et-liran-point-de-discorde-cle-dans-le-detroit-dormuz-jd-vance-est-parti","status":"publish","type":"post","link":"https:\/\/vieassociative.be\/actualites\/pas-daccord-entre-les-etats-unis-et-liran-point-de-discorde-cle-dans-le-detroit-dormuz-jd-vance-est-parti\/","title":{"rendered":"Pas d\u2019accord entre les \u00c9tats-Unis et l\u2019Iran \u2013 Point de discorde cl\u00e9 dans le d\u00e9troit d\u2019Ormuz \u2013 JD Vance est parti"},"content":{"rendered":"<p><strong>Les n\u00e9gociations directes entre les \u00c9tats-Unis et l&rsquo;Iran, sous la m\u00e9diation du Pakistan, se sont termin\u00e9es t\u00f4t dimanche matin sans aucun r\u00e9sultat tangible. Selon le vice-pr\u00e9sident am\u00e9ricain JD Vance, aucun accord n&rsquo;a \u00e9t\u00e9 conclu lors des n\u00e9gociations \u00e0 Islamabad, la capitale pakistanaise. Au d\u00e9part, on ne savait pas si et quand de nouvelles n\u00e9gociations auraient lieu.<\/strong><\/p>\n<p><span id=\"more-438364\"><\/span>Ils quittent d\u00e9sormais le lieu des n\u00e9gociations, laissant derri\u00e8re eux une proposition pour l&rsquo;Iran qui repr\u00e9sente une offre finale, a d\u00e9clar\u00e9 Vance. Selon les journalistes pr\u00e9sents, le vice-pr\u00e9sident am\u00e9ricain a embarqu\u00e9 ce matin-l\u00e0 dans un avion \u00e0 destination des Etats-Unis. T\u00e9h\u00e9ran ne pr\u00e9voit pas de nouveau cycle de n\u00e9gociations, a rapport\u00e9 l&rsquo;agence de presse iranienne Fars, citant une source proche des n\u00e9gociations.<\/p>\n<p>Apr\u00e8s 21 heures de n\u00e9gociations, la partie iranienne a d\u00e9cid\u00e9 de ne pas accepter les conditions am\u00e9ricaines, a d\u00e9clar\u00e9 Vance. Les \u00c9tats-Unis ont clairement indiqu\u00e9 o\u00f9 se trouvaient les lignes rouges et sur quels points ils \u00e9taient pr\u00eats \u00e0 accommoder l\u2019Iran.<\/p>\n<div id=\"attachment_438367\" class=\"wp-caption alignleft\" style=\"max-width: 300px\"><img fetchpriority=\"high\" decoding=\"async\" class=\"wp-image-438367 size-medium\" src=\"https:\/\/vieassociative.be\/actualites\/wp-content\/uploads\/2026\/04\/Pas-daccord-entre-les-Etats-Unis-et-lIran-\u2013-Point-de.jpg\" alt=\"\" width=\"300\" height=\"200\"><\/div>\n<p>Le vice-pr\u00e9sident am\u00e9ricain n\u2019a pas pr\u00e9cis\u00e9 quels \u00e9taient exactement les points de friction. Il a simplement d\u00e9clar\u00e9 qu\u2019il n\u2019avait pas encore \u00e9t\u00e9 d\u00e9montr\u00e9 que l\u2019Iran \u00e9tait fondamentalement engag\u00e9 \u00e0 ne pas d\u00e9velopper d\u2019armes nucl\u00e9aires \u00e0 long terme. \u00ab\u00a0Nous esp\u00e9rons que nous le reverrons.\u00a0\u00bb Vance a d\u00e9clar\u00e9 qu&rsquo;il \u00e9tait en contact permanent avec le pr\u00e9sident am\u00e9ricain Donald Trump pendant les n\u00e9gociations.<\/p>\n<p>Selon le porte-parole du minist\u00e8re iranien des Affaires \u00e9trang\u00e8res, Ismail Baghai, les n\u00e9gociations ont port\u00e9 sur des questions cl\u00e9s telles que le d\u00e9troit d&rsquo;Ormuz, la question nucl\u00e9aire, les r\u00e9parations de guerre, la lev\u00e9e des sanctions et la fin de la guerre dans la r\u00e9gion. Des \u00ab n\u00e9gociations intenses \u00bb ont eu lieu jusqu&rsquo;\u00e0 dimanche. \u00ab De nombreux messages et textes \u00bb ont \u00e9t\u00e9 \u00e9chang\u00e9s entre les deux parties, a \u00e9crit Baghai sur X t\u00f4t le matin, peu avant la conf\u00e9rence de presse de Vance.<\/p>\n<p>Le succ\u00e8s du processus diplomatique d\u00e9pend \u00ab du s\u00e9rieux et de la bonne volont\u00e9 de l&rsquo;autre partie de s&rsquo;abstenir de demandes excessives et inadmissibles et de reconna\u00eetre les droits et int\u00e9r\u00eats l\u00e9gitimes de l&rsquo;Iran \u00bb, a \u00e9crit Baghai.<\/p>\n<p><strong>\u2013 \u00ab Diff\u00e9rences majeures dans les n\u00e9gociations \u00bb :<\/strong> Les m\u00e9dias iraniens avaient d\u00e9j\u00e0 fait \u00e9tat de divergences majeures dans les n\u00e9gociations avec les \u00c9tats-Unis. Les agences de presse Tasnim et Fars ont \u00e9voqu\u00e9 des \u00ab exigences excessives \u00bb de la part des \u00c9tats-Unis. Plus pr\u00e9cis\u00e9ment, le d\u00e9troit d\u2019Ormuz a \u00e9t\u00e9 d\u00e9sign\u00e9 comme un point central de discorde. Du point de vue iranien, cela a entrav\u00e9 la progression des n\u00e9gociations.<\/p>\n<p>Selon Tasnim, la d\u00e9l\u00e9gation iranienne a insist\u00e9 sur la \u00ab pr\u00e9servation des acquis militaires \u00bb, une possible r\u00e9f\u00e9rence au programme de missiles de la R\u00e9publique islamique. Selon les deux rapports, le plus grand diff\u00e9rend concernait des questions concernant le d\u00e9troit d&rsquo;Ormuz.<\/p>\n<p>Le d\u00e9troit relie le golfe Persique \u00e0 l&rsquo;oc\u00e9an Indien et relie ainsi les principaux pays producteurs de p\u00e9trole de la r\u00e9gion aux march\u00e9s mondiaux. L\u2019Iran a pris le contr\u00f4le de la voie maritime depuis le d\u00e9but de la guerre. Le pr\u00e9sident am\u00e9ricain Trump a fait de leur ouverture une condition du cessez-le-feu de deux semaines annonc\u00e9 mercredi dernier.<\/p>\n<div id=\"attachment_438290\" class=\"wp-caption alignleft\" style=\"max-width: 300px\"><img decoding=\"async\" class=\"wp-image-438290 size-medium\" src=\"https:\/\/vieassociative.be\/actualites\/wp-content\/uploads\/2026\/04\/Les-Etats-Unis-et-lIran-conviennent-dun-cessez-le-feu.jpg\" alt=\"\" width=\"300\" height=\"169\"><\/div>\n<p><strong>\u2013 Conversations historiques :<\/strong> Les pourparlers d\u2019Islamabad sont consid\u00e9r\u00e9s comme historiques malgr\u00e9 l\u2019absence d\u2019accord. Le 28 f\u00e9vrier, les \u00c9tats-Unis et Isra\u00ebl d\u00e9clenchent la guerre contre l\u2019Iran. Les forces arm\u00e9es iraniennes ont r\u00e9pondu par des tirs de roquettes, attaquant des cibles non seulement en Isra\u00ebl mais dans toute la r\u00e9gion du Golfe. Le conflit s&rsquo;est ainsi transform\u00e9 en une guerre r\u00e9gionale. Mercredi, les \u00c9tats-Unis et l&rsquo;Iran se sont mis d&rsquo;accord sur un cessez-le-feu de deux semaines.<\/p>\n<p>Les responsables des n\u00e9gociations pour les \u00c9tats-Unis \u00e0 Islamabad \u00e9taient le vice-pr\u00e9sident Vance et le pr\u00e9sident du Parlement de la R\u00e9publique islamique Mohammed Bagher Ghalibaf. Le cycle de n\u00e9gociations n\u00e9goci\u00e9 par le Pakistan \u00e9tait la r\u00e9union directe au plus haut niveau entre les responsables am\u00e9ricains et iraniens depuis la r\u00e9volution islamique iranienne de 1979, selon le New York Times. Le journal, citant deux hauts responsables iraniens, a rapport\u00e9 que Vance et Ghalibaf se sont serr\u00e9s la main. L\u2019atmosph\u00e8re de la r\u00e9union a \u00e9t\u00e9 initialement d\u00e9crite comme chaleureuse et calme.<\/p>\n<p>Par ailleurs, peu avant son d\u00e9part pour Miami, Trump a d\u00e9clar\u00e9 samedi apr\u00e8s-midi (heure locale des \u00c9tats-Unis) qu&rsquo;il \u00e9tait indiff\u00e9rent \u00e0 la conclusion ou non d&rsquo;un accord avec l&rsquo;Iran. \u00ab\u00a0De toute fa\u00e7on, nous gagnerons\u00a0\u00bb, a-t-il d\u00e9clar\u00e9 aux journalistes. \u00ab\u00a0Nous les avons vaincus militairement.\u00a0\u00bb<\/p>\n<p><strong>\u2013 Centcom d\u00e9passe les destroyers am\u00e9ricains du d\u00e9troit d\u2019Ormuz :<\/strong> Parall\u00e8lement aux n\u00e9gociations au Pakistan, le commandement r\u00e9gional am\u00e9ricain pour le Moyen-Orient (Centcom) a annonc\u00e9 avoir lanc\u00e9 une op\u00e9ration navale de d\u00e9minage marin. Deux destroyers ont travers\u00e9 le d\u00e9troit d&rsquo;Ormuz et ont \u00e9t\u00e9 d\u00e9ploy\u00e9s dans le golfe Persique, selon un communiqu\u00e9 du Centcom sur X.<\/p>\n<div id=\"attachment_438368\" class=\"wp-caption alignleft\" style=\"max-width: 300px\"><img decoding=\"async\" class=\"wp-image-438368 size-medium\" src=\"https:\/\/vieassociative.be\/actualites\/wp-content\/uploads\/2026\/04\/1776071843_920_Pas-daccord-entre-les-Etats-Unis-et-lIran-\u2013-Point-de.jpg\" alt=\"\" width=\"300\" height=\"200\"><\/div>\n<p>Trump a d\u00e9clar\u00e9 un peu plus tard que des dragueurs de mines \u00e9taient utilis\u00e9s. Il y a quelques jours, les Gardiens de la r\u00e9volution iraniens ont d\u00e9clar\u00e9 une zone du d\u00e9troit zone dangereuse et ont mis en garde contre la pr\u00e9sence de mines sur les routes maritimes.<\/p>\n<p>Centcom a \u00e9galement d\u00e9clar\u00e9 que sa mission consistait \u00e0 garantir que la route soit totalement exempte de mines marines. \u00ab\u00a0Aujourd&rsquo;hui, nous avons commenc\u00e9 \u00e0 \u00e9tablir un nouveau passage et partagerons bient\u00f4t cette route s\u00fbre avec l&rsquo;industrie du transport maritime pour promouvoir la libre circulation des marchandises\u00a0\u00bb, a d\u00e9clar\u00e9 le commandant du Centcom, l&rsquo;amiral Brad Cooper.<\/p>\n<p>Dimanche soir, les Iraniens ont rejet\u00e9 cette proposition. Les informations faisant \u00e9tat de navires am\u00e9ricains passant par le d\u00e9troit d&rsquo;Ormuz sont d\u00e9menties, ont d\u00e9clar\u00e9 les Gardiens de la r\u00e9volution islamique dans un communiqu\u00e9. Toute tentative de navires militaires de traverser le d\u00e9troit se heurtera \u00e0 une forte r\u00e9sistance. Selon la r\u00e9glementation en vigueur, seuls les navires civils sont autoris\u00e9s \u00e0 passer, pr\u00e9cise le communiqu\u00e9. La marine iranienne avait pr\u00e9c\u00e9demment mis en garde samedi les navires de guerre am\u00e9ricains contre la travers\u00e9e du d\u00e9troit d&rsquo;Ormuz et menac\u00e9 de les attaquer. (dpa)<\/p>\n<p>.<\/p>\n","protected":false},"excerpt":{"rendered":"<p>Les n\u00e9gociations directes entre les \u00c9tats-Unis et l&rsquo;Iran, sous la m\u00e9diation du Pakistan, se sont termin\u00e9es t\u00f4t dimanche matin sans aucun r\u00e9sultat tangible. Selon le<\/p>\n","protected":false},"author":1,"featured_media":13427,"comment_status":"","ping_status":"","sticky":false,"template":"","format":"standard","meta":{"footnotes":""},"categories":[298],"tags":[1502,5195,166,10475,10474,10476,70,76,290,14,7426,5872,126,174,3083],"class_list":["post-13426","post","type-post","status-publish","format-standard","has-post-thumbnail","hentry","category-belgique","tag-cle","tag-daccord","tag-dans","tag-detroit","tag-discorde","tag-dormuz","tag-entre","tag-est","tag-etatsunis","tag-les","tag-liran","tag-parti","tag-pas","tag-point","tag-vance","generate-columns","tablet-grid-50","mobile-grid-100","grid-parent","grid-33"],"yoast_head":"<!-- This site is optimized with the Yoast SEO plugin v24.0 - https:\/\/yoast.com\/wordpress\/plugins\/seo\/ -->\n<title>Pas d\u2019accord entre les \u00c9tats-Unis et l\u2019Iran \u2013 Point de discorde cl\u00e9 dans le d\u00e9troit d\u2019Ormuz \u2013 JD Vance est parti | Vie Associative<\/title>\n<meta name=\"robots\" content=\"index, follow, max-snippet:-1, max-image-preview:large, max-video-preview:-1\" \/>\n<link rel=\"canonical\" href=\"https:\/\/vieassociative.be\/actualites\/pas-daccord-entre-les-etats-unis-et-liran-point-de-discorde-cle-dans-le-detroit-dormuz-jd-vance-est-parti\/\" \/>\n<meta property=\"og:locale\" content=\"fr_FR\" \/>\n<meta property=\"og:type\" content=\"article\" \/>\n<meta property=\"og:title\" content=\"Pas d\u2019accord entre les \u00c9tats-Unis et l\u2019Iran \u2013 Point de discorde cl\u00e9 dans le d\u00e9troit d\u2019Ormuz \u2013 JD Vance est parti | Vie Associative\" \/>\n<meta property=\"og:description\" content=\"Les n\u00e9gociations directes entre les \u00c9tats-Unis et l&rsquo;Iran, sous la m\u00e9diation du Pakistan, se sont termin\u00e9es t\u00f4t dimanche matin sans aucun r\u00e9sultat tangible. Selon le\" \/>\n<meta property=\"og:url\" content=\"https:\/\/vieassociative.be\/actualites\/pas-daccord-entre-les-etats-unis-et-liran-point-de-discorde-cle-dans-le-detroit-dormuz-jd-vance-est-parti\/\" \/>\n<meta property=\"og:site_name\" content=\"Vie Associative\" \/>\n<meta property=\"article:published_time\" content=\"2026-04-13T09:17:23+00:00\" \/>\n<meta property=\"og:image\" content=\"https:\/\/vieassociative.be\/actualites\/wp-content\/uploads\/2026\/04\/Les-Etats-Unis-et-lIran-conviennent-dun-cessez-le-feu.jpg\" \/>\n<meta name=\"author\" content=\"Julien\" \/>\n<meta name=\"twitter:card\" content=\"summary_large_image\" \/>\n<meta name=\"twitter:label1\" content=\"\u00c9crit par\" \/>\n\t<meta name=\"twitter:data1\" content=\"Julien\" \/>\n\t<meta name=\"twitter:label2\" content=\"Dur\u00e9e de lecture est.\" \/>\n\t<meta name=\"twitter:data2\" content=\"5 minutes\" \/>\n<script type=\"application\/ld+json\" class=\"yoast-schema-graph\">{\"@context\":\"https:\/\/schema.org\",\"@graph\":[{\"@type\":\"Article\",\"@id\":\"https:\/\/vieassociative.be\/actualites\/pas-daccord-entre-les-etats-unis-et-liran-point-de-discorde-cle-dans-le-detroit-dormuz-jd-vance-est-parti\/#article\",\"isPartOf\":{\"@id\":\"https:\/\/vieassociative.be\/actualites\/pas-daccord-entre-les-etats-unis-et-liran-point-de-discorde-cle-dans-le-detroit-dormuz-jd-vance-est-parti\/\"},\"author\":{\"name\":\"Julien\",\"@id\":\"https:\/\/vieassociative.be\/actualites\/#\/schema\/person\/b87ac4f82f9d4e7b7cec7395b679edc4\"},\"headline\":\"Pas d\u2019accord entre les \u00c9tats-Unis et l\u2019Iran \u2013 Point de discorde cl\u00e9 dans le d\u00e9troit d\u2019Ormuz \u2013 JD Vance est parti\",\"datePublished\":\"2026-04-13T09:17:23+00:00\",\"dateModified\":\"2026-04-13T09:17:23+00:00\",\"mainEntityOfPage\":{\"@id\":\"https:\/\/vieassociative.be\/actualites\/pas-daccord-entre-les-etats-unis-et-liran-point-de-discorde-cle-dans-le-detroit-dormuz-jd-vance-est-parti\/\"},\"wordCount\":1145,\"publisher\":{\"@id\":\"https:\/\/vieassociative.be\/actualites\/#organization\"},\"image\":{\"@id\":\"https:\/\/vieassociative.be\/actualites\/pas-daccord-entre-les-etats-unis-et-liran-point-de-discorde-cle-dans-le-detroit-dormuz-jd-vance-est-parti\/#primaryimage\"},\"thumbnailUrl\":\"https:\/\/vieassociative.be\/actualites\/wp-content\/uploads\/2026\/04\/1776071844_Pas-daccord-entre-les-Etats-Unis-et-lIran-\u2013-Point-de.jpg\",\"keywords\":[\"cl\u00e9\",\"daccord\",\"dans\",\"d\u00e9troit\",\"discorde\",\"dOrmuz\",\"entre\",\"est\",\"\u00c9tatsUnis\",\"Les\",\"lIran\",\"parti\",\"pas\",\"point\",\"Vance\"],\"articleSection\":[\"Belgique\"],\"inLanguage\":\"fr-BE\"},{\"@type\":\"WebPage\",\"@id\":\"https:\/\/vieassociative.be\/actualites\/pas-daccord-entre-les-etats-unis-et-liran-point-de-discorde-cle-dans-le-detroit-dormuz-jd-vance-est-parti\/\",\"url\":\"https:\/\/vieassociative.be\/actualites\/pas-daccord-entre-les-etats-unis-et-liran-point-de-discorde-cle-dans-le-detroit-dormuz-jd-vance-est-parti\/\",\"name\":\"Pas d\u2019accord entre les \u00c9tats-Unis et l\u2019Iran \u2013 Point de discorde cl\u00e9 dans le d\u00e9troit d\u2019Ormuz \u2013 JD Vance est parti | Vie Associative\",\"isPartOf\":{\"@id\":\"https:\/\/vieassociative.be\/actualites\/#website\"},\"primaryImageOfPage\":{\"@id\":\"https:\/\/vieassociative.be\/actualites\/pas-daccord-entre-les-etats-unis-et-liran-point-de-discorde-cle-dans-le-detroit-dormuz-jd-vance-est-parti\/#primaryimage\"},\"image\":{\"@id\":\"https:\/\/vieassociative.be\/actualites\/pas-daccord-entre-les-etats-unis-et-liran-point-de-discorde-cle-dans-le-detroit-dormuz-jd-vance-est-parti\/#primaryimage\"},\"thumbnailUrl\":\"https:\/\/vieassociative.be\/actualites\/wp-content\/uploads\/2026\/04\/1776071844_Pas-daccord-entre-les-Etats-Unis-et-lIran-\u2013-Point-de.jpg\",\"datePublished\":\"2026-04-13T09:17:23+00:00\",\"dateModified\":\"2026-04-13T09:17:23+00:00\",\"breadcrumb\":{\"@id\":\"https:\/\/vieassociative.be\/actualites\/pas-daccord-entre-les-etats-unis-et-liran-point-de-discorde-cle-dans-le-detroit-dormuz-jd-vance-est-parti\/#breadcrumb\"},\"inLanguage\":\"fr-BE\",\"potentialAction\":[{\"@type\":\"ReadAction\",\"target\":[\"https:\/\/vieassociative.be\/actualites\/pas-daccord-entre-les-etats-unis-et-liran-point-de-discorde-cle-dans-le-detroit-dormuz-jd-vance-est-parti\/\"]}]},{\"@type\":\"ImageObject\",\"inLanguage\":\"fr-BE\",\"@id\":\"https:\/\/vieassociative.be\/actualites\/pas-daccord-entre-les-etats-unis-et-liran-point-de-discorde-cle-dans-le-detroit-dormuz-jd-vance-est-parti\/#primaryimage\",\"url\":\"https:\/\/vieassociative.be\/actualites\/wp-content\/uploads\/2026\/04\/1776071844_Pas-daccord-entre-les-Etats-Unis-et-lIran-\u2013-Point-de.jpg\",\"contentUrl\":\"https:\/\/vieassociative.be\/actualites\/wp-content\/uploads\/2026\/04\/1776071844_Pas-daccord-entre-les-Etats-Unis-et-lIran-\u2013-Point-de.jpg\",\"width\":1200,\"height\":800,\"caption\":\"Pas d\u2019accord entre les \u00c9tats-Unis et l\u2019Iran \u2013 Point de discorde cl\u00e9 dans le d\u00e9troit d\u2019Ormuz \u2013 JD Vance est parti\"},{\"@type\":\"BreadcrumbList\",\"@id\":\"https:\/\/vieassociative.be\/actualites\/pas-daccord-entre-les-etats-unis-et-liran-point-de-discorde-cle-dans-le-detroit-dormuz-jd-vance-est-parti\/#breadcrumb\",\"itemListElement\":[{\"@type\":\"ListItem\",\"position\":1,\"name\":\"Accueil\",\"item\":\"https:\/\/vieassociative.be\/actualites\/\"},{\"@type\":\"ListItem\",\"position\":2,\"name\":\"Pas d\u2019accord entre les \u00c9tats-Unis et l\u2019Iran \u2013 Point de discorde cl\u00e9 dans le d\u00e9troit d\u2019Ormuz \u2013 JD Vance est parti\"}]},{\"@type\":\"WebSite\",\"@id\":\"https:\/\/vieassociative.be\/actualites\/#website\",\"url\":\"https:\/\/vieassociative.be\/actualites\/\",\"name\":\"Vie Associative\",\"description\":\"\",\"publisher\":{\"@id\":\"https:\/\/vieassociative.be\/actualites\/#organization\"},\"potentialAction\":[{\"@type\":\"SearchAction\",\"target\":{\"@type\":\"EntryPoint\",\"urlTemplate\":\"https:\/\/vieassociative.be\/actualites\/?s={search_term_string}\"},\"query-input\":{\"@type\":\"PropertyValueSpecification\",\"valueRequired\":true,\"valueName\":\"search_term_string\"}}],\"inLanguage\":\"fr-BE\"},{\"@type\":\"Organization\",\"@id\":\"https:\/\/vieassociative.be\/actualites\/#organization\",\"name\":\"Vie Associative\",\"url\":\"https:\/\/vieassociative.be\/actualites\/\",\"logo\":{\"@type\":\"ImageObject\",\"inLanguage\":\"fr-BE\",\"@id\":\"https:\/\/vieassociative.be\/actualites\/#\/schema\/logo\/image\/\",\"url\":\"https:\/\/vieassociative.be\/actualites\/wp-content\/uploads\/2024\/09\/cropped-vieassociative_favicon.ico.png\",\"contentUrl\":\"https:\/\/vieassociative.be\/actualites\/wp-content\/uploads\/2024\/09\/cropped-vieassociative_favicon.ico.png\",\"width\":512,\"height\":512,\"caption\":\"Vie Associative\"},\"image\":{\"@id\":\"https:\/\/vieassociative.be\/actualites\/#\/schema\/logo\/image\/\"}},{\"@type\":\"Person\",\"@id\":\"https:\/\/vieassociative.be\/actualites\/#\/schema\/person\/b87ac4f82f9d4e7b7cec7395b679edc4\",\"name\":\"Julien\",\"image\":{\"@type\":\"ImageObject\",\"inLanguage\":\"fr-BE\",\"@id\":\"https:\/\/vieassociative.be\/actualites\/#\/schema\/person\/image\/\",\"url\":\"https:\/\/vieassociative.be\/actualites\/wp-content\/uploads\/2024\/09\/vie-associative-1-150x150.jpg\",\"contentUrl\":\"https:\/\/vieassociative.be\/actualites\/wp-content\/uploads\/2024\/09\/vie-associative-1-150x150.jpg\",\"caption\":\"Julien\"},\"description\":\"Je suis Julien, r\u00e9dacteur pour Vie Associative. Passionn\u00e9 par le monde associatif depuis plus de 10 ans, j'ai \u00e0 c\u0153ur de partager des histoires inspirantes et de mettre en lumi\u00e8re les initiatives locales. Mon objectif est de sensibiliser et d'encourager l'engagement communautaire \u00e0 travers mes articles.\",\"sameAs\":[\"https:\/\/vieassociative.be\/\"]}]}<\/script>\n<!-- \/ Yoast SEO plugin. -->","yoast_head_json":{"title":"Pas d\u2019accord entre les \u00c9tats-Unis et l\u2019Iran \u2013 Point de discorde cl\u00e9 dans le d\u00e9troit d\u2019Ormuz \u2013 JD Vance est parti | Vie Associative","robots":{"index":"index","follow":"follow","max-snippet":"max-snippet:-1","max-image-preview":"max-image-preview:large","max-video-preview":"max-video-preview:-1"},"canonical":"https:\/\/vieassociative.be\/actualites\/pas-daccord-entre-les-etats-unis-et-liran-point-de-discorde-cle-dans-le-detroit-dormuz-jd-vance-est-parti\/","og_locale":"fr_FR","og_type":"article","og_title":"Pas d\u2019accord entre les \u00c9tats-Unis et l\u2019Iran \u2013 Point de discorde cl\u00e9 dans le d\u00e9troit d\u2019Ormuz \u2013 JD Vance est parti | Vie Associative","og_description":"Les n\u00e9gociations directes entre les \u00c9tats-Unis et l&rsquo;Iran, sous la m\u00e9diation du Pakistan, se sont termin\u00e9es t\u00f4t dimanche matin sans aucun r\u00e9sultat tangible. Selon le","og_url":"https:\/\/vieassociative.be\/actualites\/pas-daccord-entre-les-etats-unis-et-liran-point-de-discorde-cle-dans-le-detroit-dormuz-jd-vance-est-parti\/","og_site_name":"Vie Associative","article_published_time":"2026-04-13T09:17:23+00:00","og_image":[{"url":"https:\/\/vieassociative.be\/actualites\/wp-content\/uploads\/2026\/04\/Les-Etats-Unis-et-lIran-conviennent-dun-cessez-le-feu.jpg","type":"","width":"","height":""}],"author":"Julien","twitter_card":"summary_large_image","twitter_misc":{"\u00c9crit par":"Julien","Dur\u00e9e de lecture est.":"5 minutes"},"schema":{"@context":"https:\/\/schema.org","@graph":[{"@type":"Article","@id":"https:\/\/vieassociative.be\/actualites\/pas-daccord-entre-les-etats-unis-et-liran-point-de-discorde-cle-dans-le-detroit-dormuz-jd-vance-est-parti\/#article","isPartOf":{"@id":"https:\/\/vieassociative.be\/actualites\/pas-daccord-entre-les-etats-unis-et-liran-point-de-discorde-cle-dans-le-detroit-dormuz-jd-vance-est-parti\/"},"author":{"name":"Julien","@id":"https:\/\/vieassociative.be\/actualites\/#\/schema\/person\/b87ac4f82f9d4e7b7cec7395b679edc4"},"headline":"Pas d\u2019accord entre les \u00c9tats-Unis et l\u2019Iran \u2013 Point de discorde cl\u00e9 dans le d\u00e9troit d\u2019Ormuz \u2013 JD Vance est parti","datePublished":"2026-04-13T09:17:23+00:00","dateModified":"2026-04-13T09:17:23+00:00","mainEntityOfPage":{"@id":"https:\/\/vieassociative.be\/actualites\/pas-daccord-entre-les-etats-unis-et-liran-point-de-discorde-cle-dans-le-detroit-dormuz-jd-vance-est-parti\/"},"wordCount":1145,"publisher":{"@id":"https:\/\/vieassociative.be\/actualites\/#organization"},"image":{"@id":"https:\/\/vieassociative.be\/actualites\/pas-daccord-entre-les-etats-unis-et-liran-point-de-discorde-cle-dans-le-detroit-dormuz-jd-vance-est-parti\/#primaryimage"},"thumbnailUrl":"https:\/\/vieassociative.be\/actualites\/wp-content\/uploads\/2026\/04\/1776071844_Pas-daccord-entre-les-Etats-Unis-et-lIran-\u2013-Point-de.jpg","keywords":["cl\u00e9","daccord","dans","d\u00e9troit","discorde","dOrmuz","entre","est","\u00c9tatsUnis","Les","lIran","parti","pas","point","Vance"],"articleSection":["Belgique"],"inLanguage":"fr-BE"},{"@type":"WebPage","@id":"https:\/\/vieassociative.be\/actualites\/pas-daccord-entre-les-etats-unis-et-liran-point-de-discorde-cle-dans-le-detroit-dormuz-jd-vance-est-parti\/","url":"https:\/\/vieassociative.be\/actualites\/pas-daccord-entre-les-etats-unis-et-liran-point-de-discorde-cle-dans-le-detroit-dormuz-jd-vance-est-parti\/","name":"Pas d\u2019accord entre les \u00c9tats-Unis et l\u2019Iran \u2013 Point de discorde cl\u00e9 dans le d\u00e9troit d\u2019Ormuz \u2013 JD Vance est parti | Vie Associative","isPartOf":{"@id":"https:\/\/vieassociative.be\/actualites\/#website"},"primaryImageOfPage":{"@id":"https:\/\/vieassociative.be\/actualites\/pas-daccord-entre-les-etats-unis-et-liran-point-de-discorde-cle-dans-le-detroit-dormuz-jd-vance-est-parti\/#primaryimage"},"image":{"@id":"https:\/\/vieassociative.be\/actualites\/pas-daccord-entre-les-etats-unis-et-liran-point-de-discorde-cle-dans-le-detroit-dormuz-jd-vance-est-parti\/#primaryimage"},"thumbnailUrl":"https:\/\/vieassociative.be\/actualites\/wp-content\/uploads\/2026\/04\/1776071844_Pas-daccord-entre-les-Etats-Unis-et-lIran-\u2013-Point-de.jpg","datePublished":"2026-04-13T09:17:23+00:00","dateModified":"2026-04-13T09:17:23+00:00","breadcrumb":{"@id":"https:\/\/vieassociative.be\/actualites\/pas-daccord-entre-les-etats-unis-et-liran-point-de-discorde-cle-dans-le-detroit-dormuz-jd-vance-est-parti\/#breadcrumb"},"inLanguage":"fr-BE","potentialAction":[{"@type":"ReadAction","target":["https:\/\/vieassociative.be\/actualites\/pas-daccord-entre-les-etats-unis-et-liran-point-de-discorde-cle-dans-le-detroit-dormuz-jd-vance-est-parti\/"]}]},{"@type":"ImageObject","inLanguage":"fr-BE","@id":"https:\/\/vieassociative.be\/actualites\/pas-daccord-entre-les-etats-unis-et-liran-point-de-discorde-cle-dans-le-detroit-dormuz-jd-vance-est-parti\/#primaryimage","url":"https:\/\/vieassociative.be\/actualites\/wp-content\/uploads\/2026\/04\/1776071844_Pas-daccord-entre-les-Etats-Unis-et-lIran-\u2013-Point-de.jpg","contentUrl":"https:\/\/vieassociative.be\/actualites\/wp-content\/uploads\/2026\/04\/1776071844_Pas-daccord-entre-les-Etats-Unis-et-lIran-\u2013-Point-de.jpg","width":1200,"height":800,"caption":"Pas d\u2019accord entre les \u00c9tats-Unis et l\u2019Iran \u2013 Point de discorde cl\u00e9 dans le d\u00e9troit d\u2019Ormuz \u2013 JD Vance est parti"},{"@type":"BreadcrumbList","@id":"https:\/\/vieassociative.be\/actualites\/pas-daccord-entre-les-etats-unis-et-liran-point-de-discorde-cle-dans-le-detroit-dormuz-jd-vance-est-parti\/#breadcrumb","itemListElement":[{"@type":"ListItem","position":1,"name":"Accueil","item":"https:\/\/vieassociative.be\/actualites\/"},{"@type":"ListItem","position":2,"name":"Pas d\u2019accord entre les \u00c9tats-Unis et l\u2019Iran \u2013 Point de discorde cl\u00e9 dans le d\u00e9troit d\u2019Ormuz \u2013 JD Vance est parti"}]},{"@type":"WebSite","@id":"https:\/\/vieassociative.be\/actualites\/#website","url":"https:\/\/vieassociative.be\/actualites\/","name":"Vie Associative","description":"","publisher":{"@id":"https:\/\/vieassociative.be\/actualites\/#organization"},"potentialAction":[{"@type":"SearchAction","target":{"@type":"EntryPoint","urlTemplate":"https:\/\/vieassociative.be\/actualites\/?s={search_term_string}"},"query-input":{"@type":"PropertyValueSpecification","valueRequired":true,"valueName":"search_term_string"}}],"inLanguage":"fr-BE"},{"@type":"Organization","@id":"https:\/\/vieassociative.be\/actualites\/#organization","name":"Vie Associative","url":"https:\/\/vieassociative.be\/actualites\/","logo":{"@type":"ImageObject","inLanguage":"fr-BE","@id":"https:\/\/vieassociative.be\/actualites\/#\/schema\/logo\/image\/","url":"https:\/\/vieassociative.be\/actualites\/wp-content\/uploads\/2024\/09\/cropped-vieassociative_favicon.ico.png","contentUrl":"https:\/\/vieassociative.be\/actualites\/wp-content\/uploads\/2024\/09\/cropped-vieassociative_favicon.ico.png","width":512,"height":512,"caption":"Vie Associative"},"image":{"@id":"https:\/\/vieassociative.be\/actualites\/#\/schema\/logo\/image\/"}},{"@type":"Person","@id":"https:\/\/vieassociative.be\/actualites\/#\/schema\/person\/b87ac4f82f9d4e7b7cec7395b679edc4","name":"Julien","image":{"@type":"ImageObject","inLanguage":"fr-BE","@id":"https:\/\/vieassociative.be\/actualites\/#\/schema\/person\/image\/","url":"https:\/\/vieassociative.be\/actualites\/wp-content\/uploads\/2024\/09\/vie-associative-1-150x150.jpg","contentUrl":"https:\/\/vieassociative.be\/actualites\/wp-content\/uploads\/2024\/09\/vie-associative-1-150x150.jpg","caption":"Julien"},"description":"Je suis Julien, r\u00e9dacteur pour Vie Associative. Passionn\u00e9 par le monde associatif depuis plus de 10 ans, j'ai \u00e0 c\u0153ur de partager des histoires inspirantes et de mettre en lumi\u00e8re les initiatives locales. Mon objectif est de sensibiliser et d'encourager l'engagement communautaire \u00e0 travers mes articles.","sameAs":["https:\/\/vieassociative.be\/"]}]}},"_links":{"self":[{"href":"https:\/\/vieassociative.be\/actualites\/wp-json\/wp\/v2\/posts\/13426"}],"collection":[{"href":"https:\/\/vieassociative.be\/actualites\/wp-json\/wp\/v2\/posts"}],"about":[{"href":"https:\/\/vieassociative.be\/actualites\/wp-json\/wp\/v2\/types\/post"}],"author":[{"embeddable":true,"href":"https:\/\/vieassociative.be\/actualites\/wp-json\/wp\/v2\/users\/1"}],"replies":[{"embeddable":true,"href":"https:\/\/vieassociative.be\/actualites\/wp-json\/wp\/v2\/comments?post=13426"}],"version-history":[{"count":0,"href":"https:\/\/vieassociative.be\/actualites\/wp-json\/wp\/v2\/posts\/13426\/revisions"}],"wp:featuredmedia":[{"embeddable":true,"href":"https:\/\/vieassociative.be\/actualites\/wp-json\/wp\/v2\/media\/13427"}],"wp:attachment":[{"href":"https:\/\/vieassociative.be\/actualites\/wp-json\/wp\/v2\/media?parent=13426"}],"wp:term":[{"taxonomy":"category","embeddable":true,"href":"https:\/\/vieassociative.be\/actualites\/wp-json\/wp\/v2\/categories?post=13426"},{"taxonomy":"post_tag","embeddable":true,"href":"https:\/\/vieassociative.be\/actualites\/wp-json\/wp\/v2\/tags?post=13426"}],"curies":[{"name":"wp","href":"https:\/\/api.w.org\/{rel}","templated":true}]}}