{"id":13423,"date":"2026-04-13T05:17:46","date_gmt":"2026-04-13T03:17:46","guid":{"rendered":"https:\/\/vieassociative.be\/actualites\/la-bundesliga-masculine-compte-pour-la-premiere-fois-une-femme-comme-entraineur-chef\/"},"modified":"2026-04-13T05:17:46","modified_gmt":"2026-04-13T03:17:46","slug":"la-bundesliga-masculine-compte-pour-la-premiere-fois-une-femme-comme-entraineur-chef","status":"publish","type":"post","link":"https:\/\/vieassociative.be\/actualites\/la-bundesliga-masculine-compte-pour-la-premiere-fois-une-femme-comme-entraineur-chef\/","title":{"rendered":"La Bundesliga masculine compte pour la premi\u00e8re fois une femme comme entra\u00eeneur-chef"},"content":{"rendered":"<p><strong>L&rsquo;Union Berlin s&rsquo;est \u00e9tonnamment s\u00e9par\u00e9e de l&rsquo;entra\u00eeneur Steffen Baumgart et a promu Marie-Louise Eta comme premi\u00e8re femme de l&rsquo;histoire de la Bundesliga.<\/strong><strong>  jusqu&rsquo;\u00e0 la fin de la saison en tant qu&rsquo;entra\u00eeneur-chef.<\/strong><\/p>\n<p><span id=\"more-438369\"><\/span>Le club de la capitale a annonc\u00e9 la d\u00e9cision inattendue samedi soir peu avant minuit. Quelques heures plus t\u00f4t, les Berlinois avaient perdu 3-1 contre la derni\u00e8re \u00e9quipe d&rsquo;Heidenheim. L&rsquo;avance du onzi\u00e8me au classement sur la place de rel\u00e9gation 16 est toujours de sept points.<\/p>\n<p>Outre Baumgart, 54 ans, ses entra\u00eeneurs adjoints Danilo de Souza et Kevin McKenna doivent \u00e9galement partir. \u00ab\u00a0Nous avons connu jusqu&rsquo;\u00e0 pr\u00e9sent une seconde partie de saison absolument d\u00e9cevante et nous ne nous laissons pas aveugler par le classement : notre situation est toujours mena\u00e7ante et nous avons un besoin urgent de points pour garantir notre maintien en championnat\u00a0\u00bb, a expliqu\u00e9 le directeur du football professionnel Horst Heldt, selon le communiqu\u00e9.<\/p>\n<div id=\"attachment_438374\" class=\"wp-caption alignleft\" style=\"max-width: 300px\"><img fetchpriority=\"high\" decoding=\"async\" class=\"wp-image-438374 size-medium\" src=\"https:\/\/vieassociative.be\/actualites\/wp-content\/uploads\/2026\/04\/Pour-la-premiere-fois-une-femme-entraineur-chef-de-la-Bundesliga.jpg\" alt=\"\" width=\"300\" height=\"200\"><\/div>\n<p>\u00ab\u00a0Deux victoires en quatorze matches depuis la tr\u00eave hivernale et les performances affich\u00e9es ces derni\u00e8res semaines ne nous donnent pas la certitude que nous serons capables d&rsquo;inverser la tendance dans la situation actuelle\u00a0\u00bb, a poursuivi Heldt. \u00ab\u00a0Nous avons donc d\u00e9cid\u00e9 de recommencer maintenant.\u00a0\u00bb<\/p>\n<p>La fin sportive de Baumgart \u00e0 l&rsquo;Union est \u00e9galement une surprise, car les Berlinois n&rsquo;avaient prolong\u00e9 que pr\u00e9matur\u00e9ment le contrat avec l&rsquo;ancien joueur de l&rsquo;Union en janvier. Le natif de Rostock a repris l&rsquo;\u00e9quipe de K\u00f6penick en tant qu&rsquo;entra\u00eeneur d\u00e9but janvier 2025 et l&rsquo;a conduite \u00e0 la 13e place la saison derni\u00e8re.<\/p>\n<p>\u00c0 Eta, une femme sera pour la premi\u00e8re fois entra\u00eeneur-chef d&rsquo;une \u00e9quipe masculine de Bundesliga. Pour Eta, qui reprendra la Bundesliga f\u00e9minine de Berlin \u00e0 partir de l&rsquo;\u00e9t\u00e9, la t\u00e2che n&rsquo;est pas compl\u00e8tement nouvelle. Le joueur de 34 ans avait d\u00e9j\u00e0 accompagn\u00e9 K\u00f6penicker dans sa bataille pour la rel\u00e9gation en tant qu&rsquo;entra\u00eeneur adjoint de novembre 2023 \u00e0 mai 2024.<\/p>\n<div id=\"attachment_438375\" class=\"wp-caption alignleft\" style=\"max-width: 300px\"><img decoding=\"async\" class=\"wp-image-438375 size-medium\" src=\"https:\/\/vieassociative.be\/actualites\/wp-content\/uploads\/2026\/04\/1775985456_718_Pour-la-premiere-fois-une-femme-entraineur-chef-de-la-Bundesliga.jpg\" alt=\"\" width=\"300\" height=\"200\"><\/div>\n<p>\u00ab\u00a0Je suis heureux que Marie-Louise Eta ait accept\u00e9 d&rsquo;assumer cette t\u00e2che par int\u00e9rim avant de devenir entra\u00eeneur-chef de l&rsquo;\u00e9quipe professionnelle f\u00e9minine cet \u00e9t\u00e9 comme pr\u00e9vu\u00a0\u00bb, a d\u00e9clar\u00e9 Heldt. Elle est \u00ab\u00a0convaincue que nous obtiendrons les points d\u00e9cisifs avec l&rsquo;\u00e9quipe\u00a0\u00bb, a ajout\u00e9 Eta.<\/p>\n<p><strong>\u2013 Carri\u00e8re de joueur se termine pr\u00e9matur\u00e9ment :<\/strong> En tant que footballeuse, elle a connu beaucoup de succ\u00e8s au Turbine Potsdam au cours de sa carri\u00e8re active. \u00c0 l&rsquo;\u00e9poque sous le nom de Marie-Louise Bagehorn, elle a remport\u00e9 trois fois le championnat d&rsquo;Allemagne avec le club et la Ligue des champions en 2010. En raison de plusieurs blessures, elle a d\u00fb mettre fin \u00e0 sa carri\u00e8re de joueuse \u00e0 l&rsquo;\u00e2ge de 26 ans.<\/p>\n<p>Apr\u00e8s cela, sa carri\u00e8re d\u2019entra\u00eeneur d\u00e9colle rapidement. Elle a d&rsquo;abord travaill\u00e9 dans l&rsquo;\u00e9quipe de jeunes du Werder Br\u00eame et a r\u00e9cemment jou\u00e9 pour le club. En 2021, elle a \u00e9t\u00e9 embauch\u00e9e par la F\u00e9d\u00e9ration allemande de football en tant qu&rsquo;entra\u00eeneur adjoint de l&rsquo;\u00e9quipe f\u00e9minine U15. Un an plus tard, elle termine avec succ\u00e8s le cursus de licence Pro et est depuis officiellement autoris\u00e9e \u00e0 travailler comme entra\u00eeneur-chef en Bundesliga et en 2e Ligue. (dpa)<\/p>\n","protected":false},"excerpt":{"rendered":"<p>L&rsquo;Union Berlin s&rsquo;est \u00e9tonnamment s\u00e9par\u00e9e de l&rsquo;entra\u00eeneur Steffen Baumgart et a promu Marie-Louise Eta comme premi\u00e8re femme de l&rsquo;histoire de la Bundesliga. jusqu&rsquo;\u00e0 la fin<\/p>\n","protected":false},"author":1,"featured_media":13412,"comment_status":"","ping_status":"","sticky":false,"template":"","format":"standard","meta":{"footnotes":""},"categories":[298],"tags":[3644,1254,962,9169,4918,774,10470,81,610,110],"class_list":["post-13423","post","type-post","status-publish","format-standard","has-post-thumbnail","hentry","category-belgique","tag-bundesliga","tag-comme","tag-compte","tag-entraineurchef","tag-femme","tag-fois","tag-masculine","tag-pour","tag-premiere","tag-une","generate-columns","tablet-grid-50","mobile-grid-100","grid-parent","grid-33"],"yoast_head":"<!-- This site is optimized with the Yoast SEO plugin v24.0 - https:\/\/yoast.com\/wordpress\/plugins\/seo\/ -->\n<title>La Bundesliga masculine compte pour la premi\u00e8re fois une femme comme entra\u00eeneur-chef | Vie Associative<\/title>\n<meta name=\"robots\" content=\"index, follow, max-snippet:-1, max-image-preview:large, max-video-preview:-1\" \/>\n<link rel=\"canonical\" href=\"https:\/\/vieassociative.be\/actualites\/la-bundesliga-masculine-compte-pour-la-premiere-fois-une-femme-comme-entraineur-chef\/\" \/>\n<meta property=\"og:locale\" content=\"fr_FR\" \/>\n<meta property=\"og:type\" content=\"article\" \/>\n<meta property=\"og:title\" content=\"La Bundesliga masculine compte pour la premi\u00e8re fois une femme comme entra\u00eeneur-chef | Vie Associative\" \/>\n<meta property=\"og:description\" content=\"L&rsquo;Union Berlin s&rsquo;est \u00e9tonnamment s\u00e9par\u00e9e de l&rsquo;entra\u00eeneur Steffen Baumgart et a promu Marie-Louise Eta comme premi\u00e8re femme de l&rsquo;histoire de la Bundesliga. jusqu&rsquo;\u00e0 la fin\" \/>\n<meta property=\"og:url\" content=\"https:\/\/vieassociative.be\/actualites\/la-bundesliga-masculine-compte-pour-la-premiere-fois-une-femme-comme-entraineur-chef\/\" \/>\n<meta property=\"og:site_name\" content=\"Vie Associative\" \/>\n<meta property=\"article:published_time\" content=\"2026-04-13T03:17:46+00:00\" \/>\n<meta property=\"og:image\" content=\"https:\/\/vieassociative.be\/actualites\/wp-content\/uploads\/2024\/09\/header_backgroundk-01-e1726694325946.png\" \/>\n\t<meta property=\"og:image:width\" content=\"279\" \/>\n\t<meta property=\"og:image:height\" content=\"92\" \/>\n\t<meta property=\"og:image:type\" content=\"image\/png\" \/>\n<meta name=\"author\" content=\"Julien\" \/>\n<meta name=\"twitter:card\" content=\"summary_large_image\" \/>\n<meta name=\"twitter:label1\" content=\"\u00c9crit par\" \/>\n\t<meta name=\"twitter:data1\" content=\"Julien\" \/>\n\t<meta name=\"twitter:label2\" content=\"Dur\u00e9e de lecture est.\" \/>\n\t<meta name=\"twitter:data2\" content=\"3 minutes\" \/>\n<script type=\"application\/ld+json\" class=\"yoast-schema-graph\">{\"@context\":\"https:\/\/schema.org\",\"@graph\":[{\"@type\":\"Article\",\"@id\":\"https:\/\/vieassociative.be\/actualites\/la-bundesliga-masculine-compte-pour-la-premiere-fois-une-femme-comme-entraineur-chef\/#article\",\"isPartOf\":{\"@id\":\"https:\/\/vieassociative.be\/actualites\/la-bundesliga-masculine-compte-pour-la-premiere-fois-une-femme-comme-entraineur-chef\/\"},\"author\":{\"name\":\"Julien\",\"@id\":\"https:\/\/vieassociative.be\/actualites\/#\/schema\/person\/b87ac4f82f9d4e7b7cec7395b679edc4\"},\"headline\":\"La Bundesliga masculine compte pour la premi\u00e8re fois une femme comme entra\u00eeneur-chef\",\"datePublished\":\"2026-04-13T03:17:46+00:00\",\"dateModified\":\"2026-04-13T03:17:46+00:00\",\"mainEntityOfPage\":{\"@id\":\"https:\/\/vieassociative.be\/actualites\/la-bundesliga-masculine-compte-pour-la-premiere-fois-une-femme-comme-entraineur-chef\/\"},\"wordCount\":572,\"publisher\":{\"@id\":\"https:\/\/vieassociative.be\/actualites\/#organization\"},\"image\":{\"@id\":\"https:\/\/vieassociative.be\/actualites\/la-bundesliga-masculine-compte-pour-la-premiere-fois-une-femme-comme-entraineur-chef\/#primaryimage\"},\"thumbnailUrl\":\"https:\/\/vieassociative.be\/actualites\/wp-content\/uploads\/2026\/04\/1775985457_Pour-la-premiere-fois-une-femme-entraineur-chef-de-la-Bundesliga.jpg\",\"keywords\":[\"Bundesliga\",\"comme\",\"compte\",\"entra\u00eeneurchef\",\"femme\",\"fois\",\"masculine\",\"pour\",\"premi\u00e8re\",\"une\"],\"articleSection\":[\"Belgique\"],\"inLanguage\":\"fr-BE\"},{\"@type\":\"WebPage\",\"@id\":\"https:\/\/vieassociative.be\/actualites\/la-bundesliga-masculine-compte-pour-la-premiere-fois-une-femme-comme-entraineur-chef\/\",\"url\":\"https:\/\/vieassociative.be\/actualites\/la-bundesliga-masculine-compte-pour-la-premiere-fois-une-femme-comme-entraineur-chef\/\",\"name\":\"La Bundesliga masculine compte pour la premi\u00e8re fois une femme comme entra\u00eeneur-chef | Vie Associative\",\"isPartOf\":{\"@id\":\"https:\/\/vieassociative.be\/actualites\/#website\"},\"primaryImageOfPage\":{\"@id\":\"https:\/\/vieassociative.be\/actualites\/la-bundesliga-masculine-compte-pour-la-premiere-fois-une-femme-comme-entraineur-chef\/#primaryimage\"},\"image\":{\"@id\":\"https:\/\/vieassociative.be\/actualites\/la-bundesliga-masculine-compte-pour-la-premiere-fois-une-femme-comme-entraineur-chef\/#primaryimage\"},\"thumbnailUrl\":\"https:\/\/vieassociative.be\/actualites\/wp-content\/uploads\/2026\/04\/1775985457_Pour-la-premiere-fois-une-femme-entraineur-chef-de-la-Bundesliga.jpg\",\"datePublished\":\"2026-04-13T03:17:46+00:00\",\"dateModified\":\"2026-04-13T03:17:46+00:00\",\"breadcrumb\":{\"@id\":\"https:\/\/vieassociative.be\/actualites\/la-bundesliga-masculine-compte-pour-la-premiere-fois-une-femme-comme-entraineur-chef\/#breadcrumb\"},\"inLanguage\":\"fr-BE\",\"potentialAction\":[{\"@type\":\"ReadAction\",\"target\":[\"https:\/\/vieassociative.be\/actualites\/la-bundesliga-masculine-compte-pour-la-premiere-fois-une-femme-comme-entraineur-chef\/\"]}]},{\"@type\":\"ImageObject\",\"inLanguage\":\"fr-BE\",\"@id\":\"https:\/\/vieassociative.be\/actualites\/la-bundesliga-masculine-compte-pour-la-premiere-fois-une-femme-comme-entraineur-chef\/#primaryimage\",\"url\":\"https:\/\/vieassociative.be\/actualites\/wp-content\/uploads\/2026\/04\/1775985457_Pour-la-premiere-fois-une-femme-entraineur-chef-de-la-Bundesliga.jpg\",\"contentUrl\":\"https:\/\/vieassociative.be\/actualites\/wp-content\/uploads\/2026\/04\/1775985457_Pour-la-premiere-fois-une-femme-entraineur-chef-de-la-Bundesliga.jpg\",\"width\":1200,\"height\":774,\"caption\":\"Pour la premi\u00e8re fois, une femme entra\u00eeneur-chef de la Bundesliga masculine\"},{\"@type\":\"BreadcrumbList\",\"@id\":\"https:\/\/vieassociative.be\/actualites\/la-bundesliga-masculine-compte-pour-la-premiere-fois-une-femme-comme-entraineur-chef\/#breadcrumb\",\"itemListElement\":[{\"@type\":\"ListItem\",\"position\":1,\"name\":\"Accueil\",\"item\":\"https:\/\/vieassociative.be\/actualites\/\"},{\"@type\":\"ListItem\",\"position\":2,\"name\":\"La Bundesliga masculine compte pour la premi\u00e8re fois une femme comme entra\u00eeneur-chef\"}]},{\"@type\":\"WebSite\",\"@id\":\"https:\/\/vieassociative.be\/actualites\/#website\",\"url\":\"https:\/\/vieassociative.be\/actualites\/\",\"name\":\"Vie Associative\",\"description\":\"\",\"publisher\":{\"@id\":\"https:\/\/vieassociative.be\/actualites\/#organization\"},\"potentialAction\":[{\"@type\":\"SearchAction\",\"target\":{\"@type\":\"EntryPoint\",\"urlTemplate\":\"https:\/\/vieassociative.be\/actualites\/?s={search_term_string}\"},\"query-input\":{\"@type\":\"PropertyValueSpecification\",\"valueRequired\":true,\"valueName\":\"search_term_string\"}}],\"inLanguage\":\"fr-BE\"},{\"@type\":\"Organization\",\"@id\":\"https:\/\/vieassociative.be\/actualites\/#organization\",\"name\":\"Vie Associative\",\"url\":\"https:\/\/vieassociative.be\/actualites\/\",\"logo\":{\"@type\":\"ImageObject\",\"inLanguage\":\"fr-BE\",\"@id\":\"https:\/\/vieassociative.be\/actualites\/#\/schema\/logo\/image\/\",\"url\":\"https:\/\/vieassociative.be\/actualites\/wp-content\/uploads\/2024\/09\/cropped-vieassociative_favicon.ico.png\",\"contentUrl\":\"https:\/\/vieassociative.be\/actualites\/wp-content\/uploads\/2024\/09\/cropped-vieassociative_favicon.ico.png\",\"width\":512,\"height\":512,\"caption\":\"Vie Associative\"},\"image\":{\"@id\":\"https:\/\/vieassociative.be\/actualites\/#\/schema\/logo\/image\/\"}},{\"@type\":\"Person\",\"@id\":\"https:\/\/vieassociative.be\/actualites\/#\/schema\/person\/b87ac4f82f9d4e7b7cec7395b679edc4\",\"name\":\"Julien\",\"image\":{\"@type\":\"ImageObject\",\"inLanguage\":\"fr-BE\",\"@id\":\"https:\/\/vieassociative.be\/actualites\/#\/schema\/person\/image\/\",\"url\":\"https:\/\/vieassociative.be\/actualites\/wp-content\/uploads\/2024\/09\/vie-associative-1-150x150.jpg\",\"contentUrl\":\"https:\/\/vieassociative.be\/actualites\/wp-content\/uploads\/2024\/09\/vie-associative-1-150x150.jpg\",\"caption\":\"Julien\"},\"description\":\"Je suis Julien, r\u00e9dacteur pour Vie Associative. Passionn\u00e9 par le monde associatif depuis plus de 10 ans, j'ai \u00e0 c\u0153ur de partager des histoires inspirantes et de mettre en lumi\u00e8re les initiatives locales. Mon objectif est de sensibiliser et d'encourager l'engagement communautaire \u00e0 travers mes articles.\",\"sameAs\":[\"https:\/\/vieassociative.be\/\"]}]}<\/script>\n<!-- \/ Yoast SEO plugin. -->","yoast_head_json":{"title":"La Bundesliga masculine compte pour la premi\u00e8re fois une femme comme entra\u00eeneur-chef | Vie Associative","robots":{"index":"index","follow":"follow","max-snippet":"max-snippet:-1","max-image-preview":"max-image-preview:large","max-video-preview":"max-video-preview:-1"},"canonical":"https:\/\/vieassociative.be\/actualites\/la-bundesliga-masculine-compte-pour-la-premiere-fois-une-femme-comme-entraineur-chef\/","og_locale":"fr_FR","og_type":"article","og_title":"La Bundesliga masculine compte pour la premi\u00e8re fois une femme comme entra\u00eeneur-chef | Vie Associative","og_description":"L&rsquo;Union Berlin s&rsquo;est \u00e9tonnamment s\u00e9par\u00e9e de l&rsquo;entra\u00eeneur Steffen Baumgart et a promu Marie-Louise Eta comme premi\u00e8re femme de l&rsquo;histoire de la Bundesliga. jusqu&rsquo;\u00e0 la fin","og_url":"https:\/\/vieassociative.be\/actualites\/la-bundesliga-masculine-compte-pour-la-premiere-fois-une-femme-comme-entraineur-chef\/","og_site_name":"Vie Associative","article_published_time":"2026-04-13T03:17:46+00:00","og_image":[{"width":279,"height":92,"url":"https:\/\/vieassociative.be\/actualites\/wp-content\/uploads\/2024\/09\/header_backgroundk-01-e1726694325946.png","type":"image\/png"}],"author":"Julien","twitter_card":"summary_large_image","twitter_misc":{"\u00c9crit par":"Julien","Dur\u00e9e de lecture est.":"3 minutes"},"schema":{"@context":"https:\/\/schema.org","@graph":[{"@type":"Article","@id":"https:\/\/vieassociative.be\/actualites\/la-bundesliga-masculine-compte-pour-la-premiere-fois-une-femme-comme-entraineur-chef\/#article","isPartOf":{"@id":"https:\/\/vieassociative.be\/actualites\/la-bundesliga-masculine-compte-pour-la-premiere-fois-une-femme-comme-entraineur-chef\/"},"author":{"name":"Julien","@id":"https:\/\/vieassociative.be\/actualites\/#\/schema\/person\/b87ac4f82f9d4e7b7cec7395b679edc4"},"headline":"La Bundesliga masculine compte pour la premi\u00e8re fois une femme comme entra\u00eeneur-chef","datePublished":"2026-04-13T03:17:46+00:00","dateModified":"2026-04-13T03:17:46+00:00","mainEntityOfPage":{"@id":"https:\/\/vieassociative.be\/actualites\/la-bundesliga-masculine-compte-pour-la-premiere-fois-une-femme-comme-entraineur-chef\/"},"wordCount":572,"publisher":{"@id":"https:\/\/vieassociative.be\/actualites\/#organization"},"image":{"@id":"https:\/\/vieassociative.be\/actualites\/la-bundesliga-masculine-compte-pour-la-premiere-fois-une-femme-comme-entraineur-chef\/#primaryimage"},"thumbnailUrl":"https:\/\/vieassociative.be\/actualites\/wp-content\/uploads\/2026\/04\/1775985457_Pour-la-premiere-fois-une-femme-entraineur-chef-de-la-Bundesliga.jpg","keywords":["Bundesliga","comme","compte","entra\u00eeneurchef","femme","fois","masculine","pour","premi\u00e8re","une"],"articleSection":["Belgique"],"inLanguage":"fr-BE"},{"@type":"WebPage","@id":"https:\/\/vieassociative.be\/actualites\/la-bundesliga-masculine-compte-pour-la-premiere-fois-une-femme-comme-entraineur-chef\/","url":"https:\/\/vieassociative.be\/actualites\/la-bundesliga-masculine-compte-pour-la-premiere-fois-une-femme-comme-entraineur-chef\/","name":"La Bundesliga masculine compte pour la premi\u00e8re fois une femme comme entra\u00eeneur-chef | Vie Associative","isPartOf":{"@id":"https:\/\/vieassociative.be\/actualites\/#website"},"primaryImageOfPage":{"@id":"https:\/\/vieassociative.be\/actualites\/la-bundesliga-masculine-compte-pour-la-premiere-fois-une-femme-comme-entraineur-chef\/#primaryimage"},"image":{"@id":"https:\/\/vieassociative.be\/actualites\/la-bundesliga-masculine-compte-pour-la-premiere-fois-une-femme-comme-entraineur-chef\/#primaryimage"},"thumbnailUrl":"https:\/\/vieassociative.be\/actualites\/wp-content\/uploads\/2026\/04\/1775985457_Pour-la-premiere-fois-une-femme-entraineur-chef-de-la-Bundesliga.jpg","datePublished":"2026-04-13T03:17:46+00:00","dateModified":"2026-04-13T03:17:46+00:00","breadcrumb":{"@id":"https:\/\/vieassociative.be\/actualites\/la-bundesliga-masculine-compte-pour-la-premiere-fois-une-femme-comme-entraineur-chef\/#breadcrumb"},"inLanguage":"fr-BE","potentialAction":[{"@type":"ReadAction","target":["https:\/\/vieassociative.be\/actualites\/la-bundesliga-masculine-compte-pour-la-premiere-fois-une-femme-comme-entraineur-chef\/"]}]},{"@type":"ImageObject","inLanguage":"fr-BE","@id":"https:\/\/vieassociative.be\/actualites\/la-bundesliga-masculine-compte-pour-la-premiere-fois-une-femme-comme-entraineur-chef\/#primaryimage","url":"https:\/\/vieassociative.be\/actualites\/wp-content\/uploads\/2026\/04\/1775985457_Pour-la-premiere-fois-une-femme-entraineur-chef-de-la-Bundesliga.jpg","contentUrl":"https:\/\/vieassociative.be\/actualites\/wp-content\/uploads\/2026\/04\/1775985457_Pour-la-premiere-fois-une-femme-entraineur-chef-de-la-Bundesliga.jpg","width":1200,"height":774,"caption":"Pour la premi\u00e8re fois, une femme entra\u00eeneur-chef de la Bundesliga masculine"},{"@type":"BreadcrumbList","@id":"https:\/\/vieassociative.be\/actualites\/la-bundesliga-masculine-compte-pour-la-premiere-fois-une-femme-comme-entraineur-chef\/#breadcrumb","itemListElement":[{"@type":"ListItem","position":1,"name":"Accueil","item":"https:\/\/vieassociative.be\/actualites\/"},{"@type":"ListItem","position":2,"name":"La Bundesliga masculine compte pour la premi\u00e8re fois une femme comme entra\u00eeneur-chef"}]},{"@type":"WebSite","@id":"https:\/\/vieassociative.be\/actualites\/#website","url":"https:\/\/vieassociative.be\/actualites\/","name":"Vie Associative","description":"","publisher":{"@id":"https:\/\/vieassociative.be\/actualites\/#organization"},"potentialAction":[{"@type":"SearchAction","target":{"@type":"EntryPoint","urlTemplate":"https:\/\/vieassociative.be\/actualites\/?s={search_term_string}"},"query-input":{"@type":"PropertyValueSpecification","valueRequired":true,"valueName":"search_term_string"}}],"inLanguage":"fr-BE"},{"@type":"Organization","@id":"https:\/\/vieassociative.be\/actualites\/#organization","name":"Vie Associative","url":"https:\/\/vieassociative.be\/actualites\/","logo":{"@type":"ImageObject","inLanguage":"fr-BE","@id":"https:\/\/vieassociative.be\/actualites\/#\/schema\/logo\/image\/","url":"https:\/\/vieassociative.be\/actualites\/wp-content\/uploads\/2024\/09\/cropped-vieassociative_favicon.ico.png","contentUrl":"https:\/\/vieassociative.be\/actualites\/wp-content\/uploads\/2024\/09\/cropped-vieassociative_favicon.ico.png","width":512,"height":512,"caption":"Vie Associative"},"image":{"@id":"https:\/\/vieassociative.be\/actualites\/#\/schema\/logo\/image\/"}},{"@type":"Person","@id":"https:\/\/vieassociative.be\/actualites\/#\/schema\/person\/b87ac4f82f9d4e7b7cec7395b679edc4","name":"Julien","image":{"@type":"ImageObject","inLanguage":"fr-BE","@id":"https:\/\/vieassociative.be\/actualites\/#\/schema\/person\/image\/","url":"https:\/\/vieassociative.be\/actualites\/wp-content\/uploads\/2024\/09\/vie-associative-1-150x150.jpg","contentUrl":"https:\/\/vieassociative.be\/actualites\/wp-content\/uploads\/2024\/09\/vie-associative-1-150x150.jpg","caption":"Julien"},"description":"Je suis Julien, r\u00e9dacteur pour Vie Associative. Passionn\u00e9 par le monde associatif depuis plus de 10 ans, j'ai \u00e0 c\u0153ur de partager des histoires inspirantes et de mettre en lumi\u00e8re les initiatives locales. Mon objectif est de sensibiliser et d'encourager l'engagement communautaire \u00e0 travers mes articles.","sameAs":["https:\/\/vieassociative.be\/"]}]}},"_links":{"self":[{"href":"https:\/\/vieassociative.be\/actualites\/wp-json\/wp\/v2\/posts\/13423"}],"collection":[{"href":"https:\/\/vieassociative.be\/actualites\/wp-json\/wp\/v2\/posts"}],"about":[{"href":"https:\/\/vieassociative.be\/actualites\/wp-json\/wp\/v2\/types\/post"}],"author":[{"embeddable":true,"href":"https:\/\/vieassociative.be\/actualites\/wp-json\/wp\/v2\/users\/1"}],"replies":[{"embeddable":true,"href":"https:\/\/vieassociative.be\/actualites\/wp-json\/wp\/v2\/comments?post=13423"}],"version-history":[{"count":0,"href":"https:\/\/vieassociative.be\/actualites\/wp-json\/wp\/v2\/posts\/13423\/revisions"}],"wp:featuredmedia":[{"embeddable":true,"href":"https:\/\/vieassociative.be\/actualites\/wp-json\/wp\/v2\/media\/13412"}],"wp:attachment":[{"href":"https:\/\/vieassociative.be\/actualites\/wp-json\/wp\/v2\/media?parent=13423"}],"wp:term":[{"taxonomy":"category","embeddable":true,"href":"https:\/\/vieassociative.be\/actualites\/wp-json\/wp\/v2\/categories?post=13423"},{"taxonomy":"post_tag","embeddable":true,"href":"https:\/\/vieassociative.be\/actualites\/wp-json\/wp\/v2\/tags?post=13423"}],"curies":[{"name":"wp","href":"https:\/\/api.w.org\/{rel}","templated":true}]}}