{"id":13419,"date":"2026-04-12T23:17:29","date_gmt":"2026-04-12T21:17:29","guid":{"rendered":"https:\/\/vieassociative.be\/actualites\/hongrie-viktor-orban-admet-sa-defaite-electorale\/"},"modified":"2026-04-12T23:17:29","modified_gmt":"2026-04-12T21:17:29","slug":"hongrie-viktor-orban-admet-sa-defaite-electorale","status":"publish","type":"post","link":"https:\/\/vieassociative.be\/actualites\/hongrie-viktor-orban-admet-sa-defaite-electorale\/","title":{"rendered":"Hongrie : Viktor Orban admet sa d\u00e9faite \u00e9lectorale"},"content":{"rendered":"<p><strong>MISE \u00c0 JOUR \u2013 En Hongrie, le chef du gouvernement est clairement en train de perdre face \u00e0 son challenger Peter Magyar, selon des r\u00e9sultats partiels. Orban a d\u00e9j\u00e0 f\u00e9licit\u00e9 son adversaire : va-t-il d\u00e9sormais continuer dans l&rsquo;opposition ?<\/strong><\/p>\n<p><span id=\"more-438383\"><\/span>Le Premier ministre hongrois Viktor Orban a reconnu sa d\u00e9faite aux \u00e9lections l\u00e9gislatives hongroises. \u00ab\u00a0Quoi qu&rsquo;il arrive, nous servirons notre patrie m\u00eame dans l&rsquo;opposition\u00a0\u00bb, a-t-il d\u00e9clar\u00e9 \u00e0 ses partisans \u00e0 Budapest. \u00ab La t\u00e2che est claire : maintenant que le fardeau du travail gouvernemental ne repose plus sur nos \u00e9paules, nous devons renforcer notre propre communaut\u00e9 \u00bb, a-t-il ajout\u00e9, faisant r\u00e9f\u00e9rence \u00e0 ses partisans.<\/p>\n<div id=\"attachment_438035\" class=\"wp-caption alignleft\" style=\"max-width: 300px\"><img fetchpriority=\"high\" decoding=\"async\" class=\"wp-image-438035 size-medium\" src=\"https:\/\/vieassociative.be\/actualites\/wp-content\/uploads\/2026\/03\/1774905486_333_Elections-en-Hongrie-si-Orban-perdait-les-bouchons-de.jpg\" alt=\"\" width=\"300\" height=\"200\"><\/div>\n<p>Apr\u00e8s avoir d\u00e9pouill\u00e9 environ 67 pour cent des bureaux de vote, son parti populiste de droite, le Fidesz, a obtenu 38,08 pour cent des voix, comme l&rsquo;a annonc\u00e9 la commission \u00e9lectorale de Budapest. Son adversaire civil Peter Magyar esp\u00e8re d\u00e9sormais une victoire \u00e9lectorale. Selon ces informations, son parti Tisza a obtenu 53,27 pour cent des voix au m\u00eame d\u00e9pouillement. Selon les chercheurs \u00e9lectoraux, Tisza est suffisamment en avance dans suffisamment de circonscriptions pour remporter une majorit\u00e9 parlementaire confortable. Comme Magyar l&rsquo;a expliqu\u00e9 \u00e0 Budapest, Orban l&rsquo;avait f\u00e9licit\u00e9 par t\u00e9l\u00e9phone pour sa victoire \u00e9lectorale.<\/p>\n<p>L&rsquo;\u00e9lection a \u00e9t\u00e9 consid\u00e9r\u00e9e comme la d\u00e9cision \u00e9lectorale la plus importante depuis le changement d\u00e9mocratique de 1989\/90. Au cours de son r\u00e8gne depuis 2010, Orban a \u00e9tabli un \u00c9tat semi-autoritaire, a conduit son pays sur la voie de la confrontation avec l\u2019UE et s\u2019est alli\u00e9 \u00e0 la Russie et au gouvernement am\u00e9ricain du pr\u00e9sident Donald Trump.<\/p>\n<div id=\"attachment_438391\" class=\"wp-caption alignleft\" style=\"max-width: 300px\"><img decoding=\"async\" class=\"wp-image-438391 size-medium\" src=\"https:\/\/vieassociative.be\/actualites\/wp-content\/uploads\/2026\/04\/Hongrie-Viktor-Orban-admet-sa-defaite-electorale.jpg\" alt=\"\" width=\"300\" height=\"200\"><\/div>\n<p><strong>\u2013 Cette \u00e9lection est r\u00e9volutionnaire pour l\u2019Union europ\u00e9enne :<\/strong> Au sein de l\u2019UE, il a utilis\u00e9 son veto pour bloquer une aide importante \u00e0 l\u2019Ukraine, attaqu\u00e9e par la Russie. Ce faisant, il a amen\u00e9 l\u2019Union au bord de l\u2019incapacit\u00e9 d\u2019agir. En raison des violations du principe de l\u2019\u00c9tat de droit, l\u2019UE a suspendu les milliards d\u2019aides auxquelles la Hongrie avait droit.<\/p>\n<p>Si les r\u00e9sultats partiels se confirment, les Magyars pourront revendiquer une victoire historique. Le challenger lui-m\u00eame est issu du parti Fidesz, mais il a rompu avec celui-ci il y a deux ans. Il a d\u00e9clar\u00e9 qu\u2019il ne pouvait plus tol\u00e9rer la fa\u00e7on dont Orban exer\u00e7ait le pouvoir.<\/p>\n<p>Dans le peu de temps qui a pr\u00e9c\u00e9d\u00e9 ces \u00e9lections, les Magyars ont b\u00e2ti un mouvement citoyen puissant et \u00e0 large assise qui constitue l\u2019\u00e9pine dorsale de la Tisza. Dans son programme \u00e9lectoral, il a promis un renouveau politique dans les pays de l&rsquo;UE et de l&rsquo;OTAN. Il a d\u00e9clar\u00e9 la guerre \u00e0 la corruption et \u00e0 la mauvaise gestion. Selon lui, il souhaite r\u00e9tablir les relations avec l\u2019UE et les partenaires occidentaux.<\/p>\n<p>La participation \u00e9lectorale a atteint un niveau record. Une demi-heure avant la fermeture du scrutin, il \u00e9tait de 77,8 pour cent. (dpa)<\/p>\n","protected":false},"excerpt":{"rendered":"<p>MISE \u00c0 JOUR \u2013 En Hongrie, le chef du gouvernement est clairement en train de perdre face \u00e0 son challenger Peter Magyar, selon des r\u00e9sultats<\/p>\n","protected":false},"author":1,"featured_media":13420,"comment_status":"","ping_status":"","sticky":false,"template":"","format":"standard","meta":{"footnotes":""},"categories":[298],"tags":[7453,2350,2842,3330,7060,7059],"class_list":["post-13419","post","type-post","status-publish","format-standard","has-post-thumbnail","hentry","category-belgique","tag-admet","tag-defaite","tag-electorale","tag-hongrie","tag-orban","tag-viktor","generate-columns","tablet-grid-50","mobile-grid-100","grid-parent","grid-33"],"yoast_head":"<!-- This site is optimized with the Yoast SEO plugin v24.0 - https:\/\/yoast.com\/wordpress\/plugins\/seo\/ -->\n<title>Hongrie : Viktor Orban admet sa d\u00e9faite \u00e9lectorale | Vie Associative<\/title>\n<meta name=\"robots\" content=\"index, follow, max-snippet:-1, max-image-preview:large, max-video-preview:-1\" \/>\n<link rel=\"canonical\" href=\"https:\/\/vieassociative.be\/actualites\/hongrie-viktor-orban-admet-sa-defaite-electorale\/\" \/>\n<meta property=\"og:locale\" content=\"fr_FR\" \/>\n<meta property=\"og:type\" content=\"article\" \/>\n<meta property=\"og:title\" content=\"Hongrie : Viktor Orban admet sa d\u00e9faite \u00e9lectorale | Vie Associative\" \/>\n<meta property=\"og:description\" content=\"MISE \u00c0 JOUR \u2013 En Hongrie, le chef du gouvernement est clairement en train de perdre face \u00e0 son challenger Peter Magyar, selon des r\u00e9sultats\" \/>\n<meta property=\"og:url\" content=\"https:\/\/vieassociative.be\/actualites\/hongrie-viktor-orban-admet-sa-defaite-electorale\/\" \/>\n<meta property=\"og:site_name\" content=\"Vie Associative\" \/>\n<meta property=\"article:published_time\" content=\"2026-04-12T21:17:29+00:00\" \/>\n<meta property=\"og:image\" content=\"https:\/\/vieassociative.be\/actualites\/wp-content\/uploads\/2024\/09\/header_backgroundk-01-e1726694325946.png\" \/>\n\t<meta property=\"og:image:width\" content=\"279\" \/>\n\t<meta property=\"og:image:height\" content=\"92\" \/>\n\t<meta property=\"og:image:type\" content=\"image\/png\" \/>\n<meta name=\"author\" content=\"Julien\" \/>\n<meta name=\"twitter:card\" content=\"summary_large_image\" \/>\n<meta name=\"twitter:label1\" content=\"\u00c9crit par\" \/>\n\t<meta name=\"twitter:data1\" content=\"Julien\" \/>\n\t<meta name=\"twitter:label2\" content=\"Dur\u00e9e de lecture est.\" \/>\n\t<meta name=\"twitter:data2\" content=\"2 minutes\" \/>\n<script type=\"application\/ld+json\" class=\"yoast-schema-graph\">{\"@context\":\"https:\/\/schema.org\",\"@graph\":[{\"@type\":\"Article\",\"@id\":\"https:\/\/vieassociative.be\/actualites\/hongrie-viktor-orban-admet-sa-defaite-electorale\/#article\",\"isPartOf\":{\"@id\":\"https:\/\/vieassociative.be\/actualites\/hongrie-viktor-orban-admet-sa-defaite-electorale\/\"},\"author\":{\"name\":\"Julien\",\"@id\":\"https:\/\/vieassociative.be\/actualites\/#\/schema\/person\/b87ac4f82f9d4e7b7cec7395b679edc4\"},\"headline\":\"Hongrie : Viktor Orban admet sa d\u00e9faite \u00e9lectorale\",\"datePublished\":\"2026-04-12T21:17:29+00:00\",\"dateModified\":\"2026-04-12T21:17:29+00:00\",\"mainEntityOfPage\":{\"@id\":\"https:\/\/vieassociative.be\/actualites\/hongrie-viktor-orban-admet-sa-defaite-electorale\/\"},\"wordCount\":502,\"publisher\":{\"@id\":\"https:\/\/vieassociative.be\/actualites\/#organization\"},\"image\":{\"@id\":\"https:\/\/vieassociative.be\/actualites\/hongrie-viktor-orban-admet-sa-defaite-electorale\/#primaryimage\"},\"thumbnailUrl\":\"https:\/\/vieassociative.be\/actualites\/wp-content\/uploads\/2026\/04\/1776028650_Hongrie-Viktor-Orban-admet-sa-defaite-electorale.jpg\",\"keywords\":[\"admet\",\"D\u00e9faite\",\"\u00e9lectorale\",\"Hongrie\",\"orban\",\"viktor\"],\"articleSection\":[\"Belgique\"],\"inLanguage\":\"fr-BE\"},{\"@type\":\"WebPage\",\"@id\":\"https:\/\/vieassociative.be\/actualites\/hongrie-viktor-orban-admet-sa-defaite-electorale\/\",\"url\":\"https:\/\/vieassociative.be\/actualites\/hongrie-viktor-orban-admet-sa-defaite-electorale\/\",\"name\":\"Hongrie : Viktor Orban admet sa d\u00e9faite \u00e9lectorale | Vie Associative\",\"isPartOf\":{\"@id\":\"https:\/\/vieassociative.be\/actualites\/#website\"},\"primaryImageOfPage\":{\"@id\":\"https:\/\/vieassociative.be\/actualites\/hongrie-viktor-orban-admet-sa-defaite-electorale\/#primaryimage\"},\"image\":{\"@id\":\"https:\/\/vieassociative.be\/actualites\/hongrie-viktor-orban-admet-sa-defaite-electorale\/#primaryimage\"},\"thumbnailUrl\":\"https:\/\/vieassociative.be\/actualites\/wp-content\/uploads\/2026\/04\/1776028650_Hongrie-Viktor-Orban-admet-sa-defaite-electorale.jpg\",\"datePublished\":\"2026-04-12T21:17:29+00:00\",\"dateModified\":\"2026-04-12T21:17:29+00:00\",\"breadcrumb\":{\"@id\":\"https:\/\/vieassociative.be\/actualites\/hongrie-viktor-orban-admet-sa-defaite-electorale\/#breadcrumb\"},\"inLanguage\":\"fr-BE\",\"potentialAction\":[{\"@type\":\"ReadAction\",\"target\":[\"https:\/\/vieassociative.be\/actualites\/hongrie-viktor-orban-admet-sa-defaite-electorale\/\"]}]},{\"@type\":\"ImageObject\",\"inLanguage\":\"fr-BE\",\"@id\":\"https:\/\/vieassociative.be\/actualites\/hongrie-viktor-orban-admet-sa-defaite-electorale\/#primaryimage\",\"url\":\"https:\/\/vieassociative.be\/actualites\/wp-content\/uploads\/2026\/04\/1776028650_Hongrie-Viktor-Orban-admet-sa-defaite-electorale.jpg\",\"contentUrl\":\"https:\/\/vieassociative.be\/actualites\/wp-content\/uploads\/2026\/04\/1776028650_Hongrie-Viktor-Orban-admet-sa-defaite-electorale.jpg\",\"width\":1200,\"height\":800,\"caption\":\"Hongrie : Viktor Orban admet sa d\u00e9faite \u00e9lectorale\"},{\"@type\":\"BreadcrumbList\",\"@id\":\"https:\/\/vieassociative.be\/actualites\/hongrie-viktor-orban-admet-sa-defaite-electorale\/#breadcrumb\",\"itemListElement\":[{\"@type\":\"ListItem\",\"position\":1,\"name\":\"Accueil\",\"item\":\"https:\/\/vieassociative.be\/actualites\/\"},{\"@type\":\"ListItem\",\"position\":2,\"name\":\"Hongrie : Viktor Orban admet sa d\u00e9faite \u00e9lectorale\"}]},{\"@type\":\"WebSite\",\"@id\":\"https:\/\/vieassociative.be\/actualites\/#website\",\"url\":\"https:\/\/vieassociative.be\/actualites\/\",\"name\":\"Vie Associative\",\"description\":\"\",\"publisher\":{\"@id\":\"https:\/\/vieassociative.be\/actualites\/#organization\"},\"potentialAction\":[{\"@type\":\"SearchAction\",\"target\":{\"@type\":\"EntryPoint\",\"urlTemplate\":\"https:\/\/vieassociative.be\/actualites\/?s={search_term_string}\"},\"query-input\":{\"@type\":\"PropertyValueSpecification\",\"valueRequired\":true,\"valueName\":\"search_term_string\"}}],\"inLanguage\":\"fr-BE\"},{\"@type\":\"Organization\",\"@id\":\"https:\/\/vieassociative.be\/actualites\/#organization\",\"name\":\"Vie Associative\",\"url\":\"https:\/\/vieassociative.be\/actualites\/\",\"logo\":{\"@type\":\"ImageObject\",\"inLanguage\":\"fr-BE\",\"@id\":\"https:\/\/vieassociative.be\/actualites\/#\/schema\/logo\/image\/\",\"url\":\"https:\/\/vieassociative.be\/actualites\/wp-content\/uploads\/2024\/09\/cropped-vieassociative_favicon.ico.png\",\"contentUrl\":\"https:\/\/vieassociative.be\/actualites\/wp-content\/uploads\/2024\/09\/cropped-vieassociative_favicon.ico.png\",\"width\":512,\"height\":512,\"caption\":\"Vie Associative\"},\"image\":{\"@id\":\"https:\/\/vieassociative.be\/actualites\/#\/schema\/logo\/image\/\"}},{\"@type\":\"Person\",\"@id\":\"https:\/\/vieassociative.be\/actualites\/#\/schema\/person\/b87ac4f82f9d4e7b7cec7395b679edc4\",\"name\":\"Julien\",\"image\":{\"@type\":\"ImageObject\",\"inLanguage\":\"fr-BE\",\"@id\":\"https:\/\/vieassociative.be\/actualites\/#\/schema\/person\/image\/\",\"url\":\"https:\/\/vieassociative.be\/actualites\/wp-content\/uploads\/2024\/09\/vie-associative-1-150x150.jpg\",\"contentUrl\":\"https:\/\/vieassociative.be\/actualites\/wp-content\/uploads\/2024\/09\/vie-associative-1-150x150.jpg\",\"caption\":\"Julien\"},\"description\":\"Je suis Julien, r\u00e9dacteur pour Vie Associative. Passionn\u00e9 par le monde associatif depuis plus de 10 ans, j'ai \u00e0 c\u0153ur de partager des histoires inspirantes et de mettre en lumi\u00e8re les initiatives locales. Mon objectif est de sensibiliser et d'encourager l'engagement communautaire \u00e0 travers mes articles.\",\"sameAs\":[\"https:\/\/vieassociative.be\/\"]}]}<\/script>\n<!-- \/ Yoast SEO plugin. -->","yoast_head_json":{"title":"Hongrie : Viktor Orban admet sa d\u00e9faite \u00e9lectorale | Vie Associative","robots":{"index":"index","follow":"follow","max-snippet":"max-snippet:-1","max-image-preview":"max-image-preview:large","max-video-preview":"max-video-preview:-1"},"canonical":"https:\/\/vieassociative.be\/actualites\/hongrie-viktor-orban-admet-sa-defaite-electorale\/","og_locale":"fr_FR","og_type":"article","og_title":"Hongrie : Viktor Orban admet sa d\u00e9faite \u00e9lectorale | Vie Associative","og_description":"MISE \u00c0 JOUR \u2013 En Hongrie, le chef du gouvernement est clairement en train de perdre face \u00e0 son challenger Peter Magyar, selon des r\u00e9sultats","og_url":"https:\/\/vieassociative.be\/actualites\/hongrie-viktor-orban-admet-sa-defaite-electorale\/","og_site_name":"Vie Associative","article_published_time":"2026-04-12T21:17:29+00:00","og_image":[{"width":279,"height":92,"url":"https:\/\/vieassociative.be\/actualites\/wp-content\/uploads\/2024\/09\/header_backgroundk-01-e1726694325946.png","type":"image\/png"}],"author":"Julien","twitter_card":"summary_large_image","twitter_misc":{"\u00c9crit par":"Julien","Dur\u00e9e de lecture est.":"2 minutes"},"schema":{"@context":"https:\/\/schema.org","@graph":[{"@type":"Article","@id":"https:\/\/vieassociative.be\/actualites\/hongrie-viktor-orban-admet-sa-defaite-electorale\/#article","isPartOf":{"@id":"https:\/\/vieassociative.be\/actualites\/hongrie-viktor-orban-admet-sa-defaite-electorale\/"},"author":{"name":"Julien","@id":"https:\/\/vieassociative.be\/actualites\/#\/schema\/person\/b87ac4f82f9d4e7b7cec7395b679edc4"},"headline":"Hongrie : Viktor Orban admet sa d\u00e9faite \u00e9lectorale","datePublished":"2026-04-12T21:17:29+00:00","dateModified":"2026-04-12T21:17:29+00:00","mainEntityOfPage":{"@id":"https:\/\/vieassociative.be\/actualites\/hongrie-viktor-orban-admet-sa-defaite-electorale\/"},"wordCount":502,"publisher":{"@id":"https:\/\/vieassociative.be\/actualites\/#organization"},"image":{"@id":"https:\/\/vieassociative.be\/actualites\/hongrie-viktor-orban-admet-sa-defaite-electorale\/#primaryimage"},"thumbnailUrl":"https:\/\/vieassociative.be\/actualites\/wp-content\/uploads\/2026\/04\/1776028650_Hongrie-Viktor-Orban-admet-sa-defaite-electorale.jpg","keywords":["admet","D\u00e9faite","\u00e9lectorale","Hongrie","orban","viktor"],"articleSection":["Belgique"],"inLanguage":"fr-BE"},{"@type":"WebPage","@id":"https:\/\/vieassociative.be\/actualites\/hongrie-viktor-orban-admet-sa-defaite-electorale\/","url":"https:\/\/vieassociative.be\/actualites\/hongrie-viktor-orban-admet-sa-defaite-electorale\/","name":"Hongrie : Viktor Orban admet sa d\u00e9faite \u00e9lectorale | Vie Associative","isPartOf":{"@id":"https:\/\/vieassociative.be\/actualites\/#website"},"primaryImageOfPage":{"@id":"https:\/\/vieassociative.be\/actualites\/hongrie-viktor-orban-admet-sa-defaite-electorale\/#primaryimage"},"image":{"@id":"https:\/\/vieassociative.be\/actualites\/hongrie-viktor-orban-admet-sa-defaite-electorale\/#primaryimage"},"thumbnailUrl":"https:\/\/vieassociative.be\/actualites\/wp-content\/uploads\/2026\/04\/1776028650_Hongrie-Viktor-Orban-admet-sa-defaite-electorale.jpg","datePublished":"2026-04-12T21:17:29+00:00","dateModified":"2026-04-12T21:17:29+00:00","breadcrumb":{"@id":"https:\/\/vieassociative.be\/actualites\/hongrie-viktor-orban-admet-sa-defaite-electorale\/#breadcrumb"},"inLanguage":"fr-BE","potentialAction":[{"@type":"ReadAction","target":["https:\/\/vieassociative.be\/actualites\/hongrie-viktor-orban-admet-sa-defaite-electorale\/"]}]},{"@type":"ImageObject","inLanguage":"fr-BE","@id":"https:\/\/vieassociative.be\/actualites\/hongrie-viktor-orban-admet-sa-defaite-electorale\/#primaryimage","url":"https:\/\/vieassociative.be\/actualites\/wp-content\/uploads\/2026\/04\/1776028650_Hongrie-Viktor-Orban-admet-sa-defaite-electorale.jpg","contentUrl":"https:\/\/vieassociative.be\/actualites\/wp-content\/uploads\/2026\/04\/1776028650_Hongrie-Viktor-Orban-admet-sa-defaite-electorale.jpg","width":1200,"height":800,"caption":"Hongrie : Viktor Orban admet sa d\u00e9faite \u00e9lectorale"},{"@type":"BreadcrumbList","@id":"https:\/\/vieassociative.be\/actualites\/hongrie-viktor-orban-admet-sa-defaite-electorale\/#breadcrumb","itemListElement":[{"@type":"ListItem","position":1,"name":"Accueil","item":"https:\/\/vieassociative.be\/actualites\/"},{"@type":"ListItem","position":2,"name":"Hongrie : Viktor Orban admet sa d\u00e9faite \u00e9lectorale"}]},{"@type":"WebSite","@id":"https:\/\/vieassociative.be\/actualites\/#website","url":"https:\/\/vieassociative.be\/actualites\/","name":"Vie Associative","description":"","publisher":{"@id":"https:\/\/vieassociative.be\/actualites\/#organization"},"potentialAction":[{"@type":"SearchAction","target":{"@type":"EntryPoint","urlTemplate":"https:\/\/vieassociative.be\/actualites\/?s={search_term_string}"},"query-input":{"@type":"PropertyValueSpecification","valueRequired":true,"valueName":"search_term_string"}}],"inLanguage":"fr-BE"},{"@type":"Organization","@id":"https:\/\/vieassociative.be\/actualites\/#organization","name":"Vie Associative","url":"https:\/\/vieassociative.be\/actualites\/","logo":{"@type":"ImageObject","inLanguage":"fr-BE","@id":"https:\/\/vieassociative.be\/actualites\/#\/schema\/logo\/image\/","url":"https:\/\/vieassociative.be\/actualites\/wp-content\/uploads\/2024\/09\/cropped-vieassociative_favicon.ico.png","contentUrl":"https:\/\/vieassociative.be\/actualites\/wp-content\/uploads\/2024\/09\/cropped-vieassociative_favicon.ico.png","width":512,"height":512,"caption":"Vie Associative"},"image":{"@id":"https:\/\/vieassociative.be\/actualites\/#\/schema\/logo\/image\/"}},{"@type":"Person","@id":"https:\/\/vieassociative.be\/actualites\/#\/schema\/person\/b87ac4f82f9d4e7b7cec7395b679edc4","name":"Julien","image":{"@type":"ImageObject","inLanguage":"fr-BE","@id":"https:\/\/vieassociative.be\/actualites\/#\/schema\/person\/image\/","url":"https:\/\/vieassociative.be\/actualites\/wp-content\/uploads\/2024\/09\/vie-associative-1-150x150.jpg","contentUrl":"https:\/\/vieassociative.be\/actualites\/wp-content\/uploads\/2024\/09\/vie-associative-1-150x150.jpg","caption":"Julien"},"description":"Je suis Julien, r\u00e9dacteur pour Vie Associative. Passionn\u00e9 par le monde associatif depuis plus de 10 ans, j'ai \u00e0 c\u0153ur de partager des histoires inspirantes et de mettre en lumi\u00e8re les initiatives locales. Mon objectif est de sensibiliser et d'encourager l'engagement communautaire \u00e0 travers mes articles.","sameAs":["https:\/\/vieassociative.be\/"]}]}},"_links":{"self":[{"href":"https:\/\/vieassociative.be\/actualites\/wp-json\/wp\/v2\/posts\/13419"}],"collection":[{"href":"https:\/\/vieassociative.be\/actualites\/wp-json\/wp\/v2\/posts"}],"about":[{"href":"https:\/\/vieassociative.be\/actualites\/wp-json\/wp\/v2\/types\/post"}],"author":[{"embeddable":true,"href":"https:\/\/vieassociative.be\/actualites\/wp-json\/wp\/v2\/users\/1"}],"replies":[{"embeddable":true,"href":"https:\/\/vieassociative.be\/actualites\/wp-json\/wp\/v2\/comments?post=13419"}],"version-history":[{"count":0,"href":"https:\/\/vieassociative.be\/actualites\/wp-json\/wp\/v2\/posts\/13419\/revisions"}],"wp:featuredmedia":[{"embeddable":true,"href":"https:\/\/vieassociative.be\/actualites\/wp-json\/wp\/v2\/media\/13420"}],"wp:attachment":[{"href":"https:\/\/vieassociative.be\/actualites\/wp-json\/wp\/v2\/media?parent=13419"}],"wp:term":[{"taxonomy":"category","embeddable":true,"href":"https:\/\/vieassociative.be\/actualites\/wp-json\/wp\/v2\/categories?post=13419"},{"taxonomy":"post_tag","embeddable":true,"href":"https:\/\/vieassociative.be\/actualites\/wp-json\/wp\/v2\/tags?post=13419"}],"curies":[{"name":"wp","href":"https:\/\/api.w.org\/{rel}","templated":true}]}}