{"id":13415,"date":"2026-04-12T17:19:33","date_gmt":"2026-04-12T15:19:33","guid":{"rendered":"https:\/\/vieassociative.be\/actualites\/monumental-van-aert-remporte-paris-roubaix-le-belge-bat-le-champion-du-monde-de-cyclisme-pogacar-au-sprint\/"},"modified":"2026-04-12T17:19:33","modified_gmt":"2026-04-12T15:19:33","slug":"monumental-van-aert-remporte-paris-roubaix-le-belge-bat-le-champion-du-monde-de-cyclisme-pogacar-au-sprint","status":"publish","type":"post","link":"https:\/\/vieassociative.be\/actualites\/monumental-van-aert-remporte-paris-roubaix-le-belge-bat-le-champion-du-monde-de-cyclisme-pogacar-au-sprint\/","title":{"rendered":"MONUMENTAL! Van Aert remporte Paris-Roubaix \u2013 Le Belge bat le champion du monde de cyclisme Pogacar au sprint"},"content":{"rendered":"<p><strong>Wout van Aert l&rsquo;a enfin fait : le Belge, qui a eu tant de malchance dans le pass\u00e9, a remport\u00e9 dimanche la classique cycliste Paris-Roubaix.<\/strong><\/p>\n<p><span id=\"more-438376\"><\/span>Tadej Pogacar a rat\u00e9 la victoire dans \u00ab l\u2019Enfer du Nord \u00bb et avec elle son succ\u00e8s manqu\u00e9 dans les cinq courses d\u2019une journ\u00e9e les plus importantes du cyclisme. Le joueur de 27 ans a perdu le sprint au v\u00e9lodrome de Roubaix contre Wout van Aert dans la classique pav\u00e9e et, comme l&rsquo;ann\u00e9e derni\u00e8re, a pris la deuxi\u00e8me place.<\/p>\n<p>Apr\u00e8s 258,3 kilom\u00e8tres entre Compi\u00e8gne et Roubaix, van Aert a battu le champion du monde Pogacar au sprint au V\u00e9lodrome de Roubaix. Le Belge a remport\u00e9 l&rsquo;un des cinq monuments du cyclisme professionnel pour la deuxi\u00e8me fois apr\u00e8s sa victoire \u00e0 Milan-Sanremo il y a six ans. Outre Paris-Roubaix et Milan-Sanremo, les monuments comprennent \u00e9galement le Tour des Flandres, Li\u00e8ge-Bastogne-Li\u00e8ge et le Tour de Lombardie.<\/p>\n<div id=\"attachment_438380\" class=\"wp-caption alignleft\" style=\"max-width: 200px\"><img fetchpriority=\"high\" decoding=\"async\" class=\"wp-image-438380 size-medium\" src=\"https:\/\/vieassociative.be\/actualites\/wp-content\/uploads\/2026\/04\/MONUMENTAL-Van-Aert-remporte-Paris-Roubaix-\u2013-Le-Belge-bat-le.jpg\" alt=\"\" width=\"200\" height=\"300\"><\/div>\n<p>Tadej Pogacar a p\u00e9dal\u00e9 de toutes ses forces sur la v\u00e9n\u00e9rable piste b\u00e9tonn\u00e9e du V\u00e9lodrome de Roubaix, mais tous ses efforts ont \u00e9t\u00e9 vains. Apr\u00e8s une course pour les livres d&rsquo;histoire, le champion du monde slov\u00e8ne a rat\u00e9 de peu la prochaine \u00e9tape importante du cyclisme dans \u00ab l&rsquo;Enfer du Nord \u00bb. Pogacar a d\u00fb se contenter d&rsquo;une ingrate deuxi\u00e8me place dans l&rsquo;\u00e9preuve pav\u00e9e de Paris-Roubaix au sprint face au sp\u00e9cialiste belge des classiques Wout van Aert.<\/p>\n<p>Pogacar attend toujours sa premi\u00e8re victoire \u00e0 Roubaix, qui l&rsquo;aurait vu rejoindre le cercle d&rsquo;\u00e9lite autour de la l\u00e9gende Eddy Merckx. Apr\u00e8s 258,3 kilom\u00e8tres entre Compi\u00e8gne et Roubaix, le sprint devait se d\u00e9cider apr\u00e8s que Pogacar et van Aert se soient livr\u00e9s un duel passionnant sans vainqueur sur les secteurs pav\u00e9s.<\/p>\n<p>Pogacar avait d\u00e9j\u00e0 pris la deuxi\u00e8me place lors de ses d\u00e9buts \u00e0 Roubaix l&rsquo;ann\u00e9e derni\u00e8re. Cela signifie qu\u2019il doit reporter d\u2019un an son attaque contre ce coup d\u2019\u00c9tat historique. Avec une victoire dans la Reine des Classiques, Pogacar aurait c\u00e9l\u00e9br\u00e9 au moins une victoire dans les cinq courses importantes d&rsquo;une journ\u00e9e &#8211; les soi-disant monuments. Seuls les trois Belges Eddy Merckx, Roger De Vlaeminck et Rik Van Looy y sont parvenus avant le Slov\u00e8ne.<\/p>\n<p>\u2013 Van der Poel avec un d\u00e9faut dans la for\u00eat d&rsquo;Arenberg : Le duel tr\u00e8s attendu entre Pogacar et son grand adversaire Mathieu van der Poel a \u00e9t\u00e9 annul\u00e9. L&rsquo;ancien champion du monde n\u00e9erlandais a rat\u00e9 la connexion apr\u00e8s une d\u00e9faillance intempestive dans la tristement c\u00e9l\u00e8bre for\u00eat d&rsquo;Arenberg et a ainsi remport\u00e9 sa quatri\u00e8me victoire cons\u00e9cutive. Van der Poel essaie de toutes ses forces de revenir au sommet \u2013 sans succ\u00e8s. Il termine finalement quatri\u00e8me.<\/p>\n<p>Lors d&rsquo;une 123e \u00e9dition spectaculaire, aucun pilote n&rsquo;a \u00e9t\u00e9 \u00e9pargn\u00e9 par des probl\u00e8mes techniques. Pogacar a \u00e9galement d\u00fb descendre du v\u00e9lo \u00e0 deux reprises et a d\u00fb commencer \u00e0 rattraper son retard. Van Aert a d\u00fb descendre de selle une fois, mais il n&rsquo;a ensuite pas pu se d\u00e9barrasser d&rsquo;un duel avec Pogacar sur les secteurs pav\u00e9s f\u00e9roces.<\/p>\n<p>La d\u00e9cision n&rsquo;a \u00e9t\u00e9 prise qu&rsquo;au V\u00e9lodrome. L\u00e0, Pogacar a lanc\u00e9 le sprint, mais van Aert a d\u00e9pass\u00e9 et a rapidement creus\u00e9 l&rsquo;\u00e9cart. Pogacar ne pouvait plus fermer \u00e7a.<\/p>\n<div id=\"attachment_438381\" class=\"wp-caption alignleft\" style=\"max-width: 300px\"><img decoding=\"async\" class=\"wp-image-438381 size-medium\" src=\"https:\/\/vieassociative.be\/actualites\/wp-content\/uploads\/2026\/04\/1776007173_150_MONUMENTAL-Van-Aert-remporte-Paris-Roubaix-\u2013-Le-Belge-bat-le.jpg\" alt=\"\" width=\"300\" height=\"184\"><\/div>\n<p>\u2013 Pogacar avec un pneu crev\u00e9 : Avec un fort vent arri\u00e8re, les professionnels ont roul\u00e9 \u00e0 vive allure dans le premier des 30 secteurs pav\u00e9s durs et impitoyables. Alors que le premier secteur pav\u00e9 attendait \u00e0 environ 160 kilom\u00e8tres de l&rsquo;arriv\u00e9e, les deux grands favoris Pogacar et van der Poel \u00e9taient bien plac\u00e9s en t\u00eate du peloton. Au d\u00e9but, tout s&rsquo;est d\u00e9roul\u00e9 comme pr\u00e9vu lors du spectacle, mais Pogacar a ensuite \u00e9t\u00e9 ralenti par une crevaison \u00e0 120 kilom\u00e8tres de l&rsquo;arriv\u00e9e.<\/p>\n<p>Sans l&rsquo;aide rapide d&rsquo;un v\u00e9hicule d&rsquo;\u00e9quipe, le champion du monde a d\u00fb se contenter d&rsquo;une roue de secours neutre. Il n&rsquo;a pas eu \u00e0 attendre longtemps : avec la roue de secours droite et un bref avertissement pour une moto-cam\u00e9ra en travers du chemin, nous avons continu\u00e9 \u00e0 50 secondes d&rsquo;intervalle. Pouss\u00e9 par l&rsquo;assistant de Cologne Nils Politt, Pogacar s&rsquo;est fray\u00e9 un chemin pour revenir dans le groupe.<\/p>\n<p>Le Slov\u00e8ne a rattrap\u00e9 son retard devant la tristement c\u00e9l\u00e8bre for\u00eat d&rsquo;Arenberg. Et puis le concurrent a \u00e9t\u00e9 touch\u00e9 : Van der Poel avait un d\u00e9faut. Le N\u00e9erlandais a attrap\u00e9 le v\u00e9lo de son co\u00e9quipier, mais celui-ci ne lui convenait pas. Ainsi commen\u00e7a la longue attente du v\u00e9hicule d\u2019assistance. Van der Poel a perdu deux minutes face au groupe de t\u00eate autour de Pogacar. C\u2019\u00e9tait la course mouvement\u00e9e attendue avec des chutes, des crevaisons et beaucoup de drames.<\/p>\n<p>Malgr\u00e9 son revers, van der Poel s&rsquo;est \u00e0 nouveau rapproch\u00e9 de mani\u00e8re impressionnante du groupe de t\u00eate. Pendant ce temps, le groupe de t\u00eate s\u2019est r\u00e9duit : Pogacar et van Aert ont ouvert la voie. Tous deux ont \u00e9galement franchi ensemble le secteur neuf, o\u00f9 Pogacar s\u2019est \u00e9cras\u00e9 l\u2019ann\u00e9e derni\u00e8re. Mais cette fois, il n\u2019y a pas eu d\u2019accident. (dpa\/cr\u00e9)<\/p>\n","protected":false},"excerpt":{"rendered":"<p>Wout van Aert l&rsquo;a enfin fait : le Belge, qui a eu tant de malchance dans le pass\u00e9, a remport\u00e9 dimanche la classique cycliste Paris-Roubaix.<\/p>\n","protected":false},"author":1,"featured_media":13416,"comment_status":"","ping_status":"","sticky":false,"template":"","format":"standard","meta":{"footnotes":""},"categories":[298],"tags":[6144,3775,410,2524,3010,237,10471,6350,5976,2809,6145,4100],"class_list":["post-13415","post","type-post","status-publish","format-standard","has-post-thumbnail","hentry","category-belgique","tag-aert","tag-bat","tag-belge","tag-champion","tag-cyclisme","tag-monde","tag-monumental","tag-parisroubaix","tag-pogacar","tag-remporte","tag-sprint","tag-van","generate-columns","tablet-grid-50","mobile-grid-100","grid-parent","grid-33"],"yoast_head":"<!-- This site is optimized with the Yoast SEO plugin v24.0 - https:\/\/yoast.com\/wordpress\/plugins\/seo\/ -->\n<title>MONUMENTAL! Van Aert remporte Paris-Roubaix \u2013 Le Belge bat le champion du monde de cyclisme Pogacar au sprint | Vie Associative<\/title>\n<meta name=\"robots\" content=\"index, follow, max-snippet:-1, max-image-preview:large, max-video-preview:-1\" \/>\n<link rel=\"canonical\" href=\"https:\/\/vieassociative.be\/actualites\/monumental-van-aert-remporte-paris-roubaix-le-belge-bat-le-champion-du-monde-de-cyclisme-pogacar-au-sprint\/\" \/>\n<meta property=\"og:locale\" content=\"fr_FR\" \/>\n<meta property=\"og:type\" content=\"article\" \/>\n<meta property=\"og:title\" content=\"MONUMENTAL! Van Aert remporte Paris-Roubaix \u2013 Le Belge bat le champion du monde de cyclisme Pogacar au sprint | Vie Associative\" \/>\n<meta property=\"og:description\" content=\"Wout van Aert l&rsquo;a enfin fait : le Belge, qui a eu tant de malchance dans le pass\u00e9, a remport\u00e9 dimanche la classique cycliste Paris-Roubaix.\" \/>\n<meta property=\"og:url\" content=\"https:\/\/vieassociative.be\/actualites\/monumental-van-aert-remporte-paris-roubaix-le-belge-bat-le-champion-du-monde-de-cyclisme-pogacar-au-sprint\/\" \/>\n<meta property=\"og:site_name\" content=\"Vie Associative\" \/>\n<meta property=\"article:published_time\" content=\"2026-04-12T15:19:33+00:00\" \/>\n<meta property=\"og:image\" content=\"https:\/\/vieassociative.be\/actualites\/wp-content\/uploads\/2024\/09\/header_backgroundk-01-e1726694325946.png\" \/>\n\t<meta property=\"og:image:width\" content=\"279\" \/>\n\t<meta property=\"og:image:height\" content=\"92\" \/>\n\t<meta property=\"og:image:type\" content=\"image\/png\" \/>\n<meta name=\"author\" content=\"Julien\" \/>\n<meta name=\"twitter:card\" content=\"summary_large_image\" \/>\n<meta name=\"twitter:label1\" content=\"\u00c9crit par\" \/>\n\t<meta name=\"twitter:data1\" content=\"Julien\" \/>\n\t<meta name=\"twitter:label2\" content=\"Dur\u00e9e de lecture est.\" \/>\n\t<meta name=\"twitter:data2\" content=\"4 minutes\" \/>\n<script type=\"application\/ld+json\" class=\"yoast-schema-graph\">{\"@context\":\"https:\/\/schema.org\",\"@graph\":[{\"@type\":\"Article\",\"@id\":\"https:\/\/vieassociative.be\/actualites\/monumental-van-aert-remporte-paris-roubaix-le-belge-bat-le-champion-du-monde-de-cyclisme-pogacar-au-sprint\/#article\",\"isPartOf\":{\"@id\":\"https:\/\/vieassociative.be\/actualites\/monumental-van-aert-remporte-paris-roubaix-le-belge-bat-le-champion-du-monde-de-cyclisme-pogacar-au-sprint\/\"},\"author\":{\"name\":\"Julien\",\"@id\":\"https:\/\/vieassociative.be\/actualites\/#\/schema\/person\/b87ac4f82f9d4e7b7cec7395b679edc4\"},\"headline\":\"MONUMENTAL! Van Aert remporte Paris-Roubaix \u2013 Le Belge bat le champion du monde de cyclisme Pogacar au sprint\",\"datePublished\":\"2026-04-12T15:19:33+00:00\",\"dateModified\":\"2026-04-12T15:19:33+00:00\",\"mainEntityOfPage\":{\"@id\":\"https:\/\/vieassociative.be\/actualites\/monumental-van-aert-remporte-paris-roubaix-le-belge-bat-le-champion-du-monde-de-cyclisme-pogacar-au-sprint\/\"},\"wordCount\":930,\"publisher\":{\"@id\":\"https:\/\/vieassociative.be\/actualites\/#organization\"},\"image\":{\"@id\":\"https:\/\/vieassociative.be\/actualites\/monumental-van-aert-remporte-paris-roubaix-le-belge-bat-le-champion-du-monde-de-cyclisme-pogacar-au-sprint\/#primaryimage\"},\"thumbnailUrl\":\"https:\/\/vieassociative.be\/actualites\/wp-content\/uploads\/2026\/04\/1776007175_MONUMENTAL-Van-Aert-remporte-Paris-Roubaix-\u2013-Le-Belge-bat-le.jpg\",\"keywords\":[\"aert\",\"bat\",\"belge\",\"champion\",\"cyclisme\",\"monde\",\"MONUMENTAL\",\"ParisRoubaix\",\"Pogacar\",\"remport\u00e9\",\"sprint\",\"Van\"],\"articleSection\":[\"Belgique\"],\"inLanguage\":\"fr-BE\"},{\"@type\":\"WebPage\",\"@id\":\"https:\/\/vieassociative.be\/actualites\/monumental-van-aert-remporte-paris-roubaix-le-belge-bat-le-champion-du-monde-de-cyclisme-pogacar-au-sprint\/\",\"url\":\"https:\/\/vieassociative.be\/actualites\/monumental-van-aert-remporte-paris-roubaix-le-belge-bat-le-champion-du-monde-de-cyclisme-pogacar-au-sprint\/\",\"name\":\"MONUMENTAL! Van Aert remporte Paris-Roubaix \u2013 Le Belge bat le champion du monde de cyclisme Pogacar au sprint | Vie Associative\",\"isPartOf\":{\"@id\":\"https:\/\/vieassociative.be\/actualites\/#website\"},\"primaryImageOfPage\":{\"@id\":\"https:\/\/vieassociative.be\/actualites\/monumental-van-aert-remporte-paris-roubaix-le-belge-bat-le-champion-du-monde-de-cyclisme-pogacar-au-sprint\/#primaryimage\"},\"image\":{\"@id\":\"https:\/\/vieassociative.be\/actualites\/monumental-van-aert-remporte-paris-roubaix-le-belge-bat-le-champion-du-monde-de-cyclisme-pogacar-au-sprint\/#primaryimage\"},\"thumbnailUrl\":\"https:\/\/vieassociative.be\/actualites\/wp-content\/uploads\/2026\/04\/1776007175_MONUMENTAL-Van-Aert-remporte-Paris-Roubaix-\u2013-Le-Belge-bat-le.jpg\",\"datePublished\":\"2026-04-12T15:19:33+00:00\",\"dateModified\":\"2026-04-12T15:19:33+00:00\",\"breadcrumb\":{\"@id\":\"https:\/\/vieassociative.be\/actualites\/monumental-van-aert-remporte-paris-roubaix-le-belge-bat-le-champion-du-monde-de-cyclisme-pogacar-au-sprint\/#breadcrumb\"},\"inLanguage\":\"fr-BE\",\"potentialAction\":[{\"@type\":\"ReadAction\",\"target\":[\"https:\/\/vieassociative.be\/actualites\/monumental-van-aert-remporte-paris-roubaix-le-belge-bat-le-champion-du-monde-de-cyclisme-pogacar-au-sprint\/\"]}]},{\"@type\":\"ImageObject\",\"inLanguage\":\"fr-BE\",\"@id\":\"https:\/\/vieassociative.be\/actualites\/monumental-van-aert-remporte-paris-roubaix-le-belge-bat-le-champion-du-monde-de-cyclisme-pogacar-au-sprint\/#primaryimage\",\"url\":\"https:\/\/vieassociative.be\/actualites\/wp-content\/uploads\/2026\/04\/1776007175_MONUMENTAL-Van-Aert-remporte-Paris-Roubaix-\u2013-Le-Belge-bat-le.jpg\",\"contentUrl\":\"https:\/\/vieassociative.be\/actualites\/wp-content\/uploads\/2026\/04\/1776007175_MONUMENTAL-Van-Aert-remporte-Paris-Roubaix-\u2013-Le-Belge-bat-le.jpg\",\"width\":1200,\"height\":800,\"caption\":\"MONUMENTAL! Van Aert remporte Paris-Roubaix \u2013 Le Belge bat le champion du monde de cyclisme Pogacar au sprint\"},{\"@type\":\"BreadcrumbList\",\"@id\":\"https:\/\/vieassociative.be\/actualites\/monumental-van-aert-remporte-paris-roubaix-le-belge-bat-le-champion-du-monde-de-cyclisme-pogacar-au-sprint\/#breadcrumb\",\"itemListElement\":[{\"@type\":\"ListItem\",\"position\":1,\"name\":\"Accueil\",\"item\":\"https:\/\/vieassociative.be\/actualites\/\"},{\"@type\":\"ListItem\",\"position\":2,\"name\":\"MONUMENTAL! Van Aert remporte Paris-Roubaix \u2013 Le Belge bat le champion du monde de cyclisme Pogacar au sprint\"}]},{\"@type\":\"WebSite\",\"@id\":\"https:\/\/vieassociative.be\/actualites\/#website\",\"url\":\"https:\/\/vieassociative.be\/actualites\/\",\"name\":\"Vie Associative\",\"description\":\"\",\"publisher\":{\"@id\":\"https:\/\/vieassociative.be\/actualites\/#organization\"},\"potentialAction\":[{\"@type\":\"SearchAction\",\"target\":{\"@type\":\"EntryPoint\",\"urlTemplate\":\"https:\/\/vieassociative.be\/actualites\/?s={search_term_string}\"},\"query-input\":{\"@type\":\"PropertyValueSpecification\",\"valueRequired\":true,\"valueName\":\"search_term_string\"}}],\"inLanguage\":\"fr-BE\"},{\"@type\":\"Organization\",\"@id\":\"https:\/\/vieassociative.be\/actualites\/#organization\",\"name\":\"Vie Associative\",\"url\":\"https:\/\/vieassociative.be\/actualites\/\",\"logo\":{\"@type\":\"ImageObject\",\"inLanguage\":\"fr-BE\",\"@id\":\"https:\/\/vieassociative.be\/actualites\/#\/schema\/logo\/image\/\",\"url\":\"https:\/\/vieassociative.be\/actualites\/wp-content\/uploads\/2024\/09\/cropped-vieassociative_favicon.ico.png\",\"contentUrl\":\"https:\/\/vieassociative.be\/actualites\/wp-content\/uploads\/2024\/09\/cropped-vieassociative_favicon.ico.png\",\"width\":512,\"height\":512,\"caption\":\"Vie Associative\"},\"image\":{\"@id\":\"https:\/\/vieassociative.be\/actualites\/#\/schema\/logo\/image\/\"}},{\"@type\":\"Person\",\"@id\":\"https:\/\/vieassociative.be\/actualites\/#\/schema\/person\/b87ac4f82f9d4e7b7cec7395b679edc4\",\"name\":\"Julien\",\"image\":{\"@type\":\"ImageObject\",\"inLanguage\":\"fr-BE\",\"@id\":\"https:\/\/vieassociative.be\/actualites\/#\/schema\/person\/image\/\",\"url\":\"https:\/\/vieassociative.be\/actualites\/wp-content\/uploads\/2024\/09\/vie-associative-1-150x150.jpg\",\"contentUrl\":\"https:\/\/vieassociative.be\/actualites\/wp-content\/uploads\/2024\/09\/vie-associative-1-150x150.jpg\",\"caption\":\"Julien\"},\"description\":\"Je suis Julien, r\u00e9dacteur pour Vie Associative. Passionn\u00e9 par le monde associatif depuis plus de 10 ans, j'ai \u00e0 c\u0153ur de partager des histoires inspirantes et de mettre en lumi\u00e8re les initiatives locales. Mon objectif est de sensibiliser et d'encourager l'engagement communautaire \u00e0 travers mes articles.\",\"sameAs\":[\"https:\/\/vieassociative.be\/\"]}]}<\/script>\n<!-- \/ Yoast SEO plugin. -->","yoast_head_json":{"title":"MONUMENTAL! Van Aert remporte Paris-Roubaix \u2013 Le Belge bat le champion du monde de cyclisme Pogacar au sprint | Vie Associative","robots":{"index":"index","follow":"follow","max-snippet":"max-snippet:-1","max-image-preview":"max-image-preview:large","max-video-preview":"max-video-preview:-1"},"canonical":"https:\/\/vieassociative.be\/actualites\/monumental-van-aert-remporte-paris-roubaix-le-belge-bat-le-champion-du-monde-de-cyclisme-pogacar-au-sprint\/","og_locale":"fr_FR","og_type":"article","og_title":"MONUMENTAL! Van Aert remporte Paris-Roubaix \u2013 Le Belge bat le champion du monde de cyclisme Pogacar au sprint | Vie Associative","og_description":"Wout van Aert l&rsquo;a enfin fait : le Belge, qui a eu tant de malchance dans le pass\u00e9, a remport\u00e9 dimanche la classique cycliste Paris-Roubaix.","og_url":"https:\/\/vieassociative.be\/actualites\/monumental-van-aert-remporte-paris-roubaix-le-belge-bat-le-champion-du-monde-de-cyclisme-pogacar-au-sprint\/","og_site_name":"Vie Associative","article_published_time":"2026-04-12T15:19:33+00:00","og_image":[{"width":279,"height":92,"url":"https:\/\/vieassociative.be\/actualites\/wp-content\/uploads\/2024\/09\/header_backgroundk-01-e1726694325946.png","type":"image\/png"}],"author":"Julien","twitter_card":"summary_large_image","twitter_misc":{"\u00c9crit par":"Julien","Dur\u00e9e de lecture est.":"4 minutes"},"schema":{"@context":"https:\/\/schema.org","@graph":[{"@type":"Article","@id":"https:\/\/vieassociative.be\/actualites\/monumental-van-aert-remporte-paris-roubaix-le-belge-bat-le-champion-du-monde-de-cyclisme-pogacar-au-sprint\/#article","isPartOf":{"@id":"https:\/\/vieassociative.be\/actualites\/monumental-van-aert-remporte-paris-roubaix-le-belge-bat-le-champion-du-monde-de-cyclisme-pogacar-au-sprint\/"},"author":{"name":"Julien","@id":"https:\/\/vieassociative.be\/actualites\/#\/schema\/person\/b87ac4f82f9d4e7b7cec7395b679edc4"},"headline":"MONUMENTAL! Van Aert remporte Paris-Roubaix \u2013 Le Belge bat le champion du monde de cyclisme Pogacar au sprint","datePublished":"2026-04-12T15:19:33+00:00","dateModified":"2026-04-12T15:19:33+00:00","mainEntityOfPage":{"@id":"https:\/\/vieassociative.be\/actualites\/monumental-van-aert-remporte-paris-roubaix-le-belge-bat-le-champion-du-monde-de-cyclisme-pogacar-au-sprint\/"},"wordCount":930,"publisher":{"@id":"https:\/\/vieassociative.be\/actualites\/#organization"},"image":{"@id":"https:\/\/vieassociative.be\/actualites\/monumental-van-aert-remporte-paris-roubaix-le-belge-bat-le-champion-du-monde-de-cyclisme-pogacar-au-sprint\/#primaryimage"},"thumbnailUrl":"https:\/\/vieassociative.be\/actualites\/wp-content\/uploads\/2026\/04\/1776007175_MONUMENTAL-Van-Aert-remporte-Paris-Roubaix-\u2013-Le-Belge-bat-le.jpg","keywords":["aert","bat","belge","champion","cyclisme","monde","MONUMENTAL","ParisRoubaix","Pogacar","remport\u00e9","sprint","Van"],"articleSection":["Belgique"],"inLanguage":"fr-BE"},{"@type":"WebPage","@id":"https:\/\/vieassociative.be\/actualites\/monumental-van-aert-remporte-paris-roubaix-le-belge-bat-le-champion-du-monde-de-cyclisme-pogacar-au-sprint\/","url":"https:\/\/vieassociative.be\/actualites\/monumental-van-aert-remporte-paris-roubaix-le-belge-bat-le-champion-du-monde-de-cyclisme-pogacar-au-sprint\/","name":"MONUMENTAL! Van Aert remporte Paris-Roubaix \u2013 Le Belge bat le champion du monde de cyclisme Pogacar au sprint | Vie Associative","isPartOf":{"@id":"https:\/\/vieassociative.be\/actualites\/#website"},"primaryImageOfPage":{"@id":"https:\/\/vieassociative.be\/actualites\/monumental-van-aert-remporte-paris-roubaix-le-belge-bat-le-champion-du-monde-de-cyclisme-pogacar-au-sprint\/#primaryimage"},"image":{"@id":"https:\/\/vieassociative.be\/actualites\/monumental-van-aert-remporte-paris-roubaix-le-belge-bat-le-champion-du-monde-de-cyclisme-pogacar-au-sprint\/#primaryimage"},"thumbnailUrl":"https:\/\/vieassociative.be\/actualites\/wp-content\/uploads\/2026\/04\/1776007175_MONUMENTAL-Van-Aert-remporte-Paris-Roubaix-\u2013-Le-Belge-bat-le.jpg","datePublished":"2026-04-12T15:19:33+00:00","dateModified":"2026-04-12T15:19:33+00:00","breadcrumb":{"@id":"https:\/\/vieassociative.be\/actualites\/monumental-van-aert-remporte-paris-roubaix-le-belge-bat-le-champion-du-monde-de-cyclisme-pogacar-au-sprint\/#breadcrumb"},"inLanguage":"fr-BE","potentialAction":[{"@type":"ReadAction","target":["https:\/\/vieassociative.be\/actualites\/monumental-van-aert-remporte-paris-roubaix-le-belge-bat-le-champion-du-monde-de-cyclisme-pogacar-au-sprint\/"]}]},{"@type":"ImageObject","inLanguage":"fr-BE","@id":"https:\/\/vieassociative.be\/actualites\/monumental-van-aert-remporte-paris-roubaix-le-belge-bat-le-champion-du-monde-de-cyclisme-pogacar-au-sprint\/#primaryimage","url":"https:\/\/vieassociative.be\/actualites\/wp-content\/uploads\/2026\/04\/1776007175_MONUMENTAL-Van-Aert-remporte-Paris-Roubaix-\u2013-Le-Belge-bat-le.jpg","contentUrl":"https:\/\/vieassociative.be\/actualites\/wp-content\/uploads\/2026\/04\/1776007175_MONUMENTAL-Van-Aert-remporte-Paris-Roubaix-\u2013-Le-Belge-bat-le.jpg","width":1200,"height":800,"caption":"MONUMENTAL! Van Aert remporte Paris-Roubaix \u2013 Le Belge bat le champion du monde de cyclisme Pogacar au sprint"},{"@type":"BreadcrumbList","@id":"https:\/\/vieassociative.be\/actualites\/monumental-van-aert-remporte-paris-roubaix-le-belge-bat-le-champion-du-monde-de-cyclisme-pogacar-au-sprint\/#breadcrumb","itemListElement":[{"@type":"ListItem","position":1,"name":"Accueil","item":"https:\/\/vieassociative.be\/actualites\/"},{"@type":"ListItem","position":2,"name":"MONUMENTAL! Van Aert remporte Paris-Roubaix \u2013 Le Belge bat le champion du monde de cyclisme Pogacar au sprint"}]},{"@type":"WebSite","@id":"https:\/\/vieassociative.be\/actualites\/#website","url":"https:\/\/vieassociative.be\/actualites\/","name":"Vie Associative","description":"","publisher":{"@id":"https:\/\/vieassociative.be\/actualites\/#organization"},"potentialAction":[{"@type":"SearchAction","target":{"@type":"EntryPoint","urlTemplate":"https:\/\/vieassociative.be\/actualites\/?s={search_term_string}"},"query-input":{"@type":"PropertyValueSpecification","valueRequired":true,"valueName":"search_term_string"}}],"inLanguage":"fr-BE"},{"@type":"Organization","@id":"https:\/\/vieassociative.be\/actualites\/#organization","name":"Vie Associative","url":"https:\/\/vieassociative.be\/actualites\/","logo":{"@type":"ImageObject","inLanguage":"fr-BE","@id":"https:\/\/vieassociative.be\/actualites\/#\/schema\/logo\/image\/","url":"https:\/\/vieassociative.be\/actualites\/wp-content\/uploads\/2024\/09\/cropped-vieassociative_favicon.ico.png","contentUrl":"https:\/\/vieassociative.be\/actualites\/wp-content\/uploads\/2024\/09\/cropped-vieassociative_favicon.ico.png","width":512,"height":512,"caption":"Vie Associative"},"image":{"@id":"https:\/\/vieassociative.be\/actualites\/#\/schema\/logo\/image\/"}},{"@type":"Person","@id":"https:\/\/vieassociative.be\/actualites\/#\/schema\/person\/b87ac4f82f9d4e7b7cec7395b679edc4","name":"Julien","image":{"@type":"ImageObject","inLanguage":"fr-BE","@id":"https:\/\/vieassociative.be\/actualites\/#\/schema\/person\/image\/","url":"https:\/\/vieassociative.be\/actualites\/wp-content\/uploads\/2024\/09\/vie-associative-1-150x150.jpg","contentUrl":"https:\/\/vieassociative.be\/actualites\/wp-content\/uploads\/2024\/09\/vie-associative-1-150x150.jpg","caption":"Julien"},"description":"Je suis Julien, r\u00e9dacteur pour Vie Associative. Passionn\u00e9 par le monde associatif depuis plus de 10 ans, j'ai \u00e0 c\u0153ur de partager des histoires inspirantes et de mettre en lumi\u00e8re les initiatives locales. Mon objectif est de sensibiliser et d'encourager l'engagement communautaire \u00e0 travers mes articles.","sameAs":["https:\/\/vieassociative.be\/"]}]}},"_links":{"self":[{"href":"https:\/\/vieassociative.be\/actualites\/wp-json\/wp\/v2\/posts\/13415"}],"collection":[{"href":"https:\/\/vieassociative.be\/actualites\/wp-json\/wp\/v2\/posts"}],"about":[{"href":"https:\/\/vieassociative.be\/actualites\/wp-json\/wp\/v2\/types\/post"}],"author":[{"embeddable":true,"href":"https:\/\/vieassociative.be\/actualites\/wp-json\/wp\/v2\/users\/1"}],"replies":[{"embeddable":true,"href":"https:\/\/vieassociative.be\/actualites\/wp-json\/wp\/v2\/comments?post=13415"}],"version-history":[{"count":0,"href":"https:\/\/vieassociative.be\/actualites\/wp-json\/wp\/v2\/posts\/13415\/revisions"}],"wp:featuredmedia":[{"embeddable":true,"href":"https:\/\/vieassociative.be\/actualites\/wp-json\/wp\/v2\/media\/13416"}],"wp:attachment":[{"href":"https:\/\/vieassociative.be\/actualites\/wp-json\/wp\/v2\/media?parent=13415"}],"wp:term":[{"taxonomy":"category","embeddable":true,"href":"https:\/\/vieassociative.be\/actualites\/wp-json\/wp\/v2\/categories?post=13415"},{"taxonomy":"post_tag","embeddable":true,"href":"https:\/\/vieassociative.be\/actualites\/wp-json\/wp\/v2\/tags?post=13415"}],"curies":[{"name":"wp","href":"https:\/\/api.w.org\/{rel}","templated":true}]}}