{"id":13409,"date":"2026-04-12T10:17:30","date_gmt":"2026-04-12T08:17:30","guid":{"rendered":"https:\/\/vieassociative.be\/actualites\/youtube-augmente-les-prix-des-abonnes-premium\/"},"modified":"2026-04-12T10:17:30","modified_gmt":"2026-04-12T08:17:30","slug":"youtube-augmente-les-prix-des-abonnes-premium","status":"publish","type":"post","link":"https:\/\/vieassociative.be\/actualites\/youtube-augmente-les-prix-des-abonnes-premium\/","title":{"rendered":"YouTube augmente les prix des abonn\u00e9s Premium"},"content":{"rendered":"<p>Lors de son lancement en 2007, il aurait sembl\u00e9 ridicule de sugg\u00e9rer de payer un abonnement mensuel pour YouTube. Mais pr\u00e8s de deux d\u00e9cennies plus tard, YouTube Premium est en fait une bonne affaire. Avec lui, vous b\u00e9n\u00e9ficiez d&rsquo;une exp\u00e9rience pratiquement sans publicit\u00e9, avec des fonctionnalit\u00e9s et des avantages exclusifs comme YouTube Music. Bien entendu, ces avantages ne valent la peine qu\u2019au juste prix. <\/p>\n<p>Vendredi, YouTube a commenc\u00e9 \u00e0 informer ses abonn\u00e9s qu&rsquo;il augmenterait les prix Premium pour tous les types de comptes. \u00c0 l\u2019avenir, les forfaits YouTube Premium individuels passeront de 13,99\u00a0$ \u00e0 15,99\u00a0$ par mois\u00a0; les forfaits annuels passeront de 139,99 $ \u00e0 159,99 $ par an\u00a0; les forfaits familiaux passeront de 22,99 $ \u00e0 26,99 $ par mois ; et les forfaits \u00e9tudiants passeront de 7,99 $ \u00e0 8,99 $ par mois. Cela ne prend en compte que les tarifs de YouTube eux-m\u00eames. Si vous vous abonnez \u00e0 Premium via l&rsquo;application YouTube sur iOS, YouTube applique des frais suppl\u00e9mentaires pour compenser la r\u00e9duction de 30 % d&rsquo;Apple. C&rsquo;est pourquoi le forfait individuel de ce Redditor co\u00fbtera 20,99 $ par mois. De son c\u00f4t\u00e9, YouTube informe l&rsquo;utilisateur qu&rsquo;il peut s&rsquo;inscrire directement via YouTube au nouveau prix de 15,99 $ par mois.   <\/p>\n<p>Il est int\u00e9ressant de noter que YouTube n\u2019a pas fait d\u2019annonce officielle concernant l\u2019augmentation de la presse. Au lieu de cela, ce changement s&rsquo;est propag\u00e9 enti\u00e8rement de bouche \u00e0 oreille, les utilisateurs partageant leurs e-mails de l&rsquo;entreprise avec frustration. Les utilisateurs sont d\u00e9j\u00e0 nerveux cette semaine, accusant l&rsquo;entreprise d&rsquo;avoir d\u00e9ploy\u00e9 des coupures publicitaires non d\u00e9sactivables de 90 secondes. YouTube est cat\u00e9gorique sur le fait qu&rsquo;il n&rsquo;y a pas de coupures publicitaires non d\u00e9sactivables aussi longtemps et affirme que les exemples dans la nature sont en fait des bugs. Mais que ce soit le cas ou non, la situation ne vend pas vraiment l\u2019annonce d\u2019augmentation des prix de l\u2019entreprise.<\/p>\n<p>\u00c0 ce stade, les utilisateurs ne sont pas satisfaits de cette nouvelle. En parcourant les fils de discussion Reddit, je ne vois que frustration et insatisfaction, beaucoup mena\u00e7ant d&rsquo;annuler ou confirmant qu&rsquo;ils ont mis fin \u00e0 leur abonnement sur-le-champ. Un utilisateur a qualifi\u00e9 YouTube de \u00ab gourmand (b\u00e2tards) \u00bb, tandis que d&rsquo;autres vantent les vertus des bloqueurs de publicit\u00e9s, ce qui va \u00e0 l&rsquo;encontre de l&rsquo;un des principaux avantages de l&rsquo;abonnement. Ainsi, ces derni\u00e8res ann\u00e9es, Google a lanc\u00e9 une guerre contre les bloqueurs de publicit\u00e9s, rendant leur utilisation beaucoup plus difficile avec YouTube.  <\/p>\n<p>15,99 $ n&rsquo;est pas l&rsquo;abonnement de streaming le plus cher du march\u00e9, et YouTube Premium offre toujours les m\u00eames avantages qu&rsquo;auparavant. Mais je ne suis pas convaincu que YouTube puisse continuer \u00e0 extorquer de plus en plus d\u2019argent \u00e0 ses abonn\u00e9s avant de commencer \u00e0 voir un exode d\u2019abonn\u00e9s. <\/p>\n","protected":false},"excerpt":{"rendered":"<p>Lors de son lancement en 2007, il aurait sembl\u00e9 ridicule de sugg\u00e9rer de payer un abonnement mensuel pour YouTube. Mais pr\u00e8s de deux d\u00e9cennies plus<\/p>\n","protected":false},"author":1,"featured_media":13410,"comment_status":"","ping_status":"","sticky":false,"template":"","format":"standard","meta":{"footnotes":""},"categories":[13],"tags":[2029,2803,29,14,332,1399,35],"class_list":["post-13409","post","type-post","status-publish","format-standard","has-post-thumbnail","hentry","category-technologie","tag-abonnes","tag-augmente","tag-des","tag-les","tag-premium","tag-prix","tag-youtube","generate-columns","tablet-grid-50","mobile-grid-100","grid-parent","grid-33"],"yoast_head":"<!-- This site is optimized with the Yoast SEO plugin v24.0 - https:\/\/yoast.com\/wordpress\/plugins\/seo\/ -->\n<title>YouTube augmente les prix des abonn\u00e9s Premium | Vie Associative<\/title>\n<meta name=\"robots\" content=\"index, follow, max-snippet:-1, max-image-preview:large, max-video-preview:-1\" \/>\n<link rel=\"canonical\" href=\"https:\/\/vieassociative.be\/actualites\/youtube-augmente-les-prix-des-abonnes-premium\/\" \/>\n<meta property=\"og:locale\" content=\"fr_FR\" \/>\n<meta property=\"og:type\" content=\"article\" \/>\n<meta property=\"og:title\" content=\"YouTube augmente les prix des abonn\u00e9s Premium | Vie Associative\" \/>\n<meta property=\"og:description\" content=\"Lors de son lancement en 2007, il aurait sembl\u00e9 ridicule de sugg\u00e9rer de payer un abonnement mensuel pour YouTube. Mais pr\u00e8s de deux d\u00e9cennies plus\" \/>\n<meta property=\"og:url\" content=\"https:\/\/vieassociative.be\/actualites\/youtube-augmente-les-prix-des-abonnes-premium\/\" \/>\n<meta property=\"og:site_name\" content=\"Vie Associative\" \/>\n<meta property=\"article:published_time\" content=\"2026-04-12T08:17:30+00:00\" \/>\n<meta property=\"og:image\" content=\"https:\/\/vieassociative.be\/actualites\/wp-content\/uploads\/2024\/09\/header_backgroundk-01-e1726694325946.png\" \/>\n\t<meta property=\"og:image:width\" content=\"279\" \/>\n\t<meta property=\"og:image:height\" content=\"92\" \/>\n\t<meta property=\"og:image:type\" content=\"image\/png\" \/>\n<meta name=\"author\" content=\"Julien\" \/>\n<meta name=\"twitter:card\" content=\"summary_large_image\" \/>\n<meta name=\"twitter:label1\" content=\"\u00c9crit par\" \/>\n\t<meta name=\"twitter:data1\" content=\"Julien\" \/>\n\t<meta name=\"twitter:label2\" content=\"Dur\u00e9e de lecture est.\" \/>\n\t<meta name=\"twitter:data2\" content=\"2 minutes\" \/>\n<script type=\"application\/ld+json\" class=\"yoast-schema-graph\">{\"@context\":\"https:\/\/schema.org\",\"@graph\":[{\"@type\":\"Article\",\"@id\":\"https:\/\/vieassociative.be\/actualites\/youtube-augmente-les-prix-des-abonnes-premium\/#article\",\"isPartOf\":{\"@id\":\"https:\/\/vieassociative.be\/actualites\/youtube-augmente-les-prix-des-abonnes-premium\/\"},\"author\":{\"name\":\"Julien\",\"@id\":\"https:\/\/vieassociative.be\/actualites\/#\/schema\/person\/b87ac4f82f9d4e7b7cec7395b679edc4\"},\"headline\":\"YouTube augmente les prix des abonn\u00e9s Premium\",\"datePublished\":\"2026-04-12T08:17:30+00:00\",\"dateModified\":\"2026-04-12T08:17:30+00:00\",\"mainEntityOfPage\":{\"@id\":\"https:\/\/vieassociative.be\/actualites\/youtube-augmente-les-prix-des-abonnes-premium\/\"},\"wordCount\":482,\"publisher\":{\"@id\":\"https:\/\/vieassociative.be\/actualites\/#organization\"},\"image\":{\"@id\":\"https:\/\/vieassociative.be\/actualites\/youtube-augmente-les-prix-des-abonnes-premium\/#primaryimage\"},\"thumbnailUrl\":\"https:\/\/vieassociative.be\/actualites\/wp-content\/uploads\/2026\/04\/YouTube-augmente-les-prix-des-abonnes-Premium.jpg\",\"keywords\":[\"abonn\u00e9s\",\"augmente\",\"Des\",\"Les\",\"Premium\",\"prix\",\"YouTube\"],\"articleSection\":[\"Technologie\"],\"inLanguage\":\"fr-BE\"},{\"@type\":\"WebPage\",\"@id\":\"https:\/\/vieassociative.be\/actualites\/youtube-augmente-les-prix-des-abonnes-premium\/\",\"url\":\"https:\/\/vieassociative.be\/actualites\/youtube-augmente-les-prix-des-abonnes-premium\/\",\"name\":\"YouTube augmente les prix des abonn\u00e9s Premium | Vie Associative\",\"isPartOf\":{\"@id\":\"https:\/\/vieassociative.be\/actualites\/#website\"},\"primaryImageOfPage\":{\"@id\":\"https:\/\/vieassociative.be\/actualites\/youtube-augmente-les-prix-des-abonnes-premium\/#primaryimage\"},\"image\":{\"@id\":\"https:\/\/vieassociative.be\/actualites\/youtube-augmente-les-prix-des-abonnes-premium\/#primaryimage\"},\"thumbnailUrl\":\"https:\/\/vieassociative.be\/actualites\/wp-content\/uploads\/2026\/04\/YouTube-augmente-les-prix-des-abonnes-Premium.jpg\",\"datePublished\":\"2026-04-12T08:17:30+00:00\",\"dateModified\":\"2026-04-12T08:17:30+00:00\",\"breadcrumb\":{\"@id\":\"https:\/\/vieassociative.be\/actualites\/youtube-augmente-les-prix-des-abonnes-premium\/#breadcrumb\"},\"inLanguage\":\"fr-BE\",\"potentialAction\":[{\"@type\":\"ReadAction\",\"target\":[\"https:\/\/vieassociative.be\/actualites\/youtube-augmente-les-prix-des-abonnes-premium\/\"]}]},{\"@type\":\"ImageObject\",\"inLanguage\":\"fr-BE\",\"@id\":\"https:\/\/vieassociative.be\/actualites\/youtube-augmente-les-prix-des-abonnes-premium\/#primaryimage\",\"url\":\"https:\/\/vieassociative.be\/actualites\/wp-content\/uploads\/2026\/04\/YouTube-augmente-les-prix-des-abonnes-Premium.jpg\",\"contentUrl\":\"https:\/\/vieassociative.be\/actualites\/wp-content\/uploads\/2026\/04\/YouTube-augmente-les-prix-des-abonnes-Premium.jpg\",\"width\":1200,\"height\":675,\"caption\":\"YouTube augmente les prix des abonn\u00e9s Premium\"},{\"@type\":\"BreadcrumbList\",\"@id\":\"https:\/\/vieassociative.be\/actualites\/youtube-augmente-les-prix-des-abonnes-premium\/#breadcrumb\",\"itemListElement\":[{\"@type\":\"ListItem\",\"position\":1,\"name\":\"Accueil\",\"item\":\"https:\/\/vieassociative.be\/actualites\/\"},{\"@type\":\"ListItem\",\"position\":2,\"name\":\"YouTube augmente les prix des abonn\u00e9s Premium\"}]},{\"@type\":\"WebSite\",\"@id\":\"https:\/\/vieassociative.be\/actualites\/#website\",\"url\":\"https:\/\/vieassociative.be\/actualites\/\",\"name\":\"Vie Associative\",\"description\":\"\",\"publisher\":{\"@id\":\"https:\/\/vieassociative.be\/actualites\/#organization\"},\"potentialAction\":[{\"@type\":\"SearchAction\",\"target\":{\"@type\":\"EntryPoint\",\"urlTemplate\":\"https:\/\/vieassociative.be\/actualites\/?s={search_term_string}\"},\"query-input\":{\"@type\":\"PropertyValueSpecification\",\"valueRequired\":true,\"valueName\":\"search_term_string\"}}],\"inLanguage\":\"fr-BE\"},{\"@type\":\"Organization\",\"@id\":\"https:\/\/vieassociative.be\/actualites\/#organization\",\"name\":\"Vie Associative\",\"url\":\"https:\/\/vieassociative.be\/actualites\/\",\"logo\":{\"@type\":\"ImageObject\",\"inLanguage\":\"fr-BE\",\"@id\":\"https:\/\/vieassociative.be\/actualites\/#\/schema\/logo\/image\/\",\"url\":\"https:\/\/vieassociative.be\/actualites\/wp-content\/uploads\/2024\/09\/cropped-vieassociative_favicon.ico.png\",\"contentUrl\":\"https:\/\/vieassociative.be\/actualites\/wp-content\/uploads\/2024\/09\/cropped-vieassociative_favicon.ico.png\",\"width\":512,\"height\":512,\"caption\":\"Vie Associative\"},\"image\":{\"@id\":\"https:\/\/vieassociative.be\/actualites\/#\/schema\/logo\/image\/\"}},{\"@type\":\"Person\",\"@id\":\"https:\/\/vieassociative.be\/actualites\/#\/schema\/person\/b87ac4f82f9d4e7b7cec7395b679edc4\",\"name\":\"Julien\",\"image\":{\"@type\":\"ImageObject\",\"inLanguage\":\"fr-BE\",\"@id\":\"https:\/\/vieassociative.be\/actualites\/#\/schema\/person\/image\/\",\"url\":\"https:\/\/vieassociative.be\/actualites\/wp-content\/uploads\/2024\/09\/vie-associative-1-150x150.jpg\",\"contentUrl\":\"https:\/\/vieassociative.be\/actualites\/wp-content\/uploads\/2024\/09\/vie-associative-1-150x150.jpg\",\"caption\":\"Julien\"},\"description\":\"Je suis Julien, r\u00e9dacteur pour Vie Associative. Passionn\u00e9 par le monde associatif depuis plus de 10 ans, j'ai \u00e0 c\u0153ur de partager des histoires inspirantes et de mettre en lumi\u00e8re les initiatives locales. Mon objectif est de sensibiliser et d'encourager l'engagement communautaire \u00e0 travers mes articles.\",\"sameAs\":[\"https:\/\/vieassociative.be\/\"]}]}<\/script>\n<!-- \/ Yoast SEO plugin. -->","yoast_head_json":{"title":"YouTube augmente les prix des abonn\u00e9s Premium | Vie Associative","robots":{"index":"index","follow":"follow","max-snippet":"max-snippet:-1","max-image-preview":"max-image-preview:large","max-video-preview":"max-video-preview:-1"},"canonical":"https:\/\/vieassociative.be\/actualites\/youtube-augmente-les-prix-des-abonnes-premium\/","og_locale":"fr_FR","og_type":"article","og_title":"YouTube augmente les prix des abonn\u00e9s Premium | Vie Associative","og_description":"Lors de son lancement en 2007, il aurait sembl\u00e9 ridicule de sugg\u00e9rer de payer un abonnement mensuel pour YouTube. Mais pr\u00e8s de deux d\u00e9cennies plus","og_url":"https:\/\/vieassociative.be\/actualites\/youtube-augmente-les-prix-des-abonnes-premium\/","og_site_name":"Vie Associative","article_published_time":"2026-04-12T08:17:30+00:00","og_image":[{"width":279,"height":92,"url":"https:\/\/vieassociative.be\/actualites\/wp-content\/uploads\/2024\/09\/header_backgroundk-01-e1726694325946.png","type":"image\/png"}],"author":"Julien","twitter_card":"summary_large_image","twitter_misc":{"\u00c9crit par":"Julien","Dur\u00e9e de lecture est.":"2 minutes"},"schema":{"@context":"https:\/\/schema.org","@graph":[{"@type":"Article","@id":"https:\/\/vieassociative.be\/actualites\/youtube-augmente-les-prix-des-abonnes-premium\/#article","isPartOf":{"@id":"https:\/\/vieassociative.be\/actualites\/youtube-augmente-les-prix-des-abonnes-premium\/"},"author":{"name":"Julien","@id":"https:\/\/vieassociative.be\/actualites\/#\/schema\/person\/b87ac4f82f9d4e7b7cec7395b679edc4"},"headline":"YouTube augmente les prix des abonn\u00e9s Premium","datePublished":"2026-04-12T08:17:30+00:00","dateModified":"2026-04-12T08:17:30+00:00","mainEntityOfPage":{"@id":"https:\/\/vieassociative.be\/actualites\/youtube-augmente-les-prix-des-abonnes-premium\/"},"wordCount":482,"publisher":{"@id":"https:\/\/vieassociative.be\/actualites\/#organization"},"image":{"@id":"https:\/\/vieassociative.be\/actualites\/youtube-augmente-les-prix-des-abonnes-premium\/#primaryimage"},"thumbnailUrl":"https:\/\/vieassociative.be\/actualites\/wp-content\/uploads\/2026\/04\/YouTube-augmente-les-prix-des-abonnes-Premium.jpg","keywords":["abonn\u00e9s","augmente","Des","Les","Premium","prix","YouTube"],"articleSection":["Technologie"],"inLanguage":"fr-BE"},{"@type":"WebPage","@id":"https:\/\/vieassociative.be\/actualites\/youtube-augmente-les-prix-des-abonnes-premium\/","url":"https:\/\/vieassociative.be\/actualites\/youtube-augmente-les-prix-des-abonnes-premium\/","name":"YouTube augmente les prix des abonn\u00e9s Premium | Vie Associative","isPartOf":{"@id":"https:\/\/vieassociative.be\/actualites\/#website"},"primaryImageOfPage":{"@id":"https:\/\/vieassociative.be\/actualites\/youtube-augmente-les-prix-des-abonnes-premium\/#primaryimage"},"image":{"@id":"https:\/\/vieassociative.be\/actualites\/youtube-augmente-les-prix-des-abonnes-premium\/#primaryimage"},"thumbnailUrl":"https:\/\/vieassociative.be\/actualites\/wp-content\/uploads\/2026\/04\/YouTube-augmente-les-prix-des-abonnes-Premium.jpg","datePublished":"2026-04-12T08:17:30+00:00","dateModified":"2026-04-12T08:17:30+00:00","breadcrumb":{"@id":"https:\/\/vieassociative.be\/actualites\/youtube-augmente-les-prix-des-abonnes-premium\/#breadcrumb"},"inLanguage":"fr-BE","potentialAction":[{"@type":"ReadAction","target":["https:\/\/vieassociative.be\/actualites\/youtube-augmente-les-prix-des-abonnes-premium\/"]}]},{"@type":"ImageObject","inLanguage":"fr-BE","@id":"https:\/\/vieassociative.be\/actualites\/youtube-augmente-les-prix-des-abonnes-premium\/#primaryimage","url":"https:\/\/vieassociative.be\/actualites\/wp-content\/uploads\/2026\/04\/YouTube-augmente-les-prix-des-abonnes-Premium.jpg","contentUrl":"https:\/\/vieassociative.be\/actualites\/wp-content\/uploads\/2026\/04\/YouTube-augmente-les-prix-des-abonnes-Premium.jpg","width":1200,"height":675,"caption":"YouTube augmente les prix des abonn\u00e9s Premium"},{"@type":"BreadcrumbList","@id":"https:\/\/vieassociative.be\/actualites\/youtube-augmente-les-prix-des-abonnes-premium\/#breadcrumb","itemListElement":[{"@type":"ListItem","position":1,"name":"Accueil","item":"https:\/\/vieassociative.be\/actualites\/"},{"@type":"ListItem","position":2,"name":"YouTube augmente les prix des abonn\u00e9s Premium"}]},{"@type":"WebSite","@id":"https:\/\/vieassociative.be\/actualites\/#website","url":"https:\/\/vieassociative.be\/actualites\/","name":"Vie Associative","description":"","publisher":{"@id":"https:\/\/vieassociative.be\/actualites\/#organization"},"potentialAction":[{"@type":"SearchAction","target":{"@type":"EntryPoint","urlTemplate":"https:\/\/vieassociative.be\/actualites\/?s={search_term_string}"},"query-input":{"@type":"PropertyValueSpecification","valueRequired":true,"valueName":"search_term_string"}}],"inLanguage":"fr-BE"},{"@type":"Organization","@id":"https:\/\/vieassociative.be\/actualites\/#organization","name":"Vie Associative","url":"https:\/\/vieassociative.be\/actualites\/","logo":{"@type":"ImageObject","inLanguage":"fr-BE","@id":"https:\/\/vieassociative.be\/actualites\/#\/schema\/logo\/image\/","url":"https:\/\/vieassociative.be\/actualites\/wp-content\/uploads\/2024\/09\/cropped-vieassociative_favicon.ico.png","contentUrl":"https:\/\/vieassociative.be\/actualites\/wp-content\/uploads\/2024\/09\/cropped-vieassociative_favicon.ico.png","width":512,"height":512,"caption":"Vie Associative"},"image":{"@id":"https:\/\/vieassociative.be\/actualites\/#\/schema\/logo\/image\/"}},{"@type":"Person","@id":"https:\/\/vieassociative.be\/actualites\/#\/schema\/person\/b87ac4f82f9d4e7b7cec7395b679edc4","name":"Julien","image":{"@type":"ImageObject","inLanguage":"fr-BE","@id":"https:\/\/vieassociative.be\/actualites\/#\/schema\/person\/image\/","url":"https:\/\/vieassociative.be\/actualites\/wp-content\/uploads\/2024\/09\/vie-associative-1-150x150.jpg","contentUrl":"https:\/\/vieassociative.be\/actualites\/wp-content\/uploads\/2024\/09\/vie-associative-1-150x150.jpg","caption":"Julien"},"description":"Je suis Julien, r\u00e9dacteur pour Vie Associative. Passionn\u00e9 par le monde associatif depuis plus de 10 ans, j'ai \u00e0 c\u0153ur de partager des histoires inspirantes et de mettre en lumi\u00e8re les initiatives locales. Mon objectif est de sensibiliser et d'encourager l'engagement communautaire \u00e0 travers mes articles.","sameAs":["https:\/\/vieassociative.be\/"]}]}},"_links":{"self":[{"href":"https:\/\/vieassociative.be\/actualites\/wp-json\/wp\/v2\/posts\/13409"}],"collection":[{"href":"https:\/\/vieassociative.be\/actualites\/wp-json\/wp\/v2\/posts"}],"about":[{"href":"https:\/\/vieassociative.be\/actualites\/wp-json\/wp\/v2\/types\/post"}],"author":[{"embeddable":true,"href":"https:\/\/vieassociative.be\/actualites\/wp-json\/wp\/v2\/users\/1"}],"replies":[{"embeddable":true,"href":"https:\/\/vieassociative.be\/actualites\/wp-json\/wp\/v2\/comments?post=13409"}],"version-history":[{"count":0,"href":"https:\/\/vieassociative.be\/actualites\/wp-json\/wp\/v2\/posts\/13409\/revisions"}],"wp:featuredmedia":[{"embeddable":true,"href":"https:\/\/vieassociative.be\/actualites\/wp-json\/wp\/v2\/media\/13410"}],"wp:attachment":[{"href":"https:\/\/vieassociative.be\/actualites\/wp-json\/wp\/v2\/media?parent=13409"}],"wp:term":[{"taxonomy":"category","embeddable":true,"href":"https:\/\/vieassociative.be\/actualites\/wp-json\/wp\/v2\/categories?post=13409"},{"taxonomy":"post_tag","embeddable":true,"href":"https:\/\/vieassociative.be\/actualites\/wp-json\/wp\/v2\/tags?post=13409"}],"curies":[{"name":"wp","href":"https:\/\/api.w.org\/{rel}","templated":true}]}}