{"id":13405,"date":"2026-04-12T04:17:43","date_gmt":"2026-04-12T02:17:43","guid":{"rendered":"https:\/\/vieassociative.be\/actualites\/openai-vient-de-reduire-de-moitie-le-prix-de-chatgpt-pro\/"},"modified":"2026-04-12T04:17:43","modified_gmt":"2026-04-12T02:17:43","slug":"openai-vient-de-reduire-de-moitie-le-prix-de-chatgpt-pro","status":"publish","type":"post","link":"https:\/\/vieassociative.be\/actualites\/openai-vient-de-reduire-de-moitie-le-prix-de-chatgpt-pro\/","title":{"rendered":"OpenAI vient de r\u00e9duire de moiti\u00e9 le prix de ChatGPT Pro"},"content":{"rendered":"<p>M\u00eame si ChatGPT a peut-\u00eatre lanc\u00e9 l\u2019\u00e8re de l\u2019IA g\u00e9n\u00e9rative dans laquelle nous vivons aujourd\u2019hui, il est loin d\u2019\u00eatre le seul de nos jours. Il existe une forte concurrence de la part de plusieurs entreprises dans ce domaine, notamment Google, Anthropic et m\u00eame Microsoft, qui d\u00e9tient un \u00e9norme int\u00e9r\u00eat financier dans OpenAI. Pour rivaliser, il semble qu&rsquo;OpenAI essaie de rendre ses plans d&rsquo;abonnement payants plus attrayants pour les utilisateurs, car la soci\u00e9t\u00e9 vient de r\u00e9duire de moiti\u00e9 le prix de ChatGPT Pro. <\/p>\n<h2 id=\"chatgpt-pro-now-starts-at-100\">ChatGPT Pro commence d\u00e9sormais \u00e0 100 $<\/h2>\n<p>Tel que rapport\u00e9 par TechCrunch, le nouveau mod\u00e8le tarifaire d&rsquo;OpenAI propose d\u00e9sormais un forfait Pro \u00e0 100 $ par mois, contre 200 $ par mois. Cela donne d\u00e9sormais aux utilisateurs le choix entre les \u00e9l\u00e9ments suivants : un forfait gratuit, accompagn\u00e9 de publicit\u00e9s ; un forfait Go offrant plus de limites d&rsquo;utilisation pour 8 $ par mois (toujours avec des publicit\u00e9s) ; un forfait Plus avec des mod\u00e8les suppl\u00e9mentaires et des fonctionnalit\u00e9s exclusives pour 20 $ par mois ; et, d\u00e9sormais, le forfait Pro, avec les limites d&rsquo;utilisation les plus \u00e9lev\u00e9es sur tous les mod\u00e8les et fonctionnalit\u00e9s de l&rsquo;entreprise, pour 100 $ par mois. OpenAI ne propose plus de forfait \u00e0 200 $, mais a confirm\u00e9 \u00e0 TechCrunch que cette option est toujours disponible.     <\/p>\n<p>Si vous utilisez ChatGPT pour r\u00e9pondre \u00e0 vos questions quotidiennes, vous pourriez h\u00e9siter \u00e0 d\u00e9penser 100 $ par mois sur le chatbot, sans parler de 200 $. Mais les forfaits Pro ne s&rsquo;adressent pas \u00e0 l&rsquo;utilisateur quotidien ; au lieu de cela, l\u2019id\u00e9e est que les codeurs qui s\u2019appuient sur l\u2019IA pour les aider avec les programmes puissent s\u2019abonner. Dans ce cas, cela passe par Codex, l&rsquo;outil de codage d&rsquo;OpenAI. OpenAI a d\u00e9clar\u00e9 \u00e0 TechCrunch que son plan Pro offre d\u00e9sormais cinq fois plus d&rsquo;acc\u00e8s au Codex que le plan Plus, ce qui pourrait plaire aux utilisateurs exp\u00e9riment\u00e9s. (Le forfait cach\u00e9 \u00e0 200\u00a0$ offre des limites 20 fois sup\u00e9rieures \u00e0 celles du forfait Plus, ou quatre fois sup\u00e9rieures \u00e0 celles du forfait Pro \u00e0 100\u00a0$.)  <\/p>\n<p>Les utilisateurs exp\u00e9riment\u00e9s sont \u00e9galement ceux qu&rsquo;OpenAI recherche, en particulier ceux qui pourraient \u00eatre tent\u00e9s par l&rsquo;outil Claude Code d&rsquo;Anthropic, qui propose \u00e9galement un forfait de 100 $ par mois. Ce n&rsquo;est pas non plus de la sp\u00e9culation\u00a0: un porte-parole d&rsquo;OpenAI a directement reconnu \u00e0 quel point il pensait que Codex offrait plus pour l&rsquo;argent que Claude Code\u00a0: \u00ab\u00a0Le nouveau niveau Pro \u00e0 100 $ est con\u00e7u pour donner aux d\u00e9veloppeurs une capacit\u00e9 de codage plus pratique pour l&rsquo;argent, en particulier pendant les sessions de travail de haute intensit\u00e9 o\u00f9 les limites comptent le plus. Par rapport \u00e0 Claude Code, Codex offre plus de capacit\u00e9 de codage par dollar dans les niveaux payants, la diff\u00e9rence apparaissant plus clairement lors de l&rsquo;utilisation active du codage. \u00a0\u00bb  <\/p>\n<h2 id=\"the-ai-race-continues-to-heat-up\">La course \u00e0 l\u2019IA continue de s\u2019intensifier<\/h2>\n<p>OpenAI d\u00e9tient toujours la majorit\u00e9 de la base d\u2019utilisateurs de l\u2019IA g\u00e9n\u00e9rative. En f\u00e9vrier dernier, la soci\u00e9t\u00e9 a annonc\u00e9 avoir d\u00e9pass\u00e9 les 900 millions d&rsquo;utilisateurs actifs hebdomadaires, avec plus de 50 millions d&rsquo;abonn\u00e9s grand public. Anthropic ne divulgue pas le nombre total d&rsquo;utilisateurs, mais certaines analyses \u00e9valuent ses consommateurs entre 18 et 30 millions, tandis qu&rsquo;un porte-parole a d\u00e9clar\u00e9 \u00e0 TechCrunch que les abonnements payants avaient plus que doubl\u00e9 cette ann\u00e9e. Dans le haut de gamme, cela fait 30 millions d&rsquo;utilisateurs contre 900 millions. <\/p>\n<p>Mais Anthropic semble gagner plus d\u2019argent qu\u2019OpenAI. Le premier a annonc\u00e9 lundi que ses revenus annuels d\u00e9passaient les 30 milliards de dollars, contre 9 milliards de dollars fin 2025. OpenAI affirme g\u00e9n\u00e9rer 2 milliards de dollars par mois, ce qui le placerait \u00e0 environ 24 milliards de dollars pour l&rsquo;ann\u00e9e \u2013 du moins \u00e0 ce stade. De fa\u00e7on anecdotique, j&rsquo;ai vu un <em>parcelle<\/em> des codeurs parlent d&rsquo;utiliser Claude Code, et beaucoup moins parlent d&rsquo;utiliser ChatGPT Codex. Bien qu&rsquo;il existe de nombreuses soci\u00e9t\u00e9s d&rsquo;IA, le fait qu&rsquo;OpenAI ait directement appel\u00e9 Anthropic dans cette baisse de prix montre qu&rsquo;elles les consid\u00e8rent comme un rival direct. Il sera int\u00e9ressant de voir comment d\u2019autres choses changeront \u00e0 mesure que la course continue de s\u2019intensifier. OpenAI fera-t-il davantage de coupes, comme il l&rsquo;a fait lorsqu&rsquo;il a tu\u00e9 Sora et abandonn\u00e9 ses mod\u00e8les vid\u00e9o d&rsquo;IA ? Seul le temps nous le dira. <\/p>\n<p><em>Divulgation : La soci\u00e9t\u00e9 m\u00e8re de Vie Associative, Ziff Davis, a intent\u00e9 une action en justice contre OpenAI en avril 2025, all\u00e9guant qu&rsquo;elle avait viol\u00e9 les droits d&rsquo;auteur de Ziff Davis dans la formation et l&rsquo;exploitation de ses syst\u00e8mes d&rsquo;IA.<\/em><\/p>\n","protected":false},"excerpt":{"rendered":"<p>M\u00eame si ChatGPT a peut-\u00eatre lanc\u00e9 l\u2019\u00e8re de l\u2019IA g\u00e9n\u00e9rative dans laquelle nous vivons aujourd\u2019hui, il est loin d\u2019\u00eatre le seul de nos jours. Il<\/p>\n","protected":false},"author":1,"featured_media":13406,"comment_status":"","ping_status":"","sticky":false,"template":"","format":"standard","meta":{"footnotes":""},"categories":[10299],"tags":[1177,4637,5272,1399,630,4177,1213],"class_list":["post-13405","post","type-post","status-publish","format-standard","has-post-thumbnail","hentry","category-ai","tag-chatgpt","tag-moitie","tag-openai","tag-prix","tag-pro","tag-reduire","tag-vient","generate-columns","tablet-grid-50","mobile-grid-100","grid-parent","grid-33"],"yoast_head":"<!-- This site is optimized with the Yoast SEO plugin v24.0 - https:\/\/yoast.com\/wordpress\/plugins\/seo\/ -->\n<title>OpenAI vient de r\u00e9duire de moiti\u00e9 le prix de ChatGPT Pro | Vie Associative<\/title>\n<meta name=\"robots\" content=\"index, follow, max-snippet:-1, max-image-preview:large, max-video-preview:-1\" \/>\n<link rel=\"canonical\" href=\"https:\/\/vieassociative.be\/actualites\/openai-vient-de-reduire-de-moitie-le-prix-de-chatgpt-pro\/\" \/>\n<meta property=\"og:locale\" content=\"fr_FR\" \/>\n<meta property=\"og:type\" content=\"article\" \/>\n<meta property=\"og:title\" content=\"OpenAI vient de r\u00e9duire de moiti\u00e9 le prix de ChatGPT Pro | Vie Associative\" \/>\n<meta property=\"og:description\" content=\"M\u00eame si ChatGPT a peut-\u00eatre lanc\u00e9 l\u2019\u00e8re de l\u2019IA g\u00e9n\u00e9rative dans laquelle nous vivons aujourd\u2019hui, il est loin d\u2019\u00eatre le seul de nos jours. Il\" \/>\n<meta property=\"og:url\" content=\"https:\/\/vieassociative.be\/actualites\/openai-vient-de-reduire-de-moitie-le-prix-de-chatgpt-pro\/\" \/>\n<meta property=\"og:site_name\" content=\"Vie Associative\" \/>\n<meta property=\"article:published_time\" content=\"2026-04-12T02:17:43+00:00\" \/>\n<meta property=\"og:image\" content=\"https:\/\/vieassociative.be\/actualites\/wp-content\/uploads\/2024\/09\/header_backgroundk-01-e1726694325946.png\" \/>\n\t<meta property=\"og:image:width\" content=\"279\" \/>\n\t<meta property=\"og:image:height\" content=\"92\" \/>\n\t<meta property=\"og:image:type\" content=\"image\/png\" \/>\n<meta name=\"author\" content=\"Julien\" \/>\n<meta name=\"twitter:card\" content=\"summary_large_image\" \/>\n<meta name=\"twitter:label1\" content=\"\u00c9crit par\" \/>\n\t<meta name=\"twitter:data1\" content=\"Julien\" \/>\n\t<meta name=\"twitter:label2\" content=\"Dur\u00e9e de lecture est.\" \/>\n\t<meta name=\"twitter:data2\" content=\"4 minutes\" \/>\n<script type=\"application\/ld+json\" class=\"yoast-schema-graph\">{\"@context\":\"https:\/\/schema.org\",\"@graph\":[{\"@type\":\"Article\",\"@id\":\"https:\/\/vieassociative.be\/actualites\/openai-vient-de-reduire-de-moitie-le-prix-de-chatgpt-pro\/#article\",\"isPartOf\":{\"@id\":\"https:\/\/vieassociative.be\/actualites\/openai-vient-de-reduire-de-moitie-le-prix-de-chatgpt-pro\/\"},\"author\":{\"name\":\"Julien\",\"@id\":\"https:\/\/vieassociative.be\/actualites\/#\/schema\/person\/b87ac4f82f9d4e7b7cec7395b679edc4\"},\"headline\":\"OpenAI vient de r\u00e9duire de moiti\u00e9 le prix de ChatGPT Pro\",\"datePublished\":\"2026-04-12T02:17:43+00:00\",\"dateModified\":\"2026-04-12T02:17:43+00:00\",\"mainEntityOfPage\":{\"@id\":\"https:\/\/vieassociative.be\/actualites\/openai-vient-de-reduire-de-moitie-le-prix-de-chatgpt-pro\/\"},\"wordCount\":807,\"publisher\":{\"@id\":\"https:\/\/vieassociative.be\/actualites\/#organization\"},\"image\":{\"@id\":\"https:\/\/vieassociative.be\/actualites\/openai-vient-de-reduire-de-moitie-le-prix-de-chatgpt-pro\/#primaryimage\"},\"thumbnailUrl\":\"https:\/\/vieassociative.be\/actualites\/wp-content\/uploads\/2026\/04\/OpenAI-vient-de-reduire-de-moitie-le-prix-de-ChatGPT.jpg\",\"keywords\":[\"ChatGPT\",\"moiti\u00e9\",\"Openai\",\"prix\",\"Pro\",\"r\u00e9duire\",\"vient\"],\"articleSection\":[\"AI\"],\"inLanguage\":\"fr-BE\"},{\"@type\":\"WebPage\",\"@id\":\"https:\/\/vieassociative.be\/actualites\/openai-vient-de-reduire-de-moitie-le-prix-de-chatgpt-pro\/\",\"url\":\"https:\/\/vieassociative.be\/actualites\/openai-vient-de-reduire-de-moitie-le-prix-de-chatgpt-pro\/\",\"name\":\"OpenAI vient de r\u00e9duire de moiti\u00e9 le prix de ChatGPT Pro | Vie Associative\",\"isPartOf\":{\"@id\":\"https:\/\/vieassociative.be\/actualites\/#website\"},\"primaryImageOfPage\":{\"@id\":\"https:\/\/vieassociative.be\/actualites\/openai-vient-de-reduire-de-moitie-le-prix-de-chatgpt-pro\/#primaryimage\"},\"image\":{\"@id\":\"https:\/\/vieassociative.be\/actualites\/openai-vient-de-reduire-de-moitie-le-prix-de-chatgpt-pro\/#primaryimage\"},\"thumbnailUrl\":\"https:\/\/vieassociative.be\/actualites\/wp-content\/uploads\/2026\/04\/OpenAI-vient-de-reduire-de-moitie-le-prix-de-ChatGPT.jpg\",\"datePublished\":\"2026-04-12T02:17:43+00:00\",\"dateModified\":\"2026-04-12T02:17:43+00:00\",\"breadcrumb\":{\"@id\":\"https:\/\/vieassociative.be\/actualites\/openai-vient-de-reduire-de-moitie-le-prix-de-chatgpt-pro\/#breadcrumb\"},\"inLanguage\":\"fr-BE\",\"potentialAction\":[{\"@type\":\"ReadAction\",\"target\":[\"https:\/\/vieassociative.be\/actualites\/openai-vient-de-reduire-de-moitie-le-prix-de-chatgpt-pro\/\"]}]},{\"@type\":\"ImageObject\",\"inLanguage\":\"fr-BE\",\"@id\":\"https:\/\/vieassociative.be\/actualites\/openai-vient-de-reduire-de-moitie-le-prix-de-chatgpt-pro\/#primaryimage\",\"url\":\"https:\/\/vieassociative.be\/actualites\/wp-content\/uploads\/2026\/04\/OpenAI-vient-de-reduire-de-moitie-le-prix-de-ChatGPT.jpg\",\"contentUrl\":\"https:\/\/vieassociative.be\/actualites\/wp-content\/uploads\/2026\/04\/OpenAI-vient-de-reduire-de-moitie-le-prix-de-ChatGPT.jpg\",\"width\":1200,\"height\":675,\"caption\":\"OpenAI vient de r\u00e9duire de moiti\u00e9 le prix de ChatGPT Pro\"},{\"@type\":\"BreadcrumbList\",\"@id\":\"https:\/\/vieassociative.be\/actualites\/openai-vient-de-reduire-de-moitie-le-prix-de-chatgpt-pro\/#breadcrumb\",\"itemListElement\":[{\"@type\":\"ListItem\",\"position\":1,\"name\":\"Accueil\",\"item\":\"https:\/\/vieassociative.be\/actualites\/\"},{\"@type\":\"ListItem\",\"position\":2,\"name\":\"OpenAI vient de r\u00e9duire de moiti\u00e9 le prix de ChatGPT Pro\"}]},{\"@type\":\"WebSite\",\"@id\":\"https:\/\/vieassociative.be\/actualites\/#website\",\"url\":\"https:\/\/vieassociative.be\/actualites\/\",\"name\":\"Vie Associative\",\"description\":\"\",\"publisher\":{\"@id\":\"https:\/\/vieassociative.be\/actualites\/#organization\"},\"potentialAction\":[{\"@type\":\"SearchAction\",\"target\":{\"@type\":\"EntryPoint\",\"urlTemplate\":\"https:\/\/vieassociative.be\/actualites\/?s={search_term_string}\"},\"query-input\":{\"@type\":\"PropertyValueSpecification\",\"valueRequired\":true,\"valueName\":\"search_term_string\"}}],\"inLanguage\":\"fr-BE\"},{\"@type\":\"Organization\",\"@id\":\"https:\/\/vieassociative.be\/actualites\/#organization\",\"name\":\"Vie Associative\",\"url\":\"https:\/\/vieassociative.be\/actualites\/\",\"logo\":{\"@type\":\"ImageObject\",\"inLanguage\":\"fr-BE\",\"@id\":\"https:\/\/vieassociative.be\/actualites\/#\/schema\/logo\/image\/\",\"url\":\"https:\/\/vieassociative.be\/actualites\/wp-content\/uploads\/2024\/09\/cropped-vieassociative_favicon.ico.png\",\"contentUrl\":\"https:\/\/vieassociative.be\/actualites\/wp-content\/uploads\/2024\/09\/cropped-vieassociative_favicon.ico.png\",\"width\":512,\"height\":512,\"caption\":\"Vie Associative\"},\"image\":{\"@id\":\"https:\/\/vieassociative.be\/actualites\/#\/schema\/logo\/image\/\"}},{\"@type\":\"Person\",\"@id\":\"https:\/\/vieassociative.be\/actualites\/#\/schema\/person\/b87ac4f82f9d4e7b7cec7395b679edc4\",\"name\":\"Julien\",\"image\":{\"@type\":\"ImageObject\",\"inLanguage\":\"fr-BE\",\"@id\":\"https:\/\/vieassociative.be\/actualites\/#\/schema\/person\/image\/\",\"url\":\"https:\/\/vieassociative.be\/actualites\/wp-content\/uploads\/2024\/09\/vie-associative-1-150x150.jpg\",\"contentUrl\":\"https:\/\/vieassociative.be\/actualites\/wp-content\/uploads\/2024\/09\/vie-associative-1-150x150.jpg\",\"caption\":\"Julien\"},\"description\":\"Je suis Julien, r\u00e9dacteur pour Vie Associative. Passionn\u00e9 par le monde associatif depuis plus de 10 ans, j'ai \u00e0 c\u0153ur de partager des histoires inspirantes et de mettre en lumi\u00e8re les initiatives locales. Mon objectif est de sensibiliser et d'encourager l'engagement communautaire \u00e0 travers mes articles.\",\"sameAs\":[\"https:\/\/vieassociative.be\/\"]}]}<\/script>\n<!-- \/ Yoast SEO plugin. -->","yoast_head_json":{"title":"OpenAI vient de r\u00e9duire de moiti\u00e9 le prix de ChatGPT Pro | Vie Associative","robots":{"index":"index","follow":"follow","max-snippet":"max-snippet:-1","max-image-preview":"max-image-preview:large","max-video-preview":"max-video-preview:-1"},"canonical":"https:\/\/vieassociative.be\/actualites\/openai-vient-de-reduire-de-moitie-le-prix-de-chatgpt-pro\/","og_locale":"fr_FR","og_type":"article","og_title":"OpenAI vient de r\u00e9duire de moiti\u00e9 le prix de ChatGPT Pro | Vie Associative","og_description":"M\u00eame si ChatGPT a peut-\u00eatre lanc\u00e9 l\u2019\u00e8re de l\u2019IA g\u00e9n\u00e9rative dans laquelle nous vivons aujourd\u2019hui, il est loin d\u2019\u00eatre le seul de nos jours. Il","og_url":"https:\/\/vieassociative.be\/actualites\/openai-vient-de-reduire-de-moitie-le-prix-de-chatgpt-pro\/","og_site_name":"Vie Associative","article_published_time":"2026-04-12T02:17:43+00:00","og_image":[{"width":279,"height":92,"url":"https:\/\/vieassociative.be\/actualites\/wp-content\/uploads\/2024\/09\/header_backgroundk-01-e1726694325946.png","type":"image\/png"}],"author":"Julien","twitter_card":"summary_large_image","twitter_misc":{"\u00c9crit par":"Julien","Dur\u00e9e de lecture est.":"4 minutes"},"schema":{"@context":"https:\/\/schema.org","@graph":[{"@type":"Article","@id":"https:\/\/vieassociative.be\/actualites\/openai-vient-de-reduire-de-moitie-le-prix-de-chatgpt-pro\/#article","isPartOf":{"@id":"https:\/\/vieassociative.be\/actualites\/openai-vient-de-reduire-de-moitie-le-prix-de-chatgpt-pro\/"},"author":{"name":"Julien","@id":"https:\/\/vieassociative.be\/actualites\/#\/schema\/person\/b87ac4f82f9d4e7b7cec7395b679edc4"},"headline":"OpenAI vient de r\u00e9duire de moiti\u00e9 le prix de ChatGPT Pro","datePublished":"2026-04-12T02:17:43+00:00","dateModified":"2026-04-12T02:17:43+00:00","mainEntityOfPage":{"@id":"https:\/\/vieassociative.be\/actualites\/openai-vient-de-reduire-de-moitie-le-prix-de-chatgpt-pro\/"},"wordCount":807,"publisher":{"@id":"https:\/\/vieassociative.be\/actualites\/#organization"},"image":{"@id":"https:\/\/vieassociative.be\/actualites\/openai-vient-de-reduire-de-moitie-le-prix-de-chatgpt-pro\/#primaryimage"},"thumbnailUrl":"https:\/\/vieassociative.be\/actualites\/wp-content\/uploads\/2026\/04\/OpenAI-vient-de-reduire-de-moitie-le-prix-de-ChatGPT.jpg","keywords":["ChatGPT","moiti\u00e9","Openai","prix","Pro","r\u00e9duire","vient"],"articleSection":["AI"],"inLanguage":"fr-BE"},{"@type":"WebPage","@id":"https:\/\/vieassociative.be\/actualites\/openai-vient-de-reduire-de-moitie-le-prix-de-chatgpt-pro\/","url":"https:\/\/vieassociative.be\/actualites\/openai-vient-de-reduire-de-moitie-le-prix-de-chatgpt-pro\/","name":"OpenAI vient de r\u00e9duire de moiti\u00e9 le prix de ChatGPT Pro | Vie Associative","isPartOf":{"@id":"https:\/\/vieassociative.be\/actualites\/#website"},"primaryImageOfPage":{"@id":"https:\/\/vieassociative.be\/actualites\/openai-vient-de-reduire-de-moitie-le-prix-de-chatgpt-pro\/#primaryimage"},"image":{"@id":"https:\/\/vieassociative.be\/actualites\/openai-vient-de-reduire-de-moitie-le-prix-de-chatgpt-pro\/#primaryimage"},"thumbnailUrl":"https:\/\/vieassociative.be\/actualites\/wp-content\/uploads\/2026\/04\/OpenAI-vient-de-reduire-de-moitie-le-prix-de-ChatGPT.jpg","datePublished":"2026-04-12T02:17:43+00:00","dateModified":"2026-04-12T02:17:43+00:00","breadcrumb":{"@id":"https:\/\/vieassociative.be\/actualites\/openai-vient-de-reduire-de-moitie-le-prix-de-chatgpt-pro\/#breadcrumb"},"inLanguage":"fr-BE","potentialAction":[{"@type":"ReadAction","target":["https:\/\/vieassociative.be\/actualites\/openai-vient-de-reduire-de-moitie-le-prix-de-chatgpt-pro\/"]}]},{"@type":"ImageObject","inLanguage":"fr-BE","@id":"https:\/\/vieassociative.be\/actualites\/openai-vient-de-reduire-de-moitie-le-prix-de-chatgpt-pro\/#primaryimage","url":"https:\/\/vieassociative.be\/actualites\/wp-content\/uploads\/2026\/04\/OpenAI-vient-de-reduire-de-moitie-le-prix-de-ChatGPT.jpg","contentUrl":"https:\/\/vieassociative.be\/actualites\/wp-content\/uploads\/2026\/04\/OpenAI-vient-de-reduire-de-moitie-le-prix-de-ChatGPT.jpg","width":1200,"height":675,"caption":"OpenAI vient de r\u00e9duire de moiti\u00e9 le prix de ChatGPT Pro"},{"@type":"BreadcrumbList","@id":"https:\/\/vieassociative.be\/actualites\/openai-vient-de-reduire-de-moitie-le-prix-de-chatgpt-pro\/#breadcrumb","itemListElement":[{"@type":"ListItem","position":1,"name":"Accueil","item":"https:\/\/vieassociative.be\/actualites\/"},{"@type":"ListItem","position":2,"name":"OpenAI vient de r\u00e9duire de moiti\u00e9 le prix de ChatGPT Pro"}]},{"@type":"WebSite","@id":"https:\/\/vieassociative.be\/actualites\/#website","url":"https:\/\/vieassociative.be\/actualites\/","name":"Vie Associative","description":"","publisher":{"@id":"https:\/\/vieassociative.be\/actualites\/#organization"},"potentialAction":[{"@type":"SearchAction","target":{"@type":"EntryPoint","urlTemplate":"https:\/\/vieassociative.be\/actualites\/?s={search_term_string}"},"query-input":{"@type":"PropertyValueSpecification","valueRequired":true,"valueName":"search_term_string"}}],"inLanguage":"fr-BE"},{"@type":"Organization","@id":"https:\/\/vieassociative.be\/actualites\/#organization","name":"Vie Associative","url":"https:\/\/vieassociative.be\/actualites\/","logo":{"@type":"ImageObject","inLanguage":"fr-BE","@id":"https:\/\/vieassociative.be\/actualites\/#\/schema\/logo\/image\/","url":"https:\/\/vieassociative.be\/actualites\/wp-content\/uploads\/2024\/09\/cropped-vieassociative_favicon.ico.png","contentUrl":"https:\/\/vieassociative.be\/actualites\/wp-content\/uploads\/2024\/09\/cropped-vieassociative_favicon.ico.png","width":512,"height":512,"caption":"Vie Associative"},"image":{"@id":"https:\/\/vieassociative.be\/actualites\/#\/schema\/logo\/image\/"}},{"@type":"Person","@id":"https:\/\/vieassociative.be\/actualites\/#\/schema\/person\/b87ac4f82f9d4e7b7cec7395b679edc4","name":"Julien","image":{"@type":"ImageObject","inLanguage":"fr-BE","@id":"https:\/\/vieassociative.be\/actualites\/#\/schema\/person\/image\/","url":"https:\/\/vieassociative.be\/actualites\/wp-content\/uploads\/2024\/09\/vie-associative-1-150x150.jpg","contentUrl":"https:\/\/vieassociative.be\/actualites\/wp-content\/uploads\/2024\/09\/vie-associative-1-150x150.jpg","caption":"Julien"},"description":"Je suis Julien, r\u00e9dacteur pour Vie Associative. Passionn\u00e9 par le monde associatif depuis plus de 10 ans, j'ai \u00e0 c\u0153ur de partager des histoires inspirantes et de mettre en lumi\u00e8re les initiatives locales. Mon objectif est de sensibiliser et d'encourager l'engagement communautaire \u00e0 travers mes articles.","sameAs":["https:\/\/vieassociative.be\/"]}]}},"_links":{"self":[{"href":"https:\/\/vieassociative.be\/actualites\/wp-json\/wp\/v2\/posts\/13405"}],"collection":[{"href":"https:\/\/vieassociative.be\/actualites\/wp-json\/wp\/v2\/posts"}],"about":[{"href":"https:\/\/vieassociative.be\/actualites\/wp-json\/wp\/v2\/types\/post"}],"author":[{"embeddable":true,"href":"https:\/\/vieassociative.be\/actualites\/wp-json\/wp\/v2\/users\/1"}],"replies":[{"embeddable":true,"href":"https:\/\/vieassociative.be\/actualites\/wp-json\/wp\/v2\/comments?post=13405"}],"version-history":[{"count":0,"href":"https:\/\/vieassociative.be\/actualites\/wp-json\/wp\/v2\/posts\/13405\/revisions"}],"wp:featuredmedia":[{"embeddable":true,"href":"https:\/\/vieassociative.be\/actualites\/wp-json\/wp\/v2\/media\/13406"}],"wp:attachment":[{"href":"https:\/\/vieassociative.be\/actualites\/wp-json\/wp\/v2\/media?parent=13405"}],"wp:term":[{"taxonomy":"category","embeddable":true,"href":"https:\/\/vieassociative.be\/actualites\/wp-json\/wp\/v2\/categories?post=13405"},{"taxonomy":"post_tag","embeddable":true,"href":"https:\/\/vieassociative.be\/actualites\/wp-json\/wp\/v2\/tags?post=13405"}],"curies":[{"name":"wp","href":"https:\/\/api.w.org\/{rel}","templated":true}]}}