{"id":13403,"date":"2026-04-11T23:17:21","date_gmt":"2026-04-11T21:17:21","guid":{"rendered":"https:\/\/vieassociative.be\/actualites\/le-fc-bayern-de-kompany-ameliore-le-record-de-buts-etabli-depuis-54-ans-par-beckenbauer-gerd-muller-co\/"},"modified":"2026-04-11T23:17:21","modified_gmt":"2026-04-11T21:17:21","slug":"le-fc-bayern-de-kompany-ameliore-le-record-de-buts-etabli-depuis-54-ans-par-beckenbauer-gerd-muller-co","status":"publish","type":"post","link":"https:\/\/vieassociative.be\/actualites\/le-fc-bayern-de-kompany-ameliore-le-record-de-buts-etabli-depuis-54-ans-par-beckenbauer-gerd-muller-co\/","title":{"rendered":"Le FC Bayern de Kompany am\u00e9liore le record de buts \u00e9tabli depuis 54 ans par Beckenbauer, Gerd M\u00fcller &#038; Co."},"content":{"rendered":"<p><strong>Le record de buts en Bundesliga de la grande g\u00e9n\u00e9ration du Bayern autour de Franz Beckenbauer et Gerd M\u00fcller durait depuis 54 ans. Aujourd&rsquo;hui, l&rsquo;\u00e9quipe actuelle a battu ce record. Le 102e but de la saison du Bayern a \u00e9t\u00e9 inscrit contre St. Pauli.<\/strong><\/p>\n<p><span id=\"more-438359\"><\/span>Entre deux confrontations en Ligue des champions contre le Real Madrid, le FC Bayern Munich de l&rsquo;entra\u00eeneur Vincent Kompany a am\u00e9lior\u00e9 son record de buts en Bundesliga, vieux de 54 ans. Lors de la victoire 5-0 (1-0) sur le terrain du FC St. Pauli, les champions d&rsquo;Allemagne ont marqu\u00e9 101 buts \u00e0 105 cette saison. Le pr\u00e9c\u00e9dent record de la saison 1971\/72 \u00e9tait de 101 buts.<\/p>\n<div id=\"attachment_438362\" class=\"wp-caption alignleft\" style=\"max-width: 300px\"><img fetchpriority=\"high\" decoding=\"async\" class=\"wp-image-438362 size-medium\" src=\"https:\/\/vieassociative.be\/actualites\/wp-content\/uploads\/2026\/04\/Le-FC-Bayern-de-Kompany-ameliore-le-record-de-buts.jpg\" alt=\"\" width=\"300\" height=\"200\"><\/div>\n<p>\u00c0 l&rsquo;\u00e9poque, la l\u00e9gende du Bayern, Franz Beckenbauer, avait marqu\u00e9 le but record lors d&rsquo;une victoire 5-1 contre Schalke 04. Cette fois, Leon Goretza a marqu\u00e9 le 102e but historique \u00e0 la 53e minute pour porter le score \u00e0 2-0. Michael Olise (54e), Nicolas Jackson (65e) et Raphael Guerreiro (89e) ont encore allong\u00e9 le record.<\/p>\n<p>A cinq journ\u00e9es de la fin de la saison, le Bayern compte d\u00e9sormais douze points d&rsquo;avance sur Dortmund, deuxi\u00e8me. Jamal Musiala a donn\u00e9 \u00e0 Munich une avance de 1-0 \u00e0 la 9e minute.<\/p>\n<p>D&rsquo;ici la fin de la saison, le Bayern a la possibilit\u00e9 d&rsquo;\u00e9tendre consid\u00e9rablement son record en cinq matches suppl\u00e9mentaires. Le meilleur buteur Harry Kane a \u00e9galement la chance de d\u00e9passer le record de Robert Lewandowski de 41 buts sur une saison \u00e0 partir de la saison 2020\/21. Kane compte actuellement 31 buts.<\/p>\n<div id=\"attachment_438363\" class=\"wp-caption alignleft\" style=\"max-width: 300px\"><img decoding=\"async\" class=\"wp-image-438363 size-medium\" src=\"https:\/\/vieassociative.be\/actualites\/wp-content\/uploads\/2026\/04\/1775942241_961_Le-FC-Bayern-de-Kompany-ameliore-le-record-de-buts.jpg\" alt=\"\" width=\"300\" height=\"200\"><\/div>\n<p>Le jeune Lennart Karl a marqu\u00e9 le 100e but de la saison pour Munich lors d&rsquo;une victoire 3-2 \u00e0 Fribourg lors de la derni\u00e8re journ\u00e9e. Musiala a finalement \u00e9galis\u00e9 le record lors de l&rsquo;apparition \u00e0 Millerntor avant que Goretzka ne fasse mieux. Peu de temps apr\u00e8s, Michael Olise a encha\u00een\u00e9 avec un autre but.<\/p>\n<p>Pour le Bayern, c&rsquo;est la troisi\u00e8me fois dans l&rsquo;histoire de la Bundesliga qu&rsquo;il marque au moins 100 buts en une saison. Sous la direction de Hansi Flick, l&rsquo;\u00e9quipe munichoise a marqu\u00e9 exactement 100 buts en 2019\/20, mais a rat\u00e9 de peu son record des ann\u00e9es 1970. Lors de la saison suivante 2020\/21 et la saison derni\u00e8re, le Bayern a marqu\u00e9 99 buts chacun.<\/p>\n<p>Id\u00e9alement, le Bayern s\u2019attend d\u00e9sormais \u00e0 une semaine particuli\u00e8rement r\u00e9ussie. Avec une demi-finale d&rsquo;entr\u00e9e en Ligue des champions mercredi soir face au Real Madrid. Et avec la victoire anticip\u00e9e du 35e championnat allemand quatre jours plus tard.<\/p>\n<p>Si le Borussia Dortmund ne gagne pas \u00e0 1899 Hoffenheim samedi prochain et que l&rsquo;\u00e9quipe munichoise bat le VfB Stuttgart dimanche, le titre est d\u00e9j\u00e0 parfait. M\u00eame le triple serait encore possible : le 22 avril, l&rsquo;\u00e9quipe munichoise doit disputer les demi-finales de la Coupe DFB contre le Bayer Leverkusen. (dpa\/cr\u00e9)<\/p>\n","protected":false},"excerpt":{"rendered":"<p>Le record de buts en Bundesliga de la grande g\u00e9n\u00e9ration du Bayern autour de Franz Beckenbauer et Gerd M\u00fcller durait depuis 54 ans. Aujourd&rsquo;hui, l&rsquo;\u00e9quipe<\/p>\n","protected":false},"author":1,"featured_media":13404,"comment_status":"","ping_status":"","sticky":false,"template":"","format":"standard","meta":{"footnotes":""},"categories":[298],"tags":[2222,584,2298,2412,3241,1824,10468,10469,4024,6931,676,2568],"class_list":["post-13403","post","type-post","status-publish","format-standard","has-post-thumbnail","hentry","category-belgique","tag-ameliore","tag-ans","tag-bayern","tag-beckenbauer","tag-buts","tag-depuis","tag-etabli","tag-gerd","tag-kompany","tag-muller","tag-par","tag-record","generate-columns","tablet-grid-50","mobile-grid-100","grid-parent","grid-33"],"yoast_head":"<!-- This site is optimized with the Yoast SEO plugin v24.0 - https:\/\/yoast.com\/wordpress\/plugins\/seo\/ -->\n<title>Le FC Bayern de Kompany am\u00e9liore le record de buts \u00e9tabli depuis 54 ans par Beckenbauer, Gerd M\u00fcller &amp; Co. | Vie Associative<\/title>\n<meta name=\"robots\" content=\"index, follow, max-snippet:-1, max-image-preview:large, max-video-preview:-1\" \/>\n<link rel=\"canonical\" href=\"https:\/\/vieassociative.be\/actualites\/le-fc-bayern-de-kompany-ameliore-le-record-de-buts-etabli-depuis-54-ans-par-beckenbauer-gerd-muller-co\/\" \/>\n<meta property=\"og:locale\" content=\"fr_FR\" \/>\n<meta property=\"og:type\" content=\"article\" \/>\n<meta property=\"og:title\" content=\"Le FC Bayern de Kompany am\u00e9liore le record de buts \u00e9tabli depuis 54 ans par Beckenbauer, Gerd M\u00fcller &amp; Co. | Vie Associative\" \/>\n<meta property=\"og:description\" content=\"Le record de buts en Bundesliga de la grande g\u00e9n\u00e9ration du Bayern autour de Franz Beckenbauer et Gerd M\u00fcller durait depuis 54 ans. Aujourd&rsquo;hui, l&rsquo;\u00e9quipe\" \/>\n<meta property=\"og:url\" content=\"https:\/\/vieassociative.be\/actualites\/le-fc-bayern-de-kompany-ameliore-le-record-de-buts-etabli-depuis-54-ans-par-beckenbauer-gerd-muller-co\/\" \/>\n<meta property=\"og:site_name\" content=\"Vie Associative\" \/>\n<meta property=\"article:published_time\" content=\"2026-04-11T21:17:21+00:00\" \/>\n<meta property=\"og:image\" content=\"https:\/\/vieassociative.be\/actualites\/wp-content\/uploads\/2024\/09\/header_backgroundk-01-e1726694325946.png\" \/>\n\t<meta property=\"og:image:width\" content=\"279\" \/>\n\t<meta property=\"og:image:height\" content=\"92\" \/>\n\t<meta property=\"og:image:type\" content=\"image\/png\" \/>\n<meta name=\"author\" content=\"Julien\" \/>\n<meta name=\"twitter:card\" content=\"summary_large_image\" \/>\n<meta name=\"twitter:label1\" content=\"\u00c9crit par\" \/>\n\t<meta name=\"twitter:data1\" content=\"Julien\" \/>\n\t<meta name=\"twitter:label2\" content=\"Dur\u00e9e de lecture est.\" \/>\n\t<meta name=\"twitter:data2\" content=\"2 minutes\" \/>\n<script type=\"application\/ld+json\" class=\"yoast-schema-graph\">{\"@context\":\"https:\/\/schema.org\",\"@graph\":[{\"@type\":\"Article\",\"@id\":\"https:\/\/vieassociative.be\/actualites\/le-fc-bayern-de-kompany-ameliore-le-record-de-buts-etabli-depuis-54-ans-par-beckenbauer-gerd-muller-co\/#article\",\"isPartOf\":{\"@id\":\"https:\/\/vieassociative.be\/actualites\/le-fc-bayern-de-kompany-ameliore-le-record-de-buts-etabli-depuis-54-ans-par-beckenbauer-gerd-muller-co\/\"},\"author\":{\"name\":\"Julien\",\"@id\":\"https:\/\/vieassociative.be\/actualites\/#\/schema\/person\/b87ac4f82f9d4e7b7cec7395b679edc4\"},\"headline\":\"Le FC Bayern de Kompany am\u00e9liore le record de buts \u00e9tabli depuis 54 ans par Beckenbauer, Gerd M\u00fcller &#038; Co.\",\"datePublished\":\"2026-04-11T21:17:21+00:00\",\"dateModified\":\"2026-04-11T21:17:21+00:00\",\"mainEntityOfPage\":{\"@id\":\"https:\/\/vieassociative.be\/actualites\/le-fc-bayern-de-kompany-ameliore-le-record-de-buts-etabli-depuis-54-ans-par-beckenbauer-gerd-muller-co\/\"},\"wordCount\":494,\"publisher\":{\"@id\":\"https:\/\/vieassociative.be\/actualites\/#organization\"},\"image\":{\"@id\":\"https:\/\/vieassociative.be\/actualites\/le-fc-bayern-de-kompany-ameliore-le-record-de-buts-etabli-depuis-54-ans-par-beckenbauer-gerd-muller-co\/#primaryimage\"},\"thumbnailUrl\":\"https:\/\/vieassociative.be\/actualites\/wp-content\/uploads\/2026\/04\/1775942242_Le-FC-Bayern-de-Kompany-ameliore-le-record-de-buts.jpg\",\"keywords\":[\"am\u00e9lior\u00e9\",\"ans\",\"Bayern\",\"Beckenbauer\",\"buts\",\"depuis\",\"\u00e9tabli\",\"Gerd\",\"Kompany\",\"M\u00fcller\",\"par\",\"record\"],\"articleSection\":[\"Belgique\"],\"inLanguage\":\"fr-BE\"},{\"@type\":\"WebPage\",\"@id\":\"https:\/\/vieassociative.be\/actualites\/le-fc-bayern-de-kompany-ameliore-le-record-de-buts-etabli-depuis-54-ans-par-beckenbauer-gerd-muller-co\/\",\"url\":\"https:\/\/vieassociative.be\/actualites\/le-fc-bayern-de-kompany-ameliore-le-record-de-buts-etabli-depuis-54-ans-par-beckenbauer-gerd-muller-co\/\",\"name\":\"Le FC Bayern de Kompany am\u00e9liore le record de buts \u00e9tabli depuis 54 ans par Beckenbauer, Gerd M\u00fcller & Co. | Vie Associative\",\"isPartOf\":{\"@id\":\"https:\/\/vieassociative.be\/actualites\/#website\"},\"primaryImageOfPage\":{\"@id\":\"https:\/\/vieassociative.be\/actualites\/le-fc-bayern-de-kompany-ameliore-le-record-de-buts-etabli-depuis-54-ans-par-beckenbauer-gerd-muller-co\/#primaryimage\"},\"image\":{\"@id\":\"https:\/\/vieassociative.be\/actualites\/le-fc-bayern-de-kompany-ameliore-le-record-de-buts-etabli-depuis-54-ans-par-beckenbauer-gerd-muller-co\/#primaryimage\"},\"thumbnailUrl\":\"https:\/\/vieassociative.be\/actualites\/wp-content\/uploads\/2026\/04\/1775942242_Le-FC-Bayern-de-Kompany-ameliore-le-record-de-buts.jpg\",\"datePublished\":\"2026-04-11T21:17:21+00:00\",\"dateModified\":\"2026-04-11T21:17:21+00:00\",\"breadcrumb\":{\"@id\":\"https:\/\/vieassociative.be\/actualites\/le-fc-bayern-de-kompany-ameliore-le-record-de-buts-etabli-depuis-54-ans-par-beckenbauer-gerd-muller-co\/#breadcrumb\"},\"inLanguage\":\"fr-BE\",\"potentialAction\":[{\"@type\":\"ReadAction\",\"target\":[\"https:\/\/vieassociative.be\/actualites\/le-fc-bayern-de-kompany-ameliore-le-record-de-buts-etabli-depuis-54-ans-par-beckenbauer-gerd-muller-co\/\"]}]},{\"@type\":\"ImageObject\",\"inLanguage\":\"fr-BE\",\"@id\":\"https:\/\/vieassociative.be\/actualites\/le-fc-bayern-de-kompany-ameliore-le-record-de-buts-etabli-depuis-54-ans-par-beckenbauer-gerd-muller-co\/#primaryimage\",\"url\":\"https:\/\/vieassociative.be\/actualites\/wp-content\/uploads\/2026\/04\/1775942242_Le-FC-Bayern-de-Kompany-ameliore-le-record-de-buts.jpg\",\"contentUrl\":\"https:\/\/vieassociative.be\/actualites\/wp-content\/uploads\/2026\/04\/1775942242_Le-FC-Bayern-de-Kompany-ameliore-le-record-de-buts.jpg\",\"width\":1200,\"height\":800,\"caption\":\"Le FC Bayern de Kompany am\u00e9liore le record de buts \u00e9tabli depuis 54 ans par Beckenbauer, Gerd M\u00fcller & Co.\"},{\"@type\":\"BreadcrumbList\",\"@id\":\"https:\/\/vieassociative.be\/actualites\/le-fc-bayern-de-kompany-ameliore-le-record-de-buts-etabli-depuis-54-ans-par-beckenbauer-gerd-muller-co\/#breadcrumb\",\"itemListElement\":[{\"@type\":\"ListItem\",\"position\":1,\"name\":\"Accueil\",\"item\":\"https:\/\/vieassociative.be\/actualites\/\"},{\"@type\":\"ListItem\",\"position\":2,\"name\":\"Le FC Bayern de Kompany am\u00e9liore le record de buts \u00e9tabli depuis 54 ans par Beckenbauer, Gerd M\u00fcller &#038; Co.\"}]},{\"@type\":\"WebSite\",\"@id\":\"https:\/\/vieassociative.be\/actualites\/#website\",\"url\":\"https:\/\/vieassociative.be\/actualites\/\",\"name\":\"Vie Associative\",\"description\":\"\",\"publisher\":{\"@id\":\"https:\/\/vieassociative.be\/actualites\/#organization\"},\"potentialAction\":[{\"@type\":\"SearchAction\",\"target\":{\"@type\":\"EntryPoint\",\"urlTemplate\":\"https:\/\/vieassociative.be\/actualites\/?s={search_term_string}\"},\"query-input\":{\"@type\":\"PropertyValueSpecification\",\"valueRequired\":true,\"valueName\":\"search_term_string\"}}],\"inLanguage\":\"fr-BE\"},{\"@type\":\"Organization\",\"@id\":\"https:\/\/vieassociative.be\/actualites\/#organization\",\"name\":\"Vie Associative\",\"url\":\"https:\/\/vieassociative.be\/actualites\/\",\"logo\":{\"@type\":\"ImageObject\",\"inLanguage\":\"fr-BE\",\"@id\":\"https:\/\/vieassociative.be\/actualites\/#\/schema\/logo\/image\/\",\"url\":\"https:\/\/vieassociative.be\/actualites\/wp-content\/uploads\/2024\/09\/cropped-vieassociative_favicon.ico.png\",\"contentUrl\":\"https:\/\/vieassociative.be\/actualites\/wp-content\/uploads\/2024\/09\/cropped-vieassociative_favicon.ico.png\",\"width\":512,\"height\":512,\"caption\":\"Vie Associative\"},\"image\":{\"@id\":\"https:\/\/vieassociative.be\/actualites\/#\/schema\/logo\/image\/\"}},{\"@type\":\"Person\",\"@id\":\"https:\/\/vieassociative.be\/actualites\/#\/schema\/person\/b87ac4f82f9d4e7b7cec7395b679edc4\",\"name\":\"Julien\",\"image\":{\"@type\":\"ImageObject\",\"inLanguage\":\"fr-BE\",\"@id\":\"https:\/\/vieassociative.be\/actualites\/#\/schema\/person\/image\/\",\"url\":\"https:\/\/vieassociative.be\/actualites\/wp-content\/uploads\/2024\/09\/vie-associative-1-150x150.jpg\",\"contentUrl\":\"https:\/\/vieassociative.be\/actualites\/wp-content\/uploads\/2024\/09\/vie-associative-1-150x150.jpg\",\"caption\":\"Julien\"},\"description\":\"Je suis Julien, r\u00e9dacteur pour Vie Associative. Passionn\u00e9 par le monde associatif depuis plus de 10 ans, j'ai \u00e0 c\u0153ur de partager des histoires inspirantes et de mettre en lumi\u00e8re les initiatives locales. Mon objectif est de sensibiliser et d'encourager l'engagement communautaire \u00e0 travers mes articles.\",\"sameAs\":[\"https:\/\/vieassociative.be\/\"]}]}<\/script>\n<!-- \/ Yoast SEO plugin. -->","yoast_head_json":{"title":"Le FC Bayern de Kompany am\u00e9liore le record de buts \u00e9tabli depuis 54 ans par Beckenbauer, Gerd M\u00fcller & Co. | Vie Associative","robots":{"index":"index","follow":"follow","max-snippet":"max-snippet:-1","max-image-preview":"max-image-preview:large","max-video-preview":"max-video-preview:-1"},"canonical":"https:\/\/vieassociative.be\/actualites\/le-fc-bayern-de-kompany-ameliore-le-record-de-buts-etabli-depuis-54-ans-par-beckenbauer-gerd-muller-co\/","og_locale":"fr_FR","og_type":"article","og_title":"Le FC Bayern de Kompany am\u00e9liore le record de buts \u00e9tabli depuis 54 ans par Beckenbauer, Gerd M\u00fcller & Co. | Vie Associative","og_description":"Le record de buts en Bundesliga de la grande g\u00e9n\u00e9ration du Bayern autour de Franz Beckenbauer et Gerd M\u00fcller durait depuis 54 ans. Aujourd&rsquo;hui, l&rsquo;\u00e9quipe","og_url":"https:\/\/vieassociative.be\/actualites\/le-fc-bayern-de-kompany-ameliore-le-record-de-buts-etabli-depuis-54-ans-par-beckenbauer-gerd-muller-co\/","og_site_name":"Vie Associative","article_published_time":"2026-04-11T21:17:21+00:00","og_image":[{"width":279,"height":92,"url":"https:\/\/vieassociative.be\/actualites\/wp-content\/uploads\/2024\/09\/header_backgroundk-01-e1726694325946.png","type":"image\/png"}],"author":"Julien","twitter_card":"summary_large_image","twitter_misc":{"\u00c9crit par":"Julien","Dur\u00e9e de lecture est.":"2 minutes"},"schema":{"@context":"https:\/\/schema.org","@graph":[{"@type":"Article","@id":"https:\/\/vieassociative.be\/actualites\/le-fc-bayern-de-kompany-ameliore-le-record-de-buts-etabli-depuis-54-ans-par-beckenbauer-gerd-muller-co\/#article","isPartOf":{"@id":"https:\/\/vieassociative.be\/actualites\/le-fc-bayern-de-kompany-ameliore-le-record-de-buts-etabli-depuis-54-ans-par-beckenbauer-gerd-muller-co\/"},"author":{"name":"Julien","@id":"https:\/\/vieassociative.be\/actualites\/#\/schema\/person\/b87ac4f82f9d4e7b7cec7395b679edc4"},"headline":"Le FC Bayern de Kompany am\u00e9liore le record de buts \u00e9tabli depuis 54 ans par Beckenbauer, Gerd M\u00fcller &#038; Co.","datePublished":"2026-04-11T21:17:21+00:00","dateModified":"2026-04-11T21:17:21+00:00","mainEntityOfPage":{"@id":"https:\/\/vieassociative.be\/actualites\/le-fc-bayern-de-kompany-ameliore-le-record-de-buts-etabli-depuis-54-ans-par-beckenbauer-gerd-muller-co\/"},"wordCount":494,"publisher":{"@id":"https:\/\/vieassociative.be\/actualites\/#organization"},"image":{"@id":"https:\/\/vieassociative.be\/actualites\/le-fc-bayern-de-kompany-ameliore-le-record-de-buts-etabli-depuis-54-ans-par-beckenbauer-gerd-muller-co\/#primaryimage"},"thumbnailUrl":"https:\/\/vieassociative.be\/actualites\/wp-content\/uploads\/2026\/04\/1775942242_Le-FC-Bayern-de-Kompany-ameliore-le-record-de-buts.jpg","keywords":["am\u00e9lior\u00e9","ans","Bayern","Beckenbauer","buts","depuis","\u00e9tabli","Gerd","Kompany","M\u00fcller","par","record"],"articleSection":["Belgique"],"inLanguage":"fr-BE"},{"@type":"WebPage","@id":"https:\/\/vieassociative.be\/actualites\/le-fc-bayern-de-kompany-ameliore-le-record-de-buts-etabli-depuis-54-ans-par-beckenbauer-gerd-muller-co\/","url":"https:\/\/vieassociative.be\/actualites\/le-fc-bayern-de-kompany-ameliore-le-record-de-buts-etabli-depuis-54-ans-par-beckenbauer-gerd-muller-co\/","name":"Le FC Bayern de Kompany am\u00e9liore le record de buts \u00e9tabli depuis 54 ans par Beckenbauer, Gerd M\u00fcller & Co. | Vie Associative","isPartOf":{"@id":"https:\/\/vieassociative.be\/actualites\/#website"},"primaryImageOfPage":{"@id":"https:\/\/vieassociative.be\/actualites\/le-fc-bayern-de-kompany-ameliore-le-record-de-buts-etabli-depuis-54-ans-par-beckenbauer-gerd-muller-co\/#primaryimage"},"image":{"@id":"https:\/\/vieassociative.be\/actualites\/le-fc-bayern-de-kompany-ameliore-le-record-de-buts-etabli-depuis-54-ans-par-beckenbauer-gerd-muller-co\/#primaryimage"},"thumbnailUrl":"https:\/\/vieassociative.be\/actualites\/wp-content\/uploads\/2026\/04\/1775942242_Le-FC-Bayern-de-Kompany-ameliore-le-record-de-buts.jpg","datePublished":"2026-04-11T21:17:21+00:00","dateModified":"2026-04-11T21:17:21+00:00","breadcrumb":{"@id":"https:\/\/vieassociative.be\/actualites\/le-fc-bayern-de-kompany-ameliore-le-record-de-buts-etabli-depuis-54-ans-par-beckenbauer-gerd-muller-co\/#breadcrumb"},"inLanguage":"fr-BE","potentialAction":[{"@type":"ReadAction","target":["https:\/\/vieassociative.be\/actualites\/le-fc-bayern-de-kompany-ameliore-le-record-de-buts-etabli-depuis-54-ans-par-beckenbauer-gerd-muller-co\/"]}]},{"@type":"ImageObject","inLanguage":"fr-BE","@id":"https:\/\/vieassociative.be\/actualites\/le-fc-bayern-de-kompany-ameliore-le-record-de-buts-etabli-depuis-54-ans-par-beckenbauer-gerd-muller-co\/#primaryimage","url":"https:\/\/vieassociative.be\/actualites\/wp-content\/uploads\/2026\/04\/1775942242_Le-FC-Bayern-de-Kompany-ameliore-le-record-de-buts.jpg","contentUrl":"https:\/\/vieassociative.be\/actualites\/wp-content\/uploads\/2026\/04\/1775942242_Le-FC-Bayern-de-Kompany-ameliore-le-record-de-buts.jpg","width":1200,"height":800,"caption":"Le FC Bayern de Kompany am\u00e9liore le record de buts \u00e9tabli depuis 54 ans par Beckenbauer, Gerd M\u00fcller & Co."},{"@type":"BreadcrumbList","@id":"https:\/\/vieassociative.be\/actualites\/le-fc-bayern-de-kompany-ameliore-le-record-de-buts-etabli-depuis-54-ans-par-beckenbauer-gerd-muller-co\/#breadcrumb","itemListElement":[{"@type":"ListItem","position":1,"name":"Accueil","item":"https:\/\/vieassociative.be\/actualites\/"},{"@type":"ListItem","position":2,"name":"Le FC Bayern de Kompany am\u00e9liore le record de buts \u00e9tabli depuis 54 ans par Beckenbauer, Gerd M\u00fcller &#038; Co."}]},{"@type":"WebSite","@id":"https:\/\/vieassociative.be\/actualites\/#website","url":"https:\/\/vieassociative.be\/actualites\/","name":"Vie Associative","description":"","publisher":{"@id":"https:\/\/vieassociative.be\/actualites\/#organization"},"potentialAction":[{"@type":"SearchAction","target":{"@type":"EntryPoint","urlTemplate":"https:\/\/vieassociative.be\/actualites\/?s={search_term_string}"},"query-input":{"@type":"PropertyValueSpecification","valueRequired":true,"valueName":"search_term_string"}}],"inLanguage":"fr-BE"},{"@type":"Organization","@id":"https:\/\/vieassociative.be\/actualites\/#organization","name":"Vie Associative","url":"https:\/\/vieassociative.be\/actualites\/","logo":{"@type":"ImageObject","inLanguage":"fr-BE","@id":"https:\/\/vieassociative.be\/actualites\/#\/schema\/logo\/image\/","url":"https:\/\/vieassociative.be\/actualites\/wp-content\/uploads\/2024\/09\/cropped-vieassociative_favicon.ico.png","contentUrl":"https:\/\/vieassociative.be\/actualites\/wp-content\/uploads\/2024\/09\/cropped-vieassociative_favicon.ico.png","width":512,"height":512,"caption":"Vie Associative"},"image":{"@id":"https:\/\/vieassociative.be\/actualites\/#\/schema\/logo\/image\/"}},{"@type":"Person","@id":"https:\/\/vieassociative.be\/actualites\/#\/schema\/person\/b87ac4f82f9d4e7b7cec7395b679edc4","name":"Julien","image":{"@type":"ImageObject","inLanguage":"fr-BE","@id":"https:\/\/vieassociative.be\/actualites\/#\/schema\/person\/image\/","url":"https:\/\/vieassociative.be\/actualites\/wp-content\/uploads\/2024\/09\/vie-associative-1-150x150.jpg","contentUrl":"https:\/\/vieassociative.be\/actualites\/wp-content\/uploads\/2024\/09\/vie-associative-1-150x150.jpg","caption":"Julien"},"description":"Je suis Julien, r\u00e9dacteur pour Vie Associative. Passionn\u00e9 par le monde associatif depuis plus de 10 ans, j'ai \u00e0 c\u0153ur de partager des histoires inspirantes et de mettre en lumi\u00e8re les initiatives locales. Mon objectif est de sensibiliser et d'encourager l'engagement communautaire \u00e0 travers mes articles.","sameAs":["https:\/\/vieassociative.be\/"]}]}},"_links":{"self":[{"href":"https:\/\/vieassociative.be\/actualites\/wp-json\/wp\/v2\/posts\/13403"}],"collection":[{"href":"https:\/\/vieassociative.be\/actualites\/wp-json\/wp\/v2\/posts"}],"about":[{"href":"https:\/\/vieassociative.be\/actualites\/wp-json\/wp\/v2\/types\/post"}],"author":[{"embeddable":true,"href":"https:\/\/vieassociative.be\/actualites\/wp-json\/wp\/v2\/users\/1"}],"replies":[{"embeddable":true,"href":"https:\/\/vieassociative.be\/actualites\/wp-json\/wp\/v2\/comments?post=13403"}],"version-history":[{"count":0,"href":"https:\/\/vieassociative.be\/actualites\/wp-json\/wp\/v2\/posts\/13403\/revisions"}],"wp:featuredmedia":[{"embeddable":true,"href":"https:\/\/vieassociative.be\/actualites\/wp-json\/wp\/v2\/media\/13404"}],"wp:attachment":[{"href":"https:\/\/vieassociative.be\/actualites\/wp-json\/wp\/v2\/media?parent=13403"}],"wp:term":[{"taxonomy":"category","embeddable":true,"href":"https:\/\/vieassociative.be\/actualites\/wp-json\/wp\/v2\/categories?post=13403"},{"taxonomy":"post_tag","embeddable":true,"href":"https:\/\/vieassociative.be\/actualites\/wp-json\/wp\/v2\/tags?post=13403"}],"curies":[{"name":"wp","href":"https:\/\/api.w.org\/{rel}","templated":true}]}}