{"id":13399,"date":"2026-04-11T17:17:31","date_gmt":"2026-04-11T15:17:31","guid":{"rendered":"https:\/\/vieassociative.be\/actualites\/40-ans-de-tchernobyl-la-catastrophe-nucleaire-est-profondement-gravee-dans-la-memoire-collective-europeenne\/"},"modified":"2026-04-11T17:17:31","modified_gmt":"2026-04-11T15:17:31","slug":"40-ans-de-tchernobyl-la-catastrophe-nucleaire-est-profondement-gravee-dans-la-memoire-collective-europeenne","status":"publish","type":"post","link":"https:\/\/vieassociative.be\/actualites\/40-ans-de-tchernobyl-la-catastrophe-nucleaire-est-profondement-gravee-dans-la-memoire-collective-europeenne\/","title":{"rendered":"40 ans de Tchernobyl : la catastrophe nucl\u00e9aire est profond\u00e9ment grav\u00e9e dans la m\u00e9moire collective europ\u00e9enne"},"content":{"rendered":"<p><strong>Le 26 avril marque le 40e anniversaire de la catastrophe nucl\u00e9aire de Tchernobyl, un \u00e9v\u00e9nement profond\u00e9ment grav\u00e9 dans la m\u00e9moire collective de l&rsquo;Europe et du monde.<\/strong><\/p>\n<p><span id=\"more-438350\"><\/span>Le 26 avril 1986, il \u00e9tait pr\u00e9vu de v\u00e9rifier la s\u00fbret\u00e9 du r\u00e9acteur de la tranche 4 de la centrale nucl\u00e9aire de Tchernobyl. Ils voulaient simuler une panne de courant pour prouver que la centrale nucl\u00e9aire elle-m\u00eame pouvait produire suffisamment d\u2019\u00e9lectricit\u00e9 pour maintenir le fonctionnement du syst\u00e8me de refroidissement d\u2019urgence. Cependant, le test pr\u00e9vu est devenu compl\u00e8tement incontr\u00f4lable en raison d&rsquo;erreurs de fonctionnement et de d\u00e9fauts de conception du r\u00e9acteur.<\/p>\n<div id=\"attachment_438354\" class=\"wp-caption alignleft\" style=\"max-width: 300px\"><img fetchpriority=\"high\" decoding=\"async\" class=\"wp-image-438354 size-medium\" src=\"https:\/\/vieassociative.be\/actualites\/wp-content\/uploads\/2026\/04\/40-ans-de-Tchernobyl-la-catastrophe-nucleaire-est-profondement.jpg\" alt=\"\" width=\"300\" height=\"200\"><\/div>\n<p>Au total, 150 000 km\u00b2 en Bi\u00e9lorussie, en Ukraine et en Russie ont \u00e9t\u00e9 contamin\u00e9s radioactivement par l&rsquo;accident du r\u00e9acteur de Tchernobyl. Une zone dans laquelle vivaient \u00e0 l\u2019\u00e9poque cinq millions de personnes. Plus de 330 000 personnes vivant \u00e0 proximit\u00e9 imm\u00e9diate du r\u00e9acteur ont d\u00fb \u00eatre \u00e9vacu\u00e9es. En raison des conditions m\u00e9t\u00e9orologiques, 45 000 km\u00b2 suppl\u00e9mentaires \u00e0 travers l&rsquo;Europe ont \u00e9t\u00e9 contamin\u00e9s par la radioactivit\u00e9. Certaines cons\u00e9quences de la catastrophe se font encore sentir aujourd\u2019hui.<\/p>\n<p>Les pompiers et les ouvriers des centrales \u00e9lectriques ont risqu\u00e9 leur vie pour combattre les flammes, souvent sans se rendre compte des radiations mortelles. Beaucoup d\u2019entre eux ont pay\u00e9 leurs efforts par de graves maladies ou par la mort.<\/p>\n<p>\u00ab Nous ne savions pas que nous luttions contre la mort elle-m\u00eame \u00bb, telle est la phrase fr\u00e9quemment cit\u00e9e par l\u2019un des pompiers impliqu\u00e9s \u2013 un puissant t\u00e9moignage de l\u2019ignorance et de la volont\u00e9 de sacrifice de l\u2019\u00e9poque.<\/p>\n<div id=\"attachment_438358\" class=\"wp-caption alignleft\" style=\"max-width: 300px\"><img decoding=\"async\" class=\"wp-image-438358 size-medium\" src=\"https:\/\/vieassociative.be\/actualites\/wp-content\/uploads\/2026\/04\/1775920650_478_40-ans-de-Tchernobyl-la-catastrophe-nucleaire-est-profondement.jpg\" alt=\"\" width=\"300\" height=\"225\"><\/div>\n<p>Mais Tchernobyl n\u2019\u00e9tait pas seulement une trag\u00e9die r\u00e9gionale. Des nuages \u200b\u200bradioactifs ont balay\u00e9 une grande partie de l\u2019Europe, transformant la catastrophe en un \u00e9v\u00e9nement mondial. Cela a \u00e9branl\u00e9 la confiance dans la s\u00e9curit\u00e9 de l\u2019\u00e9nergie nucl\u00e9aire et a donn\u00e9 lieu \u00e0 d\u2019intenses d\u00e9bats partout dans le monde sur les risques, la transparence et la responsabilit\u00e9.<\/p>\n<p>R\u00e9trospectivement, Mikha\u00efl Gorbatchev, alors chef de l\u2019\u00c9tat sovi\u00e9tique, a m\u00eame d\u00e9crit Tchernobyl comme un possible tournant de l\u2019histoire : \u00ab Tchernobyl a peut-\u00eatre \u00e9t\u00e9 la v\u00e9ritable cause de l\u2019effondrement de l\u2019Union sovi\u00e9tique. \u00bb<\/p>\n<p>Quatre d\u00e9cennies plus tard, Tchernobyl reste \u00e0 la fois un souvenir et un lieu de m\u00e9moire. La laur\u00e9ate bi\u00e9lorusse du prix Nobel, Svetlana Alexievitch, a exprim\u00e9 l\u2019ampleur de la catastrophe avec des mots qui r\u00e9sonnent encore aujourd\u2019hui : \u00ab Tchernobyl n\u2019est pas seulement une catastrophe, c\u2019est un monde diff\u00e9rent. \u00bb<\/p>\n<p>La nature a r\u00e9cup\u00e9r\u00e9 des parties de la zone abandonn\u00e9e, mais le danger invisible des radiations demeure. La catastrophe nous rappelle brutalement les cons\u00e9quences que l\u2019erreur humaine peut avoir lorsqu\u2019il s\u2019agit de technologies complexes \u2013 et combien il est important de tirer les le\u00e7ons de l\u2019histoire pour minimiser les risques futurs.<\/p>\n<h3>R\u00e9acteur 4 aujourd&rsquo;hui entre ruines, b\u00e2timent de protection et zone d&rsquo;exclusion<\/h3>\n<p>Aujourd&rsquo;hui, sur le site de la tranche 4 d\u00e9truite du r\u00e9acteur de Tchernobyl, il y a une image \u00e0 la fois inqui\u00e9tante et techniquement impressionnante. Les ruines originales du r\u00e9acteur explos\u00e9 ne sont pas visibles librement : elles sont situ\u00e9es \u00e0 l&rsquo;int\u00e9rieur d&rsquo;une immense coque de protection, appel\u00e9e \u00ab\u00a0New Safe Confinement\u00a0\u00bb (NSC).<\/p>\n<div id=\"attachment_95531\" class=\"wp-caption alignleft\" style=\"max-width: 300px\"><img decoding=\"async\" class=\"wp-image-95531 size-medium\" src=\"https:\/\/vieassociative.be\/actualites\/wp-content\/uploads\/2026\/04\/40-ans-de-Tchernobyl-la-catastrophe-nucleaire-est-profondement.jpeg\" alt=\"\" width=\"300\" height=\"201\"  ><\/div>\n<p>Cette immense structure en arc d&rsquo;acier, qui a \u00e9t\u00e9 pouss\u00e9e sur l&rsquo;ancien et fragile sarcophage en 2016, enjambe enti\u00e8rement le r\u00e9acteur d\u00e9truit. Il mesure plus de 100 m\u00e8tres de haut et constitue l\u2019une des plus grandes structures mobiles au monde. Leur t\u00e2che est de contenir les radiations radioactives encore pr\u00e9sentes et en m\u00eame temps de permettre le d\u00e9mant\u00e8lement contr\u00f4l\u00e9 de l&rsquo;ancienne structure.<\/p>\n<p>\u00c0 l\u2019int\u00e9rieur de cette coque se trouve toujours le \u00ab sarcophage \u00bb original en b\u00e9ton et en acier, construit \u00e0 la h\u00e2te peu apr\u00e8s la catastrophe. Ci-dessous se trouvent les restes du c\u0153ur du r\u00e9acteur \u2013 un m\u00e9lange de combustible fondu, de m\u00e9tal et de b\u00e9ton, souvent appel\u00e9 \u00ab lave \u00bb. Ces mat\u00e9riaux sont encore aujourd\u2019hui hautement radioactifs.<\/p>\n<p>Les environs imm\u00e9diats appartiennent \u00e0 ce que l&rsquo;on appelle la zone d&rsquo;exclusion. La ville abandonn\u00e9e de Pripyat, qui abritait autrefois pr\u00e8s de 50 000 habitants, est aujourd&rsquo;hui une ville fant\u00f4me : les b\u00e2timents envahis par la v\u00e9g\u00e9tation, les \u00e9coles en ruine et la c\u00e9l\u00e8bre grande roue, qui n&rsquo;a jamais \u00e9t\u00e9 mise en service, sont les t\u00e9moins silencieux des \u00e9v\u00e9nements de 1986. Dans le m\u00eame temps, la nature a reconquis de grandes parties de la r\u00e9gion, avec une faune \u00e9tonnamment diversifi\u00e9e.<\/p>\n<p>L&rsquo;acc\u00e8s au r\u00e9acteur lui-m\u00eame est strictement r\u00e9glement\u00e9 et n&rsquo;est possible que pour du personnel sp\u00e9cialis\u00e9. Les visiteurs peuvent acc\u00e9der \u00e0 l&rsquo;installation lors de visites guid\u00e9es, mais uniquement dans le respect des distances de s\u00e9curit\u00e9 sp\u00e9cifi\u00e9es. Les appareils de mesure montrent que le rayonnement fluctue consid\u00e9rablement : m\u00eame s&rsquo;il est aujourd&rsquo;hui relativement faible dans de nombreuses r\u00e9gions, il existe encore des \u00ab points chauds \u00bb pr\u00e9sentant des niveaux dangereusement \u00e9lev\u00e9s.<\/p>\n<p>Aujourd\u2019hui, le r\u00e9acteur 4 repr\u00e9sente une situation paradoxale : c\u2019est \u00e0 la fois un lieu de danger permanent et un symbole de la mani\u00e8re dont la technologie est utilis\u00e9e pour au moins contenir les cons\u00e9quences de l\u2019une des pires catastrophes nucl\u00e9aires de l\u2019histoire.<\/p>\n<h3>La catastrophe devient un \u00e9v\u00e9nement t\u00e9l\u00e9vis\u00e9<\/h3>\n<p>A l&rsquo;occasion de cet anniversaire, de nombreuses cha\u00eenes de t\u00e9l\u00e9vision se consacrent \u00e9galement au sujet : avec des documentaires, des reportages et des t\u00e9moignages contemporains, la catastrophe dite de Tchernobyl est r\u00e9examin\u00e9e et port\u00e9e \u00e0 l&rsquo;attention du grand public.<\/p>\n<div id=\"attachment_438346\" class=\"wp-caption alignleft\" style=\"max-width: 300px\"><img loading=\"lazy\" decoding=\"async\" class=\"wp-image-438346 size-medium\" src=\"https:\/\/vieassociative.be\/actualites\/wp-content\/uploads\/2026\/04\/1775920650_322_40-ans-de-Tchernobyl-la-catastrophe-nucleaire-est-profondement.jpg\" alt=\"\" width=\"300\" height=\"201\"><\/div>\n<p>Le film ARD \u00ab Tchernobyl 86 \u2013 La catastrophe \u00bb de Volker Heise (\u00ab Gladbeck \u00bb) donne un regard allemand particulier sur l&rsquo;\u00e9v\u00e9nement qui s&rsquo;est produit en Ukraine peu avant l&rsquo;effondrement de l&rsquo;Union sovi\u00e9tique (dans le premier lin\u00e9aire le 13 avril \u00e0 23h05 ; \u00e9galement dans la m\u00e9diath\u00e8que ARD \u00e0 partir du 13 avril).<\/p>\n<p>A l&rsquo;occasion de cet anniversaire, ZDF diffuse la mini-s\u00e9rie en quatre parties \u00ab Tchernobyl \u2013 La catastrophe \u00bb de 2023. Et sur Arte \u00e0 partir du 14 avril (20h15) et dans la m\u00e9diath\u00e8que, la s\u00e9rie britannique en trois parties \u00ab Tchernobyl \u2013 The Insider Report \u00bb sera diffus\u00e9e pour la premi\u00e8re fois, dans laquelle des t\u00e9moins oculaires d\u00e9crivent leur point de vue.<\/p>\n<p>Mais l\u2019histoire de la catastrophe n\u2019est pas encore racont\u00e9e. Il existe encore aujourd\u2019hui une zone d\u2019exclusion de 30 kilom\u00e8tres strictement gard\u00e9e autour du r\u00e9acteur \u2013 qui fait r\u00e9guli\u00e8rement la une des journaux en raison des incendies de for\u00eat et de la guerre d\u2019agression russe contre l\u2019Ukraine.<\/p>\n<p>Peu apr\u00e8s le d\u00e9but de la guerre d\u2019agression russe en f\u00e9vrier 2022, les troupes russes ont temporairement pris le contr\u00f4le du site de la centrale nucl\u00e9aire. En 2025, l\u2019obus construit pour prot\u00e9ger le si\u00e8cle a \u00e9t\u00e9 endommag\u00e9 par une attaque de drone russe. La Banque europ\u00e9enne pour la reconstruction et le d\u00e9veloppement (BERD) estime le co\u00fbt des r\u00e9parations \u00e0 un demi-milliard d&rsquo;euros. Il n\u2019y a pas de paix en vue qui pourrait \u00e9galement \u00e9carter le danger qui p\u00e8se sur Tchernobyl et d\u2019autres centrales nucl\u00e9aires en Ukraine. (cr\u00e9\/dpa)<\/p>\n","protected":false},"excerpt":{"rendered":"<p>Le 26 avril marque le 40e anniversaire de la catastrophe nucl\u00e9aire de Tchernobyl, un \u00e9v\u00e9nement profond\u00e9ment grav\u00e9 dans la m\u00e9moire collective de l&rsquo;Europe et du<\/p>\n","protected":false},"author":1,"featured_media":13400,"comment_status":"","ping_status":"","sticky":false,"template":"","format":"standard","meta":{"footnotes":""},"categories":[298],"tags":[584,1776,10465,166,76,3561,10464,2419,7035,10421,10463],"class_list":["post-13399","post","type-post","status-publish","format-standard","has-post-thumbnail","hentry","category-belgique","tag-ans","tag-catastrophe","tag-collective","tag-dans","tag-est","tag-europeenne","tag-gravee","tag-memoire","tag-nucleaire","tag-profondement","tag-tchernobyl","generate-columns","tablet-grid-50","mobile-grid-100","grid-parent","grid-33"],"yoast_head":"<!-- This site is optimized with the Yoast SEO plugin v24.0 - https:\/\/yoast.com\/wordpress\/plugins\/seo\/ -->\n<title>40 ans de Tchernobyl : la catastrophe nucl\u00e9aire est profond\u00e9ment grav\u00e9e dans la m\u00e9moire collective europ\u00e9enne | Vie Associative<\/title>\n<meta name=\"robots\" content=\"index, follow, max-snippet:-1, max-image-preview:large, max-video-preview:-1\" \/>\n<link rel=\"canonical\" href=\"https:\/\/vieassociative.be\/actualites\/40-ans-de-tchernobyl-la-catastrophe-nucleaire-est-profondement-gravee-dans-la-memoire-collective-europeenne\/\" \/>\n<meta property=\"og:locale\" content=\"fr_FR\" \/>\n<meta property=\"og:type\" content=\"article\" \/>\n<meta property=\"og:title\" content=\"40 ans de Tchernobyl : la catastrophe nucl\u00e9aire est profond\u00e9ment grav\u00e9e dans la m\u00e9moire collective europ\u00e9enne | Vie Associative\" \/>\n<meta property=\"og:description\" content=\"Le 26 avril marque le 40e anniversaire de la catastrophe nucl\u00e9aire de Tchernobyl, un \u00e9v\u00e9nement profond\u00e9ment grav\u00e9 dans la m\u00e9moire collective de l&rsquo;Europe et du\" \/>\n<meta property=\"og:url\" content=\"https:\/\/vieassociative.be\/actualites\/40-ans-de-tchernobyl-la-catastrophe-nucleaire-est-profondement-gravee-dans-la-memoire-collective-europeenne\/\" \/>\n<meta property=\"og:site_name\" content=\"Vie Associative\" \/>\n<meta property=\"article:published_time\" content=\"2026-04-11T15:17:31+00:00\" \/>\n<meta property=\"og:image\" content=\"https:\/\/vieassociative.be\/actualites\/wp-content\/uploads\/2024\/09\/header_backgroundk-01-e1726694325946.png\" \/>\n\t<meta property=\"og:image:width\" content=\"279\" \/>\n\t<meta property=\"og:image:height\" content=\"92\" \/>\n\t<meta property=\"og:image:type\" content=\"image\/png\" \/>\n<meta name=\"author\" content=\"Julien\" \/>\n<meta name=\"twitter:card\" content=\"summary_large_image\" \/>\n<meta name=\"twitter:label1\" content=\"\u00c9crit par\" \/>\n\t<meta name=\"twitter:data1\" content=\"Julien\" \/>\n\t<meta name=\"twitter:label2\" content=\"Dur\u00e9e de lecture est.\" \/>\n\t<meta name=\"twitter:data2\" content=\"6 minutes\" \/>\n<script type=\"application\/ld+json\" class=\"yoast-schema-graph\">{\"@context\":\"https:\/\/schema.org\",\"@graph\":[{\"@type\":\"Article\",\"@id\":\"https:\/\/vieassociative.be\/actualites\/40-ans-de-tchernobyl-la-catastrophe-nucleaire-est-profondement-gravee-dans-la-memoire-collective-europeenne\/#article\",\"isPartOf\":{\"@id\":\"https:\/\/vieassociative.be\/actualites\/40-ans-de-tchernobyl-la-catastrophe-nucleaire-est-profondement-gravee-dans-la-memoire-collective-europeenne\/\"},\"author\":{\"name\":\"Julien\",\"@id\":\"https:\/\/vieassociative.be\/actualites\/#\/schema\/person\/b87ac4f82f9d4e7b7cec7395b679edc4\"},\"headline\":\"40 ans de Tchernobyl : la catastrophe nucl\u00e9aire est profond\u00e9ment grav\u00e9e dans la m\u00e9moire collective europ\u00e9enne\",\"datePublished\":\"2026-04-11T15:17:31+00:00\",\"dateModified\":\"2026-04-11T15:17:31+00:00\",\"mainEntityOfPage\":{\"@id\":\"https:\/\/vieassociative.be\/actualites\/40-ans-de-tchernobyl-la-catastrophe-nucleaire-est-profondement-gravee-dans-la-memoire-collective-europeenne\/\"},\"wordCount\":1285,\"publisher\":{\"@id\":\"https:\/\/vieassociative.be\/actualites\/#organization\"},\"image\":{\"@id\":\"https:\/\/vieassociative.be\/actualites\/40-ans-de-tchernobyl-la-catastrophe-nucleaire-est-profondement-gravee-dans-la-memoire-collective-europeenne\/#primaryimage\"},\"thumbnailUrl\":\"https:\/\/vieassociative.be\/actualites\/wp-content\/uploads\/2026\/04\/1775920652_40-ans-de-Tchernobyl-la-catastrophe-nucleaire-est-profondement.jpg\",\"keywords\":[\"ans\",\"catastrophe\",\"collective\",\"dans\",\"est\",\"europ\u00e9enne\",\"grav\u00e9e\",\"m\u00e9moire\",\"nucl\u00e9aire\",\"profond\u00e9ment\",\"Tchernobyl\"],\"articleSection\":[\"Belgique\"],\"inLanguage\":\"fr-BE\"},{\"@type\":\"WebPage\",\"@id\":\"https:\/\/vieassociative.be\/actualites\/40-ans-de-tchernobyl-la-catastrophe-nucleaire-est-profondement-gravee-dans-la-memoire-collective-europeenne\/\",\"url\":\"https:\/\/vieassociative.be\/actualites\/40-ans-de-tchernobyl-la-catastrophe-nucleaire-est-profondement-gravee-dans-la-memoire-collective-europeenne\/\",\"name\":\"40 ans de Tchernobyl : la catastrophe nucl\u00e9aire est profond\u00e9ment grav\u00e9e dans la m\u00e9moire collective europ\u00e9enne | Vie Associative\",\"isPartOf\":{\"@id\":\"https:\/\/vieassociative.be\/actualites\/#website\"},\"primaryImageOfPage\":{\"@id\":\"https:\/\/vieassociative.be\/actualites\/40-ans-de-tchernobyl-la-catastrophe-nucleaire-est-profondement-gravee-dans-la-memoire-collective-europeenne\/#primaryimage\"},\"image\":{\"@id\":\"https:\/\/vieassociative.be\/actualites\/40-ans-de-tchernobyl-la-catastrophe-nucleaire-est-profondement-gravee-dans-la-memoire-collective-europeenne\/#primaryimage\"},\"thumbnailUrl\":\"https:\/\/vieassociative.be\/actualites\/wp-content\/uploads\/2026\/04\/1775920652_40-ans-de-Tchernobyl-la-catastrophe-nucleaire-est-profondement.jpg\",\"datePublished\":\"2026-04-11T15:17:31+00:00\",\"dateModified\":\"2026-04-11T15:17:31+00:00\",\"breadcrumb\":{\"@id\":\"https:\/\/vieassociative.be\/actualites\/40-ans-de-tchernobyl-la-catastrophe-nucleaire-est-profondement-gravee-dans-la-memoire-collective-europeenne\/#breadcrumb\"},\"inLanguage\":\"fr-BE\",\"potentialAction\":[{\"@type\":\"ReadAction\",\"target\":[\"https:\/\/vieassociative.be\/actualites\/40-ans-de-tchernobyl-la-catastrophe-nucleaire-est-profondement-gravee-dans-la-memoire-collective-europeenne\/\"]}]},{\"@type\":\"ImageObject\",\"inLanguage\":\"fr-BE\",\"@id\":\"https:\/\/vieassociative.be\/actualites\/40-ans-de-tchernobyl-la-catastrophe-nucleaire-est-profondement-gravee-dans-la-memoire-collective-europeenne\/#primaryimage\",\"url\":\"https:\/\/vieassociative.be\/actualites\/wp-content\/uploads\/2026\/04\/1775920652_40-ans-de-Tchernobyl-la-catastrophe-nucleaire-est-profondement.jpg\",\"contentUrl\":\"https:\/\/vieassociative.be\/actualites\/wp-content\/uploads\/2026\/04\/1775920652_40-ans-de-Tchernobyl-la-catastrophe-nucleaire-est-profondement.jpg\",\"width\":1200,\"height\":695,\"caption\":\"40 ans de Tchernobyl : la catastrophe nucl\u00e9aire est profond\u00e9ment grav\u00e9e dans la m\u00e9moire collective europ\u00e9enne\"},{\"@type\":\"BreadcrumbList\",\"@id\":\"https:\/\/vieassociative.be\/actualites\/40-ans-de-tchernobyl-la-catastrophe-nucleaire-est-profondement-gravee-dans-la-memoire-collective-europeenne\/#breadcrumb\",\"itemListElement\":[{\"@type\":\"ListItem\",\"position\":1,\"name\":\"Accueil\",\"item\":\"https:\/\/vieassociative.be\/actualites\/\"},{\"@type\":\"ListItem\",\"position\":2,\"name\":\"40 ans de Tchernobyl : la catastrophe nucl\u00e9aire est profond\u00e9ment grav\u00e9e dans la m\u00e9moire collective europ\u00e9enne\"}]},{\"@type\":\"WebSite\",\"@id\":\"https:\/\/vieassociative.be\/actualites\/#website\",\"url\":\"https:\/\/vieassociative.be\/actualites\/\",\"name\":\"Vie Associative\",\"description\":\"\",\"publisher\":{\"@id\":\"https:\/\/vieassociative.be\/actualites\/#organization\"},\"potentialAction\":[{\"@type\":\"SearchAction\",\"target\":{\"@type\":\"EntryPoint\",\"urlTemplate\":\"https:\/\/vieassociative.be\/actualites\/?s={search_term_string}\"},\"query-input\":{\"@type\":\"PropertyValueSpecification\",\"valueRequired\":true,\"valueName\":\"search_term_string\"}}],\"inLanguage\":\"fr-BE\"},{\"@type\":\"Organization\",\"@id\":\"https:\/\/vieassociative.be\/actualites\/#organization\",\"name\":\"Vie Associative\",\"url\":\"https:\/\/vieassociative.be\/actualites\/\",\"logo\":{\"@type\":\"ImageObject\",\"inLanguage\":\"fr-BE\",\"@id\":\"https:\/\/vieassociative.be\/actualites\/#\/schema\/logo\/image\/\",\"url\":\"https:\/\/vieassociative.be\/actualites\/wp-content\/uploads\/2024\/09\/cropped-vieassociative_favicon.ico.png\",\"contentUrl\":\"https:\/\/vieassociative.be\/actualites\/wp-content\/uploads\/2024\/09\/cropped-vieassociative_favicon.ico.png\",\"width\":512,\"height\":512,\"caption\":\"Vie Associative\"},\"image\":{\"@id\":\"https:\/\/vieassociative.be\/actualites\/#\/schema\/logo\/image\/\"}},{\"@type\":\"Person\",\"@id\":\"https:\/\/vieassociative.be\/actualites\/#\/schema\/person\/b87ac4f82f9d4e7b7cec7395b679edc4\",\"name\":\"Julien\",\"image\":{\"@type\":\"ImageObject\",\"inLanguage\":\"fr-BE\",\"@id\":\"https:\/\/vieassociative.be\/actualites\/#\/schema\/person\/image\/\",\"url\":\"https:\/\/vieassociative.be\/actualites\/wp-content\/uploads\/2024\/09\/vie-associative-1-150x150.jpg\",\"contentUrl\":\"https:\/\/vieassociative.be\/actualites\/wp-content\/uploads\/2024\/09\/vie-associative-1-150x150.jpg\",\"caption\":\"Julien\"},\"description\":\"Je suis Julien, r\u00e9dacteur pour Vie Associative. Passionn\u00e9 par le monde associatif depuis plus de 10 ans, j'ai \u00e0 c\u0153ur de partager des histoires inspirantes et de mettre en lumi\u00e8re les initiatives locales. Mon objectif est de sensibiliser et d'encourager l'engagement communautaire \u00e0 travers mes articles.\",\"sameAs\":[\"https:\/\/vieassociative.be\/\"]}]}<\/script>\n<!-- \/ Yoast SEO plugin. -->","yoast_head_json":{"title":"40 ans de Tchernobyl : la catastrophe nucl\u00e9aire est profond\u00e9ment grav\u00e9e dans la m\u00e9moire collective europ\u00e9enne | Vie Associative","robots":{"index":"index","follow":"follow","max-snippet":"max-snippet:-1","max-image-preview":"max-image-preview:large","max-video-preview":"max-video-preview:-1"},"canonical":"https:\/\/vieassociative.be\/actualites\/40-ans-de-tchernobyl-la-catastrophe-nucleaire-est-profondement-gravee-dans-la-memoire-collective-europeenne\/","og_locale":"fr_FR","og_type":"article","og_title":"40 ans de Tchernobyl : la catastrophe nucl\u00e9aire est profond\u00e9ment grav\u00e9e dans la m\u00e9moire collective europ\u00e9enne | Vie Associative","og_description":"Le 26 avril marque le 40e anniversaire de la catastrophe nucl\u00e9aire de Tchernobyl, un \u00e9v\u00e9nement profond\u00e9ment grav\u00e9 dans la m\u00e9moire collective de l&rsquo;Europe et du","og_url":"https:\/\/vieassociative.be\/actualites\/40-ans-de-tchernobyl-la-catastrophe-nucleaire-est-profondement-gravee-dans-la-memoire-collective-europeenne\/","og_site_name":"Vie Associative","article_published_time":"2026-04-11T15:17:31+00:00","og_image":[{"width":279,"height":92,"url":"https:\/\/vieassociative.be\/actualites\/wp-content\/uploads\/2024\/09\/header_backgroundk-01-e1726694325946.png","type":"image\/png"}],"author":"Julien","twitter_card":"summary_large_image","twitter_misc":{"\u00c9crit par":"Julien","Dur\u00e9e de lecture est.":"6 minutes"},"schema":{"@context":"https:\/\/schema.org","@graph":[{"@type":"Article","@id":"https:\/\/vieassociative.be\/actualites\/40-ans-de-tchernobyl-la-catastrophe-nucleaire-est-profondement-gravee-dans-la-memoire-collective-europeenne\/#article","isPartOf":{"@id":"https:\/\/vieassociative.be\/actualites\/40-ans-de-tchernobyl-la-catastrophe-nucleaire-est-profondement-gravee-dans-la-memoire-collective-europeenne\/"},"author":{"name":"Julien","@id":"https:\/\/vieassociative.be\/actualites\/#\/schema\/person\/b87ac4f82f9d4e7b7cec7395b679edc4"},"headline":"40 ans de Tchernobyl : la catastrophe nucl\u00e9aire est profond\u00e9ment grav\u00e9e dans la m\u00e9moire collective europ\u00e9enne","datePublished":"2026-04-11T15:17:31+00:00","dateModified":"2026-04-11T15:17:31+00:00","mainEntityOfPage":{"@id":"https:\/\/vieassociative.be\/actualites\/40-ans-de-tchernobyl-la-catastrophe-nucleaire-est-profondement-gravee-dans-la-memoire-collective-europeenne\/"},"wordCount":1285,"publisher":{"@id":"https:\/\/vieassociative.be\/actualites\/#organization"},"image":{"@id":"https:\/\/vieassociative.be\/actualites\/40-ans-de-tchernobyl-la-catastrophe-nucleaire-est-profondement-gravee-dans-la-memoire-collective-europeenne\/#primaryimage"},"thumbnailUrl":"https:\/\/vieassociative.be\/actualites\/wp-content\/uploads\/2026\/04\/1775920652_40-ans-de-Tchernobyl-la-catastrophe-nucleaire-est-profondement.jpg","keywords":["ans","catastrophe","collective","dans","est","europ\u00e9enne","grav\u00e9e","m\u00e9moire","nucl\u00e9aire","profond\u00e9ment","Tchernobyl"],"articleSection":["Belgique"],"inLanguage":"fr-BE"},{"@type":"WebPage","@id":"https:\/\/vieassociative.be\/actualites\/40-ans-de-tchernobyl-la-catastrophe-nucleaire-est-profondement-gravee-dans-la-memoire-collective-europeenne\/","url":"https:\/\/vieassociative.be\/actualites\/40-ans-de-tchernobyl-la-catastrophe-nucleaire-est-profondement-gravee-dans-la-memoire-collective-europeenne\/","name":"40 ans de Tchernobyl : la catastrophe nucl\u00e9aire est profond\u00e9ment grav\u00e9e dans la m\u00e9moire collective europ\u00e9enne | Vie Associative","isPartOf":{"@id":"https:\/\/vieassociative.be\/actualites\/#website"},"primaryImageOfPage":{"@id":"https:\/\/vieassociative.be\/actualites\/40-ans-de-tchernobyl-la-catastrophe-nucleaire-est-profondement-gravee-dans-la-memoire-collective-europeenne\/#primaryimage"},"image":{"@id":"https:\/\/vieassociative.be\/actualites\/40-ans-de-tchernobyl-la-catastrophe-nucleaire-est-profondement-gravee-dans-la-memoire-collective-europeenne\/#primaryimage"},"thumbnailUrl":"https:\/\/vieassociative.be\/actualites\/wp-content\/uploads\/2026\/04\/1775920652_40-ans-de-Tchernobyl-la-catastrophe-nucleaire-est-profondement.jpg","datePublished":"2026-04-11T15:17:31+00:00","dateModified":"2026-04-11T15:17:31+00:00","breadcrumb":{"@id":"https:\/\/vieassociative.be\/actualites\/40-ans-de-tchernobyl-la-catastrophe-nucleaire-est-profondement-gravee-dans-la-memoire-collective-europeenne\/#breadcrumb"},"inLanguage":"fr-BE","potentialAction":[{"@type":"ReadAction","target":["https:\/\/vieassociative.be\/actualites\/40-ans-de-tchernobyl-la-catastrophe-nucleaire-est-profondement-gravee-dans-la-memoire-collective-europeenne\/"]}]},{"@type":"ImageObject","inLanguage":"fr-BE","@id":"https:\/\/vieassociative.be\/actualites\/40-ans-de-tchernobyl-la-catastrophe-nucleaire-est-profondement-gravee-dans-la-memoire-collective-europeenne\/#primaryimage","url":"https:\/\/vieassociative.be\/actualites\/wp-content\/uploads\/2026\/04\/1775920652_40-ans-de-Tchernobyl-la-catastrophe-nucleaire-est-profondement.jpg","contentUrl":"https:\/\/vieassociative.be\/actualites\/wp-content\/uploads\/2026\/04\/1775920652_40-ans-de-Tchernobyl-la-catastrophe-nucleaire-est-profondement.jpg","width":1200,"height":695,"caption":"40 ans de Tchernobyl : la catastrophe nucl\u00e9aire est profond\u00e9ment grav\u00e9e dans la m\u00e9moire collective europ\u00e9enne"},{"@type":"BreadcrumbList","@id":"https:\/\/vieassociative.be\/actualites\/40-ans-de-tchernobyl-la-catastrophe-nucleaire-est-profondement-gravee-dans-la-memoire-collective-europeenne\/#breadcrumb","itemListElement":[{"@type":"ListItem","position":1,"name":"Accueil","item":"https:\/\/vieassociative.be\/actualites\/"},{"@type":"ListItem","position":2,"name":"40 ans de Tchernobyl : la catastrophe nucl\u00e9aire est profond\u00e9ment grav\u00e9e dans la m\u00e9moire collective europ\u00e9enne"}]},{"@type":"WebSite","@id":"https:\/\/vieassociative.be\/actualites\/#website","url":"https:\/\/vieassociative.be\/actualites\/","name":"Vie Associative","description":"","publisher":{"@id":"https:\/\/vieassociative.be\/actualites\/#organization"},"potentialAction":[{"@type":"SearchAction","target":{"@type":"EntryPoint","urlTemplate":"https:\/\/vieassociative.be\/actualites\/?s={search_term_string}"},"query-input":{"@type":"PropertyValueSpecification","valueRequired":true,"valueName":"search_term_string"}}],"inLanguage":"fr-BE"},{"@type":"Organization","@id":"https:\/\/vieassociative.be\/actualites\/#organization","name":"Vie Associative","url":"https:\/\/vieassociative.be\/actualites\/","logo":{"@type":"ImageObject","inLanguage":"fr-BE","@id":"https:\/\/vieassociative.be\/actualites\/#\/schema\/logo\/image\/","url":"https:\/\/vieassociative.be\/actualites\/wp-content\/uploads\/2024\/09\/cropped-vieassociative_favicon.ico.png","contentUrl":"https:\/\/vieassociative.be\/actualites\/wp-content\/uploads\/2024\/09\/cropped-vieassociative_favicon.ico.png","width":512,"height":512,"caption":"Vie Associative"},"image":{"@id":"https:\/\/vieassociative.be\/actualites\/#\/schema\/logo\/image\/"}},{"@type":"Person","@id":"https:\/\/vieassociative.be\/actualites\/#\/schema\/person\/b87ac4f82f9d4e7b7cec7395b679edc4","name":"Julien","image":{"@type":"ImageObject","inLanguage":"fr-BE","@id":"https:\/\/vieassociative.be\/actualites\/#\/schema\/person\/image\/","url":"https:\/\/vieassociative.be\/actualites\/wp-content\/uploads\/2024\/09\/vie-associative-1-150x150.jpg","contentUrl":"https:\/\/vieassociative.be\/actualites\/wp-content\/uploads\/2024\/09\/vie-associative-1-150x150.jpg","caption":"Julien"},"description":"Je suis Julien, r\u00e9dacteur pour Vie Associative. Passionn\u00e9 par le monde associatif depuis plus de 10 ans, j'ai \u00e0 c\u0153ur de partager des histoires inspirantes et de mettre en lumi\u00e8re les initiatives locales. Mon objectif est de sensibiliser et d'encourager l'engagement communautaire \u00e0 travers mes articles.","sameAs":["https:\/\/vieassociative.be\/"]}]}},"_links":{"self":[{"href":"https:\/\/vieassociative.be\/actualites\/wp-json\/wp\/v2\/posts\/13399"}],"collection":[{"href":"https:\/\/vieassociative.be\/actualites\/wp-json\/wp\/v2\/posts"}],"about":[{"href":"https:\/\/vieassociative.be\/actualites\/wp-json\/wp\/v2\/types\/post"}],"author":[{"embeddable":true,"href":"https:\/\/vieassociative.be\/actualites\/wp-json\/wp\/v2\/users\/1"}],"replies":[{"embeddable":true,"href":"https:\/\/vieassociative.be\/actualites\/wp-json\/wp\/v2\/comments?post=13399"}],"version-history":[{"count":0,"href":"https:\/\/vieassociative.be\/actualites\/wp-json\/wp\/v2\/posts\/13399\/revisions"}],"wp:featuredmedia":[{"embeddable":true,"href":"https:\/\/vieassociative.be\/actualites\/wp-json\/wp\/v2\/media\/13400"}],"wp:attachment":[{"href":"https:\/\/vieassociative.be\/actualites\/wp-json\/wp\/v2\/media?parent=13399"}],"wp:term":[{"taxonomy":"category","embeddable":true,"href":"https:\/\/vieassociative.be\/actualites\/wp-json\/wp\/v2\/categories?post=13399"},{"taxonomy":"post_tag","embeddable":true,"href":"https:\/\/vieassociative.be\/actualites\/wp-json\/wp\/v2\/tags?post=13399"}],"curies":[{"name":"wp","href":"https:\/\/api.w.org\/{rel}","templated":true}]}}