{"id":13397,"date":"2026-04-11T16:19:01","date_gmt":"2026-04-11T14:19:01","guid":{"rendered":"https:\/\/vieassociative.be\/actualites\/pourquoi-devriez-vous-vaporiser-vos-chaussures-avec-de-la-permethrine-cet-ete\/"},"modified":"2026-04-11T16:19:01","modified_gmt":"2026-04-11T14:19:01","slug":"pourquoi-devriez-vous-vaporiser-vos-chaussures-avec-de-la-permethrine-cet-ete","status":"publish","type":"post","link":"https:\/\/vieassociative.be\/actualites\/pourquoi-devriez-vous-vaporiser-vos-chaussures-avec-de-la-permethrine-cet-ete\/","title":{"rendered":"Pourquoi devriez-vous vaporiser vos chaussures avec de la perm\u00e9thrine cet \u00e9t\u00e9"},"content":{"rendered":"<p>Nous pouvons gagner une commission sur les liens sur cette page.<\/p>\n<p>Si l&rsquo;id\u00e9e d&rsquo;\u00eatre piqu\u00e9 par une tique vous d\u00e9go\u00fbte cette ann\u00e9e (les chances sont bonnes, pour \u00eatre honn\u00eate), il est temps de vous procurer un flacon de spray \u00e0 la perm\u00e9thrine. Traiter vos chaussures et vos pantalons \u00e0 la perm\u00e9thrine est l&rsquo;un des moyens les plus simples d&rsquo;\u00e9tablir une barri\u00e8re entre les tiques affam\u00e9es et votre chair d\u00e9licieuse et remplie de sang. <\/p>\n<div class=\"pogoClear mb-12 mt-10 rounded-md border-2 border-gray-100 py-7 shadow-xl md:py-6\">\n<div class=\"flex flex-wrap justify-between px-7 text-black no-underline md:flex-nowrap md:px-8\">\n<div class=\"order-1 mx-auto flex flex-col justify-center md:order-2 md:ml-4 md:w-full md:grow\">\n<div class=\"block cursor-pointer text-center font-akshar text-2xl font-medium leading-7 text-brand-green duration-200 ease-in-out hover:text-brand-green-700 md:text-left md:text-xl md:leading-6\">Repel Perm\u00e9thrine Insectifuge pour v\u00eatements et \u00e9quipements, 6,5 fl oz\n                <\/div>\n<div class=\"mt-4 hidden md:flex md:justify-between\">\n<div class=\"self-end\">\n<div class=\"mb-0 h-11 md:flex md:flex-col md:justify-center\">\n<div class=\" font-sans leading-4 text-black\">\n<div class=\"flex flex-wrap items-center justify-center gap-1 md:justify-start\">\n        <span class=\"font-bold\"><\/p>\n<p>            4,97\u00a0$<br \/>\n                            <span class=\"font-medium\">chez Amazon<\/span><br \/>\n                    <\/span>\n            <\/div>\n<div class=\"flex items-center justify-center gap-x-1 font-bold md:justify-start\">\n            <span class=\"text-sm line-through\">5,99\u00a0$<\/span><br \/>\n            <span class=\"text-sm text-brand-green\">\u00c9conomisez 1,02 $<\/span>\n        <\/div>\n<\/p><\/div>\n<\/p><\/div>\n<\/p><\/div>\n<div class=\"w-44 self-end\">\n                            <button class=\"flex justify-center items-center w-full bg-brand-green text-white text-base font-sans font-medium rounded-md hover:bg-brand-green-700 hover:cursor-pointer md:text-sm h-11\"><\/p>\n<p>    Achetez maintenant<br \/>\n<\/button>\n                        <\/div>\n<\/p><\/div>\n<\/p><\/div>\n<div class=\"order-2 mt-5 h-auto w-full md:order-1 md:mt-0 md:hidden\">\n<div class=\"flex aspect-video items-center justify-center\">\n                                            <img decoding=\"async\" class=\"m-0 max-h-full max-w-full rounded-md\" src=\"https:\/\/vieassociative.be\/actualites\/wp-content\/uploads\/2026\/04\/Pourquoi-devriez-vous-vaporiser-vos-chaussures-avec-de-la-permethrine-cet.jpg\" alt=\"R\u00e9pulsif anti-insectes pour v\u00eatements et \u00e9quipements \u00e0 la perm\u00e9thrine, \u00e0 utiliser sur les \u00e9quipements d'ext\u00e9rieur, les tentes et les sacs de couchage, repousse les moustiques, les tiques, les acariens (a\u00e9rosol) 6,5 onces liquides, 1 paquet\" width=\"auto\" height=\"auto\" loading=\"lazy\">\n                                    <\/div>\n<\/p><\/div>\n<div class=\"order-2 ml-2 hidden w-32 shrink-0 items-center md:order-1 md:ml-0 md:flex\">\n<div class=\"flex aspect-video items-center justify-center\">\n                                            <img decoding=\"async\" class=\"m-0 max-h-full max-w-full rounded-md\" src=\"https:\/\/vieassociative.be\/actualites\/wp-content\/uploads\/2026\/04\/Pourquoi-devriez-vous-vaporiser-vos-chaussures-avec-de-la-permethrine-cet.jpg\" alt=\"R\u00e9pulsif anti-insectes pour v\u00eatements et \u00e9quipements \u00e0 la perm\u00e9thrine, \u00e0 utiliser sur les \u00e9quipements d'ext\u00e9rieur, les tentes et les sacs de couchage, repousse les moustiques, les tiques, les acariens (a\u00e9rosol) 6,5 onces liquides, 1 paquet\" width=\"auto\" height=\"auto\" loading=\"lazy\">\n                                    <\/div>\n<\/p><\/div>\n<div class=\"order-3 flex grow flex-wrap md:hidden md:grow-0\">\n<div class=\"mt-4 w-full\">\n                        <button class=\"flex justify-center items-center w-full bg-brand-green text-white text-base font-sans font-medium rounded-md hover:bg-brand-green-700 hover:cursor-pointer md:text-sm h-11\"><\/p>\n<p>    Achetez maintenant<br \/>\n<\/button>\n                    <\/div>\n<div class=\"mx-2 mt-4 w-full\">\n<div class=\" font-sans leading-4 text-black\">\n<div class=\"flex flex-wrap items-center justify-center gap-1 md:justify-start\">\n        <span class=\"font-bold\"><\/p>\n<p>            4,97\u00a0$<br \/>\n                            <span class=\"font-medium\">chez Amazon<\/span><br \/>\n                    <\/span>\n            <\/div>\n<div class=\"flex items-center justify-center gap-x-1 font-bold md:justify-start\">\n            <span class=\"text-sm line-through\">5,99\u00a0$<\/span><br \/>\n            <span class=\"text-sm text-brand-green\">\u00c9conomisez 1,02 $<\/span>\n        <\/div>\n<\/p><\/div>\n<\/p><\/div>\n<\/p><\/div>\n<\/p><\/div>\n<\/div>\n<p>Les tiques doivent passer du temps dans la terre ou dans la liti\u00e8re de feuilles pour \u00e9viter de se dess\u00e9cher, elles tra\u00eenent donc pr\u00e8s du sol. Ils nous trouvent en grimpant sur une tige d&rsquo;herbe et en tendant la main avec leurs petites pattes lorsque nous passons. (Ils se contenteront d&rsquo;un cerf, d&rsquo;un lapin ou d&rsquo;une souris au lieu d&rsquo;une personne \u2013 ils ne sont pas difficiles.) Une fois qu&rsquo;ils ont trouv\u00e9 un corps chaud, ils rampent vers le haut.<\/p>\n<p>Donc, si vous voulez \u00e9viter les piq\u00fbres de tiques, les endroits les plus importants pour vous prot\u00e9ger sont \u00e0 peu pr\u00e8s les genoux. Vous n&rsquo;avez probablement qu&rsquo;une ou deux paires de chaussures que vous avez tendance \u00e0 porter dans les herbes hautes (bottes de randonn\u00e9e, baskets, peut-\u00eatre des bottes de travail), donc appliquer une couche longue dur\u00e9e de perm\u00e9thrine sur vos chaussures contribuera grandement \u00e0 vous prot\u00e9ger tout l&rsquo;\u00e9t\u00e9. <\/p>\n<p>Vous pouvez ajouter \u00e0 cette protection en utilisant de la perm\u00e9thrine sur vos chaussettes, pantalons et autres v\u00eatements et \u00e9quipements, comme des tentes et des sacs \u00e0 dos, si vous faites du camping. Le spray anti-insectes pour votre peau (contenant un ingr\u00e9dient actif efficace comme le DEET) est un \u00e9l\u00e9ment distinct, mais c&rsquo;est aussi une bonne d\u00e9fense. Bonus : la perm\u00e9thrine et le DEET prot\u00e8gent \u00e9galement contre les moustiques.<\/p>\n<h2 id=\"what-is-permethrin-and-how-does-it-work\">Qu\u2019est-ce que la perm\u00e9thrine et comment agit-elle ?<\/h2>\n<p>La perm\u00e9thrine est un insecticide d\u00e9riv\u00e9 \u00e0 l\u2019origine de la fleur de chrysanth\u00e8me, mais ce que vous pouvez acheter aujourd\u2019hui est une version synth\u00e9tique. Il est sans danger pour les personnes et les animaux domestiques, \u00e0 moins que vous ne parveniez \u00e0 en ing\u00e9rer, \u00e0 inhaler ou \u00e0 en absorber une grande quantit\u00e9. Veuillez noter que le spray de perm\u00e9thrine est destin\u00e9 \u00e0 \u00eatre utilis\u00e9 sur les v\u00eatements et les objets, et <em>pas<\/em> sur la peau. Cela peut irriter la peau, et notre peau peut en fait d\u00e9composer les produits chimiques contenus dans le r\u00e9pulsif, le rendant inutile. <\/p>\n<p>Mais sur les chaussures et les v\u00eatements, la perm\u00e9thrine est excellente. Lorsque les tiques y sont expos\u00e9es, m\u00eame pendant une tr\u00e8s courte p\u00e9riode, elles ont des difficult\u00e9s \u00e0 marcher et \u00e0 bouger, et sont probablement incapables de mordre. Des tests en laboratoire montrent que les tiques, qui grimpent normalement, ont tendance \u00e0 tomber des v\u00eatements trait\u00e9s \u00e0 la perm\u00e9thrine. De la m\u00eame mani\u00e8re, les moustiques peuvent \u00eatre tu\u00e9s ou neutralis\u00e9s par la perm\u00e9thrine appliqu\u00e9e sur les v\u00eatements.<\/p>\n<p>La perm\u00e9thrine ne devrait pas \u00eatre votre seule d\u00e9fense contre les tiques (ou les moustiques) ; un spray r\u00e9pulsif sur votre peau est une deuxi\u00e8me couche de protection importante. Mais c&rsquo;est d&rsquo;une grande aide, surtout lorsque vous sortez simplement dans le jardin ou lorsque vous oubliez le spray anti-insectes jusqu&rsquo;\u00e0 ce que vous soyez d\u00e9j\u00e0 au fond des bois. <\/p>\n<h2 id=\"how-to-apply-permethrin-to-your-shoes-clothes-and-camping-gear\">Comment appliquer de la perm\u00e9thrine sur vos chaussures, v\u00eatements et mat\u00e9riel de camping<\/h2>\n<p>L&rsquo;une des caract\u00e9ristiques les plus pratiques de la perm\u00e9thrine est qu&rsquo;elle peut adh\u00e9rer aux v\u00eatements pendant des semaines, voire des mois, malgr\u00e9 plusieurs lavages. Vous pouvez \u00e9galement acheter des v\u00eatements d\u00e9j\u00e0 trait\u00e9s \u00e0 la perm\u00e9thrine ; v\u00e9rifiez simplement les fournisseurs de mat\u00e9riel de camping. <\/p>\n<p>Mais vous pouvez aussi le faire vous-m\u00eame. Achetez une bouteille de spray de perm\u00e9thrine contenant 0,5 % de perm\u00e9thrine. Il s\u2019agit d\u2019un pesticide enregistr\u00e9 par l\u2019EPA et il sera accompagn\u00e9 d\u2019instructions d\u00e9taill\u00e9es sur l\u2019\u00e9tiquette. Voici quelques options\u00a0: <\/p>\n<ul>\n<li>\n<p>Si vous avez juste besoin de traiter une ou deux paires de chaussures\u00a0: repoussez les v\u00eatements et les \u00e9quipements \u00e0 la perm\u00e9thrine, en a\u00e9rosol de 6,5 onces.<\/p>\n<\/li>\n<li>\n<p>Si vous avez une tonne de mat\u00e9riel de camping \u00e0 traiter\u00a0:\u00a0un insectifuge \u00e0 la perm\u00e9thrine Sawyer Premium, 24 onces avec un spray \u00e0 g\u00e2chette<\/p>\n<\/li>\n<li>\n<p>Pour vous \u00e9viter quelques pulv\u00e9risations : chaussettes de randonn\u00e9e trait\u00e9es \u00e0 la perm\u00e9thrine BugsAway (la protection dure 70 lavages)<\/p>\n<\/li>\n<\/ul>\n<p>Fondamentalement, vous aurez envie de sortir (ou dans un endroit bien ventil\u00e9) et de disposer vos v\u00eatements \u00e0 plat. Pour les chaussures, retirez les lacets et ouvrez les chaussures autant que possible. Vaporisez ensuite suffisamment de perm\u00e9thrine pour rendre le tissu visiblement humide et laissez-le s\u00e9cher compl\u00e8tement avant de le porter. Outre les chaussures et les v\u00eatements, vous pouvez \u00e9galement traiter les tentes, les sacs \u00e0 dos, les chapeaux et autres objets. <\/p>\n<p>Faites attention \u00e0 la dur\u00e9e de la protection. L&rsquo;\u00e9tiquette peut indiquer quelque chose comme six semaines ou six lavages, selon la premi\u00e8re \u00e9ventualit\u00e9. N&rsquo;oubliez pas de pr\u00e9senter une nouvelle demande lorsque le temps est \u00e9coul\u00e9.<\/p>\n","protected":false},"excerpt":{"rendered":"<p>Nous pouvons gagner une commission sur les liens sur cette page. Si l&rsquo;id\u00e9e d&rsquo;\u00eatre piqu\u00e9 par une tique vous d\u00e9go\u00fbte cette ann\u00e9e (les chances sont<\/p>\n","protected":false},"author":1,"featured_media":13398,"comment_status":"","ping_status":"","sticky":false,"template":"","format":"standard","meta":{"footnotes":""},"categories":[40],"tags":[61,216,2850,1078,217,10462,734,10461,27],"class_list":["post-13397","post","type-post","status-publish","format-standard","has-post-thumbnail","hentry","category-maison","tag-avec","tag-cet","tag-chaussures","tag-devriezvous","tag-ete","tag-permethrine","tag-pourquoi","tag-vaporiser","tag-vos","generate-columns","tablet-grid-50","mobile-grid-100","grid-parent","grid-33"],"yoast_head":"<!-- This site is optimized with the Yoast SEO plugin v24.0 - https:\/\/yoast.com\/wordpress\/plugins\/seo\/ -->\n<title>Pourquoi devriez-vous vaporiser vos chaussures avec de la perm\u00e9thrine cet \u00e9t\u00e9 | Vie Associative<\/title>\n<meta name=\"robots\" content=\"index, follow, max-snippet:-1, max-image-preview:large, max-video-preview:-1\" \/>\n<link rel=\"canonical\" href=\"https:\/\/vieassociative.be\/actualites\/pourquoi-devriez-vous-vaporiser-vos-chaussures-avec-de-la-permethrine-cet-ete\/\" \/>\n<meta property=\"og:locale\" content=\"fr_FR\" \/>\n<meta property=\"og:type\" content=\"article\" \/>\n<meta property=\"og:title\" content=\"Pourquoi devriez-vous vaporiser vos chaussures avec de la perm\u00e9thrine cet \u00e9t\u00e9 | Vie Associative\" \/>\n<meta property=\"og:description\" content=\"Nous pouvons gagner une commission sur les liens sur cette page. Si l&rsquo;id\u00e9e d&rsquo;\u00eatre piqu\u00e9 par une tique vous d\u00e9go\u00fbte cette ann\u00e9e (les chances sont\" \/>\n<meta property=\"og:url\" content=\"https:\/\/vieassociative.be\/actualites\/pourquoi-devriez-vous-vaporiser-vos-chaussures-avec-de-la-permethrine-cet-ete\/\" \/>\n<meta property=\"og:site_name\" content=\"Vie Associative\" \/>\n<meta property=\"article:published_time\" content=\"2026-04-11T14:19:01+00:00\" \/>\n<meta property=\"og:image\" content=\"https:\/\/vieassociative.be\/actualites\/wp-content\/uploads\/2026\/04\/Pourquoi-devriez-vous-vaporiser-vos-chaussures-avec-de-la-permethrine-cet.jpg\" \/>\n<meta name=\"author\" content=\"Julien\" \/>\n<meta name=\"twitter:card\" content=\"summary_large_image\" \/>\n<meta name=\"twitter:label1\" content=\"\u00c9crit par\" \/>\n\t<meta name=\"twitter:data1\" content=\"Julien\" \/>\n\t<meta name=\"twitter:label2\" content=\"Dur\u00e9e de lecture est.\" \/>\n\t<meta name=\"twitter:data2\" content=\"4 minutes\" \/>\n<script type=\"application\/ld+json\" class=\"yoast-schema-graph\">{\"@context\":\"https:\/\/schema.org\",\"@graph\":[{\"@type\":\"Article\",\"@id\":\"https:\/\/vieassociative.be\/actualites\/pourquoi-devriez-vous-vaporiser-vos-chaussures-avec-de-la-permethrine-cet-ete\/#article\",\"isPartOf\":{\"@id\":\"https:\/\/vieassociative.be\/actualites\/pourquoi-devriez-vous-vaporiser-vos-chaussures-avec-de-la-permethrine-cet-ete\/\"},\"author\":{\"name\":\"Julien\",\"@id\":\"https:\/\/vieassociative.be\/actualites\/#\/schema\/person\/b87ac4f82f9d4e7b7cec7395b679edc4\"},\"headline\":\"Pourquoi devriez-vous vaporiser vos chaussures avec de la perm\u00e9thrine cet \u00e9t\u00e9\",\"datePublished\":\"2026-04-11T14:19:01+00:00\",\"dateModified\":\"2026-04-11T14:19:01+00:00\",\"mainEntityOfPage\":{\"@id\":\"https:\/\/vieassociative.be\/actualites\/pourquoi-devriez-vous-vaporiser-vos-chaussures-avec-de-la-permethrine-cet-ete\/\"},\"wordCount\":926,\"publisher\":{\"@id\":\"https:\/\/vieassociative.be\/actualites\/#organization\"},\"image\":{\"@id\":\"https:\/\/vieassociative.be\/actualites\/pourquoi-devriez-vous-vaporiser-vos-chaussures-avec-de-la-permethrine-cet-ete\/#primaryimage\"},\"thumbnailUrl\":\"https:\/\/vieassociative.be\/actualites\/wp-content\/uploads\/2026\/04\/1775917142_Pourquoi-devriez-vous-vaporiser-vos-chaussures-avec-de-la-permethrine-cet.jpg\",\"keywords\":[\"avec\",\"cet\",\"chaussures\",\"devriezvous\",\"\u00e9t\u00e9\",\"perm\u00e9thrine\",\"Pourquoi\",\"vaporiser\",\"vos\"],\"articleSection\":[\"Maison\"],\"inLanguage\":\"fr-BE\"},{\"@type\":\"WebPage\",\"@id\":\"https:\/\/vieassociative.be\/actualites\/pourquoi-devriez-vous-vaporiser-vos-chaussures-avec-de-la-permethrine-cet-ete\/\",\"url\":\"https:\/\/vieassociative.be\/actualites\/pourquoi-devriez-vous-vaporiser-vos-chaussures-avec-de-la-permethrine-cet-ete\/\",\"name\":\"Pourquoi devriez-vous vaporiser vos chaussures avec de la perm\u00e9thrine cet \u00e9t\u00e9 | Vie Associative\",\"isPartOf\":{\"@id\":\"https:\/\/vieassociative.be\/actualites\/#website\"},\"primaryImageOfPage\":{\"@id\":\"https:\/\/vieassociative.be\/actualites\/pourquoi-devriez-vous-vaporiser-vos-chaussures-avec-de-la-permethrine-cet-ete\/#primaryimage\"},\"image\":{\"@id\":\"https:\/\/vieassociative.be\/actualites\/pourquoi-devriez-vous-vaporiser-vos-chaussures-avec-de-la-permethrine-cet-ete\/#primaryimage\"},\"thumbnailUrl\":\"https:\/\/vieassociative.be\/actualites\/wp-content\/uploads\/2026\/04\/1775917142_Pourquoi-devriez-vous-vaporiser-vos-chaussures-avec-de-la-permethrine-cet.jpg\",\"datePublished\":\"2026-04-11T14:19:01+00:00\",\"dateModified\":\"2026-04-11T14:19:01+00:00\",\"breadcrumb\":{\"@id\":\"https:\/\/vieassociative.be\/actualites\/pourquoi-devriez-vous-vaporiser-vos-chaussures-avec-de-la-permethrine-cet-ete\/#breadcrumb\"},\"inLanguage\":\"fr-BE\",\"potentialAction\":[{\"@type\":\"ReadAction\",\"target\":[\"https:\/\/vieassociative.be\/actualites\/pourquoi-devriez-vous-vaporiser-vos-chaussures-avec-de-la-permethrine-cet-ete\/\"]}]},{\"@type\":\"ImageObject\",\"inLanguage\":\"fr-BE\",\"@id\":\"https:\/\/vieassociative.be\/actualites\/pourquoi-devriez-vous-vaporiser-vos-chaussures-avec-de-la-permethrine-cet-ete\/#primaryimage\",\"url\":\"https:\/\/vieassociative.be\/actualites\/wp-content\/uploads\/2026\/04\/1775917142_Pourquoi-devriez-vous-vaporiser-vos-chaussures-avec-de-la-permethrine-cet.jpg\",\"contentUrl\":\"https:\/\/vieassociative.be\/actualites\/wp-content\/uploads\/2026\/04\/1775917142_Pourquoi-devriez-vous-vaporiser-vos-chaussures-avec-de-la-permethrine-cet.jpg\",\"width\":1200,\"height\":675,\"caption\":\"Pourquoi devriez-vous vaporiser vos chaussures avec de la perm\u00e9thrine cet \u00e9t\u00e9\"},{\"@type\":\"BreadcrumbList\",\"@id\":\"https:\/\/vieassociative.be\/actualites\/pourquoi-devriez-vous-vaporiser-vos-chaussures-avec-de-la-permethrine-cet-ete\/#breadcrumb\",\"itemListElement\":[{\"@type\":\"ListItem\",\"position\":1,\"name\":\"Accueil\",\"item\":\"https:\/\/vieassociative.be\/actualites\/\"},{\"@type\":\"ListItem\",\"position\":2,\"name\":\"Pourquoi devriez-vous vaporiser vos chaussures avec de la perm\u00e9thrine cet \u00e9t\u00e9\"}]},{\"@type\":\"WebSite\",\"@id\":\"https:\/\/vieassociative.be\/actualites\/#website\",\"url\":\"https:\/\/vieassociative.be\/actualites\/\",\"name\":\"Vie Associative\",\"description\":\"\",\"publisher\":{\"@id\":\"https:\/\/vieassociative.be\/actualites\/#organization\"},\"potentialAction\":[{\"@type\":\"SearchAction\",\"target\":{\"@type\":\"EntryPoint\",\"urlTemplate\":\"https:\/\/vieassociative.be\/actualites\/?s={search_term_string}\"},\"query-input\":{\"@type\":\"PropertyValueSpecification\",\"valueRequired\":true,\"valueName\":\"search_term_string\"}}],\"inLanguage\":\"fr-BE\"},{\"@type\":\"Organization\",\"@id\":\"https:\/\/vieassociative.be\/actualites\/#organization\",\"name\":\"Vie Associative\",\"url\":\"https:\/\/vieassociative.be\/actualites\/\",\"logo\":{\"@type\":\"ImageObject\",\"inLanguage\":\"fr-BE\",\"@id\":\"https:\/\/vieassociative.be\/actualites\/#\/schema\/logo\/image\/\",\"url\":\"https:\/\/vieassociative.be\/actualites\/wp-content\/uploads\/2024\/09\/cropped-vieassociative_favicon.ico.png\",\"contentUrl\":\"https:\/\/vieassociative.be\/actualites\/wp-content\/uploads\/2024\/09\/cropped-vieassociative_favicon.ico.png\",\"width\":512,\"height\":512,\"caption\":\"Vie Associative\"},\"image\":{\"@id\":\"https:\/\/vieassociative.be\/actualites\/#\/schema\/logo\/image\/\"}},{\"@type\":\"Person\",\"@id\":\"https:\/\/vieassociative.be\/actualites\/#\/schema\/person\/b87ac4f82f9d4e7b7cec7395b679edc4\",\"name\":\"Julien\",\"image\":{\"@type\":\"ImageObject\",\"inLanguage\":\"fr-BE\",\"@id\":\"https:\/\/vieassociative.be\/actualites\/#\/schema\/person\/image\/\",\"url\":\"https:\/\/vieassociative.be\/actualites\/wp-content\/uploads\/2024\/09\/vie-associative-1-150x150.jpg\",\"contentUrl\":\"https:\/\/vieassociative.be\/actualites\/wp-content\/uploads\/2024\/09\/vie-associative-1-150x150.jpg\",\"caption\":\"Julien\"},\"description\":\"Je suis Julien, r\u00e9dacteur pour Vie Associative. Passionn\u00e9 par le monde associatif depuis plus de 10 ans, j'ai \u00e0 c\u0153ur de partager des histoires inspirantes et de mettre en lumi\u00e8re les initiatives locales. Mon objectif est de sensibiliser et d'encourager l'engagement communautaire \u00e0 travers mes articles.\",\"sameAs\":[\"https:\/\/vieassociative.be\/\"]}]}<\/script>\n<!-- \/ Yoast SEO plugin. -->","yoast_head_json":{"title":"Pourquoi devriez-vous vaporiser vos chaussures avec de la perm\u00e9thrine cet \u00e9t\u00e9 | Vie Associative","robots":{"index":"index","follow":"follow","max-snippet":"max-snippet:-1","max-image-preview":"max-image-preview:large","max-video-preview":"max-video-preview:-1"},"canonical":"https:\/\/vieassociative.be\/actualites\/pourquoi-devriez-vous-vaporiser-vos-chaussures-avec-de-la-permethrine-cet-ete\/","og_locale":"fr_FR","og_type":"article","og_title":"Pourquoi devriez-vous vaporiser vos chaussures avec de la perm\u00e9thrine cet \u00e9t\u00e9 | Vie Associative","og_description":"Nous pouvons gagner une commission sur les liens sur cette page. Si l&rsquo;id\u00e9e d&rsquo;\u00eatre piqu\u00e9 par une tique vous d\u00e9go\u00fbte cette ann\u00e9e (les chances sont","og_url":"https:\/\/vieassociative.be\/actualites\/pourquoi-devriez-vous-vaporiser-vos-chaussures-avec-de-la-permethrine-cet-ete\/","og_site_name":"Vie Associative","article_published_time":"2026-04-11T14:19:01+00:00","og_image":[{"url":"https:\/\/vieassociative.be\/actualites\/wp-content\/uploads\/2026\/04\/Pourquoi-devriez-vous-vaporiser-vos-chaussures-avec-de-la-permethrine-cet.jpg","type":"","width":"","height":""}],"author":"Julien","twitter_card":"summary_large_image","twitter_misc":{"\u00c9crit par":"Julien","Dur\u00e9e de lecture est.":"4 minutes"},"schema":{"@context":"https:\/\/schema.org","@graph":[{"@type":"Article","@id":"https:\/\/vieassociative.be\/actualites\/pourquoi-devriez-vous-vaporiser-vos-chaussures-avec-de-la-permethrine-cet-ete\/#article","isPartOf":{"@id":"https:\/\/vieassociative.be\/actualites\/pourquoi-devriez-vous-vaporiser-vos-chaussures-avec-de-la-permethrine-cet-ete\/"},"author":{"name":"Julien","@id":"https:\/\/vieassociative.be\/actualites\/#\/schema\/person\/b87ac4f82f9d4e7b7cec7395b679edc4"},"headline":"Pourquoi devriez-vous vaporiser vos chaussures avec de la perm\u00e9thrine cet \u00e9t\u00e9","datePublished":"2026-04-11T14:19:01+00:00","dateModified":"2026-04-11T14:19:01+00:00","mainEntityOfPage":{"@id":"https:\/\/vieassociative.be\/actualites\/pourquoi-devriez-vous-vaporiser-vos-chaussures-avec-de-la-permethrine-cet-ete\/"},"wordCount":926,"publisher":{"@id":"https:\/\/vieassociative.be\/actualites\/#organization"},"image":{"@id":"https:\/\/vieassociative.be\/actualites\/pourquoi-devriez-vous-vaporiser-vos-chaussures-avec-de-la-permethrine-cet-ete\/#primaryimage"},"thumbnailUrl":"https:\/\/vieassociative.be\/actualites\/wp-content\/uploads\/2026\/04\/1775917142_Pourquoi-devriez-vous-vaporiser-vos-chaussures-avec-de-la-permethrine-cet.jpg","keywords":["avec","cet","chaussures","devriezvous","\u00e9t\u00e9","perm\u00e9thrine","Pourquoi","vaporiser","vos"],"articleSection":["Maison"],"inLanguage":"fr-BE"},{"@type":"WebPage","@id":"https:\/\/vieassociative.be\/actualites\/pourquoi-devriez-vous-vaporiser-vos-chaussures-avec-de-la-permethrine-cet-ete\/","url":"https:\/\/vieassociative.be\/actualites\/pourquoi-devriez-vous-vaporiser-vos-chaussures-avec-de-la-permethrine-cet-ete\/","name":"Pourquoi devriez-vous vaporiser vos chaussures avec de la perm\u00e9thrine cet \u00e9t\u00e9 | Vie Associative","isPartOf":{"@id":"https:\/\/vieassociative.be\/actualites\/#website"},"primaryImageOfPage":{"@id":"https:\/\/vieassociative.be\/actualites\/pourquoi-devriez-vous-vaporiser-vos-chaussures-avec-de-la-permethrine-cet-ete\/#primaryimage"},"image":{"@id":"https:\/\/vieassociative.be\/actualites\/pourquoi-devriez-vous-vaporiser-vos-chaussures-avec-de-la-permethrine-cet-ete\/#primaryimage"},"thumbnailUrl":"https:\/\/vieassociative.be\/actualites\/wp-content\/uploads\/2026\/04\/1775917142_Pourquoi-devriez-vous-vaporiser-vos-chaussures-avec-de-la-permethrine-cet.jpg","datePublished":"2026-04-11T14:19:01+00:00","dateModified":"2026-04-11T14:19:01+00:00","breadcrumb":{"@id":"https:\/\/vieassociative.be\/actualites\/pourquoi-devriez-vous-vaporiser-vos-chaussures-avec-de-la-permethrine-cet-ete\/#breadcrumb"},"inLanguage":"fr-BE","potentialAction":[{"@type":"ReadAction","target":["https:\/\/vieassociative.be\/actualites\/pourquoi-devriez-vous-vaporiser-vos-chaussures-avec-de-la-permethrine-cet-ete\/"]}]},{"@type":"ImageObject","inLanguage":"fr-BE","@id":"https:\/\/vieassociative.be\/actualites\/pourquoi-devriez-vous-vaporiser-vos-chaussures-avec-de-la-permethrine-cet-ete\/#primaryimage","url":"https:\/\/vieassociative.be\/actualites\/wp-content\/uploads\/2026\/04\/1775917142_Pourquoi-devriez-vous-vaporiser-vos-chaussures-avec-de-la-permethrine-cet.jpg","contentUrl":"https:\/\/vieassociative.be\/actualites\/wp-content\/uploads\/2026\/04\/1775917142_Pourquoi-devriez-vous-vaporiser-vos-chaussures-avec-de-la-permethrine-cet.jpg","width":1200,"height":675,"caption":"Pourquoi devriez-vous vaporiser vos chaussures avec de la perm\u00e9thrine cet \u00e9t\u00e9"},{"@type":"BreadcrumbList","@id":"https:\/\/vieassociative.be\/actualites\/pourquoi-devriez-vous-vaporiser-vos-chaussures-avec-de-la-permethrine-cet-ete\/#breadcrumb","itemListElement":[{"@type":"ListItem","position":1,"name":"Accueil","item":"https:\/\/vieassociative.be\/actualites\/"},{"@type":"ListItem","position":2,"name":"Pourquoi devriez-vous vaporiser vos chaussures avec de la perm\u00e9thrine cet \u00e9t\u00e9"}]},{"@type":"WebSite","@id":"https:\/\/vieassociative.be\/actualites\/#website","url":"https:\/\/vieassociative.be\/actualites\/","name":"Vie Associative","description":"","publisher":{"@id":"https:\/\/vieassociative.be\/actualites\/#organization"},"potentialAction":[{"@type":"SearchAction","target":{"@type":"EntryPoint","urlTemplate":"https:\/\/vieassociative.be\/actualites\/?s={search_term_string}"},"query-input":{"@type":"PropertyValueSpecification","valueRequired":true,"valueName":"search_term_string"}}],"inLanguage":"fr-BE"},{"@type":"Organization","@id":"https:\/\/vieassociative.be\/actualites\/#organization","name":"Vie Associative","url":"https:\/\/vieassociative.be\/actualites\/","logo":{"@type":"ImageObject","inLanguage":"fr-BE","@id":"https:\/\/vieassociative.be\/actualites\/#\/schema\/logo\/image\/","url":"https:\/\/vieassociative.be\/actualites\/wp-content\/uploads\/2024\/09\/cropped-vieassociative_favicon.ico.png","contentUrl":"https:\/\/vieassociative.be\/actualites\/wp-content\/uploads\/2024\/09\/cropped-vieassociative_favicon.ico.png","width":512,"height":512,"caption":"Vie Associative"},"image":{"@id":"https:\/\/vieassociative.be\/actualites\/#\/schema\/logo\/image\/"}},{"@type":"Person","@id":"https:\/\/vieassociative.be\/actualites\/#\/schema\/person\/b87ac4f82f9d4e7b7cec7395b679edc4","name":"Julien","image":{"@type":"ImageObject","inLanguage":"fr-BE","@id":"https:\/\/vieassociative.be\/actualites\/#\/schema\/person\/image\/","url":"https:\/\/vieassociative.be\/actualites\/wp-content\/uploads\/2024\/09\/vie-associative-1-150x150.jpg","contentUrl":"https:\/\/vieassociative.be\/actualites\/wp-content\/uploads\/2024\/09\/vie-associative-1-150x150.jpg","caption":"Julien"},"description":"Je suis Julien, r\u00e9dacteur pour Vie Associative. Passionn\u00e9 par le monde associatif depuis plus de 10 ans, j'ai \u00e0 c\u0153ur de partager des histoires inspirantes et de mettre en lumi\u00e8re les initiatives locales. Mon objectif est de sensibiliser et d'encourager l'engagement communautaire \u00e0 travers mes articles.","sameAs":["https:\/\/vieassociative.be\/"]}]}},"_links":{"self":[{"href":"https:\/\/vieassociative.be\/actualites\/wp-json\/wp\/v2\/posts\/13397"}],"collection":[{"href":"https:\/\/vieassociative.be\/actualites\/wp-json\/wp\/v2\/posts"}],"about":[{"href":"https:\/\/vieassociative.be\/actualites\/wp-json\/wp\/v2\/types\/post"}],"author":[{"embeddable":true,"href":"https:\/\/vieassociative.be\/actualites\/wp-json\/wp\/v2\/users\/1"}],"replies":[{"embeddable":true,"href":"https:\/\/vieassociative.be\/actualites\/wp-json\/wp\/v2\/comments?post=13397"}],"version-history":[{"count":0,"href":"https:\/\/vieassociative.be\/actualites\/wp-json\/wp\/v2\/posts\/13397\/revisions"}],"wp:featuredmedia":[{"embeddable":true,"href":"https:\/\/vieassociative.be\/actualites\/wp-json\/wp\/v2\/media\/13398"}],"wp:attachment":[{"href":"https:\/\/vieassociative.be\/actualites\/wp-json\/wp\/v2\/media?parent=13397"}],"wp:term":[{"taxonomy":"category","embeddable":true,"href":"https:\/\/vieassociative.be\/actualites\/wp-json\/wp\/v2\/categories?post=13397"},{"taxonomy":"post_tag","embeddable":true,"href":"https:\/\/vieassociative.be\/actualites\/wp-json\/wp\/v2\/tags?post=13397"}],"curies":[{"name":"wp","href":"https:\/\/api.w.org\/{rel}","templated":true}]}}