{"id":13391,"date":"2026-04-10T23:17:39","date_gmt":"2026-04-10T21:17:39","guid":{"rendered":"https:\/\/vieassociative.be\/actualites\/las-eupen-fait-peur-au-beerschot-et-obtient-un-nul-3-3-dans-un-match-mouvemente-a-la-derniere-minute\/"},"modified":"2026-04-10T23:17:39","modified_gmt":"2026-04-10T21:17:39","slug":"las-eupen-fait-peur-au-beerschot-et-obtient-un-nul-3-3-dans-un-match-mouvemente-a-la-derniere-minute","status":"publish","type":"post","link":"https:\/\/vieassociative.be\/actualites\/las-eupen-fait-peur-au-beerschot-et-obtient-un-nul-3-3-dans-un-match-mouvemente-a-la-derniere-minute\/","title":{"rendered":"L&rsquo;AS Eupen fait peur au Beerschot et obtient un nul 3-3 dans un match mouvement\u00e9 \u00e0 la derni\u00e8re minute"},"content":{"rendered":"<p><strong>Avec sa meilleure performance de la saison, l&rsquo;AS Eupen a remport\u00e9 vendredi soir un point m\u00e9rit\u00e9 face au promu Beerschot au terme d&rsquo;un match mouvement\u00e9, qui pourrait s&rsquo;av\u00e9rer pr\u00e9cieux dans la lutte pour une place dans le top 6 et la participation aux barrages de promotion.<\/strong><\/p>\n<p><span id=\"more-438331\"><\/span>Pour ce dernier match \u00e0 domicile de la phase classique du championnat Challenger Pro League, Eupen affrontait un grand club traditionnel. Le Beerschot a \u00e9t\u00e9 sept fois champion de Belgique de football, la derni\u00e8re fois en 1939, et vainqueur de la coupe \u00e0 deux reprises (1971 et 1979). Pour le moment, le Beerschot n&rsquo;est que num\u00e9ro 2 \u00e0 Anvers derri\u00e8re son rival de la grande ville, le Royal Antwerp FC.<\/p>\n<p>Le Beerschot a connu dans son histoire de grandes personnalit\u00e9s de joueurs comme le l\u00e9gendaire \u00ab Bomber \u00bb belge Rik Coppens, l&rsquo;international allemand Lothar Emmerich, Roger Claessen (apr\u00e8s son passage \u00e0 l&rsquo;Alemannia Aachen) et l&rsquo;Espagnol Juan Lozano (ex-Anderlecht et ex-Real Madrid).<\/p>\n<div id=\"attachment_432241\" class=\"wp-caption alignleft\" style=\"max-width: 205px\"><img fetchpriority=\"high\" decoding=\"async\" class=\"wp-image-432241 size-medium\" src=\"https:\/\/vieassociative.be\/actualites\/wp-content\/uploads\/2025\/12\/LAS-Eupen-a-remporte-une-troisieme-victoire-consecutive-a-Eisden.jpg\" alt=\"\" width=\"205\" height=\"300\"  ><\/div>\n<p>Son compatriote Kikas, qui n&rsquo;a pas beaucoup jou\u00e9 \u00e0 l&rsquo;exception du match \u00e0 domicile contre Jong Gent, ayant \u00e9t\u00e9 suspendu aujourd&rsquo;hui, tout comme Kevin M\u00f6hwald, l&rsquo;entra\u00eeneur de l&rsquo;AS Bruno Pinheiro a d\u00fb faire appel \u00e0 Zakaria Atteri ou \u00e0 Daniel Kasper comme attaquant. Il a choisi Kasper.<\/p>\n<p>Le onze de d\u00e9part d&rsquo;Eupen : Hiller \u2013 Zague, Paeshuyse, Plastun, Gavory \u2013 Keita, Caliskan, Bar\u00e8s, M\u00fcller \u2013 Nuhu, Kasper.<\/p>\n<p>Le onze de d\u00e9part de Beerschot comprenait Genki Haraguchi, un ancien international japonais qui avait donn\u00e9 l&rsquo;avantage aux Asiatiques lors des huiti\u00e8mes de finale mouvement\u00e9s contre la Belgique lors de la Coupe du Monde 2018 en Russie, que les Diables Rouges ont remport\u00e9 3-2 apr\u00e8s avoir \u00e9t\u00e9 men\u00e9s 2-0 gr\u00e2ce \u00e0 un but de derni\u00e8re minute de Nacer Chadli.<\/p>\n<p>Les visiteurs ont eu leur premi\u00e8re occasion \u00e0 la 6e minute apr\u00e8s une erreur de passe inutile de Paeshuyse. Peu de temps apr\u00e8s, M\u00fcller a marqu\u00e9 un but pour Eupen, mais celui-ci a \u00e9t\u00e9 refus\u00e9 car l&rsquo;arbitre avait d\u00e9j\u00e0 siffl\u00e9 pour un pr\u00e9tendu handball.<\/p>\n<p>\u00c0 la 15e minute, Zague a re\u00e7u un carton jaune apr\u00e8s une faute risqu\u00e9e. Peu de temps apr\u00e8s, Keita a eu une tr\u00e8s belle occasion de mettre AS en t\u00eate, mais il s&rsquo;est pr\u00e9cipit\u00e9 trop vite et a rat\u00e9 le but.<\/p>\n<p>A la 22e minute, les 600 supporters du Beerschot qui nous accompagnaient ont eu de quoi applaudir. Apr\u00e8s que le gardien de l&rsquo;AS Hiller n&rsquo;ait pu que repousser le ballon, Guendouz a port\u00e9 le score \u00e0 0-1. Apr\u00e8s une br\u00e8ve discussion avec le juge de touche, qui avait lev\u00e9 le drapeau parce qu&rsquo;un joueur du Beerschot \u00e9tait cens\u00e9 \u00eatre hors-jeu, le but a \u00e9t\u00e9 reconnu.<\/p>\n<\/p>\n<div id=\"attachment_422095\" class=\"wp-caption alignleft\" style=\"max-width: 300px\"><img decoding=\"async\" class=\"wp-image-422095 size-medium\" src=\"https:\/\/vieassociative.be\/actualites\/wp-content\/uploads\/2025\/08\/2-0-Debut-de-la-victoire-pour-As-Eupen-contre-FC.jpg\" alt=\"\" width=\"300\" height=\"200\"><\/div>\n<p>Mais la joie des invit\u00e9s n&rsquo;a dur\u00e9 que peu de temps, car M\u00fcller a \u00e9t\u00e9 ill\u00e9galement emp\u00each\u00e9 de tirer au but de l&rsquo;autre c\u00f4t\u00e9 &#8211; l&rsquo;arbitre n&rsquo;a pas h\u00e9sit\u00e9 une seconde et a indiqu\u00e9 le point de penalty. Nuhu a converti le penalty en toute s\u00e9curit\u00e9, 1:1.<\/p>\n<p>Les choses se sont encore am\u00e9lior\u00e9es pour les Noirs et Blancs, puisque dans le temps additionnel de la premi\u00e8re mi-temps, AS a m\u00eame pris l&rsquo;avantage gr\u00e2ce \u00e0 Kasper, apr\u00e8s que le gardien de Beerschot ait \u00e9t\u00e9 sauv\u00e9 par le poteau, 2-1. Le KV Courtrai est ainsi pratiquement confirm\u00e9 comme deuxi\u00e8me promotion directe dans la Jupiler Pro League. Mais il restait encore 45 minutes \u00e0 jouer.<\/p>\n<p>Quatre minutes seulement apr\u00e8s la reprise, les supporters de l&rsquo;AS ont \u00e9t\u00e9 coup\u00e9s le souffle lorsque l&rsquo;arbitre a de nouveau indiqu\u00e9 le point de penalty, cette fois pour l&rsquo;\u00e9quipe d&rsquo;Anvers, apr\u00e8s une faute de Zague dans la surface de r\u00e9paration d&rsquo;Eupen. Heureusement pour les h\u00f4tes, le gardien Hiller a sauv\u00e9 le penalty et a prouv\u00e9 une fois de plus qu&rsquo;il \u00e9tait le meilleur joueur AS de la saison. Eupen menait 2-1 \u00e0 la pause.<\/p>\n<p>A la 55e minute, Gavory a rat\u00e9 de peu le but. L&rsquo;\u00e9quipe d&rsquo;Eupen n&rsquo;\u00e9tait plus reconnaissable par rapport aux contre-performances des matchs pr\u00e9c\u00e9dents.<\/p>\n<p>\u00c0 la 68e minute, l&rsquo;\u00e9galisation est tomb\u00e9e de nulle part apr\u00e8s que l&rsquo;entra\u00eeneur du Beerschot ait proc\u00e9d\u00e9 \u00e0 quelques changements de personnel peu de temps auparavant. Le rempla\u00e7ant Wright-Philips a marqu\u00e9 pour porter le score \u00e0 2-2.<\/p>\n<div id=\"attachment_418091\" class=\"wp-caption alignleft\" style=\"max-width: 300px\"><img decoding=\"async\" class=\"wp-image-418091 size-medium\" src=\"https:\/\/vieassociative.be\/actualites\/wp-content\/uploads\/2025\/08\/1754770661_504_2-0-Debut-de-la-victoire-pour-As-Eupen-contre-FC.jpg\" alt=\"\" width=\"300\" height=\"200\"><\/div>\n<p>Et ce n&rsquo;\u00e9tait pas tout, car trois minutes seulement apr\u00e8s l&rsquo;\u00e9galisation, Vula marquait pour porter le score \u00e0 2-3. En seulement trois minutes, AS avait encaiss\u00e9 deux buts.<\/p>\n<p>A la 80e minute, Atteri, qui rempla\u00e7ait Kasper, marquait un but, mais l&rsquo;attaquant aurait re\u00e7u le ballon alors qu&rsquo;il \u00e9tait hors-jeu. Mais comme il n&rsquo;y a pas de VAR en Challenger Pro League&#8230;<\/p>\n<p>Dans la phase finale, Eupen a pouss\u00e9 pour le 3-3, ce qui ne semblait plus possible &#8211; jusqu&rsquo;au temps additionnel, lorsque le capitaine Paeshuyse a marqu\u00e9 l&rsquo;\u00e9galisation m\u00e9rit\u00e9e \u00e0 la derni\u00e8re minute. Le KV Courtrai, qui est d\u00e9sormais la deuxi\u00e8me \u00e9quipe promue directement, peut \u00e9galement se r\u00e9jouir du match nul 3-3.<\/p>\n<p>Dans la lutte pour les Promotions Playoffs, Eisden compte 48 points, soit un point de plus que le FC Li\u00e8ge et l&rsquo;AS Eupen, m\u00eame si l&rsquo;\u00e9quipe li\u00e9geoise a jou\u00e9 un match de moins. En cas de victoire de l&rsquo;\u00e9quipe li\u00e9geoise \u00e0 Jong Gent dimanche, elle serait assur\u00e9e d&rsquo;une place dans le top 6.<\/p>\n<p>Vendredi prochain, lors de la derni\u00e8re journ\u00e9e, un duel direct aura lieu entre Li\u00e8ge et Eupen \u00e0 Rocourt, tandis qu&rsquo;Eisden accueillera les Francs Borains. Il faudrait alors \u00e0 l&rsquo;AS de s&rsquo;imposer \u00e0 Li\u00e8ge et d&rsquo;esp\u00e9rer un faux pas d&rsquo;Eisden face aux Francs Borains. (cr\u00e9er)<\/p>\n","protected":false},"excerpt":{"rendered":"<p>Avec sa meilleure performance de la saison, l&rsquo;AS Eupen a remport\u00e9 vendredi soir un point m\u00e9rit\u00e9 face au promu Beerschot au terme d&rsquo;un match mouvement\u00e9,<\/p>\n","protected":false},"author":1,"featured_media":13392,"comment_status":"","ping_status":"","sticky":false,"template":"","format":"standard","meta":{"footnotes":""},"categories":[298],"tags":[10456,166,139,2329,635,2353,2685,140,10460,4158,4304,1923],"class_list":["post-13391","post","type-post","status-publish","format-standard","has-post-thumbnail","hentry","category-belgique","tag-beerschot","tag-dans","tag-derniere","tag-eupen","tag-fait","tag-las","tag-match","tag-minute","tag-mouvemente","tag-nul","tag-obtient","tag-peur","generate-columns","tablet-grid-50","mobile-grid-100","grid-parent","grid-33"],"yoast_head":"<!-- This site is optimized with the Yoast SEO plugin v24.0 - https:\/\/yoast.com\/wordpress\/plugins\/seo\/ -->\n<title>L&#039;AS Eupen fait peur au Beerschot et obtient un nul 3-3 dans un match mouvement\u00e9 \u00e0 la derni\u00e8re minute | Vie Associative<\/title>\n<meta name=\"robots\" content=\"index, follow, max-snippet:-1, max-image-preview:large, max-video-preview:-1\" \/>\n<link rel=\"canonical\" href=\"https:\/\/vieassociative.be\/actualites\/las-eupen-fait-peur-au-beerschot-et-obtient-un-nul-3-3-dans-un-match-mouvemente-a-la-derniere-minute\/\" \/>\n<meta property=\"og:locale\" content=\"fr_FR\" \/>\n<meta property=\"og:type\" content=\"article\" \/>\n<meta property=\"og:title\" content=\"L&#039;AS Eupen fait peur au Beerschot et obtient un nul 3-3 dans un match mouvement\u00e9 \u00e0 la derni\u00e8re minute | Vie Associative\" \/>\n<meta property=\"og:description\" content=\"Avec sa meilleure performance de la saison, l&rsquo;AS Eupen a remport\u00e9 vendredi soir un point m\u00e9rit\u00e9 face au promu Beerschot au terme d&rsquo;un match mouvement\u00e9,\" \/>\n<meta property=\"og:url\" content=\"https:\/\/vieassociative.be\/actualites\/las-eupen-fait-peur-au-beerschot-et-obtient-un-nul-3-3-dans-un-match-mouvemente-a-la-derniere-minute\/\" \/>\n<meta property=\"og:site_name\" content=\"Vie Associative\" \/>\n<meta property=\"article:published_time\" content=\"2026-04-10T21:17:39+00:00\" \/>\n<meta property=\"og:image\" content=\"https:\/\/vieassociative.be\/actualites\/wp-content\/uploads\/2024\/09\/header_backgroundk-01-e1726694325946.png\" \/>\n\t<meta property=\"og:image:width\" content=\"279\" \/>\n\t<meta property=\"og:image:height\" content=\"92\" \/>\n\t<meta property=\"og:image:type\" content=\"image\/png\" \/>\n<meta name=\"author\" content=\"Julien\" \/>\n<meta name=\"twitter:card\" content=\"summary_large_image\" \/>\n<meta name=\"twitter:label1\" content=\"\u00c9crit par\" \/>\n\t<meta name=\"twitter:data1\" content=\"Julien\" \/>\n\t<meta name=\"twitter:label2\" content=\"Dur\u00e9e de lecture est.\" \/>\n\t<meta name=\"twitter:data2\" content=\"5 minutes\" \/>\n<script type=\"application\/ld+json\" class=\"yoast-schema-graph\">{\"@context\":\"https:\/\/schema.org\",\"@graph\":[{\"@type\":\"Article\",\"@id\":\"https:\/\/vieassociative.be\/actualites\/las-eupen-fait-peur-au-beerschot-et-obtient-un-nul-3-3-dans-un-match-mouvemente-a-la-derniere-minute\/#article\",\"isPartOf\":{\"@id\":\"https:\/\/vieassociative.be\/actualites\/las-eupen-fait-peur-au-beerschot-et-obtient-un-nul-3-3-dans-un-match-mouvemente-a-la-derniere-minute\/\"},\"author\":{\"name\":\"Julien\",\"@id\":\"https:\/\/vieassociative.be\/actualites\/#\/schema\/person\/b87ac4f82f9d4e7b7cec7395b679edc4\"},\"headline\":\"L&rsquo;AS Eupen fait peur au Beerschot et obtient un nul 3-3 dans un match mouvement\u00e9 \u00e0 la derni\u00e8re minute\",\"datePublished\":\"2026-04-10T21:17:39+00:00\",\"dateModified\":\"2026-04-10T21:17:39+00:00\",\"mainEntityOfPage\":{\"@id\":\"https:\/\/vieassociative.be\/actualites\/las-eupen-fait-peur-au-beerschot-et-obtient-un-nul-3-3-dans-un-match-mouvemente-a-la-derniere-minute\/\"},\"wordCount\":1001,\"publisher\":{\"@id\":\"https:\/\/vieassociative.be\/actualites\/#organization\"},\"image\":{\"@id\":\"https:\/\/vieassociative.be\/actualites\/las-eupen-fait-peur-au-beerschot-et-obtient-un-nul-3-3-dans-un-match-mouvemente-a-la-derniere-minute\/#primaryimage\"},\"thumbnailUrl\":\"https:\/\/vieassociative.be\/actualites\/wp-content\/uploads\/2026\/04\/LAS-Eupen-fait-peur-au-Beerschot-et-obtient-un-nul.jpg\",\"keywords\":[\"Beerschot\",\"dans\",\"derni\u00e8re\",\"Eupen\",\"fait\",\"lAS\",\"match\",\"minute\",\"mouvement\u00e9\",\"nul\",\"obtient\",\"peur\"],\"articleSection\":[\"Belgique\"],\"inLanguage\":\"fr-BE\"},{\"@type\":\"WebPage\",\"@id\":\"https:\/\/vieassociative.be\/actualites\/las-eupen-fait-peur-au-beerschot-et-obtient-un-nul-3-3-dans-un-match-mouvemente-a-la-derniere-minute\/\",\"url\":\"https:\/\/vieassociative.be\/actualites\/las-eupen-fait-peur-au-beerschot-et-obtient-un-nul-3-3-dans-un-match-mouvemente-a-la-derniere-minute\/\",\"name\":\"L'AS Eupen fait peur au Beerschot et obtient un nul 3-3 dans un match mouvement\u00e9 \u00e0 la derni\u00e8re minute | Vie Associative\",\"isPartOf\":{\"@id\":\"https:\/\/vieassociative.be\/actualites\/#website\"},\"primaryImageOfPage\":{\"@id\":\"https:\/\/vieassociative.be\/actualites\/las-eupen-fait-peur-au-beerschot-et-obtient-un-nul-3-3-dans-un-match-mouvemente-a-la-derniere-minute\/#primaryimage\"},\"image\":{\"@id\":\"https:\/\/vieassociative.be\/actualites\/las-eupen-fait-peur-au-beerschot-et-obtient-un-nul-3-3-dans-un-match-mouvemente-a-la-derniere-minute\/#primaryimage\"},\"thumbnailUrl\":\"https:\/\/vieassociative.be\/actualites\/wp-content\/uploads\/2026\/04\/LAS-Eupen-fait-peur-au-Beerschot-et-obtient-un-nul.jpg\",\"datePublished\":\"2026-04-10T21:17:39+00:00\",\"dateModified\":\"2026-04-10T21:17:39+00:00\",\"breadcrumb\":{\"@id\":\"https:\/\/vieassociative.be\/actualites\/las-eupen-fait-peur-au-beerschot-et-obtient-un-nul-3-3-dans-un-match-mouvemente-a-la-derniere-minute\/#breadcrumb\"},\"inLanguage\":\"fr-BE\",\"potentialAction\":[{\"@type\":\"ReadAction\",\"target\":[\"https:\/\/vieassociative.be\/actualites\/las-eupen-fait-peur-au-beerschot-et-obtient-un-nul-3-3-dans-un-match-mouvemente-a-la-derniere-minute\/\"]}]},{\"@type\":\"ImageObject\",\"inLanguage\":\"fr-BE\",\"@id\":\"https:\/\/vieassociative.be\/actualites\/las-eupen-fait-peur-au-beerschot-et-obtient-un-nul-3-3-dans-un-match-mouvemente-a-la-derniere-minute\/#primaryimage\",\"url\":\"https:\/\/vieassociative.be\/actualites\/wp-content\/uploads\/2026\/04\/LAS-Eupen-fait-peur-au-Beerschot-et-obtient-un-nul.jpg\",\"contentUrl\":\"https:\/\/vieassociative.be\/actualites\/wp-content\/uploads\/2026\/04\/LAS-Eupen-fait-peur-au-Beerschot-et-obtient-un-nul.jpg\",\"width\":1200,\"height\":801,\"caption\":\"L'AS Eupen fait peur au Beerschot et obtient un nul 3-3 dans un match mouvement\u00e9 \u00e0 la derni\u00e8re minute\"},{\"@type\":\"BreadcrumbList\",\"@id\":\"https:\/\/vieassociative.be\/actualites\/las-eupen-fait-peur-au-beerschot-et-obtient-un-nul-3-3-dans-un-match-mouvemente-a-la-derniere-minute\/#breadcrumb\",\"itemListElement\":[{\"@type\":\"ListItem\",\"position\":1,\"name\":\"Accueil\",\"item\":\"https:\/\/vieassociative.be\/actualites\/\"},{\"@type\":\"ListItem\",\"position\":2,\"name\":\"L&rsquo;AS Eupen fait peur au Beerschot et obtient un nul 3-3 dans un match mouvement\u00e9 \u00e0 la derni\u00e8re minute\"}]},{\"@type\":\"WebSite\",\"@id\":\"https:\/\/vieassociative.be\/actualites\/#website\",\"url\":\"https:\/\/vieassociative.be\/actualites\/\",\"name\":\"Vie Associative\",\"description\":\"\",\"publisher\":{\"@id\":\"https:\/\/vieassociative.be\/actualites\/#organization\"},\"potentialAction\":[{\"@type\":\"SearchAction\",\"target\":{\"@type\":\"EntryPoint\",\"urlTemplate\":\"https:\/\/vieassociative.be\/actualites\/?s={search_term_string}\"},\"query-input\":{\"@type\":\"PropertyValueSpecification\",\"valueRequired\":true,\"valueName\":\"search_term_string\"}}],\"inLanguage\":\"fr-BE\"},{\"@type\":\"Organization\",\"@id\":\"https:\/\/vieassociative.be\/actualites\/#organization\",\"name\":\"Vie Associative\",\"url\":\"https:\/\/vieassociative.be\/actualites\/\",\"logo\":{\"@type\":\"ImageObject\",\"inLanguage\":\"fr-BE\",\"@id\":\"https:\/\/vieassociative.be\/actualites\/#\/schema\/logo\/image\/\",\"url\":\"https:\/\/vieassociative.be\/actualites\/wp-content\/uploads\/2024\/09\/cropped-vieassociative_favicon.ico.png\",\"contentUrl\":\"https:\/\/vieassociative.be\/actualites\/wp-content\/uploads\/2024\/09\/cropped-vieassociative_favicon.ico.png\",\"width\":512,\"height\":512,\"caption\":\"Vie Associative\"},\"image\":{\"@id\":\"https:\/\/vieassociative.be\/actualites\/#\/schema\/logo\/image\/\"}},{\"@type\":\"Person\",\"@id\":\"https:\/\/vieassociative.be\/actualites\/#\/schema\/person\/b87ac4f82f9d4e7b7cec7395b679edc4\",\"name\":\"Julien\",\"image\":{\"@type\":\"ImageObject\",\"inLanguage\":\"fr-BE\",\"@id\":\"https:\/\/vieassociative.be\/actualites\/#\/schema\/person\/image\/\",\"url\":\"https:\/\/vieassociative.be\/actualites\/wp-content\/uploads\/2024\/09\/vie-associative-1-150x150.jpg\",\"contentUrl\":\"https:\/\/vieassociative.be\/actualites\/wp-content\/uploads\/2024\/09\/vie-associative-1-150x150.jpg\",\"caption\":\"Julien\"},\"description\":\"Je suis Julien, r\u00e9dacteur pour Vie Associative. Passionn\u00e9 par le monde associatif depuis plus de 10 ans, j'ai \u00e0 c\u0153ur de partager des histoires inspirantes et de mettre en lumi\u00e8re les initiatives locales. Mon objectif est de sensibiliser et d'encourager l'engagement communautaire \u00e0 travers mes articles.\",\"sameAs\":[\"https:\/\/vieassociative.be\/\"]}]}<\/script>\n<!-- \/ Yoast SEO plugin. -->","yoast_head_json":{"title":"L'AS Eupen fait peur au Beerschot et obtient un nul 3-3 dans un match mouvement\u00e9 \u00e0 la derni\u00e8re minute | Vie Associative","robots":{"index":"index","follow":"follow","max-snippet":"max-snippet:-1","max-image-preview":"max-image-preview:large","max-video-preview":"max-video-preview:-1"},"canonical":"https:\/\/vieassociative.be\/actualites\/las-eupen-fait-peur-au-beerschot-et-obtient-un-nul-3-3-dans-un-match-mouvemente-a-la-derniere-minute\/","og_locale":"fr_FR","og_type":"article","og_title":"L'AS Eupen fait peur au Beerschot et obtient un nul 3-3 dans un match mouvement\u00e9 \u00e0 la derni\u00e8re minute | Vie Associative","og_description":"Avec sa meilleure performance de la saison, l&rsquo;AS Eupen a remport\u00e9 vendredi soir un point m\u00e9rit\u00e9 face au promu Beerschot au terme d&rsquo;un match mouvement\u00e9,","og_url":"https:\/\/vieassociative.be\/actualites\/las-eupen-fait-peur-au-beerschot-et-obtient-un-nul-3-3-dans-un-match-mouvemente-a-la-derniere-minute\/","og_site_name":"Vie Associative","article_published_time":"2026-04-10T21:17:39+00:00","og_image":[{"width":279,"height":92,"url":"https:\/\/vieassociative.be\/actualites\/wp-content\/uploads\/2024\/09\/header_backgroundk-01-e1726694325946.png","type":"image\/png"}],"author":"Julien","twitter_card":"summary_large_image","twitter_misc":{"\u00c9crit par":"Julien","Dur\u00e9e de lecture est.":"5 minutes"},"schema":{"@context":"https:\/\/schema.org","@graph":[{"@type":"Article","@id":"https:\/\/vieassociative.be\/actualites\/las-eupen-fait-peur-au-beerschot-et-obtient-un-nul-3-3-dans-un-match-mouvemente-a-la-derniere-minute\/#article","isPartOf":{"@id":"https:\/\/vieassociative.be\/actualites\/las-eupen-fait-peur-au-beerschot-et-obtient-un-nul-3-3-dans-un-match-mouvemente-a-la-derniere-minute\/"},"author":{"name":"Julien","@id":"https:\/\/vieassociative.be\/actualites\/#\/schema\/person\/b87ac4f82f9d4e7b7cec7395b679edc4"},"headline":"L&rsquo;AS Eupen fait peur au Beerschot et obtient un nul 3-3 dans un match mouvement\u00e9 \u00e0 la derni\u00e8re minute","datePublished":"2026-04-10T21:17:39+00:00","dateModified":"2026-04-10T21:17:39+00:00","mainEntityOfPage":{"@id":"https:\/\/vieassociative.be\/actualites\/las-eupen-fait-peur-au-beerschot-et-obtient-un-nul-3-3-dans-un-match-mouvemente-a-la-derniere-minute\/"},"wordCount":1001,"publisher":{"@id":"https:\/\/vieassociative.be\/actualites\/#organization"},"image":{"@id":"https:\/\/vieassociative.be\/actualites\/las-eupen-fait-peur-au-beerschot-et-obtient-un-nul-3-3-dans-un-match-mouvemente-a-la-derniere-minute\/#primaryimage"},"thumbnailUrl":"https:\/\/vieassociative.be\/actualites\/wp-content\/uploads\/2026\/04\/LAS-Eupen-fait-peur-au-Beerschot-et-obtient-un-nul.jpg","keywords":["Beerschot","dans","derni\u00e8re","Eupen","fait","lAS","match","minute","mouvement\u00e9","nul","obtient","peur"],"articleSection":["Belgique"],"inLanguage":"fr-BE"},{"@type":"WebPage","@id":"https:\/\/vieassociative.be\/actualites\/las-eupen-fait-peur-au-beerschot-et-obtient-un-nul-3-3-dans-un-match-mouvemente-a-la-derniere-minute\/","url":"https:\/\/vieassociative.be\/actualites\/las-eupen-fait-peur-au-beerschot-et-obtient-un-nul-3-3-dans-un-match-mouvemente-a-la-derniere-minute\/","name":"L'AS Eupen fait peur au Beerschot et obtient un nul 3-3 dans un match mouvement\u00e9 \u00e0 la derni\u00e8re minute | Vie Associative","isPartOf":{"@id":"https:\/\/vieassociative.be\/actualites\/#website"},"primaryImageOfPage":{"@id":"https:\/\/vieassociative.be\/actualites\/las-eupen-fait-peur-au-beerschot-et-obtient-un-nul-3-3-dans-un-match-mouvemente-a-la-derniere-minute\/#primaryimage"},"image":{"@id":"https:\/\/vieassociative.be\/actualites\/las-eupen-fait-peur-au-beerschot-et-obtient-un-nul-3-3-dans-un-match-mouvemente-a-la-derniere-minute\/#primaryimage"},"thumbnailUrl":"https:\/\/vieassociative.be\/actualites\/wp-content\/uploads\/2026\/04\/LAS-Eupen-fait-peur-au-Beerschot-et-obtient-un-nul.jpg","datePublished":"2026-04-10T21:17:39+00:00","dateModified":"2026-04-10T21:17:39+00:00","breadcrumb":{"@id":"https:\/\/vieassociative.be\/actualites\/las-eupen-fait-peur-au-beerschot-et-obtient-un-nul-3-3-dans-un-match-mouvemente-a-la-derniere-minute\/#breadcrumb"},"inLanguage":"fr-BE","potentialAction":[{"@type":"ReadAction","target":["https:\/\/vieassociative.be\/actualites\/las-eupen-fait-peur-au-beerschot-et-obtient-un-nul-3-3-dans-un-match-mouvemente-a-la-derniere-minute\/"]}]},{"@type":"ImageObject","inLanguage":"fr-BE","@id":"https:\/\/vieassociative.be\/actualites\/las-eupen-fait-peur-au-beerschot-et-obtient-un-nul-3-3-dans-un-match-mouvemente-a-la-derniere-minute\/#primaryimage","url":"https:\/\/vieassociative.be\/actualites\/wp-content\/uploads\/2026\/04\/LAS-Eupen-fait-peur-au-Beerschot-et-obtient-un-nul.jpg","contentUrl":"https:\/\/vieassociative.be\/actualites\/wp-content\/uploads\/2026\/04\/LAS-Eupen-fait-peur-au-Beerschot-et-obtient-un-nul.jpg","width":1200,"height":801,"caption":"L'AS Eupen fait peur au Beerschot et obtient un nul 3-3 dans un match mouvement\u00e9 \u00e0 la derni\u00e8re minute"},{"@type":"BreadcrumbList","@id":"https:\/\/vieassociative.be\/actualites\/las-eupen-fait-peur-au-beerschot-et-obtient-un-nul-3-3-dans-un-match-mouvemente-a-la-derniere-minute\/#breadcrumb","itemListElement":[{"@type":"ListItem","position":1,"name":"Accueil","item":"https:\/\/vieassociative.be\/actualites\/"},{"@type":"ListItem","position":2,"name":"L&rsquo;AS Eupen fait peur au Beerschot et obtient un nul 3-3 dans un match mouvement\u00e9 \u00e0 la derni\u00e8re minute"}]},{"@type":"WebSite","@id":"https:\/\/vieassociative.be\/actualites\/#website","url":"https:\/\/vieassociative.be\/actualites\/","name":"Vie Associative","description":"","publisher":{"@id":"https:\/\/vieassociative.be\/actualites\/#organization"},"potentialAction":[{"@type":"SearchAction","target":{"@type":"EntryPoint","urlTemplate":"https:\/\/vieassociative.be\/actualites\/?s={search_term_string}"},"query-input":{"@type":"PropertyValueSpecification","valueRequired":true,"valueName":"search_term_string"}}],"inLanguage":"fr-BE"},{"@type":"Organization","@id":"https:\/\/vieassociative.be\/actualites\/#organization","name":"Vie Associative","url":"https:\/\/vieassociative.be\/actualites\/","logo":{"@type":"ImageObject","inLanguage":"fr-BE","@id":"https:\/\/vieassociative.be\/actualites\/#\/schema\/logo\/image\/","url":"https:\/\/vieassociative.be\/actualites\/wp-content\/uploads\/2024\/09\/cropped-vieassociative_favicon.ico.png","contentUrl":"https:\/\/vieassociative.be\/actualites\/wp-content\/uploads\/2024\/09\/cropped-vieassociative_favicon.ico.png","width":512,"height":512,"caption":"Vie Associative"},"image":{"@id":"https:\/\/vieassociative.be\/actualites\/#\/schema\/logo\/image\/"}},{"@type":"Person","@id":"https:\/\/vieassociative.be\/actualites\/#\/schema\/person\/b87ac4f82f9d4e7b7cec7395b679edc4","name":"Julien","image":{"@type":"ImageObject","inLanguage":"fr-BE","@id":"https:\/\/vieassociative.be\/actualites\/#\/schema\/person\/image\/","url":"https:\/\/vieassociative.be\/actualites\/wp-content\/uploads\/2024\/09\/vie-associative-1-150x150.jpg","contentUrl":"https:\/\/vieassociative.be\/actualites\/wp-content\/uploads\/2024\/09\/vie-associative-1-150x150.jpg","caption":"Julien"},"description":"Je suis Julien, r\u00e9dacteur pour Vie Associative. Passionn\u00e9 par le monde associatif depuis plus de 10 ans, j'ai \u00e0 c\u0153ur de partager des histoires inspirantes et de mettre en lumi\u00e8re les initiatives locales. Mon objectif est de sensibiliser et d'encourager l'engagement communautaire \u00e0 travers mes articles.","sameAs":["https:\/\/vieassociative.be\/"]}]}},"_links":{"self":[{"href":"https:\/\/vieassociative.be\/actualites\/wp-json\/wp\/v2\/posts\/13391"}],"collection":[{"href":"https:\/\/vieassociative.be\/actualites\/wp-json\/wp\/v2\/posts"}],"about":[{"href":"https:\/\/vieassociative.be\/actualites\/wp-json\/wp\/v2\/types\/post"}],"author":[{"embeddable":true,"href":"https:\/\/vieassociative.be\/actualites\/wp-json\/wp\/v2\/users\/1"}],"replies":[{"embeddable":true,"href":"https:\/\/vieassociative.be\/actualites\/wp-json\/wp\/v2\/comments?post=13391"}],"version-history":[{"count":0,"href":"https:\/\/vieassociative.be\/actualites\/wp-json\/wp\/v2\/posts\/13391\/revisions"}],"wp:featuredmedia":[{"embeddable":true,"href":"https:\/\/vieassociative.be\/actualites\/wp-json\/wp\/v2\/media\/13392"}],"wp:attachment":[{"href":"https:\/\/vieassociative.be\/actualites\/wp-json\/wp\/v2\/media?parent=13391"}],"wp:term":[{"taxonomy":"category","embeddable":true,"href":"https:\/\/vieassociative.be\/actualites\/wp-json\/wp\/v2\/categories?post=13391"},{"taxonomy":"post_tag","embeddable":true,"href":"https:\/\/vieassociative.be\/actualites\/wp-json\/wp\/v2\/tags?post=13391"}],"curies":[{"name":"wp","href":"https:\/\/api.w.org\/{rel}","templated":true}]}}