{"id":13388,"date":"2026-04-10T17:17:54","date_gmt":"2026-04-10T15:17:54","guid":{"rendered":"https:\/\/vieassociative.be\/actualites\/changement-de-pouvoir-en-hongrie-viktor-orban-doit-trembler\/"},"modified":"2026-04-10T17:17:54","modified_gmt":"2026-04-10T15:17:54","slug":"changement-de-pouvoir-en-hongrie-viktor-orban-doit-trembler","status":"publish","type":"post","link":"https:\/\/vieassociative.be\/actualites\/changement-de-pouvoir-en-hongrie-viktor-orban-doit-trembler\/","title":{"rendered":"Changement de pouvoir en Hongrie ? \u2013 Viktor Orban doit trembler"},"content":{"rendered":"<p><strong>Viktor Orban est le plus grand opposant \u00e0 l\u2019UE au sein de l\u2019UE. Ce que le Premier ministre hongrois se permet n\u2019en vaut pas la peine. Dans n\u2019importe quelle entreprise, quelqu\u2019un qui se comporterait comme lui serait licenci\u00e9 sans pr\u00e9avis.<\/strong><\/p>\n<p><span id=\"more-438323\"><\/span>Orban fait ce qu&rsquo;il veut. Il profite d\u2019un d\u00e9faut de conception de l\u2019UE, qui n\u2019a pas les moyens d\u2019exclure la Hongrie. Ceci n&rsquo;est pas pr\u00e9vu dans les trait\u00e9s europ\u00e9ens. <\/p>\n<p>Les fondateurs du projet europ\u00e9en \u00e9taient quelque peu na\u00effs en croyant qu\u2019apr\u00e8s le traumatisme de la Seconde Guerre mondiale, aucun \u00c9tat membre ne foulerait plus jamais les valeurs d\u00e9mocratiques.<\/p>\n<p>Il existe des sanctions en cas d&rsquo;atteinte \u00e0 l&rsquo;\u00c9tat de droit. La Hongrie, par exemple, pourrait perdre son droit de vote au Conseil europ\u00e9en. Mais cette sanction est difficile \u00e0 mettre en \u0153uvre. Une affaire initi\u00e9e en 2018 est d\u00e9sormais pendante.<\/p>\n<div id=\"attachment_438328\" class=\"wp-caption alignleft\" style=\"max-width: 300px\"><img fetchpriority=\"high\" decoding=\"async\" class=\"wp-image-438328 size-medium\" src=\"https:\/\/vieassociative.be\/actualites\/wp-content\/uploads\/2026\/04\/Changement-de-pouvoir-en-Hongrie-\u2013-Viktor-Orban-doit.jpg\" alt=\"\" width=\"300\" height=\"200\"><\/div>\n<p>Les fonds europ\u00e9ens peuvent \u00e9galement \u00eatre retir\u00e9s de Hongrie. D\u2019ailleurs, c\u2019est d\u00e9j\u00e0 le cas. Actuellement, 18 milliards d&rsquo;euros sont gel\u00e9s. Une mesure s\u00e9rieuse pour un pays en grande difficult\u00e9 \u00e9conomique. Mais rien ne peut convaincre Viktor Orban de c\u00e9der.<\/p>\n<p>Ce que le chef du gouvernement hongrois doit craindre en revanche, c&rsquo;est les \u00e9lections l\u00e9gislatives de ce dimanche 12 avril. Pour la premi\u00e8re fois depuis des ann\u00e9es, une r\u00e9sistance politique s\u00e9rieuse se forme \u2013 et elle a un visage : Peter Magyar.<\/p>\n<p>L&rsquo;avocat et ancien initi\u00e9 du syst\u00e8me conna\u00eet les m\u00e9canismes du pouvoir de par sa propre exp\u00e9rience. Il a longtemps \u00e9volu\u00e9 au sein du gouvernement avant de se s\u00e9parer de fa\u00e7on spectaculaire d\u2019Orban et de devenir l\u2019un de ses critiques les plus virulents.<\/p>\n<p>C&rsquo;est pr\u00e9cis\u00e9ment cette biographie qui le rend int\u00e9ressant pour de nombreux Hongrois. Magyar n\u2019est pas un politicien d\u2019opposition classique, mais plut\u00f4t un transfuge de l\u2019appareil de pouvoir. Il parle la langue de ceux qui ont soutenu Orban auparavant \u2013 et touche ainsi des groupes d\u2019\u00e9lecteurs difficilement accessibles \u00e0 l\u2019opposition traditionnelle. Son message est moins id\u00e9ologique que pragmatique : moins de corruption, plus d\u2019\u00c9tat de droit, un \u00c9tat qui fonctionne.<\/p>\n<div id=\"attachment_438327\" class=\"wp-caption alignleft\" style=\"max-width: 300px\"><img decoding=\"async\" class=\"wp-image-438327 size-medium\" src=\"https:\/\/vieassociative.be\/actualites\/wp-content\/uploads\/2026\/04\/1775834274_161_Changement-de-pouvoir-en-Hongrie-\u2013-Viktor-Orban-doit.jpg\" alt=\"\" width=\"300\" height=\"200\"><\/div>\n<p>En peu de temps, il a r\u00e9ussi \u00e0 construire un mouvement qui se nourrit principalement de la frustration croissante dans le pays. De nombreux Hongrois s&rsquo;inqui\u00e8tent de la hausse des prix, de la stagnation des salaires et du sentiment d&rsquo;isolement international. Magyar canalise son m\u00e9contentement &#8211; non pas comme un opposant radical au syst\u00e8me, mais comme quelqu&rsquo;un qui promet un changement de cap au sein du syst\u00e8me.<\/p>\n<p>Mais son ascension comporte aussi des risques. Les critiques l\u2019accusent d\u2019inexp\u00e9rience politique et doutent de sa capacit\u00e9 \u00e0 diriger un pays aussi complexe que la Hongrie. On ne sait pas non plus dans quelle mesure son alliance est stable et si elle peut r\u00e9sister \u00e0 la pression d&rsquo;une campagne \u00e9lectorale au cours de laquelle l&rsquo;appareil de pouvoir d&rsquo;Orban utilise tous les moyens possibles.<\/p>\n<p>N\u00e9anmoins, si quelqu\u2019un pouvait constituer une menace pour Orban, ce serait bien les Magyars. Non pas parce que l\u2019opposition est soudainement forte, mais parce qu\u2019elle comble une lacune ouverte depuis longtemps : celle d\u2019un contre-projet cr\u00e9dible venant de l\u2019int\u00e9rieur du syst\u00e8me. Dimanche, il ne sera pas seulement d\u00e9cid\u00e9 si Viktor Orban restera au pouvoir. Il s&rsquo;agira \u00e9galement de d\u00e9terminer si un \u00e9tranger politique poss\u00e9dant des connaissances privil\u00e9gi\u00e9es peut modifier durablement l&rsquo;\u00e9quilibre des pouvoirs en Hongrie &#8211; et si l&rsquo;Europe peut s&rsquo;attendre \u00e0 une Hongrie diff\u00e9rente \u00e0 l&rsquo;avenir. (cr\u00e9er)<\/p>\n","protected":false},"excerpt":{"rendered":"<p>Viktor Orban est le plus grand opposant \u00e0 l\u2019UE au sein de l\u2019UE. Ce que le Premier ministre hongrois se permet n\u2019en vaut pas la<\/p>\n","protected":false},"author":1,"featured_media":12561,"comment_status":"","ping_status":"","sticky":false,"template":"","format":"standard","meta":{"footnotes":""},"categories":[298],"tags":[2590,2552,3330,7060,3860,10458,7059],"class_list":["post-13388","post","type-post","status-publish","format-standard","has-post-thumbnail","hentry","category-belgique","tag-changement","tag-doit","tag-hongrie","tag-orban","tag-pouvoir","tag-trembler","tag-viktor","generate-columns","tablet-grid-50","mobile-grid-100","grid-parent","grid-33"],"yoast_head":"<!-- This site is optimized with the Yoast SEO plugin v24.0 - https:\/\/yoast.com\/wordpress\/plugins\/seo\/ -->\n<title>Changement de pouvoir en Hongrie ? \u2013 Viktor Orban doit trembler | Vie Associative<\/title>\n<meta name=\"robots\" content=\"index, follow, max-snippet:-1, max-image-preview:large, max-video-preview:-1\" \/>\n<link rel=\"canonical\" href=\"https:\/\/vieassociative.be\/actualites\/changement-de-pouvoir-en-hongrie-viktor-orban-doit-trembler\/\" \/>\n<meta property=\"og:locale\" content=\"fr_FR\" \/>\n<meta property=\"og:type\" content=\"article\" \/>\n<meta property=\"og:title\" content=\"Changement de pouvoir en Hongrie ? \u2013 Viktor Orban doit trembler | Vie Associative\" \/>\n<meta property=\"og:description\" content=\"Viktor Orban est le plus grand opposant \u00e0 l\u2019UE au sein de l\u2019UE. Ce que le Premier ministre hongrois se permet n\u2019en vaut pas la\" \/>\n<meta property=\"og:url\" content=\"https:\/\/vieassociative.be\/actualites\/changement-de-pouvoir-en-hongrie-viktor-orban-doit-trembler\/\" \/>\n<meta property=\"og:site_name\" content=\"Vie Associative\" \/>\n<meta property=\"article:published_time\" content=\"2026-04-10T15:17:54+00:00\" \/>\n<meta property=\"og:image\" content=\"https:\/\/vieassociative.be\/actualites\/wp-content\/uploads\/2024\/09\/header_backgroundk-01-e1726694325946.png\" \/>\n\t<meta property=\"og:image:width\" content=\"279\" \/>\n\t<meta property=\"og:image:height\" content=\"92\" \/>\n\t<meta property=\"og:image:type\" content=\"image\/png\" \/>\n<meta name=\"author\" content=\"Julien\" \/>\n<meta name=\"twitter:card\" content=\"summary_large_image\" \/>\n<meta name=\"twitter:label1\" content=\"\u00c9crit par\" \/>\n\t<meta name=\"twitter:data1\" content=\"Julien\" \/>\n\t<meta name=\"twitter:label2\" content=\"Dur\u00e9e de lecture est.\" \/>\n\t<meta name=\"twitter:data2\" content=\"3 minutes\" \/>\n<script type=\"application\/ld+json\" class=\"yoast-schema-graph\">{\"@context\":\"https:\/\/schema.org\",\"@graph\":[{\"@type\":\"Article\",\"@id\":\"https:\/\/vieassociative.be\/actualites\/changement-de-pouvoir-en-hongrie-viktor-orban-doit-trembler\/#article\",\"isPartOf\":{\"@id\":\"https:\/\/vieassociative.be\/actualites\/changement-de-pouvoir-en-hongrie-viktor-orban-doit-trembler\/\"},\"author\":{\"name\":\"Julien\",\"@id\":\"https:\/\/vieassociative.be\/actualites\/#\/schema\/person\/b87ac4f82f9d4e7b7cec7395b679edc4\"},\"headline\":\"Changement de pouvoir en Hongrie ? \u2013 Viktor Orban doit trembler\",\"datePublished\":\"2026-04-10T15:17:54+00:00\",\"dateModified\":\"2026-04-10T15:17:54+00:00\",\"mainEntityOfPage\":{\"@id\":\"https:\/\/vieassociative.be\/actualites\/changement-de-pouvoir-en-hongrie-viktor-orban-doit-trembler\/\"},\"wordCount\":639,\"publisher\":{\"@id\":\"https:\/\/vieassociative.be\/actualites\/#organization\"},\"image\":{\"@id\":\"https:\/\/vieassociative.be\/actualites\/changement-de-pouvoir-en-hongrie-viktor-orban-doit-trembler\/#primaryimage\"},\"thumbnailUrl\":\"https:\/\/vieassociative.be\/actualites\/wp-content\/uploads\/2026\/02\/1770571254_Orban-decrit-lUkraine-comme-un-ennemi-de-la.jpg\",\"keywords\":[\"Changement\",\"doit\",\"Hongrie\",\"orban\",\"pouvoir\",\"trembler\",\"viktor\"],\"articleSection\":[\"Belgique\"],\"inLanguage\":\"fr-BE\"},{\"@type\":\"WebPage\",\"@id\":\"https:\/\/vieassociative.be\/actualites\/changement-de-pouvoir-en-hongrie-viktor-orban-doit-trembler\/\",\"url\":\"https:\/\/vieassociative.be\/actualites\/changement-de-pouvoir-en-hongrie-viktor-orban-doit-trembler\/\",\"name\":\"Changement de pouvoir en Hongrie ? \u2013 Viktor Orban doit trembler | Vie Associative\",\"isPartOf\":{\"@id\":\"https:\/\/vieassociative.be\/actualites\/#website\"},\"primaryImageOfPage\":{\"@id\":\"https:\/\/vieassociative.be\/actualites\/changement-de-pouvoir-en-hongrie-viktor-orban-doit-trembler\/#primaryimage\"},\"image\":{\"@id\":\"https:\/\/vieassociative.be\/actualites\/changement-de-pouvoir-en-hongrie-viktor-orban-doit-trembler\/#primaryimage\"},\"thumbnailUrl\":\"https:\/\/vieassociative.be\/actualites\/wp-content\/uploads\/2026\/02\/1770571254_Orban-decrit-lUkraine-comme-un-ennemi-de-la.jpg\",\"datePublished\":\"2026-04-10T15:17:54+00:00\",\"dateModified\":\"2026-04-10T15:17:54+00:00\",\"breadcrumb\":{\"@id\":\"https:\/\/vieassociative.be\/actualites\/changement-de-pouvoir-en-hongrie-viktor-orban-doit-trembler\/#breadcrumb\"},\"inLanguage\":\"fr-BE\",\"potentialAction\":[{\"@type\":\"ReadAction\",\"target\":[\"https:\/\/vieassociative.be\/actualites\/changement-de-pouvoir-en-hongrie-viktor-orban-doit-trembler\/\"]}]},{\"@type\":\"ImageObject\",\"inLanguage\":\"fr-BE\",\"@id\":\"https:\/\/vieassociative.be\/actualites\/changement-de-pouvoir-en-hongrie-viktor-orban-doit-trembler\/#primaryimage\",\"url\":\"https:\/\/vieassociative.be\/actualites\/wp-content\/uploads\/2026\/02\/1770571254_Orban-decrit-lUkraine-comme-un-ennemi-de-la.jpg\",\"contentUrl\":\"https:\/\/vieassociative.be\/actualites\/wp-content\/uploads\/2026\/02\/1770571254_Orban-decrit-lUkraine-comme-un-ennemi-de-la.jpg\",\"width\":1200,\"height\":800,\"caption\":\"Orban d\u00e9crit l\u2019Ukraine comme un \u00ab ennemi \u00bb de la Hongrie\"},{\"@type\":\"BreadcrumbList\",\"@id\":\"https:\/\/vieassociative.be\/actualites\/changement-de-pouvoir-en-hongrie-viktor-orban-doit-trembler\/#breadcrumb\",\"itemListElement\":[{\"@type\":\"ListItem\",\"position\":1,\"name\":\"Accueil\",\"item\":\"https:\/\/vieassociative.be\/actualites\/\"},{\"@type\":\"ListItem\",\"position\":2,\"name\":\"Changement de pouvoir en Hongrie ? \u2013 Viktor Orban doit trembler\"}]},{\"@type\":\"WebSite\",\"@id\":\"https:\/\/vieassociative.be\/actualites\/#website\",\"url\":\"https:\/\/vieassociative.be\/actualites\/\",\"name\":\"Vie Associative\",\"description\":\"\",\"publisher\":{\"@id\":\"https:\/\/vieassociative.be\/actualites\/#organization\"},\"potentialAction\":[{\"@type\":\"SearchAction\",\"target\":{\"@type\":\"EntryPoint\",\"urlTemplate\":\"https:\/\/vieassociative.be\/actualites\/?s={search_term_string}\"},\"query-input\":{\"@type\":\"PropertyValueSpecification\",\"valueRequired\":true,\"valueName\":\"search_term_string\"}}],\"inLanguage\":\"fr-BE\"},{\"@type\":\"Organization\",\"@id\":\"https:\/\/vieassociative.be\/actualites\/#organization\",\"name\":\"Vie Associative\",\"url\":\"https:\/\/vieassociative.be\/actualites\/\",\"logo\":{\"@type\":\"ImageObject\",\"inLanguage\":\"fr-BE\",\"@id\":\"https:\/\/vieassociative.be\/actualites\/#\/schema\/logo\/image\/\",\"url\":\"https:\/\/vieassociative.be\/actualites\/wp-content\/uploads\/2024\/09\/cropped-vieassociative_favicon.ico.png\",\"contentUrl\":\"https:\/\/vieassociative.be\/actualites\/wp-content\/uploads\/2024\/09\/cropped-vieassociative_favicon.ico.png\",\"width\":512,\"height\":512,\"caption\":\"Vie Associative\"},\"image\":{\"@id\":\"https:\/\/vieassociative.be\/actualites\/#\/schema\/logo\/image\/\"}},{\"@type\":\"Person\",\"@id\":\"https:\/\/vieassociative.be\/actualites\/#\/schema\/person\/b87ac4f82f9d4e7b7cec7395b679edc4\",\"name\":\"Julien\",\"image\":{\"@type\":\"ImageObject\",\"inLanguage\":\"fr-BE\",\"@id\":\"https:\/\/vieassociative.be\/actualites\/#\/schema\/person\/image\/\",\"url\":\"https:\/\/vieassociative.be\/actualites\/wp-content\/uploads\/2024\/09\/vie-associative-1-150x150.jpg\",\"contentUrl\":\"https:\/\/vieassociative.be\/actualites\/wp-content\/uploads\/2024\/09\/vie-associative-1-150x150.jpg\",\"caption\":\"Julien\"},\"description\":\"Je suis Julien, r\u00e9dacteur pour Vie Associative. Passionn\u00e9 par le monde associatif depuis plus de 10 ans, j'ai \u00e0 c\u0153ur de partager des histoires inspirantes et de mettre en lumi\u00e8re les initiatives locales. Mon objectif est de sensibiliser et d'encourager l'engagement communautaire \u00e0 travers mes articles.\",\"sameAs\":[\"https:\/\/vieassociative.be\/\"]}]}<\/script>\n<!-- \/ Yoast SEO plugin. -->","yoast_head_json":{"title":"Changement de pouvoir en Hongrie ? \u2013 Viktor Orban doit trembler | Vie Associative","robots":{"index":"index","follow":"follow","max-snippet":"max-snippet:-1","max-image-preview":"max-image-preview:large","max-video-preview":"max-video-preview:-1"},"canonical":"https:\/\/vieassociative.be\/actualites\/changement-de-pouvoir-en-hongrie-viktor-orban-doit-trembler\/","og_locale":"fr_FR","og_type":"article","og_title":"Changement de pouvoir en Hongrie ? \u2013 Viktor Orban doit trembler | Vie Associative","og_description":"Viktor Orban est le plus grand opposant \u00e0 l\u2019UE au sein de l\u2019UE. Ce que le Premier ministre hongrois se permet n\u2019en vaut pas la","og_url":"https:\/\/vieassociative.be\/actualites\/changement-de-pouvoir-en-hongrie-viktor-orban-doit-trembler\/","og_site_name":"Vie Associative","article_published_time":"2026-04-10T15:17:54+00:00","og_image":[{"width":279,"height":92,"url":"https:\/\/vieassociative.be\/actualites\/wp-content\/uploads\/2024\/09\/header_backgroundk-01-e1726694325946.png","type":"image\/png"}],"author":"Julien","twitter_card":"summary_large_image","twitter_misc":{"\u00c9crit par":"Julien","Dur\u00e9e de lecture est.":"3 minutes"},"schema":{"@context":"https:\/\/schema.org","@graph":[{"@type":"Article","@id":"https:\/\/vieassociative.be\/actualites\/changement-de-pouvoir-en-hongrie-viktor-orban-doit-trembler\/#article","isPartOf":{"@id":"https:\/\/vieassociative.be\/actualites\/changement-de-pouvoir-en-hongrie-viktor-orban-doit-trembler\/"},"author":{"name":"Julien","@id":"https:\/\/vieassociative.be\/actualites\/#\/schema\/person\/b87ac4f82f9d4e7b7cec7395b679edc4"},"headline":"Changement de pouvoir en Hongrie ? \u2013 Viktor Orban doit trembler","datePublished":"2026-04-10T15:17:54+00:00","dateModified":"2026-04-10T15:17:54+00:00","mainEntityOfPage":{"@id":"https:\/\/vieassociative.be\/actualites\/changement-de-pouvoir-en-hongrie-viktor-orban-doit-trembler\/"},"wordCount":639,"publisher":{"@id":"https:\/\/vieassociative.be\/actualites\/#organization"},"image":{"@id":"https:\/\/vieassociative.be\/actualites\/changement-de-pouvoir-en-hongrie-viktor-orban-doit-trembler\/#primaryimage"},"thumbnailUrl":"https:\/\/vieassociative.be\/actualites\/wp-content\/uploads\/2026\/02\/1770571254_Orban-decrit-lUkraine-comme-un-ennemi-de-la.jpg","keywords":["Changement","doit","Hongrie","orban","pouvoir","trembler","viktor"],"articleSection":["Belgique"],"inLanguage":"fr-BE"},{"@type":"WebPage","@id":"https:\/\/vieassociative.be\/actualites\/changement-de-pouvoir-en-hongrie-viktor-orban-doit-trembler\/","url":"https:\/\/vieassociative.be\/actualites\/changement-de-pouvoir-en-hongrie-viktor-orban-doit-trembler\/","name":"Changement de pouvoir en Hongrie ? \u2013 Viktor Orban doit trembler | Vie Associative","isPartOf":{"@id":"https:\/\/vieassociative.be\/actualites\/#website"},"primaryImageOfPage":{"@id":"https:\/\/vieassociative.be\/actualites\/changement-de-pouvoir-en-hongrie-viktor-orban-doit-trembler\/#primaryimage"},"image":{"@id":"https:\/\/vieassociative.be\/actualites\/changement-de-pouvoir-en-hongrie-viktor-orban-doit-trembler\/#primaryimage"},"thumbnailUrl":"https:\/\/vieassociative.be\/actualites\/wp-content\/uploads\/2026\/02\/1770571254_Orban-decrit-lUkraine-comme-un-ennemi-de-la.jpg","datePublished":"2026-04-10T15:17:54+00:00","dateModified":"2026-04-10T15:17:54+00:00","breadcrumb":{"@id":"https:\/\/vieassociative.be\/actualites\/changement-de-pouvoir-en-hongrie-viktor-orban-doit-trembler\/#breadcrumb"},"inLanguage":"fr-BE","potentialAction":[{"@type":"ReadAction","target":["https:\/\/vieassociative.be\/actualites\/changement-de-pouvoir-en-hongrie-viktor-orban-doit-trembler\/"]}]},{"@type":"ImageObject","inLanguage":"fr-BE","@id":"https:\/\/vieassociative.be\/actualites\/changement-de-pouvoir-en-hongrie-viktor-orban-doit-trembler\/#primaryimage","url":"https:\/\/vieassociative.be\/actualites\/wp-content\/uploads\/2026\/02\/1770571254_Orban-decrit-lUkraine-comme-un-ennemi-de-la.jpg","contentUrl":"https:\/\/vieassociative.be\/actualites\/wp-content\/uploads\/2026\/02\/1770571254_Orban-decrit-lUkraine-comme-un-ennemi-de-la.jpg","width":1200,"height":800,"caption":"Orban d\u00e9crit l\u2019Ukraine comme un \u00ab ennemi \u00bb de la Hongrie"},{"@type":"BreadcrumbList","@id":"https:\/\/vieassociative.be\/actualites\/changement-de-pouvoir-en-hongrie-viktor-orban-doit-trembler\/#breadcrumb","itemListElement":[{"@type":"ListItem","position":1,"name":"Accueil","item":"https:\/\/vieassociative.be\/actualites\/"},{"@type":"ListItem","position":2,"name":"Changement de pouvoir en Hongrie ? \u2013 Viktor Orban doit trembler"}]},{"@type":"WebSite","@id":"https:\/\/vieassociative.be\/actualites\/#website","url":"https:\/\/vieassociative.be\/actualites\/","name":"Vie Associative","description":"","publisher":{"@id":"https:\/\/vieassociative.be\/actualites\/#organization"},"potentialAction":[{"@type":"SearchAction","target":{"@type":"EntryPoint","urlTemplate":"https:\/\/vieassociative.be\/actualites\/?s={search_term_string}"},"query-input":{"@type":"PropertyValueSpecification","valueRequired":true,"valueName":"search_term_string"}}],"inLanguage":"fr-BE"},{"@type":"Organization","@id":"https:\/\/vieassociative.be\/actualites\/#organization","name":"Vie Associative","url":"https:\/\/vieassociative.be\/actualites\/","logo":{"@type":"ImageObject","inLanguage":"fr-BE","@id":"https:\/\/vieassociative.be\/actualites\/#\/schema\/logo\/image\/","url":"https:\/\/vieassociative.be\/actualites\/wp-content\/uploads\/2024\/09\/cropped-vieassociative_favicon.ico.png","contentUrl":"https:\/\/vieassociative.be\/actualites\/wp-content\/uploads\/2024\/09\/cropped-vieassociative_favicon.ico.png","width":512,"height":512,"caption":"Vie Associative"},"image":{"@id":"https:\/\/vieassociative.be\/actualites\/#\/schema\/logo\/image\/"}},{"@type":"Person","@id":"https:\/\/vieassociative.be\/actualites\/#\/schema\/person\/b87ac4f82f9d4e7b7cec7395b679edc4","name":"Julien","image":{"@type":"ImageObject","inLanguage":"fr-BE","@id":"https:\/\/vieassociative.be\/actualites\/#\/schema\/person\/image\/","url":"https:\/\/vieassociative.be\/actualites\/wp-content\/uploads\/2024\/09\/vie-associative-1-150x150.jpg","contentUrl":"https:\/\/vieassociative.be\/actualites\/wp-content\/uploads\/2024\/09\/vie-associative-1-150x150.jpg","caption":"Julien"},"description":"Je suis Julien, r\u00e9dacteur pour Vie Associative. Passionn\u00e9 par le monde associatif depuis plus de 10 ans, j'ai \u00e0 c\u0153ur de partager des histoires inspirantes et de mettre en lumi\u00e8re les initiatives locales. Mon objectif est de sensibiliser et d'encourager l'engagement communautaire \u00e0 travers mes articles.","sameAs":["https:\/\/vieassociative.be\/"]}]}},"_links":{"self":[{"href":"https:\/\/vieassociative.be\/actualites\/wp-json\/wp\/v2\/posts\/13388"}],"collection":[{"href":"https:\/\/vieassociative.be\/actualites\/wp-json\/wp\/v2\/posts"}],"about":[{"href":"https:\/\/vieassociative.be\/actualites\/wp-json\/wp\/v2\/types\/post"}],"author":[{"embeddable":true,"href":"https:\/\/vieassociative.be\/actualites\/wp-json\/wp\/v2\/users\/1"}],"replies":[{"embeddable":true,"href":"https:\/\/vieassociative.be\/actualites\/wp-json\/wp\/v2\/comments?post=13388"}],"version-history":[{"count":0,"href":"https:\/\/vieassociative.be\/actualites\/wp-json\/wp\/v2\/posts\/13388\/revisions"}],"wp:featuredmedia":[{"embeddable":true,"href":"https:\/\/vieassociative.be\/actualites\/wp-json\/wp\/v2\/media\/12561"}],"wp:attachment":[{"href":"https:\/\/vieassociative.be\/actualites\/wp-json\/wp\/v2\/media?parent=13388"}],"wp:term":[{"taxonomy":"category","embeddable":true,"href":"https:\/\/vieassociative.be\/actualites\/wp-json\/wp\/v2\/categories?post=13388"},{"taxonomy":"post_tag","embeddable":true,"href":"https:\/\/vieassociative.be\/actualites\/wp-json\/wp\/v2\/tags?post=13388"}],"curies":[{"name":"wp","href":"https:\/\/api.w.org\/{rel}","templated":true}]}}