{"id":13386,"date":"2026-04-10T16:17:59","date_gmt":"2026-04-10T14:17:59","guid":{"rendered":"https:\/\/vieassociative.be\/actualites\/la-nouvelle-ia-superintelligence-personnelle-de-meta-arrive-sur-ses-lunettes-intelligentes\/"},"modified":"2026-04-10T16:17:59","modified_gmt":"2026-04-10T14:17:59","slug":"la-nouvelle-ia-superintelligence-personnelle-de-meta-arrive-sur-ses-lunettes-intelligentes","status":"publish","type":"post","link":"https:\/\/vieassociative.be\/actualites\/la-nouvelle-ia-superintelligence-personnelle-de-meta-arrive-sur-ses-lunettes-intelligentes\/","title":{"rendered":"La nouvelle IA \u00ab\u00a0superintelligence personnelle\u00a0\u00bb de Meta arrive sur ses lunettes intelligentes"},"content":{"rendered":"<p>Nous pouvons gagner une commission sur les liens sur cette page.<\/p>\n<p>Qualifiant cela d&rsquo;une \u00e9tape vers la \u00ab\u00a0super intelligence\u00a0\u00bb, Meta a annonc\u00e9 la sortie de Muse Spark, une IA remani\u00e9e et am\u00e9lior\u00e9e. Ce \u00ab mod\u00e8le de raisonnement nativement multimodal \u00bb va bien au-del\u00e0 d\u2019un chatbot, et il vivra bient\u00f4t dans vos lunettes et vos flux sociaux. Il est disponible d\u00e8s maintenant dans l&rsquo;application Meta AI, et il est pr\u00e9vu de le d\u00e9ployer avec une mise \u00e0 jour des lunettes intelligentes dans les prochaines semaines.<\/p>\n<div class=\"pogoClear mb-12 mt-10 rounded-md border-2 border-gray-100 py-7 shadow-xl md:py-6\">\n<div class=\"flex flex-wrap justify-between px-7 text-black no-underline md:flex-nowrap md:px-8\">\n<div class=\"order-1 mx-auto flex flex-col justify-center md:order-2 md:ml-4 md:w-full md:grow\">\n<div class=\"block cursor-pointer text-center font-akshar text-2xl font-medium leading-7 text-brand-green duration-200 ease-in-out hover:text-brand-green-700 md:text-left md:text-xl md:leading-6\">Ray-Ban Meta (Gen 2), Headliner, Noir Mat | Lunettes intelligentes AI pour hommes et femmes \u2014 Autonomie de batterie 2x \u2014 R\u00e9solution 3K Ultra HD \u2014 Cam\u00e9ra ultra-large 12 MP, audio, vid\u00e9o \u2014 Verres transparents \u2014 Technologie portable\n                <\/div>\n<div class=\"mt-4 hidden md:flex md:justify-between\">\n<div class=\"self-end\">\n<div class=\"mb-0 h-11 md:flex md:flex-col md:justify-center\">\n<div class=\" font-sans leading-4 text-black\">\n<div class=\"flex flex-wrap items-center justify-center gap-1 md:justify-start\">\n        <span class=\"font-bold\"><\/p>\n<p>            379,00\u00a0$<br \/>\n                            <span class=\"font-medium\">chez Amazon<\/span><br \/>\n                    <\/span>\n            <\/div>\n<\/p><\/div>\n<\/p><\/div>\n<\/p><\/div>\n<div class=\"w-44 self-end\">\n                            <button class=\"flex justify-center items-center w-full bg-brand-green text-white text-base font-sans font-medium rounded-md hover:bg-brand-green-700 hover:cursor-pointer md:text-sm h-11\"><\/p>\n<p>    Obtenez une offre<br \/>\n<\/button>\n                        <\/div>\n<\/p><\/div>\n<\/p><\/div>\n<div class=\"order-2 mt-5 h-auto w-full md:order-1 md:mt-0 md:hidden\">\n<div class=\"flex aspect-video items-center justify-center\">\n                                            <img decoding=\"async\" class=\"m-0 max-h-full max-w-full rounded-md\" src=\"https:\/\/vieassociative.be\/actualites\/wp-content\/uploads\/2026\/04\/La-nouvelle-IA-superintelligence-personnelle-de-Meta-arrive-sur-ses.jpg\" alt=\"Ray-Ban Meta (Gen 2), Headliner, Noir Mat | Lunettes intelligentes AI pour hommes et femmes \u2014 Autonomie de batterie 2x \u2014 R\u00e9solution 3K Ultra HD \u2014 Cam\u00e9ra ultra-large 12 MP, audio, vid\u00e9o \u2014 Verres transparents \u2014 Technologie portable\" width=\"auto\" height=\"auto\" loading=\"lazy\">\n                                    <\/div>\n<\/p><\/div>\n<div class=\"order-2 ml-2 hidden w-32 shrink-0 items-center md:order-1 md:ml-0 md:flex\">\n<div class=\"flex aspect-video items-center justify-center\">\n                                            <img decoding=\"async\" class=\"m-0 max-h-full max-w-full rounded-md\" src=\"https:\/\/vieassociative.be\/actualites\/wp-content\/uploads\/2026\/04\/La-nouvelle-IA-superintelligence-personnelle-de-Meta-arrive-sur-ses.jpg\" alt=\"Ray-Ban Meta (Gen 2), Headliner, Noir Mat | Lunettes intelligentes AI pour hommes et femmes \u2014 Autonomie de batterie 2x \u2014 R\u00e9solution 3K Ultra HD \u2014 Cam\u00e9ra ultra-large 12 MP, audio, vid\u00e9o \u2014 Verres transparents \u2014 Technologie portable\" width=\"auto\" height=\"auto\" loading=\"lazy\">\n                                    <\/div>\n<\/p><\/div>\n<div class=\"order-3 flex grow flex-wrap md:hidden md:grow-0\">\n<div class=\"mt-4 w-full\">\n                        <button class=\"flex justify-center items-center w-full bg-brand-green text-white text-base font-sans font-medium rounded-md hover:bg-brand-green-700 hover:cursor-pointer md:text-sm h-11\"><\/p>\n<p>    Obtenez une offre<br \/>\n<\/button>\n                    <\/div>\n<div class=\"mx-2 mt-4 w-full\">\n<div class=\" font-sans leading-4 text-black\">\n<div class=\"flex flex-wrap items-center justify-center gap-1 md:justify-start\">\n        <span class=\"font-bold\"><\/p>\n<p>            379,00\u00a0$<br \/>\n                            <span class=\"font-medium\">chez Amazon<\/span><br \/>\n                    <\/span>\n            <\/div>\n<\/p><\/div>\n<\/p><\/div>\n<\/p><\/div>\n<\/p><\/div>\n<\/div>\n<p>Au lieu d\u2019une approche universelle, la \u00ab pens\u00e9e \u00bb de Muse Spark comporte trois niveaux, et les utilisateurs pourront contr\u00f4ler la profondeur de l\u2019intelligence. <\/p>\n<ul>\n<li>\n<p>Mode instantan\u00e9\u00a0: pour des questions rapides et des discussions quotidiennes.<\/p>\n<\/li>\n<li>\n<p>Mode r\u00e9flexion\u00a0: ce mode est con\u00e7u pour r\u00e9soudre des probl\u00e8mes plus complexes, donc si vous avez besoin d&rsquo;aide en math\u00e9matiques, en sciences ou en logique, c&rsquo;est ce mode.<\/p>\n<\/li>\n<li>\n<p>Mode contemplation\u00a0: le niveau le plus \u00e9lev\u00e9 de Muse Sparks engage plusieurs agents d&rsquo;IA qui travaillent en parall\u00e8le et collaborent pour accomplir des t\u00e2ches complexes en plusieurs \u00e9tapes. <\/p>\n<\/li>\n<\/ul>\n<p>Meta affirme que les performances de Muse Spark sont comparables ou sup\u00e9rieures \u00e0 celles de leur mod\u00e8le Llama 4 Maverick tout en utilisant un ordre de grandeur en moins de puissance de calcul. Cela signifie, en th\u00e9orie, un raisonnement de haut niveau sans utilisation excessive du serveur.<\/p>\n<p>Bien que Muse Sparks soit accessible dans divers endroits, il semble que l&rsquo;int\u00e9gration de base du mat\u00e9riel visuel par Muse Spark soit <em>fait<\/em> pour les lunettes intelligentes. Voici quelques-unes des fa\u00e7ons dont les utilisateurs de Ray-Ban Meta et Oakley Meta pourront utiliser la nouvelle IA.<\/p>\n<h2 id=\"ai-is-now-integrated-across-different-tools\">L&rsquo;IA est d\u00e9sormais int\u00e9gr\u00e9e dans diff\u00e9rents outils <\/h2>\n<p>L&rsquo;une des principales am\u00e9liorations de Muse Spark par rapport au mod\u00e8le pr\u00e9c\u00e9dent de Meta r\u00e9side dans la mani\u00e8re dont la nouvelle IA int\u00e9grera les informations visuelles dans diff\u00e9rents outils. Donc, th\u00e9oriquement, vous pourriez pointer vos lunettes vers un fouillis de fils et de bo\u00eetiers \u00e9lectroniques et demander \u00ab\u00a0comment puis-je brancher ce syst\u00e8me de cin\u00e9ma maison\u00a0?\u00a0\u00bb Ou b\u00e9n\u00e9ficiez d&rsquo;un accompagnement \u00e9tape par \u00e9tape sur l&rsquo;assemblage d&rsquo;un meuble IKEA sans ouvrir le livret. L&rsquo;IA lirait les instructions et s&rsquo;assurerait que vous ne vissiez rien \u00e0 l&rsquo;envers.<\/p>\n<h2 id=\"muse-sparks-will-have-health-reasoning-capabilities\">Muse Sparks aura des capacit\u00e9s de raisonnement en mati\u00e8re de sant\u00e9 <\/h2>\n<p>Meta a d\u00e9clar\u00e9 que son laboratoire Meta Superintelligence a collabor\u00e9 avec plus de 1 000 m\u00e9decins pour d\u00e9velopper les capacit\u00e9s de raisonnement de l&rsquo;IA en mati\u00e8re de sant\u00e9. Les utilisateurs pourront notamment g\u00e9n\u00e9rer un affichage interactif qui pr\u00e9sente les informations nutritionnelles sur les aliments et cartographier les muscles activ\u00e9s pendant une s\u00e9ance d&rsquo;entra\u00eenement.<\/p>\n<h2 id=\"but-how-will-it-actually-perform\">Mais comment fonctionnera-t-il r\u00e9ellement ? <\/h2>\n<p>Tout ce qui pr\u00e9c\u00e8de est \u00ab en th\u00e9orie \u00bb. L&rsquo;intelligence artificielle n&rsquo;a pas toujours \u00e9t\u00e9 \u00e0 la hauteur de son battage m\u00e9diatique, m\u00eame lorsqu&rsquo;elle est mise en avant devant un public massif. C&rsquo;est une chose d&rsquo;obtenir de bons r\u00e9sultats lors des tests de r\u00e9f\u00e9rence en laboratoire, mais comment la technologie fonctionne dans le monde r\u00e9el, o\u00f9 l&rsquo;\u00e9clairage est in\u00e9gal, le Wi-Fi lent et les instructions sur les meubles peuvent \u00eatre difficiles \u00e0 comprendre. <em>extr\u00eamement<\/em> compliqu\u00e9, tel est le v\u00e9ritable d\u00e9fi.<\/p>\n<p>Bien que je n&rsquo;aie pas approfondi la technologie, je l&rsquo;ai test\u00e9 rapidement en activant le mode \u00ab r\u00e9flexion \u00bb et en envoyant \u00e0 Meta AI l&rsquo;image ci-dessous d&rsquo;un assortiment al\u00e9atoire d&rsquo;\u00e9quipements audio\u00a0:<\/p>\n<div class=\"eloquent-imagery-image\">\n<div class=\"flex justify-center\">\n                    <img decoding=\"async\" class=\"border border-gray-100\" src=\"https:\/\/vieassociative.be\/actualites\/wp-content\/uploads\/2026\/04\/La-nouvelle-IA-superintelligence-personnelle-de-Meta-arrive-sur-ses.png\" alt=\"\u00c9quipement audio\" width=\"2000\" height=\"1125\" loading=\"lazy\">\n            <\/div>\n<div class=\"mt-2 font-akshar\">\n                            <span class=\"image-caption block text-sm leading-4 tracking-wide text-(#1F2937)\"><\/span><br \/>\n                                        <span class=\"mt-1 block font-sans text-xs tracking-normal text-gray-600\">Cr\u00e9dit : Stephen Johnson<\/span>\n                    <\/div>\n<\/p><\/div>\n<p>Non seulement il a correctement identifi\u00e9 tout ce qui se trouvait sur la photo, mais il m&rsquo;a donn\u00e9 quelques options diff\u00e9rentes pour les moyens possibles de l&rsquo;accrocher ensemble et m&rsquo;a indiqu\u00e9 (correctement) de quels cordons j&rsquo;avais besoin. J&rsquo;ai donc h\u00e2te de l&rsquo;avoir sur mes lunettes. Si vous souhaitez le tester vous-m\u00eame, Muse Spark fonctionne d\u00e9j\u00e0 sur meta.ai et l&rsquo;application Meta AI, et le micrologiciel des lunettes intelligentes et les int\u00e9grations de m\u00e9dias sociaux devraient suivre sous peu.<\/p>\n","protected":false},"excerpt":{"rendered":"<p>Nous pouvons gagner une commission sur les liens sur cette page. Qualifiant cela d&rsquo;une \u00e9tape vers la \u00ab\u00a0super intelligence\u00a0\u00bb, Meta a annonc\u00e9 la sortie de<\/p>\n","protected":false},"author":1,"featured_media":13387,"comment_status":"","ping_status":"","sticky":false,"template":"","format":"standard","meta":{"footnotes":""},"categories":[13],"tags":[4003,2170,3912,487,491,2629,1055,10457,33],"class_list":["post-13386","post","type-post","status-publish","format-standard","has-post-thumbnail","hentry","category-technologie","tag-arrive","tag-intelligentes","tag-lunettes","tag-meta","tag-nouvelle","tag-personnelle","tag-ses","tag-superintelligence","tag-sur","generate-columns","tablet-grid-50","mobile-grid-100","grid-parent","grid-33"],"yoast_head":"<!-- This site is optimized with the Yoast SEO plugin v24.0 - https:\/\/yoast.com\/wordpress\/plugins\/seo\/ -->\n<title>La nouvelle IA \u00ab\u00a0superintelligence personnelle\u00a0\u00bb de Meta arrive sur ses lunettes intelligentes | Vie Associative<\/title>\n<meta name=\"robots\" content=\"index, follow, max-snippet:-1, max-image-preview:large, max-video-preview:-1\" \/>\n<link rel=\"canonical\" href=\"https:\/\/vieassociative.be\/actualites\/la-nouvelle-ia-superintelligence-personnelle-de-meta-arrive-sur-ses-lunettes-intelligentes\/\" \/>\n<meta property=\"og:locale\" content=\"fr_FR\" \/>\n<meta property=\"og:type\" content=\"article\" \/>\n<meta property=\"og:title\" content=\"La nouvelle IA \u00ab\u00a0superintelligence personnelle\u00a0\u00bb de Meta arrive sur ses lunettes intelligentes | Vie Associative\" \/>\n<meta property=\"og:description\" content=\"Nous pouvons gagner une commission sur les liens sur cette page. Qualifiant cela d&rsquo;une \u00e9tape vers la \u00ab\u00a0super intelligence\u00a0\u00bb, Meta a annonc\u00e9 la sortie de\" \/>\n<meta property=\"og:url\" content=\"https:\/\/vieassociative.be\/actualites\/la-nouvelle-ia-superintelligence-personnelle-de-meta-arrive-sur-ses-lunettes-intelligentes\/\" \/>\n<meta property=\"og:site_name\" content=\"Vie Associative\" \/>\n<meta property=\"article:published_time\" content=\"2026-04-10T14:17:59+00:00\" \/>\n<meta property=\"og:image\" content=\"https:\/\/vieassociative.be\/actualites\/wp-content\/uploads\/2026\/04\/La-nouvelle-IA-superintelligence-personnelle-de-Meta-arrive-sur-ses.jpg\" \/>\n<meta name=\"author\" content=\"Julien\" \/>\n<meta name=\"twitter:card\" content=\"summary_large_image\" \/>\n<meta name=\"twitter:label1\" content=\"\u00c9crit par\" \/>\n\t<meta name=\"twitter:data1\" content=\"Julien\" \/>\n\t<meta name=\"twitter:label2\" content=\"Dur\u00e9e de lecture est.\" \/>\n\t<meta name=\"twitter:data2\" content=\"4 minutes\" \/>\n<script type=\"application\/ld+json\" class=\"yoast-schema-graph\">{\"@context\":\"https:\/\/schema.org\",\"@graph\":[{\"@type\":\"Article\",\"@id\":\"https:\/\/vieassociative.be\/actualites\/la-nouvelle-ia-superintelligence-personnelle-de-meta-arrive-sur-ses-lunettes-intelligentes\/#article\",\"isPartOf\":{\"@id\":\"https:\/\/vieassociative.be\/actualites\/la-nouvelle-ia-superintelligence-personnelle-de-meta-arrive-sur-ses-lunettes-intelligentes\/\"},\"author\":{\"name\":\"Julien\",\"@id\":\"https:\/\/vieassociative.be\/actualites\/#\/schema\/person\/b87ac4f82f9d4e7b7cec7395b679edc4\"},\"headline\":\"La nouvelle IA \u00ab\u00a0superintelligence personnelle\u00a0\u00bb de Meta arrive sur ses lunettes intelligentes\",\"datePublished\":\"2026-04-10T14:17:59+00:00\",\"dateModified\":\"2026-04-10T14:17:59+00:00\",\"mainEntityOfPage\":{\"@id\":\"https:\/\/vieassociative.be\/actualites\/la-nouvelle-ia-superintelligence-personnelle-de-meta-arrive-sur-ses-lunettes-intelligentes\/\"},\"wordCount\":770,\"publisher\":{\"@id\":\"https:\/\/vieassociative.be\/actualites\/#organization\"},\"image\":{\"@id\":\"https:\/\/vieassociative.be\/actualites\/la-nouvelle-ia-superintelligence-personnelle-de-meta-arrive-sur-ses-lunettes-intelligentes\/#primaryimage\"},\"thumbnailUrl\":\"https:\/\/vieassociative.be\/actualites\/wp-content\/uploads\/2026\/04\/La-nouvelle-IA-superintelligence-personnelle-de-Meta-arrive-sur-ses.webp.webp\",\"keywords\":[\"arrive\",\"intelligentes\",\"lunettes\",\"Meta\",\"nouvelle\",\"personnelle\",\"ses\",\"superintelligence\",\"sur\"],\"articleSection\":[\"Technologie\"],\"inLanguage\":\"fr-BE\"},{\"@type\":\"WebPage\",\"@id\":\"https:\/\/vieassociative.be\/actualites\/la-nouvelle-ia-superintelligence-personnelle-de-meta-arrive-sur-ses-lunettes-intelligentes\/\",\"url\":\"https:\/\/vieassociative.be\/actualites\/la-nouvelle-ia-superintelligence-personnelle-de-meta-arrive-sur-ses-lunettes-intelligentes\/\",\"name\":\"La nouvelle IA \u00ab\u00a0superintelligence personnelle\u00a0\u00bb de Meta arrive sur ses lunettes intelligentes | Vie Associative\",\"isPartOf\":{\"@id\":\"https:\/\/vieassociative.be\/actualites\/#website\"},\"primaryImageOfPage\":{\"@id\":\"https:\/\/vieassociative.be\/actualites\/la-nouvelle-ia-superintelligence-personnelle-de-meta-arrive-sur-ses-lunettes-intelligentes\/#primaryimage\"},\"image\":{\"@id\":\"https:\/\/vieassociative.be\/actualites\/la-nouvelle-ia-superintelligence-personnelle-de-meta-arrive-sur-ses-lunettes-intelligentes\/#primaryimage\"},\"thumbnailUrl\":\"https:\/\/vieassociative.be\/actualites\/wp-content\/uploads\/2026\/04\/La-nouvelle-IA-superintelligence-personnelle-de-Meta-arrive-sur-ses.webp.webp\",\"datePublished\":\"2026-04-10T14:17:59+00:00\",\"dateModified\":\"2026-04-10T14:17:59+00:00\",\"breadcrumb\":{\"@id\":\"https:\/\/vieassociative.be\/actualites\/la-nouvelle-ia-superintelligence-personnelle-de-meta-arrive-sur-ses-lunettes-intelligentes\/#breadcrumb\"},\"inLanguage\":\"fr-BE\",\"potentialAction\":[{\"@type\":\"ReadAction\",\"target\":[\"https:\/\/vieassociative.be\/actualites\/la-nouvelle-ia-superintelligence-personnelle-de-meta-arrive-sur-ses-lunettes-intelligentes\/\"]}]},{\"@type\":\"ImageObject\",\"inLanguage\":\"fr-BE\",\"@id\":\"https:\/\/vieassociative.be\/actualites\/la-nouvelle-ia-superintelligence-personnelle-de-meta-arrive-sur-ses-lunettes-intelligentes\/#primaryimage\",\"url\":\"https:\/\/vieassociative.be\/actualites\/wp-content\/uploads\/2026\/04\/La-nouvelle-IA-superintelligence-personnelle-de-Meta-arrive-sur-ses.webp.webp\",\"contentUrl\":\"https:\/\/vieassociative.be\/actualites\/wp-content\/uploads\/2026\/04\/La-nouvelle-IA-superintelligence-personnelle-de-Meta-arrive-sur-ses.webp.webp\",\"width\":1200,\"height\":675,\"caption\":\"La nouvelle IA \u00ab\u00a0superintelligence personnelle\u00a0\u00bb de Meta arrive sur ses lunettes intelligentes\"},{\"@type\":\"BreadcrumbList\",\"@id\":\"https:\/\/vieassociative.be\/actualites\/la-nouvelle-ia-superintelligence-personnelle-de-meta-arrive-sur-ses-lunettes-intelligentes\/#breadcrumb\",\"itemListElement\":[{\"@type\":\"ListItem\",\"position\":1,\"name\":\"Accueil\",\"item\":\"https:\/\/vieassociative.be\/actualites\/\"},{\"@type\":\"ListItem\",\"position\":2,\"name\":\"La nouvelle IA \u00ab\u00a0superintelligence personnelle\u00a0\u00bb de Meta arrive sur ses lunettes intelligentes\"}]},{\"@type\":\"WebSite\",\"@id\":\"https:\/\/vieassociative.be\/actualites\/#website\",\"url\":\"https:\/\/vieassociative.be\/actualites\/\",\"name\":\"Vie Associative\",\"description\":\"\",\"publisher\":{\"@id\":\"https:\/\/vieassociative.be\/actualites\/#organization\"},\"potentialAction\":[{\"@type\":\"SearchAction\",\"target\":{\"@type\":\"EntryPoint\",\"urlTemplate\":\"https:\/\/vieassociative.be\/actualites\/?s={search_term_string}\"},\"query-input\":{\"@type\":\"PropertyValueSpecification\",\"valueRequired\":true,\"valueName\":\"search_term_string\"}}],\"inLanguage\":\"fr-BE\"},{\"@type\":\"Organization\",\"@id\":\"https:\/\/vieassociative.be\/actualites\/#organization\",\"name\":\"Vie Associative\",\"url\":\"https:\/\/vieassociative.be\/actualites\/\",\"logo\":{\"@type\":\"ImageObject\",\"inLanguage\":\"fr-BE\",\"@id\":\"https:\/\/vieassociative.be\/actualites\/#\/schema\/logo\/image\/\",\"url\":\"https:\/\/vieassociative.be\/actualites\/wp-content\/uploads\/2024\/09\/cropped-vieassociative_favicon.ico.png\",\"contentUrl\":\"https:\/\/vieassociative.be\/actualites\/wp-content\/uploads\/2024\/09\/cropped-vieassociative_favicon.ico.png\",\"width\":512,\"height\":512,\"caption\":\"Vie Associative\"},\"image\":{\"@id\":\"https:\/\/vieassociative.be\/actualites\/#\/schema\/logo\/image\/\"}},{\"@type\":\"Person\",\"@id\":\"https:\/\/vieassociative.be\/actualites\/#\/schema\/person\/b87ac4f82f9d4e7b7cec7395b679edc4\",\"name\":\"Julien\",\"image\":{\"@type\":\"ImageObject\",\"inLanguage\":\"fr-BE\",\"@id\":\"https:\/\/vieassociative.be\/actualites\/#\/schema\/person\/image\/\",\"url\":\"https:\/\/vieassociative.be\/actualites\/wp-content\/uploads\/2024\/09\/vie-associative-1-150x150.jpg\",\"contentUrl\":\"https:\/\/vieassociative.be\/actualites\/wp-content\/uploads\/2024\/09\/vie-associative-1-150x150.jpg\",\"caption\":\"Julien\"},\"description\":\"Je suis Julien, r\u00e9dacteur pour Vie Associative. Passionn\u00e9 par le monde associatif depuis plus de 10 ans, j'ai \u00e0 c\u0153ur de partager des histoires inspirantes et de mettre en lumi\u00e8re les initiatives locales. Mon objectif est de sensibiliser et d'encourager l'engagement communautaire \u00e0 travers mes articles.\",\"sameAs\":[\"https:\/\/vieassociative.be\/\"]}]}<\/script>\n<!-- \/ Yoast SEO plugin. -->","yoast_head_json":{"title":"La nouvelle IA \u00ab\u00a0superintelligence personnelle\u00a0\u00bb de Meta arrive sur ses lunettes intelligentes | Vie Associative","robots":{"index":"index","follow":"follow","max-snippet":"max-snippet:-1","max-image-preview":"max-image-preview:large","max-video-preview":"max-video-preview:-1"},"canonical":"https:\/\/vieassociative.be\/actualites\/la-nouvelle-ia-superintelligence-personnelle-de-meta-arrive-sur-ses-lunettes-intelligentes\/","og_locale":"fr_FR","og_type":"article","og_title":"La nouvelle IA \u00ab\u00a0superintelligence personnelle\u00a0\u00bb de Meta arrive sur ses lunettes intelligentes | Vie Associative","og_description":"Nous pouvons gagner une commission sur les liens sur cette page. Qualifiant cela d&rsquo;une \u00e9tape vers la \u00ab\u00a0super intelligence\u00a0\u00bb, Meta a annonc\u00e9 la sortie de","og_url":"https:\/\/vieassociative.be\/actualites\/la-nouvelle-ia-superintelligence-personnelle-de-meta-arrive-sur-ses-lunettes-intelligentes\/","og_site_name":"Vie Associative","article_published_time":"2026-04-10T14:17:59+00:00","og_image":[{"url":"https:\/\/vieassociative.be\/actualites\/wp-content\/uploads\/2026\/04\/La-nouvelle-IA-superintelligence-personnelle-de-Meta-arrive-sur-ses.jpg","type":"","width":"","height":""}],"author":"Julien","twitter_card":"summary_large_image","twitter_misc":{"\u00c9crit par":"Julien","Dur\u00e9e de lecture est.":"4 minutes"},"schema":{"@context":"https:\/\/schema.org","@graph":[{"@type":"Article","@id":"https:\/\/vieassociative.be\/actualites\/la-nouvelle-ia-superintelligence-personnelle-de-meta-arrive-sur-ses-lunettes-intelligentes\/#article","isPartOf":{"@id":"https:\/\/vieassociative.be\/actualites\/la-nouvelle-ia-superintelligence-personnelle-de-meta-arrive-sur-ses-lunettes-intelligentes\/"},"author":{"name":"Julien","@id":"https:\/\/vieassociative.be\/actualites\/#\/schema\/person\/b87ac4f82f9d4e7b7cec7395b679edc4"},"headline":"La nouvelle IA \u00ab\u00a0superintelligence personnelle\u00a0\u00bb de Meta arrive sur ses lunettes intelligentes","datePublished":"2026-04-10T14:17:59+00:00","dateModified":"2026-04-10T14:17:59+00:00","mainEntityOfPage":{"@id":"https:\/\/vieassociative.be\/actualites\/la-nouvelle-ia-superintelligence-personnelle-de-meta-arrive-sur-ses-lunettes-intelligentes\/"},"wordCount":770,"publisher":{"@id":"https:\/\/vieassociative.be\/actualites\/#organization"},"image":{"@id":"https:\/\/vieassociative.be\/actualites\/la-nouvelle-ia-superintelligence-personnelle-de-meta-arrive-sur-ses-lunettes-intelligentes\/#primaryimage"},"thumbnailUrl":"https:\/\/vieassociative.be\/actualites\/wp-content\/uploads\/2026\/04\/La-nouvelle-IA-superintelligence-personnelle-de-Meta-arrive-sur-ses.webp.webp","keywords":["arrive","intelligentes","lunettes","Meta","nouvelle","personnelle","ses","superintelligence","sur"],"articleSection":["Technologie"],"inLanguage":"fr-BE"},{"@type":"WebPage","@id":"https:\/\/vieassociative.be\/actualites\/la-nouvelle-ia-superintelligence-personnelle-de-meta-arrive-sur-ses-lunettes-intelligentes\/","url":"https:\/\/vieassociative.be\/actualites\/la-nouvelle-ia-superintelligence-personnelle-de-meta-arrive-sur-ses-lunettes-intelligentes\/","name":"La nouvelle IA \u00ab\u00a0superintelligence personnelle\u00a0\u00bb de Meta arrive sur ses lunettes intelligentes | Vie Associative","isPartOf":{"@id":"https:\/\/vieassociative.be\/actualites\/#website"},"primaryImageOfPage":{"@id":"https:\/\/vieassociative.be\/actualites\/la-nouvelle-ia-superintelligence-personnelle-de-meta-arrive-sur-ses-lunettes-intelligentes\/#primaryimage"},"image":{"@id":"https:\/\/vieassociative.be\/actualites\/la-nouvelle-ia-superintelligence-personnelle-de-meta-arrive-sur-ses-lunettes-intelligentes\/#primaryimage"},"thumbnailUrl":"https:\/\/vieassociative.be\/actualites\/wp-content\/uploads\/2026\/04\/La-nouvelle-IA-superintelligence-personnelle-de-Meta-arrive-sur-ses.webp.webp","datePublished":"2026-04-10T14:17:59+00:00","dateModified":"2026-04-10T14:17:59+00:00","breadcrumb":{"@id":"https:\/\/vieassociative.be\/actualites\/la-nouvelle-ia-superintelligence-personnelle-de-meta-arrive-sur-ses-lunettes-intelligentes\/#breadcrumb"},"inLanguage":"fr-BE","potentialAction":[{"@type":"ReadAction","target":["https:\/\/vieassociative.be\/actualites\/la-nouvelle-ia-superintelligence-personnelle-de-meta-arrive-sur-ses-lunettes-intelligentes\/"]}]},{"@type":"ImageObject","inLanguage":"fr-BE","@id":"https:\/\/vieassociative.be\/actualites\/la-nouvelle-ia-superintelligence-personnelle-de-meta-arrive-sur-ses-lunettes-intelligentes\/#primaryimage","url":"https:\/\/vieassociative.be\/actualites\/wp-content\/uploads\/2026\/04\/La-nouvelle-IA-superintelligence-personnelle-de-Meta-arrive-sur-ses.webp.webp","contentUrl":"https:\/\/vieassociative.be\/actualites\/wp-content\/uploads\/2026\/04\/La-nouvelle-IA-superintelligence-personnelle-de-Meta-arrive-sur-ses.webp.webp","width":1200,"height":675,"caption":"La nouvelle IA \u00ab\u00a0superintelligence personnelle\u00a0\u00bb de Meta arrive sur ses lunettes intelligentes"},{"@type":"BreadcrumbList","@id":"https:\/\/vieassociative.be\/actualites\/la-nouvelle-ia-superintelligence-personnelle-de-meta-arrive-sur-ses-lunettes-intelligentes\/#breadcrumb","itemListElement":[{"@type":"ListItem","position":1,"name":"Accueil","item":"https:\/\/vieassociative.be\/actualites\/"},{"@type":"ListItem","position":2,"name":"La nouvelle IA \u00ab\u00a0superintelligence personnelle\u00a0\u00bb de Meta arrive sur ses lunettes intelligentes"}]},{"@type":"WebSite","@id":"https:\/\/vieassociative.be\/actualites\/#website","url":"https:\/\/vieassociative.be\/actualites\/","name":"Vie Associative","description":"","publisher":{"@id":"https:\/\/vieassociative.be\/actualites\/#organization"},"potentialAction":[{"@type":"SearchAction","target":{"@type":"EntryPoint","urlTemplate":"https:\/\/vieassociative.be\/actualites\/?s={search_term_string}"},"query-input":{"@type":"PropertyValueSpecification","valueRequired":true,"valueName":"search_term_string"}}],"inLanguage":"fr-BE"},{"@type":"Organization","@id":"https:\/\/vieassociative.be\/actualites\/#organization","name":"Vie Associative","url":"https:\/\/vieassociative.be\/actualites\/","logo":{"@type":"ImageObject","inLanguage":"fr-BE","@id":"https:\/\/vieassociative.be\/actualites\/#\/schema\/logo\/image\/","url":"https:\/\/vieassociative.be\/actualites\/wp-content\/uploads\/2024\/09\/cropped-vieassociative_favicon.ico.png","contentUrl":"https:\/\/vieassociative.be\/actualites\/wp-content\/uploads\/2024\/09\/cropped-vieassociative_favicon.ico.png","width":512,"height":512,"caption":"Vie Associative"},"image":{"@id":"https:\/\/vieassociative.be\/actualites\/#\/schema\/logo\/image\/"}},{"@type":"Person","@id":"https:\/\/vieassociative.be\/actualites\/#\/schema\/person\/b87ac4f82f9d4e7b7cec7395b679edc4","name":"Julien","image":{"@type":"ImageObject","inLanguage":"fr-BE","@id":"https:\/\/vieassociative.be\/actualites\/#\/schema\/person\/image\/","url":"https:\/\/vieassociative.be\/actualites\/wp-content\/uploads\/2024\/09\/vie-associative-1-150x150.jpg","contentUrl":"https:\/\/vieassociative.be\/actualites\/wp-content\/uploads\/2024\/09\/vie-associative-1-150x150.jpg","caption":"Julien"},"description":"Je suis Julien, r\u00e9dacteur pour Vie Associative. Passionn\u00e9 par le monde associatif depuis plus de 10 ans, j'ai \u00e0 c\u0153ur de partager des histoires inspirantes et de mettre en lumi\u00e8re les initiatives locales. Mon objectif est de sensibiliser et d'encourager l'engagement communautaire \u00e0 travers mes articles.","sameAs":["https:\/\/vieassociative.be\/"]}]}},"_links":{"self":[{"href":"https:\/\/vieassociative.be\/actualites\/wp-json\/wp\/v2\/posts\/13386"}],"collection":[{"href":"https:\/\/vieassociative.be\/actualites\/wp-json\/wp\/v2\/posts"}],"about":[{"href":"https:\/\/vieassociative.be\/actualites\/wp-json\/wp\/v2\/types\/post"}],"author":[{"embeddable":true,"href":"https:\/\/vieassociative.be\/actualites\/wp-json\/wp\/v2\/users\/1"}],"replies":[{"embeddable":true,"href":"https:\/\/vieassociative.be\/actualites\/wp-json\/wp\/v2\/comments?post=13386"}],"version-history":[{"count":0,"href":"https:\/\/vieassociative.be\/actualites\/wp-json\/wp\/v2\/posts\/13386\/revisions"}],"wp:featuredmedia":[{"embeddable":true,"href":"https:\/\/vieassociative.be\/actualites\/wp-json\/wp\/v2\/media\/13387"}],"wp:attachment":[{"href":"https:\/\/vieassociative.be\/actualites\/wp-json\/wp\/v2\/media?parent=13386"}],"wp:term":[{"taxonomy":"category","embeddable":true,"href":"https:\/\/vieassociative.be\/actualites\/wp-json\/wp\/v2\/categories?post=13386"},{"taxonomy":"post_tag","embeddable":true,"href":"https:\/\/vieassociative.be\/actualites\/wp-json\/wp\/v2\/tags?post=13386"}],"curies":[{"name":"wp","href":"https:\/\/api.w.org\/{rel}","templated":true}]}}