{"id":13385,"date":"2026-04-10T11:17:25","date_gmt":"2026-04-10T09:17:25","guid":{"rendered":"https:\/\/vieassociative.be\/actualites\/patro-eisden-fc-luttich-et-eupen-bataille-a-trois-pour-deux-places-dans-le-top-6-as-aujourdhui-contre-beerschot\/"},"modified":"2026-04-10T11:17:25","modified_gmt":"2026-04-10T09:17:25","slug":"patro-eisden-fc-luttich-et-eupen-bataille-a-trois-pour-deux-places-dans-le-top-6-as-aujourdhui-contre-beerschot","status":"publish","type":"post","link":"https:\/\/vieassociative.be\/actualites\/patro-eisden-fc-luttich-et-eupen-bataille-a-trois-pour-deux-places-dans-le-top-6-as-aujourdhui-contre-beerschot\/","title":{"rendered":"Patro Eisden, FC L\u00fcttich et Eupen : bataille \u00e0 trois pour deux places dans le top 6 \u2013 AS aujourd&rsquo;hui contre Beerschot"},"content":{"rendered":"<p><strong>L&rsquo;\u00e9quipe de football de deuxi\u00e8me division, l&rsquo;AS Eupen, dispute un match cl\u00e9 ce vendredi soir. Les Noirs et Blancs accueillent au stade Kehrweg le troisi\u00e8me Beerschot, qui a encore une chance d&rsquo;obtenir une place de promotion directe et sera probablement accompagn\u00e9 de nombreux supporters.<\/strong><\/p>\n<p><span id=\"more-438317\"><\/span>Avant le match d&rsquo;aujourd&rsquo;hui contre le Beerschot (20h00 \/ en direct sur l&rsquo;application DAZN), Eupen (7e place &#8211; 46 points) n&rsquo;est qu&rsquo;\u00e0 deux points du Patro Eisden (5e place &#8211; 48 points) et \u00e0 un point du FC L\u00fcttich (6e place &#8211; 47 points), m\u00eame si le Patro a jou\u00e9 un match de plus. Cela signifie donc qu&rsquo;il y a une bataille \u00e0 trois pour les deux derni\u00e8res places des s\u00e9ries \u00e9liminatoires de promotion.<\/p>\n<div id=\"attachment_438321\" class=\"wp-caption alignleft\" style=\"max-width: 300px\"><img fetchpriority=\"high\" decoding=\"async\" class=\"wp-image-438321 size-medium\" src=\"https:\/\/vieassociative.be\/actualites\/wp-content\/uploads\/2026\/04\/Patro-Eisden-FC-Luttich-et-Eupen-bataille-a-trois.jpg\" alt=\"\" width=\"300\" height=\"268\"  ><\/div>\n<p>Eisden est en pause et pourrait \u00eatre \u00e0 la 7\u00e8me place apr\u00e8s ce week-end si Eupen gagne contre le Beerschot et si Li\u00e8ge fait match nul ou gagne \u00e0 Jong Gent.<\/p>\n<p>Lors de la derni\u00e8re journ\u00e9e, Eisden accueille l&rsquo;\u00e9quipe des Francs Borains, en danger de rel\u00e9gation, tandis qu&rsquo;\u00e0 Rocourt se d\u00e9roule un duel direct entre Li\u00e8ge et Eupen. Avec un match \u00e0 domicile contre le Beerschot et un match \u00e0 l&rsquo;ext\u00e9rieur \u00e0 Li\u00e8ge, l&rsquo;AS pr\u00e9sente le programme restant le plus relev\u00e9 parmi les trois candidats du top 6.<\/p>\n<p>En th\u00e9orie, m\u00eame apr\u00e8s une d\u00e9faite contre le Beerschot aujourd&rsquo;hui, Eupen aurait encore une chance th\u00e9orique d&rsquo;atteindre le top 6 avec une victoire lors de la derni\u00e8re journ\u00e9e, mais les noirs et blancs devraient alors compter sur une aide ext\u00e9rieure.<\/p>\n<p>Quoi qu&rsquo;il en soit, l&rsquo;AS doit faire bien mieux aujourd&rsquo;hui contre le Beerschot et une semaine plus tard \u00e0 Li\u00e8ge que la derni\u00e8re fois au Futures d&rsquo;Anderlecht, contre Seraing et au Club NXT. Dans tous les cas, il faut \u00e9viter que les Noirs et Blancs ne rentrent pr\u00e9matur\u00e9ment dans leur moiti\u00e9 de terrain apr\u00e8s une avance de 1-0, comme ce fut le cas lors de la derni\u00e8re journ\u00e9e au Club NXT. Contre une \u00e9quipe forte comme le Beerschot, ce genre de football redoutable aurait des cons\u00e9quences d\u00e9vastatrices.<\/p>\n<p>Son compatriote Kikas, qui n&rsquo;a pas beaucoup jou\u00e9 \u00e0 l&rsquo;exception du match \u00e0 domicile contre Jong Gent, \u00e9tant aujourd&rsquo;hui suspendu, tout comme Kevin M\u00f6hwald, l&rsquo;entra\u00eeneur de l&rsquo;AS Bruno Pinheiro doit faire appel soit \u00e0 Zakaria Atteri, soit \u00e0 Daniel Kasper comme attaquant. (cr\u00e9er)<\/p>\n","protected":false},"excerpt":{"rendered":"<p>L&rsquo;\u00e9quipe de football de deuxi\u00e8me division, l&rsquo;AS Eupen, dispute un match cl\u00e9 ce vendredi soir. Les Noirs et Blancs accueillent au stade Kehrweg le troisi\u00e8me<\/p>\n","protected":false},"author":1,"featured_media":9441,"comment_status":"","ping_status":"","sticky":false,"template":"","format":"standard","meta":{"footnotes":""},"categories":[298],"tags":[2330,6336,10456,796,166,114,3043,2329,4171,3042,10455,81,3169,771],"class_list":["post-13385","post","type-post","status-publish","format-standard","has-post-thumbnail","hentry","category-belgique","tag-aujourdhui","tag-bataille","tag-beerschot","tag-contre","tag-dans","tag-deux","tag-eisden","tag-eupen","tag-luttich","tag-patro","tag-places","tag-pour","tag-top","tag-trois","generate-columns","tablet-grid-50","mobile-grid-100","grid-parent","grid-33"],"yoast_head":"<!-- This site is optimized with the Yoast SEO plugin v24.0 - https:\/\/yoast.com\/wordpress\/plugins\/seo\/ -->\n<title>Patro Eisden, FC L\u00fcttich et Eupen : bataille \u00e0 trois pour deux places dans le top 6 \u2013 AS aujourd&#039;hui contre Beerschot | Vie Associative<\/title>\n<meta name=\"robots\" content=\"index, follow, max-snippet:-1, max-image-preview:large, max-video-preview:-1\" \/>\n<link rel=\"canonical\" href=\"https:\/\/vieassociative.be\/actualites\/patro-eisden-fc-luttich-et-eupen-bataille-a-trois-pour-deux-places-dans-le-top-6-as-aujourdhui-contre-beerschot\/\" \/>\n<meta property=\"og:locale\" content=\"fr_FR\" \/>\n<meta property=\"og:type\" content=\"article\" \/>\n<meta property=\"og:title\" content=\"Patro Eisden, FC L\u00fcttich et Eupen : bataille \u00e0 trois pour deux places dans le top 6 \u2013 AS aujourd&#039;hui contre Beerschot | Vie Associative\" \/>\n<meta property=\"og:description\" content=\"L&rsquo;\u00e9quipe de football de deuxi\u00e8me division, l&rsquo;AS Eupen, dispute un match cl\u00e9 ce vendredi soir. Les Noirs et Blancs accueillent au stade Kehrweg le troisi\u00e8me\" \/>\n<meta property=\"og:url\" content=\"https:\/\/vieassociative.be\/actualites\/patro-eisden-fc-luttich-et-eupen-bataille-a-trois-pour-deux-places-dans-le-top-6-as-aujourdhui-contre-beerschot\/\" \/>\n<meta property=\"og:site_name\" content=\"Vie Associative\" \/>\n<meta property=\"article:published_time\" content=\"2026-04-10T09:17:25+00:00\" \/>\n<meta property=\"og:image\" content=\"https:\/\/vieassociative.be\/actualites\/wp-content\/uploads\/2024\/09\/header_backgroundk-01-e1726694325946.png\" \/>\n\t<meta property=\"og:image:width\" content=\"279\" \/>\n\t<meta property=\"og:image:height\" content=\"92\" \/>\n\t<meta property=\"og:image:type\" content=\"image\/png\" \/>\n<meta name=\"author\" content=\"Julien\" \/>\n<meta name=\"twitter:card\" content=\"summary_large_image\" \/>\n<meta name=\"twitter:label1\" content=\"\u00c9crit par\" \/>\n\t<meta name=\"twitter:data1\" content=\"Julien\" \/>\n\t<meta name=\"twitter:label2\" content=\"Dur\u00e9e de lecture est.\" \/>\n\t<meta name=\"twitter:data2\" content=\"2 minutes\" \/>\n<script type=\"application\/ld+json\" class=\"yoast-schema-graph\">{\"@context\":\"https:\/\/schema.org\",\"@graph\":[{\"@type\":\"Article\",\"@id\":\"https:\/\/vieassociative.be\/actualites\/patro-eisden-fc-luttich-et-eupen-bataille-a-trois-pour-deux-places-dans-le-top-6-as-aujourdhui-contre-beerschot\/#article\",\"isPartOf\":{\"@id\":\"https:\/\/vieassociative.be\/actualites\/patro-eisden-fc-luttich-et-eupen-bataille-a-trois-pour-deux-places-dans-le-top-6-as-aujourdhui-contre-beerschot\/\"},\"author\":{\"name\":\"Julien\",\"@id\":\"https:\/\/vieassociative.be\/actualites\/#\/schema\/person\/b87ac4f82f9d4e7b7cec7395b679edc4\"},\"headline\":\"Patro Eisden, FC L\u00fcttich et Eupen : bataille \u00e0 trois pour deux places dans le top 6 \u2013 AS aujourd&rsquo;hui contre Beerschot\",\"datePublished\":\"2026-04-10T09:17:25+00:00\",\"dateModified\":\"2026-04-10T09:17:25+00:00\",\"mainEntityOfPage\":{\"@id\":\"https:\/\/vieassociative.be\/actualites\/patro-eisden-fc-luttich-et-eupen-bataille-a-trois-pour-deux-places-dans-le-top-6-as-aujourdhui-contre-beerschot\/\"},\"wordCount\":436,\"publisher\":{\"@id\":\"https:\/\/vieassociative.be\/actualites\/#organization\"},\"image\":{\"@id\":\"https:\/\/vieassociative.be\/actualites\/patro-eisden-fc-luttich-et-eupen-bataille-a-trois-pour-deux-places-dans-le-top-6-as-aujourdhui-contre-beerschot\/#primaryimage\"},\"thumbnailUrl\":\"https:\/\/vieassociative.be\/actualites\/wp-content\/uploads\/2025\/08\/1755375450_1-1-Comme-Eupen-prouve-le-caractere-et-se.jpg\",\"keywords\":[\"aujourdhui\",\"Bataille\",\"Beerschot\",\"contre\",\"dans\",\"deux\",\"Eisden\",\"Eupen\",\"L\u00fcttich\",\"Patro\",\"places\",\"pour\",\"top\",\"trois\"],\"articleSection\":[\"Belgique\"],\"inLanguage\":\"fr-BE\"},{\"@type\":\"WebPage\",\"@id\":\"https:\/\/vieassociative.be\/actualites\/patro-eisden-fc-luttich-et-eupen-bataille-a-trois-pour-deux-places-dans-le-top-6-as-aujourdhui-contre-beerschot\/\",\"url\":\"https:\/\/vieassociative.be\/actualites\/patro-eisden-fc-luttich-et-eupen-bataille-a-trois-pour-deux-places-dans-le-top-6-as-aujourdhui-contre-beerschot\/\",\"name\":\"Patro Eisden, FC L\u00fcttich et Eupen : bataille \u00e0 trois pour deux places dans le top 6 \u2013 AS aujourd'hui contre Beerschot | Vie Associative\",\"isPartOf\":{\"@id\":\"https:\/\/vieassociative.be\/actualites\/#website\"},\"primaryImageOfPage\":{\"@id\":\"https:\/\/vieassociative.be\/actualites\/patro-eisden-fc-luttich-et-eupen-bataille-a-trois-pour-deux-places-dans-le-top-6-as-aujourdhui-contre-beerschot\/#primaryimage\"},\"image\":{\"@id\":\"https:\/\/vieassociative.be\/actualites\/patro-eisden-fc-luttich-et-eupen-bataille-a-trois-pour-deux-places-dans-le-top-6-as-aujourdhui-contre-beerschot\/#primaryimage\"},\"thumbnailUrl\":\"https:\/\/vieassociative.be\/actualites\/wp-content\/uploads\/2025\/08\/1755375450_1-1-Comme-Eupen-prouve-le-caractere-et-se.jpg\",\"datePublished\":\"2026-04-10T09:17:25+00:00\",\"dateModified\":\"2026-04-10T09:17:25+00:00\",\"breadcrumb\":{\"@id\":\"https:\/\/vieassociative.be\/actualites\/patro-eisden-fc-luttich-et-eupen-bataille-a-trois-pour-deux-places-dans-le-top-6-as-aujourdhui-contre-beerschot\/#breadcrumb\"},\"inLanguage\":\"fr-BE\",\"potentialAction\":[{\"@type\":\"ReadAction\",\"target\":[\"https:\/\/vieassociative.be\/actualites\/patro-eisden-fc-luttich-et-eupen-bataille-a-trois-pour-deux-places-dans-le-top-6-as-aujourdhui-contre-beerschot\/\"]}]},{\"@type\":\"ImageObject\",\"inLanguage\":\"fr-BE\",\"@id\":\"https:\/\/vieassociative.be\/actualites\/patro-eisden-fc-luttich-et-eupen-bataille-a-trois-pour-deux-places-dans-le-top-6-as-aujourdhui-contre-beerschot\/#primaryimage\",\"url\":\"https:\/\/vieassociative.be\/actualites\/wp-content\/uploads\/2025\/08\/1755375450_1-1-Comme-Eupen-prouve-le-caractere-et-se.jpg\",\"contentUrl\":\"https:\/\/vieassociative.be\/actualites\/wp-content\/uploads\/2025\/08\/1755375450_1-1-Comme-Eupen-prouve-le-caractere-et-se.jpg\",\"width\":1200,\"height\":800,\"caption\":\"1: 1 - Comme Eupen prouve le caract\u00e8re et se bat pour un tirage au sort avec la promotion Aspirant Berry\"},{\"@type\":\"BreadcrumbList\",\"@id\":\"https:\/\/vieassociative.be\/actualites\/patro-eisden-fc-luttich-et-eupen-bataille-a-trois-pour-deux-places-dans-le-top-6-as-aujourdhui-contre-beerschot\/#breadcrumb\",\"itemListElement\":[{\"@type\":\"ListItem\",\"position\":1,\"name\":\"Accueil\",\"item\":\"https:\/\/vieassociative.be\/actualites\/\"},{\"@type\":\"ListItem\",\"position\":2,\"name\":\"Patro Eisden, FC L\u00fcttich et Eupen : bataille \u00e0 trois pour deux places dans le top 6 \u2013 AS aujourd&rsquo;hui contre Beerschot\"}]},{\"@type\":\"WebSite\",\"@id\":\"https:\/\/vieassociative.be\/actualites\/#website\",\"url\":\"https:\/\/vieassociative.be\/actualites\/\",\"name\":\"Vie Associative\",\"description\":\"\",\"publisher\":{\"@id\":\"https:\/\/vieassociative.be\/actualites\/#organization\"},\"potentialAction\":[{\"@type\":\"SearchAction\",\"target\":{\"@type\":\"EntryPoint\",\"urlTemplate\":\"https:\/\/vieassociative.be\/actualites\/?s={search_term_string}\"},\"query-input\":{\"@type\":\"PropertyValueSpecification\",\"valueRequired\":true,\"valueName\":\"search_term_string\"}}],\"inLanguage\":\"fr-BE\"},{\"@type\":\"Organization\",\"@id\":\"https:\/\/vieassociative.be\/actualites\/#organization\",\"name\":\"Vie Associative\",\"url\":\"https:\/\/vieassociative.be\/actualites\/\",\"logo\":{\"@type\":\"ImageObject\",\"inLanguage\":\"fr-BE\",\"@id\":\"https:\/\/vieassociative.be\/actualites\/#\/schema\/logo\/image\/\",\"url\":\"https:\/\/vieassociative.be\/actualites\/wp-content\/uploads\/2024\/09\/cropped-vieassociative_favicon.ico.png\",\"contentUrl\":\"https:\/\/vieassociative.be\/actualites\/wp-content\/uploads\/2024\/09\/cropped-vieassociative_favicon.ico.png\",\"width\":512,\"height\":512,\"caption\":\"Vie Associative\"},\"image\":{\"@id\":\"https:\/\/vieassociative.be\/actualites\/#\/schema\/logo\/image\/\"}},{\"@type\":\"Person\",\"@id\":\"https:\/\/vieassociative.be\/actualites\/#\/schema\/person\/b87ac4f82f9d4e7b7cec7395b679edc4\",\"name\":\"Julien\",\"image\":{\"@type\":\"ImageObject\",\"inLanguage\":\"fr-BE\",\"@id\":\"https:\/\/vieassociative.be\/actualites\/#\/schema\/person\/image\/\",\"url\":\"https:\/\/vieassociative.be\/actualites\/wp-content\/uploads\/2024\/09\/vie-associative-1-150x150.jpg\",\"contentUrl\":\"https:\/\/vieassociative.be\/actualites\/wp-content\/uploads\/2024\/09\/vie-associative-1-150x150.jpg\",\"caption\":\"Julien\"},\"description\":\"Je suis Julien, r\u00e9dacteur pour Vie Associative. Passionn\u00e9 par le monde associatif depuis plus de 10 ans, j'ai \u00e0 c\u0153ur de partager des histoires inspirantes et de mettre en lumi\u00e8re les initiatives locales. Mon objectif est de sensibiliser et d'encourager l'engagement communautaire \u00e0 travers mes articles.\",\"sameAs\":[\"https:\/\/vieassociative.be\/\"]}]}<\/script>\n<!-- \/ Yoast SEO plugin. -->","yoast_head_json":{"title":"Patro Eisden, FC L\u00fcttich et Eupen : bataille \u00e0 trois pour deux places dans le top 6 \u2013 AS aujourd'hui contre Beerschot | Vie Associative","robots":{"index":"index","follow":"follow","max-snippet":"max-snippet:-1","max-image-preview":"max-image-preview:large","max-video-preview":"max-video-preview:-1"},"canonical":"https:\/\/vieassociative.be\/actualites\/patro-eisden-fc-luttich-et-eupen-bataille-a-trois-pour-deux-places-dans-le-top-6-as-aujourdhui-contre-beerschot\/","og_locale":"fr_FR","og_type":"article","og_title":"Patro Eisden, FC L\u00fcttich et Eupen : bataille \u00e0 trois pour deux places dans le top 6 \u2013 AS aujourd'hui contre Beerschot | Vie Associative","og_description":"L&rsquo;\u00e9quipe de football de deuxi\u00e8me division, l&rsquo;AS Eupen, dispute un match cl\u00e9 ce vendredi soir. Les Noirs et Blancs accueillent au stade Kehrweg le troisi\u00e8me","og_url":"https:\/\/vieassociative.be\/actualites\/patro-eisden-fc-luttich-et-eupen-bataille-a-trois-pour-deux-places-dans-le-top-6-as-aujourdhui-contre-beerschot\/","og_site_name":"Vie Associative","article_published_time":"2026-04-10T09:17:25+00:00","og_image":[{"width":279,"height":92,"url":"https:\/\/vieassociative.be\/actualites\/wp-content\/uploads\/2024\/09\/header_backgroundk-01-e1726694325946.png","type":"image\/png"}],"author":"Julien","twitter_card":"summary_large_image","twitter_misc":{"\u00c9crit par":"Julien","Dur\u00e9e de lecture est.":"2 minutes"},"schema":{"@context":"https:\/\/schema.org","@graph":[{"@type":"Article","@id":"https:\/\/vieassociative.be\/actualites\/patro-eisden-fc-luttich-et-eupen-bataille-a-trois-pour-deux-places-dans-le-top-6-as-aujourdhui-contre-beerschot\/#article","isPartOf":{"@id":"https:\/\/vieassociative.be\/actualites\/patro-eisden-fc-luttich-et-eupen-bataille-a-trois-pour-deux-places-dans-le-top-6-as-aujourdhui-contre-beerschot\/"},"author":{"name":"Julien","@id":"https:\/\/vieassociative.be\/actualites\/#\/schema\/person\/b87ac4f82f9d4e7b7cec7395b679edc4"},"headline":"Patro Eisden, FC L\u00fcttich et Eupen : bataille \u00e0 trois pour deux places dans le top 6 \u2013 AS aujourd&rsquo;hui contre Beerschot","datePublished":"2026-04-10T09:17:25+00:00","dateModified":"2026-04-10T09:17:25+00:00","mainEntityOfPage":{"@id":"https:\/\/vieassociative.be\/actualites\/patro-eisden-fc-luttich-et-eupen-bataille-a-trois-pour-deux-places-dans-le-top-6-as-aujourdhui-contre-beerschot\/"},"wordCount":436,"publisher":{"@id":"https:\/\/vieassociative.be\/actualites\/#organization"},"image":{"@id":"https:\/\/vieassociative.be\/actualites\/patro-eisden-fc-luttich-et-eupen-bataille-a-trois-pour-deux-places-dans-le-top-6-as-aujourdhui-contre-beerschot\/#primaryimage"},"thumbnailUrl":"https:\/\/vieassociative.be\/actualites\/wp-content\/uploads\/2025\/08\/1755375450_1-1-Comme-Eupen-prouve-le-caractere-et-se.jpg","keywords":["aujourdhui","Bataille","Beerschot","contre","dans","deux","Eisden","Eupen","L\u00fcttich","Patro","places","pour","top","trois"],"articleSection":["Belgique"],"inLanguage":"fr-BE"},{"@type":"WebPage","@id":"https:\/\/vieassociative.be\/actualites\/patro-eisden-fc-luttich-et-eupen-bataille-a-trois-pour-deux-places-dans-le-top-6-as-aujourdhui-contre-beerschot\/","url":"https:\/\/vieassociative.be\/actualites\/patro-eisden-fc-luttich-et-eupen-bataille-a-trois-pour-deux-places-dans-le-top-6-as-aujourdhui-contre-beerschot\/","name":"Patro Eisden, FC L\u00fcttich et Eupen : bataille \u00e0 trois pour deux places dans le top 6 \u2013 AS aujourd'hui contre Beerschot | Vie Associative","isPartOf":{"@id":"https:\/\/vieassociative.be\/actualites\/#website"},"primaryImageOfPage":{"@id":"https:\/\/vieassociative.be\/actualites\/patro-eisden-fc-luttich-et-eupen-bataille-a-trois-pour-deux-places-dans-le-top-6-as-aujourdhui-contre-beerschot\/#primaryimage"},"image":{"@id":"https:\/\/vieassociative.be\/actualites\/patro-eisden-fc-luttich-et-eupen-bataille-a-trois-pour-deux-places-dans-le-top-6-as-aujourdhui-contre-beerschot\/#primaryimage"},"thumbnailUrl":"https:\/\/vieassociative.be\/actualites\/wp-content\/uploads\/2025\/08\/1755375450_1-1-Comme-Eupen-prouve-le-caractere-et-se.jpg","datePublished":"2026-04-10T09:17:25+00:00","dateModified":"2026-04-10T09:17:25+00:00","breadcrumb":{"@id":"https:\/\/vieassociative.be\/actualites\/patro-eisden-fc-luttich-et-eupen-bataille-a-trois-pour-deux-places-dans-le-top-6-as-aujourdhui-contre-beerschot\/#breadcrumb"},"inLanguage":"fr-BE","potentialAction":[{"@type":"ReadAction","target":["https:\/\/vieassociative.be\/actualites\/patro-eisden-fc-luttich-et-eupen-bataille-a-trois-pour-deux-places-dans-le-top-6-as-aujourdhui-contre-beerschot\/"]}]},{"@type":"ImageObject","inLanguage":"fr-BE","@id":"https:\/\/vieassociative.be\/actualites\/patro-eisden-fc-luttich-et-eupen-bataille-a-trois-pour-deux-places-dans-le-top-6-as-aujourdhui-contre-beerschot\/#primaryimage","url":"https:\/\/vieassociative.be\/actualites\/wp-content\/uploads\/2025\/08\/1755375450_1-1-Comme-Eupen-prouve-le-caractere-et-se.jpg","contentUrl":"https:\/\/vieassociative.be\/actualites\/wp-content\/uploads\/2025\/08\/1755375450_1-1-Comme-Eupen-prouve-le-caractere-et-se.jpg","width":1200,"height":800,"caption":"1: 1 - Comme Eupen prouve le caract\u00e8re et se bat pour un tirage au sort avec la promotion Aspirant Berry"},{"@type":"BreadcrumbList","@id":"https:\/\/vieassociative.be\/actualites\/patro-eisden-fc-luttich-et-eupen-bataille-a-trois-pour-deux-places-dans-le-top-6-as-aujourdhui-contre-beerschot\/#breadcrumb","itemListElement":[{"@type":"ListItem","position":1,"name":"Accueil","item":"https:\/\/vieassociative.be\/actualites\/"},{"@type":"ListItem","position":2,"name":"Patro Eisden, FC L\u00fcttich et Eupen : bataille \u00e0 trois pour deux places dans le top 6 \u2013 AS aujourd&rsquo;hui contre Beerschot"}]},{"@type":"WebSite","@id":"https:\/\/vieassociative.be\/actualites\/#website","url":"https:\/\/vieassociative.be\/actualites\/","name":"Vie Associative","description":"","publisher":{"@id":"https:\/\/vieassociative.be\/actualites\/#organization"},"potentialAction":[{"@type":"SearchAction","target":{"@type":"EntryPoint","urlTemplate":"https:\/\/vieassociative.be\/actualites\/?s={search_term_string}"},"query-input":{"@type":"PropertyValueSpecification","valueRequired":true,"valueName":"search_term_string"}}],"inLanguage":"fr-BE"},{"@type":"Organization","@id":"https:\/\/vieassociative.be\/actualites\/#organization","name":"Vie Associative","url":"https:\/\/vieassociative.be\/actualites\/","logo":{"@type":"ImageObject","inLanguage":"fr-BE","@id":"https:\/\/vieassociative.be\/actualites\/#\/schema\/logo\/image\/","url":"https:\/\/vieassociative.be\/actualites\/wp-content\/uploads\/2024\/09\/cropped-vieassociative_favicon.ico.png","contentUrl":"https:\/\/vieassociative.be\/actualites\/wp-content\/uploads\/2024\/09\/cropped-vieassociative_favicon.ico.png","width":512,"height":512,"caption":"Vie Associative"},"image":{"@id":"https:\/\/vieassociative.be\/actualites\/#\/schema\/logo\/image\/"}},{"@type":"Person","@id":"https:\/\/vieassociative.be\/actualites\/#\/schema\/person\/b87ac4f82f9d4e7b7cec7395b679edc4","name":"Julien","image":{"@type":"ImageObject","inLanguage":"fr-BE","@id":"https:\/\/vieassociative.be\/actualites\/#\/schema\/person\/image\/","url":"https:\/\/vieassociative.be\/actualites\/wp-content\/uploads\/2024\/09\/vie-associative-1-150x150.jpg","contentUrl":"https:\/\/vieassociative.be\/actualites\/wp-content\/uploads\/2024\/09\/vie-associative-1-150x150.jpg","caption":"Julien"},"description":"Je suis Julien, r\u00e9dacteur pour Vie Associative. Passionn\u00e9 par le monde associatif depuis plus de 10 ans, j'ai \u00e0 c\u0153ur de partager des histoires inspirantes et de mettre en lumi\u00e8re les initiatives locales. Mon objectif est de sensibiliser et d'encourager l'engagement communautaire \u00e0 travers mes articles.","sameAs":["https:\/\/vieassociative.be\/"]}]}},"_links":{"self":[{"href":"https:\/\/vieassociative.be\/actualites\/wp-json\/wp\/v2\/posts\/13385"}],"collection":[{"href":"https:\/\/vieassociative.be\/actualites\/wp-json\/wp\/v2\/posts"}],"about":[{"href":"https:\/\/vieassociative.be\/actualites\/wp-json\/wp\/v2\/types\/post"}],"author":[{"embeddable":true,"href":"https:\/\/vieassociative.be\/actualites\/wp-json\/wp\/v2\/users\/1"}],"replies":[{"embeddable":true,"href":"https:\/\/vieassociative.be\/actualites\/wp-json\/wp\/v2\/comments?post=13385"}],"version-history":[{"count":0,"href":"https:\/\/vieassociative.be\/actualites\/wp-json\/wp\/v2\/posts\/13385\/revisions"}],"wp:featuredmedia":[{"embeddable":true,"href":"https:\/\/vieassociative.be\/actualites\/wp-json\/wp\/v2\/media\/9441"}],"wp:attachment":[{"href":"https:\/\/vieassociative.be\/actualites\/wp-json\/wp\/v2\/media?parent=13385"}],"wp:term":[{"taxonomy":"category","embeddable":true,"href":"https:\/\/vieassociative.be\/actualites\/wp-json\/wp\/v2\/categories?post=13385"},{"taxonomy":"post_tag","embeddable":true,"href":"https:\/\/vieassociative.be\/actualites\/wp-json\/wp\/v2\/tags?post=13385"}],"curies":[{"name":"wp","href":"https:\/\/api.w.org\/{rel}","templated":true}]}}