{"id":13379,"date":"2026-04-09T23:18:04","date_gmt":"2026-04-09T21:18:04","guid":{"rendered":"https:\/\/vieassociative.be\/actualites\/lutilisation-des-robots-tondeuses-est-desormais-interdite-en-region-wallonne-entre-18h-et-20h-et-9h\/"},"modified":"2026-04-09T23:18:04","modified_gmt":"2026-04-09T21:18:04","slug":"lutilisation-des-robots-tondeuses-est-desormais-interdite-en-region-wallonne-entre-18h-et-20h-et-9h","status":"publish","type":"post","link":"https:\/\/vieassociative.be\/actualites\/lutilisation-des-robots-tondeuses-est-desormais-interdite-en-region-wallonne-entre-18h-et-20h-et-9h\/","title":{"rendered":"L&rsquo;utilisation des robots tondeuses est d\u00e9sormais interdite en R\u00e9gion wallonne entre 18h et 20h. et 9h"},"content":{"rendered":"<p><strong>Le gouvernement r\u00e9gional wallon a adopt\u00e9 jeudi un arr\u00eat\u00e9 encadrant l&rsquo;utilisation des robots tondeuses, d\u00e9sormais interdits entre 18 heures et 18 heures. Il s&rsquo;agira d&rsquo;assurer une meilleure protection des animaux nocturnes, notamment des h\u00e9rissons.<\/strong><\/p>\n<p><span id=\"more-438314\"><\/span>Un arr\u00eat\u00e9 correspondant de la ministre de l&rsquo;Environnement Anne-Catherine Dalcq (MR) et du ministre du Bien-\u00eatre animal Adrien Dolimont (MR) sur l&rsquo;utilisation des robots tondeuses a \u00e9t\u00e9 adopt\u00e9 jeudi par le gouvernement r\u00e9gional wallon.<\/p>\n<p>D\u00e9sormais, ces robots ne peuvent plus fonctionner \u00e0 toute heure du jour ou de la nuit. Ils doivent rester \u00e0 leur borne de recharge entre 18h et 18h. et 9 heures du matin<\/p>\n<div id=\"attachment_414233\" class=\"wp-caption alignleft\" style=\"max-width: 300px\"><img fetchpriority=\"high\" decoding=\"async\" class=\"wp-image-414233 size-medium\" src=\"https:\/\/vieassociative.be\/actualites\/wp-content\/uploads\/2025\/04\/1745677034_476_Pourquoi-la-tondeuse-a-gazon-devrait-rester-a-lechelle-en.jpg\" alt=\"\" width=\"300\" height=\"169\"  ><\/div>\n<p>Il existe cependant deux exceptions. L&rsquo;une concerne l&rsquo;entretien des terrains de sport, qui est soumis \u00e0 des calendriers pr\u00e9cis, et l&rsquo;autre concerne les exigences de s\u00e9curit\u00e9 publique, par exemple aux abords des a\u00e9roports.<\/p>\n<p>Le d\u00e9cret pr\u00e9voit des sanctions en cas d&rsquo;infraction. \u00ab\u00a0Il s&rsquo;agit d&rsquo;une infraction administrative de cat\u00e9gorie 3, ce qui implique une amende d&rsquo;au moins 50 euros\u00a0\u00bb, explique Nicolas Yernaux, porte-parole du Service public de Wallonie (\u00d6PW). \u00ab\u00a0Le principe est de donner une base l\u00e9gale aux communes et d&rsquo;uniformiser la r\u00e9glementation au niveau r\u00e9gional.\u00a0\u00bb<\/p>\n<p>Et Yernaux d&rsquo;ajouter : \u00ab\u00a0Il s&rsquo;agit de sensibiliser la population et non pas tant de sanctionner.\u00a0\u00bb Cependant, les agents municipaux charg\u00e9s de l&rsquo;application de la loi, qu&rsquo;il s&rsquo;agisse de policiers ou autres, ont le pouvoir de d\u00e9livrer des contraventions en cas d&rsquo;infraction.<\/p>\n<p>Il faut avant tout cr\u00e9er une normalisation : de nombreuses communes avaient d\u00e9j\u00e0 \u00e9mis des interdictions, mais l&rsquo;interdiction nocturne des robots tondeuses s&rsquo;applique d\u00e9sormais partout dans la r\u00e9gion. L&rsquo;objectif est de prot\u00e9ger les petits animaux nocturnes des jardins, notamment les h\u00e9rissons, qui s&rsquo;activent au cr\u00e9puscule. (cr\u00e9er)<\/p>\n","protected":false},"excerpt":{"rendered":"<p>Le gouvernement r\u00e9gional wallon a adopt\u00e9 jeudi un arr\u00eat\u00e9 encadrant l&rsquo;utilisation des robots tondeuses, d\u00e9sormais interdits entre 18 heures et 18 heures. Il s&rsquo;agira d&rsquo;assurer<\/p>\n","protected":false},"author":1,"featured_media":13380,"comment_status":"","ping_status":"","sticky":false,"template":"","format":"standard","meta":{"footnotes":""},"categories":[298],"tags":[10452,10238,29,6,70,76,2745,450,4041,4846,4530,6605],"class_list":["post-13379","post","type-post","status-publish","format-standard","has-post-thumbnail","hentry","category-belgique","tag-18h","tag-20h","tag-des","tag-desormais","tag-entre","tag-est","tag-interdite","tag-lutilisation","tag-region","tag-robots","tag-tondeuses","tag-wallonne","generate-columns","tablet-grid-50","mobile-grid-100","grid-parent","grid-33"],"yoast_head":"<!-- This site is optimized with the Yoast SEO plugin v24.0 - https:\/\/yoast.com\/wordpress\/plugins\/seo\/ -->\n<title>L&#039;utilisation des robots tondeuses est d\u00e9sormais interdite en R\u00e9gion wallonne entre 18h et 20h. et 9h | Vie Associative<\/title>\n<meta name=\"robots\" content=\"index, follow, max-snippet:-1, max-image-preview:large, max-video-preview:-1\" \/>\n<link rel=\"canonical\" href=\"https:\/\/vieassociative.be\/actualites\/lutilisation-des-robots-tondeuses-est-desormais-interdite-en-region-wallonne-entre-18h-et-20h-et-9h\/\" \/>\n<meta property=\"og:locale\" content=\"fr_FR\" \/>\n<meta property=\"og:type\" content=\"article\" \/>\n<meta property=\"og:title\" content=\"L&#039;utilisation des robots tondeuses est d\u00e9sormais interdite en R\u00e9gion wallonne entre 18h et 20h. et 9h | Vie Associative\" \/>\n<meta property=\"og:description\" content=\"Le gouvernement r\u00e9gional wallon a adopt\u00e9 jeudi un arr\u00eat\u00e9 encadrant l&rsquo;utilisation des robots tondeuses, d\u00e9sormais interdits entre 18 heures et 18 heures. Il s&rsquo;agira d&rsquo;assurer\" \/>\n<meta property=\"og:url\" content=\"https:\/\/vieassociative.be\/actualites\/lutilisation-des-robots-tondeuses-est-desormais-interdite-en-region-wallonne-entre-18h-et-20h-et-9h\/\" \/>\n<meta property=\"og:site_name\" content=\"Vie Associative\" \/>\n<meta property=\"article:published_time\" content=\"2026-04-09T21:18:04+00:00\" \/>\n<meta property=\"og:image\" content=\"https:\/\/vieassociative.be\/actualites\/wp-content\/uploads\/2024\/09\/header_backgroundk-01-e1726694325946.png\" \/>\n\t<meta property=\"og:image:width\" content=\"279\" \/>\n\t<meta property=\"og:image:height\" content=\"92\" \/>\n\t<meta property=\"og:image:type\" content=\"image\/png\" \/>\n<meta name=\"author\" content=\"Julien\" \/>\n<meta name=\"twitter:card\" content=\"summary_large_image\" \/>\n<meta name=\"twitter:label1\" content=\"\u00c9crit par\" \/>\n\t<meta name=\"twitter:data1\" content=\"Julien\" \/>\n\t<meta name=\"twitter:label2\" content=\"Dur\u00e9e de lecture est.\" \/>\n\t<meta name=\"twitter:data2\" content=\"1 minute\" \/>\n<script type=\"application\/ld+json\" class=\"yoast-schema-graph\">{\"@context\":\"https:\/\/schema.org\",\"@graph\":[{\"@type\":\"Article\",\"@id\":\"https:\/\/vieassociative.be\/actualites\/lutilisation-des-robots-tondeuses-est-desormais-interdite-en-region-wallonne-entre-18h-et-20h-et-9h\/#article\",\"isPartOf\":{\"@id\":\"https:\/\/vieassociative.be\/actualites\/lutilisation-des-robots-tondeuses-est-desormais-interdite-en-region-wallonne-entre-18h-et-20h-et-9h\/\"},\"author\":{\"name\":\"Julien\",\"@id\":\"https:\/\/vieassociative.be\/actualites\/#\/schema\/person\/b87ac4f82f9d4e7b7cec7395b679edc4\"},\"headline\":\"L&rsquo;utilisation des robots tondeuses est d\u00e9sormais interdite en R\u00e9gion wallonne entre 18h et 20h. et 9h\",\"datePublished\":\"2026-04-09T21:18:04+00:00\",\"dateModified\":\"2026-04-09T21:18:04+00:00\",\"mainEntityOfPage\":{\"@id\":\"https:\/\/vieassociative.be\/actualites\/lutilisation-des-robots-tondeuses-est-desormais-interdite-en-region-wallonne-entre-18h-et-20h-et-9h\/\"},\"wordCount\":333,\"publisher\":{\"@id\":\"https:\/\/vieassociative.be\/actualites\/#organization\"},\"image\":{\"@id\":\"https:\/\/vieassociative.be\/actualites\/lutilisation-des-robots-tondeuses-est-desormais-interdite-en-region-wallonne-entre-18h-et-20h-et-9h\/#primaryimage\"},\"thumbnailUrl\":\"https:\/\/vieassociative.be\/actualites\/wp-content\/uploads\/2026\/04\/Lutilisation-des-robots-tondeuses-est-desormais-interdite-en-Region-wallonne.jpeg\",\"keywords\":[\"18h\",\"20h\",\"Des\",\"d\u00e9sormais\",\"entre\",\"est\",\"interdite\",\"lutilisation\",\"R\u00e9gion\",\"robots\",\"tondeuses\",\"Wallonne\"],\"articleSection\":[\"Belgique\"],\"inLanguage\":\"fr-BE\"},{\"@type\":\"WebPage\",\"@id\":\"https:\/\/vieassociative.be\/actualites\/lutilisation-des-robots-tondeuses-est-desormais-interdite-en-region-wallonne-entre-18h-et-20h-et-9h\/\",\"url\":\"https:\/\/vieassociative.be\/actualites\/lutilisation-des-robots-tondeuses-est-desormais-interdite-en-region-wallonne-entre-18h-et-20h-et-9h\/\",\"name\":\"L'utilisation des robots tondeuses est d\u00e9sormais interdite en R\u00e9gion wallonne entre 18h et 20h. et 9h | Vie Associative\",\"isPartOf\":{\"@id\":\"https:\/\/vieassociative.be\/actualites\/#website\"},\"primaryImageOfPage\":{\"@id\":\"https:\/\/vieassociative.be\/actualites\/lutilisation-des-robots-tondeuses-est-desormais-interdite-en-region-wallonne-entre-18h-et-20h-et-9h\/#primaryimage\"},\"image\":{\"@id\":\"https:\/\/vieassociative.be\/actualites\/lutilisation-des-robots-tondeuses-est-desormais-interdite-en-region-wallonne-entre-18h-et-20h-et-9h\/#primaryimage\"},\"thumbnailUrl\":\"https:\/\/vieassociative.be\/actualites\/wp-content\/uploads\/2026\/04\/Lutilisation-des-robots-tondeuses-est-desormais-interdite-en-Region-wallonne.jpeg\",\"datePublished\":\"2026-04-09T21:18:04+00:00\",\"dateModified\":\"2026-04-09T21:18:04+00:00\",\"breadcrumb\":{\"@id\":\"https:\/\/vieassociative.be\/actualites\/lutilisation-des-robots-tondeuses-est-desormais-interdite-en-region-wallonne-entre-18h-et-20h-et-9h\/#breadcrumb\"},\"inLanguage\":\"fr-BE\",\"potentialAction\":[{\"@type\":\"ReadAction\",\"target\":[\"https:\/\/vieassociative.be\/actualites\/lutilisation-des-robots-tondeuses-est-desormais-interdite-en-region-wallonne-entre-18h-et-20h-et-9h\/\"]}]},{\"@type\":\"ImageObject\",\"inLanguage\":\"fr-BE\",\"@id\":\"https:\/\/vieassociative.be\/actualites\/lutilisation-des-robots-tondeuses-est-desormais-interdite-en-region-wallonne-entre-18h-et-20h-et-9h\/#primaryimage\",\"url\":\"https:\/\/vieassociative.be\/actualites\/wp-content\/uploads\/2026\/04\/Lutilisation-des-robots-tondeuses-est-desormais-interdite-en-Region-wallonne.jpeg\",\"contentUrl\":\"https:\/\/vieassociative.be\/actualites\/wp-content\/uploads\/2026\/04\/Lutilisation-des-robots-tondeuses-est-desormais-interdite-en-Region-wallonne.jpeg\",\"width\":955,\"height\":637,\"caption\":\"L'utilisation des robots tondeuses est d\u00e9sormais interdite en R\u00e9gion wallonne entre 18h et 20h. et 9h\"},{\"@type\":\"BreadcrumbList\",\"@id\":\"https:\/\/vieassociative.be\/actualites\/lutilisation-des-robots-tondeuses-est-desormais-interdite-en-region-wallonne-entre-18h-et-20h-et-9h\/#breadcrumb\",\"itemListElement\":[{\"@type\":\"ListItem\",\"position\":1,\"name\":\"Accueil\",\"item\":\"https:\/\/vieassociative.be\/actualites\/\"},{\"@type\":\"ListItem\",\"position\":2,\"name\":\"L&rsquo;utilisation des robots tondeuses est d\u00e9sormais interdite en R\u00e9gion wallonne entre 18h et 20h. et 9h\"}]},{\"@type\":\"WebSite\",\"@id\":\"https:\/\/vieassociative.be\/actualites\/#website\",\"url\":\"https:\/\/vieassociative.be\/actualites\/\",\"name\":\"Vie Associative\",\"description\":\"\",\"publisher\":{\"@id\":\"https:\/\/vieassociative.be\/actualites\/#organization\"},\"potentialAction\":[{\"@type\":\"SearchAction\",\"target\":{\"@type\":\"EntryPoint\",\"urlTemplate\":\"https:\/\/vieassociative.be\/actualites\/?s={search_term_string}\"},\"query-input\":{\"@type\":\"PropertyValueSpecification\",\"valueRequired\":true,\"valueName\":\"search_term_string\"}}],\"inLanguage\":\"fr-BE\"},{\"@type\":\"Organization\",\"@id\":\"https:\/\/vieassociative.be\/actualites\/#organization\",\"name\":\"Vie Associative\",\"url\":\"https:\/\/vieassociative.be\/actualites\/\",\"logo\":{\"@type\":\"ImageObject\",\"inLanguage\":\"fr-BE\",\"@id\":\"https:\/\/vieassociative.be\/actualites\/#\/schema\/logo\/image\/\",\"url\":\"https:\/\/vieassociative.be\/actualites\/wp-content\/uploads\/2024\/09\/cropped-vieassociative_favicon.ico.png\",\"contentUrl\":\"https:\/\/vieassociative.be\/actualites\/wp-content\/uploads\/2024\/09\/cropped-vieassociative_favicon.ico.png\",\"width\":512,\"height\":512,\"caption\":\"Vie Associative\"},\"image\":{\"@id\":\"https:\/\/vieassociative.be\/actualites\/#\/schema\/logo\/image\/\"}},{\"@type\":\"Person\",\"@id\":\"https:\/\/vieassociative.be\/actualites\/#\/schema\/person\/b87ac4f82f9d4e7b7cec7395b679edc4\",\"name\":\"Julien\",\"image\":{\"@type\":\"ImageObject\",\"inLanguage\":\"fr-BE\",\"@id\":\"https:\/\/vieassociative.be\/actualites\/#\/schema\/person\/image\/\",\"url\":\"https:\/\/vieassociative.be\/actualites\/wp-content\/uploads\/2024\/09\/vie-associative-1-150x150.jpg\",\"contentUrl\":\"https:\/\/vieassociative.be\/actualites\/wp-content\/uploads\/2024\/09\/vie-associative-1-150x150.jpg\",\"caption\":\"Julien\"},\"description\":\"Je suis Julien, r\u00e9dacteur pour Vie Associative. Passionn\u00e9 par le monde associatif depuis plus de 10 ans, j'ai \u00e0 c\u0153ur de partager des histoires inspirantes et de mettre en lumi\u00e8re les initiatives locales. Mon objectif est de sensibiliser et d'encourager l'engagement communautaire \u00e0 travers mes articles.\",\"sameAs\":[\"https:\/\/vieassociative.be\/\"]}]}<\/script>\n<!-- \/ Yoast SEO plugin. -->","yoast_head_json":{"title":"L'utilisation des robots tondeuses est d\u00e9sormais interdite en R\u00e9gion wallonne entre 18h et 20h. et 9h | Vie Associative","robots":{"index":"index","follow":"follow","max-snippet":"max-snippet:-1","max-image-preview":"max-image-preview:large","max-video-preview":"max-video-preview:-1"},"canonical":"https:\/\/vieassociative.be\/actualites\/lutilisation-des-robots-tondeuses-est-desormais-interdite-en-region-wallonne-entre-18h-et-20h-et-9h\/","og_locale":"fr_FR","og_type":"article","og_title":"L'utilisation des robots tondeuses est d\u00e9sormais interdite en R\u00e9gion wallonne entre 18h et 20h. et 9h | Vie Associative","og_description":"Le gouvernement r\u00e9gional wallon a adopt\u00e9 jeudi un arr\u00eat\u00e9 encadrant l&rsquo;utilisation des robots tondeuses, d\u00e9sormais interdits entre 18 heures et 18 heures. Il s&rsquo;agira d&rsquo;assurer","og_url":"https:\/\/vieassociative.be\/actualites\/lutilisation-des-robots-tondeuses-est-desormais-interdite-en-region-wallonne-entre-18h-et-20h-et-9h\/","og_site_name":"Vie Associative","article_published_time":"2026-04-09T21:18:04+00:00","og_image":[{"width":279,"height":92,"url":"https:\/\/vieassociative.be\/actualites\/wp-content\/uploads\/2024\/09\/header_backgroundk-01-e1726694325946.png","type":"image\/png"}],"author":"Julien","twitter_card":"summary_large_image","twitter_misc":{"\u00c9crit par":"Julien","Dur\u00e9e de lecture est.":"1 minute"},"schema":{"@context":"https:\/\/schema.org","@graph":[{"@type":"Article","@id":"https:\/\/vieassociative.be\/actualites\/lutilisation-des-robots-tondeuses-est-desormais-interdite-en-region-wallonne-entre-18h-et-20h-et-9h\/#article","isPartOf":{"@id":"https:\/\/vieassociative.be\/actualites\/lutilisation-des-robots-tondeuses-est-desormais-interdite-en-region-wallonne-entre-18h-et-20h-et-9h\/"},"author":{"name":"Julien","@id":"https:\/\/vieassociative.be\/actualites\/#\/schema\/person\/b87ac4f82f9d4e7b7cec7395b679edc4"},"headline":"L&rsquo;utilisation des robots tondeuses est d\u00e9sormais interdite en R\u00e9gion wallonne entre 18h et 20h. et 9h","datePublished":"2026-04-09T21:18:04+00:00","dateModified":"2026-04-09T21:18:04+00:00","mainEntityOfPage":{"@id":"https:\/\/vieassociative.be\/actualites\/lutilisation-des-robots-tondeuses-est-desormais-interdite-en-region-wallonne-entre-18h-et-20h-et-9h\/"},"wordCount":333,"publisher":{"@id":"https:\/\/vieassociative.be\/actualites\/#organization"},"image":{"@id":"https:\/\/vieassociative.be\/actualites\/lutilisation-des-robots-tondeuses-est-desormais-interdite-en-region-wallonne-entre-18h-et-20h-et-9h\/#primaryimage"},"thumbnailUrl":"https:\/\/vieassociative.be\/actualites\/wp-content\/uploads\/2026\/04\/Lutilisation-des-robots-tondeuses-est-desormais-interdite-en-Region-wallonne.jpeg","keywords":["18h","20h","Des","d\u00e9sormais","entre","est","interdite","lutilisation","R\u00e9gion","robots","tondeuses","Wallonne"],"articleSection":["Belgique"],"inLanguage":"fr-BE"},{"@type":"WebPage","@id":"https:\/\/vieassociative.be\/actualites\/lutilisation-des-robots-tondeuses-est-desormais-interdite-en-region-wallonne-entre-18h-et-20h-et-9h\/","url":"https:\/\/vieassociative.be\/actualites\/lutilisation-des-robots-tondeuses-est-desormais-interdite-en-region-wallonne-entre-18h-et-20h-et-9h\/","name":"L'utilisation des robots tondeuses est d\u00e9sormais interdite en R\u00e9gion wallonne entre 18h et 20h. et 9h | Vie Associative","isPartOf":{"@id":"https:\/\/vieassociative.be\/actualites\/#website"},"primaryImageOfPage":{"@id":"https:\/\/vieassociative.be\/actualites\/lutilisation-des-robots-tondeuses-est-desormais-interdite-en-region-wallonne-entre-18h-et-20h-et-9h\/#primaryimage"},"image":{"@id":"https:\/\/vieassociative.be\/actualites\/lutilisation-des-robots-tondeuses-est-desormais-interdite-en-region-wallonne-entre-18h-et-20h-et-9h\/#primaryimage"},"thumbnailUrl":"https:\/\/vieassociative.be\/actualites\/wp-content\/uploads\/2026\/04\/Lutilisation-des-robots-tondeuses-est-desormais-interdite-en-Region-wallonne.jpeg","datePublished":"2026-04-09T21:18:04+00:00","dateModified":"2026-04-09T21:18:04+00:00","breadcrumb":{"@id":"https:\/\/vieassociative.be\/actualites\/lutilisation-des-robots-tondeuses-est-desormais-interdite-en-region-wallonne-entre-18h-et-20h-et-9h\/#breadcrumb"},"inLanguage":"fr-BE","potentialAction":[{"@type":"ReadAction","target":["https:\/\/vieassociative.be\/actualites\/lutilisation-des-robots-tondeuses-est-desormais-interdite-en-region-wallonne-entre-18h-et-20h-et-9h\/"]}]},{"@type":"ImageObject","inLanguage":"fr-BE","@id":"https:\/\/vieassociative.be\/actualites\/lutilisation-des-robots-tondeuses-est-desormais-interdite-en-region-wallonne-entre-18h-et-20h-et-9h\/#primaryimage","url":"https:\/\/vieassociative.be\/actualites\/wp-content\/uploads\/2026\/04\/Lutilisation-des-robots-tondeuses-est-desormais-interdite-en-Region-wallonne.jpeg","contentUrl":"https:\/\/vieassociative.be\/actualites\/wp-content\/uploads\/2026\/04\/Lutilisation-des-robots-tondeuses-est-desormais-interdite-en-Region-wallonne.jpeg","width":955,"height":637,"caption":"L'utilisation des robots tondeuses est d\u00e9sormais interdite en R\u00e9gion wallonne entre 18h et 20h. et 9h"},{"@type":"BreadcrumbList","@id":"https:\/\/vieassociative.be\/actualites\/lutilisation-des-robots-tondeuses-est-desormais-interdite-en-region-wallonne-entre-18h-et-20h-et-9h\/#breadcrumb","itemListElement":[{"@type":"ListItem","position":1,"name":"Accueil","item":"https:\/\/vieassociative.be\/actualites\/"},{"@type":"ListItem","position":2,"name":"L&rsquo;utilisation des robots tondeuses est d\u00e9sormais interdite en R\u00e9gion wallonne entre 18h et 20h. et 9h"}]},{"@type":"WebSite","@id":"https:\/\/vieassociative.be\/actualites\/#website","url":"https:\/\/vieassociative.be\/actualites\/","name":"Vie Associative","description":"","publisher":{"@id":"https:\/\/vieassociative.be\/actualites\/#organization"},"potentialAction":[{"@type":"SearchAction","target":{"@type":"EntryPoint","urlTemplate":"https:\/\/vieassociative.be\/actualites\/?s={search_term_string}"},"query-input":{"@type":"PropertyValueSpecification","valueRequired":true,"valueName":"search_term_string"}}],"inLanguage":"fr-BE"},{"@type":"Organization","@id":"https:\/\/vieassociative.be\/actualites\/#organization","name":"Vie Associative","url":"https:\/\/vieassociative.be\/actualites\/","logo":{"@type":"ImageObject","inLanguage":"fr-BE","@id":"https:\/\/vieassociative.be\/actualites\/#\/schema\/logo\/image\/","url":"https:\/\/vieassociative.be\/actualites\/wp-content\/uploads\/2024\/09\/cropped-vieassociative_favicon.ico.png","contentUrl":"https:\/\/vieassociative.be\/actualites\/wp-content\/uploads\/2024\/09\/cropped-vieassociative_favicon.ico.png","width":512,"height":512,"caption":"Vie Associative"},"image":{"@id":"https:\/\/vieassociative.be\/actualites\/#\/schema\/logo\/image\/"}},{"@type":"Person","@id":"https:\/\/vieassociative.be\/actualites\/#\/schema\/person\/b87ac4f82f9d4e7b7cec7395b679edc4","name":"Julien","image":{"@type":"ImageObject","inLanguage":"fr-BE","@id":"https:\/\/vieassociative.be\/actualites\/#\/schema\/person\/image\/","url":"https:\/\/vieassociative.be\/actualites\/wp-content\/uploads\/2024\/09\/vie-associative-1-150x150.jpg","contentUrl":"https:\/\/vieassociative.be\/actualites\/wp-content\/uploads\/2024\/09\/vie-associative-1-150x150.jpg","caption":"Julien"},"description":"Je suis Julien, r\u00e9dacteur pour Vie Associative. Passionn\u00e9 par le monde associatif depuis plus de 10 ans, j'ai \u00e0 c\u0153ur de partager des histoires inspirantes et de mettre en lumi\u00e8re les initiatives locales. Mon objectif est de sensibiliser et d'encourager l'engagement communautaire \u00e0 travers mes articles.","sameAs":["https:\/\/vieassociative.be\/"]}]}},"_links":{"self":[{"href":"https:\/\/vieassociative.be\/actualites\/wp-json\/wp\/v2\/posts\/13379"}],"collection":[{"href":"https:\/\/vieassociative.be\/actualites\/wp-json\/wp\/v2\/posts"}],"about":[{"href":"https:\/\/vieassociative.be\/actualites\/wp-json\/wp\/v2\/types\/post"}],"author":[{"embeddable":true,"href":"https:\/\/vieassociative.be\/actualites\/wp-json\/wp\/v2\/users\/1"}],"replies":[{"embeddable":true,"href":"https:\/\/vieassociative.be\/actualites\/wp-json\/wp\/v2\/comments?post=13379"}],"version-history":[{"count":0,"href":"https:\/\/vieassociative.be\/actualites\/wp-json\/wp\/v2\/posts\/13379\/revisions"}],"wp:featuredmedia":[{"embeddable":true,"href":"https:\/\/vieassociative.be\/actualites\/wp-json\/wp\/v2\/media\/13380"}],"wp:attachment":[{"href":"https:\/\/vieassociative.be\/actualites\/wp-json\/wp\/v2\/media?parent=13379"}],"wp:term":[{"taxonomy":"category","embeddable":true,"href":"https:\/\/vieassociative.be\/actualites\/wp-json\/wp\/v2\/categories?post=13379"},{"taxonomy":"post_tag","embeddable":true,"href":"https:\/\/vieassociative.be\/actualites\/wp-json\/wp\/v2\/tags?post=13379"}],"curies":[{"name":"wp","href":"https:\/\/api.w.org\/{rel}","templated":true}]}}