{"id":13377,"date":"2026-04-09T22:18:21","date_gmt":"2026-04-09T20:18:21","guid":{"rendered":"https:\/\/vieassociative.be\/actualites\/les-meilleures-offres-de-la-vente-spring-black-friday-de-home-depot\/"},"modified":"2026-04-09T22:18:21","modified_gmt":"2026-04-09T20:18:21","slug":"les-meilleures-offres-de-la-vente-spring-black-friday-de-home-depot","status":"publish","type":"post","link":"https:\/\/vieassociative.be\/actualites\/les-meilleures-offres-de-la-vente-spring-black-friday-de-home-depot\/","title":{"rendered":"Les meilleures offres de la vente \u00ab Spring Black Friday \u00bb de Home Depot"},"content":{"rendered":"<p>Nous pouvons gagner une commission sur les liens sur cette page. Les prix et la disponibilit\u00e9 de l&rsquo;offre sont sujets \u00e0 changement apr\u00e8s la publication.<\/p>\n<p>La vente du Black Friday du printemps de Home Depot est en cours, avec des offres sur les grils, les outils \u00e9lectriques d&rsquo;ext\u00e9rieur, les meubles de patio et d&rsquo;autres essentiels du printemps pour les deux prochaines semaines. Vous trouverez ci-dessous les meilleures offres que j&rsquo;ai trouv\u00e9es jusqu&rsquo;\u00e0 pr\u00e9sent, mais je continuerai \u00e0 garder un \u0153il ouvert au fur et \u00e0 mesure que les ventes se poursuivront.<\/p>\n<div class=\"shadow-b-2 mb-12 mt-10 rounded-md border-2 border-(#F0F0F0) px-6 py-2 shadow-lg md:px-12\" role=\"region\" aria-label=\"Products List\">\n<div class=\"flex w-full gap-x-5\">\n<div class=\"flex w-full flex-col flex-nowrap justify-center gap-2 text-black no-underline md:order-2 md:gap-y-6\">\n<div class=\"flex flex-col justify-between gap-y-2 md:w-full md:gap-y-1\">\n<div class=\"block font-sans text-xs font-semibold capitalize leading-3 text-gray-900 md:leading-4\">Couvercle principal en acier inoxydable<\/div>\n<div class=\"block w-fit cursor-pointer font-akshar text-lg font-medium leading-5 text-brand-green duration-200 ease-in-out hover:text-brand-green-700 md:text-xl md:leading-6\">\n<p>                            Gril au gaz propane \u00e0 4 br\u00fbleurs NexGrill\n                        <\/p><\/div>\n<\/p><\/div>\n<div class=\"hidden md:flex md:justify-between md:gap-x-4\">\n<div class=\"w-full mb-0 md:flex md:flex-col md:justify-center font-sans leading-4 text-black\">\n<div class=\"flex flex-wrap items-center justify-center gap-1 md:justify-start\">\n        <span class=\"font-bold\"><\/p>\n<p>            199,00\u00a0$<br \/>\n                            <span class=\"font-medium\">chez Home D\u00e9p\u00f4t<\/span><br \/>\n                    <\/span>\n            <\/div>\n<div class=\"flex items-center justify-center gap-x-1 font-bold md:justify-start\">\n            <span class=\"text-sm line-through\">249,00\u00a0$<\/span><br \/>\n            <span class=\"text-sm text-brand-green\">\u00c9conomisez 50,00\u00a0$<\/span>\n        <\/div>\n<\/p><\/div>\n<p>                            <button class=\"flex justify-center items-center w-full bg-brand-green text-white text-base font-sans font-medium rounded-md hover:bg-brand-green-700 hover:cursor-pointer md:text-sm hidden self-end h-12 max-w-(10rem) duration-200 ease-in-out hover:bg-brand-green-700 md:flex md:h-10\"><\/p>\n<p>    Obtenez une offre<br \/>\n<\/button>\n                        <\/div>\n<\/p><\/div>\n<div class=\"flex aspect-video h-(90px) shrink-0 items-center justify-center self-center md:order-1\">\n                        <img decoding=\"async\" class=\"m-0 max-h-full max-w-full rounded-md\" src=\"https:\/\/vieassociative.be\/actualites\/wp-content\/uploads\/2026\/04\/Les-meilleures-offres-de-la-vente-Spring-Black-Friday.png\" alt=\"Gril au gaz propane \u00e0 4 br\u00fbleurs NexGrill\" width=\"auto\" height=\"auto\" loading=\"lazy\">\n                    <\/div>\n<\/p><\/div>\n<p>                            <button class=\"flex justify-center items-center w-full bg-brand-green text-white text-base font-sans font-medium rounded-md hover:bg-brand-green-700 hover:cursor-pointer md:text-sm w-full h-12 duration-200 ease-in-out hover:bg-brand-green-700 md:hidden md:h-10\"><\/p>\n<p>    Obtenez une offre<br \/>\n<\/button><\/p>\n<div class=\"flex flex-col items-center w-full md:hidden font-sans leading-4 text-black\">\n<div class=\"flex flex-wrap items-center justify-center gap-1 md:justify-start\">\n        <span class=\"font-bold\"><\/p>\n<p>            199,00\u00a0$<br \/>\n                            <span class=\"font-medium\">chez Home D\u00e9p\u00f4t<\/span><br \/>\n                    <\/span>\n            <\/div>\n<div class=\"flex items-center justify-center gap-x-1 font-bold md:justify-start\">\n            <span class=\"text-sm line-through\">249,00\u00a0$<\/span><br \/>\n            <span class=\"text-sm text-brand-green\">\u00c9conomisez 50,00\u00a0$<\/span>\n        <\/div>\n<\/p><\/div>\n<div class=\"flex w-full gap-x-5\">\n<div class=\"flex w-full flex-col flex-nowrap justify-center gap-2 text-black no-underline md:order-2 md:gap-y-6\">\n<div class=\"flex flex-col justify-between gap-y-2 md:w-full md:gap-y-1\">\n<div class=\"block font-sans text-xs font-semibold capitalize leading-3 text-gray-900 md:leading-4\">Nettoyeur haute pression \u00e0 gaz 4000 PSI 3,5 GPM avec moteur 338cc, nettoyeur \u00e9lectrique \u00e0 eau froide commercial robuste<\/div>\n<div class=\"block w-fit cursor-pointer font-akshar text-lg font-medium leading-5 text-brand-green duration-200 ease-in-out hover:text-brand-green-700 md:text-xl md:leading-6\">\n<p>                            Nettoyeur haute pression DeWalt\n                        <\/p><\/div>\n<\/p><\/div>\n<div class=\"hidden md:flex md:justify-between md:gap-x-4\">\n<div class=\"w-full mb-0 md:flex md:flex-col md:justify-center font-sans leading-4 text-black\">\n<div class=\"flex flex-wrap items-center justify-center gap-1 md:justify-start\">\n        <span class=\"font-bold\"><\/p>\n<p>            759,00\u00a0$<br \/>\n                            <span class=\"font-medium\">chez Home D\u00e9p\u00f4t<\/span><br \/>\n                    <\/span>\n            <\/div>\n<div class=\"flex items-center justify-center gap-x-1 font-bold md:justify-start\">\n            <span class=\"text-sm line-through\">949,00\u00a0$<\/span><br \/>\n            <span class=\"text-sm text-brand-green\">\u00c9conomisez 190,00\u00a0$<\/span>\n        <\/div>\n<\/p><\/div>\n<p>                            <button class=\"flex justify-center items-center w-full bg-brand-green text-white text-base font-sans font-medium rounded-md hover:bg-brand-green-700 hover:cursor-pointer md:text-sm hidden self-end h-12 max-w-(10rem) duration-200 ease-in-out hover:bg-brand-green-700 md:flex md:h-10\"><\/p>\n<p>    Obtenez une offre<br \/>\n<\/button>\n                        <\/div>\n<\/p><\/div>\n<div class=\"flex aspect-video h-(90px) shrink-0 items-center justify-center self-center md:order-1\">\n                        <img decoding=\"async\" class=\"m-0 max-h-full max-w-full rounded-md\" src=\"https:\/\/vieassociative.be\/actualites\/wp-content\/uploads\/2026\/04\/1775765900_263_Les-meilleures-offres-de-la-vente-Spring-Black-Friday.png\" alt=\"Nettoyeur haute pression DeWalt\" width=\"auto\" height=\"auto\" loading=\"lazy\">\n                    <\/div>\n<\/p><\/div>\n<p>                            <button class=\"flex justify-center items-center w-full bg-brand-green text-white text-base font-sans font-medium rounded-md hover:bg-brand-green-700 hover:cursor-pointer md:text-sm w-full h-12 duration-200 ease-in-out hover:bg-brand-green-700 md:hidden md:h-10\"><\/p>\n<p>    Obtenez une offre<br \/>\n<\/button><\/p>\n<div class=\"flex flex-col items-center w-full md:hidden font-sans leading-4 text-black\">\n<div class=\"flex flex-wrap items-center justify-center gap-1 md:justify-start\">\n        <span class=\"font-bold\"><\/p>\n<p>            759,00\u00a0$<br \/>\n                            <span class=\"font-medium\">chez Home D\u00e9p\u00f4t<\/span><br \/>\n                    <\/span>\n            <\/div>\n<div class=\"flex items-center justify-center gap-x-1 font-bold md:justify-start\">\n            <span class=\"text-sm line-through\">949,00\u00a0$<\/span><br \/>\n            <span class=\"text-sm text-brand-green\">\u00c9conomisez 190,00\u00a0$<\/span>\n        <\/div>\n<\/p><\/div>\n<div class=\"flex w-full gap-x-5\">\n<div class=\"flex w-full flex-col flex-nowrap justify-center gap-2 text-black no-underline md:order-2 md:gap-y-6\">\n<div class=\"flex flex-col justify-between gap-y-2 md:w-full md:gap-y-1\">\n<div class=\"block font-sans text-xs font-semibold capitalize leading-3 text-gray-900 md:leading-4\">28 pi3. pi avec distributeur de glace et d&rsquo;eau et glace artisanale en acier inoxydable PrintProof<\/div>\n<div class=\"block w-fit cursor-pointer font-akshar text-lg font-medium leading-5 text-brand-green duration-200 ease-in-out hover:text-brand-green-700 md:text-xl md:leading-6\">\n<p>                            R\u00e9frig\u00e9rateur \u00e0 portes fran\u00e7aises LG \u00e0 3 portes\n                        <\/p><\/div>\n<\/p><\/div>\n<div class=\"hidden md:flex md:justify-between md:gap-x-4\">\n<div class=\"w-full mb-0 md:flex md:flex-col md:justify-center font-sans leading-4 text-black\">\n<div class=\"flex flex-wrap items-center justify-center gap-1 md:justify-start\">\n        <span class=\"font-bold\"><\/p>\n<p>            1\u00a0599,00\u00a0$<br \/>\n                            <span class=\"font-medium\">chez Home D\u00e9p\u00f4t<\/span><br \/>\n                    <\/span>\n            <\/div>\n<div class=\"flex items-center justify-center gap-x-1 font-bold md:justify-start\">\n            <span class=\"text-sm line-through\">3\u00a0099,00\u00a0$<\/span><br \/>\n            <span class=\"text-sm text-brand-green\">\u00c9conomisez 1\u00a0500,00\u00a0$<\/span>\n        <\/div>\n<\/p><\/div>\n<p>                            <button class=\"flex justify-center items-center w-full bg-brand-green text-white text-base font-sans font-medium rounded-md hover:bg-brand-green-700 hover:cursor-pointer md:text-sm hidden self-end h-12 max-w-(10rem) duration-200 ease-in-out hover:bg-brand-green-700 md:flex md:h-10\"><\/p>\n<p>    Obtenez une offre<br \/>\n<\/button>\n                        <\/div>\n<\/p><\/div>\n<div class=\"flex aspect-video h-(90px) shrink-0 items-center justify-center self-center md:order-1\">\n                        <img decoding=\"async\" class=\"m-0 max-h-full max-w-full rounded-md\" src=\"https:\/\/vieassociative.be\/actualites\/wp-content\/uploads\/2026\/04\/1775765900_572_Les-meilleures-offres-de-la-vente-Spring-Black-Friday.png\" alt=\"R\u00e9frig\u00e9rateur \u00e0 portes fran\u00e7aises LG \u00e0 3 portes\" width=\"auto\" height=\"auto\" loading=\"lazy\">\n                    <\/div>\n<\/p><\/div>\n<p>                            <button class=\"flex justify-center items-center w-full bg-brand-green text-white text-base font-sans font-medium rounded-md hover:bg-brand-green-700 hover:cursor-pointer md:text-sm w-full h-12 duration-200 ease-in-out hover:bg-brand-green-700 md:hidden md:h-10\"><\/p>\n<p>    Obtenez une offre<br \/>\n<\/button><\/p>\n<div class=\"flex flex-col items-center w-full md:hidden font-sans leading-4 text-black\">\n<div class=\"flex flex-wrap items-center justify-center gap-1 md:justify-start\">\n        <span class=\"font-bold\"><\/p>\n<p>            1\u00a0599,00\u00a0$<br \/>\n                            <span class=\"font-medium\">chez Home D\u00e9p\u00f4t<\/span><br \/>\n                    <\/span>\n            <\/div>\n<div class=\"flex items-center justify-center gap-x-1 font-bold md:justify-start\">\n            <span class=\"text-sm line-through\">3\u00a0099,00\u00a0$<\/span><br \/>\n            <span class=\"text-sm text-brand-green\">\u00c9conomisez 1\u00a0500,00\u00a0$<\/span>\n        <\/div>\n<\/p><\/div>\n<div class=\"flex w-full gap-x-5\">\n<div class=\"flex w-full flex-col flex-nowrap justify-center gap-2 text-black no-underline md:order-2 md:gap-y-6\">\n<div class=\"flex flex-col justify-between gap-y-2 md:w-full md:gap-y-1\">\n<div class=\"block font-sans text-xs font-semibold capitalize leading-3 text-gray-900 md:leading-4\">Ensemble de salle \u00e0 manger d&rsquo;ext\u00e9rieur en m\u00e9tal antirouille, 7 pi\u00e8ces, avec 6 chaises de salle \u00e0 manger en textil\u00e8ne et table de salle \u00e0 manger rectangulaire<\/div>\n<div class=\"block w-fit cursor-pointer font-akshar text-lg font-medium leading-5 text-brand-green duration-200 ease-in-out hover:text-brand-green-700 md:text-xl md:leading-6\">\n<p>                            Ensemble de salle \u00e0 manger de patio ext\u00e9rieur en m\u00e9tal\n                        <\/p><\/div>\n<\/p><\/div>\n<div class=\"hidden md:flex md:justify-between md:gap-x-4\">\n<div class=\"w-full mb-0 md:flex md:flex-col md:justify-center font-sans leading-4 text-black\">\n<div class=\"flex flex-wrap items-center justify-center gap-1 md:justify-start\">\n        <span class=\"font-bold\"><\/p>\n<p>            538,00\u00a0$<br \/>\n                            <span class=\"font-medium\">chez Home D\u00e9p\u00f4t<\/span><br \/>\n                    <\/span>\n            <\/div>\n<div class=\"flex items-center justify-center gap-x-1 font-bold md:justify-start\">\n            <span class=\"text-sm line-through\">730,00\u00a0$<\/span><br \/>\n            <span class=\"text-sm text-brand-green\">\u00c9conomisez 192,00\u00a0$<\/span>\n        <\/div>\n<\/p><\/div>\n<p>                            <button class=\"flex justify-center items-center w-full bg-brand-green text-white text-base font-sans font-medium rounded-md hover:bg-brand-green-700 hover:cursor-pointer md:text-sm hidden self-end h-12 max-w-(10rem) duration-200 ease-in-out hover:bg-brand-green-700 md:flex md:h-10\"><\/p>\n<p>    Obtenez une offre<br \/>\n<\/button>\n                        <\/div>\n<\/p><\/div>\n<div class=\"flex aspect-video h-(90px) shrink-0 items-center justify-center self-center md:order-1\">\n                        <img decoding=\"async\" class=\"m-0 max-h-full max-w-full rounded-md\" src=\"https:\/\/vieassociative.be\/actualites\/wp-content\/uploads\/2026\/04\/1775765901_301_Les-meilleures-offres-de-la-vente-Spring-Black-Friday.png\" alt=\"Ensemble de salle \u00e0 manger de patio ext\u00e9rieur en m\u00e9tal\" width=\"auto\" height=\"auto\" loading=\"lazy\">\n                    <\/div>\n<\/p><\/div>\n<p>                            <button class=\"flex justify-center items-center w-full bg-brand-green text-white text-base font-sans font-medium rounded-md hover:bg-brand-green-700 hover:cursor-pointer md:text-sm w-full h-12 duration-200 ease-in-out hover:bg-brand-green-700 md:hidden md:h-10\"><\/p>\n<p>    Obtenez une offre<br \/>\n<\/button><\/p>\n<div class=\"flex flex-col items-center w-full md:hidden font-sans leading-4 text-black\">\n<div class=\"flex flex-wrap items-center justify-center gap-1 md:justify-start\">\n        <span class=\"font-bold\"><\/p>\n<p>            538,00\u00a0$<br \/>\n                            <span class=\"font-medium\">chez Home D\u00e9p\u00f4t<\/span><br \/>\n                    <\/span>\n            <\/div>\n<div class=\"flex items-center justify-center gap-x-1 font-bold md:justify-start\">\n            <span class=\"text-sm line-through\">730,00\u00a0$<\/span><br \/>\n            <span class=\"text-sm text-brand-green\">\u00c9conomisez 192,00\u00a0$<\/span>\n        <\/div>\n<\/p><\/div>\n<div class=\"flex w-full gap-x-5\">\n<div class=\"flex w-full flex-col flex-nowrap justify-center gap-2 text-black no-underline md:order-2 md:gap-y-6\">\n<div class=\"flex flex-col justify-between gap-y-2 md:w-full md:gap-y-1\">\n<div class=\"block font-sans text-xs font-semibold capitalize leading-3 text-gray-900 md:leading-4\">Kit combin\u00e9 de 8 outils sans fil ONE+ 18 V avec (1) batterie de 1,5 Ah et (2) batteries de 4,0 Ah et chargeur<\/div>\n<div class=\"block w-fit cursor-pointer font-akshar text-lg font-medium leading-5 text-brand-green duration-200 ease-in-out hover:text-brand-green-700 md:text-xl md:leading-6\">\n<p>                            Ensemble de 8 outils Ryobi\n                        <\/p><\/div>\n<\/p><\/div>\n<div class=\"hidden md:flex md:justify-between md:gap-x-4\">\n<div class=\"w-full mb-0 md:flex md:flex-col md:justify-center font-sans leading-4 text-black\">\n<div class=\"flex flex-wrap items-center justify-center gap-1 md:justify-start\">\n        <span class=\"font-bold\"><\/p>\n<p>            369,00\u00a0$<br \/>\n                            <span class=\"font-medium\">chez Home D\u00e9p\u00f4t<\/span><br \/>\n                    <\/span>\n            <\/div>\n<div class=\"flex items-center justify-center gap-x-1 font-bold md:justify-start\">\n            <span class=\"text-sm line-through\">529,00\u00a0$<\/span><br \/>\n            <span class=\"text-sm text-brand-green\">\u00c9conomisez 160,00\u00a0$<\/span>\n        <\/div>\n<\/p><\/div>\n<p>                            <button class=\"flex justify-center items-center w-full bg-brand-green text-white text-base font-sans font-medium rounded-md hover:bg-brand-green-700 hover:cursor-pointer md:text-sm hidden self-end h-12 max-w-(10rem) duration-200 ease-in-out hover:bg-brand-green-700 md:flex md:h-10\"><\/p>\n<p>    Obtenez une offre<br \/>\n<\/button>\n                        <\/div>\n<\/p><\/div>\n<div class=\"flex aspect-video h-(90px) shrink-0 items-center justify-center self-center md:order-1\">\n                        <img decoding=\"async\" class=\"m-0 max-h-full max-w-full rounded-md\" src=\"https:\/\/vieassociative.be\/actualites\/wp-content\/uploads\/2026\/04\/1775765901_888_Les-meilleures-offres-de-la-vente-Spring-Black-Friday.png\" alt=\"Ensemble de 8 outils Ryobi\" width=\"auto\" height=\"auto\" loading=\"lazy\">\n                    <\/div>\n<\/p><\/div>\n<p>                            <button class=\"flex justify-center items-center w-full bg-brand-green text-white text-base font-sans font-medium rounded-md hover:bg-brand-green-700 hover:cursor-pointer md:text-sm w-full h-12 duration-200 ease-in-out hover:bg-brand-green-700 md:hidden md:h-10\"><\/p>\n<p>    Obtenez une offre<br \/>\n<\/button><\/p>\n<div class=\"flex flex-col items-center w-full md:hidden font-sans leading-4 text-black\">\n<div class=\"flex flex-wrap items-center justify-center gap-1 md:justify-start\">\n        <span class=\"font-bold\"><\/p>\n<p>            369,00\u00a0$<br \/>\n                            <span class=\"font-medium\">chez Home D\u00e9p\u00f4t<\/span><br \/>\n                    <\/span>\n            <\/div>\n<div class=\"flex items-center justify-center gap-x-1 font-bold md:justify-start\">\n            <span class=\"text-sm line-through\">529,00\u00a0$<\/span><br \/>\n            <span class=\"text-sm text-brand-green\">\u00c9conomisez 160,00\u00a0$<\/span>\n        <\/div>\n<\/p><\/div>\n<div class=\"flex w-full gap-x-5\">\n<div class=\"flex w-full flex-col flex-nowrap justify-center gap-2 text-black no-underline md:order-2 md:gap-y-6\">\n<div class=\"flex flex-col justify-between gap-y-2 md:w-full md:gap-y-1\">\n<div class=\"block font-sans text-xs font-semibold capitalize leading-3 text-gray-900 md:leading-4\">Toilette bidet intelligente ADA allong\u00e9e \u00e0 r\u00e9servoir int\u00e9gr\u00e9 1,27 GPF en blanc avec MAP 1000G, si\u00e8ge chauffant, bouclier en mousse, chasse automatique<\/div>\n<div class=\"block w-fit cursor-pointer font-akshar text-lg font-medium leading-5 text-brand-green duration-200 ease-in-out hover:text-brand-green-700 md:text-xl md:leading-6\">\n<p>                            Toilette bidet intelligente Uncle Brown\n                        <\/p><\/div>\n<\/p><\/div>\n<div class=\"hidden md:flex md:justify-between md:gap-x-4\">\n<div class=\"w-full mb-0 md:flex md:flex-col md:justify-center font-sans leading-4 text-black\">\n<div class=\"flex flex-wrap items-center justify-center gap-1 md:justify-start\">\n        <span class=\"font-bold\"><\/p>\n<p>            699,00\u00a0$<br \/>\n                            <span class=\"font-medium\">chez Home D\u00e9p\u00f4t<\/span><br \/>\n                    <\/span>\n            <\/div>\n<div class=\"flex items-center justify-center gap-x-1 font-bold md:justify-start\">\n            <span class=\"text-sm line-through\">1\u00a0099,00\u00a0$<\/span><br \/>\n            <span class=\"text-sm text-brand-green\">\u00c9conomisez 400,00\u00a0$<\/span>\n        <\/div>\n<\/p><\/div>\n<p>                            <button class=\"flex justify-center items-center w-full bg-brand-green text-white text-base font-sans font-medium rounded-md hover:bg-brand-green-700 hover:cursor-pointer md:text-sm hidden self-end h-12 max-w-(10rem) duration-200 ease-in-out hover:bg-brand-green-700 md:flex md:h-10\"><\/p>\n<p>    Obtenez une offre<br \/>\n<\/button>\n                        <\/div>\n<\/p><\/div>\n<div class=\"flex aspect-video h-(90px) shrink-0 items-center justify-center self-center md:order-1\">\n                        <img decoding=\"async\" class=\"m-0 max-h-full max-w-full rounded-md\" src=\"https:\/\/vieassociative.be\/actualites\/wp-content\/uploads\/2026\/04\/1775765901_316_Les-meilleures-offres-de-la-vente-Spring-Black-Friday.png\" alt=\"Toilette bidet intelligente Uncle Brown\" width=\"auto\" height=\"auto\" loading=\"lazy\">\n                    <\/div>\n<\/p><\/div>\n<p>                            <button class=\"flex justify-center items-center w-full bg-brand-green text-white text-base font-sans font-medium rounded-md hover:bg-brand-green-700 hover:cursor-pointer md:text-sm w-full h-12 duration-200 ease-in-out hover:bg-brand-green-700 md:hidden md:h-10\"><\/p>\n<p>    Obtenez une offre<br \/>\n<\/button><\/p>\n<div class=\"flex flex-col items-center w-full md:hidden font-sans leading-4 text-black\">\n<div class=\"flex flex-wrap items-center justify-center gap-1 md:justify-start\">\n        <span class=\"font-bold\"><\/p>\n<p>            699,00\u00a0$<br \/>\n                            <span class=\"font-medium\">chez Home D\u00e9p\u00f4t<\/span><br \/>\n                    <\/span>\n            <\/div>\n<div class=\"flex items-center justify-center gap-x-1 font-bold md:justify-start\">\n            <span class=\"text-sm line-through\">1\u00a0099,00\u00a0$<\/span><br \/>\n            <span class=\"text-sm text-brand-green\">\u00c9conomisez 400,00\u00a0$<\/span>\n        <\/div>\n<\/p><\/div>\n<p>        <button class=\"mb-4 mt-6 pr-4 font-akshar text-sm font-medium text-gray-900 hover:cursor-pointer hover:text-brand-green md:pr-8\"><\/p>\n<p>        VOIR 3 DE PLUS<\/p>\n<p>    <\/button>\n<\/div>\n<p>Quelques cat\u00e9gories de shopping \u00e0 surveiller\u00a0:<\/p>\n<ul>\n<li>\n<p>\u00c9quipement \u00e9lectrique ext\u00e9rieur<\/p>\n<\/li>\n<li>\n<p>Appareils \u00e9lectrom\u00e9nagers<\/p>\n<\/li>\n<li>\n<p>Meubles de terrasse<\/p>\n<\/li>\n<li>\n<p>Outils<\/p>\n<\/li>\n<li>\n<p>Grillades<\/p>\n<\/li>\n<li>\n<p>Am\u00e9liorations de la salle de bain<\/p>\n<\/li>\n<li>\n<p>Technologie de maison intelligente<\/p>\n<\/li>\n<li>\n<p>Tapis<\/p>\n<\/li>\n<\/ul>\n<p>Vous trouverez ci-dessous quelques-unes des meilleures offres de ces cat\u00e9gories que j\u2019ai trouv\u00e9es jusqu\u2019\u00e0 pr\u00e9sent\u00a0:<\/p>\n<h2 id=\"this-propane-gas-grill-is-20-off\">Ce gril au gaz propane est \u00e0 20% de r\u00e9duction<\/h2>\n<p>Ce gril au gaz propane \u00e0 quatre br\u00fbleurs co\u00fbte 199 $ (\u00e0 l&rsquo;origine 249 $). Il dispose d&rsquo;une zone de cuisson de 566 pouces carr\u00e9s sur ses quatre br\u00fbleurs en acier inoxydable fabriqu\u00e9s \u00e0 partir de grilles de cuisson en fonte, vous offrant ainsi suffisamment d&rsquo;espace pour cuisiner plusieurs plats en m\u00eame temps. <\/p>\n<h2 id=\"a-dewalt-pressure-washer-is-20-off\">Un nettoyeur haute pression DeWalt est \u00e0 20\u00a0% de r\u00e9duction<\/h2>\n<p>Ce nettoyeur haute pression DeWalt tire 4 000 PSI pour un nettoyage de qualit\u00e9 professionnelle sur les terrasses, les porches, les cl\u00f4tures, etc. Il comprend un tuyau de 50 pieds, une pompe triplex, cinq buses QX et un cadre en acier soud\u00e9 robuste. C&rsquo;est 759 $ (949 $ \u00e0 l&rsquo;origine) apr\u00e8s une r\u00e9duction de 20 %. Trouvez plus d\u2019\u00e9quipements \u00e9lectriques ext\u00e9rieurs ici.<\/p>\n<h2 id=\"this-lg-three-door-refrigerator-is-48-off\">Ce r\u00e9frig\u00e9rateur LG trois portes est \u00e0 48% de r\u00e9duction<\/h2>\n<p>Une offre sur la page des appareils \u00e9lectrom\u00e9nagers qui m&rsquo;a impressionn\u00e9 \u00e9tait ce r\u00e9frig\u00e9rateur LG \u00e0 trois portes, qui co\u00fbte 1 599 $ (\u00e0 l&rsquo;origine 3 099 $) apr\u00e8s une r\u00e9duction de 48 %. Il contient 28 pieds cubes et mesure 35,75 pouces de large.<\/p>\n<h2 id=\"this-seven-piece-metal-outdoor-dining-table-is-192-off\">Cette table \u00e0 manger d&rsquo;ext\u00e9rieur en m\u00e9tal de sept pi\u00e8ces est \u00e0 192 $ de rabais<\/h2>\n<p>Cet ensemble de table en m\u00e9tal inoxydable et de six chaises survivra \u00e0 l&rsquo;ext\u00e9rieur au fil des saisons. Comme il n&rsquo;y a pas de coussin sur les si\u00e8ges, vous n&rsquo;avez pas \u00e0 vous soucier d&rsquo;attendre qu&rsquo;ils s\u00e8chent apr\u00e8s la pluie. Obtenez-le pour 538 $ (730 $ \u00e0 l\u2019origine). <\/p>\n<h2 id=\"this-ryobi-cordless-eight-tool-combo-is-30-off\">Ce combo de huit outils sans fil Ryobi est \u00e0 30 % de r\u00e9duction<\/h2>\n<p>En fait, je poss\u00e8de ce kit combin\u00e9 Ryobi de huit outils, et c&rsquo;est l&rsquo;un des meilleurs achats que j&rsquo;ai fait en tant que propri\u00e9taire. J&rsquo;ai essentiellement appris \u00e0 utiliser tous les outils de ce kit et j&rsquo;ai pu m&rsquo;attaquer \u00e0 de nombreux projets de maison que j&rsquo;aurais autrement d\u00fb confier \u00e0 un entrepreneur pour moi. Cela m\u2019a permis d\u2019\u00e9conomiser beaucoup d\u2019argent et m\u2019a donn\u00e9 beaucoup plus confiance en mes comp\u00e9tences de bricoleur. Obtenez-le pour 369 $ (529 $ \u00e0 l\u2019origine) apr\u00e8s une r\u00e9duction de 30 %.<\/p>\n<h2 id=\"this-smart-bidet-toilet-is-400-off\">Cette toilette bidet intelligente est \u00e0 400 $ de r\u00e9duction<\/h2>\n<p>Si vous souhaitez am\u00e9liorer votre salle de bain, il existe quelques \u00e9l\u00e9ments qui la rehausseront autant qu&rsquo;un bidet intelligent. J&rsquo;adore mon bidet intelligent Loniko, mais ce bidet intelligent Uncle Brown est une option de meilleure qualit\u00e9. Vous pouvez l&rsquo;obtenir pour 699 $ (initialement 1 099 $) apr\u00e8s une r\u00e9duction de 36 %. <\/p>\n","protected":false},"excerpt":{"rendered":"<p>Nous pouvons gagner une commission sur les liens sur cette page. Les prix et la disponibilit\u00e9 de l&rsquo;offre sont sujets \u00e0 changement apr\u00e8s la publication.<\/p>\n","protected":false},"author":1,"featured_media":13378,"comment_status":"","ping_status":"","sticky":false,"template":"","format":"standard","meta":{"footnotes":""},"categories":[40],"tags":[73,1314,1255,453,14,79,345,5933,223],"class_list":["post-13377","post","type-post","status-publish","format-standard","has-post-thumbnail","hentry","category-maison","tag-black","tag-depot","tag-friday","tag-home","tag-les","tag-meilleures","tag-offres","tag-spring","tag-vente","generate-columns","tablet-grid-50","mobile-grid-100","grid-parent","grid-33"],"yoast_head":"<!-- This site is optimized with the Yoast SEO plugin v24.0 - https:\/\/yoast.com\/wordpress\/plugins\/seo\/ -->\n<title>Les meilleures offres de la vente \u00ab Spring Black Friday \u00bb de Home Depot | Vie Associative<\/title>\n<meta name=\"robots\" content=\"index, follow, max-snippet:-1, max-image-preview:large, max-video-preview:-1\" \/>\n<link rel=\"canonical\" href=\"https:\/\/vieassociative.be\/actualites\/les-meilleures-offres-de-la-vente-spring-black-friday-de-home-depot\/\" \/>\n<meta property=\"og:locale\" content=\"fr_FR\" \/>\n<meta property=\"og:type\" content=\"article\" \/>\n<meta property=\"og:title\" content=\"Les meilleures offres de la vente \u00ab Spring Black Friday \u00bb de Home Depot | Vie Associative\" \/>\n<meta property=\"og:description\" content=\"Nous pouvons gagner une commission sur les liens sur cette page. Les prix et la disponibilit\u00e9 de l&rsquo;offre sont sujets \u00e0 changement apr\u00e8s la publication.\" \/>\n<meta property=\"og:url\" content=\"https:\/\/vieassociative.be\/actualites\/les-meilleures-offres-de-la-vente-spring-black-friday-de-home-depot\/\" \/>\n<meta property=\"og:site_name\" content=\"Vie Associative\" \/>\n<meta property=\"article:published_time\" content=\"2026-04-09T20:18:21+00:00\" \/>\n<meta property=\"og:image\" content=\"https:\/\/vieassociative.be\/actualites\/wp-content\/uploads\/2026\/04\/Les-meilleures-offres-de-la-vente-Spring-Black-Friday.png\" \/>\n<meta name=\"author\" content=\"Julien\" \/>\n<meta name=\"twitter:card\" content=\"summary_large_image\" \/>\n<meta name=\"twitter:label1\" content=\"\u00c9crit par\" \/>\n\t<meta name=\"twitter:data1\" content=\"Julien\" \/>\n\t<meta name=\"twitter:label2\" content=\"Dur\u00e9e de lecture est.\" \/>\n\t<meta name=\"twitter:data2\" content=\"4 minutes\" \/>\n<script type=\"application\/ld+json\" class=\"yoast-schema-graph\">{\"@context\":\"https:\/\/schema.org\",\"@graph\":[{\"@type\":\"Article\",\"@id\":\"https:\/\/vieassociative.be\/actualites\/les-meilleures-offres-de-la-vente-spring-black-friday-de-home-depot\/#article\",\"isPartOf\":{\"@id\":\"https:\/\/vieassociative.be\/actualites\/les-meilleures-offres-de-la-vente-spring-black-friday-de-home-depot\/\"},\"author\":{\"name\":\"Julien\",\"@id\":\"https:\/\/vieassociative.be\/actualites\/#\/schema\/person\/b87ac4f82f9d4e7b7cec7395b679edc4\"},\"headline\":\"Les meilleures offres de la vente \u00ab Spring Black Friday \u00bb de Home Depot\",\"datePublished\":\"2026-04-09T20:18:21+00:00\",\"dateModified\":\"2026-04-09T20:18:21+00:00\",\"mainEntityOfPage\":{\"@id\":\"https:\/\/vieassociative.be\/actualites\/les-meilleures-offres-de-la-vente-spring-black-friday-de-home-depot\/\"},\"wordCount\":828,\"publisher\":{\"@id\":\"https:\/\/vieassociative.be\/actualites\/#organization\"},\"image\":{\"@id\":\"https:\/\/vieassociative.be\/actualites\/les-meilleures-offres-de-la-vente-spring-black-friday-de-home-depot\/#primaryimage\"},\"thumbnailUrl\":\"https:\/\/vieassociative.be\/actualites\/wp-content\/uploads\/2026\/04\/1775765903_Les-meilleures-offres-de-la-vente-Spring-Black-Friday.png\",\"keywords\":[\"Black\",\"Depot\",\"Friday\",\"Home\",\"Les\",\"meilleures\",\"offres\",\"Spring\",\"vente\"],\"articleSection\":[\"Maison\"],\"inLanguage\":\"fr-BE\"},{\"@type\":\"WebPage\",\"@id\":\"https:\/\/vieassociative.be\/actualites\/les-meilleures-offres-de-la-vente-spring-black-friday-de-home-depot\/\",\"url\":\"https:\/\/vieassociative.be\/actualites\/les-meilleures-offres-de-la-vente-spring-black-friday-de-home-depot\/\",\"name\":\"Les meilleures offres de la vente \u00ab Spring Black Friday \u00bb de Home Depot | Vie Associative\",\"isPartOf\":{\"@id\":\"https:\/\/vieassociative.be\/actualites\/#website\"},\"primaryImageOfPage\":{\"@id\":\"https:\/\/vieassociative.be\/actualites\/les-meilleures-offres-de-la-vente-spring-black-friday-de-home-depot\/#primaryimage\"},\"image\":{\"@id\":\"https:\/\/vieassociative.be\/actualites\/les-meilleures-offres-de-la-vente-spring-black-friday-de-home-depot\/#primaryimage\"},\"thumbnailUrl\":\"https:\/\/vieassociative.be\/actualites\/wp-content\/uploads\/2026\/04\/1775765903_Les-meilleures-offres-de-la-vente-Spring-Black-Friday.png\",\"datePublished\":\"2026-04-09T20:18:21+00:00\",\"dateModified\":\"2026-04-09T20:18:21+00:00\",\"breadcrumb\":{\"@id\":\"https:\/\/vieassociative.be\/actualites\/les-meilleures-offres-de-la-vente-spring-black-friday-de-home-depot\/#breadcrumb\"},\"inLanguage\":\"fr-BE\",\"potentialAction\":[{\"@type\":\"ReadAction\",\"target\":[\"https:\/\/vieassociative.be\/actualites\/les-meilleures-offres-de-la-vente-spring-black-friday-de-home-depot\/\"]}]},{\"@type\":\"ImageObject\",\"inLanguage\":\"fr-BE\",\"@id\":\"https:\/\/vieassociative.be\/actualites\/les-meilleures-offres-de-la-vente-spring-black-friday-de-home-depot\/#primaryimage\",\"url\":\"https:\/\/vieassociative.be\/actualites\/wp-content\/uploads\/2026\/04\/1775765903_Les-meilleures-offres-de-la-vente-Spring-Black-Friday.png\",\"contentUrl\":\"https:\/\/vieassociative.be\/actualites\/wp-content\/uploads\/2026\/04\/1775765903_Les-meilleures-offres-de-la-vente-Spring-Black-Friday.png\",\"width\":1200,\"height\":675,\"caption\":\"Les meilleures offres de la vente \u00ab Spring Black Friday \u00bb de Home Depot\"},{\"@type\":\"BreadcrumbList\",\"@id\":\"https:\/\/vieassociative.be\/actualites\/les-meilleures-offres-de-la-vente-spring-black-friday-de-home-depot\/#breadcrumb\",\"itemListElement\":[{\"@type\":\"ListItem\",\"position\":1,\"name\":\"Accueil\",\"item\":\"https:\/\/vieassociative.be\/actualites\/\"},{\"@type\":\"ListItem\",\"position\":2,\"name\":\"Les meilleures offres de la vente \u00ab Spring Black Friday \u00bb de Home Depot\"}]},{\"@type\":\"WebSite\",\"@id\":\"https:\/\/vieassociative.be\/actualites\/#website\",\"url\":\"https:\/\/vieassociative.be\/actualites\/\",\"name\":\"Vie Associative\",\"description\":\"\",\"publisher\":{\"@id\":\"https:\/\/vieassociative.be\/actualites\/#organization\"},\"potentialAction\":[{\"@type\":\"SearchAction\",\"target\":{\"@type\":\"EntryPoint\",\"urlTemplate\":\"https:\/\/vieassociative.be\/actualites\/?s={search_term_string}\"},\"query-input\":{\"@type\":\"PropertyValueSpecification\",\"valueRequired\":true,\"valueName\":\"search_term_string\"}}],\"inLanguage\":\"fr-BE\"},{\"@type\":\"Organization\",\"@id\":\"https:\/\/vieassociative.be\/actualites\/#organization\",\"name\":\"Vie Associative\",\"url\":\"https:\/\/vieassociative.be\/actualites\/\",\"logo\":{\"@type\":\"ImageObject\",\"inLanguage\":\"fr-BE\",\"@id\":\"https:\/\/vieassociative.be\/actualites\/#\/schema\/logo\/image\/\",\"url\":\"https:\/\/vieassociative.be\/actualites\/wp-content\/uploads\/2024\/09\/cropped-vieassociative_favicon.ico.png\",\"contentUrl\":\"https:\/\/vieassociative.be\/actualites\/wp-content\/uploads\/2024\/09\/cropped-vieassociative_favicon.ico.png\",\"width\":512,\"height\":512,\"caption\":\"Vie Associative\"},\"image\":{\"@id\":\"https:\/\/vieassociative.be\/actualites\/#\/schema\/logo\/image\/\"}},{\"@type\":\"Person\",\"@id\":\"https:\/\/vieassociative.be\/actualites\/#\/schema\/person\/b87ac4f82f9d4e7b7cec7395b679edc4\",\"name\":\"Julien\",\"image\":{\"@type\":\"ImageObject\",\"inLanguage\":\"fr-BE\",\"@id\":\"https:\/\/vieassociative.be\/actualites\/#\/schema\/person\/image\/\",\"url\":\"https:\/\/vieassociative.be\/actualites\/wp-content\/uploads\/2024\/09\/vie-associative-1-150x150.jpg\",\"contentUrl\":\"https:\/\/vieassociative.be\/actualites\/wp-content\/uploads\/2024\/09\/vie-associative-1-150x150.jpg\",\"caption\":\"Julien\"},\"description\":\"Je suis Julien, r\u00e9dacteur pour Vie Associative. Passionn\u00e9 par le monde associatif depuis plus de 10 ans, j'ai \u00e0 c\u0153ur de partager des histoires inspirantes et de mettre en lumi\u00e8re les initiatives locales. Mon objectif est de sensibiliser et d'encourager l'engagement communautaire \u00e0 travers mes articles.\",\"sameAs\":[\"https:\/\/vieassociative.be\/\"]}]}<\/script>\n<!-- \/ Yoast SEO plugin. -->","yoast_head_json":{"title":"Les meilleures offres de la vente \u00ab Spring Black Friday \u00bb de Home Depot | Vie Associative","robots":{"index":"index","follow":"follow","max-snippet":"max-snippet:-1","max-image-preview":"max-image-preview:large","max-video-preview":"max-video-preview:-1"},"canonical":"https:\/\/vieassociative.be\/actualites\/les-meilleures-offres-de-la-vente-spring-black-friday-de-home-depot\/","og_locale":"fr_FR","og_type":"article","og_title":"Les meilleures offres de la vente \u00ab Spring Black Friday \u00bb de Home Depot | Vie Associative","og_description":"Nous pouvons gagner une commission sur les liens sur cette page. Les prix et la disponibilit\u00e9 de l&rsquo;offre sont sujets \u00e0 changement apr\u00e8s la publication.","og_url":"https:\/\/vieassociative.be\/actualites\/les-meilleures-offres-de-la-vente-spring-black-friday-de-home-depot\/","og_site_name":"Vie Associative","article_published_time":"2026-04-09T20:18:21+00:00","og_image":[{"url":"https:\/\/vieassociative.be\/actualites\/wp-content\/uploads\/2026\/04\/Les-meilleures-offres-de-la-vente-Spring-Black-Friday.png","type":"","width":"","height":""}],"author":"Julien","twitter_card":"summary_large_image","twitter_misc":{"\u00c9crit par":"Julien","Dur\u00e9e de lecture est.":"4 minutes"},"schema":{"@context":"https:\/\/schema.org","@graph":[{"@type":"Article","@id":"https:\/\/vieassociative.be\/actualites\/les-meilleures-offres-de-la-vente-spring-black-friday-de-home-depot\/#article","isPartOf":{"@id":"https:\/\/vieassociative.be\/actualites\/les-meilleures-offres-de-la-vente-spring-black-friday-de-home-depot\/"},"author":{"name":"Julien","@id":"https:\/\/vieassociative.be\/actualites\/#\/schema\/person\/b87ac4f82f9d4e7b7cec7395b679edc4"},"headline":"Les meilleures offres de la vente \u00ab Spring Black Friday \u00bb de Home Depot","datePublished":"2026-04-09T20:18:21+00:00","dateModified":"2026-04-09T20:18:21+00:00","mainEntityOfPage":{"@id":"https:\/\/vieassociative.be\/actualites\/les-meilleures-offres-de-la-vente-spring-black-friday-de-home-depot\/"},"wordCount":828,"publisher":{"@id":"https:\/\/vieassociative.be\/actualites\/#organization"},"image":{"@id":"https:\/\/vieassociative.be\/actualites\/les-meilleures-offres-de-la-vente-spring-black-friday-de-home-depot\/#primaryimage"},"thumbnailUrl":"https:\/\/vieassociative.be\/actualites\/wp-content\/uploads\/2026\/04\/1775765903_Les-meilleures-offres-de-la-vente-Spring-Black-Friday.png","keywords":["Black","Depot","Friday","Home","Les","meilleures","offres","Spring","vente"],"articleSection":["Maison"],"inLanguage":"fr-BE"},{"@type":"WebPage","@id":"https:\/\/vieassociative.be\/actualites\/les-meilleures-offres-de-la-vente-spring-black-friday-de-home-depot\/","url":"https:\/\/vieassociative.be\/actualites\/les-meilleures-offres-de-la-vente-spring-black-friday-de-home-depot\/","name":"Les meilleures offres de la vente \u00ab Spring Black Friday \u00bb de Home Depot | Vie Associative","isPartOf":{"@id":"https:\/\/vieassociative.be\/actualites\/#website"},"primaryImageOfPage":{"@id":"https:\/\/vieassociative.be\/actualites\/les-meilleures-offres-de-la-vente-spring-black-friday-de-home-depot\/#primaryimage"},"image":{"@id":"https:\/\/vieassociative.be\/actualites\/les-meilleures-offres-de-la-vente-spring-black-friday-de-home-depot\/#primaryimage"},"thumbnailUrl":"https:\/\/vieassociative.be\/actualites\/wp-content\/uploads\/2026\/04\/1775765903_Les-meilleures-offres-de-la-vente-Spring-Black-Friday.png","datePublished":"2026-04-09T20:18:21+00:00","dateModified":"2026-04-09T20:18:21+00:00","breadcrumb":{"@id":"https:\/\/vieassociative.be\/actualites\/les-meilleures-offres-de-la-vente-spring-black-friday-de-home-depot\/#breadcrumb"},"inLanguage":"fr-BE","potentialAction":[{"@type":"ReadAction","target":["https:\/\/vieassociative.be\/actualites\/les-meilleures-offres-de-la-vente-spring-black-friday-de-home-depot\/"]}]},{"@type":"ImageObject","inLanguage":"fr-BE","@id":"https:\/\/vieassociative.be\/actualites\/les-meilleures-offres-de-la-vente-spring-black-friday-de-home-depot\/#primaryimage","url":"https:\/\/vieassociative.be\/actualites\/wp-content\/uploads\/2026\/04\/1775765903_Les-meilleures-offres-de-la-vente-Spring-Black-Friday.png","contentUrl":"https:\/\/vieassociative.be\/actualites\/wp-content\/uploads\/2026\/04\/1775765903_Les-meilleures-offres-de-la-vente-Spring-Black-Friday.png","width":1200,"height":675,"caption":"Les meilleures offres de la vente \u00ab Spring Black Friday \u00bb de Home Depot"},{"@type":"BreadcrumbList","@id":"https:\/\/vieassociative.be\/actualites\/les-meilleures-offres-de-la-vente-spring-black-friday-de-home-depot\/#breadcrumb","itemListElement":[{"@type":"ListItem","position":1,"name":"Accueil","item":"https:\/\/vieassociative.be\/actualites\/"},{"@type":"ListItem","position":2,"name":"Les meilleures offres de la vente \u00ab Spring Black Friday \u00bb de Home Depot"}]},{"@type":"WebSite","@id":"https:\/\/vieassociative.be\/actualites\/#website","url":"https:\/\/vieassociative.be\/actualites\/","name":"Vie Associative","description":"","publisher":{"@id":"https:\/\/vieassociative.be\/actualites\/#organization"},"potentialAction":[{"@type":"SearchAction","target":{"@type":"EntryPoint","urlTemplate":"https:\/\/vieassociative.be\/actualites\/?s={search_term_string}"},"query-input":{"@type":"PropertyValueSpecification","valueRequired":true,"valueName":"search_term_string"}}],"inLanguage":"fr-BE"},{"@type":"Organization","@id":"https:\/\/vieassociative.be\/actualites\/#organization","name":"Vie Associative","url":"https:\/\/vieassociative.be\/actualites\/","logo":{"@type":"ImageObject","inLanguage":"fr-BE","@id":"https:\/\/vieassociative.be\/actualites\/#\/schema\/logo\/image\/","url":"https:\/\/vieassociative.be\/actualites\/wp-content\/uploads\/2024\/09\/cropped-vieassociative_favicon.ico.png","contentUrl":"https:\/\/vieassociative.be\/actualites\/wp-content\/uploads\/2024\/09\/cropped-vieassociative_favicon.ico.png","width":512,"height":512,"caption":"Vie Associative"},"image":{"@id":"https:\/\/vieassociative.be\/actualites\/#\/schema\/logo\/image\/"}},{"@type":"Person","@id":"https:\/\/vieassociative.be\/actualites\/#\/schema\/person\/b87ac4f82f9d4e7b7cec7395b679edc4","name":"Julien","image":{"@type":"ImageObject","inLanguage":"fr-BE","@id":"https:\/\/vieassociative.be\/actualites\/#\/schema\/person\/image\/","url":"https:\/\/vieassociative.be\/actualites\/wp-content\/uploads\/2024\/09\/vie-associative-1-150x150.jpg","contentUrl":"https:\/\/vieassociative.be\/actualites\/wp-content\/uploads\/2024\/09\/vie-associative-1-150x150.jpg","caption":"Julien"},"description":"Je suis Julien, r\u00e9dacteur pour Vie Associative. Passionn\u00e9 par le monde associatif depuis plus de 10 ans, j'ai \u00e0 c\u0153ur de partager des histoires inspirantes et de mettre en lumi\u00e8re les initiatives locales. Mon objectif est de sensibiliser et d'encourager l'engagement communautaire \u00e0 travers mes articles.","sameAs":["https:\/\/vieassociative.be\/"]}]}},"_links":{"self":[{"href":"https:\/\/vieassociative.be\/actualites\/wp-json\/wp\/v2\/posts\/13377"}],"collection":[{"href":"https:\/\/vieassociative.be\/actualites\/wp-json\/wp\/v2\/posts"}],"about":[{"href":"https:\/\/vieassociative.be\/actualites\/wp-json\/wp\/v2\/types\/post"}],"author":[{"embeddable":true,"href":"https:\/\/vieassociative.be\/actualites\/wp-json\/wp\/v2\/users\/1"}],"replies":[{"embeddable":true,"href":"https:\/\/vieassociative.be\/actualites\/wp-json\/wp\/v2\/comments?post=13377"}],"version-history":[{"count":0,"href":"https:\/\/vieassociative.be\/actualites\/wp-json\/wp\/v2\/posts\/13377\/revisions"}],"wp:featuredmedia":[{"embeddable":true,"href":"https:\/\/vieassociative.be\/actualites\/wp-json\/wp\/v2\/media\/13378"}],"wp:attachment":[{"href":"https:\/\/vieassociative.be\/actualites\/wp-json\/wp\/v2\/media?parent=13377"}],"wp:term":[{"taxonomy":"category","embeddable":true,"href":"https:\/\/vieassociative.be\/actualites\/wp-json\/wp\/v2\/categories?post=13377"},{"taxonomy":"post_tag","embeddable":true,"href":"https:\/\/vieassociative.be\/actualites\/wp-json\/wp\/v2\/tags?post=13377"}],"curies":[{"name":"wp","href":"https:\/\/api.w.org\/{rel}","templated":true}]}}