{"id":13375,"date":"2026-04-09T17:17:27","date_gmt":"2026-04-09T15:17:27","guid":{"rendered":"https:\/\/vieassociative.be\/actualites\/lalemannia-aachen-a-reussi-a-rester-en-3eme-ligue-sous-la-direction-de-lancien-entraineur-de-las-eupen-selimbegovic\/"},"modified":"2026-04-09T17:17:27","modified_gmt":"2026-04-09T15:17:27","slug":"lalemannia-aachen-a-reussi-a-rester-en-3eme-ligue-sous-la-direction-de-lancien-entraineur-de-las-eupen-selimbegovic","status":"publish","type":"post","link":"https:\/\/vieassociative.be\/actualites\/lalemannia-aachen-a-reussi-a-rester-en-3eme-ligue-sous-la-direction-de-lancien-entraineur-de-las-eupen-selimbegovic\/","title":{"rendered":"L&rsquo;Alemannia Aachen a r\u00e9ussi \u00e0 rester en 3\u00e8me ligue sous la direction de l&rsquo;ancien entra\u00eeneur de l&rsquo;AS Eupen Selimbegovic"},"content":{"rendered":"<p><strong>Apr\u00e8s le nul 1-1 \u00e0 Sarrebruck mercredi, les joueurs de l&rsquo;Alemannia Aachen semblaient plut\u00f4t m\u00e9contents. Apr\u00e8s cinq victoires cons\u00e9cutives, ils ont d\u00fb se contenter d&rsquo;un match nul au Ludwigsparkstadion.<\/strong><\/p>\n<p><span id=\"more-438301\"><\/span>N\u00e9anmoins, il y avait certainement des raisons de se r\u00e9jouir, car avec ce point, les Noirs et les Jaunes ont finalement obtenu la rel\u00e9gation en 3\u00e8me ligue &#8211; et cela d\u00e9j\u00e0 six jours avant la fin du championnat.<\/p>\n<p>\u00ab\u00a0Il faut passer par Sarrebruck et la rel\u00e9gation sera finalis\u00e9e\u00a0\u00bb, titrait jeudi l'\u00a0\u00bbAachener Zeitung\u00a0\u00bb, bas\u00e9 sur un tube bien connu de Peter Maffay.<\/p>\n<div id=\"attachment_429091\" class=\"wp-caption alignleft\" style=\"max-width: 300px\"><img fetchpriority=\"high\" decoding=\"async\" class=\"wp-image-429091 size-medium\" src=\"https:\/\/vieassociative.be\/actualites\/wp-content\/uploads\/2026\/04\/LAlemannia-Aachen-a-reussi-a-rester-en-3eme-ligue-sous.jpeg\" alt=\"\" width=\"300\" height=\"171\"  ><\/div>\n<p>Au cours de la premi\u00e8re moiti\u00e9 de la saison, l&rsquo;\u00e9quipe de l&rsquo;entra\u00eeneur Mersad Selimbegovic \u00e9tait encore en pleine bataille pour la rel\u00e9gation, semblait vuln\u00e9rable et globalement trop instable pour sortir d\u00e9finitivement de la zone de danger.<\/p>\n<p>Le tournant s&rsquo;est produit \u00e0 l&rsquo;automne avec le changement d&rsquo;entra\u00eeneur par Selimbegovi\u0107, qui a travaill\u00e9 \u00e0 l&rsquo;AS Eupen lors de la saison 2024\/2025. Les premi\u00e8res semaines \u00e0 Tivoli sous la direction du Bosniaque se sont d&rsquo;abord d\u00e9roul\u00e9es sans perc\u00e9e imm\u00e9diate, mais il \u00e9tait d\u00e9j\u00e0 \u00e9vident dans cette phase qu&rsquo;il comptait sur une stabilisation fondamentale et des structures claires.<\/p>\n<\/p>\n<div id=\"attachment_368177\" class=\"wp-caption alignleft\" style=\"max-width: 300px\"><img decoding=\"async\" src=\"https:\/\/vieassociative.be\/actualites\/wp-content\/uploads\/2026\/04\/1775747847_413_LAlemannia-Aachen-a-reussi-a-rester-en-3eme-ligue-sous.jpeg\" alt=\"\" width=\"300\" height=\"146\" class=\"size-medium wp-image-368177\"><\/div>\n<p>L&rsquo;Alemannia Aachen attire \u00e9galement les foules en 3\u00e8me ligue. Photo : photo alliance \/ dpa(\/l\u00e9gende)Avec le d\u00e9but de la seconde moiti\u00e9 de la saison, ces mesures ont pris de plus en plus d&rsquo;effet. Aix-la-Chapelle est devenue l&rsquo;une des \u00e9quipes les plus fortes de la ligue, a constamment r\u00e9colt\u00e9 des points et a impressionn\u00e9 par un jeu offensif consid\u00e9rablement am\u00e9lior\u00e9.<\/p>\n<p>Dans le m\u00eame temps, l\u2019\u00e9quipe est apparue plus stable tactiquement et a jou\u00e9 avec une confiance en elle croissante. Petit \u00e0 petit, un candidat \u00e0 la rel\u00e9gation instable est devenu une unit\u00e9 stable au milieu du tableau.<\/p>\n<p>Cette reprise s\u2019est accompagn\u00e9e d\u2019un soutien extraordinaire de la part des fans. Avec une moyenne de plus de 20 000 spectateurs, Aix-la-Chapelle est l&rsquo;un des clubs comptant le plus de spectateurs du championnat. L&rsquo;atmosph\u00e8re qui r\u00e8gne \u00e0 Tivoli n&rsquo;est pas seulement l&rsquo;expression de la grande tradition du club, mais aussi un facteur notable dans les \u00e9v\u00e9nements sportifs qui apporte un soutien suppl\u00e9mentaire aux Noirs et Jaunes.  (cr\u00e9er)<\/p>\n","protected":false},"excerpt":{"rendered":"<p>Apr\u00e8s le nul 1-1 \u00e0 Sarrebruck mercredi, les joueurs de l&rsquo;Alemannia Aachen semblaient plut\u00f4t m\u00e9contents. Apr\u00e8s cinq victoires cons\u00e9cutives, ils ont d\u00fb se contenter d&rsquo;un<\/p>\n","protected":false},"author":1,"featured_media":13376,"comment_status":"","ping_status":"","sticky":false,"template":"","format":"standard","meta":{"footnotes":""},"categories":[298],"tags":[9987,3446,2597,930,2329,3445,4356,2353,2817,2213,8599,3395,467],"class_list":["post-13375","post","type-post","status-publish","format-standard","has-post-thumbnail","hentry","category-belgique","tag-3eme","tag-aachen","tag-direction","tag-entraineur","tag-eupen","tag-lalemannia","tag-lancien","tag-las","tag-ligue","tag-rester","tag-reussi","tag-selimbegovic","tag-sous","generate-columns","tablet-grid-50","mobile-grid-100","grid-parent","grid-33"],"yoast_head":"<!-- This site is optimized with the Yoast SEO plugin v24.0 - https:\/\/yoast.com\/wordpress\/plugins\/seo\/ -->\n<title>L&#039;Alemannia Aachen a r\u00e9ussi \u00e0 rester en 3\u00e8me ligue sous la direction de l&#039;ancien entra\u00eeneur de l&#039;AS Eupen Selimbegovic | Vie Associative<\/title>\n<meta name=\"robots\" content=\"index, follow, max-snippet:-1, max-image-preview:large, max-video-preview:-1\" \/>\n<link rel=\"canonical\" href=\"https:\/\/vieassociative.be\/actualites\/lalemannia-aachen-a-reussi-a-rester-en-3eme-ligue-sous-la-direction-de-lancien-entraineur-de-las-eupen-selimbegovic\/\" \/>\n<meta property=\"og:locale\" content=\"fr_FR\" \/>\n<meta property=\"og:type\" content=\"article\" \/>\n<meta property=\"og:title\" content=\"L&#039;Alemannia Aachen a r\u00e9ussi \u00e0 rester en 3\u00e8me ligue sous la direction de l&#039;ancien entra\u00eeneur de l&#039;AS Eupen Selimbegovic | Vie Associative\" \/>\n<meta property=\"og:description\" content=\"Apr\u00e8s le nul 1-1 \u00e0 Sarrebruck mercredi, les joueurs de l&rsquo;Alemannia Aachen semblaient plut\u00f4t m\u00e9contents. Apr\u00e8s cinq victoires cons\u00e9cutives, ils ont d\u00fb se contenter d&rsquo;un\" \/>\n<meta property=\"og:url\" content=\"https:\/\/vieassociative.be\/actualites\/lalemannia-aachen-a-reussi-a-rester-en-3eme-ligue-sous-la-direction-de-lancien-entraineur-de-las-eupen-selimbegovic\/\" \/>\n<meta property=\"og:site_name\" content=\"Vie Associative\" \/>\n<meta property=\"article:published_time\" content=\"2026-04-09T15:17:27+00:00\" \/>\n<meta property=\"og:image\" content=\"https:\/\/vieassociative.be\/actualites\/wp-content\/uploads\/2024\/09\/header_backgroundk-01-e1726694325946.png\" \/>\n\t<meta property=\"og:image:width\" content=\"279\" \/>\n\t<meta property=\"og:image:height\" content=\"92\" \/>\n\t<meta property=\"og:image:type\" content=\"image\/png\" \/>\n<meta name=\"author\" content=\"Julien\" \/>\n<meta name=\"twitter:card\" content=\"summary_large_image\" \/>\n<meta name=\"twitter:label1\" content=\"\u00c9crit par\" \/>\n\t<meta name=\"twitter:data1\" content=\"Julien\" \/>\n\t<meta name=\"twitter:label2\" content=\"Dur\u00e9e de lecture est.\" \/>\n\t<meta name=\"twitter:data2\" content=\"2 minutes\" \/>\n<script type=\"application\/ld+json\" class=\"yoast-schema-graph\">{\"@context\":\"https:\/\/schema.org\",\"@graph\":[{\"@type\":\"Article\",\"@id\":\"https:\/\/vieassociative.be\/actualites\/lalemannia-aachen-a-reussi-a-rester-en-3eme-ligue-sous-la-direction-de-lancien-entraineur-de-las-eupen-selimbegovic\/#article\",\"isPartOf\":{\"@id\":\"https:\/\/vieassociative.be\/actualites\/lalemannia-aachen-a-reussi-a-rester-en-3eme-ligue-sous-la-direction-de-lancien-entraineur-de-las-eupen-selimbegovic\/\"},\"author\":{\"name\":\"Julien\",\"@id\":\"https:\/\/vieassociative.be\/actualites\/#\/schema\/person\/b87ac4f82f9d4e7b7cec7395b679edc4\"},\"headline\":\"L&rsquo;Alemannia Aachen a r\u00e9ussi \u00e0 rester en 3\u00e8me ligue sous la direction de l&rsquo;ancien entra\u00eeneur de l&rsquo;AS Eupen Selimbegovic\",\"datePublished\":\"2026-04-09T15:17:27+00:00\",\"dateModified\":\"2026-04-09T15:17:27+00:00\",\"mainEntityOfPage\":{\"@id\":\"https:\/\/vieassociative.be\/actualites\/lalemannia-aachen-a-reussi-a-rester-en-3eme-ligue-sous-la-direction-de-lancien-entraineur-de-las-eupen-selimbegovic\/\"},\"wordCount\":417,\"publisher\":{\"@id\":\"https:\/\/vieassociative.be\/actualites\/#organization\"},\"image\":{\"@id\":\"https:\/\/vieassociative.be\/actualites\/lalemannia-aachen-a-reussi-a-rester-en-3eme-ligue-sous-la-direction-de-lancien-entraineur-de-las-eupen-selimbegovic\/#primaryimage\"},\"thumbnailUrl\":\"https:\/\/vieassociative.be\/actualites\/wp-content\/uploads\/2026\/04\/LAlemannia-Aachen-a-reussi-a-rester-en-3eme-ligue-sous.jpg\",\"keywords\":[\"3\u00e8me\",\"Aachen\",\"direction\",\"entra\u00eeneur\",\"Eupen\",\"LAlemannia\",\"Lancien\",\"lAS\",\"Ligue\",\"rester\",\"r\u00e9ussi\",\"Selimbegovic\",\"sous\"],\"articleSection\":[\"Belgique\"],\"inLanguage\":\"fr-BE\"},{\"@type\":\"WebPage\",\"@id\":\"https:\/\/vieassociative.be\/actualites\/lalemannia-aachen-a-reussi-a-rester-en-3eme-ligue-sous-la-direction-de-lancien-entraineur-de-las-eupen-selimbegovic\/\",\"url\":\"https:\/\/vieassociative.be\/actualites\/lalemannia-aachen-a-reussi-a-rester-en-3eme-ligue-sous-la-direction-de-lancien-entraineur-de-las-eupen-selimbegovic\/\",\"name\":\"L'Alemannia Aachen a r\u00e9ussi \u00e0 rester en 3\u00e8me ligue sous la direction de l'ancien entra\u00eeneur de l'AS Eupen Selimbegovic | Vie Associative\",\"isPartOf\":{\"@id\":\"https:\/\/vieassociative.be\/actualites\/#website\"},\"primaryImageOfPage\":{\"@id\":\"https:\/\/vieassociative.be\/actualites\/lalemannia-aachen-a-reussi-a-rester-en-3eme-ligue-sous-la-direction-de-lancien-entraineur-de-las-eupen-selimbegovic\/#primaryimage\"},\"image\":{\"@id\":\"https:\/\/vieassociative.be\/actualites\/lalemannia-aachen-a-reussi-a-rester-en-3eme-ligue-sous-la-direction-de-lancien-entraineur-de-las-eupen-selimbegovic\/#primaryimage\"},\"thumbnailUrl\":\"https:\/\/vieassociative.be\/actualites\/wp-content\/uploads\/2026\/04\/LAlemannia-Aachen-a-reussi-a-rester-en-3eme-ligue-sous.jpg\",\"datePublished\":\"2026-04-09T15:17:27+00:00\",\"dateModified\":\"2026-04-09T15:17:27+00:00\",\"breadcrumb\":{\"@id\":\"https:\/\/vieassociative.be\/actualites\/lalemannia-aachen-a-reussi-a-rester-en-3eme-ligue-sous-la-direction-de-lancien-entraineur-de-las-eupen-selimbegovic\/#breadcrumb\"},\"inLanguage\":\"fr-BE\",\"potentialAction\":[{\"@type\":\"ReadAction\",\"target\":[\"https:\/\/vieassociative.be\/actualites\/lalemannia-aachen-a-reussi-a-rester-en-3eme-ligue-sous-la-direction-de-lancien-entraineur-de-las-eupen-selimbegovic\/\"]}]},{\"@type\":\"ImageObject\",\"inLanguage\":\"fr-BE\",\"@id\":\"https:\/\/vieassociative.be\/actualites\/lalemannia-aachen-a-reussi-a-rester-en-3eme-ligue-sous-la-direction-de-lancien-entraineur-de-las-eupen-selimbegovic\/#primaryimage\",\"url\":\"https:\/\/vieassociative.be\/actualites\/wp-content\/uploads\/2026\/04\/LAlemannia-Aachen-a-reussi-a-rester-en-3eme-ligue-sous.jpg\",\"contentUrl\":\"https:\/\/vieassociative.be\/actualites\/wp-content\/uploads\/2026\/04\/LAlemannia-Aachen-a-reussi-a-rester-en-3eme-ligue-sous.jpg\",\"width\":1280,\"height\":819,\"caption\":\"L'Alemannia Aachen a r\u00e9ussi \u00e0 rester en 3\u00e8me ligue sous la direction de l'ancien entra\u00eeneur de l'AS Eupen Selimbegovic\"},{\"@type\":\"BreadcrumbList\",\"@id\":\"https:\/\/vieassociative.be\/actualites\/lalemannia-aachen-a-reussi-a-rester-en-3eme-ligue-sous-la-direction-de-lancien-entraineur-de-las-eupen-selimbegovic\/#breadcrumb\",\"itemListElement\":[{\"@type\":\"ListItem\",\"position\":1,\"name\":\"Accueil\",\"item\":\"https:\/\/vieassociative.be\/actualites\/\"},{\"@type\":\"ListItem\",\"position\":2,\"name\":\"L&rsquo;Alemannia Aachen a r\u00e9ussi \u00e0 rester en 3\u00e8me ligue sous la direction de l&rsquo;ancien entra\u00eeneur de l&rsquo;AS Eupen Selimbegovic\"}]},{\"@type\":\"WebSite\",\"@id\":\"https:\/\/vieassociative.be\/actualites\/#website\",\"url\":\"https:\/\/vieassociative.be\/actualites\/\",\"name\":\"Vie Associative\",\"description\":\"\",\"publisher\":{\"@id\":\"https:\/\/vieassociative.be\/actualites\/#organization\"},\"potentialAction\":[{\"@type\":\"SearchAction\",\"target\":{\"@type\":\"EntryPoint\",\"urlTemplate\":\"https:\/\/vieassociative.be\/actualites\/?s={search_term_string}\"},\"query-input\":{\"@type\":\"PropertyValueSpecification\",\"valueRequired\":true,\"valueName\":\"search_term_string\"}}],\"inLanguage\":\"fr-BE\"},{\"@type\":\"Organization\",\"@id\":\"https:\/\/vieassociative.be\/actualites\/#organization\",\"name\":\"Vie Associative\",\"url\":\"https:\/\/vieassociative.be\/actualites\/\",\"logo\":{\"@type\":\"ImageObject\",\"inLanguage\":\"fr-BE\",\"@id\":\"https:\/\/vieassociative.be\/actualites\/#\/schema\/logo\/image\/\",\"url\":\"https:\/\/vieassociative.be\/actualites\/wp-content\/uploads\/2024\/09\/cropped-vieassociative_favicon.ico.png\",\"contentUrl\":\"https:\/\/vieassociative.be\/actualites\/wp-content\/uploads\/2024\/09\/cropped-vieassociative_favicon.ico.png\",\"width\":512,\"height\":512,\"caption\":\"Vie Associative\"},\"image\":{\"@id\":\"https:\/\/vieassociative.be\/actualites\/#\/schema\/logo\/image\/\"}},{\"@type\":\"Person\",\"@id\":\"https:\/\/vieassociative.be\/actualites\/#\/schema\/person\/b87ac4f82f9d4e7b7cec7395b679edc4\",\"name\":\"Julien\",\"image\":{\"@type\":\"ImageObject\",\"inLanguage\":\"fr-BE\",\"@id\":\"https:\/\/vieassociative.be\/actualites\/#\/schema\/person\/image\/\",\"url\":\"https:\/\/vieassociative.be\/actualites\/wp-content\/uploads\/2024\/09\/vie-associative-1-150x150.jpg\",\"contentUrl\":\"https:\/\/vieassociative.be\/actualites\/wp-content\/uploads\/2024\/09\/vie-associative-1-150x150.jpg\",\"caption\":\"Julien\"},\"description\":\"Je suis Julien, r\u00e9dacteur pour Vie Associative. Passionn\u00e9 par le monde associatif depuis plus de 10 ans, j'ai \u00e0 c\u0153ur de partager des histoires inspirantes et de mettre en lumi\u00e8re les initiatives locales. Mon objectif est de sensibiliser et d'encourager l'engagement communautaire \u00e0 travers mes articles.\",\"sameAs\":[\"https:\/\/vieassociative.be\/\"]}]}<\/script>\n<!-- \/ Yoast SEO plugin. -->","yoast_head_json":{"title":"L'Alemannia Aachen a r\u00e9ussi \u00e0 rester en 3\u00e8me ligue sous la direction de l'ancien entra\u00eeneur de l'AS Eupen Selimbegovic | Vie Associative","robots":{"index":"index","follow":"follow","max-snippet":"max-snippet:-1","max-image-preview":"max-image-preview:large","max-video-preview":"max-video-preview:-1"},"canonical":"https:\/\/vieassociative.be\/actualites\/lalemannia-aachen-a-reussi-a-rester-en-3eme-ligue-sous-la-direction-de-lancien-entraineur-de-las-eupen-selimbegovic\/","og_locale":"fr_FR","og_type":"article","og_title":"L'Alemannia Aachen a r\u00e9ussi \u00e0 rester en 3\u00e8me ligue sous la direction de l'ancien entra\u00eeneur de l'AS Eupen Selimbegovic | Vie Associative","og_description":"Apr\u00e8s le nul 1-1 \u00e0 Sarrebruck mercredi, les joueurs de l&rsquo;Alemannia Aachen semblaient plut\u00f4t m\u00e9contents. Apr\u00e8s cinq victoires cons\u00e9cutives, ils ont d\u00fb se contenter d&rsquo;un","og_url":"https:\/\/vieassociative.be\/actualites\/lalemannia-aachen-a-reussi-a-rester-en-3eme-ligue-sous-la-direction-de-lancien-entraineur-de-las-eupen-selimbegovic\/","og_site_name":"Vie Associative","article_published_time":"2026-04-09T15:17:27+00:00","og_image":[{"width":279,"height":92,"url":"https:\/\/vieassociative.be\/actualites\/wp-content\/uploads\/2024\/09\/header_backgroundk-01-e1726694325946.png","type":"image\/png"}],"author":"Julien","twitter_card":"summary_large_image","twitter_misc":{"\u00c9crit par":"Julien","Dur\u00e9e de lecture est.":"2 minutes"},"schema":{"@context":"https:\/\/schema.org","@graph":[{"@type":"Article","@id":"https:\/\/vieassociative.be\/actualites\/lalemannia-aachen-a-reussi-a-rester-en-3eme-ligue-sous-la-direction-de-lancien-entraineur-de-las-eupen-selimbegovic\/#article","isPartOf":{"@id":"https:\/\/vieassociative.be\/actualites\/lalemannia-aachen-a-reussi-a-rester-en-3eme-ligue-sous-la-direction-de-lancien-entraineur-de-las-eupen-selimbegovic\/"},"author":{"name":"Julien","@id":"https:\/\/vieassociative.be\/actualites\/#\/schema\/person\/b87ac4f82f9d4e7b7cec7395b679edc4"},"headline":"L&rsquo;Alemannia Aachen a r\u00e9ussi \u00e0 rester en 3\u00e8me ligue sous la direction de l&rsquo;ancien entra\u00eeneur de l&rsquo;AS Eupen Selimbegovic","datePublished":"2026-04-09T15:17:27+00:00","dateModified":"2026-04-09T15:17:27+00:00","mainEntityOfPage":{"@id":"https:\/\/vieassociative.be\/actualites\/lalemannia-aachen-a-reussi-a-rester-en-3eme-ligue-sous-la-direction-de-lancien-entraineur-de-las-eupen-selimbegovic\/"},"wordCount":417,"publisher":{"@id":"https:\/\/vieassociative.be\/actualites\/#organization"},"image":{"@id":"https:\/\/vieassociative.be\/actualites\/lalemannia-aachen-a-reussi-a-rester-en-3eme-ligue-sous-la-direction-de-lancien-entraineur-de-las-eupen-selimbegovic\/#primaryimage"},"thumbnailUrl":"https:\/\/vieassociative.be\/actualites\/wp-content\/uploads\/2026\/04\/LAlemannia-Aachen-a-reussi-a-rester-en-3eme-ligue-sous.jpg","keywords":["3\u00e8me","Aachen","direction","entra\u00eeneur","Eupen","LAlemannia","Lancien","lAS","Ligue","rester","r\u00e9ussi","Selimbegovic","sous"],"articleSection":["Belgique"],"inLanguage":"fr-BE"},{"@type":"WebPage","@id":"https:\/\/vieassociative.be\/actualites\/lalemannia-aachen-a-reussi-a-rester-en-3eme-ligue-sous-la-direction-de-lancien-entraineur-de-las-eupen-selimbegovic\/","url":"https:\/\/vieassociative.be\/actualites\/lalemannia-aachen-a-reussi-a-rester-en-3eme-ligue-sous-la-direction-de-lancien-entraineur-de-las-eupen-selimbegovic\/","name":"L'Alemannia Aachen a r\u00e9ussi \u00e0 rester en 3\u00e8me ligue sous la direction de l'ancien entra\u00eeneur de l'AS Eupen Selimbegovic | Vie Associative","isPartOf":{"@id":"https:\/\/vieassociative.be\/actualites\/#website"},"primaryImageOfPage":{"@id":"https:\/\/vieassociative.be\/actualites\/lalemannia-aachen-a-reussi-a-rester-en-3eme-ligue-sous-la-direction-de-lancien-entraineur-de-las-eupen-selimbegovic\/#primaryimage"},"image":{"@id":"https:\/\/vieassociative.be\/actualites\/lalemannia-aachen-a-reussi-a-rester-en-3eme-ligue-sous-la-direction-de-lancien-entraineur-de-las-eupen-selimbegovic\/#primaryimage"},"thumbnailUrl":"https:\/\/vieassociative.be\/actualites\/wp-content\/uploads\/2026\/04\/LAlemannia-Aachen-a-reussi-a-rester-en-3eme-ligue-sous.jpg","datePublished":"2026-04-09T15:17:27+00:00","dateModified":"2026-04-09T15:17:27+00:00","breadcrumb":{"@id":"https:\/\/vieassociative.be\/actualites\/lalemannia-aachen-a-reussi-a-rester-en-3eme-ligue-sous-la-direction-de-lancien-entraineur-de-las-eupen-selimbegovic\/#breadcrumb"},"inLanguage":"fr-BE","potentialAction":[{"@type":"ReadAction","target":["https:\/\/vieassociative.be\/actualites\/lalemannia-aachen-a-reussi-a-rester-en-3eme-ligue-sous-la-direction-de-lancien-entraineur-de-las-eupen-selimbegovic\/"]}]},{"@type":"ImageObject","inLanguage":"fr-BE","@id":"https:\/\/vieassociative.be\/actualites\/lalemannia-aachen-a-reussi-a-rester-en-3eme-ligue-sous-la-direction-de-lancien-entraineur-de-las-eupen-selimbegovic\/#primaryimage","url":"https:\/\/vieassociative.be\/actualites\/wp-content\/uploads\/2026\/04\/LAlemannia-Aachen-a-reussi-a-rester-en-3eme-ligue-sous.jpg","contentUrl":"https:\/\/vieassociative.be\/actualites\/wp-content\/uploads\/2026\/04\/LAlemannia-Aachen-a-reussi-a-rester-en-3eme-ligue-sous.jpg","width":1280,"height":819,"caption":"L'Alemannia Aachen a r\u00e9ussi \u00e0 rester en 3\u00e8me ligue sous la direction de l'ancien entra\u00eeneur de l'AS Eupen Selimbegovic"},{"@type":"BreadcrumbList","@id":"https:\/\/vieassociative.be\/actualites\/lalemannia-aachen-a-reussi-a-rester-en-3eme-ligue-sous-la-direction-de-lancien-entraineur-de-las-eupen-selimbegovic\/#breadcrumb","itemListElement":[{"@type":"ListItem","position":1,"name":"Accueil","item":"https:\/\/vieassociative.be\/actualites\/"},{"@type":"ListItem","position":2,"name":"L&rsquo;Alemannia Aachen a r\u00e9ussi \u00e0 rester en 3\u00e8me ligue sous la direction de l&rsquo;ancien entra\u00eeneur de l&rsquo;AS Eupen Selimbegovic"}]},{"@type":"WebSite","@id":"https:\/\/vieassociative.be\/actualites\/#website","url":"https:\/\/vieassociative.be\/actualites\/","name":"Vie Associative","description":"","publisher":{"@id":"https:\/\/vieassociative.be\/actualites\/#organization"},"potentialAction":[{"@type":"SearchAction","target":{"@type":"EntryPoint","urlTemplate":"https:\/\/vieassociative.be\/actualites\/?s={search_term_string}"},"query-input":{"@type":"PropertyValueSpecification","valueRequired":true,"valueName":"search_term_string"}}],"inLanguage":"fr-BE"},{"@type":"Organization","@id":"https:\/\/vieassociative.be\/actualites\/#organization","name":"Vie Associative","url":"https:\/\/vieassociative.be\/actualites\/","logo":{"@type":"ImageObject","inLanguage":"fr-BE","@id":"https:\/\/vieassociative.be\/actualites\/#\/schema\/logo\/image\/","url":"https:\/\/vieassociative.be\/actualites\/wp-content\/uploads\/2024\/09\/cropped-vieassociative_favicon.ico.png","contentUrl":"https:\/\/vieassociative.be\/actualites\/wp-content\/uploads\/2024\/09\/cropped-vieassociative_favicon.ico.png","width":512,"height":512,"caption":"Vie Associative"},"image":{"@id":"https:\/\/vieassociative.be\/actualites\/#\/schema\/logo\/image\/"}},{"@type":"Person","@id":"https:\/\/vieassociative.be\/actualites\/#\/schema\/person\/b87ac4f82f9d4e7b7cec7395b679edc4","name":"Julien","image":{"@type":"ImageObject","inLanguage":"fr-BE","@id":"https:\/\/vieassociative.be\/actualites\/#\/schema\/person\/image\/","url":"https:\/\/vieassociative.be\/actualites\/wp-content\/uploads\/2024\/09\/vie-associative-1-150x150.jpg","contentUrl":"https:\/\/vieassociative.be\/actualites\/wp-content\/uploads\/2024\/09\/vie-associative-1-150x150.jpg","caption":"Julien"},"description":"Je suis Julien, r\u00e9dacteur pour Vie Associative. Passionn\u00e9 par le monde associatif depuis plus de 10 ans, j'ai \u00e0 c\u0153ur de partager des histoires inspirantes et de mettre en lumi\u00e8re les initiatives locales. Mon objectif est de sensibiliser et d'encourager l'engagement communautaire \u00e0 travers mes articles.","sameAs":["https:\/\/vieassociative.be\/"]}]}},"_links":{"self":[{"href":"https:\/\/vieassociative.be\/actualites\/wp-json\/wp\/v2\/posts\/13375"}],"collection":[{"href":"https:\/\/vieassociative.be\/actualites\/wp-json\/wp\/v2\/posts"}],"about":[{"href":"https:\/\/vieassociative.be\/actualites\/wp-json\/wp\/v2\/types\/post"}],"author":[{"embeddable":true,"href":"https:\/\/vieassociative.be\/actualites\/wp-json\/wp\/v2\/users\/1"}],"replies":[{"embeddable":true,"href":"https:\/\/vieassociative.be\/actualites\/wp-json\/wp\/v2\/comments?post=13375"}],"version-history":[{"count":0,"href":"https:\/\/vieassociative.be\/actualites\/wp-json\/wp\/v2\/posts\/13375\/revisions"}],"wp:featuredmedia":[{"embeddable":true,"href":"https:\/\/vieassociative.be\/actualites\/wp-json\/wp\/v2\/media\/13376"}],"wp:attachment":[{"href":"https:\/\/vieassociative.be\/actualites\/wp-json\/wp\/v2\/media?parent=13375"}],"wp:term":[{"taxonomy":"category","embeddable":true,"href":"https:\/\/vieassociative.be\/actualites\/wp-json\/wp\/v2\/categories?post=13375"},{"taxonomy":"post_tag","embeddable":true,"href":"https:\/\/vieassociative.be\/actualites\/wp-json\/wp\/v2\/tags?post=13375"}],"curies":[{"name":"wp","href":"https:\/\/api.w.org\/{rel}","templated":true}]}}