{"id":13373,"date":"2026-04-09T16:18:00","date_gmt":"2026-04-09T14:18:00","guid":{"rendered":"https:\/\/vieassociative.be\/actualites\/la-derniere-sonnette-video-de-google-est-actuellement-a-plus-de-20-de-reduction\/"},"modified":"2026-04-09T16:18:00","modified_gmt":"2026-04-09T14:18:00","slug":"la-derniere-sonnette-video-de-google-est-actuellement-a-plus-de-20-de-reduction","status":"publish","type":"post","link":"https:\/\/vieassociative.be\/actualites\/la-derniere-sonnette-video-de-google-est-actuellement-a-plus-de-20-de-reduction\/","title":{"rendered":"La derni\u00e8re sonnette vid\u00e9o de Google est actuellement \u00e0 plus de 20\u00a0% de r\u00e9duction"},"content":{"rendered":"<p>Nous pouvons gagner une commission sur les liens sur cette page. Les prix et la disponibilit\u00e9 de l&rsquo;offre sont sujets \u00e0 changement apr\u00e8s la publication.<\/p>\n<p>La sonnette Google Nest Doorbell est tomb\u00e9e \u00e0 <strong>139,99\u00a0$<\/strong> (\u00e0 l&rsquo;origine 179,99 $), et c&rsquo;est le prix le plus bas atteint jusqu&rsquo;\u00e0 pr\u00e9sent, selon les trackers de prix. La conception est famili\u00e8re si vous avez d\u00e9j\u00e0 vu des cam\u00e9ras Nest, avec un seul module de cam\u00e9ra en haut et un bouton de sonnette allum\u00e9 en bas dans un corps class\u00e9 IP65 qui g\u00e8re la pluie et la poussi\u00e8re sans probl\u00e8me. Il s&rsquo;agit d&rsquo;une unit\u00e9 filaire, cela n&rsquo;a donc de sens que si votre maison dispose d\u00e9j\u00e0 du c\u00e2blage appropri\u00e9 ou si vous \u00eates pr\u00eat \u00e0 l&rsquo;installer. C&rsquo;est g\u00e9rable si vous \u00eates \u00e0 l&rsquo;aise avec le c\u00e2blage basse tension (16-24 V CA) ; sinon, cela vaut peut-\u00eatre la peine d&rsquo;appeler un \u00e9lectricien.<\/p>\n<div class=\"pogoClear mb-12 mt-10 rounded-md border-2 border-gray-100 py-7 shadow-xl md:py-6\">\n<div class=\"flex flex-wrap justify-between px-7 text-black no-underline md:flex-nowrap md:px-8\">\n<div class=\"order-1 mx-auto flex flex-col justify-center md:order-2 md:ml-4 md:w-full md:grow\">\n<div class=\"block cursor-pointer text-center font-akshar text-2xl font-medium leading-7 text-brand-green duration-200 ease-in-out hover:text-brand-green-700 md:text-left md:text-xl md:leading-6\">Sonnette Google Nest\n                <\/div>\n<div class=\"mt-4 block font-sans text-sm font-medium leading-4 text-gray-900 md:mx-0 md:mt-2\">Mod\u00e8le 2025 avec vid\u00e9o 2K et Gemini AI\n                    <\/div>\n<div class=\"mt-4 hidden md:flex md:justify-between\">\n<div class=\"self-end\">\n<div class=\"mb-0 h-11 md:flex md:flex-col md:justify-center\">\n<div class=\" font-sans leading-4 text-black\">\n<div class=\"flex flex-wrap items-center justify-center gap-1 md:justify-start\">\n        <span class=\"font-bold\"><\/p>\n<p>            139,99\u00a0$<br \/>\n                            <span class=\"font-medium\">chez Amazon<\/span><br \/>\n                    <\/span>\n            <\/div>\n<div class=\"flex items-center justify-center gap-x-1 font-bold md:justify-start\">\n            <span class=\"text-sm line-through\">179,99\u00a0$<\/span><br \/>\n            <span class=\"text-sm text-brand-green\">\u00c9conomisez 40,00\u00a0$<\/span>\n        <\/div>\n<\/p><\/div>\n<\/p><\/div>\n<\/p><\/div>\n<div class=\"w-44 self-end\">\n                            <button class=\"flex justify-center items-center w-full bg-brand-green text-white text-base font-sans font-medium rounded-md hover:bg-brand-green-700 hover:cursor-pointer md:text-sm h-11\"><\/p>\n<p>    Obtenez une offre<br \/>\n<\/button>\n                        <\/div>\n<\/p><\/div>\n<\/p><\/div>\n<div class=\"order-2 mt-5 h-auto w-full md:order-1 md:mt-0 md:hidden\">\n<div class=\"flex aspect-video items-center justify-center\">\n                                            <img decoding=\"async\" class=\"m-0 max-h-full max-w-full rounded-md\" src=\"https:\/\/vieassociative.be\/actualites\/wp-content\/uploads\/2026\/04\/La-derniere-sonnette-video-de-Google-est-actuellement-a-plus.jpg\" alt=\"Sonnette filaire Google Nest Doorbell 2K de 3e g\u00e9n\u00e9ration (neige)\" width=\"auto\" height=\"auto\" loading=\"lazy\">\n                                    <\/div>\n<\/p><\/div>\n<div class=\"order-2 ml-2 hidden w-32 shrink-0 items-center md:order-1 md:ml-0 md:flex\">\n<div class=\"flex aspect-video items-center justify-center\">\n                                            <img decoding=\"async\" class=\"m-0 max-h-full max-w-full rounded-md\" src=\"https:\/\/vieassociative.be\/actualites\/wp-content\/uploads\/2026\/04\/La-derniere-sonnette-video-de-Google-est-actuellement-a-plus.jpg\" alt=\"Sonnette filaire Google Nest Doorbell 2K de 3e g\u00e9n\u00e9ration (neige)\" width=\"auto\" height=\"auto\" loading=\"lazy\">\n                                    <\/div>\n<\/p><\/div>\n<div class=\"order-3 flex grow flex-wrap md:hidden md:grow-0\">\n<div class=\"mt-4 w-full\">\n                        <button class=\"flex justify-center items-center w-full bg-brand-green text-white text-base font-sans font-medium rounded-md hover:bg-brand-green-700 hover:cursor-pointer md:text-sm h-11\"><\/p>\n<p>    Obtenez une offre<br \/>\n<\/button>\n                    <\/div>\n<div class=\"mx-2 mt-4 w-full\">\n<div class=\" font-sans leading-4 text-black\">\n<div class=\"flex flex-wrap items-center justify-center gap-1 md:justify-start\">\n        <span class=\"font-bold\"><\/p>\n<p>            139,99\u00a0$<br \/>\n                            <span class=\"font-medium\">chez Amazon<\/span><br \/>\n                    <\/span>\n            <\/div>\n<div class=\"flex items-center justify-center gap-x-1 font-bold md:justify-start\">\n            <span class=\"text-sm line-through\">179,99\u00a0$<\/span><br \/>\n            <span class=\"text-sm text-brand-green\">\u00c9conomisez 40,00\u00a0$<\/span>\n        <\/div>\n<\/p><\/div>\n<\/p><\/div>\n<\/p><\/div>\n<\/p><\/div>\n<\/div>\n<p>La principale mise \u00e0 niveau ici est la vid\u00e9o et le logiciel. Vous obtenez des images 2K HDR avec un rapport hauteur\/largeur carr\u00e9 de 1:1, qui montrent une vue compl\u00e8te de la t\u00eate aux pieds de la personne qui se trouve \u00e0 votre porte. Cela permet \u00e9galement de rep\u00e9rer plus facilement les colis laiss\u00e9s au sol. La vid\u00e9o de jour est nette, avec des couleurs naturelles et de bons d\u00e9tails. La nuit, il passe \u00e0 l&rsquo;infrarouge, qui est suffisamment clair pour identifier les personnes mais perd certains d\u00e9tails. Les alertes de mouvement arrivent rapidement et le champ de vision de 166 degr\u00e9s couvre la plupart des entr\u00e9es sans trop \u00e9tirer l&rsquo;image, note cette revue PCMag. Vous pouvez \u00e9galement en parler en utilisant l&rsquo;audio bidirectionnel, et cela fonctionne bien avec Google Assistant et Amazon Alexa si vous souhaitez afficher le flux sur un \u00e9cran intelligent.<\/p>\n<p>En parlant de mises \u00e0 niveau logicielles, Google s&rsquo;appuie ici sur ses fonctionnalit\u00e9s Gemini AI, de sorte que la sonnette peut d\u00e9sormais d\u00e9crire ce qu&rsquo;elle voit dans un langage simple et vous permet de rechercher des enregistrements \u00e0 l&rsquo;aide de ces descriptions. Vous pouvez taper quelque chose comme \u00ab\u00a0livraison du colis\u00a0\u00bb et rechercher rapidement des clips au lieu de faire d\u00e9filer une chronologie. Cela fonctionne bien dans la pratique, mais le probl\u00e8me est que la plupart de ces fonctionnalit\u00e9s, ainsi que l&rsquo;historique vid\u00e9o complet, n\u00e9cessitent un abonnement Google Home Premium de 10\u00a0$\/mois. Sans cela, vous n&rsquo;obtiendrez que de courts extraits d&rsquo;aper\u00e7u. Il n&rsquo;y a pas non plus de stockage local et aucune prise en charge d&rsquo;Apple HomeKit ou IFTTT. <\/p>\n<p>Si vous utilisez d\u00e9j\u00e0 Google Home, cela s&rsquo;int\u00e8gre facilement et ajoute une automatisation utile, mais si vous souhaitez un achat unique avec presque toutes les m\u00eames fonctionnalit\u00e9s et <em>Non<\/em> frais courants, le TP-Link Tapo D225 constitue une alternative int\u00e9ressante.<\/p>\n<hr>\n<div class=\" relative flex justify-center py-16 md:left-1\/2 md:w-(780px) md:max-w-max md:-translate-x-1\/2\">\n<div class=\"w-max text-center sm:text-left\">\n<div class=\"custom-gradient-background mb-6 rounded-md p-(2px) sm:rounded-tl-none\">\n<div class=\"flex flex-col rounded bg-white sm:rounded-tl-none\">\n                    <span class=\"-mt-4 block w-fit max-w-(calc(100%-1rem)) self-center bg-white px-3 text-center font-akshar text-xl font-medium capitalize text-gray-800 sm:max-w-(calc(100%-2.5rem)) sm:self-start sm:px-10 sm:text-left sm:text-2xl\">Nos meilleures offres technologiques approuv\u00e9es par les \u00e9diteurs en ce moment<\/span><\/p>\n<div class=\"flex flex-col gap-3 p-3 pb-4 text-sm sm:p-10 sm:pt-6 sm:text-justify sm:text-base\">\n<div>\n<p>    \u00c9couteurs sans fil Apple AirPods Pro 3 \u00e0 r\u00e9duction de bruit et fr\u00e9quence cardiaque<\/p>\n<p>                                <span class=\"text-black\"><br \/>\n                                    \u2014<br \/>\n                                    <span class=\"font-bold\">224,00\u00a0$<\/span><br \/>\n                                    <span class=\"!text-xs italic sm:!text-sm\"><\/p>\n<p>                                        (Prix catalogue 249,00 $)<br \/>\n                                    <\/span><br \/>\n                                <\/span>\n                            <\/div>\n<div>\n<p>    Apple iPad 11&Prime; 128 Go A16 WiFi Tablette (Bleu, 2025)<\/p>\n<p>                                <span class=\"text-black\"><br \/>\n                                    \u2014<br \/>\n                                    <span class=\"font-bold\">319,99\u00a0$<\/span><br \/>\n                                    <span class=\"!text-xs italic sm:!text-sm\"><\/p>\n<p>                                        (Prix catalogue 349,00 $)<br \/>\n                                    <\/span><br \/>\n                                <\/span>\n                            <\/div>\n<div>\n<p>    Apple Watch Series 11 (GPS, 42 mm, bracelet sport noir S\/M)<\/p>\n<p>                                <span class=\"text-black\"><br \/>\n                                    \u2014<br \/>\n                                    <span class=\"font-bold\">329,00\u00a0$<\/span><br \/>\n                                    <span class=\"!text-xs italic sm:!text-sm\"><\/p>\n<p>                                        (Prix catalogue 399,00 $)<br \/>\n                                    <\/span><br \/>\n                                <\/span>\n                            <\/div>\n<div>\n<p>    Lecteur de streaming Fire TV Stick 4K Plus avec t\u00e9l\u00e9commande (mod\u00e8le 2025)<\/p>\n<p>                                <span class=\"text-black\"><br \/>\n                                    \u2014<br \/>\n                                    <span class=\"font-bold\">29,99\u00a0$<\/span><br \/>\n                                    <span class=\"!text-xs italic sm:!text-sm\"><\/p>\n<p>                                        (Prix catalogue 49,99 $)<br \/>\n                                    <\/span><br \/>\n                                <\/span>\n                            <\/div>\n<div>\n<p>    Barre de son Amazon Fire TV<\/p>\n<p>                                <span class=\"text-black\"><br \/>\n                                    \u2014<br \/>\n                                    <span class=\"font-bold\">99,99\u00a0$<\/span><br \/>\n                                    <span class=\"!text-xs italic sm:!text-sm\"><\/p>\n<p>                                        (Prix catalogue 119,99 $)<br \/>\n                                    <\/span><br \/>\n                                <\/span>\n                            <\/div>\n<\/p><\/div>\n<\/p><\/div>\n<\/p><\/div>\n<div class=\"flex flex-col items-center justify-between text-black sm:flex-row sm:px-6\">\n                <span class=\"text-xs italic sm:ml-7 sm:text-sm\">Les offres sont s\u00e9lectionn\u00e9es par notre \u00e9quipe commerciale<\/span><\/p><\/div>\n<\/p><\/div>\n<\/p><\/div>\n","protected":false},"excerpt":{"rendered":"<p>Nous pouvons gagner une commission sur les liens sur cette page. Les prix et la disponibilit\u00e9 de l&rsquo;offre sont sujets \u00e0 changement apr\u00e8s la publication.<\/p>\n","protected":false},"author":1,"featured_media":13374,"comment_status":"","ping_status":"","sticky":false,"template":"","format":"standard","meta":{"footnotes":""},"categories":[13],"tags":[19,139,76,968,308,5520,1204],"class_list":["post-13373","post","type-post","status-publish","format-standard","has-post-thumbnail","hentry","category-technologie","tag-actuellement","tag-derniere","tag-est","tag-google","tag-reduction","tag-sonnette","tag-video","generate-columns","tablet-grid-50","mobile-grid-100","grid-parent","grid-33"],"yoast_head":"<!-- This site is optimized with the Yoast SEO plugin v24.0 - https:\/\/yoast.com\/wordpress\/plugins\/seo\/ -->\n<title>La derni\u00e8re sonnette vid\u00e9o de Google est actuellement \u00e0 plus de 20\u00a0% de r\u00e9duction | Vie Associative<\/title>\n<meta name=\"robots\" content=\"index, follow, max-snippet:-1, max-image-preview:large, max-video-preview:-1\" \/>\n<link rel=\"canonical\" href=\"https:\/\/vieassociative.be\/actualites\/la-derniere-sonnette-video-de-google-est-actuellement-a-plus-de-20-de-reduction\/\" \/>\n<meta property=\"og:locale\" content=\"fr_FR\" \/>\n<meta property=\"og:type\" content=\"article\" \/>\n<meta property=\"og:title\" content=\"La derni\u00e8re sonnette vid\u00e9o de Google est actuellement \u00e0 plus de 20\u00a0% de r\u00e9duction | Vie Associative\" \/>\n<meta property=\"og:description\" content=\"Nous pouvons gagner une commission sur les liens sur cette page. Les prix et la disponibilit\u00e9 de l&rsquo;offre sont sujets \u00e0 changement apr\u00e8s la publication.\" \/>\n<meta property=\"og:url\" content=\"https:\/\/vieassociative.be\/actualites\/la-derniere-sonnette-video-de-google-est-actuellement-a-plus-de-20-de-reduction\/\" \/>\n<meta property=\"og:site_name\" content=\"Vie Associative\" \/>\n<meta property=\"article:published_time\" content=\"2026-04-09T14:18:00+00:00\" \/>\n<meta property=\"og:image\" content=\"https:\/\/vieassociative.be\/actualites\/wp-content\/uploads\/2026\/04\/La-derniere-sonnette-video-de-Google-est-actuellement-a-plus.jpg\" \/>\n<meta name=\"author\" content=\"Julien\" \/>\n<meta name=\"twitter:card\" content=\"summary_large_image\" \/>\n<meta name=\"twitter:label1\" content=\"\u00c9crit par\" \/>\n\t<meta name=\"twitter:data1\" content=\"Julien\" \/>\n\t<meta name=\"twitter:label2\" content=\"Dur\u00e9e de lecture est.\" \/>\n\t<meta name=\"twitter:data2\" content=\"3 minutes\" \/>\n<script type=\"application\/ld+json\" class=\"yoast-schema-graph\">{\"@context\":\"https:\/\/schema.org\",\"@graph\":[{\"@type\":\"Article\",\"@id\":\"https:\/\/vieassociative.be\/actualites\/la-derniere-sonnette-video-de-google-est-actuellement-a-plus-de-20-de-reduction\/#article\",\"isPartOf\":{\"@id\":\"https:\/\/vieassociative.be\/actualites\/la-derniere-sonnette-video-de-google-est-actuellement-a-plus-de-20-de-reduction\/\"},\"author\":{\"name\":\"Julien\",\"@id\":\"https:\/\/vieassociative.be\/actualites\/#\/schema\/person\/b87ac4f82f9d4e7b7cec7395b679edc4\"},\"headline\":\"La derni\u00e8re sonnette vid\u00e9o de Google est actuellement \u00e0 plus de 20\u00a0% de r\u00e9duction\",\"datePublished\":\"2026-04-09T14:18:00+00:00\",\"dateModified\":\"2026-04-09T14:18:00+00:00\",\"mainEntityOfPage\":{\"@id\":\"https:\/\/vieassociative.be\/actualites\/la-derniere-sonnette-video-de-google-est-actuellement-a-plus-de-20-de-reduction\/\"},\"wordCount\":617,\"publisher\":{\"@id\":\"https:\/\/vieassociative.be\/actualites\/#organization\"},\"image\":{\"@id\":\"https:\/\/vieassociative.be\/actualites\/la-derniere-sonnette-video-de-google-est-actuellement-a-plus-de-20-de-reduction\/#primaryimage\"},\"thumbnailUrl\":\"https:\/\/vieassociative.be\/actualites\/wp-content\/uploads\/2026\/04\/La-derniere-sonnette-video-de-Google-est-actuellement-a-plus.png\",\"keywords\":[\"actuellement\",\"derni\u00e8re\",\"est\",\"Google\",\"r\u00e9duction\",\"sonnette\",\"vid\u00e9o\"],\"articleSection\":[\"Technologie\"],\"inLanguage\":\"fr-BE\"},{\"@type\":\"WebPage\",\"@id\":\"https:\/\/vieassociative.be\/actualites\/la-derniere-sonnette-video-de-google-est-actuellement-a-plus-de-20-de-reduction\/\",\"url\":\"https:\/\/vieassociative.be\/actualites\/la-derniere-sonnette-video-de-google-est-actuellement-a-plus-de-20-de-reduction\/\",\"name\":\"La derni\u00e8re sonnette vid\u00e9o de Google est actuellement \u00e0 plus de 20\u00a0% de r\u00e9duction | Vie Associative\",\"isPartOf\":{\"@id\":\"https:\/\/vieassociative.be\/actualites\/#website\"},\"primaryImageOfPage\":{\"@id\":\"https:\/\/vieassociative.be\/actualites\/la-derniere-sonnette-video-de-google-est-actuellement-a-plus-de-20-de-reduction\/#primaryimage\"},\"image\":{\"@id\":\"https:\/\/vieassociative.be\/actualites\/la-derniere-sonnette-video-de-google-est-actuellement-a-plus-de-20-de-reduction\/#primaryimage\"},\"thumbnailUrl\":\"https:\/\/vieassociative.be\/actualites\/wp-content\/uploads\/2026\/04\/La-derniere-sonnette-video-de-Google-est-actuellement-a-plus.png\",\"datePublished\":\"2026-04-09T14:18:00+00:00\",\"dateModified\":\"2026-04-09T14:18:00+00:00\",\"breadcrumb\":{\"@id\":\"https:\/\/vieassociative.be\/actualites\/la-derniere-sonnette-video-de-google-est-actuellement-a-plus-de-20-de-reduction\/#breadcrumb\"},\"inLanguage\":\"fr-BE\",\"potentialAction\":[{\"@type\":\"ReadAction\",\"target\":[\"https:\/\/vieassociative.be\/actualites\/la-derniere-sonnette-video-de-google-est-actuellement-a-plus-de-20-de-reduction\/\"]}]},{\"@type\":\"ImageObject\",\"inLanguage\":\"fr-BE\",\"@id\":\"https:\/\/vieassociative.be\/actualites\/la-derniere-sonnette-video-de-google-est-actuellement-a-plus-de-20-de-reduction\/#primaryimage\",\"url\":\"https:\/\/vieassociative.be\/actualites\/wp-content\/uploads\/2026\/04\/La-derniere-sonnette-video-de-Google-est-actuellement-a-plus.png\",\"contentUrl\":\"https:\/\/vieassociative.be\/actualites\/wp-content\/uploads\/2026\/04\/La-derniere-sonnette-video-de-Google-est-actuellement-a-plus.png\",\"width\":1200,\"height\":675,\"caption\":\"La derni\u00e8re sonnette vid\u00e9o de Google est actuellement \u00e0 plus de 20\u00a0% de r\u00e9duction\"},{\"@type\":\"BreadcrumbList\",\"@id\":\"https:\/\/vieassociative.be\/actualites\/la-derniere-sonnette-video-de-google-est-actuellement-a-plus-de-20-de-reduction\/#breadcrumb\",\"itemListElement\":[{\"@type\":\"ListItem\",\"position\":1,\"name\":\"Accueil\",\"item\":\"https:\/\/vieassociative.be\/actualites\/\"},{\"@type\":\"ListItem\",\"position\":2,\"name\":\"La derni\u00e8re sonnette vid\u00e9o de Google est actuellement \u00e0 plus de 20\u00a0% de r\u00e9duction\"}]},{\"@type\":\"WebSite\",\"@id\":\"https:\/\/vieassociative.be\/actualites\/#website\",\"url\":\"https:\/\/vieassociative.be\/actualites\/\",\"name\":\"Vie Associative\",\"description\":\"\",\"publisher\":{\"@id\":\"https:\/\/vieassociative.be\/actualites\/#organization\"},\"potentialAction\":[{\"@type\":\"SearchAction\",\"target\":{\"@type\":\"EntryPoint\",\"urlTemplate\":\"https:\/\/vieassociative.be\/actualites\/?s={search_term_string}\"},\"query-input\":{\"@type\":\"PropertyValueSpecification\",\"valueRequired\":true,\"valueName\":\"search_term_string\"}}],\"inLanguage\":\"fr-BE\"},{\"@type\":\"Organization\",\"@id\":\"https:\/\/vieassociative.be\/actualites\/#organization\",\"name\":\"Vie Associative\",\"url\":\"https:\/\/vieassociative.be\/actualites\/\",\"logo\":{\"@type\":\"ImageObject\",\"inLanguage\":\"fr-BE\",\"@id\":\"https:\/\/vieassociative.be\/actualites\/#\/schema\/logo\/image\/\",\"url\":\"https:\/\/vieassociative.be\/actualites\/wp-content\/uploads\/2024\/09\/cropped-vieassociative_favicon.ico.png\",\"contentUrl\":\"https:\/\/vieassociative.be\/actualites\/wp-content\/uploads\/2024\/09\/cropped-vieassociative_favicon.ico.png\",\"width\":512,\"height\":512,\"caption\":\"Vie Associative\"},\"image\":{\"@id\":\"https:\/\/vieassociative.be\/actualites\/#\/schema\/logo\/image\/\"}},{\"@type\":\"Person\",\"@id\":\"https:\/\/vieassociative.be\/actualites\/#\/schema\/person\/b87ac4f82f9d4e7b7cec7395b679edc4\",\"name\":\"Julien\",\"image\":{\"@type\":\"ImageObject\",\"inLanguage\":\"fr-BE\",\"@id\":\"https:\/\/vieassociative.be\/actualites\/#\/schema\/person\/image\/\",\"url\":\"https:\/\/vieassociative.be\/actualites\/wp-content\/uploads\/2024\/09\/vie-associative-1-150x150.jpg\",\"contentUrl\":\"https:\/\/vieassociative.be\/actualites\/wp-content\/uploads\/2024\/09\/vie-associative-1-150x150.jpg\",\"caption\":\"Julien\"},\"description\":\"Je suis Julien, r\u00e9dacteur pour Vie Associative. Passionn\u00e9 par le monde associatif depuis plus de 10 ans, j'ai \u00e0 c\u0153ur de partager des histoires inspirantes et de mettre en lumi\u00e8re les initiatives locales. Mon objectif est de sensibiliser et d'encourager l'engagement communautaire \u00e0 travers mes articles.\",\"sameAs\":[\"https:\/\/vieassociative.be\/\"]}]}<\/script>\n<!-- \/ Yoast SEO plugin. -->","yoast_head_json":{"title":"La derni\u00e8re sonnette vid\u00e9o de Google est actuellement \u00e0 plus de 20\u00a0% de r\u00e9duction | Vie Associative","robots":{"index":"index","follow":"follow","max-snippet":"max-snippet:-1","max-image-preview":"max-image-preview:large","max-video-preview":"max-video-preview:-1"},"canonical":"https:\/\/vieassociative.be\/actualites\/la-derniere-sonnette-video-de-google-est-actuellement-a-plus-de-20-de-reduction\/","og_locale":"fr_FR","og_type":"article","og_title":"La derni\u00e8re sonnette vid\u00e9o de Google est actuellement \u00e0 plus de 20\u00a0% de r\u00e9duction | Vie Associative","og_description":"Nous pouvons gagner une commission sur les liens sur cette page. Les prix et la disponibilit\u00e9 de l&rsquo;offre sont sujets \u00e0 changement apr\u00e8s la publication.","og_url":"https:\/\/vieassociative.be\/actualites\/la-derniere-sonnette-video-de-google-est-actuellement-a-plus-de-20-de-reduction\/","og_site_name":"Vie Associative","article_published_time":"2026-04-09T14:18:00+00:00","og_image":[{"url":"https:\/\/vieassociative.be\/actualites\/wp-content\/uploads\/2026\/04\/La-derniere-sonnette-video-de-Google-est-actuellement-a-plus.jpg","type":"","width":"","height":""}],"author":"Julien","twitter_card":"summary_large_image","twitter_misc":{"\u00c9crit par":"Julien","Dur\u00e9e de lecture est.":"3 minutes"},"schema":{"@context":"https:\/\/schema.org","@graph":[{"@type":"Article","@id":"https:\/\/vieassociative.be\/actualites\/la-derniere-sonnette-video-de-google-est-actuellement-a-plus-de-20-de-reduction\/#article","isPartOf":{"@id":"https:\/\/vieassociative.be\/actualites\/la-derniere-sonnette-video-de-google-est-actuellement-a-plus-de-20-de-reduction\/"},"author":{"name":"Julien","@id":"https:\/\/vieassociative.be\/actualites\/#\/schema\/person\/b87ac4f82f9d4e7b7cec7395b679edc4"},"headline":"La derni\u00e8re sonnette vid\u00e9o de Google est actuellement \u00e0 plus de 20\u00a0% de r\u00e9duction","datePublished":"2026-04-09T14:18:00+00:00","dateModified":"2026-04-09T14:18:00+00:00","mainEntityOfPage":{"@id":"https:\/\/vieassociative.be\/actualites\/la-derniere-sonnette-video-de-google-est-actuellement-a-plus-de-20-de-reduction\/"},"wordCount":617,"publisher":{"@id":"https:\/\/vieassociative.be\/actualites\/#organization"},"image":{"@id":"https:\/\/vieassociative.be\/actualites\/la-derniere-sonnette-video-de-google-est-actuellement-a-plus-de-20-de-reduction\/#primaryimage"},"thumbnailUrl":"https:\/\/vieassociative.be\/actualites\/wp-content\/uploads\/2026\/04\/La-derniere-sonnette-video-de-Google-est-actuellement-a-plus.png","keywords":["actuellement","derni\u00e8re","est","Google","r\u00e9duction","sonnette","vid\u00e9o"],"articleSection":["Technologie"],"inLanguage":"fr-BE"},{"@type":"WebPage","@id":"https:\/\/vieassociative.be\/actualites\/la-derniere-sonnette-video-de-google-est-actuellement-a-plus-de-20-de-reduction\/","url":"https:\/\/vieassociative.be\/actualites\/la-derniere-sonnette-video-de-google-est-actuellement-a-plus-de-20-de-reduction\/","name":"La derni\u00e8re sonnette vid\u00e9o de Google est actuellement \u00e0 plus de 20\u00a0% de r\u00e9duction | Vie Associative","isPartOf":{"@id":"https:\/\/vieassociative.be\/actualites\/#website"},"primaryImageOfPage":{"@id":"https:\/\/vieassociative.be\/actualites\/la-derniere-sonnette-video-de-google-est-actuellement-a-plus-de-20-de-reduction\/#primaryimage"},"image":{"@id":"https:\/\/vieassociative.be\/actualites\/la-derniere-sonnette-video-de-google-est-actuellement-a-plus-de-20-de-reduction\/#primaryimage"},"thumbnailUrl":"https:\/\/vieassociative.be\/actualites\/wp-content\/uploads\/2026\/04\/La-derniere-sonnette-video-de-Google-est-actuellement-a-plus.png","datePublished":"2026-04-09T14:18:00+00:00","dateModified":"2026-04-09T14:18:00+00:00","breadcrumb":{"@id":"https:\/\/vieassociative.be\/actualites\/la-derniere-sonnette-video-de-google-est-actuellement-a-plus-de-20-de-reduction\/#breadcrumb"},"inLanguage":"fr-BE","potentialAction":[{"@type":"ReadAction","target":["https:\/\/vieassociative.be\/actualites\/la-derniere-sonnette-video-de-google-est-actuellement-a-plus-de-20-de-reduction\/"]}]},{"@type":"ImageObject","inLanguage":"fr-BE","@id":"https:\/\/vieassociative.be\/actualites\/la-derniere-sonnette-video-de-google-est-actuellement-a-plus-de-20-de-reduction\/#primaryimage","url":"https:\/\/vieassociative.be\/actualites\/wp-content\/uploads\/2026\/04\/La-derniere-sonnette-video-de-Google-est-actuellement-a-plus.png","contentUrl":"https:\/\/vieassociative.be\/actualites\/wp-content\/uploads\/2026\/04\/La-derniere-sonnette-video-de-Google-est-actuellement-a-plus.png","width":1200,"height":675,"caption":"La derni\u00e8re sonnette vid\u00e9o de Google est actuellement \u00e0 plus de 20\u00a0% de r\u00e9duction"},{"@type":"BreadcrumbList","@id":"https:\/\/vieassociative.be\/actualites\/la-derniere-sonnette-video-de-google-est-actuellement-a-plus-de-20-de-reduction\/#breadcrumb","itemListElement":[{"@type":"ListItem","position":1,"name":"Accueil","item":"https:\/\/vieassociative.be\/actualites\/"},{"@type":"ListItem","position":2,"name":"La derni\u00e8re sonnette vid\u00e9o de Google est actuellement \u00e0 plus de 20\u00a0% de r\u00e9duction"}]},{"@type":"WebSite","@id":"https:\/\/vieassociative.be\/actualites\/#website","url":"https:\/\/vieassociative.be\/actualites\/","name":"Vie Associative","description":"","publisher":{"@id":"https:\/\/vieassociative.be\/actualites\/#organization"},"potentialAction":[{"@type":"SearchAction","target":{"@type":"EntryPoint","urlTemplate":"https:\/\/vieassociative.be\/actualites\/?s={search_term_string}"},"query-input":{"@type":"PropertyValueSpecification","valueRequired":true,"valueName":"search_term_string"}}],"inLanguage":"fr-BE"},{"@type":"Organization","@id":"https:\/\/vieassociative.be\/actualites\/#organization","name":"Vie Associative","url":"https:\/\/vieassociative.be\/actualites\/","logo":{"@type":"ImageObject","inLanguage":"fr-BE","@id":"https:\/\/vieassociative.be\/actualites\/#\/schema\/logo\/image\/","url":"https:\/\/vieassociative.be\/actualites\/wp-content\/uploads\/2024\/09\/cropped-vieassociative_favicon.ico.png","contentUrl":"https:\/\/vieassociative.be\/actualites\/wp-content\/uploads\/2024\/09\/cropped-vieassociative_favicon.ico.png","width":512,"height":512,"caption":"Vie Associative"},"image":{"@id":"https:\/\/vieassociative.be\/actualites\/#\/schema\/logo\/image\/"}},{"@type":"Person","@id":"https:\/\/vieassociative.be\/actualites\/#\/schema\/person\/b87ac4f82f9d4e7b7cec7395b679edc4","name":"Julien","image":{"@type":"ImageObject","inLanguage":"fr-BE","@id":"https:\/\/vieassociative.be\/actualites\/#\/schema\/person\/image\/","url":"https:\/\/vieassociative.be\/actualites\/wp-content\/uploads\/2024\/09\/vie-associative-1-150x150.jpg","contentUrl":"https:\/\/vieassociative.be\/actualites\/wp-content\/uploads\/2024\/09\/vie-associative-1-150x150.jpg","caption":"Julien"},"description":"Je suis Julien, r\u00e9dacteur pour Vie Associative. Passionn\u00e9 par le monde associatif depuis plus de 10 ans, j'ai \u00e0 c\u0153ur de partager des histoires inspirantes et de mettre en lumi\u00e8re les initiatives locales. Mon objectif est de sensibiliser et d'encourager l'engagement communautaire \u00e0 travers mes articles.","sameAs":["https:\/\/vieassociative.be\/"]}]}},"_links":{"self":[{"href":"https:\/\/vieassociative.be\/actualites\/wp-json\/wp\/v2\/posts\/13373"}],"collection":[{"href":"https:\/\/vieassociative.be\/actualites\/wp-json\/wp\/v2\/posts"}],"about":[{"href":"https:\/\/vieassociative.be\/actualites\/wp-json\/wp\/v2\/types\/post"}],"author":[{"embeddable":true,"href":"https:\/\/vieassociative.be\/actualites\/wp-json\/wp\/v2\/users\/1"}],"replies":[{"embeddable":true,"href":"https:\/\/vieassociative.be\/actualites\/wp-json\/wp\/v2\/comments?post=13373"}],"version-history":[{"count":0,"href":"https:\/\/vieassociative.be\/actualites\/wp-json\/wp\/v2\/posts\/13373\/revisions"}],"wp:featuredmedia":[{"embeddable":true,"href":"https:\/\/vieassociative.be\/actualites\/wp-json\/wp\/v2\/media\/13374"}],"wp:attachment":[{"href":"https:\/\/vieassociative.be\/actualites\/wp-json\/wp\/v2\/media?parent=13373"}],"wp:term":[{"taxonomy":"category","embeddable":true,"href":"https:\/\/vieassociative.be\/actualites\/wp-json\/wp\/v2\/categories?post=13373"},{"taxonomy":"post_tag","embeddable":true,"href":"https:\/\/vieassociative.be\/actualites\/wp-json\/wp\/v2\/tags?post=13373"}],"curies":[{"name":"wp","href":"https:\/\/api.w.org\/{rel}","templated":true}]}}