{"id":13371,"date":"2026-04-09T11:17:38","date_gmt":"2026-04-09T09:17:38","guid":{"rendered":"https:\/\/vieassociative.be\/actualites\/la-legende-du-cinema-mario-adorf-est-decede-a-lage-de-95-ans\/"},"modified":"2026-04-09T11:17:38","modified_gmt":"2026-04-09T09:17:38","slug":"la-legende-du-cinema-mario-adorf-est-decede-a-lage-de-95-ans","status":"publish","type":"post","link":"https:\/\/vieassociative.be\/actualites\/la-legende-du-cinema-mario-adorf-est-decede-a-lage-de-95-ans\/","title":{"rendered":"La l\u00e9gende du cin\u00e9ma Mario Adorf est d\u00e9c\u00e9d\u00e9 \u00e0 l&rsquo;\u00e2ge de 95 ans"},"content":{"rendered":"<p><strong>Mario Adorf \u00e9tait l&rsquo;une des plus grandes stars du cin\u00e9ma allemand. Il a jou\u00e9 d&rsquo;innombrables r\u00f4les au cours de sa longue carri\u00e8re. Aujourd&rsquo;hui, la l\u00e9gende du cin\u00e9ma est d\u00e9c\u00e9d\u00e9e \u00e0 l&rsquo;\u00e2ge de 95 ans.<\/strong><\/p>\n<p><span id=\"more-438303\"><\/span>Adorf est d\u00e9c\u00e9d\u00e9 mercredi dans son appartement parisien, comme l&rsquo;ont confirm\u00e9 sa direction et l&rsquo;agence cin\u00e9matographique Reinholz \u00e0 l&rsquo;agence de presse allemande. Il s&rsquo;est endormi apr\u00e8s une courte maladie, a indiqu\u00e9 le communiqu\u00e9.<\/p>\n<p>Adorf a d\u00e9clar\u00e9 \u00e0 son manager de longue date, Michael Stark, qu&rsquo;il souhaitait remercier son public pour ses d\u00e9cennies de fid\u00e9lit\u00e9. Adorf \u00e9tait l&rsquo;une des grandes stars du cin\u00e9ma et de la t\u00e9l\u00e9vision allemandes de l&rsquo;histoire d&rsquo;apr\u00e8s-guerre &#8211; vue dans \u00ab\u00a0La mort s&rsquo;habille en cuir noir\u00a0\u00bb (1974), \u00ab\u00a0L&rsquo;honneur perdu de Katharina Blum\u00a0\u00bb (1975), \u00ab\u00a0Le tambour\u00a0\u00bb (1979), \u00ab\u00a0Lola\u00a0\u00bb (1981) et \u00ab\u00a0L&rsquo;homme de l&rsquo;ombre\u00a0\u00bb (1996).<\/p>\n<div id=\"attachment_210900\" class=\"wp-caption alignleft\" style=\"max-width: 300px\"><img fetchpriority=\"high\" decoding=\"async\" class=\"wp-image-210900 size-medium\" src=\"https:\/\/vieassociative.be\/actualites\/wp-content\/uploads\/2026\/04\/La-legende-du-cinema-Mario-Adorf-est-decede-a-lage.jpeg\" alt=\"\" width=\"300\" height=\"235\"  ><\/div>\n<p>Il a jou\u00e9 d&rsquo;innombrables r\u00f4les au cours de sa longue carri\u00e8re. Cependant, une carri\u00e8re d&rsquo;acteur n&rsquo;\u00e9tait pas apparente au d\u00e9part pendant sa jeunesse dans la ville de Mayen, dans l&rsquo;Eifel, en Rh\u00e9nanie-Palatinat. Pendant que d&rsquo;autres jouaient dans le th\u00e9\u00e2tre de l&rsquo;\u00e9cole, Adorf faisait office de clown de la classe.<\/p>\n<p>Apr\u00e8s avoir obtenu son dipl\u00f4me d&rsquo;\u00e9tudes secondaires, Adorf a \u00e9t\u00e9 attir\u00e9e par le m\u00e9tier d&rsquo;acteur. Il a \u00e9tudi\u00e9 \u00e0 l&rsquo;\u00e9cole Otto Falckenberg de Munich. Il va ensuite au th\u00e9\u00e2tre et au cin\u00e9ma.<\/p>\n<p>Ce fut le d\u00e9but d\u2019une grande carri\u00e8re avec une vaste gamme de r\u00f4les et de nombreuses r\u00e9compenses. Des r\u00e9alisateurs comme Billy Wilder, Rainer Werner Fassbinder, Margarethe von Trotta, Volker Schl\u00f6ndorff, Helmut Dietl et Dieter Wedel voulaient un acteur capable de jouer les m\u00e9chants de mani\u00e8re aussi impressionnante que les patriarches, les vaniteux ou les sophistiqu\u00e9s.<\/p>\n<p>Adorf a f\u00eat\u00e9 son 95e anniversaire en septembre. Toujours avec lui : sa femme Monique Faye, avec qui il a pass\u00e9 beaucoup de temps dans leur maison du sud de la France. L&rsquo;acteur gardait \u00e9galement de merveilleux souvenirs de l&rsquo;Italie, la patrie de son p\u00e8re. Adorf y a v\u00e9cu de nombreuses ann\u00e9es et a r\u00e9alis\u00e9 des films. \u00ab J\u2019ai vraiment appr\u00e9ci\u00e9 de pouvoir participer \u00e0 cette dolce vita \u00bb, a-t-il d\u00e9clar\u00e9 un jour. (dpa)<\/p>\n","protected":false},"excerpt":{"rendered":"<p>Mario Adorf \u00e9tait l&rsquo;une des plus grandes stars du cin\u00e9ma allemand. Il a jou\u00e9 d&rsquo;innombrables r\u00f4les au cours de sa longue carri\u00e8re. Aujourd&rsquo;hui, la l\u00e9gende<\/p>\n","protected":false},"author":1,"featured_media":13372,"comment_status":"","ping_status":"","sticky":false,"template":"","format":"standard","meta":{"footnotes":""},"categories":[298],"tags":[10451,584,98,1223,76,501,4414,1393],"class_list":["post-13371","post","type-post","status-publish","format-standard","has-post-thumbnail","hentry","category-belgique","tag-adorf","tag-ans","tag-cinema","tag-decede","tag-est","tag-lage","tag-legende","tag-mario","generate-columns","tablet-grid-50","mobile-grid-100","grid-parent","grid-33"],"yoast_head":"<!-- This site is optimized with the Yoast SEO plugin v24.0 - https:\/\/yoast.com\/wordpress\/plugins\/seo\/ -->\n<title>La l\u00e9gende du cin\u00e9ma Mario Adorf est d\u00e9c\u00e9d\u00e9 \u00e0 l&#039;\u00e2ge de 95 ans | Vie Associative<\/title>\n<meta name=\"robots\" content=\"index, follow, max-snippet:-1, max-image-preview:large, max-video-preview:-1\" \/>\n<link rel=\"canonical\" href=\"https:\/\/vieassociative.be\/actualites\/la-legende-du-cinema-mario-adorf-est-decede-a-lage-de-95-ans\/\" \/>\n<meta property=\"og:locale\" content=\"fr_FR\" \/>\n<meta property=\"og:type\" content=\"article\" \/>\n<meta property=\"og:title\" content=\"La l\u00e9gende du cin\u00e9ma Mario Adorf est d\u00e9c\u00e9d\u00e9 \u00e0 l&#039;\u00e2ge de 95 ans | Vie Associative\" \/>\n<meta property=\"og:description\" content=\"Mario Adorf \u00e9tait l&rsquo;une des plus grandes stars du cin\u00e9ma allemand. Il a jou\u00e9 d&rsquo;innombrables r\u00f4les au cours de sa longue carri\u00e8re. Aujourd&rsquo;hui, la l\u00e9gende\" \/>\n<meta property=\"og:url\" content=\"https:\/\/vieassociative.be\/actualites\/la-legende-du-cinema-mario-adorf-est-decede-a-lage-de-95-ans\/\" \/>\n<meta property=\"og:site_name\" content=\"Vie Associative\" \/>\n<meta property=\"article:published_time\" content=\"2026-04-09T09:17:38+00:00\" \/>\n<meta property=\"og:image\" content=\"https:\/\/vieassociative.be\/actualites\/wp-content\/uploads\/2024\/09\/header_backgroundk-01-e1726694325946.png\" \/>\n\t<meta property=\"og:image:width\" content=\"279\" \/>\n\t<meta property=\"og:image:height\" content=\"92\" \/>\n\t<meta property=\"og:image:type\" content=\"image\/png\" \/>\n<meta name=\"author\" content=\"Julien\" \/>\n<meta name=\"twitter:card\" content=\"summary_large_image\" \/>\n<meta name=\"twitter:label1\" content=\"\u00c9crit par\" \/>\n\t<meta name=\"twitter:data1\" content=\"Julien\" \/>\n\t<meta name=\"twitter:label2\" content=\"Dur\u00e9e de lecture est.\" \/>\n\t<meta name=\"twitter:data2\" content=\"2 minutes\" \/>\n<script type=\"application\/ld+json\" class=\"yoast-schema-graph\">{\"@context\":\"https:\/\/schema.org\",\"@graph\":[{\"@type\":\"Article\",\"@id\":\"https:\/\/vieassociative.be\/actualites\/la-legende-du-cinema-mario-adorf-est-decede-a-lage-de-95-ans\/#article\",\"isPartOf\":{\"@id\":\"https:\/\/vieassociative.be\/actualites\/la-legende-du-cinema-mario-adorf-est-decede-a-lage-de-95-ans\/\"},\"author\":{\"name\":\"Julien\",\"@id\":\"https:\/\/vieassociative.be\/actualites\/#\/schema\/person\/b87ac4f82f9d4e7b7cec7395b679edc4\"},\"headline\":\"La l\u00e9gende du cin\u00e9ma Mario Adorf est d\u00e9c\u00e9d\u00e9 \u00e0 l&rsquo;\u00e2ge de 95 ans\",\"datePublished\":\"2026-04-09T09:17:38+00:00\",\"dateModified\":\"2026-04-09T09:17:38+00:00\",\"mainEntityOfPage\":{\"@id\":\"https:\/\/vieassociative.be\/actualites\/la-legende-du-cinema-mario-adorf-est-decede-a-lage-de-95-ans\/\"},\"wordCount\":418,\"publisher\":{\"@id\":\"https:\/\/vieassociative.be\/actualites\/#organization\"},\"image\":{\"@id\":\"https:\/\/vieassociative.be\/actualites\/la-legende-du-cinema-mario-adorf-est-decede-a-lage-de-95-ans\/#primaryimage\"},\"thumbnailUrl\":\"https:\/\/vieassociative.be\/actualites\/wp-content\/uploads\/2026\/04\/1775726260_La-legende-du-cinema-Mario-Adorf-est-decede-a-lage.jpeg\",\"keywords\":[\"Adorf\",\"ans\",\"cin\u00e9ma\",\"d\u00e9c\u00e9d\u00e9\",\"est\",\"l\u00e2ge\",\"l\u00e9gende\",\"Mario\"],\"articleSection\":[\"Belgique\"],\"inLanguage\":\"fr-BE\"},{\"@type\":\"WebPage\",\"@id\":\"https:\/\/vieassociative.be\/actualites\/la-legende-du-cinema-mario-adorf-est-decede-a-lage-de-95-ans\/\",\"url\":\"https:\/\/vieassociative.be\/actualites\/la-legende-du-cinema-mario-adorf-est-decede-a-lage-de-95-ans\/\",\"name\":\"La l\u00e9gende du cin\u00e9ma Mario Adorf est d\u00e9c\u00e9d\u00e9 \u00e0 l'\u00e2ge de 95 ans | Vie Associative\",\"isPartOf\":{\"@id\":\"https:\/\/vieassociative.be\/actualites\/#website\"},\"primaryImageOfPage\":{\"@id\":\"https:\/\/vieassociative.be\/actualites\/la-legende-du-cinema-mario-adorf-est-decede-a-lage-de-95-ans\/#primaryimage\"},\"image\":{\"@id\":\"https:\/\/vieassociative.be\/actualites\/la-legende-du-cinema-mario-adorf-est-decede-a-lage-de-95-ans\/#primaryimage\"},\"thumbnailUrl\":\"https:\/\/vieassociative.be\/actualites\/wp-content\/uploads\/2026\/04\/1775726260_La-legende-du-cinema-Mario-Adorf-est-decede-a-lage.jpeg\",\"datePublished\":\"2026-04-09T09:17:38+00:00\",\"dateModified\":\"2026-04-09T09:17:38+00:00\",\"breadcrumb\":{\"@id\":\"https:\/\/vieassociative.be\/actualites\/la-legende-du-cinema-mario-adorf-est-decede-a-lage-de-95-ans\/#breadcrumb\"},\"inLanguage\":\"fr-BE\",\"potentialAction\":[{\"@type\":\"ReadAction\",\"target\":[\"https:\/\/vieassociative.be\/actualites\/la-legende-du-cinema-mario-adorf-est-decede-a-lage-de-95-ans\/\"]}]},{\"@type\":\"ImageObject\",\"inLanguage\":\"fr-BE\",\"@id\":\"https:\/\/vieassociative.be\/actualites\/la-legende-du-cinema-mario-adorf-est-decede-a-lage-de-95-ans\/#primaryimage\",\"url\":\"https:\/\/vieassociative.be\/actualites\/wp-content\/uploads\/2026\/04\/1775726260_La-legende-du-cinema-Mario-Adorf-est-decede-a-lage.jpeg\",\"contentUrl\":\"https:\/\/vieassociative.be\/actualites\/wp-content\/uploads\/2026\/04\/1775726260_La-legende-du-cinema-Mario-Adorf-est-decede-a-lage.jpeg\",\"width\":1200,\"height\":875,\"caption\":\"La l\u00e9gende du cin\u00e9ma Mario Adorf est d\u00e9c\u00e9d\u00e9 \u00e0 l'\u00e2ge de 95 ans\"},{\"@type\":\"BreadcrumbList\",\"@id\":\"https:\/\/vieassociative.be\/actualites\/la-legende-du-cinema-mario-adorf-est-decede-a-lage-de-95-ans\/#breadcrumb\",\"itemListElement\":[{\"@type\":\"ListItem\",\"position\":1,\"name\":\"Accueil\",\"item\":\"https:\/\/vieassociative.be\/actualites\/\"},{\"@type\":\"ListItem\",\"position\":2,\"name\":\"La l\u00e9gende du cin\u00e9ma Mario Adorf est d\u00e9c\u00e9d\u00e9 \u00e0 l&rsquo;\u00e2ge de 95 ans\"}]},{\"@type\":\"WebSite\",\"@id\":\"https:\/\/vieassociative.be\/actualites\/#website\",\"url\":\"https:\/\/vieassociative.be\/actualites\/\",\"name\":\"Vie Associative\",\"description\":\"\",\"publisher\":{\"@id\":\"https:\/\/vieassociative.be\/actualites\/#organization\"},\"potentialAction\":[{\"@type\":\"SearchAction\",\"target\":{\"@type\":\"EntryPoint\",\"urlTemplate\":\"https:\/\/vieassociative.be\/actualites\/?s={search_term_string}\"},\"query-input\":{\"@type\":\"PropertyValueSpecification\",\"valueRequired\":true,\"valueName\":\"search_term_string\"}}],\"inLanguage\":\"fr-BE\"},{\"@type\":\"Organization\",\"@id\":\"https:\/\/vieassociative.be\/actualites\/#organization\",\"name\":\"Vie Associative\",\"url\":\"https:\/\/vieassociative.be\/actualites\/\",\"logo\":{\"@type\":\"ImageObject\",\"inLanguage\":\"fr-BE\",\"@id\":\"https:\/\/vieassociative.be\/actualites\/#\/schema\/logo\/image\/\",\"url\":\"https:\/\/vieassociative.be\/actualites\/wp-content\/uploads\/2024\/09\/cropped-vieassociative_favicon.ico.png\",\"contentUrl\":\"https:\/\/vieassociative.be\/actualites\/wp-content\/uploads\/2024\/09\/cropped-vieassociative_favicon.ico.png\",\"width\":512,\"height\":512,\"caption\":\"Vie Associative\"},\"image\":{\"@id\":\"https:\/\/vieassociative.be\/actualites\/#\/schema\/logo\/image\/\"}},{\"@type\":\"Person\",\"@id\":\"https:\/\/vieassociative.be\/actualites\/#\/schema\/person\/b87ac4f82f9d4e7b7cec7395b679edc4\",\"name\":\"Julien\",\"image\":{\"@type\":\"ImageObject\",\"inLanguage\":\"fr-BE\",\"@id\":\"https:\/\/vieassociative.be\/actualites\/#\/schema\/person\/image\/\",\"url\":\"https:\/\/vieassociative.be\/actualites\/wp-content\/uploads\/2024\/09\/vie-associative-1-150x150.jpg\",\"contentUrl\":\"https:\/\/vieassociative.be\/actualites\/wp-content\/uploads\/2024\/09\/vie-associative-1-150x150.jpg\",\"caption\":\"Julien\"},\"description\":\"Je suis Julien, r\u00e9dacteur pour Vie Associative. Passionn\u00e9 par le monde associatif depuis plus de 10 ans, j'ai \u00e0 c\u0153ur de partager des histoires inspirantes et de mettre en lumi\u00e8re les initiatives locales. Mon objectif est de sensibiliser et d'encourager l'engagement communautaire \u00e0 travers mes articles.\",\"sameAs\":[\"https:\/\/vieassociative.be\/\"]}]}<\/script>\n<!-- \/ Yoast SEO plugin. -->","yoast_head_json":{"title":"La l\u00e9gende du cin\u00e9ma Mario Adorf est d\u00e9c\u00e9d\u00e9 \u00e0 l'\u00e2ge de 95 ans | Vie Associative","robots":{"index":"index","follow":"follow","max-snippet":"max-snippet:-1","max-image-preview":"max-image-preview:large","max-video-preview":"max-video-preview:-1"},"canonical":"https:\/\/vieassociative.be\/actualites\/la-legende-du-cinema-mario-adorf-est-decede-a-lage-de-95-ans\/","og_locale":"fr_FR","og_type":"article","og_title":"La l\u00e9gende du cin\u00e9ma Mario Adorf est d\u00e9c\u00e9d\u00e9 \u00e0 l'\u00e2ge de 95 ans | Vie Associative","og_description":"Mario Adorf \u00e9tait l&rsquo;une des plus grandes stars du cin\u00e9ma allemand. Il a jou\u00e9 d&rsquo;innombrables r\u00f4les au cours de sa longue carri\u00e8re. Aujourd&rsquo;hui, la l\u00e9gende","og_url":"https:\/\/vieassociative.be\/actualites\/la-legende-du-cinema-mario-adorf-est-decede-a-lage-de-95-ans\/","og_site_name":"Vie Associative","article_published_time":"2026-04-09T09:17:38+00:00","og_image":[{"width":279,"height":92,"url":"https:\/\/vieassociative.be\/actualites\/wp-content\/uploads\/2024\/09\/header_backgroundk-01-e1726694325946.png","type":"image\/png"}],"author":"Julien","twitter_card":"summary_large_image","twitter_misc":{"\u00c9crit par":"Julien","Dur\u00e9e de lecture est.":"2 minutes"},"schema":{"@context":"https:\/\/schema.org","@graph":[{"@type":"Article","@id":"https:\/\/vieassociative.be\/actualites\/la-legende-du-cinema-mario-adorf-est-decede-a-lage-de-95-ans\/#article","isPartOf":{"@id":"https:\/\/vieassociative.be\/actualites\/la-legende-du-cinema-mario-adorf-est-decede-a-lage-de-95-ans\/"},"author":{"name":"Julien","@id":"https:\/\/vieassociative.be\/actualites\/#\/schema\/person\/b87ac4f82f9d4e7b7cec7395b679edc4"},"headline":"La l\u00e9gende du cin\u00e9ma Mario Adorf est d\u00e9c\u00e9d\u00e9 \u00e0 l&rsquo;\u00e2ge de 95 ans","datePublished":"2026-04-09T09:17:38+00:00","dateModified":"2026-04-09T09:17:38+00:00","mainEntityOfPage":{"@id":"https:\/\/vieassociative.be\/actualites\/la-legende-du-cinema-mario-adorf-est-decede-a-lage-de-95-ans\/"},"wordCount":418,"publisher":{"@id":"https:\/\/vieassociative.be\/actualites\/#organization"},"image":{"@id":"https:\/\/vieassociative.be\/actualites\/la-legende-du-cinema-mario-adorf-est-decede-a-lage-de-95-ans\/#primaryimage"},"thumbnailUrl":"https:\/\/vieassociative.be\/actualites\/wp-content\/uploads\/2026\/04\/1775726260_La-legende-du-cinema-Mario-Adorf-est-decede-a-lage.jpeg","keywords":["Adorf","ans","cin\u00e9ma","d\u00e9c\u00e9d\u00e9","est","l\u00e2ge","l\u00e9gende","Mario"],"articleSection":["Belgique"],"inLanguage":"fr-BE"},{"@type":"WebPage","@id":"https:\/\/vieassociative.be\/actualites\/la-legende-du-cinema-mario-adorf-est-decede-a-lage-de-95-ans\/","url":"https:\/\/vieassociative.be\/actualites\/la-legende-du-cinema-mario-adorf-est-decede-a-lage-de-95-ans\/","name":"La l\u00e9gende du cin\u00e9ma Mario Adorf est d\u00e9c\u00e9d\u00e9 \u00e0 l'\u00e2ge de 95 ans | Vie Associative","isPartOf":{"@id":"https:\/\/vieassociative.be\/actualites\/#website"},"primaryImageOfPage":{"@id":"https:\/\/vieassociative.be\/actualites\/la-legende-du-cinema-mario-adorf-est-decede-a-lage-de-95-ans\/#primaryimage"},"image":{"@id":"https:\/\/vieassociative.be\/actualites\/la-legende-du-cinema-mario-adorf-est-decede-a-lage-de-95-ans\/#primaryimage"},"thumbnailUrl":"https:\/\/vieassociative.be\/actualites\/wp-content\/uploads\/2026\/04\/1775726260_La-legende-du-cinema-Mario-Adorf-est-decede-a-lage.jpeg","datePublished":"2026-04-09T09:17:38+00:00","dateModified":"2026-04-09T09:17:38+00:00","breadcrumb":{"@id":"https:\/\/vieassociative.be\/actualites\/la-legende-du-cinema-mario-adorf-est-decede-a-lage-de-95-ans\/#breadcrumb"},"inLanguage":"fr-BE","potentialAction":[{"@type":"ReadAction","target":["https:\/\/vieassociative.be\/actualites\/la-legende-du-cinema-mario-adorf-est-decede-a-lage-de-95-ans\/"]}]},{"@type":"ImageObject","inLanguage":"fr-BE","@id":"https:\/\/vieassociative.be\/actualites\/la-legende-du-cinema-mario-adorf-est-decede-a-lage-de-95-ans\/#primaryimage","url":"https:\/\/vieassociative.be\/actualites\/wp-content\/uploads\/2026\/04\/1775726260_La-legende-du-cinema-Mario-Adorf-est-decede-a-lage.jpeg","contentUrl":"https:\/\/vieassociative.be\/actualites\/wp-content\/uploads\/2026\/04\/1775726260_La-legende-du-cinema-Mario-Adorf-est-decede-a-lage.jpeg","width":1200,"height":875,"caption":"La l\u00e9gende du cin\u00e9ma Mario Adorf est d\u00e9c\u00e9d\u00e9 \u00e0 l'\u00e2ge de 95 ans"},{"@type":"BreadcrumbList","@id":"https:\/\/vieassociative.be\/actualites\/la-legende-du-cinema-mario-adorf-est-decede-a-lage-de-95-ans\/#breadcrumb","itemListElement":[{"@type":"ListItem","position":1,"name":"Accueil","item":"https:\/\/vieassociative.be\/actualites\/"},{"@type":"ListItem","position":2,"name":"La l\u00e9gende du cin\u00e9ma Mario Adorf est d\u00e9c\u00e9d\u00e9 \u00e0 l&rsquo;\u00e2ge de 95 ans"}]},{"@type":"WebSite","@id":"https:\/\/vieassociative.be\/actualites\/#website","url":"https:\/\/vieassociative.be\/actualites\/","name":"Vie Associative","description":"","publisher":{"@id":"https:\/\/vieassociative.be\/actualites\/#organization"},"potentialAction":[{"@type":"SearchAction","target":{"@type":"EntryPoint","urlTemplate":"https:\/\/vieassociative.be\/actualites\/?s={search_term_string}"},"query-input":{"@type":"PropertyValueSpecification","valueRequired":true,"valueName":"search_term_string"}}],"inLanguage":"fr-BE"},{"@type":"Organization","@id":"https:\/\/vieassociative.be\/actualites\/#organization","name":"Vie Associative","url":"https:\/\/vieassociative.be\/actualites\/","logo":{"@type":"ImageObject","inLanguage":"fr-BE","@id":"https:\/\/vieassociative.be\/actualites\/#\/schema\/logo\/image\/","url":"https:\/\/vieassociative.be\/actualites\/wp-content\/uploads\/2024\/09\/cropped-vieassociative_favicon.ico.png","contentUrl":"https:\/\/vieassociative.be\/actualites\/wp-content\/uploads\/2024\/09\/cropped-vieassociative_favicon.ico.png","width":512,"height":512,"caption":"Vie Associative"},"image":{"@id":"https:\/\/vieassociative.be\/actualites\/#\/schema\/logo\/image\/"}},{"@type":"Person","@id":"https:\/\/vieassociative.be\/actualites\/#\/schema\/person\/b87ac4f82f9d4e7b7cec7395b679edc4","name":"Julien","image":{"@type":"ImageObject","inLanguage":"fr-BE","@id":"https:\/\/vieassociative.be\/actualites\/#\/schema\/person\/image\/","url":"https:\/\/vieassociative.be\/actualites\/wp-content\/uploads\/2024\/09\/vie-associative-1-150x150.jpg","contentUrl":"https:\/\/vieassociative.be\/actualites\/wp-content\/uploads\/2024\/09\/vie-associative-1-150x150.jpg","caption":"Julien"},"description":"Je suis Julien, r\u00e9dacteur pour Vie Associative. Passionn\u00e9 par le monde associatif depuis plus de 10 ans, j'ai \u00e0 c\u0153ur de partager des histoires inspirantes et de mettre en lumi\u00e8re les initiatives locales. Mon objectif est de sensibiliser et d'encourager l'engagement communautaire \u00e0 travers mes articles.","sameAs":["https:\/\/vieassociative.be\/"]}]}},"_links":{"self":[{"href":"https:\/\/vieassociative.be\/actualites\/wp-json\/wp\/v2\/posts\/13371"}],"collection":[{"href":"https:\/\/vieassociative.be\/actualites\/wp-json\/wp\/v2\/posts"}],"about":[{"href":"https:\/\/vieassociative.be\/actualites\/wp-json\/wp\/v2\/types\/post"}],"author":[{"embeddable":true,"href":"https:\/\/vieassociative.be\/actualites\/wp-json\/wp\/v2\/users\/1"}],"replies":[{"embeddable":true,"href":"https:\/\/vieassociative.be\/actualites\/wp-json\/wp\/v2\/comments?post=13371"}],"version-history":[{"count":0,"href":"https:\/\/vieassociative.be\/actualites\/wp-json\/wp\/v2\/posts\/13371\/revisions"}],"wp:featuredmedia":[{"embeddable":true,"href":"https:\/\/vieassociative.be\/actualites\/wp-json\/wp\/v2\/media\/13372"}],"wp:attachment":[{"href":"https:\/\/vieassociative.be\/actualites\/wp-json\/wp\/v2\/media?parent=13371"}],"wp:term":[{"taxonomy":"category","embeddable":true,"href":"https:\/\/vieassociative.be\/actualites\/wp-json\/wp\/v2\/categories?post=13371"},{"taxonomy":"post_tag","embeddable":true,"href":"https:\/\/vieassociative.be\/actualites\/wp-json\/wp\/v2\/tags?post=13371"}],"curies":[{"name":"wp","href":"https:\/\/api.w.org\/{rel}","templated":true}]}}