{"id":13363,"date":"2026-04-08T17:17:32","date_gmt":"2026-04-08T15:17:32","guid":{"rendered":"https:\/\/vieassociative.be\/actualites\/mario-kohnen-devrait-mettre-fin-au-declin-de-charleroi-eupener-est-nomme-entraineur-par-interim-des-zebres\/"},"modified":"2026-04-08T17:17:32","modified_gmt":"2026-04-08T15:17:32","slug":"mario-kohnen-devrait-mettre-fin-au-declin-de-charleroi-eupener-est-nomme-entraineur-par-interim-des-zebres","status":"publish","type":"post","link":"https:\/\/vieassociative.be\/actualites\/mario-kohnen-devrait-mettre-fin-au-declin-de-charleroi-eupener-est-nomme-entraineur-par-interim-des-zebres\/","title":{"rendered":"Mario Kohnen devrait mettre fin au d\u00e9clin de Charleroi &#8211; Eupener est nomm\u00e9 entra\u00eeneur par int\u00e9rim des \u00ab\u00a0Z\u00e8bres\u00a0\u00bb."},"content":{"rendered":"<p><strong>Mario Kohnen est un exemple d&rsquo;un nouveau type de formateur : bien form\u00e9, diversement exp\u00e9riment\u00e9 et m\u00fbri en arri\u00e8re-plan. Avec sa nomination comme entra\u00eeneur par int\u00e9rim du club de premi\u00e8re division du Sporting Charleroi, l&rsquo;Eupener a d\u00e9sormais pour la premi\u00e8re fois la chance de faire ses preuves durablement sur la grande sc\u00e8ne.<\/strong><\/p>\n<p><span id=\"more-438292\"><\/span>Mario Kohnen, 39 ans, appartient \u00e0 cette g\u00e9n\u00e9ration d&rsquo;entra\u00eeneurs de football modernes qui n&rsquo;ont pas fait leur chemin par une grande carri\u00e8re de joueur, mais par la formation, l&rsquo;analyse et un travail continu en arri\u00e8re-plan. Le Belge de l&rsquo;Est est sous le feu des projecteurs pour la premi\u00e8re fois depuis mardi : il a \u00e9t\u00e9 nomm\u00e9 entra\u00eeneur par int\u00e9rim du club de premi\u00e8re division du Sporting Charleroi.<\/p>\n<p>La promotion est intervenue apr\u00e8s le licenciement de l&rsquo;entra\u00eeneur-chef Hans Cornelis apr\u00e8s que l&rsquo;\u00e9quipe soit tomb\u00e9e dans une crise sportive. Kohnen, auparavant entra\u00eeneur adjoint, est consid\u00e9r\u00e9 comme la solution logique en interne : il conna\u00eet exactement l&rsquo;\u00e9quipe, les processus du club et les exigences de la ligue.<\/p>\n<\/p>\n<div id=\"attachment_354636\" class=\"wp-caption alignleft\" style=\"max-width: 300px\"><img fetchpriority=\"high\" decoding=\"async\" class=\"wp-image-354636 size-medium\" src=\"https:\/\/vieassociative.be\/actualites\/wp-content\/uploads\/2026\/04\/Mario-Kohnen-devrait-mettre-fin-au-declin-de-Charleroi.jpeg\" alt=\"\" width=\"300\" height=\"201\"  ><\/div>\n<p>La t\u00e2che de Kohnen est clairement d\u00e9finie : stabiliser l&rsquo;\u00e9quipe dans les matchs restants des Playoffs europ\u00e9ens (ou Playoffs 2) et la ramener aux r\u00e9sultats le plus rapidement possible.<\/p>\n<p><strong>\u2013 Un formateur qui vient \u00ab d\u2019en bas \u00bb :<\/strong> La carri\u00e8re de Kohnen est \u00e9troitement li\u00e9e \u00e0 sa r\u00e9gion d&rsquo;origine. Il fait ses premiers pas au FC Eupen, o\u00f9 il travaille dans l&rsquo;\u00e9quipe de jeunes. Il y acquiert une exp\u00e9rience fondamentale dans la formation de jeunes joueurs, une base qui influencera fortement son approche ult\u00e9rieure.<\/p>\n<p>L&rsquo;\u00e9tape suivante l&rsquo;a conduit \u00e0 l&rsquo;AS Eupen, o\u00f9 il a occup\u00e9 diverses fonctions pendant de nombreuses ann\u00e9es. D&rsquo;entra\u00eeneur de jeunes \u00e0 analyste vid\u00e9o en passant par entra\u00eeneur adjoint (en dernier lieu aux c\u00f4t\u00e9s de l&rsquo;entra\u00eeneur-chef Florian Kohfeldt), il a syst\u00e9matiquement gravi les \u00e9chelons. Cette formation diversifi\u00e9e a fait de lui un sp\u00e9cialiste soucieux du d\u00e9tail et dot\u00e9 d&rsquo;une compr\u00e9hension tactique.<\/p>\n<\/p>\n<div id=\"attachment_57858\" class=\"wp-caption alignleft\" style=\"max-width: 191px\"><img decoding=\"async\" class=\"wp-image-57858 size-medium\" src=\"https:\/\/vieassociative.be\/actualites\/wp-content\/uploads\/2026\/04\/Mario-Kohnen-devrait-mettre-fin-au-declin-de-Charleroi.jpg\" alt=\"\" width=\"191\" height=\"300\"  ><\/div>\n<p>En 2022, Kohnen a \u00e9galement bri\u00e8vement assum\u00e9 pour la premi\u00e8re fois la responsabilit\u00e9 d&rsquo;entra\u00eeneur par int\u00e9rim de l&rsquo;\u00e9quipe professionnelle avec Kristoffer Andersen \u00e0 Eupen. M\u00eame si cette phase fut de courte dur\u00e9e, elle lui donna un aper\u00e7u pr\u00e9cieux du r\u00f4le d&rsquo;entra\u00eeneur-chef au plus haut niveau en Belgique.<\/p>\n<p><strong>\u2013 D\u00e9veloppement via des r\u00f4les d\u2019assistant :<\/strong> Apr\u00e8s son passage \u00e0 Eupen, Kohnen est rest\u00e9 dans le football professionnel et a acquis une exp\u00e9rience suppl\u00e9mentaire en tant qu&rsquo;entra\u00eeneur adjoint, notamment au KV Courtrai et au FCV Dender EH. La station de Dender en particulier, associ\u00e9e \u00e0 la promotion en Jupiler Pro League, a renforc\u00e9 sa r\u00e9putation de membre comp\u00e9tent du staff technique.<\/p>\n<p>En mars 2025, l&rsquo;actuel joueur de 39 ans rejoint finalement le Sporting Charleroi, toujours en tant qu&rsquo;entra\u00eeneur adjoint. L\u00e0, il a travaill\u00e9 sous Rik De Mil puis sous Hans Cornelis sur les op\u00e9rations d&rsquo;entra\u00eenement quotidiennes, sur l&rsquo;analyse du jeu et sur le d\u00e9veloppement individuel des joueurs &#8211; t\u00e2ches classiques d&rsquo;un \u00ab\u00a0T2\u00a0\u00bb moderne, comme on appelle souvent l&rsquo;entra\u00eeneur adjoint dans le football belge.<\/p>\n<p><strong>\u2013 Profil du formateur et d\u00e9fis :<\/strong> Kohnen est consid\u00e9r\u00e9 comme un formateur structur\u00e9 et analytique, clairement ax\u00e9 sur l\u2019organisation et le d\u00e9veloppement. Sa force r\u00e9side moins dans ses nombreuses apparitions publiques que dans son travail minutieux : pr\u00e9paration du match, mise au point tactique et accompagnement individuel.<\/p>\n<p>Ce profil peut \u00eatre un atout, surtout dans une situation de crise comme celle de Charleroi aujourd&rsquo;hui. En tant que solution interne, elle n&rsquo;apporte pas de troubles, mais plut\u00f4t une continuit\u00e9 &#8211; mais elle offre en m\u00eame temps la possibilit\u00e9 d&rsquo;une impulsion \u00e0 court terme.<\/p>\n<p>Les semaines \u00e0 venir seront d\u00e9cisives quant \u00e0 savoir si Kohnen pourra se recommander au-del\u00e0 du r\u00f4le d&rsquo;entra\u00eeneur par int\u00e9rim. Une chose est s\u00fbre : pour le joueur de 39 ans, il s&rsquo;agit jusqu&rsquo;\u00e0 pr\u00e9sent du plus grand d\u00e9fi de sa carri\u00e8re d&rsquo;entra\u00eeneur &#8211; et peut-\u00eatre de l&rsquo;acc\u00e8s \u00e0 un poste permanent d&rsquo;entra\u00eeneur-chef du football professionnel. (cr\u00e9er)<\/p>\n","protected":false},"excerpt":{"rendered":"<p>Mario Kohnen est un exemple d&rsquo;un nouveau type de formateur : bien form\u00e9, diversement exp\u00e9riment\u00e9 et m\u00fbri en arri\u00e8re-plan. Avec sa nomination comme entra\u00eeneur par<\/p>\n","protected":false},"author":1,"featured_media":13364,"comment_status":"","ping_status":"","sticky":false,"template":"","format":"standard","meta":{"footnotes":""},"categories":[298],"tags":[8043,2374,29,238,930,76,5049,1908,10448,10447,1393,1182,3970,676,10449],"class_list":["post-13363","post","type-post","status-publish","format-standard","has-post-thumbnail","hentry","category-belgique","tag-charleroi","tag-declin","tag-des","tag-devrait","tag-entraineur","tag-est","tag-eupener","tag-fin","tag-interim","tag-kohnen","tag-mario","tag-mettre","tag-nomme","tag-par","tag-zebres","generate-columns","tablet-grid-50","mobile-grid-100","grid-parent","grid-33"],"yoast_head":"<!-- This site is optimized with the Yoast SEO plugin v24.0 - https:\/\/yoast.com\/wordpress\/plugins\/seo\/ -->\n<title>Mario Kohnen devrait mettre fin au d\u00e9clin de Charleroi - Eupener est nomm\u00e9 entra\u00eeneur par int\u00e9rim des &quot;Z\u00e8bres&quot;. | Vie Associative<\/title>\n<meta name=\"robots\" content=\"index, follow, max-snippet:-1, max-image-preview:large, max-video-preview:-1\" \/>\n<link rel=\"canonical\" href=\"https:\/\/vieassociative.be\/actualites\/mario-kohnen-devrait-mettre-fin-au-declin-de-charleroi-eupener-est-nomme-entraineur-par-interim-des-zebres\/\" \/>\n<meta property=\"og:locale\" content=\"fr_FR\" \/>\n<meta property=\"og:type\" content=\"article\" \/>\n<meta property=\"og:title\" content=\"Mario Kohnen devrait mettre fin au d\u00e9clin de Charleroi - Eupener est nomm\u00e9 entra\u00eeneur par int\u00e9rim des &quot;Z\u00e8bres&quot;. | Vie Associative\" \/>\n<meta property=\"og:description\" content=\"Mario Kohnen est un exemple d&rsquo;un nouveau type de formateur : bien form\u00e9, diversement exp\u00e9riment\u00e9 et m\u00fbri en arri\u00e8re-plan. Avec sa nomination comme entra\u00eeneur par\" \/>\n<meta property=\"og:url\" content=\"https:\/\/vieassociative.be\/actualites\/mario-kohnen-devrait-mettre-fin-au-declin-de-charleroi-eupener-est-nomme-entraineur-par-interim-des-zebres\/\" \/>\n<meta property=\"og:site_name\" content=\"Vie Associative\" \/>\n<meta property=\"article:published_time\" content=\"2026-04-08T15:17:32+00:00\" \/>\n<meta property=\"og:image\" content=\"https:\/\/vieassociative.be\/actualites\/wp-content\/uploads\/2024\/09\/header_backgroundk-01-e1726694325946.png\" \/>\n\t<meta property=\"og:image:width\" content=\"279\" \/>\n\t<meta property=\"og:image:height\" content=\"92\" \/>\n\t<meta property=\"og:image:type\" content=\"image\/png\" \/>\n<meta name=\"author\" content=\"Julien\" \/>\n<meta name=\"twitter:card\" content=\"summary_large_image\" \/>\n<meta name=\"twitter:label1\" content=\"\u00c9crit par\" \/>\n\t<meta name=\"twitter:data1\" content=\"Julien\" \/>\n\t<meta name=\"twitter:label2\" content=\"Dur\u00e9e de lecture est.\" \/>\n\t<meta name=\"twitter:data2\" content=\"4 minutes\" \/>\n<script type=\"application\/ld+json\" class=\"yoast-schema-graph\">{\"@context\":\"https:\/\/schema.org\",\"@graph\":[{\"@type\":\"Article\",\"@id\":\"https:\/\/vieassociative.be\/actualites\/mario-kohnen-devrait-mettre-fin-au-declin-de-charleroi-eupener-est-nomme-entraineur-par-interim-des-zebres\/#article\",\"isPartOf\":{\"@id\":\"https:\/\/vieassociative.be\/actualites\/mario-kohnen-devrait-mettre-fin-au-declin-de-charleroi-eupener-est-nomme-entraineur-par-interim-des-zebres\/\"},\"author\":{\"name\":\"Julien\",\"@id\":\"https:\/\/vieassociative.be\/actualites\/#\/schema\/person\/b87ac4f82f9d4e7b7cec7395b679edc4\"},\"headline\":\"Mario Kohnen devrait mettre fin au d\u00e9clin de Charleroi &#8211; Eupener est nomm\u00e9 entra\u00eeneur par int\u00e9rim des \u00ab\u00a0Z\u00e8bres\u00a0\u00bb.\",\"datePublished\":\"2026-04-08T15:17:32+00:00\",\"dateModified\":\"2026-04-08T15:17:32+00:00\",\"mainEntityOfPage\":{\"@id\":\"https:\/\/vieassociative.be\/actualites\/mario-kohnen-devrait-mettre-fin-au-declin-de-charleroi-eupener-est-nomme-entraineur-par-interim-des-zebres\/\"},\"wordCount\":753,\"publisher\":{\"@id\":\"https:\/\/vieassociative.be\/actualites\/#organization\"},\"image\":{\"@id\":\"https:\/\/vieassociative.be\/actualites\/mario-kohnen-devrait-mettre-fin-au-declin-de-charleroi-eupener-est-nomme-entraineur-par-interim-des-zebres\/#primaryimage\"},\"thumbnailUrl\":\"https:\/\/vieassociative.be\/actualites\/wp-content\/uploads\/2026\/04\/1775661454_Mario-Kohnen-devrait-mettre-fin-au-declin-de-Charleroi.jpg\",\"keywords\":[\"Charleroi\",\"d\u00e9clin\",\"Des\",\"devrait\",\"entra\u00eeneur\",\"est\",\"Eupener\",\"fin\",\"int\u00e9rim\",\"Kohnen\",\"Mario\",\"mettre\",\"nomme\",\"par\",\"Z\u00e8bres\"],\"articleSection\":[\"Belgique\"],\"inLanguage\":\"fr-BE\"},{\"@type\":\"WebPage\",\"@id\":\"https:\/\/vieassociative.be\/actualites\/mario-kohnen-devrait-mettre-fin-au-declin-de-charleroi-eupener-est-nomme-entraineur-par-interim-des-zebres\/\",\"url\":\"https:\/\/vieassociative.be\/actualites\/mario-kohnen-devrait-mettre-fin-au-declin-de-charleroi-eupener-est-nomme-entraineur-par-interim-des-zebres\/\",\"name\":\"Mario Kohnen devrait mettre fin au d\u00e9clin de Charleroi - Eupener est nomm\u00e9 entra\u00eeneur par int\u00e9rim des \\\"Z\u00e8bres\\\". | Vie Associative\",\"isPartOf\":{\"@id\":\"https:\/\/vieassociative.be\/actualites\/#website\"},\"primaryImageOfPage\":{\"@id\":\"https:\/\/vieassociative.be\/actualites\/mario-kohnen-devrait-mettre-fin-au-declin-de-charleroi-eupener-est-nomme-entraineur-par-interim-des-zebres\/#primaryimage\"},\"image\":{\"@id\":\"https:\/\/vieassociative.be\/actualites\/mario-kohnen-devrait-mettre-fin-au-declin-de-charleroi-eupener-est-nomme-entraineur-par-interim-des-zebres\/#primaryimage\"},\"thumbnailUrl\":\"https:\/\/vieassociative.be\/actualites\/wp-content\/uploads\/2026\/04\/1775661454_Mario-Kohnen-devrait-mettre-fin-au-declin-de-Charleroi.jpg\",\"datePublished\":\"2026-04-08T15:17:32+00:00\",\"dateModified\":\"2026-04-08T15:17:32+00:00\",\"breadcrumb\":{\"@id\":\"https:\/\/vieassociative.be\/actualites\/mario-kohnen-devrait-mettre-fin-au-declin-de-charleroi-eupener-est-nomme-entraineur-par-interim-des-zebres\/#breadcrumb\"},\"inLanguage\":\"fr-BE\",\"potentialAction\":[{\"@type\":\"ReadAction\",\"target\":[\"https:\/\/vieassociative.be\/actualites\/mario-kohnen-devrait-mettre-fin-au-declin-de-charleroi-eupener-est-nomme-entraineur-par-interim-des-zebres\/\"]}]},{\"@type\":\"ImageObject\",\"inLanguage\":\"fr-BE\",\"@id\":\"https:\/\/vieassociative.be\/actualites\/mario-kohnen-devrait-mettre-fin-au-declin-de-charleroi-eupener-est-nomme-entraineur-par-interim-des-zebres\/#primaryimage\",\"url\":\"https:\/\/vieassociative.be\/actualites\/wp-content\/uploads\/2026\/04\/1775661454_Mario-Kohnen-devrait-mettre-fin-au-declin-de-Charleroi.jpg\",\"contentUrl\":\"https:\/\/vieassociative.be\/actualites\/wp-content\/uploads\/2026\/04\/1775661454_Mario-Kohnen-devrait-mettre-fin-au-declin-de-Charleroi.jpg\",\"width\":2560,\"height\":1707,\"caption\":\"Mario Kohnen devrait mettre fin au d\u00e9clin de Charleroi - Eupener est nomm\u00e9 entra\u00eeneur par int\u00e9rim des \\\"Z\u00e8bres\\\".\"},{\"@type\":\"BreadcrumbList\",\"@id\":\"https:\/\/vieassociative.be\/actualites\/mario-kohnen-devrait-mettre-fin-au-declin-de-charleroi-eupener-est-nomme-entraineur-par-interim-des-zebres\/#breadcrumb\",\"itemListElement\":[{\"@type\":\"ListItem\",\"position\":1,\"name\":\"Accueil\",\"item\":\"https:\/\/vieassociative.be\/actualites\/\"},{\"@type\":\"ListItem\",\"position\":2,\"name\":\"Mario Kohnen devrait mettre fin au d\u00e9clin de Charleroi &#8211; Eupener est nomm\u00e9 entra\u00eeneur par int\u00e9rim des \u00ab\u00a0Z\u00e8bres\u00a0\u00bb.\"}]},{\"@type\":\"WebSite\",\"@id\":\"https:\/\/vieassociative.be\/actualites\/#website\",\"url\":\"https:\/\/vieassociative.be\/actualites\/\",\"name\":\"Vie Associative\",\"description\":\"\",\"publisher\":{\"@id\":\"https:\/\/vieassociative.be\/actualites\/#organization\"},\"potentialAction\":[{\"@type\":\"SearchAction\",\"target\":{\"@type\":\"EntryPoint\",\"urlTemplate\":\"https:\/\/vieassociative.be\/actualites\/?s={search_term_string}\"},\"query-input\":{\"@type\":\"PropertyValueSpecification\",\"valueRequired\":true,\"valueName\":\"search_term_string\"}}],\"inLanguage\":\"fr-BE\"},{\"@type\":\"Organization\",\"@id\":\"https:\/\/vieassociative.be\/actualites\/#organization\",\"name\":\"Vie Associative\",\"url\":\"https:\/\/vieassociative.be\/actualites\/\",\"logo\":{\"@type\":\"ImageObject\",\"inLanguage\":\"fr-BE\",\"@id\":\"https:\/\/vieassociative.be\/actualites\/#\/schema\/logo\/image\/\",\"url\":\"https:\/\/vieassociative.be\/actualites\/wp-content\/uploads\/2024\/09\/cropped-vieassociative_favicon.ico.png\",\"contentUrl\":\"https:\/\/vieassociative.be\/actualites\/wp-content\/uploads\/2024\/09\/cropped-vieassociative_favicon.ico.png\",\"width\":512,\"height\":512,\"caption\":\"Vie Associative\"},\"image\":{\"@id\":\"https:\/\/vieassociative.be\/actualites\/#\/schema\/logo\/image\/\"}},{\"@type\":\"Person\",\"@id\":\"https:\/\/vieassociative.be\/actualites\/#\/schema\/person\/b87ac4f82f9d4e7b7cec7395b679edc4\",\"name\":\"Julien\",\"image\":{\"@type\":\"ImageObject\",\"inLanguage\":\"fr-BE\",\"@id\":\"https:\/\/vieassociative.be\/actualites\/#\/schema\/person\/image\/\",\"url\":\"https:\/\/vieassociative.be\/actualites\/wp-content\/uploads\/2024\/09\/vie-associative-1-150x150.jpg\",\"contentUrl\":\"https:\/\/vieassociative.be\/actualites\/wp-content\/uploads\/2024\/09\/vie-associative-1-150x150.jpg\",\"caption\":\"Julien\"},\"description\":\"Je suis Julien, r\u00e9dacteur pour Vie Associative. Passionn\u00e9 par le monde associatif depuis plus de 10 ans, j'ai \u00e0 c\u0153ur de partager des histoires inspirantes et de mettre en lumi\u00e8re les initiatives locales. Mon objectif est de sensibiliser et d'encourager l'engagement communautaire \u00e0 travers mes articles.\",\"sameAs\":[\"https:\/\/vieassociative.be\/\"]}]}<\/script>\n<!-- \/ Yoast SEO plugin. -->","yoast_head_json":{"title":"Mario Kohnen devrait mettre fin au d\u00e9clin de Charleroi - Eupener est nomm\u00e9 entra\u00eeneur par int\u00e9rim des \"Z\u00e8bres\". | Vie Associative","robots":{"index":"index","follow":"follow","max-snippet":"max-snippet:-1","max-image-preview":"max-image-preview:large","max-video-preview":"max-video-preview:-1"},"canonical":"https:\/\/vieassociative.be\/actualites\/mario-kohnen-devrait-mettre-fin-au-declin-de-charleroi-eupener-est-nomme-entraineur-par-interim-des-zebres\/","og_locale":"fr_FR","og_type":"article","og_title":"Mario Kohnen devrait mettre fin au d\u00e9clin de Charleroi - Eupener est nomm\u00e9 entra\u00eeneur par int\u00e9rim des \"Z\u00e8bres\". | Vie Associative","og_description":"Mario Kohnen est un exemple d&rsquo;un nouveau type de formateur : bien form\u00e9, diversement exp\u00e9riment\u00e9 et m\u00fbri en arri\u00e8re-plan. Avec sa nomination comme entra\u00eeneur par","og_url":"https:\/\/vieassociative.be\/actualites\/mario-kohnen-devrait-mettre-fin-au-declin-de-charleroi-eupener-est-nomme-entraineur-par-interim-des-zebres\/","og_site_name":"Vie Associative","article_published_time":"2026-04-08T15:17:32+00:00","og_image":[{"width":279,"height":92,"url":"https:\/\/vieassociative.be\/actualites\/wp-content\/uploads\/2024\/09\/header_backgroundk-01-e1726694325946.png","type":"image\/png"}],"author":"Julien","twitter_card":"summary_large_image","twitter_misc":{"\u00c9crit par":"Julien","Dur\u00e9e de lecture est.":"4 minutes"},"schema":{"@context":"https:\/\/schema.org","@graph":[{"@type":"Article","@id":"https:\/\/vieassociative.be\/actualites\/mario-kohnen-devrait-mettre-fin-au-declin-de-charleroi-eupener-est-nomme-entraineur-par-interim-des-zebres\/#article","isPartOf":{"@id":"https:\/\/vieassociative.be\/actualites\/mario-kohnen-devrait-mettre-fin-au-declin-de-charleroi-eupener-est-nomme-entraineur-par-interim-des-zebres\/"},"author":{"name":"Julien","@id":"https:\/\/vieassociative.be\/actualites\/#\/schema\/person\/b87ac4f82f9d4e7b7cec7395b679edc4"},"headline":"Mario Kohnen devrait mettre fin au d\u00e9clin de Charleroi &#8211; Eupener est nomm\u00e9 entra\u00eeneur par int\u00e9rim des \u00ab\u00a0Z\u00e8bres\u00a0\u00bb.","datePublished":"2026-04-08T15:17:32+00:00","dateModified":"2026-04-08T15:17:32+00:00","mainEntityOfPage":{"@id":"https:\/\/vieassociative.be\/actualites\/mario-kohnen-devrait-mettre-fin-au-declin-de-charleroi-eupener-est-nomme-entraineur-par-interim-des-zebres\/"},"wordCount":753,"publisher":{"@id":"https:\/\/vieassociative.be\/actualites\/#organization"},"image":{"@id":"https:\/\/vieassociative.be\/actualites\/mario-kohnen-devrait-mettre-fin-au-declin-de-charleroi-eupener-est-nomme-entraineur-par-interim-des-zebres\/#primaryimage"},"thumbnailUrl":"https:\/\/vieassociative.be\/actualites\/wp-content\/uploads\/2026\/04\/1775661454_Mario-Kohnen-devrait-mettre-fin-au-declin-de-Charleroi.jpg","keywords":["Charleroi","d\u00e9clin","Des","devrait","entra\u00eeneur","est","Eupener","fin","int\u00e9rim","Kohnen","Mario","mettre","nomme","par","Z\u00e8bres"],"articleSection":["Belgique"],"inLanguage":"fr-BE"},{"@type":"WebPage","@id":"https:\/\/vieassociative.be\/actualites\/mario-kohnen-devrait-mettre-fin-au-declin-de-charleroi-eupener-est-nomme-entraineur-par-interim-des-zebres\/","url":"https:\/\/vieassociative.be\/actualites\/mario-kohnen-devrait-mettre-fin-au-declin-de-charleroi-eupener-est-nomme-entraineur-par-interim-des-zebres\/","name":"Mario Kohnen devrait mettre fin au d\u00e9clin de Charleroi - Eupener est nomm\u00e9 entra\u00eeneur par int\u00e9rim des \"Z\u00e8bres\". | Vie Associative","isPartOf":{"@id":"https:\/\/vieassociative.be\/actualites\/#website"},"primaryImageOfPage":{"@id":"https:\/\/vieassociative.be\/actualites\/mario-kohnen-devrait-mettre-fin-au-declin-de-charleroi-eupener-est-nomme-entraineur-par-interim-des-zebres\/#primaryimage"},"image":{"@id":"https:\/\/vieassociative.be\/actualites\/mario-kohnen-devrait-mettre-fin-au-declin-de-charleroi-eupener-est-nomme-entraineur-par-interim-des-zebres\/#primaryimage"},"thumbnailUrl":"https:\/\/vieassociative.be\/actualites\/wp-content\/uploads\/2026\/04\/1775661454_Mario-Kohnen-devrait-mettre-fin-au-declin-de-Charleroi.jpg","datePublished":"2026-04-08T15:17:32+00:00","dateModified":"2026-04-08T15:17:32+00:00","breadcrumb":{"@id":"https:\/\/vieassociative.be\/actualites\/mario-kohnen-devrait-mettre-fin-au-declin-de-charleroi-eupener-est-nomme-entraineur-par-interim-des-zebres\/#breadcrumb"},"inLanguage":"fr-BE","potentialAction":[{"@type":"ReadAction","target":["https:\/\/vieassociative.be\/actualites\/mario-kohnen-devrait-mettre-fin-au-declin-de-charleroi-eupener-est-nomme-entraineur-par-interim-des-zebres\/"]}]},{"@type":"ImageObject","inLanguage":"fr-BE","@id":"https:\/\/vieassociative.be\/actualites\/mario-kohnen-devrait-mettre-fin-au-declin-de-charleroi-eupener-est-nomme-entraineur-par-interim-des-zebres\/#primaryimage","url":"https:\/\/vieassociative.be\/actualites\/wp-content\/uploads\/2026\/04\/1775661454_Mario-Kohnen-devrait-mettre-fin-au-declin-de-Charleroi.jpg","contentUrl":"https:\/\/vieassociative.be\/actualites\/wp-content\/uploads\/2026\/04\/1775661454_Mario-Kohnen-devrait-mettre-fin-au-declin-de-Charleroi.jpg","width":2560,"height":1707,"caption":"Mario Kohnen devrait mettre fin au d\u00e9clin de Charleroi - Eupener est nomm\u00e9 entra\u00eeneur par int\u00e9rim des \"Z\u00e8bres\"."},{"@type":"BreadcrumbList","@id":"https:\/\/vieassociative.be\/actualites\/mario-kohnen-devrait-mettre-fin-au-declin-de-charleroi-eupener-est-nomme-entraineur-par-interim-des-zebres\/#breadcrumb","itemListElement":[{"@type":"ListItem","position":1,"name":"Accueil","item":"https:\/\/vieassociative.be\/actualites\/"},{"@type":"ListItem","position":2,"name":"Mario Kohnen devrait mettre fin au d\u00e9clin de Charleroi &#8211; Eupener est nomm\u00e9 entra\u00eeneur par int\u00e9rim des \u00ab\u00a0Z\u00e8bres\u00a0\u00bb."}]},{"@type":"WebSite","@id":"https:\/\/vieassociative.be\/actualites\/#website","url":"https:\/\/vieassociative.be\/actualites\/","name":"Vie Associative","description":"","publisher":{"@id":"https:\/\/vieassociative.be\/actualites\/#organization"},"potentialAction":[{"@type":"SearchAction","target":{"@type":"EntryPoint","urlTemplate":"https:\/\/vieassociative.be\/actualites\/?s={search_term_string}"},"query-input":{"@type":"PropertyValueSpecification","valueRequired":true,"valueName":"search_term_string"}}],"inLanguage":"fr-BE"},{"@type":"Organization","@id":"https:\/\/vieassociative.be\/actualites\/#organization","name":"Vie Associative","url":"https:\/\/vieassociative.be\/actualites\/","logo":{"@type":"ImageObject","inLanguage":"fr-BE","@id":"https:\/\/vieassociative.be\/actualites\/#\/schema\/logo\/image\/","url":"https:\/\/vieassociative.be\/actualites\/wp-content\/uploads\/2024\/09\/cropped-vieassociative_favicon.ico.png","contentUrl":"https:\/\/vieassociative.be\/actualites\/wp-content\/uploads\/2024\/09\/cropped-vieassociative_favicon.ico.png","width":512,"height":512,"caption":"Vie Associative"},"image":{"@id":"https:\/\/vieassociative.be\/actualites\/#\/schema\/logo\/image\/"}},{"@type":"Person","@id":"https:\/\/vieassociative.be\/actualites\/#\/schema\/person\/b87ac4f82f9d4e7b7cec7395b679edc4","name":"Julien","image":{"@type":"ImageObject","inLanguage":"fr-BE","@id":"https:\/\/vieassociative.be\/actualites\/#\/schema\/person\/image\/","url":"https:\/\/vieassociative.be\/actualites\/wp-content\/uploads\/2024\/09\/vie-associative-1-150x150.jpg","contentUrl":"https:\/\/vieassociative.be\/actualites\/wp-content\/uploads\/2024\/09\/vie-associative-1-150x150.jpg","caption":"Julien"},"description":"Je suis Julien, r\u00e9dacteur pour Vie Associative. Passionn\u00e9 par le monde associatif depuis plus de 10 ans, j'ai \u00e0 c\u0153ur de partager des histoires inspirantes et de mettre en lumi\u00e8re les initiatives locales. Mon objectif est de sensibiliser et d'encourager l'engagement communautaire \u00e0 travers mes articles.","sameAs":["https:\/\/vieassociative.be\/"]}]}},"_links":{"self":[{"href":"https:\/\/vieassociative.be\/actualites\/wp-json\/wp\/v2\/posts\/13363"}],"collection":[{"href":"https:\/\/vieassociative.be\/actualites\/wp-json\/wp\/v2\/posts"}],"about":[{"href":"https:\/\/vieassociative.be\/actualites\/wp-json\/wp\/v2\/types\/post"}],"author":[{"embeddable":true,"href":"https:\/\/vieassociative.be\/actualites\/wp-json\/wp\/v2\/users\/1"}],"replies":[{"embeddable":true,"href":"https:\/\/vieassociative.be\/actualites\/wp-json\/wp\/v2\/comments?post=13363"}],"version-history":[{"count":0,"href":"https:\/\/vieassociative.be\/actualites\/wp-json\/wp\/v2\/posts\/13363\/revisions"}],"wp:featuredmedia":[{"embeddable":true,"href":"https:\/\/vieassociative.be\/actualites\/wp-json\/wp\/v2\/media\/13364"}],"wp:attachment":[{"href":"https:\/\/vieassociative.be\/actualites\/wp-json\/wp\/v2\/media?parent=13363"}],"wp:term":[{"taxonomy":"category","embeddable":true,"href":"https:\/\/vieassociative.be\/actualites\/wp-json\/wp\/v2\/categories?post=13363"},{"taxonomy":"post_tag","embeddable":true,"href":"https:\/\/vieassociative.be\/actualites\/wp-json\/wp\/v2\/tags?post=13363"}],"curies":[{"name":"wp","href":"https:\/\/api.w.org\/{rel}","templated":true}]}}