{"id":13361,"date":"2026-04-08T16:17:52","date_gmt":"2026-04-08T14:17:52","guid":{"rendered":"https:\/\/vieassociative.be\/actualites\/ce-televiseur-tcl-qled-beneficie-actuellement-dune-reduction-de-plus-de-200\/"},"modified":"2026-04-08T16:17:52","modified_gmt":"2026-04-08T14:17:52","slug":"ce-televiseur-tcl-qled-beneficie-actuellement-dune-reduction-de-plus-de-200","status":"publish","type":"post","link":"https:\/\/vieassociative.be\/actualites\/ce-televiseur-tcl-qled-beneficie-actuellement-dune-reduction-de-plus-de-200\/","title":{"rendered":"Ce t\u00e9l\u00e9viseur TCL QLED b\u00e9n\u00e9ficie actuellement d&rsquo;une r\u00e9duction de plus de 200\u00a0$"},"content":{"rendered":"<p>Nous pouvons gagner une commission sur les liens sur cette page. Les prix et la disponibilit\u00e9 de l&rsquo;offre sont sujets \u00e0 changement apr\u00e8s la publication.<\/p>\n<p>Le TCL QM7K de 65 pouces se vend actuellement \u00e0 777,99 $, contre 999,99 $, et les trackers de prix montrent qu&rsquo;il s&rsquo;agit du prix le plus bas qu&rsquo;il ait baiss\u00e9 jusqu&rsquo;\u00e0 pr\u00e9sent. Le QM7K n&rsquo;est pas un mod\u00e8le \u00e9conomique all\u00e9g\u00e9 : il s&rsquo;agit d&rsquo;un t\u00e9l\u00e9viseur mini-LED avec une gradation locale compl\u00e8te, une large prise en charge du format HDR et des niveaux de luminosit\u00e9 d\u00e9passant les 2 000 nits. En pratique, cela signifie que le HDR met en valeur le pop, le contraste reste contr\u00f4l\u00e9 et l&rsquo;\u00e9cran reste utilisable m\u00eame dans les pi\u00e8ces tr\u00e8s \u00e9clair\u00e9es. Il n\u2019atteint pas la luminosit\u00e9 maximale extr\u00eame du QM8 haut de gamme de TCL, mais pour la plupart des salons, la diff\u00e9rence est n\u00e9gligeable. Et si vous recherchez \u00e9galement une configuration de jeu et de streaming solide sans perdre trop d&rsquo;argent, le QM7K fait l&rsquo;affaire.<\/p>\n<div class=\"pogoClear mb-12 mt-10 rounded-md border-2 border-gray-100 py-7 shadow-xl md:py-6\">\n<div class=\"flex flex-wrap justify-between px-7 text-black no-underline md:flex-nowrap md:px-8\">\n<div class=\"order-1 mx-auto flex flex-col justify-center md:order-2 md:ml-4 md:w-full md:grow\">\n<div class=\"block cursor-pointer text-center font-akshar text-2xl font-medium leading-7 text-brand-green duration-200 ease-in-out hover:text-brand-green-700 md:text-left md:text-xl md:leading-6\">T\u00e9l\u00e9viseur QLED mini-LED TCL QM7K\n                <\/div>\n<div class=\"mt-4 block font-sans text-sm font-medium leading-4 text-gray-900 md:mx-0 md:mt-2\">\n                    <\/div>\n<div class=\"mt-4 hidden md:flex md:justify-between\">\n<div class=\"self-end\">\n<div class=\"mb-0 h-11 md:flex md:flex-col md:justify-center\">\n<div class=\" font-sans leading-4 text-black\">\n<div class=\"flex flex-wrap items-center justify-center gap-1 md:justify-start\">\n        <span class=\"font-bold\"><\/p>\n<p>            777,99\u00a0$<br \/>\n                            <span class=\"font-medium\">chez Amazon<\/span><br \/>\n                    <\/span>\n            <\/div>\n<div class=\"flex items-center justify-center gap-x-1 font-bold md:justify-start\">\n            <span class=\"text-sm line-through\">999,99\u00a0$<\/span><br \/>\n            <span class=\"text-sm text-brand-green\">\u00c9conomisez 222,00\u00a0$<\/span>\n        <\/div>\n<\/p><\/div>\n<\/p><\/div>\n<\/p><\/div>\n<div class=\"w-44 self-end\">\n                            <button class=\"flex justify-center items-center w-full bg-brand-green text-white text-base font-sans font-medium rounded-md hover:bg-brand-green-700 hover:cursor-pointer md:text-sm h-11\"><\/p>\n<p>    Obtenez une offre<br \/>\n<\/button>\n                        <\/div>\n<\/p><\/div>\n<\/p><\/div>\n<div class=\"order-2 mt-5 h-auto w-full md:order-1 md:mt-0 md:hidden\">\n<div class=\"flex aspect-video items-center justify-center\">\n                                            <img decoding=\"async\" class=\"m-0 max-h-full max-w-full rounded-md\" src=\"https:\/\/vieassociative.be\/actualites\/wp-content\/uploads\/2026\/04\/Ce-televiseur-TCL-QLED-beneficie-actuellement-dune-reduction-de-plus.jpg\" alt=\"TCL QM7K de 65 pouces\" width=\"auto\" height=\"auto\" loading=\"lazy\">\n                                    <\/div>\n<\/p><\/div>\n<div class=\"order-2 ml-2 hidden w-32 shrink-0 items-center md:order-1 md:ml-0 md:flex\">\n<div class=\"flex aspect-video items-center justify-center\">\n                                            <img decoding=\"async\" class=\"m-0 max-h-full max-w-full rounded-md\" src=\"https:\/\/vieassociative.be\/actualites\/wp-content\/uploads\/2026\/04\/Ce-televiseur-TCL-QLED-beneficie-actuellement-dune-reduction-de-plus.jpg\" alt=\"TCL QM7K de 65 pouces\" width=\"auto\" height=\"auto\" loading=\"lazy\">\n                                    <\/div>\n<\/p><\/div>\n<div class=\"order-3 flex grow flex-wrap md:hidden md:grow-0\">\n<div class=\"mt-4 w-full\">\n                        <button class=\"flex justify-center items-center w-full bg-brand-green text-white text-base font-sans font-medium rounded-md hover:bg-brand-green-700 hover:cursor-pointer md:text-sm h-11\"><\/p>\n<p>    Obtenez une offre<br \/>\n<\/button>\n                    <\/div>\n<div class=\"mx-2 mt-4 w-full\">\n<div class=\" font-sans leading-4 text-black\">\n<div class=\"flex flex-wrap items-center justify-center gap-1 md:justify-start\">\n        <span class=\"font-bold\"><\/p>\n<p>            777,99\u00a0$<br \/>\n                            <span class=\"font-medium\">chez Amazon<\/span><br \/>\n                    <\/span>\n            <\/div>\n<div class=\"flex items-center justify-center gap-x-1 font-bold md:justify-start\">\n            <span class=\"text-sm line-through\">999,99\u00a0$<\/span><br \/>\n            <span class=\"text-sm text-brand-green\">\u00c9conomisez 222,00\u00a0$<\/span>\n        <\/div>\n<\/p><\/div>\n<\/p><\/div>\n<\/p><\/div>\n<\/p><\/div>\n<\/div>\n<p>TCL a dot\u00e9 celui-ci de sp\u00e9cifications adapt\u00e9es aux joueurs\u00a0: un taux de rafra\u00eechissement natif de 144 Hz, AMD FreeSync Premium Pro et un d\u00e9calage d&rsquo;entr\u00e9e inf\u00e9rieur \u00e0 5 ms pour 1080p \u00e0 des fr\u00e9quences d&rsquo;images \u00e9lev\u00e9es. M\u00eame en 4K60, le d\u00e9calage d&rsquo;entr\u00e9e reste inf\u00e9rieur \u00e0 14 millisecondes, ce qui le maintient confortablement en dessous du d\u00e9lai d&rsquo;une image que PCMag utilise comme r\u00e9f\u00e9rence pour de solides performances de jeu sur un t\u00e9l\u00e9viseur. La connectivit\u00e9 est \u00e9galement solide, avec quatre ports HDMI au total, dont deux prenant en charge les signaux 144 Hz et un avec eARC pour le relais audio, ainsi que l&rsquo;audio USB, Ethernet et optique. Google TV g\u00e8re l&rsquo;intelligence, avec la prise en charge d&rsquo;Apple AirPlay, de Chromecast, de l&rsquo;Assistant Google mains libres et de toutes les applications de streaming de renom. La t\u00e9l\u00e9commande incluse est r\u00e9tro\u00e9clair\u00e9e, facile \u00e0 utiliser et est livr\u00e9e avec des boutons de raccourci pour les applications populaires. Et l&rsquo;interface est facile \u00e0 naviguer.<\/p>\n<p>Cela dit, il existe certains compromis. Le r\u00e9glage des couleurs est chaud d\u00e8s la sortie de la bo\u00eete et peut n\u00e9cessiter un ajustement, et le panneau ne prend pas en charge ATSC 3.0, vous manquez donc la nouvelle norme de diffusion en direct. De plus, comme la plupart des t\u00e9l\u00e9viseurs LED, vous perdrez un peu de saturation des couleurs et de contraste lorsque vous regardez sous des angles lat\u00e9raux nets. Mais ces compromis sont mineurs pour la plupart des gens qui l\u2019utilisent comme pi\u00e8ce ma\u00eetresse du salon ou comme \u00e9cran de jeu. PCMag a attribu\u00e9 la note \u00ab\u00a0excellent\u00a0\u00bb au QM7K et notre propre r\u00e9dacteur, Daniel Oropeza, a d\u00e9sign\u00e9 le mod\u00e8le de 65 pouces comme l&rsquo;un des t\u00e9l\u00e9viseurs QLED les plus \u00e9conomiques \u00e0 acheter.<\/p>\n<div class=\" relative flex justify-center py-16 md:left-1\/2 md:w-(780px) md:max-w-max md:-translate-x-1\/2\">\n<div class=\"w-max text-center sm:text-left\">\n<div class=\"custom-gradient-background mb-6 rounded-md p-(2px) sm:rounded-tl-none\">\n<div class=\"flex flex-col rounded bg-white sm:rounded-tl-none\">\n                    <span class=\"-mt-4 block w-fit max-w-(calc(100%-1rem)) self-center bg-white px-3 text-center font-akshar text-xl font-medium capitalize text-gray-800 sm:max-w-(calc(100%-2.5rem)) sm:self-start sm:px-10 sm:text-left sm:text-2xl\">Nos meilleures offres technologiques approuv\u00e9es par les \u00e9diteurs en ce moment<\/span><\/p>\n<div class=\"flex flex-col gap-3 p-3 pb-4 text-sm sm:p-10 sm:pt-6 sm:text-justify sm:text-base\">\n<div>\n<p>    \u00c9couteurs sans fil Apple AirPods Pro 3 \u00e0 r\u00e9duction de bruit et fr\u00e9quence cardiaque<\/p>\n<p>                                <span class=\"text-black\"><br \/>\n                                    \u2014<br \/>\n                                    <span class=\"font-bold\">224,00\u00a0$<\/span><br \/>\n                                    <span class=\"!text-xs italic sm:!text-sm\"><\/p>\n<p>                                        (Prix catalogue 249,00 $)<br \/>\n                                    <\/span><br \/>\n                                <\/span>\n                            <\/div>\n<div>\n<p>    Apple iPad 11&Prime; 128 Go A16 WiFi Tablette (Bleu, 2025)<\/p>\n<p>                                <span class=\"text-black\"><br \/>\n                                    \u2014<br \/>\n                                    <span class=\"font-bold\">321,00\u00a0$<\/span><br \/>\n                                    <span class=\"!text-xs italic sm:!text-sm\"><\/p>\n<p>                                        (Prix catalogue 349,00 $)<br \/>\n                                    <\/span><br \/>\n                                <\/span>\n                            <\/div>\n<div>\n<p>    Apple Watch Series 11 (GPS, 42 mm, bracelet sport noir S\/M)<\/p>\n<p>                                <span class=\"text-black\"><br \/>\n                                    \u2014<br \/>\n                                    <span class=\"font-bold\">329,00\u00a0$<\/span><br \/>\n                                    <span class=\"!text-xs italic sm:!text-sm\"><\/p>\n<p>                                        (Prix catalogue 399,00 $)<br \/>\n                                    <\/span><br \/>\n                                <\/span>\n                            <\/div>\n<div>\n<p>    Lecteur de streaming Fire TV Stick 4K Plus avec t\u00e9l\u00e9commande (mod\u00e8le 2025)<\/p>\n<p>                                <span class=\"text-black\"><br \/>\n                                    \u2014<br \/>\n                                    <span class=\"font-bold\">29,99\u00a0$<\/span><br \/>\n                                    <span class=\"!text-xs italic sm:!text-sm\"><\/p>\n<p>                                        (Prix catalogue 49,99 $)<br \/>\n                                    <\/span><br \/>\n                                <\/span>\n                            <\/div>\n<div>\n<p>    Haut-parleur TV Bose<\/p>\n<p>                                <span class=\"text-black\"><br \/>\n                                    \u2014<br \/>\n                                    <span class=\"font-bold\">199,00\u00a0$<\/span><br \/>\n                                    <span class=\"!text-xs italic sm:!text-sm\"><\/p>\n<p>                                        (Prix catalogue 279,00 $)<br \/>\n                                    <\/span><br \/>\n                                <\/span>\n                            <\/div>\n<\/p><\/div>\n<\/p><\/div>\n<\/p><\/div>\n<div class=\"flex flex-col items-center justify-between text-black sm:flex-row sm:px-6\">\n                <span class=\"text-xs italic sm:ml-7 sm:text-sm\">Les offres sont s\u00e9lectionn\u00e9es par notre \u00e9quipe commerciale<\/span><\/p><\/div>\n<\/p><\/div>\n<\/p><\/div>\n","protected":false},"excerpt":{"rendered":"<p>Nous pouvons gagner une commission sur les liens sur cette page. Les prix et la disponibilit\u00e9 de l&rsquo;offre sont sujets \u00e0 changement apr\u00e8s la publication.<\/p>\n","protected":false},"author":1,"featured_media":13362,"comment_status":"","ping_status":"","sticky":false,"template":"","format":"standard","meta":{"footnotes":""},"categories":[10226],"tags":[19,3546,698,5215,308,5214,1978],"class_list":["post-13361","post","type-post","status-publish","format-standard","has-post-thumbnail","hentry","category-tvs","tag-actuellement","tag-beneficie","tag-dune","tag-qled","tag-reduction","tag-tcl","tag-televiseur","generate-columns","tablet-grid-50","mobile-grid-100","grid-parent","grid-33"],"yoast_head":"<!-- This site is optimized with the Yoast SEO plugin v24.0 - https:\/\/yoast.com\/wordpress\/plugins\/seo\/ -->\n<title>Ce t\u00e9l\u00e9viseur TCL QLED b\u00e9n\u00e9ficie actuellement d&#039;une r\u00e9duction de plus de 200\u00a0$ | Vie Associative<\/title>\n<meta name=\"robots\" content=\"index, follow, max-snippet:-1, max-image-preview:large, max-video-preview:-1\" \/>\n<link rel=\"canonical\" href=\"https:\/\/vieassociative.be\/actualites\/ce-televiseur-tcl-qled-beneficie-actuellement-dune-reduction-de-plus-de-200\/\" \/>\n<meta property=\"og:locale\" content=\"fr_FR\" \/>\n<meta property=\"og:type\" content=\"article\" \/>\n<meta property=\"og:title\" content=\"Ce t\u00e9l\u00e9viseur TCL QLED b\u00e9n\u00e9ficie actuellement d&#039;une r\u00e9duction de plus de 200\u00a0$ | Vie Associative\" \/>\n<meta property=\"og:description\" content=\"Nous pouvons gagner une commission sur les liens sur cette page. Les prix et la disponibilit\u00e9 de l&rsquo;offre sont sujets \u00e0 changement apr\u00e8s la publication.\" \/>\n<meta property=\"og:url\" content=\"https:\/\/vieassociative.be\/actualites\/ce-televiseur-tcl-qled-beneficie-actuellement-dune-reduction-de-plus-de-200\/\" \/>\n<meta property=\"og:site_name\" content=\"Vie Associative\" \/>\n<meta property=\"article:published_time\" content=\"2026-04-08T14:17:52+00:00\" \/>\n<meta property=\"og:image\" content=\"https:\/\/vieassociative.be\/actualites\/wp-content\/uploads\/2026\/04\/Ce-televiseur-TCL-QLED-beneficie-actuellement-dune-reduction-de-plus.jpg\" \/>\n<meta name=\"author\" content=\"Julien\" \/>\n<meta name=\"twitter:card\" content=\"summary_large_image\" \/>\n<meta name=\"twitter:label1\" content=\"\u00c9crit par\" \/>\n\t<meta name=\"twitter:data1\" content=\"Julien\" \/>\n\t<meta name=\"twitter:label2\" content=\"Dur\u00e9e de lecture est.\" \/>\n\t<meta name=\"twitter:data2\" content=\"3 minutes\" \/>\n<script type=\"application\/ld+json\" class=\"yoast-schema-graph\">{\"@context\":\"https:\/\/schema.org\",\"@graph\":[{\"@type\":\"Article\",\"@id\":\"https:\/\/vieassociative.be\/actualites\/ce-televiseur-tcl-qled-beneficie-actuellement-dune-reduction-de-plus-de-200\/#article\",\"isPartOf\":{\"@id\":\"https:\/\/vieassociative.be\/actualites\/ce-televiseur-tcl-qled-beneficie-actuellement-dune-reduction-de-plus-de-200\/\"},\"author\":{\"name\":\"Julien\",\"@id\":\"https:\/\/vieassociative.be\/actualites\/#\/schema\/person\/b87ac4f82f9d4e7b7cec7395b679edc4\"},\"headline\":\"Ce t\u00e9l\u00e9viseur TCL QLED b\u00e9n\u00e9ficie actuellement d&rsquo;une r\u00e9duction de plus de 200\u00a0$\",\"datePublished\":\"2026-04-08T14:17:52+00:00\",\"dateModified\":\"2026-04-08T14:17:52+00:00\",\"mainEntityOfPage\":{\"@id\":\"https:\/\/vieassociative.be\/actualites\/ce-televiseur-tcl-qled-beneficie-actuellement-dune-reduction-de-plus-de-200\/\"},\"wordCount\":624,\"publisher\":{\"@id\":\"https:\/\/vieassociative.be\/actualites\/#organization\"},\"image\":{\"@id\":\"https:\/\/vieassociative.be\/actualites\/ce-televiseur-tcl-qled-beneficie-actuellement-dune-reduction-de-plus-de-200\/#primaryimage\"},\"thumbnailUrl\":\"https:\/\/vieassociative.be\/actualites\/wp-content\/uploads\/2026\/04\/Ce-televiseur-TCL-QLED-beneficie-actuellement-dune-reduction-de-plus.png\",\"keywords\":[\"actuellement\",\"b\u00e9n\u00e9ficie\",\"dune\",\"QLED\",\"r\u00e9duction\",\"TCL\",\"t\u00e9l\u00e9viseur\"],\"articleSection\":[\"Tvs\"],\"inLanguage\":\"fr-BE\"},{\"@type\":\"WebPage\",\"@id\":\"https:\/\/vieassociative.be\/actualites\/ce-televiseur-tcl-qled-beneficie-actuellement-dune-reduction-de-plus-de-200\/\",\"url\":\"https:\/\/vieassociative.be\/actualites\/ce-televiseur-tcl-qled-beneficie-actuellement-dune-reduction-de-plus-de-200\/\",\"name\":\"Ce t\u00e9l\u00e9viseur TCL QLED b\u00e9n\u00e9ficie actuellement d'une r\u00e9duction de plus de 200\u00a0$ | Vie Associative\",\"isPartOf\":{\"@id\":\"https:\/\/vieassociative.be\/actualites\/#website\"},\"primaryImageOfPage\":{\"@id\":\"https:\/\/vieassociative.be\/actualites\/ce-televiseur-tcl-qled-beneficie-actuellement-dune-reduction-de-plus-de-200\/#primaryimage\"},\"image\":{\"@id\":\"https:\/\/vieassociative.be\/actualites\/ce-televiseur-tcl-qled-beneficie-actuellement-dune-reduction-de-plus-de-200\/#primaryimage\"},\"thumbnailUrl\":\"https:\/\/vieassociative.be\/actualites\/wp-content\/uploads\/2026\/04\/Ce-televiseur-TCL-QLED-beneficie-actuellement-dune-reduction-de-plus.png\",\"datePublished\":\"2026-04-08T14:17:52+00:00\",\"dateModified\":\"2026-04-08T14:17:52+00:00\",\"breadcrumb\":{\"@id\":\"https:\/\/vieassociative.be\/actualites\/ce-televiseur-tcl-qled-beneficie-actuellement-dune-reduction-de-plus-de-200\/#breadcrumb\"},\"inLanguage\":\"fr-BE\",\"potentialAction\":[{\"@type\":\"ReadAction\",\"target\":[\"https:\/\/vieassociative.be\/actualites\/ce-televiseur-tcl-qled-beneficie-actuellement-dune-reduction-de-plus-de-200\/\"]}]},{\"@type\":\"ImageObject\",\"inLanguage\":\"fr-BE\",\"@id\":\"https:\/\/vieassociative.be\/actualites\/ce-televiseur-tcl-qled-beneficie-actuellement-dune-reduction-de-plus-de-200\/#primaryimage\",\"url\":\"https:\/\/vieassociative.be\/actualites\/wp-content\/uploads\/2026\/04\/Ce-televiseur-TCL-QLED-beneficie-actuellement-dune-reduction-de-plus.png\",\"contentUrl\":\"https:\/\/vieassociative.be\/actualites\/wp-content\/uploads\/2026\/04\/Ce-televiseur-TCL-QLED-beneficie-actuellement-dune-reduction-de-plus.png\",\"width\":1200,\"height\":675,\"caption\":\"Ce t\u00e9l\u00e9viseur TCL QLED b\u00e9n\u00e9ficie actuellement d'une r\u00e9duction de plus de 200\u00a0$\"},{\"@type\":\"BreadcrumbList\",\"@id\":\"https:\/\/vieassociative.be\/actualites\/ce-televiseur-tcl-qled-beneficie-actuellement-dune-reduction-de-plus-de-200\/#breadcrumb\",\"itemListElement\":[{\"@type\":\"ListItem\",\"position\":1,\"name\":\"Accueil\",\"item\":\"https:\/\/vieassociative.be\/actualites\/\"},{\"@type\":\"ListItem\",\"position\":2,\"name\":\"Ce t\u00e9l\u00e9viseur TCL QLED b\u00e9n\u00e9ficie actuellement d&rsquo;une r\u00e9duction de plus de 200\u00a0$\"}]},{\"@type\":\"WebSite\",\"@id\":\"https:\/\/vieassociative.be\/actualites\/#website\",\"url\":\"https:\/\/vieassociative.be\/actualites\/\",\"name\":\"Vie Associative\",\"description\":\"\",\"publisher\":{\"@id\":\"https:\/\/vieassociative.be\/actualites\/#organization\"},\"potentialAction\":[{\"@type\":\"SearchAction\",\"target\":{\"@type\":\"EntryPoint\",\"urlTemplate\":\"https:\/\/vieassociative.be\/actualites\/?s={search_term_string}\"},\"query-input\":{\"@type\":\"PropertyValueSpecification\",\"valueRequired\":true,\"valueName\":\"search_term_string\"}}],\"inLanguage\":\"fr-BE\"},{\"@type\":\"Organization\",\"@id\":\"https:\/\/vieassociative.be\/actualites\/#organization\",\"name\":\"Vie Associative\",\"url\":\"https:\/\/vieassociative.be\/actualites\/\",\"logo\":{\"@type\":\"ImageObject\",\"inLanguage\":\"fr-BE\",\"@id\":\"https:\/\/vieassociative.be\/actualites\/#\/schema\/logo\/image\/\",\"url\":\"https:\/\/vieassociative.be\/actualites\/wp-content\/uploads\/2024\/09\/cropped-vieassociative_favicon.ico.png\",\"contentUrl\":\"https:\/\/vieassociative.be\/actualites\/wp-content\/uploads\/2024\/09\/cropped-vieassociative_favicon.ico.png\",\"width\":512,\"height\":512,\"caption\":\"Vie Associative\"},\"image\":{\"@id\":\"https:\/\/vieassociative.be\/actualites\/#\/schema\/logo\/image\/\"}},{\"@type\":\"Person\",\"@id\":\"https:\/\/vieassociative.be\/actualites\/#\/schema\/person\/b87ac4f82f9d4e7b7cec7395b679edc4\",\"name\":\"Julien\",\"image\":{\"@type\":\"ImageObject\",\"inLanguage\":\"fr-BE\",\"@id\":\"https:\/\/vieassociative.be\/actualites\/#\/schema\/person\/image\/\",\"url\":\"https:\/\/vieassociative.be\/actualites\/wp-content\/uploads\/2024\/09\/vie-associative-1-150x150.jpg\",\"contentUrl\":\"https:\/\/vieassociative.be\/actualites\/wp-content\/uploads\/2024\/09\/vie-associative-1-150x150.jpg\",\"caption\":\"Julien\"},\"description\":\"Je suis Julien, r\u00e9dacteur pour Vie Associative. Passionn\u00e9 par le monde associatif depuis plus de 10 ans, j'ai \u00e0 c\u0153ur de partager des histoires inspirantes et de mettre en lumi\u00e8re les initiatives locales. Mon objectif est de sensibiliser et d'encourager l'engagement communautaire \u00e0 travers mes articles.\",\"sameAs\":[\"https:\/\/vieassociative.be\/\"]}]}<\/script>\n<!-- \/ Yoast SEO plugin. -->","yoast_head_json":{"title":"Ce t\u00e9l\u00e9viseur TCL QLED b\u00e9n\u00e9ficie actuellement d'une r\u00e9duction de plus de 200\u00a0$ | Vie Associative","robots":{"index":"index","follow":"follow","max-snippet":"max-snippet:-1","max-image-preview":"max-image-preview:large","max-video-preview":"max-video-preview:-1"},"canonical":"https:\/\/vieassociative.be\/actualites\/ce-televiseur-tcl-qled-beneficie-actuellement-dune-reduction-de-plus-de-200\/","og_locale":"fr_FR","og_type":"article","og_title":"Ce t\u00e9l\u00e9viseur TCL QLED b\u00e9n\u00e9ficie actuellement d'une r\u00e9duction de plus de 200\u00a0$ | Vie Associative","og_description":"Nous pouvons gagner une commission sur les liens sur cette page. Les prix et la disponibilit\u00e9 de l&rsquo;offre sont sujets \u00e0 changement apr\u00e8s la publication.","og_url":"https:\/\/vieassociative.be\/actualites\/ce-televiseur-tcl-qled-beneficie-actuellement-dune-reduction-de-plus-de-200\/","og_site_name":"Vie Associative","article_published_time":"2026-04-08T14:17:52+00:00","og_image":[{"url":"https:\/\/vieassociative.be\/actualites\/wp-content\/uploads\/2026\/04\/Ce-televiseur-TCL-QLED-beneficie-actuellement-dune-reduction-de-plus.jpg","type":"","width":"","height":""}],"author":"Julien","twitter_card":"summary_large_image","twitter_misc":{"\u00c9crit par":"Julien","Dur\u00e9e de lecture est.":"3 minutes"},"schema":{"@context":"https:\/\/schema.org","@graph":[{"@type":"Article","@id":"https:\/\/vieassociative.be\/actualites\/ce-televiseur-tcl-qled-beneficie-actuellement-dune-reduction-de-plus-de-200\/#article","isPartOf":{"@id":"https:\/\/vieassociative.be\/actualites\/ce-televiseur-tcl-qled-beneficie-actuellement-dune-reduction-de-plus-de-200\/"},"author":{"name":"Julien","@id":"https:\/\/vieassociative.be\/actualites\/#\/schema\/person\/b87ac4f82f9d4e7b7cec7395b679edc4"},"headline":"Ce t\u00e9l\u00e9viseur TCL QLED b\u00e9n\u00e9ficie actuellement d&rsquo;une r\u00e9duction de plus de 200\u00a0$","datePublished":"2026-04-08T14:17:52+00:00","dateModified":"2026-04-08T14:17:52+00:00","mainEntityOfPage":{"@id":"https:\/\/vieassociative.be\/actualites\/ce-televiseur-tcl-qled-beneficie-actuellement-dune-reduction-de-plus-de-200\/"},"wordCount":624,"publisher":{"@id":"https:\/\/vieassociative.be\/actualites\/#organization"},"image":{"@id":"https:\/\/vieassociative.be\/actualites\/ce-televiseur-tcl-qled-beneficie-actuellement-dune-reduction-de-plus-de-200\/#primaryimage"},"thumbnailUrl":"https:\/\/vieassociative.be\/actualites\/wp-content\/uploads\/2026\/04\/Ce-televiseur-TCL-QLED-beneficie-actuellement-dune-reduction-de-plus.png","keywords":["actuellement","b\u00e9n\u00e9ficie","dune","QLED","r\u00e9duction","TCL","t\u00e9l\u00e9viseur"],"articleSection":["Tvs"],"inLanguage":"fr-BE"},{"@type":"WebPage","@id":"https:\/\/vieassociative.be\/actualites\/ce-televiseur-tcl-qled-beneficie-actuellement-dune-reduction-de-plus-de-200\/","url":"https:\/\/vieassociative.be\/actualites\/ce-televiseur-tcl-qled-beneficie-actuellement-dune-reduction-de-plus-de-200\/","name":"Ce t\u00e9l\u00e9viseur TCL QLED b\u00e9n\u00e9ficie actuellement d'une r\u00e9duction de plus de 200\u00a0$ | Vie Associative","isPartOf":{"@id":"https:\/\/vieassociative.be\/actualites\/#website"},"primaryImageOfPage":{"@id":"https:\/\/vieassociative.be\/actualites\/ce-televiseur-tcl-qled-beneficie-actuellement-dune-reduction-de-plus-de-200\/#primaryimage"},"image":{"@id":"https:\/\/vieassociative.be\/actualites\/ce-televiseur-tcl-qled-beneficie-actuellement-dune-reduction-de-plus-de-200\/#primaryimage"},"thumbnailUrl":"https:\/\/vieassociative.be\/actualites\/wp-content\/uploads\/2026\/04\/Ce-televiseur-TCL-QLED-beneficie-actuellement-dune-reduction-de-plus.png","datePublished":"2026-04-08T14:17:52+00:00","dateModified":"2026-04-08T14:17:52+00:00","breadcrumb":{"@id":"https:\/\/vieassociative.be\/actualites\/ce-televiseur-tcl-qled-beneficie-actuellement-dune-reduction-de-plus-de-200\/#breadcrumb"},"inLanguage":"fr-BE","potentialAction":[{"@type":"ReadAction","target":["https:\/\/vieassociative.be\/actualites\/ce-televiseur-tcl-qled-beneficie-actuellement-dune-reduction-de-plus-de-200\/"]}]},{"@type":"ImageObject","inLanguage":"fr-BE","@id":"https:\/\/vieassociative.be\/actualites\/ce-televiseur-tcl-qled-beneficie-actuellement-dune-reduction-de-plus-de-200\/#primaryimage","url":"https:\/\/vieassociative.be\/actualites\/wp-content\/uploads\/2026\/04\/Ce-televiseur-TCL-QLED-beneficie-actuellement-dune-reduction-de-plus.png","contentUrl":"https:\/\/vieassociative.be\/actualites\/wp-content\/uploads\/2026\/04\/Ce-televiseur-TCL-QLED-beneficie-actuellement-dune-reduction-de-plus.png","width":1200,"height":675,"caption":"Ce t\u00e9l\u00e9viseur TCL QLED b\u00e9n\u00e9ficie actuellement d'une r\u00e9duction de plus de 200\u00a0$"},{"@type":"BreadcrumbList","@id":"https:\/\/vieassociative.be\/actualites\/ce-televiseur-tcl-qled-beneficie-actuellement-dune-reduction-de-plus-de-200\/#breadcrumb","itemListElement":[{"@type":"ListItem","position":1,"name":"Accueil","item":"https:\/\/vieassociative.be\/actualites\/"},{"@type":"ListItem","position":2,"name":"Ce t\u00e9l\u00e9viseur TCL QLED b\u00e9n\u00e9ficie actuellement d&rsquo;une r\u00e9duction de plus de 200\u00a0$"}]},{"@type":"WebSite","@id":"https:\/\/vieassociative.be\/actualites\/#website","url":"https:\/\/vieassociative.be\/actualites\/","name":"Vie Associative","description":"","publisher":{"@id":"https:\/\/vieassociative.be\/actualites\/#organization"},"potentialAction":[{"@type":"SearchAction","target":{"@type":"EntryPoint","urlTemplate":"https:\/\/vieassociative.be\/actualites\/?s={search_term_string}"},"query-input":{"@type":"PropertyValueSpecification","valueRequired":true,"valueName":"search_term_string"}}],"inLanguage":"fr-BE"},{"@type":"Organization","@id":"https:\/\/vieassociative.be\/actualites\/#organization","name":"Vie Associative","url":"https:\/\/vieassociative.be\/actualites\/","logo":{"@type":"ImageObject","inLanguage":"fr-BE","@id":"https:\/\/vieassociative.be\/actualites\/#\/schema\/logo\/image\/","url":"https:\/\/vieassociative.be\/actualites\/wp-content\/uploads\/2024\/09\/cropped-vieassociative_favicon.ico.png","contentUrl":"https:\/\/vieassociative.be\/actualites\/wp-content\/uploads\/2024\/09\/cropped-vieassociative_favicon.ico.png","width":512,"height":512,"caption":"Vie Associative"},"image":{"@id":"https:\/\/vieassociative.be\/actualites\/#\/schema\/logo\/image\/"}},{"@type":"Person","@id":"https:\/\/vieassociative.be\/actualites\/#\/schema\/person\/b87ac4f82f9d4e7b7cec7395b679edc4","name":"Julien","image":{"@type":"ImageObject","inLanguage":"fr-BE","@id":"https:\/\/vieassociative.be\/actualites\/#\/schema\/person\/image\/","url":"https:\/\/vieassociative.be\/actualites\/wp-content\/uploads\/2024\/09\/vie-associative-1-150x150.jpg","contentUrl":"https:\/\/vieassociative.be\/actualites\/wp-content\/uploads\/2024\/09\/vie-associative-1-150x150.jpg","caption":"Julien"},"description":"Je suis Julien, r\u00e9dacteur pour Vie Associative. Passionn\u00e9 par le monde associatif depuis plus de 10 ans, j'ai \u00e0 c\u0153ur de partager des histoires inspirantes et de mettre en lumi\u00e8re les initiatives locales. Mon objectif est de sensibiliser et d'encourager l'engagement communautaire \u00e0 travers mes articles.","sameAs":["https:\/\/vieassociative.be\/"]}]}},"_links":{"self":[{"href":"https:\/\/vieassociative.be\/actualites\/wp-json\/wp\/v2\/posts\/13361"}],"collection":[{"href":"https:\/\/vieassociative.be\/actualites\/wp-json\/wp\/v2\/posts"}],"about":[{"href":"https:\/\/vieassociative.be\/actualites\/wp-json\/wp\/v2\/types\/post"}],"author":[{"embeddable":true,"href":"https:\/\/vieassociative.be\/actualites\/wp-json\/wp\/v2\/users\/1"}],"replies":[{"embeddable":true,"href":"https:\/\/vieassociative.be\/actualites\/wp-json\/wp\/v2\/comments?post=13361"}],"version-history":[{"count":0,"href":"https:\/\/vieassociative.be\/actualites\/wp-json\/wp\/v2\/posts\/13361\/revisions"}],"wp:featuredmedia":[{"embeddable":true,"href":"https:\/\/vieassociative.be\/actualites\/wp-json\/wp\/v2\/media\/13362"}],"wp:attachment":[{"href":"https:\/\/vieassociative.be\/actualites\/wp-json\/wp\/v2\/media?parent=13361"}],"wp:term":[{"taxonomy":"category","embeddable":true,"href":"https:\/\/vieassociative.be\/actualites\/wp-json\/wp\/v2\/categories?post=13361"},{"taxonomy":"post_tag","embeddable":true,"href":"https:\/\/vieassociative.be\/actualites\/wp-json\/wp\/v2\/tags?post=13361"}],"curies":[{"name":"wp","href":"https:\/\/api.w.org\/{rel}","templated":true}]}}