{"id":13359,"date":"2026-04-08T11:17:24","date_gmt":"2026-04-08T09:17:24","guid":{"rendered":"https:\/\/vieassociative.be\/actualites\/les-etats-unis-et-liran-conviennent-dun-cessez-le-feu\/"},"modified":"2026-04-08T11:17:24","modified_gmt":"2026-04-08T09:17:24","slug":"les-etats-unis-et-liran-conviennent-dun-cessez-le-feu","status":"publish","type":"post","link":"https:\/\/vieassociative.be\/actualites\/les-etats-unis-et-liran-conviennent-dun-cessez-le-feu\/","title":{"rendered":"Les \u00c9tats-Unis et l&rsquo;Iran conviennent d&rsquo;un cessez-le-feu"},"content":{"rendered":"<p><strong>Peu avant l\u2019expiration de l\u2019ultimatum du pr\u00e9sident am\u00e9ricain Trump \u00e0 T\u00e9h\u00e9ran, les deux parties ont annonc\u00e9 un cessez-le-feu. Les prix du p\u00e9trole baissent consid\u00e9rablement. Une paix n\u00e9goci\u00e9e r\u00e9ussira-t-elle ?<\/strong><\/p>\n<p><span id=\"more-438287\"><\/span>L&rsquo;Iran et les \u00c9tats-Unis se sont mis d&rsquo;accord sur un cessez-le-feu de deux semaines et sur l&rsquo;ouverture du d\u00e9troit d&rsquo;Ormuz peu avant l&rsquo;expiration de l&rsquo;ultimatum du pr\u00e9sident am\u00e9ricain Donald Trump.<\/p>\n<p>Le Premier ministre pakistanais Shehbaz Sharif lui a demand\u00e9 de s&rsquo;abstenir de toute menace d&rsquo;attaque contre les centrales \u00e9lectriques iraniennes, a \u00e9crit Trump sur la plateforme Truth Social. Ils ont re\u00e7u une proposition en dix points de l\u2019Iran et estiment qu\u2019elle \u00ab fournit une base viable pour les n\u00e9gociations \u00bb. Le ministre iranien des Affaires \u00e9trang\u00e8res, Abbas Araghchi, a \u00e9crit dans un communiqu\u00e9 que le trafic maritime dans le d\u00e9troit, important pour le commerce mondial du p\u00e9trole, serait \u00e0 nouveau possible.<\/p>\n<\/p>\n<div id=\"attachment_438290\" class=\"wp-caption alignleft\" style=\"max-width: 300px\"><img fetchpriority=\"high\" decoding=\"async\" class=\"wp-image-438290 size-medium\" src=\"https:\/\/vieassociative.be\/actualites\/wp-content\/uploads\/2026\/04\/Les-Etats-Unis-et-lIran-conviennent-dun-cessez-le-feu.jpg\" alt=\"\" width=\"300\" height=\"169\"><\/div>\n<p><strong>\u2013 Les prix du p\u00e9trole baissent significativement :<\/strong> Les prix du p\u00e9trole ont chut\u00e9 de mani\u00e8re significative en r\u00e9ponse \u00e0 l&rsquo;accord, et les cours boursiers en Asie ont fortement augment\u00e9. Trump avait menac\u00e9 d&rsquo;attaquer le secteur \u00e9nerg\u00e9tique iranien et les infrastructures telles que les ponts si un accord et l&rsquo;ouverture du d\u00e9troit d&rsquo;Ormuz n&rsquo;\u00e9taient pas conclus d&rsquo;ici 2 heures du matin aujourd&rsquo;hui. \u00ab Une civilisation enti\u00e8re va p\u00e9rir ce soir, pour ne jamais revenir \u00bb, a m\u00eame pr\u00e9venu le pr\u00e9sident am\u00e9ricain. Environ 90 minutes avant l\u2019expiration de son ultimatum, il a annonc\u00e9 un cessez-le-feu de deux semaines.<\/p>\n<p>Dans la capitale iranienne, T\u00e9h\u00e9ran, de nombreuses personnes sont descendues dans les rues la nuit. Des partisans du gouvernement en liesse se sont rassembl\u00e9s sur la place de la R\u00e9volution, dans le centre-ville, comme l&rsquo;a rapport\u00e9 la cha\u00eene iranienne SNN TV. Trump a c\u00e9d\u00e9 aux exigences iraniennes, a d\u00e9clar\u00e9 le journaliste de la cha\u00eene, proche des milices paramilitaires Basij.<\/p>\n<p>Les Nations Unies ont appel\u00e9 les parties bellig\u00e9rantes \u00e0 respecter le cessez-le-feu. Cela est n\u00e9cessaire \u00ab pour ouvrir la voie \u00e0 une paix durable et globale dans la r\u00e9gion \u00bb, a d\u00e9clar\u00e9 le porte-parole du secr\u00e9taire g\u00e9n\u00e9ral de l\u2019ONU, Ant\u00f3nio Guterres. Certains hauts responsables politiques am\u00e9ricains ont r\u00e9agi avec prudence. \u00ab\u00a0Un cessez-le-feu est une bonne nouvelle, mais uniquement parce que cette guerre insens\u00e9e doit prendre fin le plus rapidement possible\u00a0\u00bb, a \u00e9crit le s\u00e9nateur d\u00e9mocrate Richard Blumenthal sur X. \u00ab\u00a0Un cessez-le-feu n&rsquo;est pas une victoire pour le peuple am\u00e9ricain\u00a0\u00bb, a-t-il ajout\u00e9.<\/p>\n<p><strong>\u2013 N\u00e9gociations vendredi \u00e0 Islamabad :<\/strong> Selon le m\u00e9diateur pakistanais, le cessez-le-feu entre en vigueur imm\u00e9diatement. Le Premier ministre Sharif a invit\u00e9 vendredi les d\u00e9l\u00e9gations am\u00e9ricaine et iranienne \u00e0 Islamabad, la capitale, pour de nouvelles discussions, o\u00f9 elles devraient n\u00e9gocier un accord final pour r\u00e9soudre le conflit.<\/p>\n<div id=\"attachment_438291\" class=\"wp-caption alignleft\" style=\"max-width: 300px\"><img decoding=\"async\" class=\"wp-image-438291 size-medium\" src=\"https:\/\/vieassociative.be\/actualites\/wp-content\/uploads\/2026\/04\/1775639843_342_Les-Etats-Unis-et-lIran-conviennent-dun-cessez-le-feu.jpg\" alt=\"\" width=\"300\" height=\"200\"><\/div>\n<p>Pendant ce temps, Isra\u00ebl a continu\u00e9 de subir des tirs de roquettes iraniennes, m\u00eame apr\u00e8s l\u2019annonce du cessez-le-feu dans la nuit. Dans la ville de Tel Sheva, trois mineurs ont \u00e9t\u00e9 l\u00e9g\u00e8rement bless\u00e9s par des armes \u00e0 sous-munitions iraniennes, selon les services d&rsquo;urgence. Des impacts ont \u00e9galement \u00e9t\u00e9 signal\u00e9s \u00e0 Petah Tikva et \u00e0 Bnei Brak, comme l&rsquo;a rapport\u00e9 le site d&rsquo;information \u00ab ynet \u00bb. Des explosions isol\u00e9es ont \u00e9galement \u00e9t\u00e9 signal\u00e9es dans l&rsquo;ouest de l&rsquo;Iran.<\/p>\n<p><strong>\u2013 Selon Isra\u00ebl, l\u2019Iran ne doit plus constituer une menace :<\/strong> Isra\u00ebl soutient la d\u00e9cision de Trump, a d\u00e9clar\u00e9 le Premier ministre isra\u00e9lien Benjamin Netanyahu. Le cessez-le-feu de deux semaines ne s&rsquo;applique pas au Liban, a-t-il expliqu\u00e9, selon un communiqu\u00e9 de son bureau. Le Premier ministre pakistanais Sharif, quant \u00e0 lui, a \u00e9crit sur X que cela s&rsquo;applique \u00e9galement au Liban. Depuis le d\u00e9but de la guerre, la milice du Hezbollah, alli\u00e9e de l\u2019Iran, tire \u00e0 nouveau sur Isra\u00ebl. Depuis lors, l\u2019arm\u00e9e isra\u00e9lienne a massivement attaqu\u00e9 les milices.<\/p>\n<p>Isra\u00ebl soutient \u00e9galement les efforts am\u00e9ricains pour garantir que l&rsquo;Iran ne repr\u00e9sente plus une menace nucl\u00e9aire, balistique et terroriste pour l&rsquo;Am\u00e9rique, Isra\u00ebl, les voisins arabes de l&rsquo;Iran et le monde, a d\u00e9clar\u00e9 Netanyahu. Les \u00c9tats-Unis ont inform\u00e9 Isra\u00ebl qu&rsquo;ils s&rsquo;efforceraient d&rsquo;atteindre ces objectifs communs lors des prochaines n\u00e9gociations, a-t-il d\u00e9clar\u00e9.<\/p>\n<p><strong>\u2013 La proposition iranienne en dix points :<\/strong> Selon la porte-parole du gouvernement am\u00e9ricain, Karoline Leavitt, la proposition iranienne en dix points visant \u00e0 mettre fin \u00e0 la guerre constitue la base des n\u00e9gociations \u00e0 venir. Le gouvernement iranien n\u2019a pas encore officiellement rendu publiques les exigences qui y sont \u00e9num\u00e9r\u00e9es.<\/p>\n<p>Selon l&rsquo;agence de presse Tasnim, la guerre devrait prendre fin sur tous les fronts, y compris au Liban. L\u2019Iran devrait donc conserver le contr\u00f4le du d\u00e9troit d\u2019Ormuz et \u00eatre autoris\u00e9 \u00e0 enrichir de l\u2019uranium. \u00c0 cela s\u2019ajoute la lev\u00e9e des sanctions internationales et des mesures punitives du Conseil de s\u00e9curit\u00e9 de l\u2019ONU.<\/p>\n<p>Il a \u00e9galement \u00e9t\u00e9 dit que des r\u00e9parations de guerre et un retrait des forces am\u00e9ricaines de la r\u00e9gion seraient exig\u00e9s. L&rsquo;agence de presse Fars, \u00e9galement proche des Gardiens de la R\u00e9volution, revient \u00e9galement sur ces dix points. Vos informations correspondent en grande partie au rapport de Tasnim. Cependant, leur rapport indique \u00e9galement qu&rsquo;en vertu de ce plan, l&rsquo;Iran s&rsquo;engagerait \u00e0 ne jamais produire d&rsquo;armes nucl\u00e9aires. L\u2019enrichissement de l\u2019uranium devrait donc \u00eatre limit\u00e9 apr\u00e8s n\u00e9gociations. T\u00e9h\u00e9ran a \u00e9galement accept\u00e9 de discuter d&rsquo;accords de paix avec d&rsquo;autres pays de la r\u00e9gion, indique le communiqu\u00e9.<\/p>\n<div id=\"attachment_438159\" class=\"wp-caption alignleft\" style=\"max-width: 300px\"><img decoding=\"async\" class=\"wp-image-438159 size-medium\" src=\"https:\/\/vieassociative.be\/actualites\/wp-content\/uploads\/2026\/04\/1775639844_307_Les-Etats-Unis-et-lIran-conviennent-dun-cessez-le-feu.jpg\" alt=\"\" width=\"300\" height=\"200\"><\/div>\n<p>Le Times of Israel a cit\u00e9 un haut responsable isra\u00e9lien qui aurait d\u00e9clar\u00e9 que l&rsquo;Iran \u00e9tait en train d&rsquo;ouvrir le d\u00e9troit d&rsquo;Ormuz sans qu&rsquo;aucune de ses demandes ait \u00e9t\u00e9 satisfaite au pr\u00e9alable. En cons\u00e9quence, Isra\u00ebl s\u2019\u00e9tait coordonn\u00e9 \u00e0 l\u2019avance avec les \u00c9tats-Unis concernant le cessez-le-feu. Le ministre iranien des Affaires \u00e9trang\u00e8res, Araghchi, a \u00e9crit que le trafic maritime dans le d\u00e9troit serait rendu possible en coordination avec les forces arm\u00e9es du pays et en tenant compte des restrictions techniques.<\/p>\n<p><strong>\u2013 Le secr\u00e9taire g\u00e9n\u00e9ral de l\u2019OTAN, Mark Rutte, \u00e0 la Maison Blanche :<\/strong> L&rsquo;accord de cessez-le-feu dans la guerre en Iran, initi\u00e9 conjointement par les \u00c9tats-Unis et Isra\u00ebl le 28 f\u00e9vrier, est intervenu peu avant que Trump ne rencontre aujourd&rsquo;hui le secr\u00e9taire g\u00e9n\u00e9ral de l&rsquo;OTAN, Mark Rutte, \u00e0 la Maison Blanche. La conversation portera probablement \u00e9galement sur les vives critiques de Trump \u00e0 l\u2019\u00e9gard de l\u2019alliance. Il avait tent\u00e9 de faire pression sur les alli\u00e9s de l\u2019OTAN pour qu\u2019ils aident les \u00c9tats-Unis \u00e0 s\u00e9curiser le d\u00e9troit d\u2019Ormuz. Il a d\u00e9clar\u00e9 au Financial Times que, sans cela, l\u2019avenir de l\u2019OTAN serait sombre.<\/p>\n<p>Lorsque l\u2019aide ne s\u2019est pas concr\u00e9tis\u00e9e, Trump a d\u00e9nonc\u00e9 l\u2019alliance comme un tigre \u00e9dent\u00e9. Il a d\u00e9clar\u00e9 au British Telegraph qu&rsquo;il y avait peu de d\u00e9bats sur la n\u00e9cessit\u00e9 de reconsid\u00e9rer l&rsquo;adh\u00e9sion des \u00c9tats-Unis apr\u00e8s la fin de la guerre. (dpa)<\/p>\n","protected":false},"excerpt":{"rendered":"<p>Peu avant l\u2019expiration de l\u2019ultimatum du pr\u00e9sident am\u00e9ricain Trump \u00e0 T\u00e9h\u00e9ran, les deux parties ont annonc\u00e9 un cessez-le-feu. Les prix du p\u00e9trole baissent consid\u00e9rablement. Une<\/p>\n","protected":false},"author":1,"featured_media":13360,"comment_status":"","ping_status":"","sticky":false,"template":"","format":"standard","meta":{"footnotes":""},"categories":[298],"tags":[4754,5561,354,290,14,7426],"class_list":["post-13359","post","type-post","status-publish","format-standard","has-post-thumbnail","hentry","category-belgique","tag-cessezlefeu","tag-conviennent","tag-dun","tag-etatsunis","tag-les","tag-liran","generate-columns","tablet-grid-50","mobile-grid-100","grid-parent","grid-33"],"yoast_head":"<!-- This site is optimized with the Yoast SEO plugin v24.0 - https:\/\/yoast.com\/wordpress\/plugins\/seo\/ -->\n<title>Les \u00c9tats-Unis et l&#039;Iran conviennent d&#039;un cessez-le-feu | Vie Associative<\/title>\n<meta name=\"robots\" content=\"index, follow, max-snippet:-1, max-image-preview:large, max-video-preview:-1\" \/>\n<link rel=\"canonical\" href=\"https:\/\/vieassociative.be\/actualites\/les-etats-unis-et-liran-conviennent-dun-cessez-le-feu\/\" \/>\n<meta property=\"og:locale\" content=\"fr_FR\" \/>\n<meta property=\"og:type\" content=\"article\" \/>\n<meta property=\"og:title\" content=\"Les \u00c9tats-Unis et l&#039;Iran conviennent d&#039;un cessez-le-feu | Vie Associative\" \/>\n<meta property=\"og:description\" content=\"Peu avant l\u2019expiration de l\u2019ultimatum du pr\u00e9sident am\u00e9ricain Trump \u00e0 T\u00e9h\u00e9ran, les deux parties ont annonc\u00e9 un cessez-le-feu. Les prix du p\u00e9trole baissent consid\u00e9rablement. Une\" \/>\n<meta property=\"og:url\" content=\"https:\/\/vieassociative.be\/actualites\/les-etats-unis-et-liran-conviennent-dun-cessez-le-feu\/\" \/>\n<meta property=\"og:site_name\" content=\"Vie Associative\" \/>\n<meta property=\"article:published_time\" content=\"2026-04-08T09:17:24+00:00\" \/>\n<meta property=\"og:image\" content=\"https:\/\/vieassociative.be\/actualites\/wp-content\/uploads\/2024\/09\/header_backgroundk-01-e1726694325946.png\" \/>\n\t<meta property=\"og:image:width\" content=\"279\" \/>\n\t<meta property=\"og:image:height\" content=\"92\" \/>\n\t<meta property=\"og:image:type\" content=\"image\/png\" \/>\n<meta name=\"author\" content=\"Julien\" \/>\n<meta name=\"twitter:card\" content=\"summary_large_image\" \/>\n<meta name=\"twitter:label1\" content=\"\u00c9crit par\" \/>\n\t<meta name=\"twitter:data1\" content=\"Julien\" \/>\n\t<meta name=\"twitter:label2\" content=\"Dur\u00e9e de lecture est.\" \/>\n\t<meta name=\"twitter:data2\" content=\"6 minutes\" \/>\n<script type=\"application\/ld+json\" class=\"yoast-schema-graph\">{\"@context\":\"https:\/\/schema.org\",\"@graph\":[{\"@type\":\"Article\",\"@id\":\"https:\/\/vieassociative.be\/actualites\/les-etats-unis-et-liran-conviennent-dun-cessez-le-feu\/#article\",\"isPartOf\":{\"@id\":\"https:\/\/vieassociative.be\/actualites\/les-etats-unis-et-liran-conviennent-dun-cessez-le-feu\/\"},\"author\":{\"name\":\"Julien\",\"@id\":\"https:\/\/vieassociative.be\/actualites\/#\/schema\/person\/b87ac4f82f9d4e7b7cec7395b679edc4\"},\"headline\":\"Les \u00c9tats-Unis et l&rsquo;Iran conviennent d&rsquo;un cessez-le-feu\",\"datePublished\":\"2026-04-08T09:17:24+00:00\",\"dateModified\":\"2026-04-08T09:17:24+00:00\",\"mainEntityOfPage\":{\"@id\":\"https:\/\/vieassociative.be\/actualites\/les-etats-unis-et-liran-conviennent-dun-cessez-le-feu\/\"},\"wordCount\":1244,\"publisher\":{\"@id\":\"https:\/\/vieassociative.be\/actualites\/#organization\"},\"image\":{\"@id\":\"https:\/\/vieassociative.be\/actualites\/les-etats-unis-et-liran-conviennent-dun-cessez-le-feu\/#primaryimage\"},\"thumbnailUrl\":\"https:\/\/vieassociative.be\/actualites\/wp-content\/uploads\/2026\/04\/1775639845_Les-Etats-Unis-et-lIran-conviennent-dun-cessez-le-feu.jpg\",\"keywords\":[\"cessezlefeu\",\"conviennent\",\"dun\",\"\u00c9tatsUnis\",\"Les\",\"lIran\"],\"articleSection\":[\"Belgique\"],\"inLanguage\":\"fr-BE\"},{\"@type\":\"WebPage\",\"@id\":\"https:\/\/vieassociative.be\/actualites\/les-etats-unis-et-liran-conviennent-dun-cessez-le-feu\/\",\"url\":\"https:\/\/vieassociative.be\/actualites\/les-etats-unis-et-liran-conviennent-dun-cessez-le-feu\/\",\"name\":\"Les \u00c9tats-Unis et l'Iran conviennent d'un cessez-le-feu | Vie Associative\",\"isPartOf\":{\"@id\":\"https:\/\/vieassociative.be\/actualites\/#website\"},\"primaryImageOfPage\":{\"@id\":\"https:\/\/vieassociative.be\/actualites\/les-etats-unis-et-liran-conviennent-dun-cessez-le-feu\/#primaryimage\"},\"image\":{\"@id\":\"https:\/\/vieassociative.be\/actualites\/les-etats-unis-et-liran-conviennent-dun-cessez-le-feu\/#primaryimage\"},\"thumbnailUrl\":\"https:\/\/vieassociative.be\/actualites\/wp-content\/uploads\/2026\/04\/1775639845_Les-Etats-Unis-et-lIran-conviennent-dun-cessez-le-feu.jpg\",\"datePublished\":\"2026-04-08T09:17:24+00:00\",\"dateModified\":\"2026-04-08T09:17:24+00:00\",\"breadcrumb\":{\"@id\":\"https:\/\/vieassociative.be\/actualites\/les-etats-unis-et-liran-conviennent-dun-cessez-le-feu\/#breadcrumb\"},\"inLanguage\":\"fr-BE\",\"potentialAction\":[{\"@type\":\"ReadAction\",\"target\":[\"https:\/\/vieassociative.be\/actualites\/les-etats-unis-et-liran-conviennent-dun-cessez-le-feu\/\"]}]},{\"@type\":\"ImageObject\",\"inLanguage\":\"fr-BE\",\"@id\":\"https:\/\/vieassociative.be\/actualites\/les-etats-unis-et-liran-conviennent-dun-cessez-le-feu\/#primaryimage\",\"url\":\"https:\/\/vieassociative.be\/actualites\/wp-content\/uploads\/2026\/04\/1775639845_Les-Etats-Unis-et-lIran-conviennent-dun-cessez-le-feu.jpg\",\"contentUrl\":\"https:\/\/vieassociative.be\/actualites\/wp-content\/uploads\/2026\/04\/1775639845_Les-Etats-Unis-et-lIran-conviennent-dun-cessez-le-feu.jpg\",\"width\":1200,\"height\":800,\"caption\":\"Les \u00c9tats-Unis et l'Iran conviennent d'un cessez-le-feu\"},{\"@type\":\"BreadcrumbList\",\"@id\":\"https:\/\/vieassociative.be\/actualites\/les-etats-unis-et-liran-conviennent-dun-cessez-le-feu\/#breadcrumb\",\"itemListElement\":[{\"@type\":\"ListItem\",\"position\":1,\"name\":\"Accueil\",\"item\":\"https:\/\/vieassociative.be\/actualites\/\"},{\"@type\":\"ListItem\",\"position\":2,\"name\":\"Les \u00c9tats-Unis et l&rsquo;Iran conviennent d&rsquo;un cessez-le-feu\"}]},{\"@type\":\"WebSite\",\"@id\":\"https:\/\/vieassociative.be\/actualites\/#website\",\"url\":\"https:\/\/vieassociative.be\/actualites\/\",\"name\":\"Vie Associative\",\"description\":\"\",\"publisher\":{\"@id\":\"https:\/\/vieassociative.be\/actualites\/#organization\"},\"potentialAction\":[{\"@type\":\"SearchAction\",\"target\":{\"@type\":\"EntryPoint\",\"urlTemplate\":\"https:\/\/vieassociative.be\/actualites\/?s={search_term_string}\"},\"query-input\":{\"@type\":\"PropertyValueSpecification\",\"valueRequired\":true,\"valueName\":\"search_term_string\"}}],\"inLanguage\":\"fr-BE\"},{\"@type\":\"Organization\",\"@id\":\"https:\/\/vieassociative.be\/actualites\/#organization\",\"name\":\"Vie Associative\",\"url\":\"https:\/\/vieassociative.be\/actualites\/\",\"logo\":{\"@type\":\"ImageObject\",\"inLanguage\":\"fr-BE\",\"@id\":\"https:\/\/vieassociative.be\/actualites\/#\/schema\/logo\/image\/\",\"url\":\"https:\/\/vieassociative.be\/actualites\/wp-content\/uploads\/2024\/09\/cropped-vieassociative_favicon.ico.png\",\"contentUrl\":\"https:\/\/vieassociative.be\/actualites\/wp-content\/uploads\/2024\/09\/cropped-vieassociative_favicon.ico.png\",\"width\":512,\"height\":512,\"caption\":\"Vie Associative\"},\"image\":{\"@id\":\"https:\/\/vieassociative.be\/actualites\/#\/schema\/logo\/image\/\"}},{\"@type\":\"Person\",\"@id\":\"https:\/\/vieassociative.be\/actualites\/#\/schema\/person\/b87ac4f82f9d4e7b7cec7395b679edc4\",\"name\":\"Julien\",\"image\":{\"@type\":\"ImageObject\",\"inLanguage\":\"fr-BE\",\"@id\":\"https:\/\/vieassociative.be\/actualites\/#\/schema\/person\/image\/\",\"url\":\"https:\/\/vieassociative.be\/actualites\/wp-content\/uploads\/2024\/09\/vie-associative-1-150x150.jpg\",\"contentUrl\":\"https:\/\/vieassociative.be\/actualites\/wp-content\/uploads\/2024\/09\/vie-associative-1-150x150.jpg\",\"caption\":\"Julien\"},\"description\":\"Je suis Julien, r\u00e9dacteur pour Vie Associative. Passionn\u00e9 par le monde associatif depuis plus de 10 ans, j'ai \u00e0 c\u0153ur de partager des histoires inspirantes et de mettre en lumi\u00e8re les initiatives locales. Mon objectif est de sensibiliser et d'encourager l'engagement communautaire \u00e0 travers mes articles.\",\"sameAs\":[\"https:\/\/vieassociative.be\/\"]}]}<\/script>\n<!-- \/ Yoast SEO plugin. -->","yoast_head_json":{"title":"Les \u00c9tats-Unis et l'Iran conviennent d'un cessez-le-feu | Vie Associative","robots":{"index":"index","follow":"follow","max-snippet":"max-snippet:-1","max-image-preview":"max-image-preview:large","max-video-preview":"max-video-preview:-1"},"canonical":"https:\/\/vieassociative.be\/actualites\/les-etats-unis-et-liran-conviennent-dun-cessez-le-feu\/","og_locale":"fr_FR","og_type":"article","og_title":"Les \u00c9tats-Unis et l'Iran conviennent d'un cessez-le-feu | Vie Associative","og_description":"Peu avant l\u2019expiration de l\u2019ultimatum du pr\u00e9sident am\u00e9ricain Trump \u00e0 T\u00e9h\u00e9ran, les deux parties ont annonc\u00e9 un cessez-le-feu. Les prix du p\u00e9trole baissent consid\u00e9rablement. Une","og_url":"https:\/\/vieassociative.be\/actualites\/les-etats-unis-et-liran-conviennent-dun-cessez-le-feu\/","og_site_name":"Vie Associative","article_published_time":"2026-04-08T09:17:24+00:00","og_image":[{"width":279,"height":92,"url":"https:\/\/vieassociative.be\/actualites\/wp-content\/uploads\/2024\/09\/header_backgroundk-01-e1726694325946.png","type":"image\/png"}],"author":"Julien","twitter_card":"summary_large_image","twitter_misc":{"\u00c9crit par":"Julien","Dur\u00e9e de lecture est.":"6 minutes"},"schema":{"@context":"https:\/\/schema.org","@graph":[{"@type":"Article","@id":"https:\/\/vieassociative.be\/actualites\/les-etats-unis-et-liran-conviennent-dun-cessez-le-feu\/#article","isPartOf":{"@id":"https:\/\/vieassociative.be\/actualites\/les-etats-unis-et-liran-conviennent-dun-cessez-le-feu\/"},"author":{"name":"Julien","@id":"https:\/\/vieassociative.be\/actualites\/#\/schema\/person\/b87ac4f82f9d4e7b7cec7395b679edc4"},"headline":"Les \u00c9tats-Unis et l&rsquo;Iran conviennent d&rsquo;un cessez-le-feu","datePublished":"2026-04-08T09:17:24+00:00","dateModified":"2026-04-08T09:17:24+00:00","mainEntityOfPage":{"@id":"https:\/\/vieassociative.be\/actualites\/les-etats-unis-et-liran-conviennent-dun-cessez-le-feu\/"},"wordCount":1244,"publisher":{"@id":"https:\/\/vieassociative.be\/actualites\/#organization"},"image":{"@id":"https:\/\/vieassociative.be\/actualites\/les-etats-unis-et-liran-conviennent-dun-cessez-le-feu\/#primaryimage"},"thumbnailUrl":"https:\/\/vieassociative.be\/actualites\/wp-content\/uploads\/2026\/04\/1775639845_Les-Etats-Unis-et-lIran-conviennent-dun-cessez-le-feu.jpg","keywords":["cessezlefeu","conviennent","dun","\u00c9tatsUnis","Les","lIran"],"articleSection":["Belgique"],"inLanguage":"fr-BE"},{"@type":"WebPage","@id":"https:\/\/vieassociative.be\/actualites\/les-etats-unis-et-liran-conviennent-dun-cessez-le-feu\/","url":"https:\/\/vieassociative.be\/actualites\/les-etats-unis-et-liran-conviennent-dun-cessez-le-feu\/","name":"Les \u00c9tats-Unis et l'Iran conviennent d'un cessez-le-feu | Vie Associative","isPartOf":{"@id":"https:\/\/vieassociative.be\/actualites\/#website"},"primaryImageOfPage":{"@id":"https:\/\/vieassociative.be\/actualites\/les-etats-unis-et-liran-conviennent-dun-cessez-le-feu\/#primaryimage"},"image":{"@id":"https:\/\/vieassociative.be\/actualites\/les-etats-unis-et-liran-conviennent-dun-cessez-le-feu\/#primaryimage"},"thumbnailUrl":"https:\/\/vieassociative.be\/actualites\/wp-content\/uploads\/2026\/04\/1775639845_Les-Etats-Unis-et-lIran-conviennent-dun-cessez-le-feu.jpg","datePublished":"2026-04-08T09:17:24+00:00","dateModified":"2026-04-08T09:17:24+00:00","breadcrumb":{"@id":"https:\/\/vieassociative.be\/actualites\/les-etats-unis-et-liran-conviennent-dun-cessez-le-feu\/#breadcrumb"},"inLanguage":"fr-BE","potentialAction":[{"@type":"ReadAction","target":["https:\/\/vieassociative.be\/actualites\/les-etats-unis-et-liran-conviennent-dun-cessez-le-feu\/"]}]},{"@type":"ImageObject","inLanguage":"fr-BE","@id":"https:\/\/vieassociative.be\/actualites\/les-etats-unis-et-liran-conviennent-dun-cessez-le-feu\/#primaryimage","url":"https:\/\/vieassociative.be\/actualites\/wp-content\/uploads\/2026\/04\/1775639845_Les-Etats-Unis-et-lIran-conviennent-dun-cessez-le-feu.jpg","contentUrl":"https:\/\/vieassociative.be\/actualites\/wp-content\/uploads\/2026\/04\/1775639845_Les-Etats-Unis-et-lIran-conviennent-dun-cessez-le-feu.jpg","width":1200,"height":800,"caption":"Les \u00c9tats-Unis et l'Iran conviennent d'un cessez-le-feu"},{"@type":"BreadcrumbList","@id":"https:\/\/vieassociative.be\/actualites\/les-etats-unis-et-liran-conviennent-dun-cessez-le-feu\/#breadcrumb","itemListElement":[{"@type":"ListItem","position":1,"name":"Accueil","item":"https:\/\/vieassociative.be\/actualites\/"},{"@type":"ListItem","position":2,"name":"Les \u00c9tats-Unis et l&rsquo;Iran conviennent d&rsquo;un cessez-le-feu"}]},{"@type":"WebSite","@id":"https:\/\/vieassociative.be\/actualites\/#website","url":"https:\/\/vieassociative.be\/actualites\/","name":"Vie Associative","description":"","publisher":{"@id":"https:\/\/vieassociative.be\/actualites\/#organization"},"potentialAction":[{"@type":"SearchAction","target":{"@type":"EntryPoint","urlTemplate":"https:\/\/vieassociative.be\/actualites\/?s={search_term_string}"},"query-input":{"@type":"PropertyValueSpecification","valueRequired":true,"valueName":"search_term_string"}}],"inLanguage":"fr-BE"},{"@type":"Organization","@id":"https:\/\/vieassociative.be\/actualites\/#organization","name":"Vie Associative","url":"https:\/\/vieassociative.be\/actualites\/","logo":{"@type":"ImageObject","inLanguage":"fr-BE","@id":"https:\/\/vieassociative.be\/actualites\/#\/schema\/logo\/image\/","url":"https:\/\/vieassociative.be\/actualites\/wp-content\/uploads\/2024\/09\/cropped-vieassociative_favicon.ico.png","contentUrl":"https:\/\/vieassociative.be\/actualites\/wp-content\/uploads\/2024\/09\/cropped-vieassociative_favicon.ico.png","width":512,"height":512,"caption":"Vie Associative"},"image":{"@id":"https:\/\/vieassociative.be\/actualites\/#\/schema\/logo\/image\/"}},{"@type":"Person","@id":"https:\/\/vieassociative.be\/actualites\/#\/schema\/person\/b87ac4f82f9d4e7b7cec7395b679edc4","name":"Julien","image":{"@type":"ImageObject","inLanguage":"fr-BE","@id":"https:\/\/vieassociative.be\/actualites\/#\/schema\/person\/image\/","url":"https:\/\/vieassociative.be\/actualites\/wp-content\/uploads\/2024\/09\/vie-associative-1-150x150.jpg","contentUrl":"https:\/\/vieassociative.be\/actualites\/wp-content\/uploads\/2024\/09\/vie-associative-1-150x150.jpg","caption":"Julien"},"description":"Je suis Julien, r\u00e9dacteur pour Vie Associative. Passionn\u00e9 par le monde associatif depuis plus de 10 ans, j'ai \u00e0 c\u0153ur de partager des histoires inspirantes et de mettre en lumi\u00e8re les initiatives locales. Mon objectif est de sensibiliser et d'encourager l'engagement communautaire \u00e0 travers mes articles.","sameAs":["https:\/\/vieassociative.be\/"]}]}},"_links":{"self":[{"href":"https:\/\/vieassociative.be\/actualites\/wp-json\/wp\/v2\/posts\/13359"}],"collection":[{"href":"https:\/\/vieassociative.be\/actualites\/wp-json\/wp\/v2\/posts"}],"about":[{"href":"https:\/\/vieassociative.be\/actualites\/wp-json\/wp\/v2\/types\/post"}],"author":[{"embeddable":true,"href":"https:\/\/vieassociative.be\/actualites\/wp-json\/wp\/v2\/users\/1"}],"replies":[{"embeddable":true,"href":"https:\/\/vieassociative.be\/actualites\/wp-json\/wp\/v2\/comments?post=13359"}],"version-history":[{"count":0,"href":"https:\/\/vieassociative.be\/actualites\/wp-json\/wp\/v2\/posts\/13359\/revisions"}],"wp:featuredmedia":[{"embeddable":true,"href":"https:\/\/vieassociative.be\/actualites\/wp-json\/wp\/v2\/media\/13360"}],"wp:attachment":[{"href":"https:\/\/vieassociative.be\/actualites\/wp-json\/wp\/v2\/media?parent=13359"}],"wp:term":[{"taxonomy":"category","embeddable":true,"href":"https:\/\/vieassociative.be\/actualites\/wp-json\/wp\/v2\/categories?post=13359"},{"taxonomy":"post_tag","embeddable":true,"href":"https:\/\/vieassociative.be\/actualites\/wp-json\/wp\/v2\/tags?post=13359"}],"curies":[{"name":"wp","href":"https:\/\/api.w.org\/{rel}","templated":true}]}}