{"id":13357,"date":"2026-04-08T10:19:43","date_gmt":"2026-04-08T08:19:43","guid":{"rendered":"https:\/\/vieassociative.be\/actualites\/voici-a-quoi-sattendre-lors-de-la-vente-spring-black-friday-de-home-depot-qui-commence-cette-semaine\/"},"modified":"2026-04-08T10:19:43","modified_gmt":"2026-04-08T08:19:43","slug":"voici-a-quoi-sattendre-lors-de-la-vente-spring-black-friday-de-home-depot-qui-commence-cette-semaine","status":"publish","type":"post","link":"https:\/\/vieassociative.be\/actualites\/voici-a-quoi-sattendre-lors-de-la-vente-spring-black-friday-de-home-depot-qui-commence-cette-semaine\/","title":{"rendered":"Voici \u00e0 quoi s&rsquo;attendre lors de la vente \u00ab Spring Black Friday \u00bb de Home Depot qui commence cette semaine"},"content":{"rendered":"<p>Nous pouvons gagner une commission sur les liens sur cette page. Les prix et la disponibilit\u00e9 de l&rsquo;offre sont sujets \u00e0 changement apr\u00e8s la publication.<\/p>\n<p>Contrairement \u00e0 Best Buy, Walmart et Target, Home Depot a d\u00e9cid\u00e9 de ne pas concurrencer Amazon lors de sa grande vente annuelle de printemps ; au lieu de cela, cela a dur\u00e9 quelques semaines, de sorte que la vente est sur le point d&rsquo;avoir lieu bient\u00f4t. Si vous n&rsquo;avez toujours pas termin\u00e9 vos achats du printemps, voici une autre chance d&rsquo;acheter des articles cl\u00e9s comme des outils \u00e9lectriques, des meubles de patio, des grils et bien plus encore, le tout \u00e0 prix r\u00e9duit.<\/p>\n<h2 id=\"when-will-the-home-depot-spring-black-friday-sale-take-place\">Quand aura lieu la \u00ab Spring Black Friday Sale \u00bb de Home Depot ?<\/h2>\n<p>La \u00ab Spring Black Friday Sale \u00bb de Home Depot se d\u00e9roulera sur 14 jours, \u00e0 partir de ce jeudi 9 avril et jusqu&rsquo;au mercredi 22 avril. La vente se d\u00e9roule au d\u00e9but du printemps depuis le d\u00e9but des ann\u00e9es 2010. <\/p>\n<h2 id=\"what-can-i-expect-during-home-depots-spring-black-friday-sale\">\u00c0 quoi puis-je m&rsquo;attendre lors de la vente du Black Friday du printemps de Home Depot\u00a0?<\/h2>\n<p>Home Depot affirme qu&rsquo;il conclura des offres dans des cat\u00e9gories cl\u00e9s de printemps, notamment les outils \u00e9lectriques, la pelouse et le jardin, la terrasse, les grils et plus encore. Voici ce que Home Depot a partag\u00e9 jusqu\u2019\u00e0 pr\u00e9sent\u00a0:<\/p>\n<ul>\n<li>\n<p><strong>Pelouse et jardin<\/strong>: Offres sur les \u00e9quipements \u00e9lectriques ext\u00e9rieurs, les plantes, les fleurs, le paillis, les mauvaises herbes et les d\u00e9sherbants.<\/p>\n<\/li>\n<li>\n<p><strong>H\u00e9bergement dans la cour arri\u00e8re<\/strong>: Meubles de patio, ensembles de salle \u00e0 manger de patio, grils et terrasses en composite.<\/p>\n<\/li>\n<li>\n<p><strong>Pro<\/strong>: Des \u00e9conomies sur les prix de gros et des produits essentiels pour les professionnels, notamment des outils, des tuyaux, des chauffe-eau et des outils de peinture.<\/p>\n<\/li>\n<li>\n<p><strong>Am\u00e9liorations de la maison<\/strong>: Peinture, robinets, rev\u00eatements de sol, toilettes, ventilateurs, cl\u00f4tures, produits de nettoyage et appareils \u00e9lectrom\u00e9nagers, y compris les r\u00e9frig\u00e9rateurs, les fours et les lave-vaisselle.<\/p>\n<\/li>\n<li>\n<p><strong>Solutions de stockage et d&rsquo;organisation<\/strong>: Sacs \u00e0 outils, \u00e9tag\u00e8res de rangement et conteneurs de rangement.<\/p>\n<\/li>\n<li>\n<p><strong>Principales marques\u00a0: <\/strong>Nexgrill, Milwaukee, Ryobi, Weber, Trex, Rigid, Traeger, DeWalt, Leviton, GE Appliances, Samsung, LG, Whirlpool, Vissani, Frigidaire et StyleWell.<\/p>\n<\/li>\n<\/ul>\n<p>Vous pourrez faire vos achats en ligne et en personne. Home Depot fera correspondre le prix de ses produits \u00e0 celui d&rsquo;autres d\u00e9taillants, alors gardez un \u0153il sur si vous trouvez le m\u00eame produit ailleurs. De plus, si vous \u00eates dans l&rsquo;arm\u00e9e am\u00e9ricaine (service actif, famille Gold Star, r\u00e9serve militaire ou v\u00e9t\u00e9ran), vous avez droit \u00e0 une remise de 10 % (mais pas pour les produits d\u00e9j\u00e0 r\u00e9duits).<\/p>\n","protected":false},"excerpt":{"rendered":"<p>Nous pouvons gagner une commission sur les liens sur cette page. Les prix et la disponibilit\u00e9 de l&rsquo;offre sont sujets \u00e0 changement apr\u00e8s la publication.<\/p>\n","protected":false},"author":1,"featured_media":13358,"comment_status":"","ping_status":"","sticky":false,"template":"","format":"standard","meta":{"footnotes":""},"categories":[40],"tags":[73,206,1051,1314,1255,453,353,99,202,4794,1348,5933,223,529],"class_list":["post-13357","post","type-post","status-publish","format-standard","has-post-thumbnail","hentry","category-maison","tag-black","tag-cette","tag-commence","tag-depot","tag-friday","tag-home","tag-lors","tag-qui","tag-quoi","tag-sattendre","tag-semaine","tag-spring","tag-vente","tag-voici","generate-columns","tablet-grid-50","mobile-grid-100","grid-parent","grid-33"],"yoast_head":"<!-- This site is optimized with the Yoast SEO plugin v24.0 - https:\/\/yoast.com\/wordpress\/plugins\/seo\/ -->\n<title>Voici \u00e0 quoi s&#039;attendre lors de la vente \u00ab Spring Black Friday \u00bb de Home Depot qui commence cette semaine | Vie Associative<\/title>\n<meta name=\"robots\" content=\"index, follow, max-snippet:-1, max-image-preview:large, max-video-preview:-1\" \/>\n<link rel=\"canonical\" href=\"https:\/\/vieassociative.be\/actualites\/voici-a-quoi-sattendre-lors-de-la-vente-spring-black-friday-de-home-depot-qui-commence-cette-semaine\/\" \/>\n<meta property=\"og:locale\" content=\"fr_FR\" \/>\n<meta property=\"og:type\" content=\"article\" \/>\n<meta property=\"og:title\" content=\"Voici \u00e0 quoi s&#039;attendre lors de la vente \u00ab Spring Black Friday \u00bb de Home Depot qui commence cette semaine | Vie Associative\" \/>\n<meta property=\"og:description\" content=\"Nous pouvons gagner une commission sur les liens sur cette page. Les prix et la disponibilit\u00e9 de l&rsquo;offre sont sujets \u00e0 changement apr\u00e8s la publication.\" \/>\n<meta property=\"og:url\" content=\"https:\/\/vieassociative.be\/actualites\/voici-a-quoi-sattendre-lors-de-la-vente-spring-black-friday-de-home-depot-qui-commence-cette-semaine\/\" \/>\n<meta property=\"og:site_name\" content=\"Vie Associative\" \/>\n<meta property=\"article:published_time\" content=\"2026-04-08T08:19:43+00:00\" \/>\n<meta property=\"og:image\" content=\"https:\/\/vieassociative.be\/actualites\/wp-content\/uploads\/2024\/09\/header_backgroundk-01-e1726694325946.png\" \/>\n\t<meta property=\"og:image:width\" content=\"279\" \/>\n\t<meta property=\"og:image:height\" content=\"92\" \/>\n\t<meta property=\"og:image:type\" content=\"image\/png\" \/>\n<meta name=\"author\" content=\"Julien\" \/>\n<meta name=\"twitter:card\" content=\"summary_large_image\" \/>\n<meta name=\"twitter:label1\" content=\"\u00c9crit par\" \/>\n\t<meta name=\"twitter:data1\" content=\"Julien\" \/>\n\t<meta name=\"twitter:label2\" content=\"Dur\u00e9e de lecture est.\" \/>\n\t<meta name=\"twitter:data2\" content=\"2 minutes\" \/>\n<script type=\"application\/ld+json\" class=\"yoast-schema-graph\">{\"@context\":\"https:\/\/schema.org\",\"@graph\":[{\"@type\":\"Article\",\"@id\":\"https:\/\/vieassociative.be\/actualites\/voici-a-quoi-sattendre-lors-de-la-vente-spring-black-friday-de-home-depot-qui-commence-cette-semaine\/#article\",\"isPartOf\":{\"@id\":\"https:\/\/vieassociative.be\/actualites\/voici-a-quoi-sattendre-lors-de-la-vente-spring-black-friday-de-home-depot-qui-commence-cette-semaine\/\"},\"author\":{\"name\":\"Julien\",\"@id\":\"https:\/\/vieassociative.be\/actualites\/#\/schema\/person\/b87ac4f82f9d4e7b7cec7395b679edc4\"},\"headline\":\"Voici \u00e0 quoi s&rsquo;attendre lors de la vente \u00ab Spring Black Friday \u00bb de Home Depot qui commence cette semaine\",\"datePublished\":\"2026-04-08T08:19:43+00:00\",\"dateModified\":\"2026-04-08T08:19:43+00:00\",\"mainEntityOfPage\":{\"@id\":\"https:\/\/vieassociative.be\/actualites\/voici-a-quoi-sattendre-lors-de-la-vente-spring-black-friday-de-home-depot-qui-commence-cette-semaine\/\"},\"wordCount\":455,\"publisher\":{\"@id\":\"https:\/\/vieassociative.be\/actualites\/#organization\"},\"image\":{\"@id\":\"https:\/\/vieassociative.be\/actualites\/voici-a-quoi-sattendre-lors-de-la-vente-spring-black-friday-de-home-depot-qui-commence-cette-semaine\/#primaryimage\"},\"thumbnailUrl\":\"https:\/\/vieassociative.be\/actualites\/wp-content\/uploads\/2026\/04\/Voici-a-quoi-sattendre-lors-de-la-vente-Spring.jpg\",\"keywords\":[\"Black\",\"cette\",\"commenc\u00e9\",\"Depot\",\"Friday\",\"Home\",\"lors\",\"qui\",\"quoi\",\"sattendre\",\"semaine\",\"Spring\",\"vente\",\"Voici\"],\"articleSection\":[\"Maison\"],\"inLanguage\":\"fr-BE\"},{\"@type\":\"WebPage\",\"@id\":\"https:\/\/vieassociative.be\/actualites\/voici-a-quoi-sattendre-lors-de-la-vente-spring-black-friday-de-home-depot-qui-commence-cette-semaine\/\",\"url\":\"https:\/\/vieassociative.be\/actualites\/voici-a-quoi-sattendre-lors-de-la-vente-spring-black-friday-de-home-depot-qui-commence-cette-semaine\/\",\"name\":\"Voici \u00e0 quoi s'attendre lors de la vente \u00ab Spring Black Friday \u00bb de Home Depot qui commence cette semaine | Vie Associative\",\"isPartOf\":{\"@id\":\"https:\/\/vieassociative.be\/actualites\/#website\"},\"primaryImageOfPage\":{\"@id\":\"https:\/\/vieassociative.be\/actualites\/voici-a-quoi-sattendre-lors-de-la-vente-spring-black-friday-de-home-depot-qui-commence-cette-semaine\/#primaryimage\"},\"image\":{\"@id\":\"https:\/\/vieassociative.be\/actualites\/voici-a-quoi-sattendre-lors-de-la-vente-spring-black-friday-de-home-depot-qui-commence-cette-semaine\/#primaryimage\"},\"thumbnailUrl\":\"https:\/\/vieassociative.be\/actualites\/wp-content\/uploads\/2026\/04\/Voici-a-quoi-sattendre-lors-de-la-vente-Spring.jpg\",\"datePublished\":\"2026-04-08T08:19:43+00:00\",\"dateModified\":\"2026-04-08T08:19:43+00:00\",\"breadcrumb\":{\"@id\":\"https:\/\/vieassociative.be\/actualites\/voici-a-quoi-sattendre-lors-de-la-vente-spring-black-friday-de-home-depot-qui-commence-cette-semaine\/#breadcrumb\"},\"inLanguage\":\"fr-BE\",\"potentialAction\":[{\"@type\":\"ReadAction\",\"target\":[\"https:\/\/vieassociative.be\/actualites\/voici-a-quoi-sattendre-lors-de-la-vente-spring-black-friday-de-home-depot-qui-commence-cette-semaine\/\"]}]},{\"@type\":\"ImageObject\",\"inLanguage\":\"fr-BE\",\"@id\":\"https:\/\/vieassociative.be\/actualites\/voici-a-quoi-sattendre-lors-de-la-vente-spring-black-friday-de-home-depot-qui-commence-cette-semaine\/#primaryimage\",\"url\":\"https:\/\/vieassociative.be\/actualites\/wp-content\/uploads\/2026\/04\/Voici-a-quoi-sattendre-lors-de-la-vente-Spring.jpg\",\"contentUrl\":\"https:\/\/vieassociative.be\/actualites\/wp-content\/uploads\/2026\/04\/Voici-a-quoi-sattendre-lors-de-la-vente-Spring.jpg\",\"width\":1200,\"height\":675,\"caption\":\"Voici \u00e0 quoi s'attendre lors de la vente \u00ab Spring Black Friday \u00bb de Home Depot qui commence cette semaine\"},{\"@type\":\"BreadcrumbList\",\"@id\":\"https:\/\/vieassociative.be\/actualites\/voici-a-quoi-sattendre-lors-de-la-vente-spring-black-friday-de-home-depot-qui-commence-cette-semaine\/#breadcrumb\",\"itemListElement\":[{\"@type\":\"ListItem\",\"position\":1,\"name\":\"Accueil\",\"item\":\"https:\/\/vieassociative.be\/actualites\/\"},{\"@type\":\"ListItem\",\"position\":2,\"name\":\"Voici \u00e0 quoi s&rsquo;attendre lors de la vente \u00ab Spring Black Friday \u00bb de Home Depot qui commence cette semaine\"}]},{\"@type\":\"WebSite\",\"@id\":\"https:\/\/vieassociative.be\/actualites\/#website\",\"url\":\"https:\/\/vieassociative.be\/actualites\/\",\"name\":\"Vie Associative\",\"description\":\"\",\"publisher\":{\"@id\":\"https:\/\/vieassociative.be\/actualites\/#organization\"},\"potentialAction\":[{\"@type\":\"SearchAction\",\"target\":{\"@type\":\"EntryPoint\",\"urlTemplate\":\"https:\/\/vieassociative.be\/actualites\/?s={search_term_string}\"},\"query-input\":{\"@type\":\"PropertyValueSpecification\",\"valueRequired\":true,\"valueName\":\"search_term_string\"}}],\"inLanguage\":\"fr-BE\"},{\"@type\":\"Organization\",\"@id\":\"https:\/\/vieassociative.be\/actualites\/#organization\",\"name\":\"Vie Associative\",\"url\":\"https:\/\/vieassociative.be\/actualites\/\",\"logo\":{\"@type\":\"ImageObject\",\"inLanguage\":\"fr-BE\",\"@id\":\"https:\/\/vieassociative.be\/actualites\/#\/schema\/logo\/image\/\",\"url\":\"https:\/\/vieassociative.be\/actualites\/wp-content\/uploads\/2024\/09\/cropped-vieassociative_favicon.ico.png\",\"contentUrl\":\"https:\/\/vieassociative.be\/actualites\/wp-content\/uploads\/2024\/09\/cropped-vieassociative_favicon.ico.png\",\"width\":512,\"height\":512,\"caption\":\"Vie Associative\"},\"image\":{\"@id\":\"https:\/\/vieassociative.be\/actualites\/#\/schema\/logo\/image\/\"}},{\"@type\":\"Person\",\"@id\":\"https:\/\/vieassociative.be\/actualites\/#\/schema\/person\/b87ac4f82f9d4e7b7cec7395b679edc4\",\"name\":\"Julien\",\"image\":{\"@type\":\"ImageObject\",\"inLanguage\":\"fr-BE\",\"@id\":\"https:\/\/vieassociative.be\/actualites\/#\/schema\/person\/image\/\",\"url\":\"https:\/\/vieassociative.be\/actualites\/wp-content\/uploads\/2024\/09\/vie-associative-1-150x150.jpg\",\"contentUrl\":\"https:\/\/vieassociative.be\/actualites\/wp-content\/uploads\/2024\/09\/vie-associative-1-150x150.jpg\",\"caption\":\"Julien\"},\"description\":\"Je suis Julien, r\u00e9dacteur pour Vie Associative. Passionn\u00e9 par le monde associatif depuis plus de 10 ans, j'ai \u00e0 c\u0153ur de partager des histoires inspirantes et de mettre en lumi\u00e8re les initiatives locales. Mon objectif est de sensibiliser et d'encourager l'engagement communautaire \u00e0 travers mes articles.\",\"sameAs\":[\"https:\/\/vieassociative.be\/\"]}]}<\/script>\n<!-- \/ Yoast SEO plugin. -->","yoast_head_json":{"title":"Voici \u00e0 quoi s'attendre lors de la vente \u00ab Spring Black Friday \u00bb de Home Depot qui commence cette semaine | Vie Associative","robots":{"index":"index","follow":"follow","max-snippet":"max-snippet:-1","max-image-preview":"max-image-preview:large","max-video-preview":"max-video-preview:-1"},"canonical":"https:\/\/vieassociative.be\/actualites\/voici-a-quoi-sattendre-lors-de-la-vente-spring-black-friday-de-home-depot-qui-commence-cette-semaine\/","og_locale":"fr_FR","og_type":"article","og_title":"Voici \u00e0 quoi s'attendre lors de la vente \u00ab Spring Black Friday \u00bb de Home Depot qui commence cette semaine | Vie Associative","og_description":"Nous pouvons gagner une commission sur les liens sur cette page. Les prix et la disponibilit\u00e9 de l&rsquo;offre sont sujets \u00e0 changement apr\u00e8s la publication.","og_url":"https:\/\/vieassociative.be\/actualites\/voici-a-quoi-sattendre-lors-de-la-vente-spring-black-friday-de-home-depot-qui-commence-cette-semaine\/","og_site_name":"Vie Associative","article_published_time":"2026-04-08T08:19:43+00:00","og_image":[{"width":279,"height":92,"url":"https:\/\/vieassociative.be\/actualites\/wp-content\/uploads\/2024\/09\/header_backgroundk-01-e1726694325946.png","type":"image\/png"}],"author":"Julien","twitter_card":"summary_large_image","twitter_misc":{"\u00c9crit par":"Julien","Dur\u00e9e de lecture est.":"2 minutes"},"schema":{"@context":"https:\/\/schema.org","@graph":[{"@type":"Article","@id":"https:\/\/vieassociative.be\/actualites\/voici-a-quoi-sattendre-lors-de-la-vente-spring-black-friday-de-home-depot-qui-commence-cette-semaine\/#article","isPartOf":{"@id":"https:\/\/vieassociative.be\/actualites\/voici-a-quoi-sattendre-lors-de-la-vente-spring-black-friday-de-home-depot-qui-commence-cette-semaine\/"},"author":{"name":"Julien","@id":"https:\/\/vieassociative.be\/actualites\/#\/schema\/person\/b87ac4f82f9d4e7b7cec7395b679edc4"},"headline":"Voici \u00e0 quoi s&rsquo;attendre lors de la vente \u00ab Spring Black Friday \u00bb de Home Depot qui commence cette semaine","datePublished":"2026-04-08T08:19:43+00:00","dateModified":"2026-04-08T08:19:43+00:00","mainEntityOfPage":{"@id":"https:\/\/vieassociative.be\/actualites\/voici-a-quoi-sattendre-lors-de-la-vente-spring-black-friday-de-home-depot-qui-commence-cette-semaine\/"},"wordCount":455,"publisher":{"@id":"https:\/\/vieassociative.be\/actualites\/#organization"},"image":{"@id":"https:\/\/vieassociative.be\/actualites\/voici-a-quoi-sattendre-lors-de-la-vente-spring-black-friday-de-home-depot-qui-commence-cette-semaine\/#primaryimage"},"thumbnailUrl":"https:\/\/vieassociative.be\/actualites\/wp-content\/uploads\/2026\/04\/Voici-a-quoi-sattendre-lors-de-la-vente-Spring.jpg","keywords":["Black","cette","commenc\u00e9","Depot","Friday","Home","lors","qui","quoi","sattendre","semaine","Spring","vente","Voici"],"articleSection":["Maison"],"inLanguage":"fr-BE"},{"@type":"WebPage","@id":"https:\/\/vieassociative.be\/actualites\/voici-a-quoi-sattendre-lors-de-la-vente-spring-black-friday-de-home-depot-qui-commence-cette-semaine\/","url":"https:\/\/vieassociative.be\/actualites\/voici-a-quoi-sattendre-lors-de-la-vente-spring-black-friday-de-home-depot-qui-commence-cette-semaine\/","name":"Voici \u00e0 quoi s'attendre lors de la vente \u00ab Spring Black Friday \u00bb de Home Depot qui commence cette semaine | Vie Associative","isPartOf":{"@id":"https:\/\/vieassociative.be\/actualites\/#website"},"primaryImageOfPage":{"@id":"https:\/\/vieassociative.be\/actualites\/voici-a-quoi-sattendre-lors-de-la-vente-spring-black-friday-de-home-depot-qui-commence-cette-semaine\/#primaryimage"},"image":{"@id":"https:\/\/vieassociative.be\/actualites\/voici-a-quoi-sattendre-lors-de-la-vente-spring-black-friday-de-home-depot-qui-commence-cette-semaine\/#primaryimage"},"thumbnailUrl":"https:\/\/vieassociative.be\/actualites\/wp-content\/uploads\/2026\/04\/Voici-a-quoi-sattendre-lors-de-la-vente-Spring.jpg","datePublished":"2026-04-08T08:19:43+00:00","dateModified":"2026-04-08T08:19:43+00:00","breadcrumb":{"@id":"https:\/\/vieassociative.be\/actualites\/voici-a-quoi-sattendre-lors-de-la-vente-spring-black-friday-de-home-depot-qui-commence-cette-semaine\/#breadcrumb"},"inLanguage":"fr-BE","potentialAction":[{"@type":"ReadAction","target":["https:\/\/vieassociative.be\/actualites\/voici-a-quoi-sattendre-lors-de-la-vente-spring-black-friday-de-home-depot-qui-commence-cette-semaine\/"]}]},{"@type":"ImageObject","inLanguage":"fr-BE","@id":"https:\/\/vieassociative.be\/actualites\/voici-a-quoi-sattendre-lors-de-la-vente-spring-black-friday-de-home-depot-qui-commence-cette-semaine\/#primaryimage","url":"https:\/\/vieassociative.be\/actualites\/wp-content\/uploads\/2026\/04\/Voici-a-quoi-sattendre-lors-de-la-vente-Spring.jpg","contentUrl":"https:\/\/vieassociative.be\/actualites\/wp-content\/uploads\/2026\/04\/Voici-a-quoi-sattendre-lors-de-la-vente-Spring.jpg","width":1200,"height":675,"caption":"Voici \u00e0 quoi s'attendre lors de la vente \u00ab Spring Black Friday \u00bb de Home Depot qui commence cette semaine"},{"@type":"BreadcrumbList","@id":"https:\/\/vieassociative.be\/actualites\/voici-a-quoi-sattendre-lors-de-la-vente-spring-black-friday-de-home-depot-qui-commence-cette-semaine\/#breadcrumb","itemListElement":[{"@type":"ListItem","position":1,"name":"Accueil","item":"https:\/\/vieassociative.be\/actualites\/"},{"@type":"ListItem","position":2,"name":"Voici \u00e0 quoi s&rsquo;attendre lors de la vente \u00ab Spring Black Friday \u00bb de Home Depot qui commence cette semaine"}]},{"@type":"WebSite","@id":"https:\/\/vieassociative.be\/actualites\/#website","url":"https:\/\/vieassociative.be\/actualites\/","name":"Vie Associative","description":"","publisher":{"@id":"https:\/\/vieassociative.be\/actualites\/#organization"},"potentialAction":[{"@type":"SearchAction","target":{"@type":"EntryPoint","urlTemplate":"https:\/\/vieassociative.be\/actualites\/?s={search_term_string}"},"query-input":{"@type":"PropertyValueSpecification","valueRequired":true,"valueName":"search_term_string"}}],"inLanguage":"fr-BE"},{"@type":"Organization","@id":"https:\/\/vieassociative.be\/actualites\/#organization","name":"Vie Associative","url":"https:\/\/vieassociative.be\/actualites\/","logo":{"@type":"ImageObject","inLanguage":"fr-BE","@id":"https:\/\/vieassociative.be\/actualites\/#\/schema\/logo\/image\/","url":"https:\/\/vieassociative.be\/actualites\/wp-content\/uploads\/2024\/09\/cropped-vieassociative_favicon.ico.png","contentUrl":"https:\/\/vieassociative.be\/actualites\/wp-content\/uploads\/2024\/09\/cropped-vieassociative_favicon.ico.png","width":512,"height":512,"caption":"Vie Associative"},"image":{"@id":"https:\/\/vieassociative.be\/actualites\/#\/schema\/logo\/image\/"}},{"@type":"Person","@id":"https:\/\/vieassociative.be\/actualites\/#\/schema\/person\/b87ac4f82f9d4e7b7cec7395b679edc4","name":"Julien","image":{"@type":"ImageObject","inLanguage":"fr-BE","@id":"https:\/\/vieassociative.be\/actualites\/#\/schema\/person\/image\/","url":"https:\/\/vieassociative.be\/actualites\/wp-content\/uploads\/2024\/09\/vie-associative-1-150x150.jpg","contentUrl":"https:\/\/vieassociative.be\/actualites\/wp-content\/uploads\/2024\/09\/vie-associative-1-150x150.jpg","caption":"Julien"},"description":"Je suis Julien, r\u00e9dacteur pour Vie Associative. Passionn\u00e9 par le monde associatif depuis plus de 10 ans, j'ai \u00e0 c\u0153ur de partager des histoires inspirantes et de mettre en lumi\u00e8re les initiatives locales. Mon objectif est de sensibiliser et d'encourager l'engagement communautaire \u00e0 travers mes articles.","sameAs":["https:\/\/vieassociative.be\/"]}]}},"_links":{"self":[{"href":"https:\/\/vieassociative.be\/actualites\/wp-json\/wp\/v2\/posts\/13357"}],"collection":[{"href":"https:\/\/vieassociative.be\/actualites\/wp-json\/wp\/v2\/posts"}],"about":[{"href":"https:\/\/vieassociative.be\/actualites\/wp-json\/wp\/v2\/types\/post"}],"author":[{"embeddable":true,"href":"https:\/\/vieassociative.be\/actualites\/wp-json\/wp\/v2\/users\/1"}],"replies":[{"embeddable":true,"href":"https:\/\/vieassociative.be\/actualites\/wp-json\/wp\/v2\/comments?post=13357"}],"version-history":[{"count":0,"href":"https:\/\/vieassociative.be\/actualites\/wp-json\/wp\/v2\/posts\/13357\/revisions"}],"wp:featuredmedia":[{"embeddable":true,"href":"https:\/\/vieassociative.be\/actualites\/wp-json\/wp\/v2\/media\/13358"}],"wp:attachment":[{"href":"https:\/\/vieassociative.be\/actualites\/wp-json\/wp\/v2\/media?parent=13357"}],"wp:term":[{"taxonomy":"category","embeddable":true,"href":"https:\/\/vieassociative.be\/actualites\/wp-json\/wp\/v2\/categories?post=13357"},{"taxonomy":"post_tag","embeddable":true,"href":"https:\/\/vieassociative.be\/actualites\/wp-json\/wp\/v2\/tags?post=13357"}],"curies":[{"name":"wp","href":"https:\/\/api.w.org\/{rel}","templated":true}]}}