{"id":13354,"date":"2026-04-07T23:18:04","date_gmt":"2026-04-07T21:18:04","guid":{"rendered":"https:\/\/vieassociative.be\/actualites\/apres-la-suppression-du-senat-le-dg-a-t-il-encore-besoin-dune-representation-garantie-a-bruxelles\/"},"modified":"2026-04-07T23:18:04","modified_gmt":"2026-04-07T21:18:04","slug":"apres-la-suppression-du-senat-le-dg-a-t-il-encore-besoin-dune-representation-garantie-a-bruxelles","status":"publish","type":"post","link":"https:\/\/vieassociative.be\/actualites\/apres-la-suppression-du-senat-le-dg-a-t-il-encore-besoin-dune-representation-garantie-a-bruxelles\/","title":{"rendered":"Apr\u00e8s la suppression du S\u00e9nat : le DG a-t-il encore besoin d&rsquo;une repr\u00e9sentation garantie \u00e0 Bruxelles ?"},"content":{"rendered":"<p><strong>Au sein de la DG, les partis \u00e9tablis s&rsquo;inqui\u00e8tent de la suppression pr\u00e9vue du S\u00e9nat, car ils craignent que cela n&rsquo;entra\u00eene une perte de repr\u00e9sentation de la communaut\u00e9 au niveau f\u00e9d\u00e9ral \u00e0 Bruxelles. Cette crainte a \u00e9galement \u00e9t\u00e9 cruciale pour le comportement \u00e9lectoral de la s\u00e9natrice de la Communaut\u00e9 germanophone Liesa Scholzen (ProDG), qui s&rsquo;est prononc\u00e9e la semaine derni\u00e8re contre son abolition au S\u00e9nat.<\/strong><\/p>\n<p><span id=\"more-438264\"><\/span>Mais dans le m\u00eame temps, la question fondamentale se pose de savoir si la DG a r\u00e9ellement besoin d&rsquo;une repr\u00e9sentation individuelle garantie au niveau f\u00e9d\u00e9ral. Compte tenu de la port\u00e9e limit\u00e9e de l\u2019influence d\u2019une seule personne, l\u2019avantage concret d\u2019une telle repr\u00e9sentation semble pour le moins discutable.<\/p>\n<p>Une alternative r\u00e9alisable au syst\u00e8me parlementaire actuel pourrait \u00eatre que la DG Parlement soit consult\u00e9e avant de voter au sein de la chambre sur des questions pr\u00e9sentant un int\u00e9r\u00eat particulier pour l&rsquo;Est de la Belgique.<\/p>\n<\/p>\n<div id=\"attachment_438266\" class=\"wp-caption alignleft\" style=\"max-width: 300px\"><img fetchpriority=\"high\" decoding=\"async\" class=\"wp-image-438266 size-medium\" src=\"https:\/\/vieassociative.be\/actualites\/wp-content\/uploads\/2026\/04\/Apres-la-suppression-du-Senat-le-DG-a-t-il-encore.jpg\" alt=\"\" width=\"300\" height=\"201\"  ><\/div>\n<p>Une telle r\u00e9glementation garantirait que la voix des germanophones soit \u00e9galement incluse dans les processus d\u00e9cisionnels f\u00e9d\u00e9raux, sans n\u00e9cessairement n\u00e9cessiter leur propre repr\u00e9sentation permanente.<\/p>\n<p>Une autre option pourrait \u00eatre la r\u00e9activation du cabinet dit de la Belgique de l&rsquo;Est, qui existait d\u00e9j\u00e0 avant que la DG n&rsquo;acqui\u00e8re son autonomie.<\/p>\n<p>Ce comit\u00e9 avait autrefois pour mission de mutualiser et de repr\u00e9senter les int\u00e9r\u00eats de la population germanophone aupr\u00e8s du gouvernement f\u00e9d\u00e9ral. Dans une certaine mesure, il a jou\u00e9 le r\u00f4le d&rsquo;organe de coordination entre les acteurs politiques r\u00e9gionaux et les d\u00e9cideurs bruxellois et a veill\u00e9 \u00e0 ce que les pr\u00e9occupations sp\u00e9cifiques de l&rsquo;espace germanophone soient entendues au niveau f\u00e9d\u00e9ral. Le Cabinet de la Belgique orientale relevait directement du Premier ministre, ce qui soulignait son importance politique et son acc\u00e8s direct au processus d\u00e9cisionnel f\u00e9d\u00e9ral.<\/p>\n<p>Ce mod\u00e8le historique pourrait \u00eatre revisit\u00e9 sous une forme adapt\u00e9e, mais sans personnel suppl\u00e9mentaire. Au lieu de cela, le cabinet de la Belgique orientale serait compos\u00e9 de repr\u00e9sentants de toutes les factions au parlement du DG.<\/p>\n<div id=\"attachment_404480\" class=\"wp-caption alignleft\" style=\"max-width: 300px\"><img decoding=\"async\" class=\"wp-image-404480 size-medium\" src=\"https:\/\/vieassociative.be\/actualites\/wp-content\/uploads\/2026\/04\/1775596684_253_Apres-la-suppression-du-Senat-le-DG-a-t-il-encore.jpg\" alt=\"\" width=\"300\" height=\"200\"><\/div>\n<p>Une telle approche garantirait une l\u00e9gitimit\u00e9 d\u00e9mocratique plus large que la repr\u00e9sentation garantie, dans laquelle un seul repr\u00e9sentant du parti le plus fort repr\u00e9sente la r\u00e9gion. C&rsquo;est \u00e9galement un point de critique lors de l&rsquo;\u00e9lection directe du d\u00e9put\u00e9 europ\u00e9en de l&rsquo;espace germanophone, remport\u00e9e par le CSP depuis 1994.<\/p>\n<p>Le cabinet propos\u00e9 pour la Belgique orientale ne devrait pas non plus \u00eatre actif en permanence. Il pourrait plut\u00f4t se r\u00e9unir sp\u00e9cifiquement lorsque des d\u00e9cisions en instance \u00e0 la Chambre des d\u00e9put\u00e9s rev\u00eatent une importance particuli\u00e8re pour l&rsquo;Est de la Belgique.<\/p>\n<p>De cette mani\u00e8re, une forme de repr\u00e9sentation des int\u00e9r\u00eats plus flexible, collective et en m\u00eame temps pluraliste pourrait \u00eatre r\u00e9alis\u00e9e au niveau f\u00e9d\u00e9ral, qui s&rsquo;appuie sur les exp\u00e9riences historiques et r\u00e9pond en m\u00eame temps mieux aux exigences d\u00e9mocratiques d&rsquo;aujourd&rsquo;hui.<\/p>\n<p>Il existerait une troisi\u00e8me option consistant \u00e0 transformer le S\u00e9nat en une chambre d&rsquo;\u00c9tat dans laquelle le DG aurait sa place. Cependant, cela cr\u00e9erait un appareil encore plus co\u00fbteux que celui du S\u00e9nat aujourd\u2019hui, ce qui irait \u00e0 l\u2019encontre de l\u2019objectif de rationalisation de l\u2019appareil d\u2019\u00c9tat. (cr\u00e9er)<\/p>\n<p><em><strong>Sur le sujet, voir aussi l&rsquo;article suivant sur l&rsquo;OD :<\/strong><\/em><\/p>\n<div class=\"responsive-embed widescreen\">\n<blockquote class=\"wp-embedded-content\" data-secret=\"IVrTHxnZGR\">\n<p>L\u2019abolition du S\u00e9nat franchit le premier obstacle \u2013 le s\u00e9nateur communautaire Scholzen vote non<\/p>\n<\/blockquote>\n<p><iframe loading=\"lazy\" class=\"wp-embedded-content\" sandbox=\"allow-scripts\" security=\"restricted\" style=\"position: absolute; visibility: hidden;\" title=\"\u201eAbschaffung des Senats nimmt eine erste H\u00fcrde \u2013 Gemeinschaftssenatorin Scholzen stimmt mit Nein\u201c \u2013 Ostbelgien Direkt\" src=\"https:\/\/ostbelgiendirekt.be\/about:blank\" data-secret=\"IVrTHxnZGR\" width=\"500\" height=\"282\" frameborder=\"0\" marginwidth=\"0\" marginheight=\"0\" scrolling=\"no\" data-rocket-lazyload=\"fitvidscompatible\" data-lazy-src=\"https:\/\/ostbelgiendirekt.be\/abschaffung-des-senats-2-438145\/embed#?secret=3L5Mbvsj1S#?secret=IVrTHxnZGR\"><\/iframe><noscript><iframe class=\"wp-embedded-content\" sandbox=\"allow-scripts\" security=\"restricted\" style=\"position: absolute; visibility: hidden;\" title=\"\u201eAbschaffung des Senats nimmt eine erste H\u00fcrde \u2013 Gemeinschaftssenatorin Scholzen stimmt mit Nein\u201c \u2013 Ostbelgien Direkt\" src=\"https:\/\/ostbelgiendirekt.be\/abschaffung-des-senats-2-438145\/embed#?secret=3L5Mbvsj1S#?secret=IVrTHxnZGR\" data-secret=\"IVrTHxnZGR\" width=\"500\" height=\"282\" frameborder=\"0\" marginwidth=\"0\" marginheight=\"0\" scrolling=\"no\"><\/iframe><\/noscript><\/p>\n<\/div>\n","protected":false},"excerpt":{"rendered":"<p>Au sein de la DG, les partis \u00e9tablis s&rsquo;inqui\u00e8tent de la suppression pr\u00e9vue du S\u00e9nat, car ils craignent que cela n&rsquo;entra\u00eene une perte de repr\u00e9sentation<\/p>\n","protected":false},"author":1,"featured_media":7704,"comment_status":"","ping_status":"","sticky":false,"template":"","format":"standard","meta":{"footnotes":""},"categories":[298],"tags":[472,3142,259,455,698,592,5394,7594,5149,1426],"class_list":["post-13354","post","type-post","status-publish","format-standard","has-post-thumbnail","hentry","category-belgique","tag-apres","tag-atil","tag-besoin","tag-bruxelles","tag-dune","tag-encore","tag-garantie","tag-representation","tag-senat","tag-suppression","generate-columns","tablet-grid-50","mobile-grid-100","grid-parent","grid-33"],"yoast_head":"<!-- This site is optimized with the Yoast SEO plugin v24.0 - https:\/\/yoast.com\/wordpress\/plugins\/seo\/ -->\n<title>Apr\u00e8s la suppression du S\u00e9nat : le DG a-t-il encore besoin d&#039;une repr\u00e9sentation garantie \u00e0 Bruxelles ? | Vie Associative<\/title>\n<meta name=\"robots\" content=\"index, follow, max-snippet:-1, max-image-preview:large, max-video-preview:-1\" \/>\n<link rel=\"canonical\" href=\"https:\/\/vieassociative.be\/actualites\/apres-la-suppression-du-senat-le-dg-a-t-il-encore-besoin-dune-representation-garantie-a-bruxelles\/\" \/>\n<meta property=\"og:locale\" content=\"fr_FR\" \/>\n<meta property=\"og:type\" content=\"article\" \/>\n<meta property=\"og:title\" content=\"Apr\u00e8s la suppression du S\u00e9nat : le DG a-t-il encore besoin d&#039;une repr\u00e9sentation garantie \u00e0 Bruxelles ? | Vie Associative\" \/>\n<meta property=\"og:description\" content=\"Au sein de la DG, les partis \u00e9tablis s&rsquo;inqui\u00e8tent de la suppression pr\u00e9vue du S\u00e9nat, car ils craignent que cela n&rsquo;entra\u00eene une perte de repr\u00e9sentation\" \/>\n<meta property=\"og:url\" content=\"https:\/\/vieassociative.be\/actualites\/apres-la-suppression-du-senat-le-dg-a-t-il-encore-besoin-dune-representation-garantie-a-bruxelles\/\" \/>\n<meta property=\"og:site_name\" content=\"Vie Associative\" \/>\n<meta property=\"article:published_time\" content=\"2026-04-07T21:18:04+00:00\" \/>\n<meta property=\"og:image\" content=\"https:\/\/vieassociative.be\/actualites\/wp-content\/uploads\/2024\/09\/header_backgroundk-01-e1726694325946.png\" \/>\n\t<meta property=\"og:image:width\" content=\"279\" \/>\n\t<meta property=\"og:image:height\" content=\"92\" \/>\n\t<meta property=\"og:image:type\" content=\"image\/png\" \/>\n<meta name=\"author\" content=\"Julien\" \/>\n<meta name=\"twitter:card\" content=\"summary_large_image\" \/>\n<meta name=\"twitter:label1\" content=\"\u00c9crit par\" \/>\n\t<meta name=\"twitter:data1\" content=\"Julien\" \/>\n\t<meta name=\"twitter:label2\" content=\"Dur\u00e9e de lecture est.\" \/>\n\t<meta name=\"twitter:data2\" content=\"3 minutes\" \/>\n<script type=\"application\/ld+json\" class=\"yoast-schema-graph\">{\"@context\":\"https:\/\/schema.org\",\"@graph\":[{\"@type\":\"Article\",\"@id\":\"https:\/\/vieassociative.be\/actualites\/apres-la-suppression-du-senat-le-dg-a-t-il-encore-besoin-dune-representation-garantie-a-bruxelles\/#article\",\"isPartOf\":{\"@id\":\"https:\/\/vieassociative.be\/actualites\/apres-la-suppression-du-senat-le-dg-a-t-il-encore-besoin-dune-representation-garantie-a-bruxelles\/\"},\"author\":{\"name\":\"Julien\",\"@id\":\"https:\/\/vieassociative.be\/actualites\/#\/schema\/person\/b87ac4f82f9d4e7b7cec7395b679edc4\"},\"headline\":\"Apr\u00e8s la suppression du S\u00e9nat : le DG a-t-il encore besoin d&rsquo;une repr\u00e9sentation garantie \u00e0 Bruxelles ?\",\"datePublished\":\"2026-04-07T21:18:04+00:00\",\"dateModified\":\"2026-04-07T21:18:04+00:00\",\"mainEntityOfPage\":{\"@id\":\"https:\/\/vieassociative.be\/actualites\/apres-la-suppression-du-senat-le-dg-a-t-il-encore-besoin-dune-representation-garantie-a-bruxelles\/\"},\"wordCount\":646,\"publisher\":{\"@id\":\"https:\/\/vieassociative.be\/actualites\/#organization\"},\"image\":{\"@id\":\"https:\/\/vieassociative.be\/actualites\/apres-la-suppression-du-senat-le-dg-a-t-il-encore-besoin-dune-representation-garantie-a-bruxelles\/#primaryimage\"},\"thumbnailUrl\":\"https:\/\/vieassociative.be\/actualites\/wp-content\/uploads\/2025\/05\/1747901844_Pensions-remuneration-de-vacances-bonus-dadieu-Cammer-frappe-un-certain.jpeg\",\"keywords\":[\"Apr\u00e8s\",\"atil\",\"besoin\",\"Bruxelles\",\"dune\",\"encore\",\"garantie\",\"repr\u00e9sentation\",\"S\u00e9nat\",\"suppression\"],\"articleSection\":[\"Belgique\"],\"inLanguage\":\"fr-BE\"},{\"@type\":\"WebPage\",\"@id\":\"https:\/\/vieassociative.be\/actualites\/apres-la-suppression-du-senat-le-dg-a-t-il-encore-besoin-dune-representation-garantie-a-bruxelles\/\",\"url\":\"https:\/\/vieassociative.be\/actualites\/apres-la-suppression-du-senat-le-dg-a-t-il-encore-besoin-dune-representation-garantie-a-bruxelles\/\",\"name\":\"Apr\u00e8s la suppression du S\u00e9nat : le DG a-t-il encore besoin d'une repr\u00e9sentation garantie \u00e0 Bruxelles ? | Vie Associative\",\"isPartOf\":{\"@id\":\"https:\/\/vieassociative.be\/actualites\/#website\"},\"primaryImageOfPage\":{\"@id\":\"https:\/\/vieassociative.be\/actualites\/apres-la-suppression-du-senat-le-dg-a-t-il-encore-besoin-dune-representation-garantie-a-bruxelles\/#primaryimage\"},\"image\":{\"@id\":\"https:\/\/vieassociative.be\/actualites\/apres-la-suppression-du-senat-le-dg-a-t-il-encore-besoin-dune-representation-garantie-a-bruxelles\/#primaryimage\"},\"thumbnailUrl\":\"https:\/\/vieassociative.be\/actualites\/wp-content\/uploads\/2025\/05\/1747901844_Pensions-remuneration-de-vacances-bonus-dadieu-Cammer-frappe-un-certain.jpeg\",\"datePublished\":\"2026-04-07T21:18:04+00:00\",\"dateModified\":\"2026-04-07T21:18:04+00:00\",\"breadcrumb\":{\"@id\":\"https:\/\/vieassociative.be\/actualites\/apres-la-suppression-du-senat-le-dg-a-t-il-encore-besoin-dune-representation-garantie-a-bruxelles\/#breadcrumb\"},\"inLanguage\":\"fr-BE\",\"potentialAction\":[{\"@type\":\"ReadAction\",\"target\":[\"https:\/\/vieassociative.be\/actualites\/apres-la-suppression-du-senat-le-dg-a-t-il-encore-besoin-dune-representation-garantie-a-bruxelles\/\"]}]},{\"@type\":\"ImageObject\",\"inLanguage\":\"fr-BE\",\"@id\":\"https:\/\/vieassociative.be\/actualites\/apres-la-suppression-du-senat-le-dg-a-t-il-encore-besoin-dune-representation-garantie-a-bruxelles\/#primaryimage\",\"url\":\"https:\/\/vieassociative.be\/actualites\/wp-content\/uploads\/2025\/05\/1747901844_Pensions-remuneration-de-vacances-bonus-dadieu-Cammer-frappe-un-certain.jpeg\",\"contentUrl\":\"https:\/\/vieassociative.be\/actualites\/wp-content\/uploads\/2025\/05\/1747901844_Pensions-remuneration-de-vacances-bonus-dadieu-Cammer-frappe-un-certain.jpeg\",\"width\":1200,\"height\":800,\"caption\":\"Pensions, r\u00e9mun\u00e9ration de vacances, bonus d'adieu: Cammer frappe un certain nombre de privil\u00e8ges pour les parlementaires\"},{\"@type\":\"BreadcrumbList\",\"@id\":\"https:\/\/vieassociative.be\/actualites\/apres-la-suppression-du-senat-le-dg-a-t-il-encore-besoin-dune-representation-garantie-a-bruxelles\/#breadcrumb\",\"itemListElement\":[{\"@type\":\"ListItem\",\"position\":1,\"name\":\"Accueil\",\"item\":\"https:\/\/vieassociative.be\/actualites\/\"},{\"@type\":\"ListItem\",\"position\":2,\"name\":\"Apr\u00e8s la suppression du S\u00e9nat : le DG a-t-il encore besoin d&rsquo;une repr\u00e9sentation garantie \u00e0 Bruxelles ?\"}]},{\"@type\":\"WebSite\",\"@id\":\"https:\/\/vieassociative.be\/actualites\/#website\",\"url\":\"https:\/\/vieassociative.be\/actualites\/\",\"name\":\"Vie Associative\",\"description\":\"\",\"publisher\":{\"@id\":\"https:\/\/vieassociative.be\/actualites\/#organization\"},\"potentialAction\":[{\"@type\":\"SearchAction\",\"target\":{\"@type\":\"EntryPoint\",\"urlTemplate\":\"https:\/\/vieassociative.be\/actualites\/?s={search_term_string}\"},\"query-input\":{\"@type\":\"PropertyValueSpecification\",\"valueRequired\":true,\"valueName\":\"search_term_string\"}}],\"inLanguage\":\"fr-BE\"},{\"@type\":\"Organization\",\"@id\":\"https:\/\/vieassociative.be\/actualites\/#organization\",\"name\":\"Vie Associative\",\"url\":\"https:\/\/vieassociative.be\/actualites\/\",\"logo\":{\"@type\":\"ImageObject\",\"inLanguage\":\"fr-BE\",\"@id\":\"https:\/\/vieassociative.be\/actualites\/#\/schema\/logo\/image\/\",\"url\":\"https:\/\/vieassociative.be\/actualites\/wp-content\/uploads\/2024\/09\/cropped-vieassociative_favicon.ico.png\",\"contentUrl\":\"https:\/\/vieassociative.be\/actualites\/wp-content\/uploads\/2024\/09\/cropped-vieassociative_favicon.ico.png\",\"width\":512,\"height\":512,\"caption\":\"Vie Associative\"},\"image\":{\"@id\":\"https:\/\/vieassociative.be\/actualites\/#\/schema\/logo\/image\/\"}},{\"@type\":\"Person\",\"@id\":\"https:\/\/vieassociative.be\/actualites\/#\/schema\/person\/b87ac4f82f9d4e7b7cec7395b679edc4\",\"name\":\"Julien\",\"image\":{\"@type\":\"ImageObject\",\"inLanguage\":\"fr-BE\",\"@id\":\"https:\/\/vieassociative.be\/actualites\/#\/schema\/person\/image\/\",\"url\":\"https:\/\/vieassociative.be\/actualites\/wp-content\/uploads\/2024\/09\/vie-associative-1-150x150.jpg\",\"contentUrl\":\"https:\/\/vieassociative.be\/actualites\/wp-content\/uploads\/2024\/09\/vie-associative-1-150x150.jpg\",\"caption\":\"Julien\"},\"description\":\"Je suis Julien, r\u00e9dacteur pour Vie Associative. Passionn\u00e9 par le monde associatif depuis plus de 10 ans, j'ai \u00e0 c\u0153ur de partager des histoires inspirantes et de mettre en lumi\u00e8re les initiatives locales. Mon objectif est de sensibiliser et d'encourager l'engagement communautaire \u00e0 travers mes articles.\",\"sameAs\":[\"https:\/\/vieassociative.be\/\"]}]}<\/script>\n<!-- \/ Yoast SEO plugin. -->","yoast_head_json":{"title":"Apr\u00e8s la suppression du S\u00e9nat : le DG a-t-il encore besoin d'une repr\u00e9sentation garantie \u00e0 Bruxelles ? | Vie Associative","robots":{"index":"index","follow":"follow","max-snippet":"max-snippet:-1","max-image-preview":"max-image-preview:large","max-video-preview":"max-video-preview:-1"},"canonical":"https:\/\/vieassociative.be\/actualites\/apres-la-suppression-du-senat-le-dg-a-t-il-encore-besoin-dune-representation-garantie-a-bruxelles\/","og_locale":"fr_FR","og_type":"article","og_title":"Apr\u00e8s la suppression du S\u00e9nat : le DG a-t-il encore besoin d'une repr\u00e9sentation garantie \u00e0 Bruxelles ? | Vie Associative","og_description":"Au sein de la DG, les partis \u00e9tablis s&rsquo;inqui\u00e8tent de la suppression pr\u00e9vue du S\u00e9nat, car ils craignent que cela n&rsquo;entra\u00eene une perte de repr\u00e9sentation","og_url":"https:\/\/vieassociative.be\/actualites\/apres-la-suppression-du-senat-le-dg-a-t-il-encore-besoin-dune-representation-garantie-a-bruxelles\/","og_site_name":"Vie Associative","article_published_time":"2026-04-07T21:18:04+00:00","og_image":[{"width":279,"height":92,"url":"https:\/\/vieassociative.be\/actualites\/wp-content\/uploads\/2024\/09\/header_backgroundk-01-e1726694325946.png","type":"image\/png"}],"author":"Julien","twitter_card":"summary_large_image","twitter_misc":{"\u00c9crit par":"Julien","Dur\u00e9e de lecture est.":"3 minutes"},"schema":{"@context":"https:\/\/schema.org","@graph":[{"@type":"Article","@id":"https:\/\/vieassociative.be\/actualites\/apres-la-suppression-du-senat-le-dg-a-t-il-encore-besoin-dune-representation-garantie-a-bruxelles\/#article","isPartOf":{"@id":"https:\/\/vieassociative.be\/actualites\/apres-la-suppression-du-senat-le-dg-a-t-il-encore-besoin-dune-representation-garantie-a-bruxelles\/"},"author":{"name":"Julien","@id":"https:\/\/vieassociative.be\/actualites\/#\/schema\/person\/b87ac4f82f9d4e7b7cec7395b679edc4"},"headline":"Apr\u00e8s la suppression du S\u00e9nat : le DG a-t-il encore besoin d&rsquo;une repr\u00e9sentation garantie \u00e0 Bruxelles ?","datePublished":"2026-04-07T21:18:04+00:00","dateModified":"2026-04-07T21:18:04+00:00","mainEntityOfPage":{"@id":"https:\/\/vieassociative.be\/actualites\/apres-la-suppression-du-senat-le-dg-a-t-il-encore-besoin-dune-representation-garantie-a-bruxelles\/"},"wordCount":646,"publisher":{"@id":"https:\/\/vieassociative.be\/actualites\/#organization"},"image":{"@id":"https:\/\/vieassociative.be\/actualites\/apres-la-suppression-du-senat-le-dg-a-t-il-encore-besoin-dune-representation-garantie-a-bruxelles\/#primaryimage"},"thumbnailUrl":"https:\/\/vieassociative.be\/actualites\/wp-content\/uploads\/2025\/05\/1747901844_Pensions-remuneration-de-vacances-bonus-dadieu-Cammer-frappe-un-certain.jpeg","keywords":["Apr\u00e8s","atil","besoin","Bruxelles","dune","encore","garantie","repr\u00e9sentation","S\u00e9nat","suppression"],"articleSection":["Belgique"],"inLanguage":"fr-BE"},{"@type":"WebPage","@id":"https:\/\/vieassociative.be\/actualites\/apres-la-suppression-du-senat-le-dg-a-t-il-encore-besoin-dune-representation-garantie-a-bruxelles\/","url":"https:\/\/vieassociative.be\/actualites\/apres-la-suppression-du-senat-le-dg-a-t-il-encore-besoin-dune-representation-garantie-a-bruxelles\/","name":"Apr\u00e8s la suppression du S\u00e9nat : le DG a-t-il encore besoin d'une repr\u00e9sentation garantie \u00e0 Bruxelles ? | Vie Associative","isPartOf":{"@id":"https:\/\/vieassociative.be\/actualites\/#website"},"primaryImageOfPage":{"@id":"https:\/\/vieassociative.be\/actualites\/apres-la-suppression-du-senat-le-dg-a-t-il-encore-besoin-dune-representation-garantie-a-bruxelles\/#primaryimage"},"image":{"@id":"https:\/\/vieassociative.be\/actualites\/apres-la-suppression-du-senat-le-dg-a-t-il-encore-besoin-dune-representation-garantie-a-bruxelles\/#primaryimage"},"thumbnailUrl":"https:\/\/vieassociative.be\/actualites\/wp-content\/uploads\/2025\/05\/1747901844_Pensions-remuneration-de-vacances-bonus-dadieu-Cammer-frappe-un-certain.jpeg","datePublished":"2026-04-07T21:18:04+00:00","dateModified":"2026-04-07T21:18:04+00:00","breadcrumb":{"@id":"https:\/\/vieassociative.be\/actualites\/apres-la-suppression-du-senat-le-dg-a-t-il-encore-besoin-dune-representation-garantie-a-bruxelles\/#breadcrumb"},"inLanguage":"fr-BE","potentialAction":[{"@type":"ReadAction","target":["https:\/\/vieassociative.be\/actualites\/apres-la-suppression-du-senat-le-dg-a-t-il-encore-besoin-dune-representation-garantie-a-bruxelles\/"]}]},{"@type":"ImageObject","inLanguage":"fr-BE","@id":"https:\/\/vieassociative.be\/actualites\/apres-la-suppression-du-senat-le-dg-a-t-il-encore-besoin-dune-representation-garantie-a-bruxelles\/#primaryimage","url":"https:\/\/vieassociative.be\/actualites\/wp-content\/uploads\/2025\/05\/1747901844_Pensions-remuneration-de-vacances-bonus-dadieu-Cammer-frappe-un-certain.jpeg","contentUrl":"https:\/\/vieassociative.be\/actualites\/wp-content\/uploads\/2025\/05\/1747901844_Pensions-remuneration-de-vacances-bonus-dadieu-Cammer-frappe-un-certain.jpeg","width":1200,"height":800,"caption":"Pensions, r\u00e9mun\u00e9ration de vacances, bonus d'adieu: Cammer frappe un certain nombre de privil\u00e8ges pour les parlementaires"},{"@type":"BreadcrumbList","@id":"https:\/\/vieassociative.be\/actualites\/apres-la-suppression-du-senat-le-dg-a-t-il-encore-besoin-dune-representation-garantie-a-bruxelles\/#breadcrumb","itemListElement":[{"@type":"ListItem","position":1,"name":"Accueil","item":"https:\/\/vieassociative.be\/actualites\/"},{"@type":"ListItem","position":2,"name":"Apr\u00e8s la suppression du S\u00e9nat : le DG a-t-il encore besoin d&rsquo;une repr\u00e9sentation garantie \u00e0 Bruxelles ?"}]},{"@type":"WebSite","@id":"https:\/\/vieassociative.be\/actualites\/#website","url":"https:\/\/vieassociative.be\/actualites\/","name":"Vie Associative","description":"","publisher":{"@id":"https:\/\/vieassociative.be\/actualites\/#organization"},"potentialAction":[{"@type":"SearchAction","target":{"@type":"EntryPoint","urlTemplate":"https:\/\/vieassociative.be\/actualites\/?s={search_term_string}"},"query-input":{"@type":"PropertyValueSpecification","valueRequired":true,"valueName":"search_term_string"}}],"inLanguage":"fr-BE"},{"@type":"Organization","@id":"https:\/\/vieassociative.be\/actualites\/#organization","name":"Vie Associative","url":"https:\/\/vieassociative.be\/actualites\/","logo":{"@type":"ImageObject","inLanguage":"fr-BE","@id":"https:\/\/vieassociative.be\/actualites\/#\/schema\/logo\/image\/","url":"https:\/\/vieassociative.be\/actualites\/wp-content\/uploads\/2024\/09\/cropped-vieassociative_favicon.ico.png","contentUrl":"https:\/\/vieassociative.be\/actualites\/wp-content\/uploads\/2024\/09\/cropped-vieassociative_favicon.ico.png","width":512,"height":512,"caption":"Vie Associative"},"image":{"@id":"https:\/\/vieassociative.be\/actualites\/#\/schema\/logo\/image\/"}},{"@type":"Person","@id":"https:\/\/vieassociative.be\/actualites\/#\/schema\/person\/b87ac4f82f9d4e7b7cec7395b679edc4","name":"Julien","image":{"@type":"ImageObject","inLanguage":"fr-BE","@id":"https:\/\/vieassociative.be\/actualites\/#\/schema\/person\/image\/","url":"https:\/\/vieassociative.be\/actualites\/wp-content\/uploads\/2024\/09\/vie-associative-1-150x150.jpg","contentUrl":"https:\/\/vieassociative.be\/actualites\/wp-content\/uploads\/2024\/09\/vie-associative-1-150x150.jpg","caption":"Julien"},"description":"Je suis Julien, r\u00e9dacteur pour Vie Associative. Passionn\u00e9 par le monde associatif depuis plus de 10 ans, j'ai \u00e0 c\u0153ur de partager des histoires inspirantes et de mettre en lumi\u00e8re les initiatives locales. Mon objectif est de sensibiliser et d'encourager l'engagement communautaire \u00e0 travers mes articles.","sameAs":["https:\/\/vieassociative.be\/"]}]}},"_links":{"self":[{"href":"https:\/\/vieassociative.be\/actualites\/wp-json\/wp\/v2\/posts\/13354"}],"collection":[{"href":"https:\/\/vieassociative.be\/actualites\/wp-json\/wp\/v2\/posts"}],"about":[{"href":"https:\/\/vieassociative.be\/actualites\/wp-json\/wp\/v2\/types\/post"}],"author":[{"embeddable":true,"href":"https:\/\/vieassociative.be\/actualites\/wp-json\/wp\/v2\/users\/1"}],"replies":[{"embeddable":true,"href":"https:\/\/vieassociative.be\/actualites\/wp-json\/wp\/v2\/comments?post=13354"}],"version-history":[{"count":0,"href":"https:\/\/vieassociative.be\/actualites\/wp-json\/wp\/v2\/posts\/13354\/revisions"}],"wp:featuredmedia":[{"embeddable":true,"href":"https:\/\/vieassociative.be\/actualites\/wp-json\/wp\/v2\/media\/7704"}],"wp:attachment":[{"href":"https:\/\/vieassociative.be\/actualites\/wp-json\/wp\/v2\/media?parent=13354"}],"wp:term":[{"taxonomy":"category","embeddable":true,"href":"https:\/\/vieassociative.be\/actualites\/wp-json\/wp\/v2\/categories?post=13354"},{"taxonomy":"post_tag","embeddable":true,"href":"https:\/\/vieassociative.be\/actualites\/wp-json\/wp\/v2\/tags?post=13354"}],"curies":[{"name":"wp","href":"https:\/\/api.w.org\/{rel}","templated":true}]}}