{"id":13350,"date":"2026-04-07T17:17:51","date_gmt":"2026-04-07T15:17:51","guid":{"rendered":"https:\/\/vieassociative.be\/actualites\/le-monde-du-football-regarde-cette-rencontre-de-geants-le-bayern-de-kompany-visite-le-real-madrid-aujourdhui\/"},"modified":"2026-04-07T17:17:51","modified_gmt":"2026-04-07T15:17:51","slug":"le-monde-du-football-regarde-cette-rencontre-de-geants-le-bayern-de-kompany-visite-le-real-madrid-aujourdhui","status":"publish","type":"post","link":"https:\/\/vieassociative.be\/actualites\/le-monde-du-football-regarde-cette-rencontre-de-geants-le-bayern-de-kompany-visite-le-real-madrid-aujourdhui\/","title":{"rendered":"Le monde du football regarde cette rencontre de g\u00e9ants : le Bayern de Kompany visite le Real Madrid aujourd&rsquo;hui"},"content":{"rendered":"<p><strong>Le compte \u00e0 rebours est lanc\u00e9. Ce soir, au stade Santiago Bernab\u00e9u, aura lieu la premi\u00e8re partie du quart de finale de la Ligue des Champions entre le Real Madrid et le FC Bayern.<\/strong><\/p>\n<p><span id=\"more-438258\"><\/span>Quand le ballon roule ce soir au Stade Santiago Bernab\u00e9u (21h \/ en direct en Belgique sur RTL Club, vtm2 et picks+Sports), rien de moins qu&rsquo;un classique du football europ\u00e9en n&rsquo;est au programme. Le Real Madrid accueille le FC Bayern Munich en quart de finale aller de la Ligue des Champions. Un duel entre deux g\u00e9ants qui a d\u00e9j\u00e0 \u00e9crit d&rsquo;innombrables chapitres dramatiques dans l&rsquo;histoire de cette comp\u00e9tition. Les deux clubs font partie des \u00e9quipes les plus titr\u00e9es d\u2019Europe et abordent ces huiti\u00e8mes de finale avec de grandes ambitions.<\/p>\n<div id=\"attachment_384417\" class=\"wp-caption alignleft\" style=\"max-width: 300px\"><img fetchpriority=\"high\" decoding=\"async\" class=\"wp-image-384417 size-medium\" src=\"https:\/\/vieassociative.be\/actualites\/wp-content\/uploads\/2026\/04\/Le-monde-du-football-regarde-cette-rencontre-de-geants.jpg\" alt=\"\" width=\"300\" height=\"200\"><\/div>\n<p>La position de d\u00e9part promet de l&rsquo;excitation : le Real Madrid a r\u00e9ussi \u00e0 s&rsquo;imposer de mani\u00e8re impressionnante contre Manchester City en huiti\u00e8mes de finale et semble \u00e0 nouveau au top de sa forme en Ligue des Champions. Dans le m\u00eame temps, les derniers r\u00e9sultats de la ligue &#8211; en dernier lieu une d\u00e9faite contre Majorque &#8211; montrent certaines fluctuations dans la forme du \u00ab Royal \u00bb. C&rsquo;est pr\u00e9cis\u00e9ment pour cela que le match d&rsquo;aujourd&rsquo;hui est particuli\u00e8rement important, car la Ligue des Champions est une fois de plus l&rsquo;opportunit\u00e9 de titre la plus importante de la saison pour Madrid.<\/p>\n<p>Le FC Bayern, en revanche, voyage avec un vent favorable. L&rsquo;\u00e9quipe munichoise est apparue r\u00e9cemment avide de buts et confiante, notamment lors des huiti\u00e8mes de finale face \u00e0 l&rsquo;Atalanta Bergame, qu&rsquo;elle a clairement domin\u00e9. La r\u00e9cente victoire contre Fribourg souligne \u00e9galement la bonne forme actuelle de l&rsquo;\u00e9quipe et sa confiance en soi accrue. Les champions allemands du record devraient para\u00eetre tout aussi confiants au stade Bernabeu.<\/p>\n<p>Tactiquement, un duel int\u00e9ressant est susceptible de se d\u00e9velopper : le Real Madrid s&rsquo;appuie traditionnellement sur des jeux de changement rapide et utilise sa classe individuelle en attaque, tandis que le Bayern tente de prendre le contr\u00f4le par la possession et un jeu offensif structur\u00e9. Dans le m\u00eame temps, les deux lignes d\u00e9fensives ne sont pas consid\u00e9r\u00e9es comme insurmontables \u2013 une autre indication que des buts sont probables des deux c\u00f4t\u00e9s.<\/p>\n<p>\u2013 Historique et signification du duel : La rencontre entre ces deux clubs est bien plus qu\u2019un simple quart de finale. Aucun duo n\u2019a \u00e9t\u00e9 jou\u00e9 plus fr\u00e9quemment dans l\u2019histoire de la Ligue des champions. Le pass\u00e9 r\u00e9cent parle davantage en faveur du Real Madrid, qui a remport\u00e9 plusieurs des derniers duels et a d\u00e9montr\u00e9 \u00e0 plusieurs reprises sa force mentale, notamment lors des matchs \u00e0 \u00e9limination directe.<\/p>\n<div id=\"attachment_438263\" class=\"wp-caption alignleft\" style=\"max-width: 300px\"><img decoding=\"async\" class=\"wp-image-438263 size-medium\" src=\"https:\/\/vieassociative.be\/actualites\/wp-content\/uploads\/2026\/04\/1775575071_78_Le-monde-du-football-regarde-cette-rencontre-de-geants.jpg\" alt=\"\" width=\"300\" height=\"200\"><\/div>\n<p>N\u00e9anmoins, le Bayern voyage avec l&rsquo;objectif clair de briser cette s\u00e9rie et de d\u00e9velopper une bonne position de d\u00e9part pour le match retour \u00e0 Munich. Le match aller \u00e0 Madrid sera particuli\u00e8rement crucial pour poser les bases d&rsquo;\u00e9ventuels progr\u00e8s.<\/p>\n<p>Pour Vincent Kompany, il s&rsquo;agit du 100e match de comp\u00e9tition en tant qu&rsquo;entra\u00eeneur du Bayern. Et le Belge, qui f\u00eate ce vendredi ses 40 ans entre les deux matches, s&rsquo;attend \u00e0 de belles choses. \u00ab\u00a0Nous nous pr\u00e9parons pour la meilleure version du Real Madrid\u00a0\u00bb, a-t-il d\u00e9clar\u00e9 apr\u00e8s son arriv\u00e9e \u00e0 Madrid : \u00ab\u00a0Le plus important pour moi est que nous soyons pleinement concentr\u00e9s sur le match le plus difficile qu&rsquo;on puisse avoir en Europe. Je veux juste que nous gagnions, que l&rsquo;\u00e9quipe n&rsquo;ait pas peur ici et montre ce dont elle est capable.\u00a0\u00bb<\/p>\n<p><strong>\u2013 Kane 10 buts contre Mbapp\u00e9 13 buts :<\/strong> Ce sont les meilleurs buteurs de la saison actuelle en cat\u00e9gorie reine : Kylian Mbapp\u00e9 a marqu\u00e9 13 fois pour le Real Madrid, Harry Kane dix fois pour le Bayern. Le meilleur buteur du Bayern peut-il jouer apr\u00e8s sa blessure \u00e0 la cheville ? Cela y ressemble. Et sinon ? Les Royals seraient heureux. \u00ab\u00a0Beaucoup de changements sans Kane car il marque beaucoup de buts\u00a0\u00bb, a d\u00e9clar\u00e9 la star du Real Vin\u00edcius J\u00fanior.<\/p>\n<p>Joshua Kimmich a soulign\u00e9 l&rsquo;importance de l&rsquo;Anglais pour l&rsquo;\u00e9quipe de Munich. \u00ab\u00a0Combien de cartons Harry a-t-il r\u00e9alis\u00e9 cette saison ? 40 ? 50 ?\u00a0\u00bb Il y en a exactement 48 sur 40 matchs comp\u00e9titifs. Mais Kane ne peut pas \u00eatre r\u00e9duit au nombre de coups s\u00fbrs, a d\u00e9clar\u00e9 Kimmich : \u00ab\u00a0Harry n&rsquo;est pas seulement un ex\u00e9cuteur, un pur \u00e9go\u00efste. Il est pour nous un leader absolu.\u00a0\u00bb<\/p>\n<div id=\"attachment_381611\" class=\"wp-caption alignleft\" style=\"max-width: 300px\"><img decoding=\"async\" class=\"wp-image-381611 size-medium\" src=\"https:\/\/vieassociative.be\/actualites\/wp-content\/uploads\/2026\/04\/1775575071_417_Le-monde-du-football-regarde-cette-rencontre-de-geants.jpg\" alt=\"\" width=\"300\" height=\"200\"><\/div>\n<p><strong>\u2013 Le Danger Jaune :<\/strong> Joshua Kimmich et Michael Olise peuvent se remettre au travail face au Real. Le duo du Bayern a purg\u00e9 un carton jaune de suspension lors du match retour des huiti\u00e8mes de finale contre l&rsquo;Atalanta Bergame. Du c\u00f4t\u00e9 de Munich, les d\u00e9fenseurs Dayot Upamecano et Konrad Laimer abordent le match au Bernab\u00e9u avec une lourde charge.<\/p>\n<p>Le danger est bien plus grand du c\u00f4t\u00e9 du Real. En cas d&rsquo;avertissement, six professionnels devraient assister dans une semaine au match retour d\u00e9cisif \u00e0 Munich, dont les attaquants vedettes Kylian Mbapp\u00e9 et Vin\u00edcius J\u00fanior. Jude Bellingham, Dean Huijsen, Aur\u00e9lien Tchoaum\u00e9ni et \u00c1lvaro Carreras devront \u00e9galement faire attention. Les cartons jaunes ne seront annul\u00e9s qu&rsquo;apr\u00e8s les quarts de finale. \u00ab\u00a0Quand l&rsquo;intensit\u00e9 est \u00e9lev\u00e9e, quelque chose peut toujours arriver\u00a0\u00bb, a d\u00e9clar\u00e9 l&rsquo;entra\u00eeneur du Bayern Kompany \u00e0 propos du probl\u00e8me du carton jaune lors d&rsquo;un duel \u00e0 \u00e9limination directe.<\/p>\n<p><strong>\u2013 Manuel Neuer encore de belles actions \u00e0 40 ans ?<\/strong> Lors de la derni\u00e8re demi-finale contre le Real il y a deux ans, le gardien Manuel Neuer \u00e9tait la figure tragique de l&rsquo;\u00e9quipe du Bayern. Neuer a tenu bon jusqu&rsquo;\u00e0 la 88e minute. Puis, alors que le score \u00e9tait de 1-0, il commet une erreur sur un tir inoffensif de Vin\u00edcius J\u00fanior &#8211; et le Bayern perd 2-1 en phase finale. Pour Neuer, c\u2019\u00e9tait \u00ab brutal \u00bb \u00e0 l\u2019\u00e9poque. Il revient d\u00e9sormais au Bernab\u00e9u \u00e0 40 ans. Avec une fin heureuse ? (cr\u00e9\/dpa)<\/p>\n","protected":false},"excerpt":{"rendered":"<p>Le compte \u00e0 rebours est lanc\u00e9. Ce soir, au stade Santiago Bernab\u00e9u, aura lieu la premi\u00e8re partie du quart de finale de la Ligue des<\/p>\n","protected":false},"author":1,"featured_media":13351,"comment_status":"","ping_status":"","sticky":false,"template":"","format":"standard","meta":{"footnotes":""},"categories":[298],"tags":[2330,2298,206,1104,8792,4024,2301,237,369,4463,1184,4452],"class_list":["post-13350","post","type-post","status-publish","format-standard","has-post-thumbnail","hentry","category-belgique","tag-aujourdhui","tag-bayern","tag-cette","tag-football","tag-geants","tag-kompany","tag-madrid","tag-monde","tag-real","tag-regarde","tag-rencontre","tag-visite","generate-columns","tablet-grid-50","mobile-grid-100","grid-parent","grid-33"],"yoast_head":"<!-- This site is optimized with the Yoast SEO plugin v24.0 - https:\/\/yoast.com\/wordpress\/plugins\/seo\/ -->\n<title>Le monde du football regarde cette rencontre de g\u00e9ants : le Bayern de Kompany visite le Real Madrid aujourd&#039;hui | Vie Associative<\/title>\n<meta name=\"robots\" content=\"index, follow, max-snippet:-1, max-image-preview:large, max-video-preview:-1\" \/>\n<link rel=\"canonical\" href=\"https:\/\/vieassociative.be\/actualites\/le-monde-du-football-regarde-cette-rencontre-de-geants-le-bayern-de-kompany-visite-le-real-madrid-aujourdhui\/\" \/>\n<meta property=\"og:locale\" content=\"fr_FR\" \/>\n<meta property=\"og:type\" content=\"article\" \/>\n<meta property=\"og:title\" content=\"Le monde du football regarde cette rencontre de g\u00e9ants : le Bayern de Kompany visite le Real Madrid aujourd&#039;hui | Vie Associative\" \/>\n<meta property=\"og:description\" content=\"Le compte \u00e0 rebours est lanc\u00e9. Ce soir, au stade Santiago Bernab\u00e9u, aura lieu la premi\u00e8re partie du quart de finale de la Ligue des\" \/>\n<meta property=\"og:url\" content=\"https:\/\/vieassociative.be\/actualites\/le-monde-du-football-regarde-cette-rencontre-de-geants-le-bayern-de-kompany-visite-le-real-madrid-aujourdhui\/\" \/>\n<meta property=\"og:site_name\" content=\"Vie Associative\" \/>\n<meta property=\"article:published_time\" content=\"2026-04-07T15:17:51+00:00\" \/>\n<meta property=\"og:image\" content=\"https:\/\/vieassociative.be\/actualites\/wp-content\/uploads\/2024\/09\/header_backgroundk-01-e1726694325946.png\" \/>\n\t<meta property=\"og:image:width\" content=\"279\" \/>\n\t<meta property=\"og:image:height\" content=\"92\" \/>\n\t<meta property=\"og:image:type\" content=\"image\/png\" \/>\n<meta name=\"author\" content=\"Julien\" \/>\n<meta name=\"twitter:card\" content=\"summary_large_image\" \/>\n<meta name=\"twitter:label1\" content=\"\u00c9crit par\" \/>\n\t<meta name=\"twitter:data1\" content=\"Julien\" \/>\n\t<meta name=\"twitter:label2\" content=\"Dur\u00e9e de lecture est.\" \/>\n\t<meta name=\"twitter:data2\" content=\"5 minutes\" \/>\n<script type=\"application\/ld+json\" class=\"yoast-schema-graph\">{\"@context\":\"https:\/\/schema.org\",\"@graph\":[{\"@type\":\"Article\",\"@id\":\"https:\/\/vieassociative.be\/actualites\/le-monde-du-football-regarde-cette-rencontre-de-geants-le-bayern-de-kompany-visite-le-real-madrid-aujourdhui\/#article\",\"isPartOf\":{\"@id\":\"https:\/\/vieassociative.be\/actualites\/le-monde-du-football-regarde-cette-rencontre-de-geants-le-bayern-de-kompany-visite-le-real-madrid-aujourdhui\/\"},\"author\":{\"name\":\"Julien\",\"@id\":\"https:\/\/vieassociative.be\/actualites\/#\/schema\/person\/b87ac4f82f9d4e7b7cec7395b679edc4\"},\"headline\":\"Le monde du football regarde cette rencontre de g\u00e9ants : le Bayern de Kompany visite le Real Madrid aujourd&rsquo;hui\",\"datePublished\":\"2026-04-07T15:17:51+00:00\",\"dateModified\":\"2026-04-07T15:17:51+00:00\",\"mainEntityOfPage\":{\"@id\":\"https:\/\/vieassociative.be\/actualites\/le-monde-du-football-regarde-cette-rencontre-de-geants-le-bayern-de-kompany-visite-le-real-madrid-aujourdhui\/\"},\"wordCount\":1040,\"publisher\":{\"@id\":\"https:\/\/vieassociative.be\/actualites\/#organization\"},\"image\":{\"@id\":\"https:\/\/vieassociative.be\/actualites\/le-monde-du-football-regarde-cette-rencontre-de-geants-le-bayern-de-kompany-visite-le-real-madrid-aujourdhui\/#primaryimage\"},\"thumbnailUrl\":\"https:\/\/vieassociative.be\/actualites\/wp-content\/uploads\/2026\/04\/1775575073_Le-monde-du-football-regarde-cette-rencontre-de-geants.jpg\",\"keywords\":[\"aujourdhui\",\"Bayern\",\"cette\",\"football\",\"g\u00e9ants\",\"Kompany\",\"Madrid\",\"monde\",\"Real\",\"regarde\",\"rencontre\",\"visite\"],\"articleSection\":[\"Belgique\"],\"inLanguage\":\"fr-BE\"},{\"@type\":\"WebPage\",\"@id\":\"https:\/\/vieassociative.be\/actualites\/le-monde-du-football-regarde-cette-rencontre-de-geants-le-bayern-de-kompany-visite-le-real-madrid-aujourdhui\/\",\"url\":\"https:\/\/vieassociative.be\/actualites\/le-monde-du-football-regarde-cette-rencontre-de-geants-le-bayern-de-kompany-visite-le-real-madrid-aujourdhui\/\",\"name\":\"Le monde du football regarde cette rencontre de g\u00e9ants : le Bayern de Kompany visite le Real Madrid aujourd'hui | Vie Associative\",\"isPartOf\":{\"@id\":\"https:\/\/vieassociative.be\/actualites\/#website\"},\"primaryImageOfPage\":{\"@id\":\"https:\/\/vieassociative.be\/actualites\/le-monde-du-football-regarde-cette-rencontre-de-geants-le-bayern-de-kompany-visite-le-real-madrid-aujourdhui\/#primaryimage\"},\"image\":{\"@id\":\"https:\/\/vieassociative.be\/actualites\/le-monde-du-football-regarde-cette-rencontre-de-geants-le-bayern-de-kompany-visite-le-real-madrid-aujourdhui\/#primaryimage\"},\"thumbnailUrl\":\"https:\/\/vieassociative.be\/actualites\/wp-content\/uploads\/2026\/04\/1775575073_Le-monde-du-football-regarde-cette-rencontre-de-geants.jpg\",\"datePublished\":\"2026-04-07T15:17:51+00:00\",\"dateModified\":\"2026-04-07T15:17:51+00:00\",\"breadcrumb\":{\"@id\":\"https:\/\/vieassociative.be\/actualites\/le-monde-du-football-regarde-cette-rencontre-de-geants-le-bayern-de-kompany-visite-le-real-madrid-aujourdhui\/#breadcrumb\"},\"inLanguage\":\"fr-BE\",\"potentialAction\":[{\"@type\":\"ReadAction\",\"target\":[\"https:\/\/vieassociative.be\/actualites\/le-monde-du-football-regarde-cette-rencontre-de-geants-le-bayern-de-kompany-visite-le-real-madrid-aujourdhui\/\"]}]},{\"@type\":\"ImageObject\",\"inLanguage\":\"fr-BE\",\"@id\":\"https:\/\/vieassociative.be\/actualites\/le-monde-du-football-regarde-cette-rencontre-de-geants-le-bayern-de-kompany-visite-le-real-madrid-aujourdhui\/#primaryimage\",\"url\":\"https:\/\/vieassociative.be\/actualites\/wp-content\/uploads\/2026\/04\/1775575073_Le-monde-du-football-regarde-cette-rencontre-de-geants.jpg\",\"contentUrl\":\"https:\/\/vieassociative.be\/actualites\/wp-content\/uploads\/2026\/04\/1775575073_Le-monde-du-football-regarde-cette-rencontre-de-geants.jpg\",\"width\":1200,\"height\":800,\"caption\":\"Le monde du football regarde cette rencontre de g\u00e9ants : le Bayern de Kompany visite le Real Madrid aujourd'hui\"},{\"@type\":\"BreadcrumbList\",\"@id\":\"https:\/\/vieassociative.be\/actualites\/le-monde-du-football-regarde-cette-rencontre-de-geants-le-bayern-de-kompany-visite-le-real-madrid-aujourdhui\/#breadcrumb\",\"itemListElement\":[{\"@type\":\"ListItem\",\"position\":1,\"name\":\"Accueil\",\"item\":\"https:\/\/vieassociative.be\/actualites\/\"},{\"@type\":\"ListItem\",\"position\":2,\"name\":\"Le monde du football regarde cette rencontre de g\u00e9ants : le Bayern de Kompany visite le Real Madrid aujourd&rsquo;hui\"}]},{\"@type\":\"WebSite\",\"@id\":\"https:\/\/vieassociative.be\/actualites\/#website\",\"url\":\"https:\/\/vieassociative.be\/actualites\/\",\"name\":\"Vie Associative\",\"description\":\"\",\"publisher\":{\"@id\":\"https:\/\/vieassociative.be\/actualites\/#organization\"},\"potentialAction\":[{\"@type\":\"SearchAction\",\"target\":{\"@type\":\"EntryPoint\",\"urlTemplate\":\"https:\/\/vieassociative.be\/actualites\/?s={search_term_string}\"},\"query-input\":{\"@type\":\"PropertyValueSpecification\",\"valueRequired\":true,\"valueName\":\"search_term_string\"}}],\"inLanguage\":\"fr-BE\"},{\"@type\":\"Organization\",\"@id\":\"https:\/\/vieassociative.be\/actualites\/#organization\",\"name\":\"Vie Associative\",\"url\":\"https:\/\/vieassociative.be\/actualites\/\",\"logo\":{\"@type\":\"ImageObject\",\"inLanguage\":\"fr-BE\",\"@id\":\"https:\/\/vieassociative.be\/actualites\/#\/schema\/logo\/image\/\",\"url\":\"https:\/\/vieassociative.be\/actualites\/wp-content\/uploads\/2024\/09\/cropped-vieassociative_favicon.ico.png\",\"contentUrl\":\"https:\/\/vieassociative.be\/actualites\/wp-content\/uploads\/2024\/09\/cropped-vieassociative_favicon.ico.png\",\"width\":512,\"height\":512,\"caption\":\"Vie Associative\"},\"image\":{\"@id\":\"https:\/\/vieassociative.be\/actualites\/#\/schema\/logo\/image\/\"}},{\"@type\":\"Person\",\"@id\":\"https:\/\/vieassociative.be\/actualites\/#\/schema\/person\/b87ac4f82f9d4e7b7cec7395b679edc4\",\"name\":\"Julien\",\"image\":{\"@type\":\"ImageObject\",\"inLanguage\":\"fr-BE\",\"@id\":\"https:\/\/vieassociative.be\/actualites\/#\/schema\/person\/image\/\",\"url\":\"https:\/\/vieassociative.be\/actualites\/wp-content\/uploads\/2024\/09\/vie-associative-1-150x150.jpg\",\"contentUrl\":\"https:\/\/vieassociative.be\/actualites\/wp-content\/uploads\/2024\/09\/vie-associative-1-150x150.jpg\",\"caption\":\"Julien\"},\"description\":\"Je suis Julien, r\u00e9dacteur pour Vie Associative. Passionn\u00e9 par le monde associatif depuis plus de 10 ans, j'ai \u00e0 c\u0153ur de partager des histoires inspirantes et de mettre en lumi\u00e8re les initiatives locales. Mon objectif est de sensibiliser et d'encourager l'engagement communautaire \u00e0 travers mes articles.\",\"sameAs\":[\"https:\/\/vieassociative.be\/\"]}]}<\/script>\n<!-- \/ Yoast SEO plugin. -->","yoast_head_json":{"title":"Le monde du football regarde cette rencontre de g\u00e9ants : le Bayern de Kompany visite le Real Madrid aujourd'hui | Vie Associative","robots":{"index":"index","follow":"follow","max-snippet":"max-snippet:-1","max-image-preview":"max-image-preview:large","max-video-preview":"max-video-preview:-1"},"canonical":"https:\/\/vieassociative.be\/actualites\/le-monde-du-football-regarde-cette-rencontre-de-geants-le-bayern-de-kompany-visite-le-real-madrid-aujourdhui\/","og_locale":"fr_FR","og_type":"article","og_title":"Le monde du football regarde cette rencontre de g\u00e9ants : le Bayern de Kompany visite le Real Madrid aujourd'hui | Vie Associative","og_description":"Le compte \u00e0 rebours est lanc\u00e9. Ce soir, au stade Santiago Bernab\u00e9u, aura lieu la premi\u00e8re partie du quart de finale de la Ligue des","og_url":"https:\/\/vieassociative.be\/actualites\/le-monde-du-football-regarde-cette-rencontre-de-geants-le-bayern-de-kompany-visite-le-real-madrid-aujourdhui\/","og_site_name":"Vie Associative","article_published_time":"2026-04-07T15:17:51+00:00","og_image":[{"width":279,"height":92,"url":"https:\/\/vieassociative.be\/actualites\/wp-content\/uploads\/2024\/09\/header_backgroundk-01-e1726694325946.png","type":"image\/png"}],"author":"Julien","twitter_card":"summary_large_image","twitter_misc":{"\u00c9crit par":"Julien","Dur\u00e9e de lecture est.":"5 minutes"},"schema":{"@context":"https:\/\/schema.org","@graph":[{"@type":"Article","@id":"https:\/\/vieassociative.be\/actualites\/le-monde-du-football-regarde-cette-rencontre-de-geants-le-bayern-de-kompany-visite-le-real-madrid-aujourdhui\/#article","isPartOf":{"@id":"https:\/\/vieassociative.be\/actualites\/le-monde-du-football-regarde-cette-rencontre-de-geants-le-bayern-de-kompany-visite-le-real-madrid-aujourdhui\/"},"author":{"name":"Julien","@id":"https:\/\/vieassociative.be\/actualites\/#\/schema\/person\/b87ac4f82f9d4e7b7cec7395b679edc4"},"headline":"Le monde du football regarde cette rencontre de g\u00e9ants : le Bayern de Kompany visite le Real Madrid aujourd&rsquo;hui","datePublished":"2026-04-07T15:17:51+00:00","dateModified":"2026-04-07T15:17:51+00:00","mainEntityOfPage":{"@id":"https:\/\/vieassociative.be\/actualites\/le-monde-du-football-regarde-cette-rencontre-de-geants-le-bayern-de-kompany-visite-le-real-madrid-aujourdhui\/"},"wordCount":1040,"publisher":{"@id":"https:\/\/vieassociative.be\/actualites\/#organization"},"image":{"@id":"https:\/\/vieassociative.be\/actualites\/le-monde-du-football-regarde-cette-rencontre-de-geants-le-bayern-de-kompany-visite-le-real-madrid-aujourdhui\/#primaryimage"},"thumbnailUrl":"https:\/\/vieassociative.be\/actualites\/wp-content\/uploads\/2026\/04\/1775575073_Le-monde-du-football-regarde-cette-rencontre-de-geants.jpg","keywords":["aujourdhui","Bayern","cette","football","g\u00e9ants","Kompany","Madrid","monde","Real","regarde","rencontre","visite"],"articleSection":["Belgique"],"inLanguage":"fr-BE"},{"@type":"WebPage","@id":"https:\/\/vieassociative.be\/actualites\/le-monde-du-football-regarde-cette-rencontre-de-geants-le-bayern-de-kompany-visite-le-real-madrid-aujourdhui\/","url":"https:\/\/vieassociative.be\/actualites\/le-monde-du-football-regarde-cette-rencontre-de-geants-le-bayern-de-kompany-visite-le-real-madrid-aujourdhui\/","name":"Le monde du football regarde cette rencontre de g\u00e9ants : le Bayern de Kompany visite le Real Madrid aujourd'hui | Vie Associative","isPartOf":{"@id":"https:\/\/vieassociative.be\/actualites\/#website"},"primaryImageOfPage":{"@id":"https:\/\/vieassociative.be\/actualites\/le-monde-du-football-regarde-cette-rencontre-de-geants-le-bayern-de-kompany-visite-le-real-madrid-aujourdhui\/#primaryimage"},"image":{"@id":"https:\/\/vieassociative.be\/actualites\/le-monde-du-football-regarde-cette-rencontre-de-geants-le-bayern-de-kompany-visite-le-real-madrid-aujourdhui\/#primaryimage"},"thumbnailUrl":"https:\/\/vieassociative.be\/actualites\/wp-content\/uploads\/2026\/04\/1775575073_Le-monde-du-football-regarde-cette-rencontre-de-geants.jpg","datePublished":"2026-04-07T15:17:51+00:00","dateModified":"2026-04-07T15:17:51+00:00","breadcrumb":{"@id":"https:\/\/vieassociative.be\/actualites\/le-monde-du-football-regarde-cette-rencontre-de-geants-le-bayern-de-kompany-visite-le-real-madrid-aujourdhui\/#breadcrumb"},"inLanguage":"fr-BE","potentialAction":[{"@type":"ReadAction","target":["https:\/\/vieassociative.be\/actualites\/le-monde-du-football-regarde-cette-rencontre-de-geants-le-bayern-de-kompany-visite-le-real-madrid-aujourdhui\/"]}]},{"@type":"ImageObject","inLanguage":"fr-BE","@id":"https:\/\/vieassociative.be\/actualites\/le-monde-du-football-regarde-cette-rencontre-de-geants-le-bayern-de-kompany-visite-le-real-madrid-aujourdhui\/#primaryimage","url":"https:\/\/vieassociative.be\/actualites\/wp-content\/uploads\/2026\/04\/1775575073_Le-monde-du-football-regarde-cette-rencontre-de-geants.jpg","contentUrl":"https:\/\/vieassociative.be\/actualites\/wp-content\/uploads\/2026\/04\/1775575073_Le-monde-du-football-regarde-cette-rencontre-de-geants.jpg","width":1200,"height":800,"caption":"Le monde du football regarde cette rencontre de g\u00e9ants : le Bayern de Kompany visite le Real Madrid aujourd'hui"},{"@type":"BreadcrumbList","@id":"https:\/\/vieassociative.be\/actualites\/le-monde-du-football-regarde-cette-rencontre-de-geants-le-bayern-de-kompany-visite-le-real-madrid-aujourdhui\/#breadcrumb","itemListElement":[{"@type":"ListItem","position":1,"name":"Accueil","item":"https:\/\/vieassociative.be\/actualites\/"},{"@type":"ListItem","position":2,"name":"Le monde du football regarde cette rencontre de g\u00e9ants : le Bayern de Kompany visite le Real Madrid aujourd&rsquo;hui"}]},{"@type":"WebSite","@id":"https:\/\/vieassociative.be\/actualites\/#website","url":"https:\/\/vieassociative.be\/actualites\/","name":"Vie Associative","description":"","publisher":{"@id":"https:\/\/vieassociative.be\/actualites\/#organization"},"potentialAction":[{"@type":"SearchAction","target":{"@type":"EntryPoint","urlTemplate":"https:\/\/vieassociative.be\/actualites\/?s={search_term_string}"},"query-input":{"@type":"PropertyValueSpecification","valueRequired":true,"valueName":"search_term_string"}}],"inLanguage":"fr-BE"},{"@type":"Organization","@id":"https:\/\/vieassociative.be\/actualites\/#organization","name":"Vie Associative","url":"https:\/\/vieassociative.be\/actualites\/","logo":{"@type":"ImageObject","inLanguage":"fr-BE","@id":"https:\/\/vieassociative.be\/actualites\/#\/schema\/logo\/image\/","url":"https:\/\/vieassociative.be\/actualites\/wp-content\/uploads\/2024\/09\/cropped-vieassociative_favicon.ico.png","contentUrl":"https:\/\/vieassociative.be\/actualites\/wp-content\/uploads\/2024\/09\/cropped-vieassociative_favicon.ico.png","width":512,"height":512,"caption":"Vie Associative"},"image":{"@id":"https:\/\/vieassociative.be\/actualites\/#\/schema\/logo\/image\/"}},{"@type":"Person","@id":"https:\/\/vieassociative.be\/actualites\/#\/schema\/person\/b87ac4f82f9d4e7b7cec7395b679edc4","name":"Julien","image":{"@type":"ImageObject","inLanguage":"fr-BE","@id":"https:\/\/vieassociative.be\/actualites\/#\/schema\/person\/image\/","url":"https:\/\/vieassociative.be\/actualites\/wp-content\/uploads\/2024\/09\/vie-associative-1-150x150.jpg","contentUrl":"https:\/\/vieassociative.be\/actualites\/wp-content\/uploads\/2024\/09\/vie-associative-1-150x150.jpg","caption":"Julien"},"description":"Je suis Julien, r\u00e9dacteur pour Vie Associative. Passionn\u00e9 par le monde associatif depuis plus de 10 ans, j'ai \u00e0 c\u0153ur de partager des histoires inspirantes et de mettre en lumi\u00e8re les initiatives locales. Mon objectif est de sensibiliser et d'encourager l'engagement communautaire \u00e0 travers mes articles.","sameAs":["https:\/\/vieassociative.be\/"]}]}},"_links":{"self":[{"href":"https:\/\/vieassociative.be\/actualites\/wp-json\/wp\/v2\/posts\/13350"}],"collection":[{"href":"https:\/\/vieassociative.be\/actualites\/wp-json\/wp\/v2\/posts"}],"about":[{"href":"https:\/\/vieassociative.be\/actualites\/wp-json\/wp\/v2\/types\/post"}],"author":[{"embeddable":true,"href":"https:\/\/vieassociative.be\/actualites\/wp-json\/wp\/v2\/users\/1"}],"replies":[{"embeddable":true,"href":"https:\/\/vieassociative.be\/actualites\/wp-json\/wp\/v2\/comments?post=13350"}],"version-history":[{"count":0,"href":"https:\/\/vieassociative.be\/actualites\/wp-json\/wp\/v2\/posts\/13350\/revisions"}],"wp:featuredmedia":[{"embeddable":true,"href":"https:\/\/vieassociative.be\/actualites\/wp-json\/wp\/v2\/media\/13351"}],"wp:attachment":[{"href":"https:\/\/vieassociative.be\/actualites\/wp-json\/wp\/v2\/media?parent=13350"}],"wp:term":[{"taxonomy":"category","embeddable":true,"href":"https:\/\/vieassociative.be\/actualites\/wp-json\/wp\/v2\/categories?post=13350"},{"taxonomy":"post_tag","embeddable":true,"href":"https:\/\/vieassociative.be\/actualites\/wp-json\/wp\/v2\/tags?post=13350"}],"curies":[{"name":"wp","href":"https:\/\/api.w.org\/{rel}","templated":true}]}}