{"id":13342,"date":"2026-04-06T22:20:13","date_gmt":"2026-04-06T20:20:13","guid":{"rendered":"https:\/\/vieassociative.be\/actualites\/les-ecouteurs-wh-1000xm5-exceptionnels-de-sony-beneficient-actuellement-dune-reduction-de-150\/"},"modified":"2026-04-06T22:20:13","modified_gmt":"2026-04-06T20:20:13","slug":"les-ecouteurs-wh-1000xm5-exceptionnels-de-sony-beneficient-actuellement-dune-reduction-de-150","status":"publish","type":"post","link":"https:\/\/vieassociative.be\/actualites\/les-ecouteurs-wh-1000xm5-exceptionnels-de-sony-beneficient-actuellement-dune-reduction-de-150\/","title":{"rendered":"Les \u00e9couteurs WH-1000XM5 exceptionnels de Sony b\u00e9n\u00e9ficient actuellement d&rsquo;une r\u00e9duction de 150\u00a0$"},"content":{"rendered":"<p>Nous pouvons gagner une commission sur les liens sur cette page. Les prix et la disponibilit\u00e9 de l&rsquo;offre sont sujets \u00e0 changement apr\u00e8s la publication.<\/p>\n<p>Les \u00e9couteurs Sony WH-1000XM6 sont l&rsquo;entr\u00e9e la plus r\u00e9cente de la s\u00e9rie 1000X de Sony, qui existe depuis 2016. Ce sont les meilleurs \u00e9couteurs supra-auriculaires en termes de qualit\u00e9 audio actuellement sur le march\u00e9, mais tout le monde ne peut pas (ou doit) d\u00e9penser pr\u00e8s d&rsquo;un demi-mille sur les \u00e9couteurs. Les WH-1000XM5 appartiennent \u00e0 une g\u00e9n\u00e9ration plus \u00e2g\u00e9e et \u00e9taient au sommet de leur cat\u00e9gorie lors de leur sortie initiale. \u00c9tant donn\u00e9 que ce mod\u00e8le a quelques ann\u00e9es, ils sont actuellement r\u00e9duits \u00e0 248 $ (\u00e0 l&rsquo;origine 399,99 $), soit le deuxi\u00e8me prix le plus bas jamais atteint, selon les outils de suivi des prix.<\/p>\n<div class=\"pogoClear mb-12 mt-10 rounded-md border-2 border-gray-100 py-7 shadow-xl md:py-6\">\n<div class=\"flex flex-wrap justify-between px-7 text-black no-underline md:flex-nowrap md:px-8\">\n<div class=\"order-1 mx-auto flex flex-col justify-center md:order-2 md:ml-4 md:w-full md:grow\">\n<div class=\"block cursor-pointer text-center font-akshar text-2xl font-medium leading-7 text-brand-green duration-200 ease-in-out hover:text-brand-green-700 md:text-left md:text-xl md:leading-6\">Sony WH-1000XM5\n                <\/div>\n<div class=\"mt-4 block font-sans text-sm font-medium leading-4 text-gray-900 md:mx-0 md:mt-2\">\n                    <\/div>\n<div class=\"mt-4 hidden md:flex md:justify-between\">\n<div class=\"self-end\">\n<div class=\"mb-0 h-11 md:flex md:flex-col md:justify-center\">\n<div class=\" font-sans leading-4 text-black\">\n<div class=\"flex flex-wrap items-center justify-center gap-1 md:justify-start\">\n        <span class=\"font-bold\"><\/p>\n<p>            248,00\u00a0$<br \/>\n                            <span class=\"font-medium\">chez Amazon<\/span><br \/>\n                    <\/span>\n            <\/div>\n<div class=\"flex items-center justify-center gap-x-1 font-bold md:justify-start\">\n            <span class=\"text-sm line-through\">399,99\u00a0$<\/span><br \/>\n            <span class=\"text-sm text-brand-green\">\u00c9conomisez 151,99\u00a0$<\/span>\n        <\/div>\n<\/p><\/div>\n<\/p><\/div>\n<\/p><\/div>\n<div class=\"w-44 self-end\">\n                            <button class=\"flex justify-center items-center w-full bg-brand-green text-white text-base font-sans font-medium rounded-md hover:bg-brand-green-700 hover:cursor-pointer md:text-sm h-11\"><\/p>\n<p>    Obtenez une offre<br \/>\n<\/button>\n                        <\/div>\n<\/p><\/div>\n<\/p><\/div>\n<div class=\"order-2 mt-5 h-auto w-full md:order-1 md:mt-0 md:hidden\">\n<div class=\"flex aspect-video items-center justify-center\">\n                                            <img decoding=\"async\" class=\"m-0 max-h-full max-w-full rounded-md\" src=\"https:\/\/vieassociative.be\/actualites\/wp-content\/uploads\/2026\/04\/Les-ecouteurs-WH-1000XM5-exceptionnels-de-Sony-beneficient-actuellement-dune-reduction.jpg\" alt=\"Sony WH-1000XM5\" width=\"auto\" height=\"auto\" loading=\"lazy\">\n                                    <\/div>\n<\/p><\/div>\n<div class=\"order-2 ml-2 hidden w-32 shrink-0 items-center md:order-1 md:ml-0 md:flex\">\n<div class=\"flex aspect-video items-center justify-center\">\n                                            <img decoding=\"async\" class=\"m-0 max-h-full max-w-full rounded-md\" src=\"https:\/\/vieassociative.be\/actualites\/wp-content\/uploads\/2026\/04\/Les-ecouteurs-WH-1000XM5-exceptionnels-de-Sony-beneficient-actuellement-dune-reduction.jpg\" alt=\"Sony WH-1000XM5\" width=\"auto\" height=\"auto\" loading=\"lazy\">\n                                    <\/div>\n<\/p><\/div>\n<div class=\"order-3 flex grow flex-wrap md:hidden md:grow-0\">\n<div class=\"mt-4 w-full\">\n                        <button class=\"flex justify-center items-center w-full bg-brand-green text-white text-base font-sans font-medium rounded-md hover:bg-brand-green-700 hover:cursor-pointer md:text-sm h-11\"><\/p>\n<p>    Obtenez une offre<br \/>\n<\/button>\n                    <\/div>\n<div class=\"mx-2 mt-4 w-full\">\n<div class=\" font-sans leading-4 text-black\">\n<div class=\"flex flex-wrap items-center justify-center gap-1 md:justify-start\">\n        <span class=\"font-bold\"><\/p>\n<p>            248,00\u00a0$<br \/>\n                            <span class=\"font-medium\">chez Amazon<\/span><br \/>\n                    <\/span>\n            <\/div>\n<div class=\"flex items-center justify-center gap-x-1 font-bold md:justify-start\">\n            <span class=\"text-sm line-through\">399,99\u00a0$<\/span><br \/>\n            <span class=\"text-sm text-brand-green\">\u00c9conomisez 151,99\u00a0$<\/span>\n        <\/div>\n<\/p><\/div>\n<\/p><\/div>\n<\/p><\/div>\n<\/p><\/div>\n<\/div>\n<p>Je suis un client fid\u00e8le de la gamme 1000X depuis de nombreuses ann\u00e9es ; ce sont mes \u00e9couteurs pr\u00e9f\u00e9r\u00e9s pour la plupart des activit\u00e9s. Le WH-1000XM5 a fait l&rsquo;objet d&rsquo;une \u00e9valuation \u00ab exceptionnelle \u00bb de PCMag en mai 2022 pour sa qualit\u00e9 audio de premier ordre, mais \u00e9galement pour son son exceptionnel lors de l&rsquo;utilisation de sa meilleure suppression active du bruit de sa cat\u00e9gorie. Les \u00e9couteurs sont \u00e9galement bien con\u00e7us pour \u00eatre confortables lors de longues sessions d\u2019\u00e9coute. <\/p>\n<p>Les commandes auriculaires utilisent le tapotement et le balayage, ce qui n&rsquo;est pas mon pr\u00e9f\u00e9r\u00e9, mais c&rsquo;est vers cela que tous les \u00e9couteurs modernes s&rsquo;orientent. Il existe une application compl\u00e9mentaire qui vous permet d&rsquo;ajuster vos param\u00e8tres d&rsquo;\u00e9galisation \u00e0 votre guise, y compris ce que font les fonctions de balayage et de tapotement.<\/p>\n<p>Ces \u00e9couteurs disposent \u00e9galement d&rsquo;une connexion st\u00e9r\u00e9o 3,5 mm, ce qui est parfait pour ceux qui souhaitent utiliser un c\u00e2ble filaire et ne pas se soucier de la dur\u00e9e de vie de la batterie. En parlant de dur\u00e9e de vie de la batterie, Sony indique que vous pouvez vous attendre \u00e0 environ 30 heures, mais cela variera en fonction de votre utilisation de l&rsquo;ANC. Ils sont compatibles avec les codecs AAC, LDAC et SBC et disposent d&rsquo;une connexion multipoint, ce qui signifie que vous pouvez les coupler avec plusieurs appareils en m\u00eame temps.<\/p>\n<div class=\" relative flex justify-center py-16 md:left-1\/2 md:w-(780px) md:max-w-max md:-translate-x-1\/2\">\n<div class=\"w-max text-center sm:text-left\">\n<div class=\"custom-gradient-background mb-6 rounded-md p-(2px) sm:rounded-tl-none\">\n<div class=\"flex flex-col rounded bg-white sm:rounded-tl-none\">\n                    <span class=\"-mt-4 block w-fit max-w-(calc(100%-1rem)) self-center bg-white px-3 text-center font-akshar text-xl font-medium capitalize text-gray-800 sm:max-w-(calc(100%-2.5rem)) sm:self-start sm:px-10 sm:text-left sm:text-2xl\">Nos meilleures offres technologiques approuv\u00e9es par les \u00e9diteurs en ce moment<\/span><\/p>\n<div class=\"flex flex-col gap-3 p-3 pb-4 text-sm sm:p-10 sm:pt-6 sm:text-justify sm:text-base\">\n<div>\n<p>    \u00c9couteurs sans fil Apple AirPods Pro 3 \u00e0 r\u00e9duction de bruit et fr\u00e9quence cardiaque<\/p>\n<p>                                <span class=\"text-black\"><br \/>\n                                    \u2014<br \/>\n                                    <span class=\"font-bold\">224,00\u00a0$<\/span><br \/>\n                                    <span class=\"!text-xs italic sm:!text-sm\"><\/p>\n<p>                                        (Prix catalogue 249,00 $)<br \/>\n                                    <\/span><br \/>\n                                <\/span>\n                            <\/div>\n<div>\n<p>    Apple iPad 11&Prime; 128 Go A16 WiFi Tablette (Bleu, 2025)<\/p>\n<p>                                <span class=\"text-black\"><br \/>\n                                    \u2014<br \/>\n                                    <span class=\"font-bold\">299,99\u00a0$<\/span><br \/>\n                                    <span class=\"!text-xs italic sm:!text-sm\"><\/p>\n<p>                                        (Prix catalogue 349,00 $)<br \/>\n                                    <\/span><br \/>\n                                <\/span>\n                            <\/div>\n<div>\n<p>    Tablette Samsung Galaxy Tab A11+ 128 Go Wi-Fi 11&Prime; (Gris)<\/p>\n<p>                                <span class=\"text-black\"><br \/>\n                                    \u2014<br \/>\n                                    <span class=\"font-bold\">209,99\u00a0$<\/span><br \/>\n                                    <span class=\"!text-xs italic sm:!text-sm\"><\/p>\n<p>                                        (Prix catalogue 249,99 $)<br \/>\n                                    <\/span><br \/>\n                                <\/span>\n                            <\/div>\n<div>\n<p>    Apple Watch Series 11 (GPS, 42 mm, bracelet sport noir S\/M)<\/p>\n<p>                                <span class=\"text-black\"><br \/>\n                                    \u2014<br \/>\n                                    <span class=\"font-bold\">329,00\u00a0$<\/span><br \/>\n                                    <span class=\"!text-xs italic sm:!text-sm\"><\/p>\n<p>                                        (Prix catalogue 399,00 $)<br \/>\n                                    <\/span><br \/>\n                                <\/span>\n                            <\/div>\n<div>\n<p>    Sony WH-1000XM5<\/p>\n<p>                                <span class=\"text-black\"><br \/>\n                                    \u2014<br \/>\n                                    <span class=\"font-bold\">248,00\u00a0$<\/span><br \/>\n                                    <span class=\"!text-xs italic sm:!text-sm\"><\/p>\n<p>                                        (Prix catalogue 399,99\u00a0$)<br \/>\n                                    <\/span><br \/>\n                                <\/span>\n                            <\/div>\n<\/p><\/div>\n<\/p><\/div>\n<\/p><\/div>\n<div class=\"flex flex-col items-center justify-between text-black sm:flex-row sm:px-6\">\n                <span class=\"text-xs italic sm:ml-7 sm:text-sm\">Les offres sont s\u00e9lectionn\u00e9es par notre \u00e9quipe commerciale<\/span><\/p><\/div>\n<\/p><\/div>\n<\/p><\/div>\n","protected":false},"excerpt":{"rendered":"<p>Nous pouvons gagner une commission sur les liens sur cette page. Les prix et la disponibilit\u00e9 de l&rsquo;offre sont sujets \u00e0 changement apr\u00e8s la publication.<\/p>\n","protected":false},"author":1,"featured_media":13343,"comment_status":"","ping_status":"","sticky":false,"template":"","format":"standard","meta":{"footnotes":""},"categories":[13],"tags":[19,1268,698,1537,10439,14,308,2243,4191],"class_list":["post-13342","post","type-post","status-publish","format-standard","has-post-thumbnail","hentry","category-technologie","tag-actuellement","tag-beneficient","tag-dune","tag-ecouteurs","tag-exceptionnels","tag-les","tag-reduction","tag-sony","tag-wh1000xm5","generate-columns","tablet-grid-50","mobile-grid-100","grid-parent","grid-33"],"yoast_head":"<!-- This site is optimized with the Yoast SEO plugin v24.0 - https:\/\/yoast.com\/wordpress\/plugins\/seo\/ -->\n<title>Les \u00e9couteurs WH-1000XM5 exceptionnels de Sony b\u00e9n\u00e9ficient actuellement d&#039;une r\u00e9duction de 150\u00a0$ | Vie Associative<\/title>\n<meta name=\"robots\" content=\"index, follow, max-snippet:-1, max-image-preview:large, max-video-preview:-1\" \/>\n<link rel=\"canonical\" href=\"https:\/\/vieassociative.be\/actualites\/les-ecouteurs-wh-1000xm5-exceptionnels-de-sony-beneficient-actuellement-dune-reduction-de-150\/\" \/>\n<meta property=\"og:locale\" content=\"fr_FR\" \/>\n<meta property=\"og:type\" content=\"article\" \/>\n<meta property=\"og:title\" content=\"Les \u00e9couteurs WH-1000XM5 exceptionnels de Sony b\u00e9n\u00e9ficient actuellement d&#039;une r\u00e9duction de 150\u00a0$ | Vie Associative\" \/>\n<meta property=\"og:description\" content=\"Nous pouvons gagner une commission sur les liens sur cette page. Les prix et la disponibilit\u00e9 de l&rsquo;offre sont sujets \u00e0 changement apr\u00e8s la publication.\" \/>\n<meta property=\"og:url\" content=\"https:\/\/vieassociative.be\/actualites\/les-ecouteurs-wh-1000xm5-exceptionnels-de-sony-beneficient-actuellement-dune-reduction-de-150\/\" \/>\n<meta property=\"og:site_name\" content=\"Vie Associative\" \/>\n<meta property=\"article:published_time\" content=\"2026-04-06T20:20:13+00:00\" \/>\n<meta property=\"og:image\" content=\"https:\/\/vieassociative.be\/actualites\/wp-content\/uploads\/2026\/04\/Les-ecouteurs-WH-1000XM5-exceptionnels-de-Sony-beneficient-actuellement-dune-reduction.jpg\" \/>\n<meta name=\"author\" content=\"Julien\" \/>\n<meta name=\"twitter:card\" content=\"summary_large_image\" \/>\n<meta name=\"twitter:label1\" content=\"\u00c9crit par\" \/>\n\t<meta name=\"twitter:data1\" content=\"Julien\" \/>\n\t<meta name=\"twitter:label2\" content=\"Dur\u00e9e de lecture est.\" \/>\n\t<meta name=\"twitter:data2\" content=\"2 minutes\" \/>\n<script type=\"application\/ld+json\" class=\"yoast-schema-graph\">{\"@context\":\"https:\/\/schema.org\",\"@graph\":[{\"@type\":\"Article\",\"@id\":\"https:\/\/vieassociative.be\/actualites\/les-ecouteurs-wh-1000xm5-exceptionnels-de-sony-beneficient-actuellement-dune-reduction-de-150\/#article\",\"isPartOf\":{\"@id\":\"https:\/\/vieassociative.be\/actualites\/les-ecouteurs-wh-1000xm5-exceptionnels-de-sony-beneficient-actuellement-dune-reduction-de-150\/\"},\"author\":{\"name\":\"Julien\",\"@id\":\"https:\/\/vieassociative.be\/actualites\/#\/schema\/person\/b87ac4f82f9d4e7b7cec7395b679edc4\"},\"headline\":\"Les \u00e9couteurs WH-1000XM5 exceptionnels de Sony b\u00e9n\u00e9ficient actuellement d&rsquo;une r\u00e9duction de 150\u00a0$\",\"datePublished\":\"2026-04-06T20:20:13+00:00\",\"dateModified\":\"2026-04-06T20:20:13+00:00\",\"mainEntityOfPage\":{\"@id\":\"https:\/\/vieassociative.be\/actualites\/les-ecouteurs-wh-1000xm5-exceptionnels-de-sony-beneficient-actuellement-dune-reduction-de-150\/\"},\"wordCount\":493,\"publisher\":{\"@id\":\"https:\/\/vieassociative.be\/actualites\/#organization\"},\"image\":{\"@id\":\"https:\/\/vieassociative.be\/actualites\/les-ecouteurs-wh-1000xm5-exceptionnels-de-sony-beneficient-actuellement-dune-reduction-de-150\/#primaryimage\"},\"thumbnailUrl\":\"https:\/\/vieassociative.be\/actualites\/wp-content\/uploads\/2026\/04\/Les-ecouteurs-WH-1000XM5-exceptionnels-de-Sony-beneficient-actuellement-dune-reduction.png\",\"keywords\":[\"actuellement\",\"b\u00e9n\u00e9ficient\",\"dune\",\"\u00e9couteurs\",\"exceptionnels\",\"Les\",\"r\u00e9duction\",\"Sony\",\"WH1000XM5\"],\"articleSection\":[\"Technologie\"],\"inLanguage\":\"fr-BE\"},{\"@type\":\"WebPage\",\"@id\":\"https:\/\/vieassociative.be\/actualites\/les-ecouteurs-wh-1000xm5-exceptionnels-de-sony-beneficient-actuellement-dune-reduction-de-150\/\",\"url\":\"https:\/\/vieassociative.be\/actualites\/les-ecouteurs-wh-1000xm5-exceptionnels-de-sony-beneficient-actuellement-dune-reduction-de-150\/\",\"name\":\"Les \u00e9couteurs WH-1000XM5 exceptionnels de Sony b\u00e9n\u00e9ficient actuellement d'une r\u00e9duction de 150\u00a0$ | Vie Associative\",\"isPartOf\":{\"@id\":\"https:\/\/vieassociative.be\/actualites\/#website\"},\"primaryImageOfPage\":{\"@id\":\"https:\/\/vieassociative.be\/actualites\/les-ecouteurs-wh-1000xm5-exceptionnels-de-sony-beneficient-actuellement-dune-reduction-de-150\/#primaryimage\"},\"image\":{\"@id\":\"https:\/\/vieassociative.be\/actualites\/les-ecouteurs-wh-1000xm5-exceptionnels-de-sony-beneficient-actuellement-dune-reduction-de-150\/#primaryimage\"},\"thumbnailUrl\":\"https:\/\/vieassociative.be\/actualites\/wp-content\/uploads\/2026\/04\/Les-ecouteurs-WH-1000XM5-exceptionnels-de-Sony-beneficient-actuellement-dune-reduction.png\",\"datePublished\":\"2026-04-06T20:20:13+00:00\",\"dateModified\":\"2026-04-06T20:20:13+00:00\",\"breadcrumb\":{\"@id\":\"https:\/\/vieassociative.be\/actualites\/les-ecouteurs-wh-1000xm5-exceptionnels-de-sony-beneficient-actuellement-dune-reduction-de-150\/#breadcrumb\"},\"inLanguage\":\"fr-BE\",\"potentialAction\":[{\"@type\":\"ReadAction\",\"target\":[\"https:\/\/vieassociative.be\/actualites\/les-ecouteurs-wh-1000xm5-exceptionnels-de-sony-beneficient-actuellement-dune-reduction-de-150\/\"]}]},{\"@type\":\"ImageObject\",\"inLanguage\":\"fr-BE\",\"@id\":\"https:\/\/vieassociative.be\/actualites\/les-ecouteurs-wh-1000xm5-exceptionnels-de-sony-beneficient-actuellement-dune-reduction-de-150\/#primaryimage\",\"url\":\"https:\/\/vieassociative.be\/actualites\/wp-content\/uploads\/2026\/04\/Les-ecouteurs-WH-1000XM5-exceptionnels-de-Sony-beneficient-actuellement-dune-reduction.png\",\"contentUrl\":\"https:\/\/vieassociative.be\/actualites\/wp-content\/uploads\/2026\/04\/Les-ecouteurs-WH-1000XM5-exceptionnels-de-Sony-beneficient-actuellement-dune-reduction.png\",\"width\":1200,\"height\":675,\"caption\":\"Les \u00e9couteurs WH-1000XM5 exceptionnels de Sony b\u00e9n\u00e9ficient actuellement d'une r\u00e9duction de 150\u00a0$\"},{\"@type\":\"BreadcrumbList\",\"@id\":\"https:\/\/vieassociative.be\/actualites\/les-ecouteurs-wh-1000xm5-exceptionnels-de-sony-beneficient-actuellement-dune-reduction-de-150\/#breadcrumb\",\"itemListElement\":[{\"@type\":\"ListItem\",\"position\":1,\"name\":\"Accueil\",\"item\":\"https:\/\/vieassociative.be\/actualites\/\"},{\"@type\":\"ListItem\",\"position\":2,\"name\":\"Les \u00e9couteurs WH-1000XM5 exceptionnels de Sony b\u00e9n\u00e9ficient actuellement d&rsquo;une r\u00e9duction de 150\u00a0$\"}]},{\"@type\":\"WebSite\",\"@id\":\"https:\/\/vieassociative.be\/actualites\/#website\",\"url\":\"https:\/\/vieassociative.be\/actualites\/\",\"name\":\"Vie Associative\",\"description\":\"\",\"publisher\":{\"@id\":\"https:\/\/vieassociative.be\/actualites\/#organization\"},\"potentialAction\":[{\"@type\":\"SearchAction\",\"target\":{\"@type\":\"EntryPoint\",\"urlTemplate\":\"https:\/\/vieassociative.be\/actualites\/?s={search_term_string}\"},\"query-input\":{\"@type\":\"PropertyValueSpecification\",\"valueRequired\":true,\"valueName\":\"search_term_string\"}}],\"inLanguage\":\"fr-BE\"},{\"@type\":\"Organization\",\"@id\":\"https:\/\/vieassociative.be\/actualites\/#organization\",\"name\":\"Vie Associative\",\"url\":\"https:\/\/vieassociative.be\/actualites\/\",\"logo\":{\"@type\":\"ImageObject\",\"inLanguage\":\"fr-BE\",\"@id\":\"https:\/\/vieassociative.be\/actualites\/#\/schema\/logo\/image\/\",\"url\":\"https:\/\/vieassociative.be\/actualites\/wp-content\/uploads\/2024\/09\/cropped-vieassociative_favicon.ico.png\",\"contentUrl\":\"https:\/\/vieassociative.be\/actualites\/wp-content\/uploads\/2024\/09\/cropped-vieassociative_favicon.ico.png\",\"width\":512,\"height\":512,\"caption\":\"Vie Associative\"},\"image\":{\"@id\":\"https:\/\/vieassociative.be\/actualites\/#\/schema\/logo\/image\/\"}},{\"@type\":\"Person\",\"@id\":\"https:\/\/vieassociative.be\/actualites\/#\/schema\/person\/b87ac4f82f9d4e7b7cec7395b679edc4\",\"name\":\"Julien\",\"image\":{\"@type\":\"ImageObject\",\"inLanguage\":\"fr-BE\",\"@id\":\"https:\/\/vieassociative.be\/actualites\/#\/schema\/person\/image\/\",\"url\":\"https:\/\/vieassociative.be\/actualites\/wp-content\/uploads\/2024\/09\/vie-associative-1-150x150.jpg\",\"contentUrl\":\"https:\/\/vieassociative.be\/actualites\/wp-content\/uploads\/2024\/09\/vie-associative-1-150x150.jpg\",\"caption\":\"Julien\"},\"description\":\"Je suis Julien, r\u00e9dacteur pour Vie Associative. Passionn\u00e9 par le monde associatif depuis plus de 10 ans, j'ai \u00e0 c\u0153ur de partager des histoires inspirantes et de mettre en lumi\u00e8re les initiatives locales. Mon objectif est de sensibiliser et d'encourager l'engagement communautaire \u00e0 travers mes articles.\",\"sameAs\":[\"https:\/\/vieassociative.be\/\"]}]}<\/script>\n<!-- \/ Yoast SEO plugin. -->","yoast_head_json":{"title":"Les \u00e9couteurs WH-1000XM5 exceptionnels de Sony b\u00e9n\u00e9ficient actuellement d'une r\u00e9duction de 150\u00a0$ | Vie Associative","robots":{"index":"index","follow":"follow","max-snippet":"max-snippet:-1","max-image-preview":"max-image-preview:large","max-video-preview":"max-video-preview:-1"},"canonical":"https:\/\/vieassociative.be\/actualites\/les-ecouteurs-wh-1000xm5-exceptionnels-de-sony-beneficient-actuellement-dune-reduction-de-150\/","og_locale":"fr_FR","og_type":"article","og_title":"Les \u00e9couteurs WH-1000XM5 exceptionnels de Sony b\u00e9n\u00e9ficient actuellement d'une r\u00e9duction de 150\u00a0$ | Vie Associative","og_description":"Nous pouvons gagner une commission sur les liens sur cette page. Les prix et la disponibilit\u00e9 de l&rsquo;offre sont sujets \u00e0 changement apr\u00e8s la publication.","og_url":"https:\/\/vieassociative.be\/actualites\/les-ecouteurs-wh-1000xm5-exceptionnels-de-sony-beneficient-actuellement-dune-reduction-de-150\/","og_site_name":"Vie Associative","article_published_time":"2026-04-06T20:20:13+00:00","og_image":[{"url":"https:\/\/vieassociative.be\/actualites\/wp-content\/uploads\/2026\/04\/Les-ecouteurs-WH-1000XM5-exceptionnels-de-Sony-beneficient-actuellement-dune-reduction.jpg","type":"","width":"","height":""}],"author":"Julien","twitter_card":"summary_large_image","twitter_misc":{"\u00c9crit par":"Julien","Dur\u00e9e de lecture est.":"2 minutes"},"schema":{"@context":"https:\/\/schema.org","@graph":[{"@type":"Article","@id":"https:\/\/vieassociative.be\/actualites\/les-ecouteurs-wh-1000xm5-exceptionnels-de-sony-beneficient-actuellement-dune-reduction-de-150\/#article","isPartOf":{"@id":"https:\/\/vieassociative.be\/actualites\/les-ecouteurs-wh-1000xm5-exceptionnels-de-sony-beneficient-actuellement-dune-reduction-de-150\/"},"author":{"name":"Julien","@id":"https:\/\/vieassociative.be\/actualites\/#\/schema\/person\/b87ac4f82f9d4e7b7cec7395b679edc4"},"headline":"Les \u00e9couteurs WH-1000XM5 exceptionnels de Sony b\u00e9n\u00e9ficient actuellement d&rsquo;une r\u00e9duction de 150\u00a0$","datePublished":"2026-04-06T20:20:13+00:00","dateModified":"2026-04-06T20:20:13+00:00","mainEntityOfPage":{"@id":"https:\/\/vieassociative.be\/actualites\/les-ecouteurs-wh-1000xm5-exceptionnels-de-sony-beneficient-actuellement-dune-reduction-de-150\/"},"wordCount":493,"publisher":{"@id":"https:\/\/vieassociative.be\/actualites\/#organization"},"image":{"@id":"https:\/\/vieassociative.be\/actualites\/les-ecouteurs-wh-1000xm5-exceptionnels-de-sony-beneficient-actuellement-dune-reduction-de-150\/#primaryimage"},"thumbnailUrl":"https:\/\/vieassociative.be\/actualites\/wp-content\/uploads\/2026\/04\/Les-ecouteurs-WH-1000XM5-exceptionnels-de-Sony-beneficient-actuellement-dune-reduction.png","keywords":["actuellement","b\u00e9n\u00e9ficient","dune","\u00e9couteurs","exceptionnels","Les","r\u00e9duction","Sony","WH1000XM5"],"articleSection":["Technologie"],"inLanguage":"fr-BE"},{"@type":"WebPage","@id":"https:\/\/vieassociative.be\/actualites\/les-ecouteurs-wh-1000xm5-exceptionnels-de-sony-beneficient-actuellement-dune-reduction-de-150\/","url":"https:\/\/vieassociative.be\/actualites\/les-ecouteurs-wh-1000xm5-exceptionnels-de-sony-beneficient-actuellement-dune-reduction-de-150\/","name":"Les \u00e9couteurs WH-1000XM5 exceptionnels de Sony b\u00e9n\u00e9ficient actuellement d'une r\u00e9duction de 150\u00a0$ | Vie Associative","isPartOf":{"@id":"https:\/\/vieassociative.be\/actualites\/#website"},"primaryImageOfPage":{"@id":"https:\/\/vieassociative.be\/actualites\/les-ecouteurs-wh-1000xm5-exceptionnels-de-sony-beneficient-actuellement-dune-reduction-de-150\/#primaryimage"},"image":{"@id":"https:\/\/vieassociative.be\/actualites\/les-ecouteurs-wh-1000xm5-exceptionnels-de-sony-beneficient-actuellement-dune-reduction-de-150\/#primaryimage"},"thumbnailUrl":"https:\/\/vieassociative.be\/actualites\/wp-content\/uploads\/2026\/04\/Les-ecouteurs-WH-1000XM5-exceptionnels-de-Sony-beneficient-actuellement-dune-reduction.png","datePublished":"2026-04-06T20:20:13+00:00","dateModified":"2026-04-06T20:20:13+00:00","breadcrumb":{"@id":"https:\/\/vieassociative.be\/actualites\/les-ecouteurs-wh-1000xm5-exceptionnels-de-sony-beneficient-actuellement-dune-reduction-de-150\/#breadcrumb"},"inLanguage":"fr-BE","potentialAction":[{"@type":"ReadAction","target":["https:\/\/vieassociative.be\/actualites\/les-ecouteurs-wh-1000xm5-exceptionnels-de-sony-beneficient-actuellement-dune-reduction-de-150\/"]}]},{"@type":"ImageObject","inLanguage":"fr-BE","@id":"https:\/\/vieassociative.be\/actualites\/les-ecouteurs-wh-1000xm5-exceptionnels-de-sony-beneficient-actuellement-dune-reduction-de-150\/#primaryimage","url":"https:\/\/vieassociative.be\/actualites\/wp-content\/uploads\/2026\/04\/Les-ecouteurs-WH-1000XM5-exceptionnels-de-Sony-beneficient-actuellement-dune-reduction.png","contentUrl":"https:\/\/vieassociative.be\/actualites\/wp-content\/uploads\/2026\/04\/Les-ecouteurs-WH-1000XM5-exceptionnels-de-Sony-beneficient-actuellement-dune-reduction.png","width":1200,"height":675,"caption":"Les \u00e9couteurs WH-1000XM5 exceptionnels de Sony b\u00e9n\u00e9ficient actuellement d'une r\u00e9duction de 150\u00a0$"},{"@type":"BreadcrumbList","@id":"https:\/\/vieassociative.be\/actualites\/les-ecouteurs-wh-1000xm5-exceptionnels-de-sony-beneficient-actuellement-dune-reduction-de-150\/#breadcrumb","itemListElement":[{"@type":"ListItem","position":1,"name":"Accueil","item":"https:\/\/vieassociative.be\/actualites\/"},{"@type":"ListItem","position":2,"name":"Les \u00e9couteurs WH-1000XM5 exceptionnels de Sony b\u00e9n\u00e9ficient actuellement d&rsquo;une r\u00e9duction de 150\u00a0$"}]},{"@type":"WebSite","@id":"https:\/\/vieassociative.be\/actualites\/#website","url":"https:\/\/vieassociative.be\/actualites\/","name":"Vie Associative","description":"","publisher":{"@id":"https:\/\/vieassociative.be\/actualites\/#organization"},"potentialAction":[{"@type":"SearchAction","target":{"@type":"EntryPoint","urlTemplate":"https:\/\/vieassociative.be\/actualites\/?s={search_term_string}"},"query-input":{"@type":"PropertyValueSpecification","valueRequired":true,"valueName":"search_term_string"}}],"inLanguage":"fr-BE"},{"@type":"Organization","@id":"https:\/\/vieassociative.be\/actualites\/#organization","name":"Vie Associative","url":"https:\/\/vieassociative.be\/actualites\/","logo":{"@type":"ImageObject","inLanguage":"fr-BE","@id":"https:\/\/vieassociative.be\/actualites\/#\/schema\/logo\/image\/","url":"https:\/\/vieassociative.be\/actualites\/wp-content\/uploads\/2024\/09\/cropped-vieassociative_favicon.ico.png","contentUrl":"https:\/\/vieassociative.be\/actualites\/wp-content\/uploads\/2024\/09\/cropped-vieassociative_favicon.ico.png","width":512,"height":512,"caption":"Vie Associative"},"image":{"@id":"https:\/\/vieassociative.be\/actualites\/#\/schema\/logo\/image\/"}},{"@type":"Person","@id":"https:\/\/vieassociative.be\/actualites\/#\/schema\/person\/b87ac4f82f9d4e7b7cec7395b679edc4","name":"Julien","image":{"@type":"ImageObject","inLanguage":"fr-BE","@id":"https:\/\/vieassociative.be\/actualites\/#\/schema\/person\/image\/","url":"https:\/\/vieassociative.be\/actualites\/wp-content\/uploads\/2024\/09\/vie-associative-1-150x150.jpg","contentUrl":"https:\/\/vieassociative.be\/actualites\/wp-content\/uploads\/2024\/09\/vie-associative-1-150x150.jpg","caption":"Julien"},"description":"Je suis Julien, r\u00e9dacteur pour Vie Associative. Passionn\u00e9 par le monde associatif depuis plus de 10 ans, j'ai \u00e0 c\u0153ur de partager des histoires inspirantes et de mettre en lumi\u00e8re les initiatives locales. Mon objectif est de sensibiliser et d'encourager l'engagement communautaire \u00e0 travers mes articles.","sameAs":["https:\/\/vieassociative.be\/"]}]}},"_links":{"self":[{"href":"https:\/\/vieassociative.be\/actualites\/wp-json\/wp\/v2\/posts\/13342"}],"collection":[{"href":"https:\/\/vieassociative.be\/actualites\/wp-json\/wp\/v2\/posts"}],"about":[{"href":"https:\/\/vieassociative.be\/actualites\/wp-json\/wp\/v2\/types\/post"}],"author":[{"embeddable":true,"href":"https:\/\/vieassociative.be\/actualites\/wp-json\/wp\/v2\/users\/1"}],"replies":[{"embeddable":true,"href":"https:\/\/vieassociative.be\/actualites\/wp-json\/wp\/v2\/comments?post=13342"}],"version-history":[{"count":0,"href":"https:\/\/vieassociative.be\/actualites\/wp-json\/wp\/v2\/posts\/13342\/revisions"}],"wp:featuredmedia":[{"embeddable":true,"href":"https:\/\/vieassociative.be\/actualites\/wp-json\/wp\/v2\/media\/13343"}],"wp:attachment":[{"href":"https:\/\/vieassociative.be\/actualites\/wp-json\/wp\/v2\/media?parent=13342"}],"wp:term":[{"taxonomy":"category","embeddable":true,"href":"https:\/\/vieassociative.be\/actualites\/wp-json\/wp\/v2\/categories?post=13342"},{"taxonomy":"post_tag","embeddable":true,"href":"https:\/\/vieassociative.be\/actualites\/wp-json\/wp\/v2\/tags?post=13342"}],"curies":[{"name":"wp","href":"https:\/\/api.w.org\/{rel}","templated":true}]}}