{"id":13339,"date":"2026-04-06T11:17:46","date_gmt":"2026-04-06T09:17:46","guid":{"rendered":"https:\/\/vieassociative.be\/actualites\/lettre-a-la-redaction-suez-2-0\/"},"modified":"2026-04-06T11:17:46","modified_gmt":"2026-04-06T09:17:46","slug":"lettre-a-la-redaction-suez-2-0","status":"publish","type":"post","link":"https:\/\/vieassociative.be\/actualites\/lettre-a-la-redaction-suez-2-0\/","title":{"rendered":"LETTRE \u00c0 LA R\u00c9DACTION \u2013 Suez 2.0"},"content":{"rendered":"<p><strong>Pour comprendre le titre de cette lettre \u00e0 l\u2019\u00e9diteur, d\u2019abord une petite le\u00e7on d\u2019histoire.<\/strong><\/p>\n<p><span id=\"more-438250\"><\/span>Mot-cl\u00e9 : \u00ab Crise de Suez \u00bb<\/p>\n<p>En octobre 1956, la Grande-Bretagne, la France et Isra\u00ebl envahirent l\u2019\u00c9tat arabe d\u2019\u00c9gypte sans en informer au pr\u00e9alable les \u00c9tats-Unis. La raison en \u00e9tait la nationalisation du canal de Suez.<\/p>\n<p>Les trois \u00c9tats ont connu de nombreux succ\u00e8s militaires. Les performances de l\u2019arm\u00e9e \u00e9gyptienne furent tr\u00e8s faibles. Seulement, sur le plan politique, les choses se sont d\u00e9roul\u00e9es diff\u00e9remment de ce qui \u00e9tait pr\u00e9vu. Les \u00c9tats-Unis, alli\u00e9s \u00e0 l\u2019URSS, contraignent les trois \u00c9tats \u00e0 se retirer. Cela prouvait clairement qui \u00e9tait le ma\u00eetre en Occident. Cela a acc\u00e9l\u00e9r\u00e9 le d\u00e9clin des anciens \u00c9tats coloniaux que sont la Grande-Bretagne et la France. Les \u00c9tats-Unis sont devenus le principal soutien d\u2019Isra\u00ebl.<\/p>\n<p>Veuillez consulter le lien suivant pour plus de d\u00e9tails\u00a0:<\/p>\n<p><u>https:\/\/de.wikipedia.org\/wiki\/Crise de Suez<\/u><\/p>\n<p>Maintenant, je vais passer \u00e0 aujourd&rsquo;hui. Il y a plus d\u2019un mois, Isra\u00ebl et les \u00c9tats-Unis ont attaqu\u00e9 l\u2019Iran sans en informer leurs principaux alli\u00e9s en Europe ou dans le golfe Persique. Les \u00c9tats-Unis et Isra\u00ebl ont agi comme la Grande-Bretagne et la France l\u2019ont fait en 1956 lors de la crise de Suez. D&rsquo;o\u00f9 le titre \u00ab Suez 2.0 \u00bb.<\/p>\n<p>Bien que je sois pro-am\u00e9ricain et pro-isra\u00e9lien, je d\u00e9sapprouve cette attaque. Il me semble qu\u2019il n\u2019y a pas d\u2019objectif clair derri\u00e8re cela. Quel est le but, je me demande. Certainement pas le p\u00e9trole seul.<\/p>\n<p>L\u2019Iran ne constitue pas une menace majeure pour Isra\u00ebl ou les \u00c9tats-Unis. La pr\u00e9tendue menace nucl\u00e9aire contre Isra\u00ebl est un fantasme. Isra\u00ebl est un petit pays, long et \u00e9troit. Une bombe nucl\u00e9aire largu\u00e9e sur Tel-Aviv aurait in\u00e9vitablement un impact sur J\u00e9rusalem et la bande de Gaza. Les deux sont \u00e0 environ 70 km. Et les colonies isra\u00e9liennes en Cisjordanie sont particuli\u00e8rement s\u00fbres. Ceux-ci sont situ\u00e9s au milieu des villages palestiniens et servent de boucliers humains.<\/p>\n<p>Isra\u00ebl et les \u00c9tats-Unis ont men\u00e9 de nombreuses frappes a\u00e9riennes et tu\u00e9 de nombreux responsables du gouvernement iranien. Ce n&rsquo;est pas une mauvaise chose, c&rsquo;est juste plut\u00f4t inutile. Les guerres ne peuvent \u00eatre r\u00e9solues uniquement par des frappes a\u00e9riennes. C&rsquo;\u00e9tait d\u00e9j\u00e0 le cas lors de la Seconde Guerre mondiale. Et le syst\u00e8me politique iranien est orient\u00e9 vers les crises. Il existe de nombreux adjoints pour chaque fonction qui peuvent imm\u00e9diatement prendre le relais. Ensuite, il y a la fa\u00e7on de penser chiite. Les croyants chiites sont convaincus qu\u2019ils iront au paradis s\u2019ils subissent le martyre lors d\u2019un conflit arm\u00e9. Donc, tout au plus, vous avez rendu service \u00e0 Khamenei &#038; Co et ouvert des opportunit\u00e9s de carri\u00e8re \u00e0 d\u2019autres apr\u00e8s leur mort.<\/p>\n<p>Tout le monde \u00e0 la station-service voit les cons\u00e9quences de cette attaque. Les pays occidentaux se portent toujours bien. En termes de revenus, nous d\u00e9pensons moins en produits p\u00e9troliers que les habitants des pays en d\u00e9veloppement. Les gens y meurent m\u00eame de faim.<\/p>\n<p>Les situations extr\u00eames comme celle actuelle changent souvent les fa\u00e7ons de penser et d\u2019agir.<\/p>\n<p>D\u00e9sormais, de nombreux pays se m\u00e9fieront encore plus des \u00c9tats-Unis, en particulier de leurs alli\u00e9s les plus proches en Europe, au Moyen-Orient et en Asie, et rechercheront de nouveaux partenaires. Les \u00c9tats du Golfe le font d\u00e9j\u00e0, o\u00f9 les experts ukrainiens apportent leur aide en mati\u00e8re de d\u00e9fense a\u00e9rienne.<\/p>\n<p>Une entit\u00e9 comme Ta\u00efwan doit \u00eatre particuli\u00e8rement prudente et se poser la question de la valeur militaire des Etats-Unis. Les \u00c9tats-Unis seraient-ils d\u00e9sormais capables de d\u00e9fendre cette \u00eele, alors qu\u2019ils sont d\u00e9j\u00e0 confront\u00e9s \u00e0 des probl\u00e8mes tels que le manque de munitions ?<\/p>\n<p>Et l\u2019Europe devrait examiner la d\u00e9t\u00e9rioration de ses relations avec la Russie et se demander si les sanctions sont toujours justifi\u00e9es. Non seulement les aspects moraux peuvent jouer un r\u00f4le, mais aussi les aspects \u00e9conomiques. Faire des affaires avec la Russie ne signifie pas automatiquement oublier l\u2019Ukraine. Poutine et Trump sont coup\u00e9s du m\u00eame tissu. C&rsquo;est pourquoi vous pouvez \u00e9changer avec les deux.<\/p>\n<p>Il est probable que les \u00c9tats du Golfe et Isra\u00ebl collaboreront encore plus \u00e9troitement qu\u2019auparavant, par exemple dans le domaine du tourisme en temps de guerre.<\/p>\n<p>La perte de puissance d\u00e9j\u00e0 progressive des \u00c9tats-Unis s\u2019acc\u00e9l\u00e8re encore davantage. La confiance dans les \u00c9tats-Unis diminue encore davantage et avec elle, sa solvabilit\u00e9 et l&rsquo;influence du dollar am\u00e9ricain. Il existe d\u00e9sormais des alternatives au dollar am\u00e9ricain comme l\u2019euro ou les cryptomonnaies. Ce n&rsquo;est qu&rsquo;une question de temps avant que le dollar ne soit remplac\u00e9 comme monnaie de r\u00e9serve mondiale par autre chose. La livre sterling \u00e9tait autrefois une monnaie mondiale et n\u2019en est aujourd\u2019hui qu\u2019une parmi tant d\u2019autres.<\/p>\n<p><strong>04\/06\/2026 Marcel Scholzen, Meilerscheid<\/strong><\/p>\n","protected":false},"excerpt":{"rendered":"<p>Pour comprendre le titre de cette lettre \u00e0 l\u2019\u00e9diteur, d\u2019abord une petite le\u00e7on d\u2019histoire. Mot-cl\u00e9 : \u00ab Crise de Suez \u00bb En octobre 1956, la<\/p>\n","protected":false},"author":1,"featured_media":2567,"comment_status":"","ping_status":"","sticky":false,"template":"","format":"standard","meta":{"footnotes":""},"categories":[298],"tags":[2628,3296,10438],"class_list":["post-13339","post","type-post","status-publish","format-standard","has-post-thumbnail","hentry","category-belgique","tag-lettre","tag-redaction","tag-suez","generate-columns","tablet-grid-50","mobile-grid-100","grid-parent","grid-33"],"yoast_head":"<!-- This site is optimized with the Yoast SEO plugin v24.0 - https:\/\/yoast.com\/wordpress\/plugins\/seo\/ -->\n<title>LETTRE \u00c0 LA R\u00c9DACTION \u2013 Suez 2.0 | Vie Associative<\/title>\n<meta name=\"robots\" content=\"index, follow, max-snippet:-1, max-image-preview:large, max-video-preview:-1\" \/>\n<link rel=\"canonical\" href=\"https:\/\/vieassociative.be\/actualites\/lettre-a-la-redaction-suez-2-0\/\" \/>\n<meta property=\"og:locale\" content=\"fr_FR\" \/>\n<meta property=\"og:type\" content=\"article\" \/>\n<meta property=\"og:title\" content=\"LETTRE \u00c0 LA R\u00c9DACTION \u2013 Suez 2.0 | Vie Associative\" \/>\n<meta property=\"og:description\" content=\"Pour comprendre le titre de cette lettre \u00e0 l\u2019\u00e9diteur, d\u2019abord une petite le\u00e7on d\u2019histoire. Mot-cl\u00e9 : \u00ab Crise de Suez \u00bb En octobre 1956, la\" \/>\n<meta property=\"og:url\" content=\"https:\/\/vieassociative.be\/actualites\/lettre-a-la-redaction-suez-2-0\/\" \/>\n<meta property=\"og:site_name\" content=\"Vie Associative\" \/>\n<meta property=\"article:published_time\" content=\"2026-04-06T09:17:46+00:00\" \/>\n<meta property=\"og:image\" content=\"https:\/\/vieassociative.be\/actualites\/wp-content\/uploads\/2024\/09\/header_backgroundk-01-e1726694325946.png\" \/>\n\t<meta property=\"og:image:width\" content=\"279\" \/>\n\t<meta property=\"og:image:height\" content=\"92\" \/>\n\t<meta property=\"og:image:type\" content=\"image\/png\" \/>\n<meta name=\"author\" content=\"Julien\" \/>\n<meta name=\"twitter:card\" content=\"summary_large_image\" \/>\n<meta name=\"twitter:label1\" content=\"\u00c9crit par\" \/>\n\t<meta name=\"twitter:data1\" content=\"Julien\" \/>\n\t<meta name=\"twitter:label2\" content=\"Dur\u00e9e de lecture est.\" \/>\n\t<meta name=\"twitter:data2\" content=\"4 minutes\" \/>\n<script type=\"application\/ld+json\" class=\"yoast-schema-graph\">{\"@context\":\"https:\/\/schema.org\",\"@graph\":[{\"@type\":\"Article\",\"@id\":\"https:\/\/vieassociative.be\/actualites\/lettre-a-la-redaction-suez-2-0\/#article\",\"isPartOf\":{\"@id\":\"https:\/\/vieassociative.be\/actualites\/lettre-a-la-redaction-suez-2-0\/\"},\"author\":{\"name\":\"Julien\",\"@id\":\"https:\/\/vieassociative.be\/actualites\/#\/schema\/person\/b87ac4f82f9d4e7b7cec7395b679edc4\"},\"headline\":\"LETTRE \u00c0 LA R\u00c9DACTION \u2013 Suez 2.0\",\"datePublished\":\"2026-04-06T09:17:46+00:00\",\"dateModified\":\"2026-04-06T09:17:46+00:00\",\"mainEntityOfPage\":{\"@id\":\"https:\/\/vieassociative.be\/actualites\/lettre-a-la-redaction-suez-2-0\/\"},\"wordCount\":867,\"publisher\":{\"@id\":\"https:\/\/vieassociative.be\/actualites\/#organization\"},\"image\":{\"@id\":\"https:\/\/vieassociative.be\/actualites\/lettre-a-la-redaction-suez-2-0\/#primaryimage\"},\"thumbnailUrl\":\"https:\/\/vieassociative.be\/actualites\/wp-content\/uploads\/2024\/11\/LETTRE-A-LA-REDACTION-\u2013-Audi-Bruxelles-dernier-avertissement-du.jpeg\",\"keywords\":[\"lettre\",\"R\u00c9DACTION\",\"Suez\"],\"articleSection\":[\"Belgique\"],\"inLanguage\":\"fr-BE\"},{\"@type\":\"WebPage\",\"@id\":\"https:\/\/vieassociative.be\/actualites\/lettre-a-la-redaction-suez-2-0\/\",\"url\":\"https:\/\/vieassociative.be\/actualites\/lettre-a-la-redaction-suez-2-0\/\",\"name\":\"LETTRE \u00c0 LA R\u00c9DACTION \u2013 Suez 2.0 | Vie Associative\",\"isPartOf\":{\"@id\":\"https:\/\/vieassociative.be\/actualites\/#website\"},\"primaryImageOfPage\":{\"@id\":\"https:\/\/vieassociative.be\/actualites\/lettre-a-la-redaction-suez-2-0\/#primaryimage\"},\"image\":{\"@id\":\"https:\/\/vieassociative.be\/actualites\/lettre-a-la-redaction-suez-2-0\/#primaryimage\"},\"thumbnailUrl\":\"https:\/\/vieassociative.be\/actualites\/wp-content\/uploads\/2024\/11\/LETTRE-A-LA-REDACTION-\u2013-Audi-Bruxelles-dernier-avertissement-du.jpeg\",\"datePublished\":\"2026-04-06T09:17:46+00:00\",\"dateModified\":\"2026-04-06T09:17:46+00:00\",\"breadcrumb\":{\"@id\":\"https:\/\/vieassociative.be\/actualites\/lettre-a-la-redaction-suez-2-0\/#breadcrumb\"},\"inLanguage\":\"fr-BE\",\"potentialAction\":[{\"@type\":\"ReadAction\",\"target\":[\"https:\/\/vieassociative.be\/actualites\/lettre-a-la-redaction-suez-2-0\/\"]}]},{\"@type\":\"ImageObject\",\"inLanguage\":\"fr-BE\",\"@id\":\"https:\/\/vieassociative.be\/actualites\/lettre-a-la-redaction-suez-2-0\/#primaryimage\",\"url\":\"https:\/\/vieassociative.be\/actualites\/wp-content\/uploads\/2024\/11\/LETTRE-A-LA-REDACTION-\u2013-Audi-Bruxelles-dernier-avertissement-du.jpeg\",\"contentUrl\":\"https:\/\/vieassociative.be\/actualites\/wp-content\/uploads\/2024\/11\/LETTRE-A-LA-REDACTION-\u2013-Audi-Bruxelles-dernier-avertissement-du.jpeg\",\"width\":1024,\"height\":747,\"caption\":\"LETTRE \u00c0 LA R\u00c9DACTION \u2013 Audi Bruxelles, dernier avertissement du gouffre\"},{\"@type\":\"BreadcrumbList\",\"@id\":\"https:\/\/vieassociative.be\/actualites\/lettre-a-la-redaction-suez-2-0\/#breadcrumb\",\"itemListElement\":[{\"@type\":\"ListItem\",\"position\":1,\"name\":\"Accueil\",\"item\":\"https:\/\/vieassociative.be\/actualites\/\"},{\"@type\":\"ListItem\",\"position\":2,\"name\":\"LETTRE \u00c0 LA R\u00c9DACTION \u2013 Suez 2.0\"}]},{\"@type\":\"WebSite\",\"@id\":\"https:\/\/vieassociative.be\/actualites\/#website\",\"url\":\"https:\/\/vieassociative.be\/actualites\/\",\"name\":\"Vie Associative\",\"description\":\"\",\"publisher\":{\"@id\":\"https:\/\/vieassociative.be\/actualites\/#organization\"},\"potentialAction\":[{\"@type\":\"SearchAction\",\"target\":{\"@type\":\"EntryPoint\",\"urlTemplate\":\"https:\/\/vieassociative.be\/actualites\/?s={search_term_string}\"},\"query-input\":{\"@type\":\"PropertyValueSpecification\",\"valueRequired\":true,\"valueName\":\"search_term_string\"}}],\"inLanguage\":\"fr-BE\"},{\"@type\":\"Organization\",\"@id\":\"https:\/\/vieassociative.be\/actualites\/#organization\",\"name\":\"Vie Associative\",\"url\":\"https:\/\/vieassociative.be\/actualites\/\",\"logo\":{\"@type\":\"ImageObject\",\"inLanguage\":\"fr-BE\",\"@id\":\"https:\/\/vieassociative.be\/actualites\/#\/schema\/logo\/image\/\",\"url\":\"https:\/\/vieassociative.be\/actualites\/wp-content\/uploads\/2024\/09\/cropped-vieassociative_favicon.ico.png\",\"contentUrl\":\"https:\/\/vieassociative.be\/actualites\/wp-content\/uploads\/2024\/09\/cropped-vieassociative_favicon.ico.png\",\"width\":512,\"height\":512,\"caption\":\"Vie Associative\"},\"image\":{\"@id\":\"https:\/\/vieassociative.be\/actualites\/#\/schema\/logo\/image\/\"}},{\"@type\":\"Person\",\"@id\":\"https:\/\/vieassociative.be\/actualites\/#\/schema\/person\/b87ac4f82f9d4e7b7cec7395b679edc4\",\"name\":\"Julien\",\"image\":{\"@type\":\"ImageObject\",\"inLanguage\":\"fr-BE\",\"@id\":\"https:\/\/vieassociative.be\/actualites\/#\/schema\/person\/image\/\",\"url\":\"https:\/\/vieassociative.be\/actualites\/wp-content\/uploads\/2024\/09\/vie-associative-1-150x150.jpg\",\"contentUrl\":\"https:\/\/vieassociative.be\/actualites\/wp-content\/uploads\/2024\/09\/vie-associative-1-150x150.jpg\",\"caption\":\"Julien\"},\"description\":\"Je suis Julien, r\u00e9dacteur pour Vie Associative. Passionn\u00e9 par le monde associatif depuis plus de 10 ans, j'ai \u00e0 c\u0153ur de partager des histoires inspirantes et de mettre en lumi\u00e8re les initiatives locales. Mon objectif est de sensibiliser et d'encourager l'engagement communautaire \u00e0 travers mes articles.\",\"sameAs\":[\"https:\/\/vieassociative.be\/\"]}]}<\/script>\n<!-- \/ Yoast SEO plugin. -->","yoast_head_json":{"title":"LETTRE \u00c0 LA R\u00c9DACTION \u2013 Suez 2.0 | Vie Associative","robots":{"index":"index","follow":"follow","max-snippet":"max-snippet:-1","max-image-preview":"max-image-preview:large","max-video-preview":"max-video-preview:-1"},"canonical":"https:\/\/vieassociative.be\/actualites\/lettre-a-la-redaction-suez-2-0\/","og_locale":"fr_FR","og_type":"article","og_title":"LETTRE \u00c0 LA R\u00c9DACTION \u2013 Suez 2.0 | Vie Associative","og_description":"Pour comprendre le titre de cette lettre \u00e0 l\u2019\u00e9diteur, d\u2019abord une petite le\u00e7on d\u2019histoire. Mot-cl\u00e9 : \u00ab Crise de Suez \u00bb En octobre 1956, la","og_url":"https:\/\/vieassociative.be\/actualites\/lettre-a-la-redaction-suez-2-0\/","og_site_name":"Vie Associative","article_published_time":"2026-04-06T09:17:46+00:00","og_image":[{"width":279,"height":92,"url":"https:\/\/vieassociative.be\/actualites\/wp-content\/uploads\/2024\/09\/header_backgroundk-01-e1726694325946.png","type":"image\/png"}],"author":"Julien","twitter_card":"summary_large_image","twitter_misc":{"\u00c9crit par":"Julien","Dur\u00e9e de lecture est.":"4 minutes"},"schema":{"@context":"https:\/\/schema.org","@graph":[{"@type":"Article","@id":"https:\/\/vieassociative.be\/actualites\/lettre-a-la-redaction-suez-2-0\/#article","isPartOf":{"@id":"https:\/\/vieassociative.be\/actualites\/lettre-a-la-redaction-suez-2-0\/"},"author":{"name":"Julien","@id":"https:\/\/vieassociative.be\/actualites\/#\/schema\/person\/b87ac4f82f9d4e7b7cec7395b679edc4"},"headline":"LETTRE \u00c0 LA R\u00c9DACTION \u2013 Suez 2.0","datePublished":"2026-04-06T09:17:46+00:00","dateModified":"2026-04-06T09:17:46+00:00","mainEntityOfPage":{"@id":"https:\/\/vieassociative.be\/actualites\/lettre-a-la-redaction-suez-2-0\/"},"wordCount":867,"publisher":{"@id":"https:\/\/vieassociative.be\/actualites\/#organization"},"image":{"@id":"https:\/\/vieassociative.be\/actualites\/lettre-a-la-redaction-suez-2-0\/#primaryimage"},"thumbnailUrl":"https:\/\/vieassociative.be\/actualites\/wp-content\/uploads\/2024\/11\/LETTRE-A-LA-REDACTION-\u2013-Audi-Bruxelles-dernier-avertissement-du.jpeg","keywords":["lettre","R\u00c9DACTION","Suez"],"articleSection":["Belgique"],"inLanguage":"fr-BE"},{"@type":"WebPage","@id":"https:\/\/vieassociative.be\/actualites\/lettre-a-la-redaction-suez-2-0\/","url":"https:\/\/vieassociative.be\/actualites\/lettre-a-la-redaction-suez-2-0\/","name":"LETTRE \u00c0 LA R\u00c9DACTION \u2013 Suez 2.0 | Vie Associative","isPartOf":{"@id":"https:\/\/vieassociative.be\/actualites\/#website"},"primaryImageOfPage":{"@id":"https:\/\/vieassociative.be\/actualites\/lettre-a-la-redaction-suez-2-0\/#primaryimage"},"image":{"@id":"https:\/\/vieassociative.be\/actualites\/lettre-a-la-redaction-suez-2-0\/#primaryimage"},"thumbnailUrl":"https:\/\/vieassociative.be\/actualites\/wp-content\/uploads\/2024\/11\/LETTRE-A-LA-REDACTION-\u2013-Audi-Bruxelles-dernier-avertissement-du.jpeg","datePublished":"2026-04-06T09:17:46+00:00","dateModified":"2026-04-06T09:17:46+00:00","breadcrumb":{"@id":"https:\/\/vieassociative.be\/actualites\/lettre-a-la-redaction-suez-2-0\/#breadcrumb"},"inLanguage":"fr-BE","potentialAction":[{"@type":"ReadAction","target":["https:\/\/vieassociative.be\/actualites\/lettre-a-la-redaction-suez-2-0\/"]}]},{"@type":"ImageObject","inLanguage":"fr-BE","@id":"https:\/\/vieassociative.be\/actualites\/lettre-a-la-redaction-suez-2-0\/#primaryimage","url":"https:\/\/vieassociative.be\/actualites\/wp-content\/uploads\/2024\/11\/LETTRE-A-LA-REDACTION-\u2013-Audi-Bruxelles-dernier-avertissement-du.jpeg","contentUrl":"https:\/\/vieassociative.be\/actualites\/wp-content\/uploads\/2024\/11\/LETTRE-A-LA-REDACTION-\u2013-Audi-Bruxelles-dernier-avertissement-du.jpeg","width":1024,"height":747,"caption":"LETTRE \u00c0 LA R\u00c9DACTION \u2013 Audi Bruxelles, dernier avertissement du gouffre"},{"@type":"BreadcrumbList","@id":"https:\/\/vieassociative.be\/actualites\/lettre-a-la-redaction-suez-2-0\/#breadcrumb","itemListElement":[{"@type":"ListItem","position":1,"name":"Accueil","item":"https:\/\/vieassociative.be\/actualites\/"},{"@type":"ListItem","position":2,"name":"LETTRE \u00c0 LA R\u00c9DACTION \u2013 Suez 2.0"}]},{"@type":"WebSite","@id":"https:\/\/vieassociative.be\/actualites\/#website","url":"https:\/\/vieassociative.be\/actualites\/","name":"Vie Associative","description":"","publisher":{"@id":"https:\/\/vieassociative.be\/actualites\/#organization"},"potentialAction":[{"@type":"SearchAction","target":{"@type":"EntryPoint","urlTemplate":"https:\/\/vieassociative.be\/actualites\/?s={search_term_string}"},"query-input":{"@type":"PropertyValueSpecification","valueRequired":true,"valueName":"search_term_string"}}],"inLanguage":"fr-BE"},{"@type":"Organization","@id":"https:\/\/vieassociative.be\/actualites\/#organization","name":"Vie Associative","url":"https:\/\/vieassociative.be\/actualites\/","logo":{"@type":"ImageObject","inLanguage":"fr-BE","@id":"https:\/\/vieassociative.be\/actualites\/#\/schema\/logo\/image\/","url":"https:\/\/vieassociative.be\/actualites\/wp-content\/uploads\/2024\/09\/cropped-vieassociative_favicon.ico.png","contentUrl":"https:\/\/vieassociative.be\/actualites\/wp-content\/uploads\/2024\/09\/cropped-vieassociative_favicon.ico.png","width":512,"height":512,"caption":"Vie Associative"},"image":{"@id":"https:\/\/vieassociative.be\/actualites\/#\/schema\/logo\/image\/"}},{"@type":"Person","@id":"https:\/\/vieassociative.be\/actualites\/#\/schema\/person\/b87ac4f82f9d4e7b7cec7395b679edc4","name":"Julien","image":{"@type":"ImageObject","inLanguage":"fr-BE","@id":"https:\/\/vieassociative.be\/actualites\/#\/schema\/person\/image\/","url":"https:\/\/vieassociative.be\/actualites\/wp-content\/uploads\/2024\/09\/vie-associative-1-150x150.jpg","contentUrl":"https:\/\/vieassociative.be\/actualites\/wp-content\/uploads\/2024\/09\/vie-associative-1-150x150.jpg","caption":"Julien"},"description":"Je suis Julien, r\u00e9dacteur pour Vie Associative. Passionn\u00e9 par le monde associatif depuis plus de 10 ans, j'ai \u00e0 c\u0153ur de partager des histoires inspirantes et de mettre en lumi\u00e8re les initiatives locales. Mon objectif est de sensibiliser et d'encourager l'engagement communautaire \u00e0 travers mes articles.","sameAs":["https:\/\/vieassociative.be\/"]}]}},"_links":{"self":[{"href":"https:\/\/vieassociative.be\/actualites\/wp-json\/wp\/v2\/posts\/13339"}],"collection":[{"href":"https:\/\/vieassociative.be\/actualites\/wp-json\/wp\/v2\/posts"}],"about":[{"href":"https:\/\/vieassociative.be\/actualites\/wp-json\/wp\/v2\/types\/post"}],"author":[{"embeddable":true,"href":"https:\/\/vieassociative.be\/actualites\/wp-json\/wp\/v2\/users\/1"}],"replies":[{"embeddable":true,"href":"https:\/\/vieassociative.be\/actualites\/wp-json\/wp\/v2\/comments?post=13339"}],"version-history":[{"count":0,"href":"https:\/\/vieassociative.be\/actualites\/wp-json\/wp\/v2\/posts\/13339\/revisions"}],"wp:featuredmedia":[{"embeddable":true,"href":"https:\/\/vieassociative.be\/actualites\/wp-json\/wp\/v2\/media\/2567"}],"wp:attachment":[{"href":"https:\/\/vieassociative.be\/actualites\/wp-json\/wp\/v2\/media?parent=13339"}],"wp:term":[{"taxonomy":"category","embeddable":true,"href":"https:\/\/vieassociative.be\/actualites\/wp-json\/wp\/v2\/categories?post=13339"},{"taxonomy":"post_tag","embeddable":true,"href":"https:\/\/vieassociative.be\/actualites\/wp-json\/wp\/v2\/tags?post=13339"}],"curies":[{"name":"wp","href":"https:\/\/api.w.org\/{rel}","templated":true}]}}