{"id":13333,"date":"2026-04-05T22:17:41","date_gmt":"2026-04-05T20:17:41","guid":{"rendered":"https:\/\/vieassociative.be\/actualites\/ce-deuxieme-moniteur-portable-empile-de-16-pouces-est-actuellement-en-vente-au-prix-de-280\/"},"modified":"2026-04-05T22:17:41","modified_gmt":"2026-04-05T20:17:41","slug":"ce-deuxieme-moniteur-portable-empile-de-16-pouces-est-actuellement-en-vente-au-prix-de-280","status":"publish","type":"post","link":"https:\/\/vieassociative.be\/actualites\/ce-deuxieme-moniteur-portable-empile-de-16-pouces-est-actuellement-en-vente-au-prix-de-280\/","title":{"rendered":"Ce deuxi\u00e8me moniteur portable empil\u00e9 de 16 pouces est actuellement en vente au prix de 280 $"},"content":{"rendered":"<p>Nous pouvons gagner une commission sur les liens sur cette page. Les prix et la disponibilit\u00e9 de l&rsquo;offre sont sujets \u00e0 changement apr\u00e8s la publication.<\/p>\n<p>Travailler sur un seul \u00e9cran d&rsquo;ordinateur portable devient rapidement limit\u00e9, surtout lorsque vous jonglez avec les onglets, les documents et les appels. Le Mobile Pixels Duex Float 2 Pro est destin\u00e9 \u00e0 r\u00e9soudre ce probl\u00e8me sans transformer votre bureau en une configuration compl\u00e8te, et il est actuellement en vente au prix de 279,99 $ sur StackSocial, contre 389,99 $. Il s&rsquo;agit d&rsquo;un moniteur portable de 16 pouces avec une r\u00e9solution de 2 560 x 1 600 et un rapport hauteur\/largeur de 16:10. Vous b\u00e9n\u00e9ficiez donc de plus d&rsquo;espace vertical qu&rsquo;un \u00e9cran standard, ce qui signifie que vous faites moins d\u00e9filer et voyez plus d&rsquo;un coup d&rsquo;\u0153il lorsque vous travaillez sur des feuilles de calcul ou \u00e9ditez des documents. Le taux de rafra\u00eechissement de 120 Hz rend \u00e9galement le d\u00e9filement et les mouvements g\u00e9n\u00e9raux plus fluides que la plupart des moniteurs portables, qui ont toujours tendance \u00e0 rester \u00e0 60 Hz.<\/p>\n<p>Au lieu d&rsquo;\u00eatre assis \u00e0 c\u00f4t\u00e9 de votre ordinateur portable, ce moniteur suppl\u00e9mentaire peut \u00eatre plac\u00e9 au-dessus, ce qui semble plus naturel si vous \u00eates habitu\u00e9 \u00e0 une configuration de bureau \u00e0 deux moniteurs. Vous pouvez toujours l&rsquo;utiliser d&rsquo;autres mani\u00e8res\u00a0: comme \u00e9cran autonome avec sa b\u00e9quille int\u00e9gr\u00e9e ou retourn\u00e9 pour des pr\u00e9sentations. Il fonctionne \u00e9galement sur macOS, Windows, Linux et m\u00eame sur des appareils comme la Nintendo Switch ou les t\u00e9l\u00e9phones Android plus r\u00e9cents prenant en charge DeX, il est donc flexible en fonction de la fa\u00e7on dont vous envisagez de l&rsquo;utiliser. <\/p>\n<p>La configuration est simple\u00a0: un seul c\u00e2ble USB-C peut g\u00e9rer \u00e0 la fois l\u2019alimentation et l\u2019affichage, et il prend en charge la charge directe de 65\u00a0W, vous ne sacrifiez donc pas le port de charge de votre ordinateur portable. Il existe \u00e9galement une option mini-HDMI si votre appareil ne prend pas en charge la sortie d&rsquo;affichage USB-C compl\u00e8te.<\/p>\n<p>L&rsquo;\u00e9cran lui-m\u00eame est bon pour le travail quotidien. Il est suffisamment lumineux \u00e0 350 nits, poss\u00e8de un rev\u00eatement antireflet et couvre 100 % de la gamme de couleurs sRGB, de sorte que les couleurs semblent pr\u00e9cises. Les haut-parleurs int\u00e9gr\u00e9s sont l\u00e0 si vous en avez besoin, mais comme la plupart des moniteurs portables, ils sont plus pratiques que de qualit\u00e9. Le moniteur lui-m\u00eame p\u00e8se environ 2,9 livres, ce n&rsquo;est donc pas la chose la plus l\u00e9g\u00e8re \u00e0 transporter, mais si vous travaillez souvent \u00e0 diff\u00e9rents endroits et souhaitez plus d&rsquo;espace sur l&rsquo;\u00e9cran sans vous engager dans une configuration fixe, c&rsquo;est un moyen pratique de rester productif sans transporter un moniteur complet.<\/p>\n","protected":false},"excerpt":{"rendered":"<p>Nous pouvons gagner une commission sur les liens sur cette page. Les prix et la disponibilit\u00e9 de l&rsquo;offre sont sujets \u00e0 changement apr\u00e8s la publication.<\/p>\n","protected":false},"author":1,"featured_media":13334,"comment_status":"","ping_status":"","sticky":false,"template":"","format":"standard","meta":{"footnotes":""},"categories":[13],"tags":[19,2525,10435,76,1877,170,1980,1399,223],"class_list":["post-13333","post","type-post","status-publish","format-standard","has-post-thumbnail","hentry","category-technologie","tag-actuellement","tag-deuxieme","tag-empile","tag-est","tag-moniteur","tag-portable","tag-pouces","tag-prix","tag-vente","generate-columns","tablet-grid-50","mobile-grid-100","grid-parent","grid-33"],"yoast_head":"<!-- This site is optimized with the Yoast SEO plugin v24.0 - https:\/\/yoast.com\/wordpress\/plugins\/seo\/ -->\n<title>Ce deuxi\u00e8me moniteur portable empil\u00e9 de 16 pouces est actuellement en vente au prix de 280 $ | Vie Associative<\/title>\n<meta name=\"robots\" content=\"index, follow, max-snippet:-1, max-image-preview:large, max-video-preview:-1\" \/>\n<link rel=\"canonical\" href=\"https:\/\/vieassociative.be\/actualites\/ce-deuxieme-moniteur-portable-empile-de-16-pouces-est-actuellement-en-vente-au-prix-de-280\/\" \/>\n<meta property=\"og:locale\" content=\"fr_FR\" \/>\n<meta property=\"og:type\" content=\"article\" \/>\n<meta property=\"og:title\" content=\"Ce deuxi\u00e8me moniteur portable empil\u00e9 de 16 pouces est actuellement en vente au prix de 280 $ | Vie Associative\" \/>\n<meta property=\"og:description\" content=\"Nous pouvons gagner une commission sur les liens sur cette page. Les prix et la disponibilit\u00e9 de l&rsquo;offre sont sujets \u00e0 changement apr\u00e8s la publication.\" \/>\n<meta property=\"og:url\" content=\"https:\/\/vieassociative.be\/actualites\/ce-deuxieme-moniteur-portable-empile-de-16-pouces-est-actuellement-en-vente-au-prix-de-280\/\" \/>\n<meta property=\"og:site_name\" content=\"Vie Associative\" \/>\n<meta property=\"article:published_time\" content=\"2026-04-05T20:17:41+00:00\" \/>\n<meta property=\"og:image\" content=\"https:\/\/vieassociative.be\/actualites\/wp-content\/uploads\/2024\/09\/header_backgroundk-01-e1726694325946.png\" \/>\n\t<meta property=\"og:image:width\" content=\"279\" \/>\n\t<meta property=\"og:image:height\" content=\"92\" \/>\n\t<meta property=\"og:image:type\" content=\"image\/png\" \/>\n<meta name=\"author\" content=\"Julien\" \/>\n<meta name=\"twitter:card\" content=\"summary_large_image\" \/>\n<meta name=\"twitter:label1\" content=\"\u00c9crit par\" \/>\n\t<meta name=\"twitter:data1\" content=\"Julien\" \/>\n\t<meta name=\"twitter:label2\" content=\"Dur\u00e9e de lecture est.\" \/>\n\t<meta name=\"twitter:data2\" content=\"2 minutes\" \/>\n<script type=\"application\/ld+json\" class=\"yoast-schema-graph\">{\"@context\":\"https:\/\/schema.org\",\"@graph\":[{\"@type\":\"Article\",\"@id\":\"https:\/\/vieassociative.be\/actualites\/ce-deuxieme-moniteur-portable-empile-de-16-pouces-est-actuellement-en-vente-au-prix-de-280\/#article\",\"isPartOf\":{\"@id\":\"https:\/\/vieassociative.be\/actualites\/ce-deuxieme-moniteur-portable-empile-de-16-pouces-est-actuellement-en-vente-au-prix-de-280\/\"},\"author\":{\"name\":\"Julien\",\"@id\":\"https:\/\/vieassociative.be\/actualites\/#\/schema\/person\/b87ac4f82f9d4e7b7cec7395b679edc4\"},\"headline\":\"Ce deuxi\u00e8me moniteur portable empil\u00e9 de 16 pouces est actuellement en vente au prix de 280 $\",\"datePublished\":\"2026-04-05T20:17:41+00:00\",\"dateModified\":\"2026-04-05T20:17:41+00:00\",\"mainEntityOfPage\":{\"@id\":\"https:\/\/vieassociative.be\/actualites\/ce-deuxieme-moniteur-portable-empile-de-16-pouces-est-actuellement-en-vente-au-prix-de-280\/\"},\"wordCount\":482,\"publisher\":{\"@id\":\"https:\/\/vieassociative.be\/actualites\/#organization\"},\"image\":{\"@id\":\"https:\/\/vieassociative.be\/actualites\/ce-deuxieme-moniteur-portable-empile-de-16-pouces-est-actuellement-en-vente-au-prix-de-280\/#primaryimage\"},\"thumbnailUrl\":\"https:\/\/vieassociative.be\/actualites\/wp-content\/uploads\/2026\/04\/Ce-deuxieme-moniteur-portable-empile-de-16-pouces-est-actuellement.png\",\"keywords\":[\"actuellement\",\"deuxi\u00e8me\",\"empil\u00e9\",\"est\",\"moniteur\",\"portable\",\"pouces\",\"prix\",\"vente\"],\"articleSection\":[\"Technologie\"],\"inLanguage\":\"fr-BE\"},{\"@type\":\"WebPage\",\"@id\":\"https:\/\/vieassociative.be\/actualites\/ce-deuxieme-moniteur-portable-empile-de-16-pouces-est-actuellement-en-vente-au-prix-de-280\/\",\"url\":\"https:\/\/vieassociative.be\/actualites\/ce-deuxieme-moniteur-portable-empile-de-16-pouces-est-actuellement-en-vente-au-prix-de-280\/\",\"name\":\"Ce deuxi\u00e8me moniteur portable empil\u00e9 de 16 pouces est actuellement en vente au prix de 280 $ | Vie Associative\",\"isPartOf\":{\"@id\":\"https:\/\/vieassociative.be\/actualites\/#website\"},\"primaryImageOfPage\":{\"@id\":\"https:\/\/vieassociative.be\/actualites\/ce-deuxieme-moniteur-portable-empile-de-16-pouces-est-actuellement-en-vente-au-prix-de-280\/#primaryimage\"},\"image\":{\"@id\":\"https:\/\/vieassociative.be\/actualites\/ce-deuxieme-moniteur-portable-empile-de-16-pouces-est-actuellement-en-vente-au-prix-de-280\/#primaryimage\"},\"thumbnailUrl\":\"https:\/\/vieassociative.be\/actualites\/wp-content\/uploads\/2026\/04\/Ce-deuxieme-moniteur-portable-empile-de-16-pouces-est-actuellement.png\",\"datePublished\":\"2026-04-05T20:17:41+00:00\",\"dateModified\":\"2026-04-05T20:17:41+00:00\",\"breadcrumb\":{\"@id\":\"https:\/\/vieassociative.be\/actualites\/ce-deuxieme-moniteur-portable-empile-de-16-pouces-est-actuellement-en-vente-au-prix-de-280\/#breadcrumb\"},\"inLanguage\":\"fr-BE\",\"potentialAction\":[{\"@type\":\"ReadAction\",\"target\":[\"https:\/\/vieassociative.be\/actualites\/ce-deuxieme-moniteur-portable-empile-de-16-pouces-est-actuellement-en-vente-au-prix-de-280\/\"]}]},{\"@type\":\"ImageObject\",\"inLanguage\":\"fr-BE\",\"@id\":\"https:\/\/vieassociative.be\/actualites\/ce-deuxieme-moniteur-portable-empile-de-16-pouces-est-actuellement-en-vente-au-prix-de-280\/#primaryimage\",\"url\":\"https:\/\/vieassociative.be\/actualites\/wp-content\/uploads\/2026\/04\/Ce-deuxieme-moniteur-portable-empile-de-16-pouces-est-actuellement.png\",\"contentUrl\":\"https:\/\/vieassociative.be\/actualites\/wp-content\/uploads\/2026\/04\/Ce-deuxieme-moniteur-portable-empile-de-16-pouces-est-actuellement.png\",\"width\":1200,\"height\":675,\"caption\":\"Ce deuxi\u00e8me moniteur portable empil\u00e9 de 16 pouces est actuellement en vente au prix de 280 $\"},{\"@type\":\"BreadcrumbList\",\"@id\":\"https:\/\/vieassociative.be\/actualites\/ce-deuxieme-moniteur-portable-empile-de-16-pouces-est-actuellement-en-vente-au-prix-de-280\/#breadcrumb\",\"itemListElement\":[{\"@type\":\"ListItem\",\"position\":1,\"name\":\"Accueil\",\"item\":\"https:\/\/vieassociative.be\/actualites\/\"},{\"@type\":\"ListItem\",\"position\":2,\"name\":\"Ce deuxi\u00e8me moniteur portable empil\u00e9 de 16 pouces est actuellement en vente au prix de 280 $\"}]},{\"@type\":\"WebSite\",\"@id\":\"https:\/\/vieassociative.be\/actualites\/#website\",\"url\":\"https:\/\/vieassociative.be\/actualites\/\",\"name\":\"Vie Associative\",\"description\":\"\",\"publisher\":{\"@id\":\"https:\/\/vieassociative.be\/actualites\/#organization\"},\"potentialAction\":[{\"@type\":\"SearchAction\",\"target\":{\"@type\":\"EntryPoint\",\"urlTemplate\":\"https:\/\/vieassociative.be\/actualites\/?s={search_term_string}\"},\"query-input\":{\"@type\":\"PropertyValueSpecification\",\"valueRequired\":true,\"valueName\":\"search_term_string\"}}],\"inLanguage\":\"fr-BE\"},{\"@type\":\"Organization\",\"@id\":\"https:\/\/vieassociative.be\/actualites\/#organization\",\"name\":\"Vie Associative\",\"url\":\"https:\/\/vieassociative.be\/actualites\/\",\"logo\":{\"@type\":\"ImageObject\",\"inLanguage\":\"fr-BE\",\"@id\":\"https:\/\/vieassociative.be\/actualites\/#\/schema\/logo\/image\/\",\"url\":\"https:\/\/vieassociative.be\/actualites\/wp-content\/uploads\/2024\/09\/cropped-vieassociative_favicon.ico.png\",\"contentUrl\":\"https:\/\/vieassociative.be\/actualites\/wp-content\/uploads\/2024\/09\/cropped-vieassociative_favicon.ico.png\",\"width\":512,\"height\":512,\"caption\":\"Vie Associative\"},\"image\":{\"@id\":\"https:\/\/vieassociative.be\/actualites\/#\/schema\/logo\/image\/\"}},{\"@type\":\"Person\",\"@id\":\"https:\/\/vieassociative.be\/actualites\/#\/schema\/person\/b87ac4f82f9d4e7b7cec7395b679edc4\",\"name\":\"Julien\",\"image\":{\"@type\":\"ImageObject\",\"inLanguage\":\"fr-BE\",\"@id\":\"https:\/\/vieassociative.be\/actualites\/#\/schema\/person\/image\/\",\"url\":\"https:\/\/vieassociative.be\/actualites\/wp-content\/uploads\/2024\/09\/vie-associative-1-150x150.jpg\",\"contentUrl\":\"https:\/\/vieassociative.be\/actualites\/wp-content\/uploads\/2024\/09\/vie-associative-1-150x150.jpg\",\"caption\":\"Julien\"},\"description\":\"Je suis Julien, r\u00e9dacteur pour Vie Associative. Passionn\u00e9 par le monde associatif depuis plus de 10 ans, j'ai \u00e0 c\u0153ur de partager des histoires inspirantes et de mettre en lumi\u00e8re les initiatives locales. Mon objectif est de sensibiliser et d'encourager l'engagement communautaire \u00e0 travers mes articles.\",\"sameAs\":[\"https:\/\/vieassociative.be\/\"]}]}<\/script>\n<!-- \/ Yoast SEO plugin. -->","yoast_head_json":{"title":"Ce deuxi\u00e8me moniteur portable empil\u00e9 de 16 pouces est actuellement en vente au prix de 280 $ | Vie Associative","robots":{"index":"index","follow":"follow","max-snippet":"max-snippet:-1","max-image-preview":"max-image-preview:large","max-video-preview":"max-video-preview:-1"},"canonical":"https:\/\/vieassociative.be\/actualites\/ce-deuxieme-moniteur-portable-empile-de-16-pouces-est-actuellement-en-vente-au-prix-de-280\/","og_locale":"fr_FR","og_type":"article","og_title":"Ce deuxi\u00e8me moniteur portable empil\u00e9 de 16 pouces est actuellement en vente au prix de 280 $ | Vie Associative","og_description":"Nous pouvons gagner une commission sur les liens sur cette page. Les prix et la disponibilit\u00e9 de l&rsquo;offre sont sujets \u00e0 changement apr\u00e8s la publication.","og_url":"https:\/\/vieassociative.be\/actualites\/ce-deuxieme-moniteur-portable-empile-de-16-pouces-est-actuellement-en-vente-au-prix-de-280\/","og_site_name":"Vie Associative","article_published_time":"2026-04-05T20:17:41+00:00","og_image":[{"width":279,"height":92,"url":"https:\/\/vieassociative.be\/actualites\/wp-content\/uploads\/2024\/09\/header_backgroundk-01-e1726694325946.png","type":"image\/png"}],"author":"Julien","twitter_card":"summary_large_image","twitter_misc":{"\u00c9crit par":"Julien","Dur\u00e9e de lecture est.":"2 minutes"},"schema":{"@context":"https:\/\/schema.org","@graph":[{"@type":"Article","@id":"https:\/\/vieassociative.be\/actualites\/ce-deuxieme-moniteur-portable-empile-de-16-pouces-est-actuellement-en-vente-au-prix-de-280\/#article","isPartOf":{"@id":"https:\/\/vieassociative.be\/actualites\/ce-deuxieme-moniteur-portable-empile-de-16-pouces-est-actuellement-en-vente-au-prix-de-280\/"},"author":{"name":"Julien","@id":"https:\/\/vieassociative.be\/actualites\/#\/schema\/person\/b87ac4f82f9d4e7b7cec7395b679edc4"},"headline":"Ce deuxi\u00e8me moniteur portable empil\u00e9 de 16 pouces est actuellement en vente au prix de 280 $","datePublished":"2026-04-05T20:17:41+00:00","dateModified":"2026-04-05T20:17:41+00:00","mainEntityOfPage":{"@id":"https:\/\/vieassociative.be\/actualites\/ce-deuxieme-moniteur-portable-empile-de-16-pouces-est-actuellement-en-vente-au-prix-de-280\/"},"wordCount":482,"publisher":{"@id":"https:\/\/vieassociative.be\/actualites\/#organization"},"image":{"@id":"https:\/\/vieassociative.be\/actualites\/ce-deuxieme-moniteur-portable-empile-de-16-pouces-est-actuellement-en-vente-au-prix-de-280\/#primaryimage"},"thumbnailUrl":"https:\/\/vieassociative.be\/actualites\/wp-content\/uploads\/2026\/04\/Ce-deuxieme-moniteur-portable-empile-de-16-pouces-est-actuellement.png","keywords":["actuellement","deuxi\u00e8me","empil\u00e9","est","moniteur","portable","pouces","prix","vente"],"articleSection":["Technologie"],"inLanguage":"fr-BE"},{"@type":"WebPage","@id":"https:\/\/vieassociative.be\/actualites\/ce-deuxieme-moniteur-portable-empile-de-16-pouces-est-actuellement-en-vente-au-prix-de-280\/","url":"https:\/\/vieassociative.be\/actualites\/ce-deuxieme-moniteur-portable-empile-de-16-pouces-est-actuellement-en-vente-au-prix-de-280\/","name":"Ce deuxi\u00e8me moniteur portable empil\u00e9 de 16 pouces est actuellement en vente au prix de 280 $ | Vie Associative","isPartOf":{"@id":"https:\/\/vieassociative.be\/actualites\/#website"},"primaryImageOfPage":{"@id":"https:\/\/vieassociative.be\/actualites\/ce-deuxieme-moniteur-portable-empile-de-16-pouces-est-actuellement-en-vente-au-prix-de-280\/#primaryimage"},"image":{"@id":"https:\/\/vieassociative.be\/actualites\/ce-deuxieme-moniteur-portable-empile-de-16-pouces-est-actuellement-en-vente-au-prix-de-280\/#primaryimage"},"thumbnailUrl":"https:\/\/vieassociative.be\/actualites\/wp-content\/uploads\/2026\/04\/Ce-deuxieme-moniteur-portable-empile-de-16-pouces-est-actuellement.png","datePublished":"2026-04-05T20:17:41+00:00","dateModified":"2026-04-05T20:17:41+00:00","breadcrumb":{"@id":"https:\/\/vieassociative.be\/actualites\/ce-deuxieme-moniteur-portable-empile-de-16-pouces-est-actuellement-en-vente-au-prix-de-280\/#breadcrumb"},"inLanguage":"fr-BE","potentialAction":[{"@type":"ReadAction","target":["https:\/\/vieassociative.be\/actualites\/ce-deuxieme-moniteur-portable-empile-de-16-pouces-est-actuellement-en-vente-au-prix-de-280\/"]}]},{"@type":"ImageObject","inLanguage":"fr-BE","@id":"https:\/\/vieassociative.be\/actualites\/ce-deuxieme-moniteur-portable-empile-de-16-pouces-est-actuellement-en-vente-au-prix-de-280\/#primaryimage","url":"https:\/\/vieassociative.be\/actualites\/wp-content\/uploads\/2026\/04\/Ce-deuxieme-moniteur-portable-empile-de-16-pouces-est-actuellement.png","contentUrl":"https:\/\/vieassociative.be\/actualites\/wp-content\/uploads\/2026\/04\/Ce-deuxieme-moniteur-portable-empile-de-16-pouces-est-actuellement.png","width":1200,"height":675,"caption":"Ce deuxi\u00e8me moniteur portable empil\u00e9 de 16 pouces est actuellement en vente au prix de 280 $"},{"@type":"BreadcrumbList","@id":"https:\/\/vieassociative.be\/actualites\/ce-deuxieme-moniteur-portable-empile-de-16-pouces-est-actuellement-en-vente-au-prix-de-280\/#breadcrumb","itemListElement":[{"@type":"ListItem","position":1,"name":"Accueil","item":"https:\/\/vieassociative.be\/actualites\/"},{"@type":"ListItem","position":2,"name":"Ce deuxi\u00e8me moniteur portable empil\u00e9 de 16 pouces est actuellement en vente au prix de 280 $"}]},{"@type":"WebSite","@id":"https:\/\/vieassociative.be\/actualites\/#website","url":"https:\/\/vieassociative.be\/actualites\/","name":"Vie Associative","description":"","publisher":{"@id":"https:\/\/vieassociative.be\/actualites\/#organization"},"potentialAction":[{"@type":"SearchAction","target":{"@type":"EntryPoint","urlTemplate":"https:\/\/vieassociative.be\/actualites\/?s={search_term_string}"},"query-input":{"@type":"PropertyValueSpecification","valueRequired":true,"valueName":"search_term_string"}}],"inLanguage":"fr-BE"},{"@type":"Organization","@id":"https:\/\/vieassociative.be\/actualites\/#organization","name":"Vie Associative","url":"https:\/\/vieassociative.be\/actualites\/","logo":{"@type":"ImageObject","inLanguage":"fr-BE","@id":"https:\/\/vieassociative.be\/actualites\/#\/schema\/logo\/image\/","url":"https:\/\/vieassociative.be\/actualites\/wp-content\/uploads\/2024\/09\/cropped-vieassociative_favicon.ico.png","contentUrl":"https:\/\/vieassociative.be\/actualites\/wp-content\/uploads\/2024\/09\/cropped-vieassociative_favicon.ico.png","width":512,"height":512,"caption":"Vie Associative"},"image":{"@id":"https:\/\/vieassociative.be\/actualites\/#\/schema\/logo\/image\/"}},{"@type":"Person","@id":"https:\/\/vieassociative.be\/actualites\/#\/schema\/person\/b87ac4f82f9d4e7b7cec7395b679edc4","name":"Julien","image":{"@type":"ImageObject","inLanguage":"fr-BE","@id":"https:\/\/vieassociative.be\/actualites\/#\/schema\/person\/image\/","url":"https:\/\/vieassociative.be\/actualites\/wp-content\/uploads\/2024\/09\/vie-associative-1-150x150.jpg","contentUrl":"https:\/\/vieassociative.be\/actualites\/wp-content\/uploads\/2024\/09\/vie-associative-1-150x150.jpg","caption":"Julien"},"description":"Je suis Julien, r\u00e9dacteur pour Vie Associative. Passionn\u00e9 par le monde associatif depuis plus de 10 ans, j'ai \u00e0 c\u0153ur de partager des histoires inspirantes et de mettre en lumi\u00e8re les initiatives locales. Mon objectif est de sensibiliser et d'encourager l'engagement communautaire \u00e0 travers mes articles.","sameAs":["https:\/\/vieassociative.be\/"]}]}},"_links":{"self":[{"href":"https:\/\/vieassociative.be\/actualites\/wp-json\/wp\/v2\/posts\/13333"}],"collection":[{"href":"https:\/\/vieassociative.be\/actualites\/wp-json\/wp\/v2\/posts"}],"about":[{"href":"https:\/\/vieassociative.be\/actualites\/wp-json\/wp\/v2\/types\/post"}],"author":[{"embeddable":true,"href":"https:\/\/vieassociative.be\/actualites\/wp-json\/wp\/v2\/users\/1"}],"replies":[{"embeddable":true,"href":"https:\/\/vieassociative.be\/actualites\/wp-json\/wp\/v2\/comments?post=13333"}],"version-history":[{"count":0,"href":"https:\/\/vieassociative.be\/actualites\/wp-json\/wp\/v2\/posts\/13333\/revisions"}],"wp:featuredmedia":[{"embeddable":true,"href":"https:\/\/vieassociative.be\/actualites\/wp-json\/wp\/v2\/media\/13334"}],"wp:attachment":[{"href":"https:\/\/vieassociative.be\/actualites\/wp-json\/wp\/v2\/media?parent=13333"}],"wp:term":[{"taxonomy":"category","embeddable":true,"href":"https:\/\/vieassociative.be\/actualites\/wp-json\/wp\/v2\/categories?post=13333"},{"taxonomy":"post_tag","embeddable":true,"href":"https:\/\/vieassociative.be\/actualites\/wp-json\/wp\/v2\/tags?post=13333"}],"curies":[{"name":"wp","href":"https:\/\/api.w.org\/{rel}","templated":true}]}}