{"id":13331,"date":"2026-04-05T17:17:34","date_gmt":"2026-04-05T15:17:34","guid":{"rendered":"https:\/\/vieassociative.be\/actualites\/la-46eme-course-de-paques-deupen-en-images-galerie-photo\/"},"modified":"2026-04-05T17:17:34","modified_gmt":"2026-04-05T15:17:34","slug":"la-46eme-course-de-paques-deupen-en-images-galerie-photo","status":"publish","type":"post","link":"https:\/\/vieassociative.be\/actualites\/la-46eme-course-de-paques-deupen-en-images-galerie-photo\/","title":{"rendered":"La 46\u00e8me Course de P\u00e2ques d&rsquo;Eupen en images (galerie photo)"},"content":{"rendered":"<p><strong>Le samedi de P\u00e2ques, la ville d&rsquo;Eupen \u00e9tait \u00e0 nouveau plac\u00e9e sous le signe de la course \u00e0 pied : la 46\u00e8me Course Internationale de P\u00e2ques a attir\u00e9 de nombreux participants et spectateurs et a une nouvelle fois confirm\u00e9 sa place permanente dans le calendrier \u00e9v\u00e9nementiel r\u00e9gional. Le photographe Patrick von Staufenberg \u00e9tait sur place pour \u00ab Ostbelgien Direkt \u00bb. Voici ses photos (voir GALERIE DE PHOTOS ci-dessous).<\/strong><\/p>\n<p><span id=\"more-438184\"><\/span>Dans des conditions printani\u00e8res agr\u00e9ables, l&rsquo;\u00e9v\u00e9nement s&rsquo;est d\u00e9velopp\u00e9 en un m\u00e9lange r\u00e9ussi d&rsquo;ambition sportive et d&rsquo;ambiance familiale.<\/p>\n<p>Les courses des enfants et des \u00e9coles ont ouvert le programme en d\u00e9but d&rsquo;apr\u00e8s-midi. Les jeunes participants ont suscit\u00e9 beaucoup d&rsquo;enthousiasme sur les distances plus courtes et ont \u00e9t\u00e9 fortement encourag\u00e9s tout au long du parcours.<\/p>\n<p>Un moment fort pour les plus jeunes visiteurs a \u00e9t\u00e9 la pr\u00e9sence du lapin de P\u00e2ques, qui a fait sourire les visages et a donn\u00e9 \u00e0 la course une touche suppl\u00e9mentaire adapt\u00e9e aux enfants. C&rsquo;est notamment lors de la populaire \u00ab Easter Bunny Run \u00bb qu&rsquo;il est devenu clair que l&rsquo;accent n&rsquo;\u00e9tait pas mis sur la comp\u00e9tition, mais sur le plaisir de l&rsquo;exercice.<\/p>\n<div id=\"attachment_438237\" class=\"wp-caption alignleft\" style=\"max-width: 300px\"><img fetchpriority=\"high\" decoding=\"async\" class=\"wp-image-438237 size-medium\" src=\"https:\/\/vieassociative.be\/actualites\/wp-content\/uploads\/2026\/04\/La-46eme-Course-de-Paques-dEupen-en-images-galerie-photo.jpg\" alt=\"\" width=\"300\" height=\"200\"  ><\/div>\n<p>Viennent ensuite les courses principales de 6 et 15 kilom\u00e8tres, qui attirent de nombreux coureurs amateurs et athl\u00e8tes ambitieux. Dans la course principale de 15 kilom\u00e8tres, Timo K\u00fcpper a remport\u00e9 la course masculine en 52 min 35 s. Romy Schr\u00f6der a remport\u00e9 la course f\u00e9minine en 1:05:55 heures. Des temps rapides ont \u00e9galement \u00e9t\u00e9 r\u00e9alis\u00e9s lors de la course ludique de 6 kilom\u00e8tres : Beno\u00eet Paques a remport\u00e9 la course masculine en 19 min 19 s, tandis que Marie Wiesemes a franchi la ligne d&rsquo;arriv\u00e9e en premi\u00e8re position chez les femmes en 23 min 19 s.<\/p>\n<p>Au total, environ un millier de participants ont pris part aux diff\u00e9rentes comp\u00e9titions. L&rsquo;organisation s&rsquo;est bien d\u00e9roul\u00e9e et la bonne ambiance tout au long du parcours a largement contribu\u00e9 au succ\u00e8s de l&rsquo;\u00e9v\u00e9nement. Ce qui a \u00e9t\u00e9 particuli\u00e8rement remarquable, c&rsquo;est la solide performance du SC B\u00fctgenbach, dont les athl\u00e8tes ont remport\u00e9 deux victoires.<\/p>\n<p>L&rsquo;histoire de l&rsquo;Eupen Easter Run remonte aux ann\u00e9es 1970. En 1972, l&rsquo;Association Sportive d&rsquo;Eupen organise la premi\u00e8re \u00e9dition en collaboration avec le LAC Eupen. Deux ans plus tard, le LAC organisait seul cet \u00e9v\u00e9nement sportif.<\/p>\n<p>Dans les ann\u00e9es 1980, l&rsquo;Eupen Easter Run \u00e9tait le plus grand semi-marathon de Belgique. A cette \u00e9poque, m\u00eame d&rsquo;anciens coureurs de classe mondiale comme Emiel Puttemans (argent aux Jeux Olympiques de 1972 au 10 000 m\u00e8tres) et Karel Lismont (argent aux Jeux Olympiques de 1972 et bronze aux Jeux Olympiques de 1976 au marathon) participaient \u00e0 l&rsquo;Eupen Easter Run. La course de P\u00e2ques n\u2019a pas pu avoir lieu en 2020 et 2021 en raison de la pand\u00e9mie de Covid. (cr\u00e9er)<\/p>\n<p><i><b>Vous trouverez ci-dessous une GALERIE DE PHOTOS avec des photos du photographe Patrick von Staufenberg de la 45e course de P\u00e2ques sur le terrain du stade municipal de la Judenstrasse \u00e0 Eupen samedi (cliquez sur l&rsquo;image pour l&rsquo;agrandir) :<\/b><\/i><\/p>\n<div class=\"wp-gallery row\">\n<figure class=\"column small-6 medium-3 end\"><img decoding=\"async\" src=\"https:\/\/vieassociative.be\/actualites\/wp-content\/uploads\/2026\/04\/1775402251_501_La-46eme-Course-de-Paques-dEupen-en-images-galerie-photo.jpg\" width=\"159\" height=\"159\" alt=\"\"><\/figure>\n<figure class=\"column small-6 medium-3 end\"><img decoding=\"async\" src=\"https:\/\/vieassociative.be\/actualites\/wp-content\/uploads\/2026\/04\/1775402251_284_La-46eme-Course-de-Paques-dEupen-en-images-galerie-photo.jpg\" width=\"159\" height=\"159\" alt=\"\"><\/figure>\n<figure class=\"column small-6 medium-3 end\"><img loading=\"lazy\" decoding=\"async\" src=\"https:\/\/vieassociative.be\/actualites\/wp-content\/uploads\/2026\/04\/1775402251_409_La-46eme-Course-de-Paques-dEupen-en-images-galerie-photo.jpg\" width=\"159\" height=\"159\" alt=\"\"><\/figure>\n<figure class=\"column small-6 medium-3 end\"><img loading=\"lazy\" decoding=\"async\" src=\"https:\/\/vieassociative.be\/actualites\/wp-content\/uploads\/2026\/04\/1775402251_576_La-46eme-Course-de-Paques-dEupen-en-images-galerie-photo.jpg\" width=\"159\" height=\"159\" alt=\"\"><\/figure>\n<figure class=\"column small-6 medium-3 end\"><img loading=\"lazy\" decoding=\"async\" src=\"https:\/\/vieassociative.be\/actualites\/wp-content\/uploads\/2026\/04\/1775402251_515_La-46eme-Course-de-Paques-dEupen-en-images-galerie-photo.jpg\" width=\"159\" height=\"159\" alt=\"\"><\/figure>\n<figure class=\"column small-6 medium-3 end\"><img loading=\"lazy\" decoding=\"async\" src=\"https:\/\/vieassociative.be\/actualites\/wp-content\/uploads\/2026\/04\/1775402251_110_La-46eme-Course-de-Paques-dEupen-en-images-galerie-photo.jpg\" width=\"159\" height=\"159\" alt=\"\"><\/figure>\n<figure class=\"column small-6 medium-3 end\"><img loading=\"lazy\" decoding=\"async\" src=\"https:\/\/vieassociative.be\/actualites\/wp-content\/uploads\/2026\/04\/1775402251_419_La-46eme-Course-de-Paques-dEupen-en-images-galerie-photo.jpg\" width=\"159\" height=\"159\" alt=\"\"><\/figure>\n<figure class=\"column small-6 medium-3 end\"><img loading=\"lazy\" decoding=\"async\" src=\"https:\/\/vieassociative.be\/actualites\/wp-content\/uploads\/2026\/04\/1775402251_913_La-46eme-Course-de-Paques-dEupen-en-images-galerie-photo.jpg\" width=\"159\" height=\"159\" alt=\"\"><\/figure>\n<figure class=\"column small-6 medium-3 end\"><img loading=\"lazy\" decoding=\"async\" src=\"https:\/\/vieassociative.be\/actualites\/wp-content\/uploads\/2026\/04\/1775402251_698_La-46eme-Course-de-Paques-dEupen-en-images-galerie-photo.jpg\" width=\"159\" height=\"159\" alt=\"\"><\/figure>\n<figure class=\"column small-6 medium-3 end\"><img loading=\"lazy\" decoding=\"async\" src=\"https:\/\/vieassociative.be\/actualites\/wp-content\/uploads\/2026\/04\/1775402251_552_La-46eme-Course-de-Paques-dEupen-en-images-galerie-photo.jpg\" width=\"159\" height=\"159\" alt=\"\"><\/figure>\n<figure class=\"column small-6 medium-3 end\"><img loading=\"lazy\" decoding=\"async\" src=\"https:\/\/vieassociative.be\/actualites\/wp-content\/uploads\/2026\/04\/1775402252_267_La-46eme-Course-de-Paques-dEupen-en-images-galerie-photo.jpg\" width=\"159\" height=\"159\" alt=\"\"><\/figure>\n<figure class=\"column small-6 medium-3 end\"><img loading=\"lazy\" decoding=\"async\" src=\"https:\/\/vieassociative.be\/actualites\/wp-content\/uploads\/2026\/04\/1775402252_589_La-46eme-Course-de-Paques-dEupen-en-images-galerie-photo.jpg\" width=\"159\" height=\"159\" alt=\"\"><\/figure>\n<figure class=\"column small-6 medium-3 end\"><img loading=\"lazy\" decoding=\"async\" src=\"https:\/\/vieassociative.be\/actualites\/wp-content\/uploads\/2026\/04\/1775402252_221_La-46eme-Course-de-Paques-dEupen-en-images-galerie-photo.jpg\" width=\"159\" height=\"159\" alt=\"\"><\/figure>\n<figure class=\"column small-6 medium-3 end\"><img loading=\"lazy\" decoding=\"async\" src=\"https:\/\/vieassociative.be\/actualites\/wp-content\/uploads\/2026\/04\/1775402252_194_La-46eme-Course-de-Paques-dEupen-en-images-galerie-photo.jpg\" width=\"159\" height=\"159\" alt=\"\"><\/figure>\n<figure class=\"column small-6 medium-3 end\"><img loading=\"lazy\" decoding=\"async\" src=\"https:\/\/vieassociative.be\/actualites\/wp-content\/uploads\/2026\/04\/1775402252_457_La-46eme-Course-de-Paques-dEupen-en-images-galerie-photo.jpg\" width=\"159\" height=\"159\" alt=\"\"><\/figure>\n<figure class=\"column small-6 medium-3 end\"><img loading=\"lazy\" decoding=\"async\" src=\"https:\/\/vieassociative.be\/actualites\/wp-content\/uploads\/2026\/04\/1775402252_875_La-46eme-Course-de-Paques-dEupen-en-images-galerie-photo.jpg\" width=\"159\" height=\"159\" alt=\"\"><\/figure>\n<figure class=\"column small-6 medium-3 end\"><img loading=\"lazy\" decoding=\"async\" src=\"https:\/\/vieassociative.be\/actualites\/wp-content\/uploads\/2026\/04\/1775402252_926_La-46eme-Course-de-Paques-dEupen-en-images-galerie-photo.jpg\" width=\"159\" height=\"159\" alt=\"\"><\/figure>\n<figure class=\"column small-6 medium-3 end\"><img loading=\"lazy\" decoding=\"async\" src=\"https:\/\/vieassociative.be\/actualites\/wp-content\/uploads\/2026\/04\/1775402252_167_La-46eme-Course-de-Paques-dEupen-en-images-galerie-photo.jpg\" width=\"159\" height=\"159\" alt=\"\"><\/figure>\n<figure class=\"column small-6 medium-3 end\"><img loading=\"lazy\" decoding=\"async\" src=\"https:\/\/vieassociative.be\/actualites\/wp-content\/uploads\/2026\/04\/1775402252_595_La-46eme-Course-de-Paques-dEupen-en-images-galerie-photo.jpg\" width=\"159\" height=\"159\" alt=\"\"><\/figure>\n<figure class=\"column small-6 medium-3 end\"><img loading=\"lazy\" decoding=\"async\" src=\"https:\/\/vieassociative.be\/actualites\/wp-content\/uploads\/2026\/04\/1775402252_869_La-46eme-Course-de-Paques-dEupen-en-images-galerie-photo.jpg\" width=\"159\" height=\"159\" alt=\"\"><\/figure>\n<figure class=\"column small-6 medium-3 end\"><img loading=\"lazy\" decoding=\"async\" src=\"https:\/\/vieassociative.be\/actualites\/wp-content\/uploads\/2026\/04\/1775402252_932_La-46eme-Course-de-Paques-dEupen-en-images-galerie-photo.jpg\" width=\"159\" height=\"159\" alt=\"\"><\/figure>\n<figure class=\"column small-6 medium-3 end\"><img loading=\"lazy\" decoding=\"async\" src=\"https:\/\/vieassociative.be\/actualites\/wp-content\/uploads\/2026\/04\/1775402252_465_La-46eme-Course-de-Paques-dEupen-en-images-galerie-photo.jpg\" width=\"159\" height=\"159\" alt=\"\"><\/figure>\n<figure class=\"column small-6 medium-3 end\"><img loading=\"lazy\" decoding=\"async\" src=\"https:\/\/vieassociative.be\/actualites\/wp-content\/uploads\/2026\/04\/1775402252_97_La-46eme-Course-de-Paques-dEupen-en-images-galerie-photo.jpg\" width=\"159\" height=\"159\" alt=\"\"><\/figure>\n<figure class=\"column small-6 medium-3 end\"><img loading=\"lazy\" decoding=\"async\" src=\"https:\/\/vieassociative.be\/actualites\/wp-content\/uploads\/2026\/04\/1775402252_565_La-46eme-Course-de-Paques-dEupen-en-images-galerie-photo.jpg\" width=\"159\" height=\"159\" alt=\"\"><\/figure>\n<figure class=\"column small-6 medium-3 end\"><img loading=\"lazy\" decoding=\"async\" src=\"https:\/\/vieassociative.be\/actualites\/wp-content\/uploads\/2026\/04\/1775402252_197_La-46eme-Course-de-Paques-dEupen-en-images-galerie-photo.jpg\" width=\"159\" height=\"159\" alt=\"\"><\/figure>\n<figure class=\"column small-6 medium-3 end\"><img loading=\"lazy\" decoding=\"async\" src=\"https:\/\/vieassociative.be\/actualites\/wp-content\/uploads\/2026\/04\/1775402252_986_La-46eme-Course-de-Paques-dEupen-en-images-galerie-photo.jpg\" width=\"159\" height=\"159\" alt=\"\"><\/figure>\n<figure class=\"column small-6 medium-3 end\"><img loading=\"lazy\" decoding=\"async\" src=\"https:\/\/vieassociative.be\/actualites\/wp-content\/uploads\/2026\/04\/1775402252_499_La-46eme-Course-de-Paques-dEupen-en-images-galerie-photo.jpg\" width=\"159\" height=\"159\" alt=\"\"><\/figure>\n<figure class=\"column small-6 medium-3 end\"><img loading=\"lazy\" decoding=\"async\" src=\"https:\/\/vieassociative.be\/actualites\/wp-content\/uploads\/2026\/04\/1775402252_41_La-46eme-Course-de-Paques-dEupen-en-images-galerie-photo.jpg\" width=\"159\" height=\"159\" alt=\"\"><\/figure>\n<figure class=\"column small-6 medium-3 end\"><img loading=\"lazy\" decoding=\"async\" src=\"https:\/\/vieassociative.be\/actualites\/wp-content\/uploads\/2026\/04\/1775402253_90_La-46eme-Course-de-Paques-dEupen-en-images-galerie-photo.jpg\" width=\"159\" height=\"159\" alt=\"\"><\/figure>\n<figure class=\"column small-6 medium-3 end\"><img loading=\"lazy\" decoding=\"async\" src=\"https:\/\/vieassociative.be\/actualites\/wp-content\/uploads\/2026\/04\/1775402253_639_La-46eme-Course-de-Paques-dEupen-en-images-galerie-photo.jpg\" width=\"159\" height=\"159\" alt=\"\"><\/figure>\n<figure class=\"column small-6 medium-3 end\"><img loading=\"lazy\" decoding=\"async\" src=\"https:\/\/vieassociative.be\/actualites\/wp-content\/uploads\/2026\/04\/1775402253_616_La-46eme-Course-de-Paques-dEupen-en-images-galerie-photo.jpg\" width=\"159\" height=\"159\" alt=\"\"><\/figure>\n<figure class=\"column small-6 medium-3 end\"><img loading=\"lazy\" decoding=\"async\" src=\"https:\/\/vieassociative.be\/actualites\/wp-content\/uploads\/2026\/04\/1775402253_12_La-46eme-Course-de-Paques-dEupen-en-images-galerie-photo.jpg\" width=\"159\" height=\"159\" alt=\"\"><\/figure>\n<figure class=\"column small-6 medium-3 end\"><img loading=\"lazy\" decoding=\"async\" src=\"https:\/\/vieassociative.be\/actualites\/wp-content\/uploads\/2026\/04\/1775402253_28_La-46eme-Course-de-Paques-dEupen-en-images-galerie-photo.jpg\" width=\"159\" height=\"159\" alt=\"\"><\/figure>\n<figure class=\"column small-6 medium-3 end\"><img loading=\"lazy\" decoding=\"async\" src=\"https:\/\/vieassociative.be\/actualites\/wp-content\/uploads\/2026\/04\/1775402253_758_La-46eme-Course-de-Paques-dEupen-en-images-galerie-photo.jpg\" width=\"159\" height=\"159\" alt=\"\"><\/figure>\n<figure class=\"column small-6 medium-3 end\"><img loading=\"lazy\" decoding=\"async\" src=\"https:\/\/vieassociative.be\/actualites\/wp-content\/uploads\/2026\/04\/1775402253_174_La-46eme-Course-de-Paques-dEupen-en-images-galerie-photo.jpg\" width=\"159\" height=\"159\" alt=\"\"><\/figure>\n<figure class=\"column small-6 medium-3 end\"><img loading=\"lazy\" decoding=\"async\" src=\"https:\/\/vieassociative.be\/actualites\/wp-content\/uploads\/2026\/04\/1775402253_269_La-46eme-Course-de-Paques-dEupen-en-images-galerie-photo.jpg\" width=\"159\" height=\"159\" alt=\"\"><\/figure>\n<figure class=\"column small-6 medium-3 end\"><img loading=\"lazy\" decoding=\"async\" src=\"https:\/\/vieassociative.be\/actualites\/wp-content\/uploads\/2026\/04\/1775402253_770_La-46eme-Course-de-Paques-dEupen-en-images-galerie-photo.jpg\" width=\"159\" height=\"159\" alt=\"\"><\/figure>\n<figure class=\"column small-6 medium-3 end\"><img loading=\"lazy\" decoding=\"async\" src=\"https:\/\/vieassociative.be\/actualites\/wp-content\/uploads\/2026\/04\/1775402253_111_La-46eme-Course-de-Paques-dEupen-en-images-galerie-photo.jpg\" width=\"159\" height=\"159\" alt=\"\"><\/figure>\n<figure class=\"column small-6 medium-3 end\"><img loading=\"lazy\" decoding=\"async\" src=\"https:\/\/vieassociative.be\/actualites\/wp-content\/uploads\/2026\/04\/1775402253_488_La-46eme-Course-de-Paques-dEupen-en-images-galerie-photo.jpg\" width=\"159\" height=\"159\" alt=\"\"><\/figure>\n<figure class=\"column small-6 medium-3 end\"><img loading=\"lazy\" decoding=\"async\" src=\"https:\/\/vieassociative.be\/actualites\/wp-content\/uploads\/2026\/04\/1775402253_992_La-46eme-Course-de-Paques-dEupen-en-images-galerie-photo.jpg\" width=\"159\" height=\"159\" alt=\"\"><\/figure>\n<figure class=\"column small-6 medium-3 end\"><img loading=\"lazy\" decoding=\"async\" src=\"https:\/\/vieassociative.be\/actualites\/wp-content\/uploads\/2026\/04\/1775402253_663_La-46eme-Course-de-Paques-dEupen-en-images-galerie-photo.jpg\" width=\"159\" height=\"159\" alt=\"\"><\/figure>\n<figure class=\"column small-6 medium-3 end\"><img loading=\"lazy\" decoding=\"async\" src=\"https:\/\/vieassociative.be\/actualites\/wp-content\/uploads\/2026\/04\/1775402253_898_La-46eme-Course-de-Paques-dEupen-en-images-galerie-photo.jpg\" width=\"159\" height=\"159\" alt=\"\"><\/figure>\n<figure class=\"column small-6 medium-3 end\"><img loading=\"lazy\" decoding=\"async\" src=\"https:\/\/vieassociative.be\/actualites\/wp-content\/uploads\/2026\/04\/1775402253_53_La-46eme-Course-de-Paques-dEupen-en-images-galerie-photo.jpg\" width=\"159\" height=\"159\" alt=\"\"><\/figure>\n<figure class=\"column small-6 medium-3 end\"><img loading=\"lazy\" decoding=\"async\" src=\"https:\/\/vieassociative.be\/actualites\/wp-content\/uploads\/2026\/04\/1775402253_449_La-46eme-Course-de-Paques-dEupen-en-images-galerie-photo.jpg\" width=\"159\" height=\"159\" alt=\"\"><\/figure>\n<figure class=\"column small-6 medium-3 end\"><img loading=\"lazy\" decoding=\"async\" src=\"https:\/\/vieassociative.be\/actualites\/wp-content\/uploads\/2026\/04\/1775402253_560_La-46eme-Course-de-Paques-dEupen-en-images-galerie-photo.jpg\" width=\"159\" height=\"159\" alt=\"\"><\/figure>\n<figure class=\"column small-6 medium-3 end\"><img loading=\"lazy\" decoding=\"async\" src=\"https:\/\/vieassociative.be\/actualites\/wp-content\/uploads\/2026\/04\/1775402253_173_La-46eme-Course-de-Paques-dEupen-en-images-galerie-photo.jpg\" width=\"159\" height=\"159\" alt=\"\"><\/figure>\n<figure class=\"column small-6 medium-3 end\"><img loading=\"lazy\" decoding=\"async\" src=\"https:\/\/vieassociative.be\/actualites\/wp-content\/uploads\/2026\/04\/1775402254_897_La-46eme-Course-de-Paques-dEupen-en-images-galerie-photo.jpg\" width=\"159\" height=\"159\" alt=\"\"><\/figure>\n<figure class=\"column small-6 medium-3 end\"><img loading=\"lazy\" decoding=\"async\" src=\"https:\/\/vieassociative.be\/actualites\/wp-content\/uploads\/2026\/04\/1775402254_686_La-46eme-Course-de-Paques-dEupen-en-images-galerie-photo.jpg\" width=\"159\" height=\"159\" alt=\"\"><\/figure>\n<\/div>\n","protected":false},"excerpt":{"rendered":"<p>Le samedi de P\u00e2ques, la ville d&rsquo;Eupen \u00e9tait \u00e0 nouveau plac\u00e9e sous le signe de la course \u00e0 pied : la 46\u00e8me Course Internationale de<\/p>\n","protected":false},"author":1,"featured_media":13332,"comment_status":"","ping_status":"","sticky":false,"template":"","format":"standard","meta":{"footnotes":""},"categories":[298],"tags":[10434,2403,3257,4526,867,2013],"class_list":["post-13331","post","type-post","status-publish","format-standard","has-post-thumbnail","hentry","category-belgique","tag-46eme","tag-deupen","tag-galerie","tag-images","tag-paques","tag-photo","generate-columns","tablet-grid-50","mobile-grid-100","grid-parent","grid-33"],"yoast_head":"<!-- This site is optimized with the Yoast SEO plugin v24.0 - https:\/\/yoast.com\/wordpress\/plugins\/seo\/ -->\n<title>La 46\u00e8me Course de P\u00e2ques d&#039;Eupen en images (galerie photo) | Vie Associative<\/title>\n<meta name=\"robots\" content=\"index, follow, max-snippet:-1, max-image-preview:large, max-video-preview:-1\" \/>\n<link rel=\"canonical\" href=\"https:\/\/vieassociative.be\/actualites\/la-46eme-course-de-paques-deupen-en-images-galerie-photo\/\" \/>\n<meta property=\"og:locale\" content=\"fr_FR\" \/>\n<meta property=\"og:type\" content=\"article\" \/>\n<meta property=\"og:title\" content=\"La 46\u00e8me Course de P\u00e2ques d&#039;Eupen en images (galerie photo) | Vie Associative\" \/>\n<meta property=\"og:description\" content=\"Le samedi de P\u00e2ques, la ville d&rsquo;Eupen \u00e9tait \u00e0 nouveau plac\u00e9e sous le signe de la course \u00e0 pied : la 46\u00e8me Course Internationale de\" \/>\n<meta property=\"og:url\" content=\"https:\/\/vieassociative.be\/actualites\/la-46eme-course-de-paques-deupen-en-images-galerie-photo\/\" \/>\n<meta property=\"og:site_name\" content=\"Vie Associative\" \/>\n<meta property=\"article:published_time\" content=\"2026-04-05T15:17:34+00:00\" \/>\n<meta property=\"og:image\" content=\"https:\/\/vieassociative.be\/actualites\/wp-content\/uploads\/2024\/09\/header_backgroundk-01-e1726694325946.png\" \/>\n\t<meta property=\"og:image:width\" content=\"279\" \/>\n\t<meta property=\"og:image:height\" content=\"92\" \/>\n\t<meta property=\"og:image:type\" content=\"image\/png\" \/>\n<meta name=\"author\" content=\"Julien\" \/>\n<meta name=\"twitter:card\" content=\"summary_large_image\" \/>\n<meta name=\"twitter:label1\" content=\"\u00c9crit par\" \/>\n\t<meta name=\"twitter:data1\" content=\"Julien\" \/>\n\t<meta name=\"twitter:label2\" content=\"Dur\u00e9e de lecture est.\" \/>\n\t<meta name=\"twitter:data2\" content=\"3 minutes\" \/>\n<script type=\"application\/ld+json\" class=\"yoast-schema-graph\">{\"@context\":\"https:\/\/schema.org\",\"@graph\":[{\"@type\":\"Article\",\"@id\":\"https:\/\/vieassociative.be\/actualites\/la-46eme-course-de-paques-deupen-en-images-galerie-photo\/#article\",\"isPartOf\":{\"@id\":\"https:\/\/vieassociative.be\/actualites\/la-46eme-course-de-paques-deupen-en-images-galerie-photo\/\"},\"author\":{\"name\":\"Julien\",\"@id\":\"https:\/\/vieassociative.be\/actualites\/#\/schema\/person\/b87ac4f82f9d4e7b7cec7395b679edc4\"},\"headline\":\"La 46\u00e8me Course de P\u00e2ques d&rsquo;Eupen en images (galerie photo)\",\"datePublished\":\"2026-04-05T15:17:34+00:00\",\"dateModified\":\"2026-04-05T15:17:34+00:00\",\"mainEntityOfPage\":{\"@id\":\"https:\/\/vieassociative.be\/actualites\/la-46eme-course-de-paques-deupen-en-images-galerie-photo\/\"},\"wordCount\":543,\"publisher\":{\"@id\":\"https:\/\/vieassociative.be\/actualites\/#organization\"},\"image\":{\"@id\":\"https:\/\/vieassociative.be\/actualites\/la-46eme-course-de-paques-deupen-en-images-galerie-photo\/#primaryimage\"},\"thumbnailUrl\":\"https:\/\/vieassociative.be\/actualites\/wp-content\/uploads\/2026\/04\/1775402259_La-46eme-Course-de-Paques-dEupen-en-images-galerie-photo.jpg\",\"keywords\":[\"46\u00e8me\",\"dEupen\",\"galerie\",\"images\",\"P\u00e2ques\",\"photo\"],\"articleSection\":[\"Belgique\"],\"inLanguage\":\"fr-BE\"},{\"@type\":\"WebPage\",\"@id\":\"https:\/\/vieassociative.be\/actualites\/la-46eme-course-de-paques-deupen-en-images-galerie-photo\/\",\"url\":\"https:\/\/vieassociative.be\/actualites\/la-46eme-course-de-paques-deupen-en-images-galerie-photo\/\",\"name\":\"La 46\u00e8me Course de P\u00e2ques d'Eupen en images (galerie photo) | Vie Associative\",\"isPartOf\":{\"@id\":\"https:\/\/vieassociative.be\/actualites\/#website\"},\"primaryImageOfPage\":{\"@id\":\"https:\/\/vieassociative.be\/actualites\/la-46eme-course-de-paques-deupen-en-images-galerie-photo\/#primaryimage\"},\"image\":{\"@id\":\"https:\/\/vieassociative.be\/actualites\/la-46eme-course-de-paques-deupen-en-images-galerie-photo\/#primaryimage\"},\"thumbnailUrl\":\"https:\/\/vieassociative.be\/actualites\/wp-content\/uploads\/2026\/04\/1775402259_La-46eme-Course-de-Paques-dEupen-en-images-galerie-photo.jpg\",\"datePublished\":\"2026-04-05T15:17:34+00:00\",\"dateModified\":\"2026-04-05T15:17:34+00:00\",\"breadcrumb\":{\"@id\":\"https:\/\/vieassociative.be\/actualites\/la-46eme-course-de-paques-deupen-en-images-galerie-photo\/#breadcrumb\"},\"inLanguage\":\"fr-BE\",\"potentialAction\":[{\"@type\":\"ReadAction\",\"target\":[\"https:\/\/vieassociative.be\/actualites\/la-46eme-course-de-paques-deupen-en-images-galerie-photo\/\"]}]},{\"@type\":\"ImageObject\",\"inLanguage\":\"fr-BE\",\"@id\":\"https:\/\/vieassociative.be\/actualites\/la-46eme-course-de-paques-deupen-en-images-galerie-photo\/#primaryimage\",\"url\":\"https:\/\/vieassociative.be\/actualites\/wp-content\/uploads\/2026\/04\/1775402259_La-46eme-Course-de-Paques-dEupen-en-images-galerie-photo.jpg\",\"contentUrl\":\"https:\/\/vieassociative.be\/actualites\/wp-content\/uploads\/2026\/04\/1775402259_La-46eme-Course-de-Paques-dEupen-en-images-galerie-photo.jpg\",\"width\":1200,\"height\":800,\"caption\":\"La 46\u00e8me Course de P\u00e2ques d'Eupen en images (galerie photo)\"},{\"@type\":\"BreadcrumbList\",\"@id\":\"https:\/\/vieassociative.be\/actualites\/la-46eme-course-de-paques-deupen-en-images-galerie-photo\/#breadcrumb\",\"itemListElement\":[{\"@type\":\"ListItem\",\"position\":1,\"name\":\"Accueil\",\"item\":\"https:\/\/vieassociative.be\/actualites\/\"},{\"@type\":\"ListItem\",\"position\":2,\"name\":\"La 46\u00e8me Course de P\u00e2ques d&rsquo;Eupen en images (galerie photo)\"}]},{\"@type\":\"WebSite\",\"@id\":\"https:\/\/vieassociative.be\/actualites\/#website\",\"url\":\"https:\/\/vieassociative.be\/actualites\/\",\"name\":\"Vie Associative\",\"description\":\"\",\"publisher\":{\"@id\":\"https:\/\/vieassociative.be\/actualites\/#organization\"},\"potentialAction\":[{\"@type\":\"SearchAction\",\"target\":{\"@type\":\"EntryPoint\",\"urlTemplate\":\"https:\/\/vieassociative.be\/actualites\/?s={search_term_string}\"},\"query-input\":{\"@type\":\"PropertyValueSpecification\",\"valueRequired\":true,\"valueName\":\"search_term_string\"}}],\"inLanguage\":\"fr-BE\"},{\"@type\":\"Organization\",\"@id\":\"https:\/\/vieassociative.be\/actualites\/#organization\",\"name\":\"Vie Associative\",\"url\":\"https:\/\/vieassociative.be\/actualites\/\",\"logo\":{\"@type\":\"ImageObject\",\"inLanguage\":\"fr-BE\",\"@id\":\"https:\/\/vieassociative.be\/actualites\/#\/schema\/logo\/image\/\",\"url\":\"https:\/\/vieassociative.be\/actualites\/wp-content\/uploads\/2024\/09\/cropped-vieassociative_favicon.ico.png\",\"contentUrl\":\"https:\/\/vieassociative.be\/actualites\/wp-content\/uploads\/2024\/09\/cropped-vieassociative_favicon.ico.png\",\"width\":512,\"height\":512,\"caption\":\"Vie Associative\"},\"image\":{\"@id\":\"https:\/\/vieassociative.be\/actualites\/#\/schema\/logo\/image\/\"}},{\"@type\":\"Person\",\"@id\":\"https:\/\/vieassociative.be\/actualites\/#\/schema\/person\/b87ac4f82f9d4e7b7cec7395b679edc4\",\"name\":\"Julien\",\"image\":{\"@type\":\"ImageObject\",\"inLanguage\":\"fr-BE\",\"@id\":\"https:\/\/vieassociative.be\/actualites\/#\/schema\/person\/image\/\",\"url\":\"https:\/\/vieassociative.be\/actualites\/wp-content\/uploads\/2024\/09\/vie-associative-1-150x150.jpg\",\"contentUrl\":\"https:\/\/vieassociative.be\/actualites\/wp-content\/uploads\/2024\/09\/vie-associative-1-150x150.jpg\",\"caption\":\"Julien\"},\"description\":\"Je suis Julien, r\u00e9dacteur pour Vie Associative. Passionn\u00e9 par le monde associatif depuis plus de 10 ans, j'ai \u00e0 c\u0153ur de partager des histoires inspirantes et de mettre en lumi\u00e8re les initiatives locales. Mon objectif est de sensibiliser et d'encourager l'engagement communautaire \u00e0 travers mes articles.\",\"sameAs\":[\"https:\/\/vieassociative.be\/\"]}]}<\/script>\n<!-- \/ Yoast SEO plugin. -->","yoast_head_json":{"title":"La 46\u00e8me Course de P\u00e2ques d'Eupen en images (galerie photo) | Vie Associative","robots":{"index":"index","follow":"follow","max-snippet":"max-snippet:-1","max-image-preview":"max-image-preview:large","max-video-preview":"max-video-preview:-1"},"canonical":"https:\/\/vieassociative.be\/actualites\/la-46eme-course-de-paques-deupen-en-images-galerie-photo\/","og_locale":"fr_FR","og_type":"article","og_title":"La 46\u00e8me Course de P\u00e2ques d'Eupen en images (galerie photo) | Vie Associative","og_description":"Le samedi de P\u00e2ques, la ville d&rsquo;Eupen \u00e9tait \u00e0 nouveau plac\u00e9e sous le signe de la course \u00e0 pied : la 46\u00e8me Course Internationale de","og_url":"https:\/\/vieassociative.be\/actualites\/la-46eme-course-de-paques-deupen-en-images-galerie-photo\/","og_site_name":"Vie Associative","article_published_time":"2026-04-05T15:17:34+00:00","og_image":[{"width":279,"height":92,"url":"https:\/\/vieassociative.be\/actualites\/wp-content\/uploads\/2024\/09\/header_backgroundk-01-e1726694325946.png","type":"image\/png"}],"author":"Julien","twitter_card":"summary_large_image","twitter_misc":{"\u00c9crit par":"Julien","Dur\u00e9e de lecture est.":"3 minutes"},"schema":{"@context":"https:\/\/schema.org","@graph":[{"@type":"Article","@id":"https:\/\/vieassociative.be\/actualites\/la-46eme-course-de-paques-deupen-en-images-galerie-photo\/#article","isPartOf":{"@id":"https:\/\/vieassociative.be\/actualites\/la-46eme-course-de-paques-deupen-en-images-galerie-photo\/"},"author":{"name":"Julien","@id":"https:\/\/vieassociative.be\/actualites\/#\/schema\/person\/b87ac4f82f9d4e7b7cec7395b679edc4"},"headline":"La 46\u00e8me Course de P\u00e2ques d&rsquo;Eupen en images (galerie photo)","datePublished":"2026-04-05T15:17:34+00:00","dateModified":"2026-04-05T15:17:34+00:00","mainEntityOfPage":{"@id":"https:\/\/vieassociative.be\/actualites\/la-46eme-course-de-paques-deupen-en-images-galerie-photo\/"},"wordCount":543,"publisher":{"@id":"https:\/\/vieassociative.be\/actualites\/#organization"},"image":{"@id":"https:\/\/vieassociative.be\/actualites\/la-46eme-course-de-paques-deupen-en-images-galerie-photo\/#primaryimage"},"thumbnailUrl":"https:\/\/vieassociative.be\/actualites\/wp-content\/uploads\/2026\/04\/1775402259_La-46eme-Course-de-Paques-dEupen-en-images-galerie-photo.jpg","keywords":["46\u00e8me","dEupen","galerie","images","P\u00e2ques","photo"],"articleSection":["Belgique"],"inLanguage":"fr-BE"},{"@type":"WebPage","@id":"https:\/\/vieassociative.be\/actualites\/la-46eme-course-de-paques-deupen-en-images-galerie-photo\/","url":"https:\/\/vieassociative.be\/actualites\/la-46eme-course-de-paques-deupen-en-images-galerie-photo\/","name":"La 46\u00e8me Course de P\u00e2ques d'Eupen en images (galerie photo) | Vie Associative","isPartOf":{"@id":"https:\/\/vieassociative.be\/actualites\/#website"},"primaryImageOfPage":{"@id":"https:\/\/vieassociative.be\/actualites\/la-46eme-course-de-paques-deupen-en-images-galerie-photo\/#primaryimage"},"image":{"@id":"https:\/\/vieassociative.be\/actualites\/la-46eme-course-de-paques-deupen-en-images-galerie-photo\/#primaryimage"},"thumbnailUrl":"https:\/\/vieassociative.be\/actualites\/wp-content\/uploads\/2026\/04\/1775402259_La-46eme-Course-de-Paques-dEupen-en-images-galerie-photo.jpg","datePublished":"2026-04-05T15:17:34+00:00","dateModified":"2026-04-05T15:17:34+00:00","breadcrumb":{"@id":"https:\/\/vieassociative.be\/actualites\/la-46eme-course-de-paques-deupen-en-images-galerie-photo\/#breadcrumb"},"inLanguage":"fr-BE","potentialAction":[{"@type":"ReadAction","target":["https:\/\/vieassociative.be\/actualites\/la-46eme-course-de-paques-deupen-en-images-galerie-photo\/"]}]},{"@type":"ImageObject","inLanguage":"fr-BE","@id":"https:\/\/vieassociative.be\/actualites\/la-46eme-course-de-paques-deupen-en-images-galerie-photo\/#primaryimage","url":"https:\/\/vieassociative.be\/actualites\/wp-content\/uploads\/2026\/04\/1775402259_La-46eme-Course-de-Paques-dEupen-en-images-galerie-photo.jpg","contentUrl":"https:\/\/vieassociative.be\/actualites\/wp-content\/uploads\/2026\/04\/1775402259_La-46eme-Course-de-Paques-dEupen-en-images-galerie-photo.jpg","width":1200,"height":800,"caption":"La 46\u00e8me Course de P\u00e2ques d'Eupen en images (galerie photo)"},{"@type":"BreadcrumbList","@id":"https:\/\/vieassociative.be\/actualites\/la-46eme-course-de-paques-deupen-en-images-galerie-photo\/#breadcrumb","itemListElement":[{"@type":"ListItem","position":1,"name":"Accueil","item":"https:\/\/vieassociative.be\/actualites\/"},{"@type":"ListItem","position":2,"name":"La 46\u00e8me Course de P\u00e2ques d&rsquo;Eupen en images (galerie photo)"}]},{"@type":"WebSite","@id":"https:\/\/vieassociative.be\/actualites\/#website","url":"https:\/\/vieassociative.be\/actualites\/","name":"Vie Associative","description":"","publisher":{"@id":"https:\/\/vieassociative.be\/actualites\/#organization"},"potentialAction":[{"@type":"SearchAction","target":{"@type":"EntryPoint","urlTemplate":"https:\/\/vieassociative.be\/actualites\/?s={search_term_string}"},"query-input":{"@type":"PropertyValueSpecification","valueRequired":true,"valueName":"search_term_string"}}],"inLanguage":"fr-BE"},{"@type":"Organization","@id":"https:\/\/vieassociative.be\/actualites\/#organization","name":"Vie Associative","url":"https:\/\/vieassociative.be\/actualites\/","logo":{"@type":"ImageObject","inLanguage":"fr-BE","@id":"https:\/\/vieassociative.be\/actualites\/#\/schema\/logo\/image\/","url":"https:\/\/vieassociative.be\/actualites\/wp-content\/uploads\/2024\/09\/cropped-vieassociative_favicon.ico.png","contentUrl":"https:\/\/vieassociative.be\/actualites\/wp-content\/uploads\/2024\/09\/cropped-vieassociative_favicon.ico.png","width":512,"height":512,"caption":"Vie Associative"},"image":{"@id":"https:\/\/vieassociative.be\/actualites\/#\/schema\/logo\/image\/"}},{"@type":"Person","@id":"https:\/\/vieassociative.be\/actualites\/#\/schema\/person\/b87ac4f82f9d4e7b7cec7395b679edc4","name":"Julien","image":{"@type":"ImageObject","inLanguage":"fr-BE","@id":"https:\/\/vieassociative.be\/actualites\/#\/schema\/person\/image\/","url":"https:\/\/vieassociative.be\/actualites\/wp-content\/uploads\/2024\/09\/vie-associative-1-150x150.jpg","contentUrl":"https:\/\/vieassociative.be\/actualites\/wp-content\/uploads\/2024\/09\/vie-associative-1-150x150.jpg","caption":"Julien"},"description":"Je suis Julien, r\u00e9dacteur pour Vie Associative. Passionn\u00e9 par le monde associatif depuis plus de 10 ans, j'ai \u00e0 c\u0153ur de partager des histoires inspirantes et de mettre en lumi\u00e8re les initiatives locales. Mon objectif est de sensibiliser et d'encourager l'engagement communautaire \u00e0 travers mes articles.","sameAs":["https:\/\/vieassociative.be\/"]}]}},"_links":{"self":[{"href":"https:\/\/vieassociative.be\/actualites\/wp-json\/wp\/v2\/posts\/13331"}],"collection":[{"href":"https:\/\/vieassociative.be\/actualites\/wp-json\/wp\/v2\/posts"}],"about":[{"href":"https:\/\/vieassociative.be\/actualites\/wp-json\/wp\/v2\/types\/post"}],"author":[{"embeddable":true,"href":"https:\/\/vieassociative.be\/actualites\/wp-json\/wp\/v2\/users\/1"}],"replies":[{"embeddable":true,"href":"https:\/\/vieassociative.be\/actualites\/wp-json\/wp\/v2\/comments?post=13331"}],"version-history":[{"count":0,"href":"https:\/\/vieassociative.be\/actualites\/wp-json\/wp\/v2\/posts\/13331\/revisions"}],"wp:featuredmedia":[{"embeddable":true,"href":"https:\/\/vieassociative.be\/actualites\/wp-json\/wp\/v2\/media\/13332"}],"wp:attachment":[{"href":"https:\/\/vieassociative.be\/actualites\/wp-json\/wp\/v2\/media?parent=13331"}],"wp:term":[{"taxonomy":"category","embeddable":true,"href":"https:\/\/vieassociative.be\/actualites\/wp-json\/wp\/v2\/categories?post=13331"},{"taxonomy":"post_tag","embeddable":true,"href":"https:\/\/vieassociative.be\/actualites\/wp-json\/wp\/v2\/tags?post=13331"}],"curies":[{"name":"wp","href":"https:\/\/api.w.org\/{rel}","templated":true}]}}