{"id":13325,"date":"2026-04-05T05:17:37","date_gmt":"2026-04-05T03:17:37","guid":{"rendered":"https:\/\/vieassociative.be\/actualites\/32-apres-02-le-fc-bayern-passe-la-repetition-generale-pour-le-duel-avec-le-real-apres-un-retour-rapide\/"},"modified":"2026-04-05T05:17:37","modified_gmt":"2026-04-05T03:17:37","slug":"32-apres-02-le-fc-bayern-passe-la-repetition-generale-pour-le-duel-avec-le-real-apres-un-retour-rapide","status":"publish","type":"post","link":"https:\/\/vieassociative.be\/actualites\/32-apres-02-le-fc-bayern-passe-la-repetition-generale-pour-le-duel-avec-le-real-apres-un-retour-rapide\/","title":{"rendered":"3:2 apr\u00e8s 0:2 \u2013 Le FC Bayern passe la r\u00e9p\u00e9tition g\u00e9n\u00e9rale pour le duel avec le Real apr\u00e8s un retour rapide"},"content":{"rendered":"<p><strong>Le FC Bayern a remport\u00e9 une victoire spectaculaire en Bundesliga trois jours avant le choc de la premi\u00e8re classe \u00e0 Madrid. Manuel Neuer est au centre des pr\u00e9occupations contre le SC Fribourg, deux jeunes marquent dans les arr\u00eats de jeu.<\/strong><\/p>\n<p><span id=\"more-438168\"><\/span>Les jeunes Tom Bischof et Lennart Karl ont offert au FC Bayern Munich une victoire spectaculaire \u00e0 la derni\u00e8re minute lors de la r\u00e9p\u00e9tition g\u00e9n\u00e9rale du duel des g\u00e9ants en Ligue des champions. Les champions allemands du record de football se sont impos\u00e9s de mani\u00e8re spectaculaire au SC Freiburg 3-2 (0-0), comblant un d\u00e9ficit de 0-2 et \u00e9vitant un revers dans la cat\u00e9gorie reine trois jours avant le quart de finale aller au Real Madrid.<\/p>\n<div id=\"attachment_438170\" class=\"wp-caption alignleft\" style=\"max-width: 300px\"><img fetchpriority=\"high\" decoding=\"async\" class=\"wp-image-438170 size-medium\" src=\"https:\/\/vieassociative.be\/actualites\/wp-content\/uploads\/2026\/04\/32-apres-02-\u2013-Le-FC-Bayern-passe-la-repetition.jpg\" alt=\"\" width=\"300\" height=\"200\"><\/div>\n<p>Johan Manzambi (46e minute) et Lucas H\u00f6ler (71e) ont marqu\u00e9 les buts de Fribourg, qui affrontera le Celta Vigo jeudi lors du premier quart de finale de Ligue Europa de son histoire. Les visiteurs ont r\u00e9agi de mani\u00e8re impressionnante avec des buts tardifs de Bischof (81e\/90e+2) et Karl (90e+9).<\/p>\n<p>Le Bayern, qui a d\u00fb se passer de son attaquant malade Harry Kane, se dirige toujours clairement vers le championnat de Bundesliga. De plus, ils comptent d\u00e9sormais 100 buts en championnat et sont donc sur le point de battre leur propre record de la saison 1971\/72. Le gardien Manuel Neuer a r\u00e9alis\u00e9 deux arr\u00eats solides, mais n&rsquo;a pas sembl\u00e9 bon lorsque le score \u00e9tait de 0-2.<\/p>\n<p>Le club sportif a rat\u00e9 de peu sa premi\u00e8re victoire contre Munich depuis pr\u00e8s de onze ans devant 34 700 spectateurs. L&rsquo;attaquant H\u00f6ler s&rsquo;est au moins fait un cadeau en inscrivant un but lors de son 300e match de comp\u00e9tition pour Fribourg. (dpa)<\/p>\n","protected":false},"excerpt":{"rendered":"<p>Le FC Bayern a remport\u00e9 une victoire spectaculaire en Bundesliga trois jours avant le choc de la premi\u00e8re classe \u00e0 Madrid. Manuel Neuer est au<\/p>\n","protected":false},"author":1,"featured_media":13326,"comment_status":"","ping_status":"","sticky":false,"template":"","format":"standard","meta":{"footnotes":""},"categories":[298],"tags":[472,61,2298,4821,6142,1073,81,1339,369,6141,787],"class_list":["post-13325","post","type-post","status-publish","format-standard","has-post-thumbnail","hentry","category-belgique","tag-apres","tag-avec","tag-bayern","tag-duel","tag-generale","tag-passe","tag-pour","tag-rapide","tag-real","tag-repetition","tag-retour","generate-columns","tablet-grid-50","mobile-grid-100","grid-parent","grid-33"],"yoast_head":"<!-- This site is optimized with the Yoast SEO plugin v24.0 - https:\/\/yoast.com\/wordpress\/plugins\/seo\/ -->\n<title>3:2 apr\u00e8s 0:2 \u2013 Le FC Bayern passe la r\u00e9p\u00e9tition g\u00e9n\u00e9rale pour le duel avec le Real apr\u00e8s un retour rapide | Vie Associative<\/title>\n<meta name=\"robots\" content=\"index, follow, max-snippet:-1, max-image-preview:large, max-video-preview:-1\" \/>\n<link rel=\"canonical\" href=\"https:\/\/vieassociative.be\/actualites\/32-apres-02-le-fc-bayern-passe-la-repetition-generale-pour-le-duel-avec-le-real-apres-un-retour-rapide\/\" \/>\n<meta property=\"og:locale\" content=\"fr_FR\" \/>\n<meta property=\"og:type\" content=\"article\" \/>\n<meta property=\"og:title\" content=\"3:2 apr\u00e8s 0:2 \u2013 Le FC Bayern passe la r\u00e9p\u00e9tition g\u00e9n\u00e9rale pour le duel avec le Real apr\u00e8s un retour rapide | Vie Associative\" \/>\n<meta property=\"og:description\" content=\"Le FC Bayern a remport\u00e9 une victoire spectaculaire en Bundesliga trois jours avant le choc de la premi\u00e8re classe \u00e0 Madrid. Manuel Neuer est au\" \/>\n<meta property=\"og:url\" content=\"https:\/\/vieassociative.be\/actualites\/32-apres-02-le-fc-bayern-passe-la-repetition-generale-pour-le-duel-avec-le-real-apres-un-retour-rapide\/\" \/>\n<meta property=\"og:site_name\" content=\"Vie Associative\" \/>\n<meta property=\"article:published_time\" content=\"2026-04-05T03:17:37+00:00\" \/>\n<meta property=\"og:image\" content=\"https:\/\/vieassociative.be\/actualites\/wp-content\/uploads\/2024\/09\/header_backgroundk-01-e1726694325946.png\" \/>\n\t<meta property=\"og:image:width\" content=\"279\" \/>\n\t<meta property=\"og:image:height\" content=\"92\" \/>\n\t<meta property=\"og:image:type\" content=\"image\/png\" \/>\n<meta name=\"author\" content=\"Julien\" \/>\n<meta name=\"twitter:card\" content=\"summary_large_image\" \/>\n<meta name=\"twitter:label1\" content=\"\u00c9crit par\" \/>\n\t<meta name=\"twitter:data1\" content=\"Julien\" \/>\n\t<meta name=\"twitter:label2\" content=\"Dur\u00e9e de lecture est.\" \/>\n\t<meta name=\"twitter:data2\" content=\"1 minute\" \/>\n<script type=\"application\/ld+json\" class=\"yoast-schema-graph\">{\"@context\":\"https:\/\/schema.org\",\"@graph\":[{\"@type\":\"Article\",\"@id\":\"https:\/\/vieassociative.be\/actualites\/32-apres-02-le-fc-bayern-passe-la-repetition-generale-pour-le-duel-avec-le-real-apres-un-retour-rapide\/#article\",\"isPartOf\":{\"@id\":\"https:\/\/vieassociative.be\/actualites\/32-apres-02-le-fc-bayern-passe-la-repetition-generale-pour-le-duel-avec-le-real-apres-un-retour-rapide\/\"},\"author\":{\"name\":\"Julien\",\"@id\":\"https:\/\/vieassociative.be\/actualites\/#\/schema\/person\/b87ac4f82f9d4e7b7cec7395b679edc4\"},\"headline\":\"3:2 apr\u00e8s 0:2 \u2013 Le FC Bayern passe la r\u00e9p\u00e9tition g\u00e9n\u00e9rale pour le duel avec le Real apr\u00e8s un retour rapide\",\"datePublished\":\"2026-04-05T03:17:37+00:00\",\"dateModified\":\"2026-04-05T03:17:37+00:00\",\"mainEntityOfPage\":{\"@id\":\"https:\/\/vieassociative.be\/actualites\/32-apres-02-le-fc-bayern-passe-la-repetition-generale-pour-le-duel-avec-le-real-apres-un-retour-rapide\/\"},\"wordCount\":318,\"publisher\":{\"@id\":\"https:\/\/vieassociative.be\/actualites\/#organization\"},\"image\":{\"@id\":\"https:\/\/vieassociative.be\/actualites\/32-apres-02-le-fc-bayern-passe-la-repetition-generale-pour-le-duel-avec-le-real-apres-un-retour-rapide\/#primaryimage\"},\"thumbnailUrl\":\"https:\/\/vieassociative.be\/actualites\/wp-content\/uploads\/2026\/04\/1775359058_32-apres-02-\u2013-Le-FC-Bayern-passe-la-repetition.jpg\",\"keywords\":[\"Apr\u00e8s\",\"avec\",\"Bayern\",\"duel\",\"g\u00e9n\u00e9rale\",\"passe\",\"pour\",\"rapide\",\"Real\",\"R\u00e9p\u00e9tition\",\"retour\"],\"articleSection\":[\"Belgique\"],\"inLanguage\":\"fr-BE\"},{\"@type\":\"WebPage\",\"@id\":\"https:\/\/vieassociative.be\/actualites\/32-apres-02-le-fc-bayern-passe-la-repetition-generale-pour-le-duel-avec-le-real-apres-un-retour-rapide\/\",\"url\":\"https:\/\/vieassociative.be\/actualites\/32-apres-02-le-fc-bayern-passe-la-repetition-generale-pour-le-duel-avec-le-real-apres-un-retour-rapide\/\",\"name\":\"3:2 apr\u00e8s 0:2 \u2013 Le FC Bayern passe la r\u00e9p\u00e9tition g\u00e9n\u00e9rale pour le duel avec le Real apr\u00e8s un retour rapide | Vie Associative\",\"isPartOf\":{\"@id\":\"https:\/\/vieassociative.be\/actualites\/#website\"},\"primaryImageOfPage\":{\"@id\":\"https:\/\/vieassociative.be\/actualites\/32-apres-02-le-fc-bayern-passe-la-repetition-generale-pour-le-duel-avec-le-real-apres-un-retour-rapide\/#primaryimage\"},\"image\":{\"@id\":\"https:\/\/vieassociative.be\/actualites\/32-apres-02-le-fc-bayern-passe-la-repetition-generale-pour-le-duel-avec-le-real-apres-un-retour-rapide\/#primaryimage\"},\"thumbnailUrl\":\"https:\/\/vieassociative.be\/actualites\/wp-content\/uploads\/2026\/04\/1775359058_32-apres-02-\u2013-Le-FC-Bayern-passe-la-repetition.jpg\",\"datePublished\":\"2026-04-05T03:17:37+00:00\",\"dateModified\":\"2026-04-05T03:17:37+00:00\",\"breadcrumb\":{\"@id\":\"https:\/\/vieassociative.be\/actualites\/32-apres-02-le-fc-bayern-passe-la-repetition-generale-pour-le-duel-avec-le-real-apres-un-retour-rapide\/#breadcrumb\"},\"inLanguage\":\"fr-BE\",\"potentialAction\":[{\"@type\":\"ReadAction\",\"target\":[\"https:\/\/vieassociative.be\/actualites\/32-apres-02-le-fc-bayern-passe-la-repetition-generale-pour-le-duel-avec-le-real-apres-un-retour-rapide\/\"]}]},{\"@type\":\"ImageObject\",\"inLanguage\":\"fr-BE\",\"@id\":\"https:\/\/vieassociative.be\/actualites\/32-apres-02-le-fc-bayern-passe-la-repetition-generale-pour-le-duel-avec-le-real-apres-un-retour-rapide\/#primaryimage\",\"url\":\"https:\/\/vieassociative.be\/actualites\/wp-content\/uploads\/2026\/04\/1775359058_32-apres-02-\u2013-Le-FC-Bayern-passe-la-repetition.jpg\",\"contentUrl\":\"https:\/\/vieassociative.be\/actualites\/wp-content\/uploads\/2026\/04\/1775359058_32-apres-02-\u2013-Le-FC-Bayern-passe-la-repetition.jpg\",\"width\":1200,\"height\":800,\"caption\":\"3:2 apr\u00e8s 0:2 \u2013 Le FC Bayern passe la r\u00e9p\u00e9tition g\u00e9n\u00e9rale pour le duel avec le Real apr\u00e8s un retour rapide\"},{\"@type\":\"BreadcrumbList\",\"@id\":\"https:\/\/vieassociative.be\/actualites\/32-apres-02-le-fc-bayern-passe-la-repetition-generale-pour-le-duel-avec-le-real-apres-un-retour-rapide\/#breadcrumb\",\"itemListElement\":[{\"@type\":\"ListItem\",\"position\":1,\"name\":\"Accueil\",\"item\":\"https:\/\/vieassociative.be\/actualites\/\"},{\"@type\":\"ListItem\",\"position\":2,\"name\":\"3:2 apr\u00e8s 0:2 \u2013 Le FC Bayern passe la r\u00e9p\u00e9tition g\u00e9n\u00e9rale pour le duel avec le Real apr\u00e8s un retour rapide\"}]},{\"@type\":\"WebSite\",\"@id\":\"https:\/\/vieassociative.be\/actualites\/#website\",\"url\":\"https:\/\/vieassociative.be\/actualites\/\",\"name\":\"Vie Associative\",\"description\":\"\",\"publisher\":{\"@id\":\"https:\/\/vieassociative.be\/actualites\/#organization\"},\"potentialAction\":[{\"@type\":\"SearchAction\",\"target\":{\"@type\":\"EntryPoint\",\"urlTemplate\":\"https:\/\/vieassociative.be\/actualites\/?s={search_term_string}\"},\"query-input\":{\"@type\":\"PropertyValueSpecification\",\"valueRequired\":true,\"valueName\":\"search_term_string\"}}],\"inLanguage\":\"fr-BE\"},{\"@type\":\"Organization\",\"@id\":\"https:\/\/vieassociative.be\/actualites\/#organization\",\"name\":\"Vie Associative\",\"url\":\"https:\/\/vieassociative.be\/actualites\/\",\"logo\":{\"@type\":\"ImageObject\",\"inLanguage\":\"fr-BE\",\"@id\":\"https:\/\/vieassociative.be\/actualites\/#\/schema\/logo\/image\/\",\"url\":\"https:\/\/vieassociative.be\/actualites\/wp-content\/uploads\/2024\/09\/cropped-vieassociative_favicon.ico.png\",\"contentUrl\":\"https:\/\/vieassociative.be\/actualites\/wp-content\/uploads\/2024\/09\/cropped-vieassociative_favicon.ico.png\",\"width\":512,\"height\":512,\"caption\":\"Vie Associative\"},\"image\":{\"@id\":\"https:\/\/vieassociative.be\/actualites\/#\/schema\/logo\/image\/\"}},{\"@type\":\"Person\",\"@id\":\"https:\/\/vieassociative.be\/actualites\/#\/schema\/person\/b87ac4f82f9d4e7b7cec7395b679edc4\",\"name\":\"Julien\",\"image\":{\"@type\":\"ImageObject\",\"inLanguage\":\"fr-BE\",\"@id\":\"https:\/\/vieassociative.be\/actualites\/#\/schema\/person\/image\/\",\"url\":\"https:\/\/vieassociative.be\/actualites\/wp-content\/uploads\/2024\/09\/vie-associative-1-150x150.jpg\",\"contentUrl\":\"https:\/\/vieassociative.be\/actualites\/wp-content\/uploads\/2024\/09\/vie-associative-1-150x150.jpg\",\"caption\":\"Julien\"},\"description\":\"Je suis Julien, r\u00e9dacteur pour Vie Associative. Passionn\u00e9 par le monde associatif depuis plus de 10 ans, j'ai \u00e0 c\u0153ur de partager des histoires inspirantes et de mettre en lumi\u00e8re les initiatives locales. Mon objectif est de sensibiliser et d'encourager l'engagement communautaire \u00e0 travers mes articles.\",\"sameAs\":[\"https:\/\/vieassociative.be\/\"]}]}<\/script>\n<!-- \/ Yoast SEO plugin. -->","yoast_head_json":{"title":"3:2 apr\u00e8s 0:2 \u2013 Le FC Bayern passe la r\u00e9p\u00e9tition g\u00e9n\u00e9rale pour le duel avec le Real apr\u00e8s un retour rapide | Vie Associative","robots":{"index":"index","follow":"follow","max-snippet":"max-snippet:-1","max-image-preview":"max-image-preview:large","max-video-preview":"max-video-preview:-1"},"canonical":"https:\/\/vieassociative.be\/actualites\/32-apres-02-le-fc-bayern-passe-la-repetition-generale-pour-le-duel-avec-le-real-apres-un-retour-rapide\/","og_locale":"fr_FR","og_type":"article","og_title":"3:2 apr\u00e8s 0:2 \u2013 Le FC Bayern passe la r\u00e9p\u00e9tition g\u00e9n\u00e9rale pour le duel avec le Real apr\u00e8s un retour rapide | Vie Associative","og_description":"Le FC Bayern a remport\u00e9 une victoire spectaculaire en Bundesliga trois jours avant le choc de la premi\u00e8re classe \u00e0 Madrid. Manuel Neuer est au","og_url":"https:\/\/vieassociative.be\/actualites\/32-apres-02-le-fc-bayern-passe-la-repetition-generale-pour-le-duel-avec-le-real-apres-un-retour-rapide\/","og_site_name":"Vie Associative","article_published_time":"2026-04-05T03:17:37+00:00","og_image":[{"width":279,"height":92,"url":"https:\/\/vieassociative.be\/actualites\/wp-content\/uploads\/2024\/09\/header_backgroundk-01-e1726694325946.png","type":"image\/png"}],"author":"Julien","twitter_card":"summary_large_image","twitter_misc":{"\u00c9crit par":"Julien","Dur\u00e9e de lecture est.":"1 minute"},"schema":{"@context":"https:\/\/schema.org","@graph":[{"@type":"Article","@id":"https:\/\/vieassociative.be\/actualites\/32-apres-02-le-fc-bayern-passe-la-repetition-generale-pour-le-duel-avec-le-real-apres-un-retour-rapide\/#article","isPartOf":{"@id":"https:\/\/vieassociative.be\/actualites\/32-apres-02-le-fc-bayern-passe-la-repetition-generale-pour-le-duel-avec-le-real-apres-un-retour-rapide\/"},"author":{"name":"Julien","@id":"https:\/\/vieassociative.be\/actualites\/#\/schema\/person\/b87ac4f82f9d4e7b7cec7395b679edc4"},"headline":"3:2 apr\u00e8s 0:2 \u2013 Le FC Bayern passe la r\u00e9p\u00e9tition g\u00e9n\u00e9rale pour le duel avec le Real apr\u00e8s un retour rapide","datePublished":"2026-04-05T03:17:37+00:00","dateModified":"2026-04-05T03:17:37+00:00","mainEntityOfPage":{"@id":"https:\/\/vieassociative.be\/actualites\/32-apres-02-le-fc-bayern-passe-la-repetition-generale-pour-le-duel-avec-le-real-apres-un-retour-rapide\/"},"wordCount":318,"publisher":{"@id":"https:\/\/vieassociative.be\/actualites\/#organization"},"image":{"@id":"https:\/\/vieassociative.be\/actualites\/32-apres-02-le-fc-bayern-passe-la-repetition-generale-pour-le-duel-avec-le-real-apres-un-retour-rapide\/#primaryimage"},"thumbnailUrl":"https:\/\/vieassociative.be\/actualites\/wp-content\/uploads\/2026\/04\/1775359058_32-apres-02-\u2013-Le-FC-Bayern-passe-la-repetition.jpg","keywords":["Apr\u00e8s","avec","Bayern","duel","g\u00e9n\u00e9rale","passe","pour","rapide","Real","R\u00e9p\u00e9tition","retour"],"articleSection":["Belgique"],"inLanguage":"fr-BE"},{"@type":"WebPage","@id":"https:\/\/vieassociative.be\/actualites\/32-apres-02-le-fc-bayern-passe-la-repetition-generale-pour-le-duel-avec-le-real-apres-un-retour-rapide\/","url":"https:\/\/vieassociative.be\/actualites\/32-apres-02-le-fc-bayern-passe-la-repetition-generale-pour-le-duel-avec-le-real-apres-un-retour-rapide\/","name":"3:2 apr\u00e8s 0:2 \u2013 Le FC Bayern passe la r\u00e9p\u00e9tition g\u00e9n\u00e9rale pour le duel avec le Real apr\u00e8s un retour rapide | Vie Associative","isPartOf":{"@id":"https:\/\/vieassociative.be\/actualites\/#website"},"primaryImageOfPage":{"@id":"https:\/\/vieassociative.be\/actualites\/32-apres-02-le-fc-bayern-passe-la-repetition-generale-pour-le-duel-avec-le-real-apres-un-retour-rapide\/#primaryimage"},"image":{"@id":"https:\/\/vieassociative.be\/actualites\/32-apres-02-le-fc-bayern-passe-la-repetition-generale-pour-le-duel-avec-le-real-apres-un-retour-rapide\/#primaryimage"},"thumbnailUrl":"https:\/\/vieassociative.be\/actualites\/wp-content\/uploads\/2026\/04\/1775359058_32-apres-02-\u2013-Le-FC-Bayern-passe-la-repetition.jpg","datePublished":"2026-04-05T03:17:37+00:00","dateModified":"2026-04-05T03:17:37+00:00","breadcrumb":{"@id":"https:\/\/vieassociative.be\/actualites\/32-apres-02-le-fc-bayern-passe-la-repetition-generale-pour-le-duel-avec-le-real-apres-un-retour-rapide\/#breadcrumb"},"inLanguage":"fr-BE","potentialAction":[{"@type":"ReadAction","target":["https:\/\/vieassociative.be\/actualites\/32-apres-02-le-fc-bayern-passe-la-repetition-generale-pour-le-duel-avec-le-real-apres-un-retour-rapide\/"]}]},{"@type":"ImageObject","inLanguage":"fr-BE","@id":"https:\/\/vieassociative.be\/actualites\/32-apres-02-le-fc-bayern-passe-la-repetition-generale-pour-le-duel-avec-le-real-apres-un-retour-rapide\/#primaryimage","url":"https:\/\/vieassociative.be\/actualites\/wp-content\/uploads\/2026\/04\/1775359058_32-apres-02-\u2013-Le-FC-Bayern-passe-la-repetition.jpg","contentUrl":"https:\/\/vieassociative.be\/actualites\/wp-content\/uploads\/2026\/04\/1775359058_32-apres-02-\u2013-Le-FC-Bayern-passe-la-repetition.jpg","width":1200,"height":800,"caption":"3:2 apr\u00e8s 0:2 \u2013 Le FC Bayern passe la r\u00e9p\u00e9tition g\u00e9n\u00e9rale pour le duel avec le Real apr\u00e8s un retour rapide"},{"@type":"BreadcrumbList","@id":"https:\/\/vieassociative.be\/actualites\/32-apres-02-le-fc-bayern-passe-la-repetition-generale-pour-le-duel-avec-le-real-apres-un-retour-rapide\/#breadcrumb","itemListElement":[{"@type":"ListItem","position":1,"name":"Accueil","item":"https:\/\/vieassociative.be\/actualites\/"},{"@type":"ListItem","position":2,"name":"3:2 apr\u00e8s 0:2 \u2013 Le FC Bayern passe la r\u00e9p\u00e9tition g\u00e9n\u00e9rale pour le duel avec le Real apr\u00e8s un retour rapide"}]},{"@type":"WebSite","@id":"https:\/\/vieassociative.be\/actualites\/#website","url":"https:\/\/vieassociative.be\/actualites\/","name":"Vie Associative","description":"","publisher":{"@id":"https:\/\/vieassociative.be\/actualites\/#organization"},"potentialAction":[{"@type":"SearchAction","target":{"@type":"EntryPoint","urlTemplate":"https:\/\/vieassociative.be\/actualites\/?s={search_term_string}"},"query-input":{"@type":"PropertyValueSpecification","valueRequired":true,"valueName":"search_term_string"}}],"inLanguage":"fr-BE"},{"@type":"Organization","@id":"https:\/\/vieassociative.be\/actualites\/#organization","name":"Vie Associative","url":"https:\/\/vieassociative.be\/actualites\/","logo":{"@type":"ImageObject","inLanguage":"fr-BE","@id":"https:\/\/vieassociative.be\/actualites\/#\/schema\/logo\/image\/","url":"https:\/\/vieassociative.be\/actualites\/wp-content\/uploads\/2024\/09\/cropped-vieassociative_favicon.ico.png","contentUrl":"https:\/\/vieassociative.be\/actualites\/wp-content\/uploads\/2024\/09\/cropped-vieassociative_favicon.ico.png","width":512,"height":512,"caption":"Vie Associative"},"image":{"@id":"https:\/\/vieassociative.be\/actualites\/#\/schema\/logo\/image\/"}},{"@type":"Person","@id":"https:\/\/vieassociative.be\/actualites\/#\/schema\/person\/b87ac4f82f9d4e7b7cec7395b679edc4","name":"Julien","image":{"@type":"ImageObject","inLanguage":"fr-BE","@id":"https:\/\/vieassociative.be\/actualites\/#\/schema\/person\/image\/","url":"https:\/\/vieassociative.be\/actualites\/wp-content\/uploads\/2024\/09\/vie-associative-1-150x150.jpg","contentUrl":"https:\/\/vieassociative.be\/actualites\/wp-content\/uploads\/2024\/09\/vie-associative-1-150x150.jpg","caption":"Julien"},"description":"Je suis Julien, r\u00e9dacteur pour Vie Associative. Passionn\u00e9 par le monde associatif depuis plus de 10 ans, j'ai \u00e0 c\u0153ur de partager des histoires inspirantes et de mettre en lumi\u00e8re les initiatives locales. Mon objectif est de sensibiliser et d'encourager l'engagement communautaire \u00e0 travers mes articles.","sameAs":["https:\/\/vieassociative.be\/"]}]}},"_links":{"self":[{"href":"https:\/\/vieassociative.be\/actualites\/wp-json\/wp\/v2\/posts\/13325"}],"collection":[{"href":"https:\/\/vieassociative.be\/actualites\/wp-json\/wp\/v2\/posts"}],"about":[{"href":"https:\/\/vieassociative.be\/actualites\/wp-json\/wp\/v2\/types\/post"}],"author":[{"embeddable":true,"href":"https:\/\/vieassociative.be\/actualites\/wp-json\/wp\/v2\/users\/1"}],"replies":[{"embeddable":true,"href":"https:\/\/vieassociative.be\/actualites\/wp-json\/wp\/v2\/comments?post=13325"}],"version-history":[{"count":0,"href":"https:\/\/vieassociative.be\/actualites\/wp-json\/wp\/v2\/posts\/13325\/revisions"}],"wp:featuredmedia":[{"embeddable":true,"href":"https:\/\/vieassociative.be\/actualites\/wp-json\/wp\/v2\/media\/13326"}],"wp:attachment":[{"href":"https:\/\/vieassociative.be\/actualites\/wp-json\/wp\/v2\/media?parent=13325"}],"wp:term":[{"taxonomy":"category","embeddable":true,"href":"https:\/\/vieassociative.be\/actualites\/wp-json\/wp\/v2\/categories?post=13325"},{"taxonomy":"post_tag","embeddable":true,"href":"https:\/\/vieassociative.be\/actualites\/wp-json\/wp\/v2\/tags?post=13325"}],"curies":[{"name":"wp","href":"https:\/\/api.w.org\/{rel}","templated":true}]}}