{"id":13321,"date":"2026-04-04T23:17:38","date_gmt":"2026-04-04T21:17:38","guid":{"rendered":"https:\/\/vieassociative.be\/actualites\/malgre-une-deuxieme-mi-temps-faible-las-eupen-simpose-1-0-au-club-nxt-et-figure-pour-linstant-dans-le-top-6\/"},"modified":"2026-04-04T23:17:38","modified_gmt":"2026-04-04T21:17:38","slug":"malgre-une-deuxieme-mi-temps-faible-las-eupen-simpose-1-0-au-club-nxt-et-figure-pour-linstant-dans-le-top-6","status":"publish","type":"post","link":"https:\/\/vieassociative.be\/actualites\/malgre-une-deuxieme-mi-temps-faible-las-eupen-simpose-1-0-au-club-nxt-et-figure-pour-linstant-dans-le-top-6\/","title":{"rendered":"Malgr\u00e9 une deuxi\u00e8me mi-temps faible, l&rsquo;AS Eupen s&rsquo;impose 1-0 au Club NXT et figure pour l&rsquo;instant dans le top 6"},"content":{"rendered":"<p><strong>L&rsquo;AS Eupen a remport\u00e9 une nouvelle victoire \u00e9clatante. Malgr\u00e9 une seconde p\u00e9riode faible et bien trop d\u00e9fensive, les noirs et blancs se sont impos\u00e9s 1-0 gr\u00e2ce \u00e0 un but d&rsquo;Isaac Nuhu face \u00e0 l&rsquo;avant-dernier Club NXT, l&rsquo;\u00e9quipe U23 du FC Bruges, et sont rest\u00e9s pour l&rsquo;heure dans le top 6.<\/strong><\/p>\n<p><span id=\"more-438172\"><\/span>Avant le coup d&rsquo;envoi du match au stade Schiervelde de Roulers, l&rsquo;AS Eupen avait les choses en main, \u00e0 condition de profiter de l&rsquo;occasion et de ne pas continuer \u00e0 perdre des points inutilement, comme contre le SK Lierse ou Seraing.<\/p>\n<p>L&rsquo;entra\u00eeneur Bruno Pinheiro n&rsquo;a d\u00fb se passer que de Delaurier-Chautet ; Caliskan est entr\u00e9 en jeu pour lui. Le onze de d\u00e9part d&rsquo;Eupen, dans lequel Zague \u00e9tait pr\u00e9f\u00e9r\u00e9 \u00e0 Van Genechten sur le c\u00f4t\u00e9 droit de la d\u00e9fense, ressemblait \u00e0 ceci : Hiller \u2013 Zague, Plastun, Paeshuyse, Gavory \u2013 M\u00f6hwald, Bar\u00e8s, Caliskan, M\u00fcller \u2013 Nuhu, Kikas.<\/p>\n<div id=\"attachment_423464\" class=\"wp-caption alignleft\" style=\"max-width: 300px\"><img fetchpriority=\"high\" decoding=\"async\" class=\"wp-image-423464 size-medium\" src=\"https:\/\/vieassociative.be\/actualites\/wp-content\/uploads\/2025\/08\/1-0-Plus-tard-frappe-par-Nuhu-le-As-Eupen.jpg\" alt=\"\" width=\"300\" height=\"200\"><\/div>\n<p>Dans le premier quart d&rsquo;heure, les deux \u00e9quipes se sont combin\u00e9es, mais aucune n&rsquo;a eu l&rsquo;occasion de marquer. Il faudra attendre la 18e minute pour que Nuhu ait une premi\u00e8re occasion pour AS. Kikas a eu la meilleure occasion \u00e0 la 21e minute, mais les Portugais sont arriv\u00e9s un peu trop tard apr\u00e8s un centre de Zague dans la surface.<\/p>\n<p>Le match a \u00e9t\u00e9 si court en moments forts dans la premi\u00e8re demi-heure que le journaliste de DAZN a parl\u00e9 de tout, sauf de ce qui s&rsquo;est pass\u00e9 sur le terrain du stade Schiervelde \u00e0 Roulers. Ce n&rsquo;est qu&rsquo;\u00e0 la 30e minute que les supporters de l&rsquo;AS Eupen qui les accompagnaient ont \u00e9t\u00e9 stup\u00e9faits lorsque le gardien Hiller a brillamment emp\u00each\u00e9 l&rsquo;\u00e9quipe U23 du FC Bruges de porter le score \u00e0 1-0.<\/p>\n<p>Le Club NXT n&rsquo;a pas eu de chance en premi\u00e8re mi-temps : apr\u00e8s que Van Hoogen ait \u00e9t\u00e9 remplac\u00e9 pour la premi\u00e8re fois en raison d&rsquo;une blessure \u00e0 la 39e minute, Vandeperre n&rsquo;a pas non plus pu continuer \u00e0 jouer avant le coup de sifflet de la mi-temps. Et l&rsquo;AS Eupen a profit\u00e9 du moment o\u00f9 le Club NXT \u00e9tait encore en inf\u00e9riorit\u00e9 num\u00e9rique, glaciale, car Nuhu a donn\u00e9 l&rsquo;avantage aux \u00ab Pandas \u00bb avec un magnifique but, 0-1.<\/p>\n<\/p>\n<div id=\"attachment_432512\" class=\"wp-caption alignleft\" style=\"max-width: 300px\"><img decoding=\"async\" class=\"size-medium wp-image-432512\" src=\"https:\/\/vieassociative.be\/actualites\/wp-content\/uploads\/2025\/12\/LAS-Eupen-decu-\u2013-22-contre-lOlympic-Charleroi.jpg\" alt=\"\" width=\"300\" height=\"200\"  ><\/div>\n<p>Apr\u00e8s la pause, le journaliste de DAZN a continu\u00e9 \u00e0 parler des rebondissements du football belge, sans entrer dans les d\u00e9tails de ce qui se passait sur le terrain du stade Schiervelde. \u00c0 la 58e minute, l&rsquo;entra\u00eeneur de l&rsquo;AS Pinheiro effectuait un double remplacement : Bitumazala et Keita rempla\u00e7aient Nuhu et M\u00f6hwald.<\/p>\n<p>L&rsquo;AS Eupen se laisse de plus en plus refouler dans son camp. C&rsquo;est ainsi que le Club NXT a eu quelques chances. Une strat\u00e9gie dangereuse. A la 71e minute, Kikas, encore une fois d\u00e9cevant, c\u00e8de la place \u00e0 Atteri.<\/p>\n<p>A la 85\u00e8me minute, Kennedy et Youndje remplacent Bar\u00e8s et Caliskan c\u00f4t\u00e9 Eupen. Ce fut un match passionnant pour les invit\u00e9s. Le Club NXT a fait pression, mais heureusement pour Eupen, la tactique d\u00e9fensive des Noirs et Blancs n&rsquo;a pas eu de cons\u00e9quences graves. Une seule fois, les h\u00f4tes ont cri\u00e9 au but, mais le capitaine de l&rsquo;AS Paeshuyse a sauv\u00e9 sur la ligne pour Hiller vaincu. Il en restait donc \u00e0 la victoire 1-0 \u00e0 l&rsquo;ext\u00e9rieur de l&rsquo;AS, qui s&rsquo;installe dans le top 6 en attendant l&rsquo;issue du match entre le FC Li\u00e8ge et l&rsquo;Olympic Charleroi dimanche.<\/p>\n<p>Il reste encore deux matchs \u00e0 Eupen avant la fin de la phase classique du championnat : le vendredi 10 avril, \u00e0 20 heures. contre le Beerschot et enfin le vendredi 17 avril, \u00e0 20h. en finale pour la 6e place contre son rival du FC L\u00fcttich. (cr\u00e9er)<\/p>\n","protected":false},"excerpt":{"rendered":"<p>L&rsquo;AS Eupen a remport\u00e9 une nouvelle victoire \u00e9clatante. Malgr\u00e9 une seconde p\u00e9riode faible et bien trop d\u00e9fensive, les noirs et blancs se sont impos\u00e9s 1-0<\/p>\n","protected":false},"author":1,"featured_media":13322,"comment_status":"","ping_status":"","sticky":false,"template":"","format":"standard","meta":{"footnotes":""},"categories":[298],"tags":[269,166,2525,2329,740,8834,2353,2086,4205,9084,3424,81,8936,3169,110],"class_list":["post-13321","post","type-post","status-publish","format-standard","has-post-thumbnail","hentry","category-belgique","tag-club","tag-dans","tag-deuxieme","tag-eupen","tag-faible","tag-figure","tag-las","tag-linstant","tag-malgre","tag-mitemps","tag-nxt","tag-pour","tag-simpose","tag-top","tag-une","generate-columns","tablet-grid-50","mobile-grid-100","grid-parent","grid-33"],"yoast_head":"<!-- This site is optimized with the Yoast SEO plugin v24.0 - https:\/\/yoast.com\/wordpress\/plugins\/seo\/ -->\n<title>Malgr\u00e9 une deuxi\u00e8me mi-temps faible, l&#039;AS Eupen s&#039;impose 1-0 au Club NXT et figure pour l&#039;instant dans le top 6 | Vie Associative<\/title>\n<meta name=\"robots\" content=\"index, follow, max-snippet:-1, max-image-preview:large, max-video-preview:-1\" \/>\n<link rel=\"canonical\" href=\"https:\/\/vieassociative.be\/actualites\/malgre-une-deuxieme-mi-temps-faible-las-eupen-simpose-1-0-au-club-nxt-et-figure-pour-linstant-dans-le-top-6\/\" \/>\n<meta property=\"og:locale\" content=\"fr_FR\" \/>\n<meta property=\"og:type\" content=\"article\" \/>\n<meta property=\"og:title\" content=\"Malgr\u00e9 une deuxi\u00e8me mi-temps faible, l&#039;AS Eupen s&#039;impose 1-0 au Club NXT et figure pour l&#039;instant dans le top 6 | Vie Associative\" \/>\n<meta property=\"og:description\" content=\"L&rsquo;AS Eupen a remport\u00e9 une nouvelle victoire \u00e9clatante. Malgr\u00e9 une seconde p\u00e9riode faible et bien trop d\u00e9fensive, les noirs et blancs se sont impos\u00e9s 1-0\" \/>\n<meta property=\"og:url\" content=\"https:\/\/vieassociative.be\/actualites\/malgre-une-deuxieme-mi-temps-faible-las-eupen-simpose-1-0-au-club-nxt-et-figure-pour-linstant-dans-le-top-6\/\" \/>\n<meta property=\"og:site_name\" content=\"Vie Associative\" \/>\n<meta property=\"article:published_time\" content=\"2026-04-04T21:17:38+00:00\" \/>\n<meta property=\"og:image\" content=\"https:\/\/vieassociative.be\/actualites\/wp-content\/uploads\/2024\/09\/header_backgroundk-01-e1726694325946.png\" \/>\n\t<meta property=\"og:image:width\" content=\"279\" \/>\n\t<meta property=\"og:image:height\" content=\"92\" \/>\n\t<meta property=\"og:image:type\" content=\"image\/png\" \/>\n<meta name=\"author\" content=\"Julien\" \/>\n<meta name=\"twitter:card\" content=\"summary_large_image\" \/>\n<meta name=\"twitter:label1\" content=\"\u00c9crit par\" \/>\n\t<meta name=\"twitter:data1\" content=\"Julien\" \/>\n\t<meta name=\"twitter:label2\" content=\"Dur\u00e9e de lecture est.\" \/>\n\t<meta name=\"twitter:data2\" content=\"3 minutes\" \/>\n<script type=\"application\/ld+json\" class=\"yoast-schema-graph\">{\"@context\":\"https:\/\/schema.org\",\"@graph\":[{\"@type\":\"Article\",\"@id\":\"https:\/\/vieassociative.be\/actualites\/malgre-une-deuxieme-mi-temps-faible-las-eupen-simpose-1-0-au-club-nxt-et-figure-pour-linstant-dans-le-top-6\/#article\",\"isPartOf\":{\"@id\":\"https:\/\/vieassociative.be\/actualites\/malgre-une-deuxieme-mi-temps-faible-las-eupen-simpose-1-0-au-club-nxt-et-figure-pour-linstant-dans-le-top-6\/\"},\"author\":{\"name\":\"Julien\",\"@id\":\"https:\/\/vieassociative.be\/actualites\/#\/schema\/person\/b87ac4f82f9d4e7b7cec7395b679edc4\"},\"headline\":\"Malgr\u00e9 une deuxi\u00e8me mi-temps faible, l&rsquo;AS Eupen s&rsquo;impose 1-0 au Club NXT et figure pour l&rsquo;instant dans le top 6\",\"datePublished\":\"2026-04-04T21:17:38+00:00\",\"dateModified\":\"2026-04-04T21:17:38+00:00\",\"mainEntityOfPage\":{\"@id\":\"https:\/\/vieassociative.be\/actualites\/malgre-une-deuxieme-mi-temps-faible-las-eupen-simpose-1-0-au-club-nxt-et-figure-pour-linstant-dans-le-top-6\/\"},\"wordCount\":662,\"publisher\":{\"@id\":\"https:\/\/vieassociative.be\/actualites\/#organization\"},\"image\":{\"@id\":\"https:\/\/vieassociative.be\/actualites\/malgre-une-deuxieme-mi-temps-faible-las-eupen-simpose-1-0-au-club-nxt-et-figure-pour-linstant-dans-le-top-6\/#primaryimage\"},\"thumbnailUrl\":\"https:\/\/vieassociative.be\/actualites\/wp-content\/uploads\/2026\/04\/Malgre-une-deuxieme-mi-temps-faible-lAS-Eupen-simpose-1-0-au.jpg\",\"keywords\":[\"Club\",\"dans\",\"deuxi\u00e8me\",\"Eupen\",\"faible\",\"figure\",\"lAS\",\"LInstant\",\"malgr\u00e9\",\"mitemps\",\"NXT\",\"pour\",\"simpose\",\"top\",\"une\"],\"articleSection\":[\"Belgique\"],\"inLanguage\":\"fr-BE\"},{\"@type\":\"WebPage\",\"@id\":\"https:\/\/vieassociative.be\/actualites\/malgre-une-deuxieme-mi-temps-faible-las-eupen-simpose-1-0-au-club-nxt-et-figure-pour-linstant-dans-le-top-6\/\",\"url\":\"https:\/\/vieassociative.be\/actualites\/malgre-une-deuxieme-mi-temps-faible-las-eupen-simpose-1-0-au-club-nxt-et-figure-pour-linstant-dans-le-top-6\/\",\"name\":\"Malgr\u00e9 une deuxi\u00e8me mi-temps faible, l'AS Eupen s'impose 1-0 au Club NXT et figure pour l'instant dans le top 6 | Vie Associative\",\"isPartOf\":{\"@id\":\"https:\/\/vieassociative.be\/actualites\/#website\"},\"primaryImageOfPage\":{\"@id\":\"https:\/\/vieassociative.be\/actualites\/malgre-une-deuxieme-mi-temps-faible-las-eupen-simpose-1-0-au-club-nxt-et-figure-pour-linstant-dans-le-top-6\/#primaryimage\"},\"image\":{\"@id\":\"https:\/\/vieassociative.be\/actualites\/malgre-une-deuxieme-mi-temps-faible-las-eupen-simpose-1-0-au-club-nxt-et-figure-pour-linstant-dans-le-top-6\/#primaryimage\"},\"thumbnailUrl\":\"https:\/\/vieassociative.be\/actualites\/wp-content\/uploads\/2026\/04\/Malgre-une-deuxieme-mi-temps-faible-lAS-Eupen-simpose-1-0-au.jpg\",\"datePublished\":\"2026-04-04T21:17:38+00:00\",\"dateModified\":\"2026-04-04T21:17:38+00:00\",\"breadcrumb\":{\"@id\":\"https:\/\/vieassociative.be\/actualites\/malgre-une-deuxieme-mi-temps-faible-las-eupen-simpose-1-0-au-club-nxt-et-figure-pour-linstant-dans-le-top-6\/#breadcrumb\"},\"inLanguage\":\"fr-BE\",\"potentialAction\":[{\"@type\":\"ReadAction\",\"target\":[\"https:\/\/vieassociative.be\/actualites\/malgre-une-deuxieme-mi-temps-faible-las-eupen-simpose-1-0-au-club-nxt-et-figure-pour-linstant-dans-le-top-6\/\"]}]},{\"@type\":\"ImageObject\",\"inLanguage\":\"fr-BE\",\"@id\":\"https:\/\/vieassociative.be\/actualites\/malgre-une-deuxieme-mi-temps-faible-las-eupen-simpose-1-0-au-club-nxt-et-figure-pour-linstant-dans-le-top-6\/#primaryimage\",\"url\":\"https:\/\/vieassociative.be\/actualites\/wp-content\/uploads\/2026\/04\/Malgre-une-deuxieme-mi-temps-faible-lAS-Eupen-simpose-1-0-au.jpg\",\"contentUrl\":\"https:\/\/vieassociative.be\/actualites\/wp-content\/uploads\/2026\/04\/Malgre-une-deuxieme-mi-temps-faible-lAS-Eupen-simpose-1-0-au.jpg\",\"width\":1200,\"height\":800,\"caption\":\"Malgr\u00e9 une deuxi\u00e8me mi-temps faible, l'AS Eupen s'impose 1-0 au Club NXT et figure pour l'instant dans le top 6\"},{\"@type\":\"BreadcrumbList\",\"@id\":\"https:\/\/vieassociative.be\/actualites\/malgre-une-deuxieme-mi-temps-faible-las-eupen-simpose-1-0-au-club-nxt-et-figure-pour-linstant-dans-le-top-6\/#breadcrumb\",\"itemListElement\":[{\"@type\":\"ListItem\",\"position\":1,\"name\":\"Accueil\",\"item\":\"https:\/\/vieassociative.be\/actualites\/\"},{\"@type\":\"ListItem\",\"position\":2,\"name\":\"Malgr\u00e9 une deuxi\u00e8me mi-temps faible, l&rsquo;AS Eupen s&rsquo;impose 1-0 au Club NXT et figure pour l&rsquo;instant dans le top 6\"}]},{\"@type\":\"WebSite\",\"@id\":\"https:\/\/vieassociative.be\/actualites\/#website\",\"url\":\"https:\/\/vieassociative.be\/actualites\/\",\"name\":\"Vie Associative\",\"description\":\"\",\"publisher\":{\"@id\":\"https:\/\/vieassociative.be\/actualites\/#organization\"},\"potentialAction\":[{\"@type\":\"SearchAction\",\"target\":{\"@type\":\"EntryPoint\",\"urlTemplate\":\"https:\/\/vieassociative.be\/actualites\/?s={search_term_string}\"},\"query-input\":{\"@type\":\"PropertyValueSpecification\",\"valueRequired\":true,\"valueName\":\"search_term_string\"}}],\"inLanguage\":\"fr-BE\"},{\"@type\":\"Organization\",\"@id\":\"https:\/\/vieassociative.be\/actualites\/#organization\",\"name\":\"Vie Associative\",\"url\":\"https:\/\/vieassociative.be\/actualites\/\",\"logo\":{\"@type\":\"ImageObject\",\"inLanguage\":\"fr-BE\",\"@id\":\"https:\/\/vieassociative.be\/actualites\/#\/schema\/logo\/image\/\",\"url\":\"https:\/\/vieassociative.be\/actualites\/wp-content\/uploads\/2024\/09\/cropped-vieassociative_favicon.ico.png\",\"contentUrl\":\"https:\/\/vieassociative.be\/actualites\/wp-content\/uploads\/2024\/09\/cropped-vieassociative_favicon.ico.png\",\"width\":512,\"height\":512,\"caption\":\"Vie Associative\"},\"image\":{\"@id\":\"https:\/\/vieassociative.be\/actualites\/#\/schema\/logo\/image\/\"}},{\"@type\":\"Person\",\"@id\":\"https:\/\/vieassociative.be\/actualites\/#\/schema\/person\/b87ac4f82f9d4e7b7cec7395b679edc4\",\"name\":\"Julien\",\"image\":{\"@type\":\"ImageObject\",\"inLanguage\":\"fr-BE\",\"@id\":\"https:\/\/vieassociative.be\/actualites\/#\/schema\/person\/image\/\",\"url\":\"https:\/\/vieassociative.be\/actualites\/wp-content\/uploads\/2024\/09\/vie-associative-1-150x150.jpg\",\"contentUrl\":\"https:\/\/vieassociative.be\/actualites\/wp-content\/uploads\/2024\/09\/vie-associative-1-150x150.jpg\",\"caption\":\"Julien\"},\"description\":\"Je suis Julien, r\u00e9dacteur pour Vie Associative. Passionn\u00e9 par le monde associatif depuis plus de 10 ans, j'ai \u00e0 c\u0153ur de partager des histoires inspirantes et de mettre en lumi\u00e8re les initiatives locales. Mon objectif est de sensibiliser et d'encourager l'engagement communautaire \u00e0 travers mes articles.\",\"sameAs\":[\"https:\/\/vieassociative.be\/\"]}]}<\/script>\n<!-- \/ Yoast SEO plugin. -->","yoast_head_json":{"title":"Malgr\u00e9 une deuxi\u00e8me mi-temps faible, l'AS Eupen s'impose 1-0 au Club NXT et figure pour l'instant dans le top 6 | Vie Associative","robots":{"index":"index","follow":"follow","max-snippet":"max-snippet:-1","max-image-preview":"max-image-preview:large","max-video-preview":"max-video-preview:-1"},"canonical":"https:\/\/vieassociative.be\/actualites\/malgre-une-deuxieme-mi-temps-faible-las-eupen-simpose-1-0-au-club-nxt-et-figure-pour-linstant-dans-le-top-6\/","og_locale":"fr_FR","og_type":"article","og_title":"Malgr\u00e9 une deuxi\u00e8me mi-temps faible, l'AS Eupen s'impose 1-0 au Club NXT et figure pour l'instant dans le top 6 | Vie Associative","og_description":"L&rsquo;AS Eupen a remport\u00e9 une nouvelle victoire \u00e9clatante. Malgr\u00e9 une seconde p\u00e9riode faible et bien trop d\u00e9fensive, les noirs et blancs se sont impos\u00e9s 1-0","og_url":"https:\/\/vieassociative.be\/actualites\/malgre-une-deuxieme-mi-temps-faible-las-eupen-simpose-1-0-au-club-nxt-et-figure-pour-linstant-dans-le-top-6\/","og_site_name":"Vie Associative","article_published_time":"2026-04-04T21:17:38+00:00","og_image":[{"width":279,"height":92,"url":"https:\/\/vieassociative.be\/actualites\/wp-content\/uploads\/2024\/09\/header_backgroundk-01-e1726694325946.png","type":"image\/png"}],"author":"Julien","twitter_card":"summary_large_image","twitter_misc":{"\u00c9crit par":"Julien","Dur\u00e9e de lecture est.":"3 minutes"},"schema":{"@context":"https:\/\/schema.org","@graph":[{"@type":"Article","@id":"https:\/\/vieassociative.be\/actualites\/malgre-une-deuxieme-mi-temps-faible-las-eupen-simpose-1-0-au-club-nxt-et-figure-pour-linstant-dans-le-top-6\/#article","isPartOf":{"@id":"https:\/\/vieassociative.be\/actualites\/malgre-une-deuxieme-mi-temps-faible-las-eupen-simpose-1-0-au-club-nxt-et-figure-pour-linstant-dans-le-top-6\/"},"author":{"name":"Julien","@id":"https:\/\/vieassociative.be\/actualites\/#\/schema\/person\/b87ac4f82f9d4e7b7cec7395b679edc4"},"headline":"Malgr\u00e9 une deuxi\u00e8me mi-temps faible, l&rsquo;AS Eupen s&rsquo;impose 1-0 au Club NXT et figure pour l&rsquo;instant dans le top 6","datePublished":"2026-04-04T21:17:38+00:00","dateModified":"2026-04-04T21:17:38+00:00","mainEntityOfPage":{"@id":"https:\/\/vieassociative.be\/actualites\/malgre-une-deuxieme-mi-temps-faible-las-eupen-simpose-1-0-au-club-nxt-et-figure-pour-linstant-dans-le-top-6\/"},"wordCount":662,"publisher":{"@id":"https:\/\/vieassociative.be\/actualites\/#organization"},"image":{"@id":"https:\/\/vieassociative.be\/actualites\/malgre-une-deuxieme-mi-temps-faible-las-eupen-simpose-1-0-au-club-nxt-et-figure-pour-linstant-dans-le-top-6\/#primaryimage"},"thumbnailUrl":"https:\/\/vieassociative.be\/actualites\/wp-content\/uploads\/2026\/04\/Malgre-une-deuxieme-mi-temps-faible-lAS-Eupen-simpose-1-0-au.jpg","keywords":["Club","dans","deuxi\u00e8me","Eupen","faible","figure","lAS","LInstant","malgr\u00e9","mitemps","NXT","pour","simpose","top","une"],"articleSection":["Belgique"],"inLanguage":"fr-BE"},{"@type":"WebPage","@id":"https:\/\/vieassociative.be\/actualites\/malgre-une-deuxieme-mi-temps-faible-las-eupen-simpose-1-0-au-club-nxt-et-figure-pour-linstant-dans-le-top-6\/","url":"https:\/\/vieassociative.be\/actualites\/malgre-une-deuxieme-mi-temps-faible-las-eupen-simpose-1-0-au-club-nxt-et-figure-pour-linstant-dans-le-top-6\/","name":"Malgr\u00e9 une deuxi\u00e8me mi-temps faible, l'AS Eupen s'impose 1-0 au Club NXT et figure pour l'instant dans le top 6 | Vie Associative","isPartOf":{"@id":"https:\/\/vieassociative.be\/actualites\/#website"},"primaryImageOfPage":{"@id":"https:\/\/vieassociative.be\/actualites\/malgre-une-deuxieme-mi-temps-faible-las-eupen-simpose-1-0-au-club-nxt-et-figure-pour-linstant-dans-le-top-6\/#primaryimage"},"image":{"@id":"https:\/\/vieassociative.be\/actualites\/malgre-une-deuxieme-mi-temps-faible-las-eupen-simpose-1-0-au-club-nxt-et-figure-pour-linstant-dans-le-top-6\/#primaryimage"},"thumbnailUrl":"https:\/\/vieassociative.be\/actualites\/wp-content\/uploads\/2026\/04\/Malgre-une-deuxieme-mi-temps-faible-lAS-Eupen-simpose-1-0-au.jpg","datePublished":"2026-04-04T21:17:38+00:00","dateModified":"2026-04-04T21:17:38+00:00","breadcrumb":{"@id":"https:\/\/vieassociative.be\/actualites\/malgre-une-deuxieme-mi-temps-faible-las-eupen-simpose-1-0-au-club-nxt-et-figure-pour-linstant-dans-le-top-6\/#breadcrumb"},"inLanguage":"fr-BE","potentialAction":[{"@type":"ReadAction","target":["https:\/\/vieassociative.be\/actualites\/malgre-une-deuxieme-mi-temps-faible-las-eupen-simpose-1-0-au-club-nxt-et-figure-pour-linstant-dans-le-top-6\/"]}]},{"@type":"ImageObject","inLanguage":"fr-BE","@id":"https:\/\/vieassociative.be\/actualites\/malgre-une-deuxieme-mi-temps-faible-las-eupen-simpose-1-0-au-club-nxt-et-figure-pour-linstant-dans-le-top-6\/#primaryimage","url":"https:\/\/vieassociative.be\/actualites\/wp-content\/uploads\/2026\/04\/Malgre-une-deuxieme-mi-temps-faible-lAS-Eupen-simpose-1-0-au.jpg","contentUrl":"https:\/\/vieassociative.be\/actualites\/wp-content\/uploads\/2026\/04\/Malgre-une-deuxieme-mi-temps-faible-lAS-Eupen-simpose-1-0-au.jpg","width":1200,"height":800,"caption":"Malgr\u00e9 une deuxi\u00e8me mi-temps faible, l'AS Eupen s'impose 1-0 au Club NXT et figure pour l'instant dans le top 6"},{"@type":"BreadcrumbList","@id":"https:\/\/vieassociative.be\/actualites\/malgre-une-deuxieme-mi-temps-faible-las-eupen-simpose-1-0-au-club-nxt-et-figure-pour-linstant-dans-le-top-6\/#breadcrumb","itemListElement":[{"@type":"ListItem","position":1,"name":"Accueil","item":"https:\/\/vieassociative.be\/actualites\/"},{"@type":"ListItem","position":2,"name":"Malgr\u00e9 une deuxi\u00e8me mi-temps faible, l&rsquo;AS Eupen s&rsquo;impose 1-0 au Club NXT et figure pour l&rsquo;instant dans le top 6"}]},{"@type":"WebSite","@id":"https:\/\/vieassociative.be\/actualites\/#website","url":"https:\/\/vieassociative.be\/actualites\/","name":"Vie Associative","description":"","publisher":{"@id":"https:\/\/vieassociative.be\/actualites\/#organization"},"potentialAction":[{"@type":"SearchAction","target":{"@type":"EntryPoint","urlTemplate":"https:\/\/vieassociative.be\/actualites\/?s={search_term_string}"},"query-input":{"@type":"PropertyValueSpecification","valueRequired":true,"valueName":"search_term_string"}}],"inLanguage":"fr-BE"},{"@type":"Organization","@id":"https:\/\/vieassociative.be\/actualites\/#organization","name":"Vie Associative","url":"https:\/\/vieassociative.be\/actualites\/","logo":{"@type":"ImageObject","inLanguage":"fr-BE","@id":"https:\/\/vieassociative.be\/actualites\/#\/schema\/logo\/image\/","url":"https:\/\/vieassociative.be\/actualites\/wp-content\/uploads\/2024\/09\/cropped-vieassociative_favicon.ico.png","contentUrl":"https:\/\/vieassociative.be\/actualites\/wp-content\/uploads\/2024\/09\/cropped-vieassociative_favicon.ico.png","width":512,"height":512,"caption":"Vie Associative"},"image":{"@id":"https:\/\/vieassociative.be\/actualites\/#\/schema\/logo\/image\/"}},{"@type":"Person","@id":"https:\/\/vieassociative.be\/actualites\/#\/schema\/person\/b87ac4f82f9d4e7b7cec7395b679edc4","name":"Julien","image":{"@type":"ImageObject","inLanguage":"fr-BE","@id":"https:\/\/vieassociative.be\/actualites\/#\/schema\/person\/image\/","url":"https:\/\/vieassociative.be\/actualites\/wp-content\/uploads\/2024\/09\/vie-associative-1-150x150.jpg","contentUrl":"https:\/\/vieassociative.be\/actualites\/wp-content\/uploads\/2024\/09\/vie-associative-1-150x150.jpg","caption":"Julien"},"description":"Je suis Julien, r\u00e9dacteur pour Vie Associative. Passionn\u00e9 par le monde associatif depuis plus de 10 ans, j'ai \u00e0 c\u0153ur de partager des histoires inspirantes et de mettre en lumi\u00e8re les initiatives locales. Mon objectif est de sensibiliser et d'encourager l'engagement communautaire \u00e0 travers mes articles.","sameAs":["https:\/\/vieassociative.be\/"]}]}},"_links":{"self":[{"href":"https:\/\/vieassociative.be\/actualites\/wp-json\/wp\/v2\/posts\/13321"}],"collection":[{"href":"https:\/\/vieassociative.be\/actualites\/wp-json\/wp\/v2\/posts"}],"about":[{"href":"https:\/\/vieassociative.be\/actualites\/wp-json\/wp\/v2\/types\/post"}],"author":[{"embeddable":true,"href":"https:\/\/vieassociative.be\/actualites\/wp-json\/wp\/v2\/users\/1"}],"replies":[{"embeddable":true,"href":"https:\/\/vieassociative.be\/actualites\/wp-json\/wp\/v2\/comments?post=13321"}],"version-history":[{"count":0,"href":"https:\/\/vieassociative.be\/actualites\/wp-json\/wp\/v2\/posts\/13321\/revisions"}],"wp:featuredmedia":[{"embeddable":true,"href":"https:\/\/vieassociative.be\/actualites\/wp-json\/wp\/v2\/media\/13322"}],"wp:attachment":[{"href":"https:\/\/vieassociative.be\/actualites\/wp-json\/wp\/v2\/media?parent=13321"}],"wp:term":[{"taxonomy":"category","embeddable":true,"href":"https:\/\/vieassociative.be\/actualites\/wp-json\/wp\/v2\/categories?post=13321"},{"taxonomy":"post_tag","embeddable":true,"href":"https:\/\/vieassociative.be\/actualites\/wp-json\/wp\/v2\/tags?post=13321"}],"curies":[{"name":"wp","href":"https:\/\/api.w.org\/{rel}","templated":true}]}}