{"id":13314,"date":"2026-04-04T11:17:40","date_gmt":"2026-04-04T09:17:40","guid":{"rendered":"https:\/\/vieassociative.be\/actualites\/des-cyclistes-attaques-sur-le-ravel-weg-a-petergensfeld\/"},"modified":"2026-04-04T11:17:40","modified_gmt":"2026-04-04T09:17:40","slug":"des-cyclistes-attaques-sur-le-ravel-weg-a-petergensfeld","status":"publish","type":"post","link":"https:\/\/vieassociative.be\/actualites\/des-cyclistes-attaques-sur-le-ravel-weg-a-petergensfeld\/","title":{"rendered":"Des cyclistes attaqu\u00e9s sur le Ravel-Weg \u00e0 Petergensfeld"},"content":{"rendered":"<p><strong>La zone de police de Weser-G\u00f6hl a signal\u00e9 jeudi un cas de violence \u00e0 Raeren.<\/strong><\/p>\n<p><span id=\"more-438119\"><\/span>Le 1er avril 2026, les services de la zone de police Weser-G\u00f6hl ont \u00e9t\u00e9 appel\u00e9s \u00e0 Raeren, Petergensfeld, au Ravel-Weg qui s&rsquo;y trouve \u00e0 14h28.<\/p>\n<p>\u00c0 leur arriv\u00e9e sur place, les faits suivants ont \u00e9t\u00e9 d\u00e9crits \u00e0 la police : Deux gar\u00e7ons circulaient \u00e0 v\u00e9lo sur le Ravelweg lorsque l&rsquo;un d&rsquo;eux a \u00e9t\u00e9 pouss\u00e9 hors du v\u00e9lo par une personne portant une cagoule.<\/p>\n<p>Le suspect frappe la victime \u00e0 plusieurs reprises et lui vole un sac de sport.<\/p>\n<p>D&rsquo;autres passants prennent conscience de l&rsquo;incident et se pr\u00e9cipitent pour porter secours \u00e0 la victime. L&rsquo;agresseur tente de voler le v\u00e9lo de la victime, mais le deuxi\u00e8me gar\u00e7on peut l&rsquo;en emp\u00eacher. L&rsquo;agresseur a pris la fuite \u00e0 pied.<\/p>\n","protected":false},"excerpt":{"rendered":"<p>La zone de police de Weser-G\u00f6hl a signal\u00e9 jeudi un cas de violence \u00e0 Raeren. Le 1er avril 2026, les services de la zone de<\/p>\n","protected":false},"author":1,"featured_media":13315,"comment_status":"","ping_status":"","sticky":false,"template":"","format":"standard","meta":{"footnotes":""},"categories":[298],"tags":[2959,7436,29,10428,10427,33],"class_list":["post-13314","post","type-post","status-publish","format-standard","has-post-thumbnail","hentry","category-belgique","tag-attaques","tag-cyclistes","tag-des","tag-petergensfeld","tag-ravelweg","tag-sur","generate-columns","tablet-grid-50","mobile-grid-100","grid-parent","grid-33"],"yoast_head":"<!-- This site is optimized with the Yoast SEO plugin v24.0 - https:\/\/yoast.com\/wordpress\/plugins\/seo\/ -->\n<title>Des cyclistes attaqu\u00e9s sur le Ravel-Weg \u00e0 Petergensfeld | Vie Associative<\/title>\n<meta name=\"robots\" content=\"index, follow, max-snippet:-1, max-image-preview:large, max-video-preview:-1\" \/>\n<link rel=\"canonical\" href=\"https:\/\/vieassociative.be\/actualites\/des-cyclistes-attaques-sur-le-ravel-weg-a-petergensfeld\/\" \/>\n<meta property=\"og:locale\" content=\"fr_FR\" \/>\n<meta property=\"og:type\" content=\"article\" \/>\n<meta property=\"og:title\" content=\"Des cyclistes attaqu\u00e9s sur le Ravel-Weg \u00e0 Petergensfeld | Vie Associative\" \/>\n<meta property=\"og:description\" content=\"La zone de police de Weser-G\u00f6hl a signal\u00e9 jeudi un cas de violence \u00e0 Raeren. Le 1er avril 2026, les services de la zone de\" \/>\n<meta property=\"og:url\" content=\"https:\/\/vieassociative.be\/actualites\/des-cyclistes-attaques-sur-le-ravel-weg-a-petergensfeld\/\" \/>\n<meta property=\"og:site_name\" content=\"Vie Associative\" \/>\n<meta property=\"article:published_time\" content=\"2026-04-04T09:17:40+00:00\" \/>\n<meta property=\"og:image\" content=\"https:\/\/vieassociative.be\/actualites\/wp-content\/uploads\/2024\/09\/header_backgroundk-01-e1726694325946.png\" \/>\n\t<meta property=\"og:image:width\" content=\"279\" \/>\n\t<meta property=\"og:image:height\" content=\"92\" \/>\n\t<meta property=\"og:image:type\" content=\"image\/png\" \/>\n<meta name=\"author\" content=\"Julien\" \/>\n<meta name=\"twitter:card\" content=\"summary_large_image\" \/>\n<meta name=\"twitter:label1\" content=\"\u00c9crit par\" \/>\n\t<meta name=\"twitter:data1\" content=\"Julien\" \/>\n\t<meta name=\"twitter:label2\" content=\"Dur\u00e9e de lecture est.\" \/>\n\t<meta name=\"twitter:data2\" content=\"1 minute\" \/>\n<script type=\"application\/ld+json\" class=\"yoast-schema-graph\">{\"@context\":\"https:\/\/schema.org\",\"@graph\":[{\"@type\":\"Article\",\"@id\":\"https:\/\/vieassociative.be\/actualites\/des-cyclistes-attaques-sur-le-ravel-weg-a-petergensfeld\/#article\",\"isPartOf\":{\"@id\":\"https:\/\/vieassociative.be\/actualites\/des-cyclistes-attaques-sur-le-ravel-weg-a-petergensfeld\/\"},\"author\":{\"name\":\"Julien\",\"@id\":\"https:\/\/vieassociative.be\/actualites\/#\/schema\/person\/b87ac4f82f9d4e7b7cec7395b679edc4\"},\"headline\":\"Des cyclistes attaqu\u00e9s sur le Ravel-Weg \u00e0 Petergensfeld\",\"datePublished\":\"2026-04-04T09:17:40+00:00\",\"dateModified\":\"2026-04-04T09:17:40+00:00\",\"mainEntityOfPage\":{\"@id\":\"https:\/\/vieassociative.be\/actualites\/des-cyclistes-attaques-sur-le-ravel-weg-a-petergensfeld\/\"},\"wordCount\":149,\"publisher\":{\"@id\":\"https:\/\/vieassociative.be\/actualites\/#organization\"},\"image\":{\"@id\":\"https:\/\/vieassociative.be\/actualites\/des-cyclistes-attaques-sur-le-ravel-weg-a-petergensfeld\/#primaryimage\"},\"thumbnailUrl\":\"https:\/\/vieassociative.be\/actualites\/wp-content\/uploads\/2026\/04\/Des-cyclistes-attaques-sur-le-Ravel-Weg-a-Petergensfeld.jpg\",\"keywords\":[\"attaques\",\"cyclistes\",\"Des\",\"Petergensfeld\",\"RavelWeg\",\"sur\"],\"articleSection\":[\"Belgique\"],\"inLanguage\":\"fr-BE\"},{\"@type\":\"WebPage\",\"@id\":\"https:\/\/vieassociative.be\/actualites\/des-cyclistes-attaques-sur-le-ravel-weg-a-petergensfeld\/\",\"url\":\"https:\/\/vieassociative.be\/actualites\/des-cyclistes-attaques-sur-le-ravel-weg-a-petergensfeld\/\",\"name\":\"Des cyclistes attaqu\u00e9s sur le Ravel-Weg \u00e0 Petergensfeld | Vie Associative\",\"isPartOf\":{\"@id\":\"https:\/\/vieassociative.be\/actualites\/#website\"},\"primaryImageOfPage\":{\"@id\":\"https:\/\/vieassociative.be\/actualites\/des-cyclistes-attaques-sur-le-ravel-weg-a-petergensfeld\/#primaryimage\"},\"image\":{\"@id\":\"https:\/\/vieassociative.be\/actualites\/des-cyclistes-attaques-sur-le-ravel-weg-a-petergensfeld\/#primaryimage\"},\"thumbnailUrl\":\"https:\/\/vieassociative.be\/actualites\/wp-content\/uploads\/2026\/04\/Des-cyclistes-attaques-sur-le-Ravel-Weg-a-Petergensfeld.jpg\",\"datePublished\":\"2026-04-04T09:17:40+00:00\",\"dateModified\":\"2026-04-04T09:17:40+00:00\",\"breadcrumb\":{\"@id\":\"https:\/\/vieassociative.be\/actualites\/des-cyclistes-attaques-sur-le-ravel-weg-a-petergensfeld\/#breadcrumb\"},\"inLanguage\":\"fr-BE\",\"potentialAction\":[{\"@type\":\"ReadAction\",\"target\":[\"https:\/\/vieassociative.be\/actualites\/des-cyclistes-attaques-sur-le-ravel-weg-a-petergensfeld\/\"]}]},{\"@type\":\"ImageObject\",\"inLanguage\":\"fr-BE\",\"@id\":\"https:\/\/vieassociative.be\/actualites\/des-cyclistes-attaques-sur-le-ravel-weg-a-petergensfeld\/#primaryimage\",\"url\":\"https:\/\/vieassociative.be\/actualites\/wp-content\/uploads\/2026\/04\/Des-cyclistes-attaques-sur-le-Ravel-Weg-a-Petergensfeld.jpg\",\"contentUrl\":\"https:\/\/vieassociative.be\/actualites\/wp-content\/uploads\/2026\/04\/Des-cyclistes-attaques-sur-le-Ravel-Weg-a-Petergensfeld.jpg\",\"width\":1200,\"height\":801,\"caption\":\"Des cyclistes attaqu\u00e9s sur le Ravel-Weg \u00e0 Petergensfeld\"},{\"@type\":\"BreadcrumbList\",\"@id\":\"https:\/\/vieassociative.be\/actualites\/des-cyclistes-attaques-sur-le-ravel-weg-a-petergensfeld\/#breadcrumb\",\"itemListElement\":[{\"@type\":\"ListItem\",\"position\":1,\"name\":\"Accueil\",\"item\":\"https:\/\/vieassociative.be\/actualites\/\"},{\"@type\":\"ListItem\",\"position\":2,\"name\":\"Des cyclistes attaqu\u00e9s sur le Ravel-Weg \u00e0 Petergensfeld\"}]},{\"@type\":\"WebSite\",\"@id\":\"https:\/\/vieassociative.be\/actualites\/#website\",\"url\":\"https:\/\/vieassociative.be\/actualites\/\",\"name\":\"Vie Associative\",\"description\":\"\",\"publisher\":{\"@id\":\"https:\/\/vieassociative.be\/actualites\/#organization\"},\"potentialAction\":[{\"@type\":\"SearchAction\",\"target\":{\"@type\":\"EntryPoint\",\"urlTemplate\":\"https:\/\/vieassociative.be\/actualites\/?s={search_term_string}\"},\"query-input\":{\"@type\":\"PropertyValueSpecification\",\"valueRequired\":true,\"valueName\":\"search_term_string\"}}],\"inLanguage\":\"fr-BE\"},{\"@type\":\"Organization\",\"@id\":\"https:\/\/vieassociative.be\/actualites\/#organization\",\"name\":\"Vie Associative\",\"url\":\"https:\/\/vieassociative.be\/actualites\/\",\"logo\":{\"@type\":\"ImageObject\",\"inLanguage\":\"fr-BE\",\"@id\":\"https:\/\/vieassociative.be\/actualites\/#\/schema\/logo\/image\/\",\"url\":\"https:\/\/vieassociative.be\/actualites\/wp-content\/uploads\/2024\/09\/cropped-vieassociative_favicon.ico.png\",\"contentUrl\":\"https:\/\/vieassociative.be\/actualites\/wp-content\/uploads\/2024\/09\/cropped-vieassociative_favicon.ico.png\",\"width\":512,\"height\":512,\"caption\":\"Vie Associative\"},\"image\":{\"@id\":\"https:\/\/vieassociative.be\/actualites\/#\/schema\/logo\/image\/\"}},{\"@type\":\"Person\",\"@id\":\"https:\/\/vieassociative.be\/actualites\/#\/schema\/person\/b87ac4f82f9d4e7b7cec7395b679edc4\",\"name\":\"Julien\",\"image\":{\"@type\":\"ImageObject\",\"inLanguage\":\"fr-BE\",\"@id\":\"https:\/\/vieassociative.be\/actualites\/#\/schema\/person\/image\/\",\"url\":\"https:\/\/vieassociative.be\/actualites\/wp-content\/uploads\/2024\/09\/vie-associative-1-150x150.jpg\",\"contentUrl\":\"https:\/\/vieassociative.be\/actualites\/wp-content\/uploads\/2024\/09\/vie-associative-1-150x150.jpg\",\"caption\":\"Julien\"},\"description\":\"Je suis Julien, r\u00e9dacteur pour Vie Associative. Passionn\u00e9 par le monde associatif depuis plus de 10 ans, j'ai \u00e0 c\u0153ur de partager des histoires inspirantes et de mettre en lumi\u00e8re les initiatives locales. Mon objectif est de sensibiliser et d'encourager l'engagement communautaire \u00e0 travers mes articles.\",\"sameAs\":[\"https:\/\/vieassociative.be\/\"]}]}<\/script>\n<!-- \/ Yoast SEO plugin. -->","yoast_head_json":{"title":"Des cyclistes attaqu\u00e9s sur le Ravel-Weg \u00e0 Petergensfeld | Vie Associative","robots":{"index":"index","follow":"follow","max-snippet":"max-snippet:-1","max-image-preview":"max-image-preview:large","max-video-preview":"max-video-preview:-1"},"canonical":"https:\/\/vieassociative.be\/actualites\/des-cyclistes-attaques-sur-le-ravel-weg-a-petergensfeld\/","og_locale":"fr_FR","og_type":"article","og_title":"Des cyclistes attaqu\u00e9s sur le Ravel-Weg \u00e0 Petergensfeld | Vie Associative","og_description":"La zone de police de Weser-G\u00f6hl a signal\u00e9 jeudi un cas de violence \u00e0 Raeren. Le 1er avril 2026, les services de la zone de","og_url":"https:\/\/vieassociative.be\/actualites\/des-cyclistes-attaques-sur-le-ravel-weg-a-petergensfeld\/","og_site_name":"Vie Associative","article_published_time":"2026-04-04T09:17:40+00:00","og_image":[{"width":279,"height":92,"url":"https:\/\/vieassociative.be\/actualites\/wp-content\/uploads\/2024\/09\/header_backgroundk-01-e1726694325946.png","type":"image\/png"}],"author":"Julien","twitter_card":"summary_large_image","twitter_misc":{"\u00c9crit par":"Julien","Dur\u00e9e de lecture est.":"1 minute"},"schema":{"@context":"https:\/\/schema.org","@graph":[{"@type":"Article","@id":"https:\/\/vieassociative.be\/actualites\/des-cyclistes-attaques-sur-le-ravel-weg-a-petergensfeld\/#article","isPartOf":{"@id":"https:\/\/vieassociative.be\/actualites\/des-cyclistes-attaques-sur-le-ravel-weg-a-petergensfeld\/"},"author":{"name":"Julien","@id":"https:\/\/vieassociative.be\/actualites\/#\/schema\/person\/b87ac4f82f9d4e7b7cec7395b679edc4"},"headline":"Des cyclistes attaqu\u00e9s sur le Ravel-Weg \u00e0 Petergensfeld","datePublished":"2026-04-04T09:17:40+00:00","dateModified":"2026-04-04T09:17:40+00:00","mainEntityOfPage":{"@id":"https:\/\/vieassociative.be\/actualites\/des-cyclistes-attaques-sur-le-ravel-weg-a-petergensfeld\/"},"wordCount":149,"publisher":{"@id":"https:\/\/vieassociative.be\/actualites\/#organization"},"image":{"@id":"https:\/\/vieassociative.be\/actualites\/des-cyclistes-attaques-sur-le-ravel-weg-a-petergensfeld\/#primaryimage"},"thumbnailUrl":"https:\/\/vieassociative.be\/actualites\/wp-content\/uploads\/2026\/04\/Des-cyclistes-attaques-sur-le-Ravel-Weg-a-Petergensfeld.jpg","keywords":["attaques","cyclistes","Des","Petergensfeld","RavelWeg","sur"],"articleSection":["Belgique"],"inLanguage":"fr-BE"},{"@type":"WebPage","@id":"https:\/\/vieassociative.be\/actualites\/des-cyclistes-attaques-sur-le-ravel-weg-a-petergensfeld\/","url":"https:\/\/vieassociative.be\/actualites\/des-cyclistes-attaques-sur-le-ravel-weg-a-petergensfeld\/","name":"Des cyclistes attaqu\u00e9s sur le Ravel-Weg \u00e0 Petergensfeld | Vie Associative","isPartOf":{"@id":"https:\/\/vieassociative.be\/actualites\/#website"},"primaryImageOfPage":{"@id":"https:\/\/vieassociative.be\/actualites\/des-cyclistes-attaques-sur-le-ravel-weg-a-petergensfeld\/#primaryimage"},"image":{"@id":"https:\/\/vieassociative.be\/actualites\/des-cyclistes-attaques-sur-le-ravel-weg-a-petergensfeld\/#primaryimage"},"thumbnailUrl":"https:\/\/vieassociative.be\/actualites\/wp-content\/uploads\/2026\/04\/Des-cyclistes-attaques-sur-le-Ravel-Weg-a-Petergensfeld.jpg","datePublished":"2026-04-04T09:17:40+00:00","dateModified":"2026-04-04T09:17:40+00:00","breadcrumb":{"@id":"https:\/\/vieassociative.be\/actualites\/des-cyclistes-attaques-sur-le-ravel-weg-a-petergensfeld\/#breadcrumb"},"inLanguage":"fr-BE","potentialAction":[{"@type":"ReadAction","target":["https:\/\/vieassociative.be\/actualites\/des-cyclistes-attaques-sur-le-ravel-weg-a-petergensfeld\/"]}]},{"@type":"ImageObject","inLanguage":"fr-BE","@id":"https:\/\/vieassociative.be\/actualites\/des-cyclistes-attaques-sur-le-ravel-weg-a-petergensfeld\/#primaryimage","url":"https:\/\/vieassociative.be\/actualites\/wp-content\/uploads\/2026\/04\/Des-cyclistes-attaques-sur-le-Ravel-Weg-a-Petergensfeld.jpg","contentUrl":"https:\/\/vieassociative.be\/actualites\/wp-content\/uploads\/2026\/04\/Des-cyclistes-attaques-sur-le-Ravel-Weg-a-Petergensfeld.jpg","width":1200,"height":801,"caption":"Des cyclistes attaqu\u00e9s sur le Ravel-Weg \u00e0 Petergensfeld"},{"@type":"BreadcrumbList","@id":"https:\/\/vieassociative.be\/actualites\/des-cyclistes-attaques-sur-le-ravel-weg-a-petergensfeld\/#breadcrumb","itemListElement":[{"@type":"ListItem","position":1,"name":"Accueil","item":"https:\/\/vieassociative.be\/actualites\/"},{"@type":"ListItem","position":2,"name":"Des cyclistes attaqu\u00e9s sur le Ravel-Weg \u00e0 Petergensfeld"}]},{"@type":"WebSite","@id":"https:\/\/vieassociative.be\/actualites\/#website","url":"https:\/\/vieassociative.be\/actualites\/","name":"Vie Associative","description":"","publisher":{"@id":"https:\/\/vieassociative.be\/actualites\/#organization"},"potentialAction":[{"@type":"SearchAction","target":{"@type":"EntryPoint","urlTemplate":"https:\/\/vieassociative.be\/actualites\/?s={search_term_string}"},"query-input":{"@type":"PropertyValueSpecification","valueRequired":true,"valueName":"search_term_string"}}],"inLanguage":"fr-BE"},{"@type":"Organization","@id":"https:\/\/vieassociative.be\/actualites\/#organization","name":"Vie Associative","url":"https:\/\/vieassociative.be\/actualites\/","logo":{"@type":"ImageObject","inLanguage":"fr-BE","@id":"https:\/\/vieassociative.be\/actualites\/#\/schema\/logo\/image\/","url":"https:\/\/vieassociative.be\/actualites\/wp-content\/uploads\/2024\/09\/cropped-vieassociative_favicon.ico.png","contentUrl":"https:\/\/vieassociative.be\/actualites\/wp-content\/uploads\/2024\/09\/cropped-vieassociative_favicon.ico.png","width":512,"height":512,"caption":"Vie Associative"},"image":{"@id":"https:\/\/vieassociative.be\/actualites\/#\/schema\/logo\/image\/"}},{"@type":"Person","@id":"https:\/\/vieassociative.be\/actualites\/#\/schema\/person\/b87ac4f82f9d4e7b7cec7395b679edc4","name":"Julien","image":{"@type":"ImageObject","inLanguage":"fr-BE","@id":"https:\/\/vieassociative.be\/actualites\/#\/schema\/person\/image\/","url":"https:\/\/vieassociative.be\/actualites\/wp-content\/uploads\/2024\/09\/vie-associative-1-150x150.jpg","contentUrl":"https:\/\/vieassociative.be\/actualites\/wp-content\/uploads\/2024\/09\/vie-associative-1-150x150.jpg","caption":"Julien"},"description":"Je suis Julien, r\u00e9dacteur pour Vie Associative. Passionn\u00e9 par le monde associatif depuis plus de 10 ans, j'ai \u00e0 c\u0153ur de partager des histoires inspirantes et de mettre en lumi\u00e8re les initiatives locales. Mon objectif est de sensibiliser et d'encourager l'engagement communautaire \u00e0 travers mes articles.","sameAs":["https:\/\/vieassociative.be\/"]}]}},"_links":{"self":[{"href":"https:\/\/vieassociative.be\/actualites\/wp-json\/wp\/v2\/posts\/13314"}],"collection":[{"href":"https:\/\/vieassociative.be\/actualites\/wp-json\/wp\/v2\/posts"}],"about":[{"href":"https:\/\/vieassociative.be\/actualites\/wp-json\/wp\/v2\/types\/post"}],"author":[{"embeddable":true,"href":"https:\/\/vieassociative.be\/actualites\/wp-json\/wp\/v2\/users\/1"}],"replies":[{"embeddable":true,"href":"https:\/\/vieassociative.be\/actualites\/wp-json\/wp\/v2\/comments?post=13314"}],"version-history":[{"count":0,"href":"https:\/\/vieassociative.be\/actualites\/wp-json\/wp\/v2\/posts\/13314\/revisions"}],"wp:featuredmedia":[{"embeddable":true,"href":"https:\/\/vieassociative.be\/actualites\/wp-json\/wp\/v2\/media\/13315"}],"wp:attachment":[{"href":"https:\/\/vieassociative.be\/actualites\/wp-json\/wp\/v2\/media?parent=13314"}],"wp:term":[{"taxonomy":"category","embeddable":true,"href":"https:\/\/vieassociative.be\/actualites\/wp-json\/wp\/v2\/categories?post=13314"},{"taxonomy":"post_tag","embeddable":true,"href":"https:\/\/vieassociative.be\/actualites\/wp-json\/wp\/v2\/tags?post=13314"}],"curies":[{"name":"wp","href":"https:\/\/api.w.org\/{rel}","templated":true}]}}