{"id":13310,"date":"2026-04-04T05:17:40","date_gmt":"2026-04-04T03:17:40","guid":{"rendered":"https:\/\/vieassociative.be\/actualites\/duel-pogacar-contre-van-der-poel-a-la-ronde-evenepoel-et-van-aert-ne-sont-probablement-que-des-outsiders\/"},"modified":"2026-04-04T05:17:40","modified_gmt":"2026-04-04T03:17:40","slug":"duel-pogacar-contre-van-der-poel-a-la-ronde-evenepoel-et-van-aert-ne-sont-probablement-que-des-outsiders","status":"publish","type":"post","link":"https:\/\/vieassociative.be\/actualites\/duel-pogacar-contre-van-der-poel-a-la-ronde-evenepoel-et-van-aert-ne-sont-probablement-que-des-outsiders\/","title":{"rendered":"Duel Pogacar contre van der Poel \u00e0 la \u00ab Ronde \u00bb \u2013 Evenepoel et van Aert ne sont probablement que des outsiders"},"content":{"rendered":"<p><strong>Le Tour des Flandres sera \u00e0 nouveau au centre des pr\u00e9occupations du monde du cyclisme dimanche et est consid\u00e9r\u00e9 comme l&rsquo;une des courses d&rsquo;une journ\u00e9e les plus prestigieuses de toutes. <\/strong><\/p>\n<p><span id=\"more-438136\"><\/span>La \u00ab Ronde van Vlaanderen \u00bb, qui s&rsquo;\u00e9tend sur environ 270 kilom\u00e8tres d&rsquo;Anvers \u00e0 Audenarde, exige tout des pilotes : des pav\u00e9s, des mont\u00e9es courtes et raides et une finale extr\u00eamement mouvement\u00e9e font de la course un v\u00e9ritable drame classique chaque ann\u00e9e.<\/p>\n<p>Le Tour des Flandres (en direct \u00e0 la TV sur RTL Club\/RTL-TVI et Canvas\/VRT1) est l&rsquo;un des cinq monuments du cyclisme professionnel avec Milan-Sanremo, Paris-Roubaix, Li\u00e8ge-Bastogne-Li\u00e8ge et le Tour de Lombardie.<\/p>\n<p>Le parcours suit un mod\u00e8le \u00e9prouv\u00e9 : apr\u00e8s un d\u00e9part relativement calme, la course devient nettement plus difficile dans la deuxi\u00e8me partie. Ensuite, la c\u00e9l\u00e8bre file d&rsquo;attente \u00ab Hellingen \u00bb \u2013 comprenant le Oude Kwaremont, le Paterberg et le Koppenberg.<\/p>\n<div id=\"attachment_438139\" class=\"wp-caption alignleft\" style=\"max-width: 300px\"><img fetchpriority=\"high\" decoding=\"async\" class=\"wp-image-438139 size-medium\" src=\"https:\/\/vieassociative.be\/actualites\/wp-content\/uploads\/2026\/04\/Duel-Pogacar-contre-van-der-Poel-a-la-Ronde.jpg\" alt=\"\" width=\"300\" height=\"200\"><\/div>\n<p>La d\u00e9cision est g\u00e9n\u00e9ralement prise surtout lors de la finale, lorsque Kwaremont et Paterberg sont \u00e0 nouveau ski\u00e9s coup sur coup. Cela montre qui, apr\u00e8s plus de six heures en selle, a encore l&rsquo;explosivit\u00e9 n\u00e9cessaire pour prendre un avantage d\u00e9cisif.<\/p>\n<p>Cette ann\u00e9e encore, l&rsquo;accent sera mis sur les plus grandes stars du peloton. Tadej Poga\u010dar se pr\u00e9sente comme l&rsquo;un des grands favoris, apr\u00e8s avoir prouv\u00e9 ces derni\u00e8res ann\u00e9es qu&rsquo;il pouvait lancer des attaques d\u00e9cisives \u00e0 Kwaremont. Son plus grand rival est probablement Mathieu van der Poel, dont le style de pilotage explosif le rend parfait pour les mont\u00e9es courtes et brutales et peut gagner aussi bien en solo que dans les sprints en petits groupes.<\/p>\n<p>Le cercle le plus proche des favoris est compl\u00e9t\u00e9 par Wout van Aert, qui, gr\u00e2ce \u00e0 sa polyvalence et sa tactique de course, est capable de contr\u00f4ler la course ou de d\u00e9cider lui-m\u00eame \u00e0 tout moment. \u00c0 court terme, Remco Evenepoel apporte une excitation suppl\u00e9mentaire car son style de pilotage agressif pourrait ouvrir la course plus t\u00f4t.<\/p>\n<div id=\"attachment_438141\" class=\"wp-caption alignleft\" style=\"max-width: 300px\"><img decoding=\"async\" class=\"wp-image-438141 size-medium\" src=\"https:\/\/vieassociative.be\/actualites\/wp-content\/uploads\/2026\/04\/1775272660_758_Duel-Pogacar-contre-van-der-Poel-a-la-Ronde.jpg\" alt=\"\" width=\"300\" height=\"200\"><\/div>\n<p>Tactiquement, le Tour des Flandres est une course extr\u00eamement exigeante. Se positionner devant les passages pav\u00e9s \u00e9troits est crucial car des chutes et des d\u00e9fauts peuvent survenir \u00e0 tout moment. Les \u00e9quipes essaient souvent de placer les coureurs en groupes d&rsquo;\u00e9chapp\u00e9e afin d&rsquo;avoir des options strat\u00e9giques lors de la finale.<\/p>\n<p>Les grandes attaques ont traditionnellement lieu dans les mont\u00e9es les plus raides &#8211; notamment sur le Koppenberg ou plus tard sur le double complexe Kwaremont-Paterberg. \u00c0 partir de l\u00e0, se d\u00e9veloppent souvent soit un petit groupe dirigeant, soit une pouss\u00e9e solitaire vers l\u2019objectif.<\/p>\n<p>Dans l\u2019ensemble, de nombreux signes laissent pr\u00e9sager qu\u2019il s\u2019agira d\u2019une autre course intense et de haut niveau. La combinaison d&rsquo;un parcours embl\u00e9matique, d&rsquo;une \u00e9norme tension physique et d&rsquo;un peloton de d\u00e9part exceptionnel promet un duel passionnant entre les meilleurs pilotes classiques du monde. Il y a de nombreuses raisons de penser que la victoire se jouera une fois de plus entre Pogacar et van der Poel &#8211; mais c&rsquo;est pr\u00e9cis\u00e9ment l&rsquo;impr\u00e9visibilit\u00e9 du \u00ab Ronde \u00bb qui le rend si sp\u00e9cial et laisse toujours place aux surprises. (cr\u00e9er)<\/p>\n<p><em><strong>Sur le sujet, voir l&rsquo;article suivant sur OD<\/strong><\/em><\/p>\n<div class=\"responsive-embed widescreen\">\n<blockquote class=\"wp-embedded-content\" data-secret=\"6pn7KWmTfo\">\n<p>Le malchanceux van Aert encore d\u00e9pass\u00e9 peu avant l\u2019arriv\u00e9e \u2013 Ganna gagne \u2013 Evenepoel participe \u00e0 la \u00ab Ronde \u00bb dimanche<\/p>\n<\/blockquote>\n<p><iframe loading=\"lazy\" class=\"wp-embedded-content\" sandbox=\"allow-scripts\" security=\"restricted\" style=\"position: absolute; visibility: hidden;\" title=\"\u201ePechvogel van Aert erneut kurz vor Ziel \u00fcberholt \u2013 Ganna gewinnt \u2013 Evenepoel  nimmt am Sonntag an der \u201eRonde\u201c teil\u201c \u2013 Ostbelgien Direkt\" src=\"https:\/\/ostbelgiendirekt.be\/about:blank\" data-secret=\"6pn7KWmTfo\" width=\"500\" height=\"282\" frameborder=\"0\" marginwidth=\"0\" marginheight=\"0\" scrolling=\"no\" data-rocket-lazyload=\"fitvidscompatible\" data-lazy-src=\"https:\/\/ostbelgiendirekt.be\/pechvogel-vaor-nna-gewinnt-evenag-bei-der-ronde-438083\/embed#?secret=4tqfrZdfJ6#?secret=6pn7KWmTfo\"><\/iframe><noscript><iframe class=\"wp-embedded-content\" sandbox=\"allow-scripts\" security=\"restricted\" style=\"position: absolute; visibility: hidden;\" title=\"\u201ePechvogel van Aert erneut kurz vor Ziel \u00fcberholt \u2013 Ganna gewinnt \u2013 Evenepoel  nimmt am Sonntag an der \u201eRonde\u201c teil\u201c \u2013 Ostbelgien Direkt\" src=\"https:\/\/ostbelgiendirekt.be\/pechvogel-vaor-nna-gewinnt-evenag-bei-der-ronde-438083\/embed#?secret=4tqfrZdfJ6#?secret=6pn7KWmTfo\" data-secret=\"6pn7KWmTfo\" width=\"500\" height=\"282\" frameborder=\"0\" marginwidth=\"0\" marginheight=\"0\" scrolling=\"no\"><\/iframe><\/noscript><\/p>\n<\/div>\n","protected":false},"excerpt":{"rendered":"<p>Le Tour des Flandres sera \u00e0 nouveau au centre des pr\u00e9occupations du monde du cyclisme dimanche et est consid\u00e9r\u00e9 comme l&rsquo;une des courses d&rsquo;une journ\u00e9e<\/p>\n","protected":false},"author":1,"featured_media":13311,"comment_status":"","ping_status":"","sticky":false,"template":"","format":"standard","meta":{"footnotes":""},"categories":[298],"tags":[6144,796,668,29,4821,3737,10426,5974,5976,419,6229,18,4100],"class_list":["post-13310","post","type-post","status-publish","format-standard","has-post-thumbnail","hentry","category-belgique","tag-aert","tag-contre","tag-der","tag-des","tag-duel","tag-evenepoel","tag-outsiders","tag-poel","tag-pogacar","tag-probablement","tag-ronde","tag-sont","tag-van","generate-columns","tablet-grid-50","mobile-grid-100","grid-parent","grid-33"],"yoast_head":"<!-- This site is optimized with the Yoast SEO plugin v24.0 - https:\/\/yoast.com\/wordpress\/plugins\/seo\/ -->\n<title>Duel Pogacar contre van der Poel \u00e0 la \u00ab Ronde \u00bb \u2013 Evenepoel et van Aert ne sont probablement que des outsiders | Vie Associative<\/title>\n<meta name=\"robots\" content=\"index, follow, max-snippet:-1, max-image-preview:large, max-video-preview:-1\" \/>\n<link rel=\"canonical\" href=\"https:\/\/vieassociative.be\/actualites\/duel-pogacar-contre-van-der-poel-a-la-ronde-evenepoel-et-van-aert-ne-sont-probablement-que-des-outsiders\/\" \/>\n<meta property=\"og:locale\" content=\"fr_FR\" \/>\n<meta property=\"og:type\" content=\"article\" \/>\n<meta property=\"og:title\" content=\"Duel Pogacar contre van der Poel \u00e0 la \u00ab Ronde \u00bb \u2013 Evenepoel et van Aert ne sont probablement que des outsiders | Vie Associative\" \/>\n<meta property=\"og:description\" content=\"Le Tour des Flandres sera \u00e0 nouveau au centre des pr\u00e9occupations du monde du cyclisme dimanche et est consid\u00e9r\u00e9 comme l&rsquo;une des courses d&rsquo;une journ\u00e9e\" \/>\n<meta property=\"og:url\" content=\"https:\/\/vieassociative.be\/actualites\/duel-pogacar-contre-van-der-poel-a-la-ronde-evenepoel-et-van-aert-ne-sont-probablement-que-des-outsiders\/\" \/>\n<meta property=\"og:site_name\" content=\"Vie Associative\" \/>\n<meta property=\"article:published_time\" content=\"2026-04-04T03:17:40+00:00\" \/>\n<meta property=\"og:image\" content=\"https:\/\/vieassociative.be\/actualites\/wp-content\/uploads\/2024\/09\/header_backgroundk-01-e1726694325946.png\" \/>\n\t<meta property=\"og:image:width\" content=\"279\" \/>\n\t<meta property=\"og:image:height\" content=\"92\" \/>\n\t<meta property=\"og:image:type\" content=\"image\/png\" \/>\n<meta name=\"author\" content=\"Julien\" \/>\n<meta name=\"twitter:card\" content=\"summary_large_image\" \/>\n<meta name=\"twitter:label1\" content=\"\u00c9crit par\" \/>\n\t<meta name=\"twitter:data1\" content=\"Julien\" \/>\n\t<meta name=\"twitter:label2\" content=\"Dur\u00e9e de lecture est.\" \/>\n\t<meta name=\"twitter:data2\" content=\"3 minutes\" \/>\n<script type=\"application\/ld+json\" class=\"yoast-schema-graph\">{\"@context\":\"https:\/\/schema.org\",\"@graph\":[{\"@type\":\"Article\",\"@id\":\"https:\/\/vieassociative.be\/actualites\/duel-pogacar-contre-van-der-poel-a-la-ronde-evenepoel-et-van-aert-ne-sont-probablement-que-des-outsiders\/#article\",\"isPartOf\":{\"@id\":\"https:\/\/vieassociative.be\/actualites\/duel-pogacar-contre-van-der-poel-a-la-ronde-evenepoel-et-van-aert-ne-sont-probablement-que-des-outsiders\/\"},\"author\":{\"name\":\"Julien\",\"@id\":\"https:\/\/vieassociative.be\/actualites\/#\/schema\/person\/b87ac4f82f9d4e7b7cec7395b679edc4\"},\"headline\":\"Duel Pogacar contre van der Poel \u00e0 la \u00ab Ronde \u00bb \u2013 Evenepoel et van Aert ne sont probablement que des outsiders\",\"datePublished\":\"2026-04-04T03:17:40+00:00\",\"dateModified\":\"2026-04-04T03:17:40+00:00\",\"mainEntityOfPage\":{\"@id\":\"https:\/\/vieassociative.be\/actualites\/duel-pogacar-contre-van-der-poel-a-la-ronde-evenepoel-et-van-aert-ne-sont-probablement-que-des-outsiders\/\"},\"wordCount\":601,\"publisher\":{\"@id\":\"https:\/\/vieassociative.be\/actualites\/#organization\"},\"image\":{\"@id\":\"https:\/\/vieassociative.be\/actualites\/duel-pogacar-contre-van-der-poel-a-la-ronde-evenepoel-et-van-aert-ne-sont-probablement-que-des-outsiders\/#primaryimage\"},\"thumbnailUrl\":\"https:\/\/vieassociative.be\/actualites\/wp-content\/uploads\/2026\/04\/1775272662_Duel-Pogacar-contre-van-der-Poel-a-la-Ronde.jpg\",\"keywords\":[\"aert\",\"contre\",\"der\",\"Des\",\"duel\",\"Evenepoel\",\"outsiders\",\"Poel\",\"Pogacar\",\"probablement\",\"Ronde\",\"sont\",\"Van\"],\"articleSection\":[\"Belgique\"],\"inLanguage\":\"fr-BE\"},{\"@type\":\"WebPage\",\"@id\":\"https:\/\/vieassociative.be\/actualites\/duel-pogacar-contre-van-der-poel-a-la-ronde-evenepoel-et-van-aert-ne-sont-probablement-que-des-outsiders\/\",\"url\":\"https:\/\/vieassociative.be\/actualites\/duel-pogacar-contre-van-der-poel-a-la-ronde-evenepoel-et-van-aert-ne-sont-probablement-que-des-outsiders\/\",\"name\":\"Duel Pogacar contre van der Poel \u00e0 la \u00ab Ronde \u00bb \u2013 Evenepoel et van Aert ne sont probablement que des outsiders | Vie Associative\",\"isPartOf\":{\"@id\":\"https:\/\/vieassociative.be\/actualites\/#website\"},\"primaryImageOfPage\":{\"@id\":\"https:\/\/vieassociative.be\/actualites\/duel-pogacar-contre-van-der-poel-a-la-ronde-evenepoel-et-van-aert-ne-sont-probablement-que-des-outsiders\/#primaryimage\"},\"image\":{\"@id\":\"https:\/\/vieassociative.be\/actualites\/duel-pogacar-contre-van-der-poel-a-la-ronde-evenepoel-et-van-aert-ne-sont-probablement-que-des-outsiders\/#primaryimage\"},\"thumbnailUrl\":\"https:\/\/vieassociative.be\/actualites\/wp-content\/uploads\/2026\/04\/1775272662_Duel-Pogacar-contre-van-der-Poel-a-la-Ronde.jpg\",\"datePublished\":\"2026-04-04T03:17:40+00:00\",\"dateModified\":\"2026-04-04T03:17:40+00:00\",\"breadcrumb\":{\"@id\":\"https:\/\/vieassociative.be\/actualites\/duel-pogacar-contre-van-der-poel-a-la-ronde-evenepoel-et-van-aert-ne-sont-probablement-que-des-outsiders\/#breadcrumb\"},\"inLanguage\":\"fr-BE\",\"potentialAction\":[{\"@type\":\"ReadAction\",\"target\":[\"https:\/\/vieassociative.be\/actualites\/duel-pogacar-contre-van-der-poel-a-la-ronde-evenepoel-et-van-aert-ne-sont-probablement-que-des-outsiders\/\"]}]},{\"@type\":\"ImageObject\",\"inLanguage\":\"fr-BE\",\"@id\":\"https:\/\/vieassociative.be\/actualites\/duel-pogacar-contre-van-der-poel-a-la-ronde-evenepoel-et-van-aert-ne-sont-probablement-que-des-outsiders\/#primaryimage\",\"url\":\"https:\/\/vieassociative.be\/actualites\/wp-content\/uploads\/2026\/04\/1775272662_Duel-Pogacar-contre-van-der-Poel-a-la-Ronde.jpg\",\"contentUrl\":\"https:\/\/vieassociative.be\/actualites\/wp-content\/uploads\/2026\/04\/1775272662_Duel-Pogacar-contre-van-der-Poel-a-la-Ronde.jpg\",\"width\":1200,\"height\":800,\"caption\":\"Duel Pogacar contre van der Poel \u00e0 la \u00ab Ronde \u00bb \u2013 Evenepoel et van Aert ne sont probablement que des outsiders\"},{\"@type\":\"BreadcrumbList\",\"@id\":\"https:\/\/vieassociative.be\/actualites\/duel-pogacar-contre-van-der-poel-a-la-ronde-evenepoel-et-van-aert-ne-sont-probablement-que-des-outsiders\/#breadcrumb\",\"itemListElement\":[{\"@type\":\"ListItem\",\"position\":1,\"name\":\"Accueil\",\"item\":\"https:\/\/vieassociative.be\/actualites\/\"},{\"@type\":\"ListItem\",\"position\":2,\"name\":\"Duel Pogacar contre van der Poel \u00e0 la \u00ab Ronde \u00bb \u2013 Evenepoel et van Aert ne sont probablement que des outsiders\"}]},{\"@type\":\"WebSite\",\"@id\":\"https:\/\/vieassociative.be\/actualites\/#website\",\"url\":\"https:\/\/vieassociative.be\/actualites\/\",\"name\":\"Vie Associative\",\"description\":\"\",\"publisher\":{\"@id\":\"https:\/\/vieassociative.be\/actualites\/#organization\"},\"potentialAction\":[{\"@type\":\"SearchAction\",\"target\":{\"@type\":\"EntryPoint\",\"urlTemplate\":\"https:\/\/vieassociative.be\/actualites\/?s={search_term_string}\"},\"query-input\":{\"@type\":\"PropertyValueSpecification\",\"valueRequired\":true,\"valueName\":\"search_term_string\"}}],\"inLanguage\":\"fr-BE\"},{\"@type\":\"Organization\",\"@id\":\"https:\/\/vieassociative.be\/actualites\/#organization\",\"name\":\"Vie Associative\",\"url\":\"https:\/\/vieassociative.be\/actualites\/\",\"logo\":{\"@type\":\"ImageObject\",\"inLanguage\":\"fr-BE\",\"@id\":\"https:\/\/vieassociative.be\/actualites\/#\/schema\/logo\/image\/\",\"url\":\"https:\/\/vieassociative.be\/actualites\/wp-content\/uploads\/2024\/09\/cropped-vieassociative_favicon.ico.png\",\"contentUrl\":\"https:\/\/vieassociative.be\/actualites\/wp-content\/uploads\/2024\/09\/cropped-vieassociative_favicon.ico.png\",\"width\":512,\"height\":512,\"caption\":\"Vie Associative\"},\"image\":{\"@id\":\"https:\/\/vieassociative.be\/actualites\/#\/schema\/logo\/image\/\"}},{\"@type\":\"Person\",\"@id\":\"https:\/\/vieassociative.be\/actualites\/#\/schema\/person\/b87ac4f82f9d4e7b7cec7395b679edc4\",\"name\":\"Julien\",\"image\":{\"@type\":\"ImageObject\",\"inLanguage\":\"fr-BE\",\"@id\":\"https:\/\/vieassociative.be\/actualites\/#\/schema\/person\/image\/\",\"url\":\"https:\/\/vieassociative.be\/actualites\/wp-content\/uploads\/2024\/09\/vie-associative-1-150x150.jpg\",\"contentUrl\":\"https:\/\/vieassociative.be\/actualites\/wp-content\/uploads\/2024\/09\/vie-associative-1-150x150.jpg\",\"caption\":\"Julien\"},\"description\":\"Je suis Julien, r\u00e9dacteur pour Vie Associative. Passionn\u00e9 par le monde associatif depuis plus de 10 ans, j'ai \u00e0 c\u0153ur de partager des histoires inspirantes et de mettre en lumi\u00e8re les initiatives locales. Mon objectif est de sensibiliser et d'encourager l'engagement communautaire \u00e0 travers mes articles.\",\"sameAs\":[\"https:\/\/vieassociative.be\/\"]}]}<\/script>\n<!-- \/ Yoast SEO plugin. -->","yoast_head_json":{"title":"Duel Pogacar contre van der Poel \u00e0 la \u00ab Ronde \u00bb \u2013 Evenepoel et van Aert ne sont probablement que des outsiders | Vie Associative","robots":{"index":"index","follow":"follow","max-snippet":"max-snippet:-1","max-image-preview":"max-image-preview:large","max-video-preview":"max-video-preview:-1"},"canonical":"https:\/\/vieassociative.be\/actualites\/duel-pogacar-contre-van-der-poel-a-la-ronde-evenepoel-et-van-aert-ne-sont-probablement-que-des-outsiders\/","og_locale":"fr_FR","og_type":"article","og_title":"Duel Pogacar contre van der Poel \u00e0 la \u00ab Ronde \u00bb \u2013 Evenepoel et van Aert ne sont probablement que des outsiders | Vie Associative","og_description":"Le Tour des Flandres sera \u00e0 nouveau au centre des pr\u00e9occupations du monde du cyclisme dimanche et est consid\u00e9r\u00e9 comme l&rsquo;une des courses d&rsquo;une journ\u00e9e","og_url":"https:\/\/vieassociative.be\/actualites\/duel-pogacar-contre-van-der-poel-a-la-ronde-evenepoel-et-van-aert-ne-sont-probablement-que-des-outsiders\/","og_site_name":"Vie Associative","article_published_time":"2026-04-04T03:17:40+00:00","og_image":[{"width":279,"height":92,"url":"https:\/\/vieassociative.be\/actualites\/wp-content\/uploads\/2024\/09\/header_backgroundk-01-e1726694325946.png","type":"image\/png"}],"author":"Julien","twitter_card":"summary_large_image","twitter_misc":{"\u00c9crit par":"Julien","Dur\u00e9e de lecture est.":"3 minutes"},"schema":{"@context":"https:\/\/schema.org","@graph":[{"@type":"Article","@id":"https:\/\/vieassociative.be\/actualites\/duel-pogacar-contre-van-der-poel-a-la-ronde-evenepoel-et-van-aert-ne-sont-probablement-que-des-outsiders\/#article","isPartOf":{"@id":"https:\/\/vieassociative.be\/actualites\/duel-pogacar-contre-van-der-poel-a-la-ronde-evenepoel-et-van-aert-ne-sont-probablement-que-des-outsiders\/"},"author":{"name":"Julien","@id":"https:\/\/vieassociative.be\/actualites\/#\/schema\/person\/b87ac4f82f9d4e7b7cec7395b679edc4"},"headline":"Duel Pogacar contre van der Poel \u00e0 la \u00ab Ronde \u00bb \u2013 Evenepoel et van Aert ne sont probablement que des outsiders","datePublished":"2026-04-04T03:17:40+00:00","dateModified":"2026-04-04T03:17:40+00:00","mainEntityOfPage":{"@id":"https:\/\/vieassociative.be\/actualites\/duel-pogacar-contre-van-der-poel-a-la-ronde-evenepoel-et-van-aert-ne-sont-probablement-que-des-outsiders\/"},"wordCount":601,"publisher":{"@id":"https:\/\/vieassociative.be\/actualites\/#organization"},"image":{"@id":"https:\/\/vieassociative.be\/actualites\/duel-pogacar-contre-van-der-poel-a-la-ronde-evenepoel-et-van-aert-ne-sont-probablement-que-des-outsiders\/#primaryimage"},"thumbnailUrl":"https:\/\/vieassociative.be\/actualites\/wp-content\/uploads\/2026\/04\/1775272662_Duel-Pogacar-contre-van-der-Poel-a-la-Ronde.jpg","keywords":["aert","contre","der","Des","duel","Evenepoel","outsiders","Poel","Pogacar","probablement","Ronde","sont","Van"],"articleSection":["Belgique"],"inLanguage":"fr-BE"},{"@type":"WebPage","@id":"https:\/\/vieassociative.be\/actualites\/duel-pogacar-contre-van-der-poel-a-la-ronde-evenepoel-et-van-aert-ne-sont-probablement-que-des-outsiders\/","url":"https:\/\/vieassociative.be\/actualites\/duel-pogacar-contre-van-der-poel-a-la-ronde-evenepoel-et-van-aert-ne-sont-probablement-que-des-outsiders\/","name":"Duel Pogacar contre van der Poel \u00e0 la \u00ab Ronde \u00bb \u2013 Evenepoel et van Aert ne sont probablement que des outsiders | Vie Associative","isPartOf":{"@id":"https:\/\/vieassociative.be\/actualites\/#website"},"primaryImageOfPage":{"@id":"https:\/\/vieassociative.be\/actualites\/duel-pogacar-contre-van-der-poel-a-la-ronde-evenepoel-et-van-aert-ne-sont-probablement-que-des-outsiders\/#primaryimage"},"image":{"@id":"https:\/\/vieassociative.be\/actualites\/duel-pogacar-contre-van-der-poel-a-la-ronde-evenepoel-et-van-aert-ne-sont-probablement-que-des-outsiders\/#primaryimage"},"thumbnailUrl":"https:\/\/vieassociative.be\/actualites\/wp-content\/uploads\/2026\/04\/1775272662_Duel-Pogacar-contre-van-der-Poel-a-la-Ronde.jpg","datePublished":"2026-04-04T03:17:40+00:00","dateModified":"2026-04-04T03:17:40+00:00","breadcrumb":{"@id":"https:\/\/vieassociative.be\/actualites\/duel-pogacar-contre-van-der-poel-a-la-ronde-evenepoel-et-van-aert-ne-sont-probablement-que-des-outsiders\/#breadcrumb"},"inLanguage":"fr-BE","potentialAction":[{"@type":"ReadAction","target":["https:\/\/vieassociative.be\/actualites\/duel-pogacar-contre-van-der-poel-a-la-ronde-evenepoel-et-van-aert-ne-sont-probablement-que-des-outsiders\/"]}]},{"@type":"ImageObject","inLanguage":"fr-BE","@id":"https:\/\/vieassociative.be\/actualites\/duel-pogacar-contre-van-der-poel-a-la-ronde-evenepoel-et-van-aert-ne-sont-probablement-que-des-outsiders\/#primaryimage","url":"https:\/\/vieassociative.be\/actualites\/wp-content\/uploads\/2026\/04\/1775272662_Duel-Pogacar-contre-van-der-Poel-a-la-Ronde.jpg","contentUrl":"https:\/\/vieassociative.be\/actualites\/wp-content\/uploads\/2026\/04\/1775272662_Duel-Pogacar-contre-van-der-Poel-a-la-Ronde.jpg","width":1200,"height":800,"caption":"Duel Pogacar contre van der Poel \u00e0 la \u00ab Ronde \u00bb \u2013 Evenepoel et van Aert ne sont probablement que des outsiders"},{"@type":"BreadcrumbList","@id":"https:\/\/vieassociative.be\/actualites\/duel-pogacar-contre-van-der-poel-a-la-ronde-evenepoel-et-van-aert-ne-sont-probablement-que-des-outsiders\/#breadcrumb","itemListElement":[{"@type":"ListItem","position":1,"name":"Accueil","item":"https:\/\/vieassociative.be\/actualites\/"},{"@type":"ListItem","position":2,"name":"Duel Pogacar contre van der Poel \u00e0 la \u00ab Ronde \u00bb \u2013 Evenepoel et van Aert ne sont probablement que des outsiders"}]},{"@type":"WebSite","@id":"https:\/\/vieassociative.be\/actualites\/#website","url":"https:\/\/vieassociative.be\/actualites\/","name":"Vie Associative","description":"","publisher":{"@id":"https:\/\/vieassociative.be\/actualites\/#organization"},"potentialAction":[{"@type":"SearchAction","target":{"@type":"EntryPoint","urlTemplate":"https:\/\/vieassociative.be\/actualites\/?s={search_term_string}"},"query-input":{"@type":"PropertyValueSpecification","valueRequired":true,"valueName":"search_term_string"}}],"inLanguage":"fr-BE"},{"@type":"Organization","@id":"https:\/\/vieassociative.be\/actualites\/#organization","name":"Vie Associative","url":"https:\/\/vieassociative.be\/actualites\/","logo":{"@type":"ImageObject","inLanguage":"fr-BE","@id":"https:\/\/vieassociative.be\/actualites\/#\/schema\/logo\/image\/","url":"https:\/\/vieassociative.be\/actualites\/wp-content\/uploads\/2024\/09\/cropped-vieassociative_favicon.ico.png","contentUrl":"https:\/\/vieassociative.be\/actualites\/wp-content\/uploads\/2024\/09\/cropped-vieassociative_favicon.ico.png","width":512,"height":512,"caption":"Vie Associative"},"image":{"@id":"https:\/\/vieassociative.be\/actualites\/#\/schema\/logo\/image\/"}},{"@type":"Person","@id":"https:\/\/vieassociative.be\/actualites\/#\/schema\/person\/b87ac4f82f9d4e7b7cec7395b679edc4","name":"Julien","image":{"@type":"ImageObject","inLanguage":"fr-BE","@id":"https:\/\/vieassociative.be\/actualites\/#\/schema\/person\/image\/","url":"https:\/\/vieassociative.be\/actualites\/wp-content\/uploads\/2024\/09\/vie-associative-1-150x150.jpg","contentUrl":"https:\/\/vieassociative.be\/actualites\/wp-content\/uploads\/2024\/09\/vie-associative-1-150x150.jpg","caption":"Julien"},"description":"Je suis Julien, r\u00e9dacteur pour Vie Associative. Passionn\u00e9 par le monde associatif depuis plus de 10 ans, j'ai \u00e0 c\u0153ur de partager des histoires inspirantes et de mettre en lumi\u00e8re les initiatives locales. Mon objectif est de sensibiliser et d'encourager l'engagement communautaire \u00e0 travers mes articles.","sameAs":["https:\/\/vieassociative.be\/"]}]}},"_links":{"self":[{"href":"https:\/\/vieassociative.be\/actualites\/wp-json\/wp\/v2\/posts\/13310"}],"collection":[{"href":"https:\/\/vieassociative.be\/actualites\/wp-json\/wp\/v2\/posts"}],"about":[{"href":"https:\/\/vieassociative.be\/actualites\/wp-json\/wp\/v2\/types\/post"}],"author":[{"embeddable":true,"href":"https:\/\/vieassociative.be\/actualites\/wp-json\/wp\/v2\/users\/1"}],"replies":[{"embeddable":true,"href":"https:\/\/vieassociative.be\/actualites\/wp-json\/wp\/v2\/comments?post=13310"}],"version-history":[{"count":0,"href":"https:\/\/vieassociative.be\/actualites\/wp-json\/wp\/v2\/posts\/13310\/revisions"}],"wp:featuredmedia":[{"embeddable":true,"href":"https:\/\/vieassociative.be\/actualites\/wp-json\/wp\/v2\/media\/13311"}],"wp:attachment":[{"href":"https:\/\/vieassociative.be\/actualites\/wp-json\/wp\/v2\/media?parent=13310"}],"wp:term":[{"taxonomy":"category","embeddable":true,"href":"https:\/\/vieassociative.be\/actualites\/wp-json\/wp\/v2\/categories?post=13310"},{"taxonomy":"post_tag","embeddable":true,"href":"https:\/\/vieassociative.be\/actualites\/wp-json\/wp\/v2\/tags?post=13310"}],"curies":[{"name":"wp","href":"https:\/\/api.w.org\/{rel}","templated":true}]}}