{"id":13308,"date":"2026-04-04T04:17:51","date_gmt":"2026-04-04T02:17:51","guid":{"rendered":"https:\/\/vieassociative.be\/actualites\/pourquoi-la-plateforme-ouverte-est-la-prochaine-grande-frontiere-pour-les-lunettes-intelligentes\/"},"modified":"2026-04-04T04:17:51","modified_gmt":"2026-04-04T02:17:51","slug":"pourquoi-la-plateforme-ouverte-est-la-prochaine-grande-frontiere-pour-les-lunettes-intelligentes","status":"publish","type":"post","link":"https:\/\/vieassociative.be\/actualites\/pourquoi-la-plateforme-ouverte-est-la-prochaine-grande-frontiere-pour-les-lunettes-intelligentes\/","title":{"rendered":"Pourquoi la \u00ab plateforme ouverte \u00bb est la prochaine grande fronti\u00e8re pour les lunettes intelligentes"},"content":{"rendered":"<p>Nous pouvons gagner une commission sur les liens sur cette page.<\/p>\n<p>Ce matin, la nouvelle soci\u00e9t\u00e9 de lunettes intelligentes Even Realities a lanc\u00e9 Even Hub, une boutique d&rsquo;applications ouverte et une plate-forme de d\u00e9veloppement pour sa gamme G2 de lunettes intelligentes de style d&rsquo;affichage. Cela pourrait \u00eatre la premi\u00e8re salve dans une guerre entre les lunettes intelligentes \u00e0 affichage \u00e0 plate-forme ouverte et ferm\u00e9e. <\/p>\n<p>D&rsquo;un c\u00f4t\u00e9 se trouve Meta. Le Goliath du march\u00e9 des lunettes intelligentes a jusqu&rsquo;\u00e0 pr\u00e9sent adopt\u00e9 une approche compl\u00e8tement ferm\u00e9e \u00e0 l&rsquo;\u00e9gard de ses nouvelles lunettes Display : Meta d\u00e9cide de ce que vos lunettes intelligentes peuvent faire et d\u00e9termine \u00e0 quelles applications vous pouvez acc\u00e9der. Le Goliath de David \u00e0 Meta est Even Realities, une entreprise de technologie boutique qui vient de lancer une vitrine avec plus de 50 applications cr\u00e9\u00e9es par des d\u00e9veloppeurs tiers, afin que les utilisateurs puissent d\u00e9cider eux-m\u00eames quoi installer et quoi ignorer. <\/p>\n<div class=\"pogoClear mb-12 mt-10 rounded-md border-2 border-gray-100 py-7 shadow-xl md:py-6\">\n<div class=\"flex flex-wrap justify-between px-7 text-black no-underline md:flex-nowrap md:px-8\">\n<div class=\"order-1 mx-auto flex flex-col justify-center md:order-2 md:ml-4 md:w-full md:grow\">\n<div class=\"block cursor-pointer text-center font-akshar text-2xl font-medium leading-7 text-brand-green duration-200 ease-in-out hover:text-brand-green-700 md:text-left md:text-xl md:leading-6\">\u00c9cran Meta Ray-Ban\n                <\/div>\n<div class=\"mt-4 hidden md:flex md:justify-between\">\n<div class=\"self-end\">\n<div class=\"mb-0 h-11 md:flex md:flex-col md:justify-center\">\n<div class=\" font-sans leading-4 text-black\">\n<div class=\"flex flex-wrap items-center justify-center gap-1 md:justify-start\">\n        <span class=\"font-bold\"><\/p>\n<p>            799,00\u00a0$<br \/>\n                            <span class=\"font-medium\">chez Best Buy<\/span><br \/>\n                    <\/span>\n            <\/div>\n<\/p><\/div>\n<\/p><\/div>\n<\/p><\/div>\n<div class=\"w-44 self-end\">\n                            <button class=\"flex justify-center items-center w-full bg-brand-green text-white text-base font-sans font-medium rounded-md hover:bg-brand-green-700 hover:cursor-pointer md:text-sm h-11\"><\/p>\n<p>    Obtenez une offre<br \/>\n<\/button>\n                        <\/div>\n<\/p><\/div>\n<\/p><\/div>\n<div class=\"order-2 mt-5 h-auto w-full md:order-1 md:mt-0 md:hidden\">\n<div class=\"flex aspect-video items-center justify-center\">\n                                            <img decoding=\"async\" class=\"m-0 max-h-full max-w-full rounded-md\" src=\"https:\/\/vieassociative.be\/actualites\/wp-content\/uploads\/2026\/04\/Pourquoi-la-plateforme-ouverte-est-la-prochaine-grande.jpg\" alt=\"\u00c9cran Meta Ray-Ban\" width=\"auto\" height=\"auto\" loading=\"lazy\">\n                                    <\/div>\n<\/p><\/div>\n<div class=\"order-2 ml-2 hidden w-32 shrink-0 items-center md:order-1 md:ml-0 md:flex\">\n<div class=\"flex aspect-video items-center justify-center\">\n                                            <img decoding=\"async\" class=\"m-0 max-h-full max-w-full rounded-md\" src=\"https:\/\/vieassociative.be\/actualites\/wp-content\/uploads\/2026\/04\/Pourquoi-la-plateforme-ouverte-est-la-prochaine-grande.jpg\" alt=\"\u00c9cran Meta Ray-Ban\" width=\"auto\" height=\"auto\" loading=\"lazy\">\n                                    <\/div>\n<\/p><\/div>\n<div class=\"order-3 flex grow flex-wrap md:hidden md:grow-0\">\n<div class=\"mt-4 w-full\">\n                        <button class=\"flex justify-center items-center w-full bg-brand-green text-white text-base font-sans font-medium rounded-md hover:bg-brand-green-700 hover:cursor-pointer md:text-sm h-11\"><\/p>\n<p>    Obtenez une offre<br \/>\n<\/button>\n                    <\/div>\n<div class=\"mx-2 mt-4 w-full\">\n<div class=\" font-sans leading-4 text-black\">\n<div class=\"flex flex-wrap items-center justify-center gap-1 md:justify-start\">\n        <span class=\"font-bold\"><\/p>\n<p>            799,00\u00a0$<br \/>\n                            <span class=\"font-medium\">chez Best Buy<\/span><br \/>\n                    <\/span>\n            <\/div>\n<\/p><\/div>\n<\/p><\/div>\n<\/p><\/div>\n<\/p><\/div>\n<\/div>\n<p>Alors que le march\u00e9 des lunettes intelligentes de type AR avec \u00e9crans est actuellement limit\u00e9 aux sp\u00e9cialistes de la technologie et aux premiers utilisateurs, si les lunettes de style HUD font leur chemin (et que les deux soci\u00e9t\u00e9s maintiennent leurs strat\u00e9gies actuelles), le gagnant pourrait d\u00e9terminer le degr\u00e9 de contr\u00f4le que les utilisateurs auront sur leur avenir augment\u00e9.<\/p>\n<h2 id=\"competing-strategies-for-display-style-smart-glasses\">Strat\u00e9gies concurrentes pour les lunettes intelligentes de type \u00e9cran<\/h2>\n<p>En termes de part de march\u00e9 totale, Meta et Even Realities ne sont pas dans le m\u00eame univers. La capitalisation boursi\u00e8re de Meta est d&rsquo;environ 1,47 billion de dollars, et sa gamme de lunettes intelligentes Ray-Ban et Oakley repr\u00e9sente environ 82 % du march\u00e9 des lunettes intelligentes. Even Realities vaut environ 10 millions de dollars et son chiffre d&rsquo;affaires annuel de 3,3 millions de dollars repr\u00e9sente moins de 1% du march\u00e9 total des lunettes intelligentes. Mais dans le cr\u00e9neau des lunettes int\u00e9gr\u00e9es \u00e0 l&rsquo;\u00e9cran, les deux soci\u00e9t\u00e9s sont comparables : les estimations pour 2025-2026 sugg\u00e8rent que Meta a vendu environ 20 000 de ses lunettes Meta Ray-Ban Display haut de gamme, tandis que les b\u00e9n\u00e9fices d&rsquo;Even Realities sugg\u00e8rent que la soci\u00e9t\u00e9 a vendu entre 10 000 et 25 000 paires de ses lunettes G2. <\/p>\n<div class=\"pogoClear mb-12 mt-10 rounded-md border-2 border-gray-100 py-7 shadow-xl md:py-6\">\n<div class=\"flex flex-wrap justify-between px-7 text-black no-underline md:flex-nowrap md:px-8\">\n<div class=\"order-1 mx-auto flex flex-col justify-center md:order-2 md:ml-4 md:w-full md:grow\">\n<div class=\"block cursor-pointer text-center font-akshar text-2xl font-medium leading-7 text-brand-green duration-200 ease-in-out hover:text-brand-green-700 md:text-left md:text-xl md:leading-6\">M\u00eame les r\u00e9alit\u00e9s G2\n                <\/div>\n<div class=\"mt-4 hidden md:flex md:justify-between\">\n<div class=\"self-end\">\n<div class=\"mb-0 h-11 md:flex md:flex-col md:justify-center\">\n<div class=\" font-sans leading-4 text-black\">\n<div class=\"flex flex-wrap items-center justify-center gap-1 md:justify-start\">\n        <span class=\"font-bold\"><\/p>\n<p>            599,00\u00a0$<br \/>\n                            <span class=\"font-medium\">\u00e0 des r\u00e9alit\u00e9s \u00e9gales<\/span><br \/>\n                    <\/span>\n            <\/div>\n<\/p><\/div>\n<\/p><\/div>\n<\/p><\/div>\n<div class=\"w-44 self-end\">\n                            <button class=\"flex justify-center items-center w-full bg-brand-green text-white text-base font-sans font-medium rounded-md hover:bg-brand-green-700 hover:cursor-pointer md:text-sm h-11\"><\/p>\n<p>    Obtenez une offre<br \/>\n<\/button>\n                        <\/div>\n<\/p><\/div>\n<\/p><\/div>\n<div class=\"order-2 mt-5 h-auto w-full md:order-1 md:mt-0 md:hidden\">\n<div class=\"flex aspect-video items-center justify-center\">\n                                            <img decoding=\"async\" class=\"m-0 max-h-full max-w-full rounded-md\" src=\"https:\/\/vieassociative.be\/actualites\/wp-content\/uploads\/2026\/04\/1775269071_831_Pourquoi-la-plateforme-ouverte-est-la-prochaine-grande.jpg\" alt=\"M\u00eame les r\u00e9alit\u00e9s G2\" width=\"auto\" height=\"auto\" loading=\"lazy\">\n                                    <\/div>\n<\/p><\/div>\n<div class=\"order-2 ml-2 hidden w-32 shrink-0 items-center md:order-1 md:ml-0 md:flex\">\n<div class=\"flex aspect-video items-center justify-center\">\n                                            <img decoding=\"async\" class=\"m-0 max-h-full max-w-full rounded-md\" src=\"https:\/\/vieassociative.be\/actualites\/wp-content\/uploads\/2026\/04\/1775269071_831_Pourquoi-la-plateforme-ouverte-est-la-prochaine-grande.jpg\" alt=\"M\u00eame les r\u00e9alit\u00e9s G2\" width=\"auto\" height=\"auto\" loading=\"lazy\">\n                                    <\/div>\n<\/p><\/div>\n<div class=\"order-3 flex grow flex-wrap md:hidden md:grow-0\">\n<div class=\"mt-4 w-full\">\n                        <button class=\"flex justify-center items-center w-full bg-brand-green text-white text-base font-sans font-medium rounded-md hover:bg-brand-green-700 hover:cursor-pointer md:text-sm h-11\"><\/p>\n<p>    Obtenez une offre<br \/>\n<\/button>\n                    <\/div>\n<div class=\"mx-2 mt-4 w-full\">\n<div class=\" font-sans leading-4 text-black\">\n<div class=\"flex flex-wrap items-center justify-center gap-1 md:justify-start\">\n        <span class=\"font-bold\"><\/p>\n<p>            599,00\u00a0$<br \/>\n                            <span class=\"font-medium\">\u00e0 des r\u00e9alit\u00e9s \u00e9gales<\/span><br \/>\n                    <\/span>\n            <\/div>\n<\/p><\/div>\n<\/p><\/div>\n<\/p><\/div>\n<\/p><\/div>\n<\/div>\n<p>Les deux soci\u00e9t\u00e9s adoptent des approches tr\u00e8s diff\u00e9rentes pour vendre des \u00ab lunettes avec HUD \u00bb. Les lunettes Display de Meta sont au prix de 799 $ et sont con\u00e7ues pour faire tout ce que font leurs populaires lunettes sans \u00e9cran, avec l&rsquo;ajout d&rsquo;une vid\u00e9o en couleur de haute qualit\u00e9 et d&rsquo;un look Ray-Ban distinctif. M\u00eame les lunettes G2 \u00e0 599 $ de Realities n&rsquo;ont pas de cam\u00e9ra ni d&rsquo;audio embarqu\u00e9s, et l&rsquo;\u00e9cran monochrome est log\u00e9 dans un cadre tr\u00e8s discret que personne ne soup\u00e7onnera d&rsquo;\u00eatre autre chose qu&rsquo;une paire de sp\u00e9cifications \u00ab\u00a0normales\u00a0\u00bb. Elles sont con\u00e7ues pour \u00eatre des lunettes \u00e0 la mode, fonctionnelles et quotidiennes qui peuvent \u00e9galement projeter une carte devant vos yeux ou vous aider \u00e0 contrer les barmans lorsque vous en avez besoin. Voici un test de la derni\u00e8re g\u00e9n\u00e9ration de lunettes Even Realities pour plus d&rsquo;informations. <\/p>\n<p>Le foss\u00e9 le plus important entre ces entreprises pourrait s\u2019av\u00e9rer \u00eatre leur approche des logiciels. Toute technologie se situe sur un continuum entre \u00ab ouvert \u00bb et \u00ab ferm\u00e9 \u00bb, et les lunettes intelligentes de Meta se situent jusqu&rsquo;\u00e0 pr\u00e9sent loin dans la partie restreinte du spectre. Vous b\u00e9n\u00e9ficiez d&rsquo;une exp\u00e9rience hautement organis\u00e9e, Meta agissant comme arbitre de ce qui est install\u00e9 sur votre ordinateur facial, que vous portiez des lunettes Display ou des Ray-Ban Metas. Vous ne t\u00e9l\u00e9chargez pas d&rsquo;applications, vous activez et d\u00e9sactivez les \u00ab\u00a0exp\u00e9riences\u00a0\u00bb. Vous pouvez choisir de d\u00e9sactiver ou d&rsquo;activer Apple Music, mais vous ne pouvez pas choisir d&rsquo;\u00e9couter de la musique sur une nouvelle plateforme d\u00e9velopp\u00e9e par un tiers. Vous ne pouvez pas supprimer les fonctionnalit\u00e9s principales dont vous ne souhaitez pas. M\u00eame quelque chose d&rsquo;aussi basique que changer les mots de r\u00e9veil de l&rsquo;IA est interdit\u00a0; c&rsquo;est \u00ab\u00a0H\u00e9, Meta\u00a0\u00bb, ou ce n&rsquo;est rien. <\/p>\n<p>L&rsquo;approche Even Realities est semi-ouverte, comme l&rsquo;App Store d&rsquo;Apple. Ce n&rsquo;est pas l&rsquo;approche \u00ab\u00a0tout est permis\u00a0\u00bb de Linux, mais vous pouvez parcourir la biblioth\u00e8que d&rsquo;applications approuv\u00e9es d&rsquo;Even Realities et choisir si vous avez besoin ou non d&rsquo;un lecteur EPUB int\u00e9gr\u00e9 aux lunettes, d&rsquo;un jeu d&rsquo;\u00e9checs ou d&rsquo;un indicateur de charge pour votre Tesla. Even Realities vous permet \u00e9galement de supprimer m\u00eame les fonctionnalit\u00e9s essentielles que vous n&rsquo;utilisez pas sur ses lunettes. <\/p>\n<h2 id=\"speculating-about-metas-future-smart-glasses-plans\">Sp\u00e9culer sur les futurs projets de lunettes intelligentes de Meta<\/h2>\n<p>Il convient de noter que Meta n\u2019est pas fondamentalement oppos\u00e9 au d\u00e9veloppement par des tiers. Le magasin Meta Horizon de la soci\u00e9t\u00e9 pour la gamme de casques VR Quest est un march\u00e9 massif et dynamique proposant de tout, des jeux haut de gamme aux outils minuscules et d\u00e9jant\u00e9s, et la soci\u00e9t\u00e9 a ferm\u00e9 une grande partie de ses <em>premi\u00e8re partie <\/em>D\u00e9veloppement VR, tout en s&rsquo;engageant \u00e0 continuer \u00e0 soutenir les d\u00e9veloppeurs ind\u00e9pendants. Il est donc possible\/probable que Meta attende que le mat\u00e9riel m\u00fbrisse avant d&rsquo;ouvrir un magasin plus ouvert pour ses lunettes, ou simplement d&rsquo;ajouter une section \u00ab\u00a0Affichage\u00a0\u00bb \u00e0 l&rsquo;Horizon Store existant. <\/p>\n<h2 id=\"open-isnt-necessarily-better\">Ouvert n&rsquo;est pas forc\u00e9ment mieux<\/h2>\n<p>M\u00eame si la r\u00e9action instinctive pourrait consister \u00e0 conclure que le choix offert par un syst\u00e8me ouvert est plus souhaitable qu\u2019un syst\u00e8me ferm\u00e9, cela n\u2019a pas toujours \u00e9t\u00e9 le cas dans le monde de la technologie. Nintendo a domin\u00e9 le jeu vid\u00e9o dans les ann\u00e9es 1980 en maintenant des contr\u00f4les de qualit\u00e9 stricts sur les jeux sortis sur sa NES, et peu d&rsquo;enfants voulaient les syst\u00e8mes concurrents plus \u00ab ouverts \u00bb. Flash d&rsquo;Adobe dominait tout ce que le \u00ab Web ouvert \u00bb avait \u00e0 offrir au d\u00e9but des ann\u00e9es 2000, ne mourant que lorsqu&rsquo;un autre syst\u00e8me relativement ferm\u00e9, l&rsquo;iPhone d&rsquo;Apple, a refus\u00e9 de le prendre en charge. En parlant d&rsquo;Apple, ses appareils iOS repr\u00e9sentent 63 % du march\u00e9 am\u00e9ricain des t\u00e9l\u00e9phones intelligents, tandis que son concurrent le plus proche, Android, plus ouvert, est perp\u00e9tuellement deuxi\u00e8me. Le temps, comme on dit, nous dira si les consommateurs pr\u00e9f\u00e8rent une exp\u00e9rience organis\u00e9e, une exp\u00e9rience modulaire et ouverte, ou m\u00eame s&rsquo;ils veulent des lunettes avec un HUD. <\/p>\n","protected":false},"excerpt":{"rendered":"<p>Nous pouvons gagner une commission sur les liens sur cette page. Ce matin, la nouvelle soci\u00e9t\u00e9 de lunettes intelligentes Even Realities a lanc\u00e9 Even Hub,<\/p>\n","protected":false},"author":1,"featured_media":13309,"comment_status":"","ping_status":"","sticky":false,"template":"","format":"standard","meta":{"footnotes":""},"categories":[13],"tags":[76,7165,1787,2170,14,3912,1977,9911,81,734,773],"class_list":["post-13308","post","type-post","status-publish","format-standard","has-post-thumbnail","hentry","category-technologie","tag-est","tag-frontiere","tag-grande","tag-intelligentes","tag-les","tag-lunettes","tag-ouverte","tag-plateforme","tag-pour","tag-pourquoi","tag-prochaine","generate-columns","tablet-grid-50","mobile-grid-100","grid-parent","grid-33"],"yoast_head":"<!-- This site is optimized with the Yoast SEO plugin v24.0 - https:\/\/yoast.com\/wordpress\/plugins\/seo\/ -->\n<title>Pourquoi la \u00ab plateforme ouverte \u00bb est la prochaine grande fronti\u00e8re pour les lunettes intelligentes | Vie Associative<\/title>\n<meta name=\"robots\" content=\"index, follow, max-snippet:-1, max-image-preview:large, max-video-preview:-1\" \/>\n<link rel=\"canonical\" href=\"https:\/\/vieassociative.be\/actualites\/pourquoi-la-plateforme-ouverte-est-la-prochaine-grande-frontiere-pour-les-lunettes-intelligentes\/\" \/>\n<meta property=\"og:locale\" content=\"fr_FR\" \/>\n<meta property=\"og:type\" content=\"article\" \/>\n<meta property=\"og:title\" content=\"Pourquoi la \u00ab plateforme ouverte \u00bb est la prochaine grande fronti\u00e8re pour les lunettes intelligentes | Vie Associative\" \/>\n<meta property=\"og:description\" content=\"Nous pouvons gagner une commission sur les liens sur cette page. Ce matin, la nouvelle soci\u00e9t\u00e9 de lunettes intelligentes Even Realities a lanc\u00e9 Even Hub,\" \/>\n<meta property=\"og:url\" content=\"https:\/\/vieassociative.be\/actualites\/pourquoi-la-plateforme-ouverte-est-la-prochaine-grande-frontiere-pour-les-lunettes-intelligentes\/\" \/>\n<meta property=\"og:site_name\" content=\"Vie Associative\" \/>\n<meta property=\"article:published_time\" content=\"2026-04-04T02:17:51+00:00\" \/>\n<meta property=\"og:image\" content=\"https:\/\/vieassociative.be\/actualites\/wp-content\/uploads\/2026\/04\/Pourquoi-la-plateforme-ouverte-est-la-prochaine-grande.jpg\" \/>\n<meta name=\"author\" content=\"Julien\" \/>\n<meta name=\"twitter:card\" content=\"summary_large_image\" \/>\n<meta name=\"twitter:label1\" content=\"\u00c9crit par\" \/>\n\t<meta name=\"twitter:data1\" content=\"Julien\" \/>\n\t<meta name=\"twitter:label2\" content=\"Dur\u00e9e de lecture est.\" \/>\n\t<meta name=\"twitter:data2\" content=\"6 minutes\" \/>\n<script type=\"application\/ld+json\" class=\"yoast-schema-graph\">{\"@context\":\"https:\/\/schema.org\",\"@graph\":[{\"@type\":\"Article\",\"@id\":\"https:\/\/vieassociative.be\/actualites\/pourquoi-la-plateforme-ouverte-est-la-prochaine-grande-frontiere-pour-les-lunettes-intelligentes\/#article\",\"isPartOf\":{\"@id\":\"https:\/\/vieassociative.be\/actualites\/pourquoi-la-plateforme-ouverte-est-la-prochaine-grande-frontiere-pour-les-lunettes-intelligentes\/\"},\"author\":{\"name\":\"Julien\",\"@id\":\"https:\/\/vieassociative.be\/actualites\/#\/schema\/person\/b87ac4f82f9d4e7b7cec7395b679edc4\"},\"headline\":\"Pourquoi la \u00ab plateforme ouverte \u00bb est la prochaine grande fronti\u00e8re pour les lunettes intelligentes\",\"datePublished\":\"2026-04-04T02:17:51+00:00\",\"dateModified\":\"2026-04-04T02:17:51+00:00\",\"mainEntityOfPage\":{\"@id\":\"https:\/\/vieassociative.be\/actualites\/pourquoi-la-plateforme-ouverte-est-la-prochaine-grande-frontiere-pour-les-lunettes-intelligentes\/\"},\"wordCount\":1162,\"publisher\":{\"@id\":\"https:\/\/vieassociative.be\/actualites\/#organization\"},\"image\":{\"@id\":\"https:\/\/vieassociative.be\/actualites\/pourquoi-la-plateforme-ouverte-est-la-prochaine-grande-frontiere-pour-les-lunettes-intelligentes\/#primaryimage\"},\"thumbnailUrl\":\"https:\/\/vieassociative.be\/actualites\/wp-content\/uploads\/2026\/04\/Pourquoi-la-plateforme-ouverte-est-la-prochaine-grande.png\",\"keywords\":[\"est\",\"fronti\u00e8re\",\"grande\",\"intelligentes\",\"Les\",\"lunettes\",\"ouverte\",\"plateforme\",\"pour\",\"Pourquoi\",\"prochaine\"],\"articleSection\":[\"Technologie\"],\"inLanguage\":\"fr-BE\"},{\"@type\":\"WebPage\",\"@id\":\"https:\/\/vieassociative.be\/actualites\/pourquoi-la-plateforme-ouverte-est-la-prochaine-grande-frontiere-pour-les-lunettes-intelligentes\/\",\"url\":\"https:\/\/vieassociative.be\/actualites\/pourquoi-la-plateforme-ouverte-est-la-prochaine-grande-frontiere-pour-les-lunettes-intelligentes\/\",\"name\":\"Pourquoi la \u00ab plateforme ouverte \u00bb est la prochaine grande fronti\u00e8re pour les lunettes intelligentes | Vie Associative\",\"isPartOf\":{\"@id\":\"https:\/\/vieassociative.be\/actualites\/#website\"},\"primaryImageOfPage\":{\"@id\":\"https:\/\/vieassociative.be\/actualites\/pourquoi-la-plateforme-ouverte-est-la-prochaine-grande-frontiere-pour-les-lunettes-intelligentes\/#primaryimage\"},\"image\":{\"@id\":\"https:\/\/vieassociative.be\/actualites\/pourquoi-la-plateforme-ouverte-est-la-prochaine-grande-frontiere-pour-les-lunettes-intelligentes\/#primaryimage\"},\"thumbnailUrl\":\"https:\/\/vieassociative.be\/actualites\/wp-content\/uploads\/2026\/04\/Pourquoi-la-plateforme-ouverte-est-la-prochaine-grande.png\",\"datePublished\":\"2026-04-04T02:17:51+00:00\",\"dateModified\":\"2026-04-04T02:17:51+00:00\",\"breadcrumb\":{\"@id\":\"https:\/\/vieassociative.be\/actualites\/pourquoi-la-plateforme-ouverte-est-la-prochaine-grande-frontiere-pour-les-lunettes-intelligentes\/#breadcrumb\"},\"inLanguage\":\"fr-BE\",\"potentialAction\":[{\"@type\":\"ReadAction\",\"target\":[\"https:\/\/vieassociative.be\/actualites\/pourquoi-la-plateforme-ouverte-est-la-prochaine-grande-frontiere-pour-les-lunettes-intelligentes\/\"]}]},{\"@type\":\"ImageObject\",\"inLanguage\":\"fr-BE\",\"@id\":\"https:\/\/vieassociative.be\/actualites\/pourquoi-la-plateforme-ouverte-est-la-prochaine-grande-frontiere-pour-les-lunettes-intelligentes\/#primaryimage\",\"url\":\"https:\/\/vieassociative.be\/actualites\/wp-content\/uploads\/2026\/04\/Pourquoi-la-plateforme-ouverte-est-la-prochaine-grande.png\",\"contentUrl\":\"https:\/\/vieassociative.be\/actualites\/wp-content\/uploads\/2026\/04\/Pourquoi-la-plateforme-ouverte-est-la-prochaine-grande.png\",\"width\":1200,\"height\":675,\"caption\":\"Pourquoi la \u00ab plateforme ouverte \u00bb est la prochaine grande fronti\u00e8re pour les lunettes intelligentes\"},{\"@type\":\"BreadcrumbList\",\"@id\":\"https:\/\/vieassociative.be\/actualites\/pourquoi-la-plateforme-ouverte-est-la-prochaine-grande-frontiere-pour-les-lunettes-intelligentes\/#breadcrumb\",\"itemListElement\":[{\"@type\":\"ListItem\",\"position\":1,\"name\":\"Accueil\",\"item\":\"https:\/\/vieassociative.be\/actualites\/\"},{\"@type\":\"ListItem\",\"position\":2,\"name\":\"Pourquoi la \u00ab plateforme ouverte \u00bb est la prochaine grande fronti\u00e8re pour les lunettes intelligentes\"}]},{\"@type\":\"WebSite\",\"@id\":\"https:\/\/vieassociative.be\/actualites\/#website\",\"url\":\"https:\/\/vieassociative.be\/actualites\/\",\"name\":\"Vie Associative\",\"description\":\"\",\"publisher\":{\"@id\":\"https:\/\/vieassociative.be\/actualites\/#organization\"},\"potentialAction\":[{\"@type\":\"SearchAction\",\"target\":{\"@type\":\"EntryPoint\",\"urlTemplate\":\"https:\/\/vieassociative.be\/actualites\/?s={search_term_string}\"},\"query-input\":{\"@type\":\"PropertyValueSpecification\",\"valueRequired\":true,\"valueName\":\"search_term_string\"}}],\"inLanguage\":\"fr-BE\"},{\"@type\":\"Organization\",\"@id\":\"https:\/\/vieassociative.be\/actualites\/#organization\",\"name\":\"Vie Associative\",\"url\":\"https:\/\/vieassociative.be\/actualites\/\",\"logo\":{\"@type\":\"ImageObject\",\"inLanguage\":\"fr-BE\",\"@id\":\"https:\/\/vieassociative.be\/actualites\/#\/schema\/logo\/image\/\",\"url\":\"https:\/\/vieassociative.be\/actualites\/wp-content\/uploads\/2024\/09\/cropped-vieassociative_favicon.ico.png\",\"contentUrl\":\"https:\/\/vieassociative.be\/actualites\/wp-content\/uploads\/2024\/09\/cropped-vieassociative_favicon.ico.png\",\"width\":512,\"height\":512,\"caption\":\"Vie Associative\"},\"image\":{\"@id\":\"https:\/\/vieassociative.be\/actualites\/#\/schema\/logo\/image\/\"}},{\"@type\":\"Person\",\"@id\":\"https:\/\/vieassociative.be\/actualites\/#\/schema\/person\/b87ac4f82f9d4e7b7cec7395b679edc4\",\"name\":\"Julien\",\"image\":{\"@type\":\"ImageObject\",\"inLanguage\":\"fr-BE\",\"@id\":\"https:\/\/vieassociative.be\/actualites\/#\/schema\/person\/image\/\",\"url\":\"https:\/\/vieassociative.be\/actualites\/wp-content\/uploads\/2024\/09\/vie-associative-1-150x150.jpg\",\"contentUrl\":\"https:\/\/vieassociative.be\/actualites\/wp-content\/uploads\/2024\/09\/vie-associative-1-150x150.jpg\",\"caption\":\"Julien\"},\"description\":\"Je suis Julien, r\u00e9dacteur pour Vie Associative. Passionn\u00e9 par le monde associatif depuis plus de 10 ans, j'ai \u00e0 c\u0153ur de partager des histoires inspirantes et de mettre en lumi\u00e8re les initiatives locales. Mon objectif est de sensibiliser et d'encourager l'engagement communautaire \u00e0 travers mes articles.\",\"sameAs\":[\"https:\/\/vieassociative.be\/\"]}]}<\/script>\n<!-- \/ Yoast SEO plugin. -->","yoast_head_json":{"title":"Pourquoi la \u00ab plateforme ouverte \u00bb est la prochaine grande fronti\u00e8re pour les lunettes intelligentes | Vie Associative","robots":{"index":"index","follow":"follow","max-snippet":"max-snippet:-1","max-image-preview":"max-image-preview:large","max-video-preview":"max-video-preview:-1"},"canonical":"https:\/\/vieassociative.be\/actualites\/pourquoi-la-plateforme-ouverte-est-la-prochaine-grande-frontiere-pour-les-lunettes-intelligentes\/","og_locale":"fr_FR","og_type":"article","og_title":"Pourquoi la \u00ab plateforme ouverte \u00bb est la prochaine grande fronti\u00e8re pour les lunettes intelligentes | Vie Associative","og_description":"Nous pouvons gagner une commission sur les liens sur cette page. Ce matin, la nouvelle soci\u00e9t\u00e9 de lunettes intelligentes Even Realities a lanc\u00e9 Even Hub,","og_url":"https:\/\/vieassociative.be\/actualites\/pourquoi-la-plateforme-ouverte-est-la-prochaine-grande-frontiere-pour-les-lunettes-intelligentes\/","og_site_name":"Vie Associative","article_published_time":"2026-04-04T02:17:51+00:00","og_image":[{"url":"https:\/\/vieassociative.be\/actualites\/wp-content\/uploads\/2026\/04\/Pourquoi-la-plateforme-ouverte-est-la-prochaine-grande.jpg","type":"","width":"","height":""}],"author":"Julien","twitter_card":"summary_large_image","twitter_misc":{"\u00c9crit par":"Julien","Dur\u00e9e de lecture est.":"6 minutes"},"schema":{"@context":"https:\/\/schema.org","@graph":[{"@type":"Article","@id":"https:\/\/vieassociative.be\/actualites\/pourquoi-la-plateforme-ouverte-est-la-prochaine-grande-frontiere-pour-les-lunettes-intelligentes\/#article","isPartOf":{"@id":"https:\/\/vieassociative.be\/actualites\/pourquoi-la-plateforme-ouverte-est-la-prochaine-grande-frontiere-pour-les-lunettes-intelligentes\/"},"author":{"name":"Julien","@id":"https:\/\/vieassociative.be\/actualites\/#\/schema\/person\/b87ac4f82f9d4e7b7cec7395b679edc4"},"headline":"Pourquoi la \u00ab plateforme ouverte \u00bb est la prochaine grande fronti\u00e8re pour les lunettes intelligentes","datePublished":"2026-04-04T02:17:51+00:00","dateModified":"2026-04-04T02:17:51+00:00","mainEntityOfPage":{"@id":"https:\/\/vieassociative.be\/actualites\/pourquoi-la-plateforme-ouverte-est-la-prochaine-grande-frontiere-pour-les-lunettes-intelligentes\/"},"wordCount":1162,"publisher":{"@id":"https:\/\/vieassociative.be\/actualites\/#organization"},"image":{"@id":"https:\/\/vieassociative.be\/actualites\/pourquoi-la-plateforme-ouverte-est-la-prochaine-grande-frontiere-pour-les-lunettes-intelligentes\/#primaryimage"},"thumbnailUrl":"https:\/\/vieassociative.be\/actualites\/wp-content\/uploads\/2026\/04\/Pourquoi-la-plateforme-ouverte-est-la-prochaine-grande.png","keywords":["est","fronti\u00e8re","grande","intelligentes","Les","lunettes","ouverte","plateforme","pour","Pourquoi","prochaine"],"articleSection":["Technologie"],"inLanguage":"fr-BE"},{"@type":"WebPage","@id":"https:\/\/vieassociative.be\/actualites\/pourquoi-la-plateforme-ouverte-est-la-prochaine-grande-frontiere-pour-les-lunettes-intelligentes\/","url":"https:\/\/vieassociative.be\/actualites\/pourquoi-la-plateforme-ouverte-est-la-prochaine-grande-frontiere-pour-les-lunettes-intelligentes\/","name":"Pourquoi la \u00ab plateforme ouverte \u00bb est la prochaine grande fronti\u00e8re pour les lunettes intelligentes | Vie Associative","isPartOf":{"@id":"https:\/\/vieassociative.be\/actualites\/#website"},"primaryImageOfPage":{"@id":"https:\/\/vieassociative.be\/actualites\/pourquoi-la-plateforme-ouverte-est-la-prochaine-grande-frontiere-pour-les-lunettes-intelligentes\/#primaryimage"},"image":{"@id":"https:\/\/vieassociative.be\/actualites\/pourquoi-la-plateforme-ouverte-est-la-prochaine-grande-frontiere-pour-les-lunettes-intelligentes\/#primaryimage"},"thumbnailUrl":"https:\/\/vieassociative.be\/actualites\/wp-content\/uploads\/2026\/04\/Pourquoi-la-plateforme-ouverte-est-la-prochaine-grande.png","datePublished":"2026-04-04T02:17:51+00:00","dateModified":"2026-04-04T02:17:51+00:00","breadcrumb":{"@id":"https:\/\/vieassociative.be\/actualites\/pourquoi-la-plateforme-ouverte-est-la-prochaine-grande-frontiere-pour-les-lunettes-intelligentes\/#breadcrumb"},"inLanguage":"fr-BE","potentialAction":[{"@type":"ReadAction","target":["https:\/\/vieassociative.be\/actualites\/pourquoi-la-plateforme-ouverte-est-la-prochaine-grande-frontiere-pour-les-lunettes-intelligentes\/"]}]},{"@type":"ImageObject","inLanguage":"fr-BE","@id":"https:\/\/vieassociative.be\/actualites\/pourquoi-la-plateforme-ouverte-est-la-prochaine-grande-frontiere-pour-les-lunettes-intelligentes\/#primaryimage","url":"https:\/\/vieassociative.be\/actualites\/wp-content\/uploads\/2026\/04\/Pourquoi-la-plateforme-ouverte-est-la-prochaine-grande.png","contentUrl":"https:\/\/vieassociative.be\/actualites\/wp-content\/uploads\/2026\/04\/Pourquoi-la-plateforme-ouverte-est-la-prochaine-grande.png","width":1200,"height":675,"caption":"Pourquoi la \u00ab plateforme ouverte \u00bb est la prochaine grande fronti\u00e8re pour les lunettes intelligentes"},{"@type":"BreadcrumbList","@id":"https:\/\/vieassociative.be\/actualites\/pourquoi-la-plateforme-ouverte-est-la-prochaine-grande-frontiere-pour-les-lunettes-intelligentes\/#breadcrumb","itemListElement":[{"@type":"ListItem","position":1,"name":"Accueil","item":"https:\/\/vieassociative.be\/actualites\/"},{"@type":"ListItem","position":2,"name":"Pourquoi la \u00ab plateforme ouverte \u00bb est la prochaine grande fronti\u00e8re pour les lunettes intelligentes"}]},{"@type":"WebSite","@id":"https:\/\/vieassociative.be\/actualites\/#website","url":"https:\/\/vieassociative.be\/actualites\/","name":"Vie Associative","description":"","publisher":{"@id":"https:\/\/vieassociative.be\/actualites\/#organization"},"potentialAction":[{"@type":"SearchAction","target":{"@type":"EntryPoint","urlTemplate":"https:\/\/vieassociative.be\/actualites\/?s={search_term_string}"},"query-input":{"@type":"PropertyValueSpecification","valueRequired":true,"valueName":"search_term_string"}}],"inLanguage":"fr-BE"},{"@type":"Organization","@id":"https:\/\/vieassociative.be\/actualites\/#organization","name":"Vie Associative","url":"https:\/\/vieassociative.be\/actualites\/","logo":{"@type":"ImageObject","inLanguage":"fr-BE","@id":"https:\/\/vieassociative.be\/actualites\/#\/schema\/logo\/image\/","url":"https:\/\/vieassociative.be\/actualites\/wp-content\/uploads\/2024\/09\/cropped-vieassociative_favicon.ico.png","contentUrl":"https:\/\/vieassociative.be\/actualites\/wp-content\/uploads\/2024\/09\/cropped-vieassociative_favicon.ico.png","width":512,"height":512,"caption":"Vie Associative"},"image":{"@id":"https:\/\/vieassociative.be\/actualites\/#\/schema\/logo\/image\/"}},{"@type":"Person","@id":"https:\/\/vieassociative.be\/actualites\/#\/schema\/person\/b87ac4f82f9d4e7b7cec7395b679edc4","name":"Julien","image":{"@type":"ImageObject","inLanguage":"fr-BE","@id":"https:\/\/vieassociative.be\/actualites\/#\/schema\/person\/image\/","url":"https:\/\/vieassociative.be\/actualites\/wp-content\/uploads\/2024\/09\/vie-associative-1-150x150.jpg","contentUrl":"https:\/\/vieassociative.be\/actualites\/wp-content\/uploads\/2024\/09\/vie-associative-1-150x150.jpg","caption":"Julien"},"description":"Je suis Julien, r\u00e9dacteur pour Vie Associative. Passionn\u00e9 par le monde associatif depuis plus de 10 ans, j'ai \u00e0 c\u0153ur de partager des histoires inspirantes et de mettre en lumi\u00e8re les initiatives locales. Mon objectif est de sensibiliser et d'encourager l'engagement communautaire \u00e0 travers mes articles.","sameAs":["https:\/\/vieassociative.be\/"]}]}},"_links":{"self":[{"href":"https:\/\/vieassociative.be\/actualites\/wp-json\/wp\/v2\/posts\/13308"}],"collection":[{"href":"https:\/\/vieassociative.be\/actualites\/wp-json\/wp\/v2\/posts"}],"about":[{"href":"https:\/\/vieassociative.be\/actualites\/wp-json\/wp\/v2\/types\/post"}],"author":[{"embeddable":true,"href":"https:\/\/vieassociative.be\/actualites\/wp-json\/wp\/v2\/users\/1"}],"replies":[{"embeddable":true,"href":"https:\/\/vieassociative.be\/actualites\/wp-json\/wp\/v2\/comments?post=13308"}],"version-history":[{"count":0,"href":"https:\/\/vieassociative.be\/actualites\/wp-json\/wp\/v2\/posts\/13308\/revisions"}],"wp:featuredmedia":[{"embeddable":true,"href":"https:\/\/vieassociative.be\/actualites\/wp-json\/wp\/v2\/media\/13309"}],"wp:attachment":[{"href":"https:\/\/vieassociative.be\/actualites\/wp-json\/wp\/v2\/media?parent=13308"}],"wp:term":[{"taxonomy":"category","embeddable":true,"href":"https:\/\/vieassociative.be\/actualites\/wp-json\/wp\/v2\/categories?post=13308"},{"taxonomy":"post_tag","embeddable":true,"href":"https:\/\/vieassociative.be\/actualites\/wp-json\/wp\/v2\/tags?post=13308"}],"curies":[{"name":"wp","href":"https:\/\/api.w.org\/{rel}","templated":true}]}}