{"id":13307,"date":"2026-04-03T23:17:22","date_gmt":"2026-04-03T21:17:22","guid":{"rendered":"https:\/\/vieassociative.be\/actualites\/labolition-du-senat-franchit-le-premier-obstacle-le-senateur-communautaire-scholzen-vote-non\/"},"modified":"2026-04-03T23:17:22","modified_gmt":"2026-04-03T21:17:22","slug":"labolition-du-senat-franchit-le-premier-obstacle-le-senateur-communautaire-scholzen-vote-non","status":"publish","type":"post","link":"https:\/\/vieassociative.be\/actualites\/labolition-du-senat-franchit-le-premier-obstacle-le-senateur-communautaire-scholzen-vote-non\/","title":{"rendered":"L\u2019abolition du S\u00e9nat franchit le premier obstacle \u2013 le s\u00e9nateur communautaire Scholzen vote non"},"content":{"rendered":"<p><strong>Le S\u00e9nat a approuv\u00e9 vendredi en s\u00e9ance pl\u00e9ni\u00e8re un amendement \u00e0 l&rsquo;article 195 de la Constitution, une premi\u00e8re \u00e9tape dans le processus qui m\u00e8nera \u00e0 la suppression de l&rsquo;Assembl\u00e9e.<\/strong><\/p>\n<p><span id=\"more-438145\"><\/span>La r\u00e9union a dur\u00e9 longtemps et, \u00e0 la surprise g\u00e9n\u00e9rale, a \u00e9t\u00e9 interrompue \u00e0 la demande des lib\u00e9raux francophones, dont les repr\u00e9sentants ont quitt\u00e9 l&rsquo;h\u00e9micycle. Les s\u00e9nateurs MR ont d&rsquo;abord voulu s&rsquo;assurer des r\u00e9sultats du vote avant de commenter.<\/p>\n<p>L&rsquo;accord majoritaire de la Coalition de l&rsquo;Arizona stipule que les r\u00e9formes institutionnelles ne peuvent \u00eatre r\u00e9alis\u00e9es avec le soutien de groupes extr\u00e9mistes tels que le Vlaams Belang et le PTB.<\/p>\n<div id=\"attachment_391717\" class=\"wp-caption alignleft\" style=\"max-width: 300px\"><img fetchpriority=\"high\" decoding=\"async\" class=\"wp-image-391717 size-medium\" src=\"https:\/\/vieassociative.be\/actualites\/wp-content\/uploads\/2025\/02\/Le-gouvernement-de-De-Wever-veut-abolir-le-Senat.jpg\" alt=\"\" width=\"300\" height=\"211\"><\/div>\n<p>L&rsquo;amendement devait recueillir une majorit\u00e9 des deux tiers. Il a \u00e9t\u00e9 obtenu de justesse avec 36 voix pour, 8 voix contre et 14 abstentions. La majorit\u00e9 du MR s&rsquo;est abstenue de voter. La s\u00e9natrice de la Communaut\u00e9 germanophone Liesa Scholzen (ProDG) a vot\u00e9 contre. Leurs amendements propos\u00e9s avaient \u00e9t\u00e9 pr\u00e9c\u00e9demment rejet\u00e9s.<\/p>\n<p>Comme on le sait, si le S\u00e9nat \u00e9tait aboli, la seule repr\u00e9sentation garantie des germanophones serait perdue. Aux Engag\u00e9s, la chef de groupe Anne-Catherine Goffinet s&rsquo;est abstenue de voter.<\/p>\n<p>Du c\u00f4t\u00e9 de l&rsquo;opposition, le PTB s&rsquo;est abstenu de voter, tandis que deux des trois s\u00e9nateurs des Verts ont vot\u00e9 contre (Celia Groothede et Hajib El Hajjaji). Le PS a \u00e9galement vot\u00e9 non. Les lib\u00e9raux flamands d&rsquo;Anders (anciennement VLD) ont cependant vot\u00e9 pour la suppression du S\u00e9nat. Au total, la motion n&rsquo;a re\u00e7u que quatre voix francophones, soit celles des Engag\u00e9s. (cr\u00e9er)<\/p>\n<p><em><strong>NOTE &#8211; Lisez \u00e0 ce sujet plus tard : \u00ab\u00a0Repr\u00e9sentation garantie ? Pourquoi pas un autre cabinet de la Belgique de l&rsquo;Est ?\u00a0\u00bb<\/strong><\/em><\/p>\n","protected":false},"excerpt":{"rendered":"<p>Le S\u00e9nat a approuv\u00e9 vendredi en s\u00e9ance pl\u00e9ni\u00e8re un amendement \u00e0 l&rsquo;article 195 de la Constitution, une premi\u00e8re \u00e9tape dans le processus qui m\u00e8nera \u00e0<\/p>\n","protected":false},"author":1,"featured_media":4839,"comment_status":"","ping_status":"","sticky":false,"template":"","format":"standard","meta":{"footnotes":""},"categories":[298],"tags":[2485,10191,3140,8140,443,10425,5149,10424,3828],"class_list":["post-13307","post","type-post","status-publish","format-standard","has-post-thumbnail","hentry","category-belgique","tag-communautaire","tag-franchit","tag-labolition","tag-obstacle","tag-premier","tag-scholzen","tag-senat","tag-senateur","tag-vote","generate-columns","tablet-grid-50","mobile-grid-100","grid-parent","grid-33"],"yoast_head":"<!-- This site is optimized with the Yoast SEO plugin v24.0 - https:\/\/yoast.com\/wordpress\/plugins\/seo\/ -->\n<title>L\u2019abolition du S\u00e9nat franchit le premier obstacle \u2013 le s\u00e9nateur communautaire Scholzen vote non | Vie Associative<\/title>\n<meta name=\"robots\" content=\"index, follow, max-snippet:-1, max-image-preview:large, max-video-preview:-1\" \/>\n<link rel=\"canonical\" href=\"https:\/\/vieassociative.be\/actualites\/labolition-du-senat-franchit-le-premier-obstacle-le-senateur-communautaire-scholzen-vote-non\/\" \/>\n<meta property=\"og:locale\" content=\"fr_FR\" \/>\n<meta property=\"og:type\" content=\"article\" \/>\n<meta property=\"og:title\" content=\"L\u2019abolition du S\u00e9nat franchit le premier obstacle \u2013 le s\u00e9nateur communautaire Scholzen vote non | Vie Associative\" \/>\n<meta property=\"og:description\" content=\"Le S\u00e9nat a approuv\u00e9 vendredi en s\u00e9ance pl\u00e9ni\u00e8re un amendement \u00e0 l&rsquo;article 195 de la Constitution, une premi\u00e8re \u00e9tape dans le processus qui m\u00e8nera \u00e0\" \/>\n<meta property=\"og:url\" content=\"https:\/\/vieassociative.be\/actualites\/labolition-du-senat-franchit-le-premier-obstacle-le-senateur-communautaire-scholzen-vote-non\/\" \/>\n<meta property=\"og:site_name\" content=\"Vie Associative\" \/>\n<meta property=\"article:published_time\" content=\"2026-04-03T21:17:22+00:00\" \/>\n<meta property=\"og:image\" content=\"https:\/\/vieassociative.be\/actualites\/wp-content\/uploads\/2024\/09\/header_backgroundk-01-e1726694325946.png\" \/>\n\t<meta property=\"og:image:width\" content=\"279\" \/>\n\t<meta property=\"og:image:height\" content=\"92\" \/>\n\t<meta property=\"og:image:type\" content=\"image\/png\" \/>\n<meta name=\"author\" content=\"Julien\" \/>\n<meta name=\"twitter:card\" content=\"summary_large_image\" \/>\n<meta name=\"twitter:label1\" content=\"\u00c9crit par\" \/>\n\t<meta name=\"twitter:data1\" content=\"Julien\" \/>\n\t<meta name=\"twitter:label2\" content=\"Dur\u00e9e de lecture est.\" \/>\n\t<meta name=\"twitter:data2\" content=\"1 minute\" \/>\n<script type=\"application\/ld+json\" class=\"yoast-schema-graph\">{\"@context\":\"https:\/\/schema.org\",\"@graph\":[{\"@type\":\"Article\",\"@id\":\"https:\/\/vieassociative.be\/actualites\/labolition-du-senat-franchit-le-premier-obstacle-le-senateur-communautaire-scholzen-vote-non\/#article\",\"isPartOf\":{\"@id\":\"https:\/\/vieassociative.be\/actualites\/labolition-du-senat-franchit-le-premier-obstacle-le-senateur-communautaire-scholzen-vote-non\/\"},\"author\":{\"name\":\"Julien\",\"@id\":\"https:\/\/vieassociative.be\/actualites\/#\/schema\/person\/b87ac4f82f9d4e7b7cec7395b679edc4\"},\"headline\":\"L\u2019abolition du S\u00e9nat franchit le premier obstacle \u2013 le s\u00e9nateur communautaire Scholzen vote non\",\"datePublished\":\"2026-04-03T21:17:22+00:00\",\"dateModified\":\"2026-04-03T21:17:22+00:00\",\"mainEntityOfPage\":{\"@id\":\"https:\/\/vieassociative.be\/actualites\/labolition-du-senat-franchit-le-premier-obstacle-le-senateur-communautaire-scholzen-vote-non\/\"},\"wordCount\":317,\"publisher\":{\"@id\":\"https:\/\/vieassociative.be\/actualites\/#organization\"},\"image\":{\"@id\":\"https:\/\/vieassociative.be\/actualites\/labolition-du-senat-franchit-le-premier-obstacle-le-senateur-communautaire-scholzen-vote-non\/#primaryimage\"},\"thumbnailUrl\":\"https:\/\/vieassociative.be\/actualites\/wp-content\/uploads\/2025\/02\/1738678644_Le-gouvernement-de-De-Wever-veut-abolir-le-Senat.jpg\",\"keywords\":[\"communautaire\",\"franchit\",\"labolition\",\"obstacle\",\"premier\",\"Scholzen\",\"S\u00e9nat\",\"s\u00e9nateur\",\"vote\"],\"articleSection\":[\"Belgique\"],\"inLanguage\":\"fr-BE\"},{\"@type\":\"WebPage\",\"@id\":\"https:\/\/vieassociative.be\/actualites\/labolition-du-senat-franchit-le-premier-obstacle-le-senateur-communautaire-scholzen-vote-non\/\",\"url\":\"https:\/\/vieassociative.be\/actualites\/labolition-du-senat-franchit-le-premier-obstacle-le-senateur-communautaire-scholzen-vote-non\/\",\"name\":\"L\u2019abolition du S\u00e9nat franchit le premier obstacle \u2013 le s\u00e9nateur communautaire Scholzen vote non | Vie Associative\",\"isPartOf\":{\"@id\":\"https:\/\/vieassociative.be\/actualites\/#website\"},\"primaryImageOfPage\":{\"@id\":\"https:\/\/vieassociative.be\/actualites\/labolition-du-senat-franchit-le-premier-obstacle-le-senateur-communautaire-scholzen-vote-non\/#primaryimage\"},\"image\":{\"@id\":\"https:\/\/vieassociative.be\/actualites\/labolition-du-senat-franchit-le-premier-obstacle-le-senateur-communautaire-scholzen-vote-non\/#primaryimage\"},\"thumbnailUrl\":\"https:\/\/vieassociative.be\/actualites\/wp-content\/uploads\/2025\/02\/1738678644_Le-gouvernement-de-De-Wever-veut-abolir-le-Senat.jpg\",\"datePublished\":\"2026-04-03T21:17:22+00:00\",\"dateModified\":\"2026-04-03T21:17:22+00:00\",\"breadcrumb\":{\"@id\":\"https:\/\/vieassociative.be\/actualites\/labolition-du-senat-franchit-le-premier-obstacle-le-senateur-communautaire-scholzen-vote-non\/#breadcrumb\"},\"inLanguage\":\"fr-BE\",\"potentialAction\":[{\"@type\":\"ReadAction\",\"target\":[\"https:\/\/vieassociative.be\/actualites\/labolition-du-senat-franchit-le-premier-obstacle-le-senateur-communautaire-scholzen-vote-non\/\"]}]},{\"@type\":\"ImageObject\",\"inLanguage\":\"fr-BE\",\"@id\":\"https:\/\/vieassociative.be\/actualites\/labolition-du-senat-franchit-le-premier-obstacle-le-senateur-communautaire-scholzen-vote-non\/#primaryimage\",\"url\":\"https:\/\/vieassociative.be\/actualites\/wp-content\/uploads\/2025\/02\/1738678644_Le-gouvernement-de-De-Wever-veut-abolir-le-Senat.jpg\",\"contentUrl\":\"https:\/\/vieassociative.be\/actualites\/wp-content\/uploads\/2025\/02\/1738678644_Le-gouvernement-de-De-Wever-veut-abolir-le-Senat.jpg\",\"width\":1200,\"height\":800,\"caption\":\"Le gouvernement de De Wever veut abolir le S\u00e9nat - le 15 novembre dans la DG un jour f\u00e9ri\u00e9 pour tout le monde \u00e0 l'avenir?\"},{\"@type\":\"BreadcrumbList\",\"@id\":\"https:\/\/vieassociative.be\/actualites\/labolition-du-senat-franchit-le-premier-obstacle-le-senateur-communautaire-scholzen-vote-non\/#breadcrumb\",\"itemListElement\":[{\"@type\":\"ListItem\",\"position\":1,\"name\":\"Accueil\",\"item\":\"https:\/\/vieassociative.be\/actualites\/\"},{\"@type\":\"ListItem\",\"position\":2,\"name\":\"L\u2019abolition du S\u00e9nat franchit le premier obstacle \u2013 le s\u00e9nateur communautaire Scholzen vote non\"}]},{\"@type\":\"WebSite\",\"@id\":\"https:\/\/vieassociative.be\/actualites\/#website\",\"url\":\"https:\/\/vieassociative.be\/actualites\/\",\"name\":\"Vie Associative\",\"description\":\"\",\"publisher\":{\"@id\":\"https:\/\/vieassociative.be\/actualites\/#organization\"},\"potentialAction\":[{\"@type\":\"SearchAction\",\"target\":{\"@type\":\"EntryPoint\",\"urlTemplate\":\"https:\/\/vieassociative.be\/actualites\/?s={search_term_string}\"},\"query-input\":{\"@type\":\"PropertyValueSpecification\",\"valueRequired\":true,\"valueName\":\"search_term_string\"}}],\"inLanguage\":\"fr-BE\"},{\"@type\":\"Organization\",\"@id\":\"https:\/\/vieassociative.be\/actualites\/#organization\",\"name\":\"Vie Associative\",\"url\":\"https:\/\/vieassociative.be\/actualites\/\",\"logo\":{\"@type\":\"ImageObject\",\"inLanguage\":\"fr-BE\",\"@id\":\"https:\/\/vieassociative.be\/actualites\/#\/schema\/logo\/image\/\",\"url\":\"https:\/\/vieassociative.be\/actualites\/wp-content\/uploads\/2024\/09\/cropped-vieassociative_favicon.ico.png\",\"contentUrl\":\"https:\/\/vieassociative.be\/actualites\/wp-content\/uploads\/2024\/09\/cropped-vieassociative_favicon.ico.png\",\"width\":512,\"height\":512,\"caption\":\"Vie Associative\"},\"image\":{\"@id\":\"https:\/\/vieassociative.be\/actualites\/#\/schema\/logo\/image\/\"}},{\"@type\":\"Person\",\"@id\":\"https:\/\/vieassociative.be\/actualites\/#\/schema\/person\/b87ac4f82f9d4e7b7cec7395b679edc4\",\"name\":\"Julien\",\"image\":{\"@type\":\"ImageObject\",\"inLanguage\":\"fr-BE\",\"@id\":\"https:\/\/vieassociative.be\/actualites\/#\/schema\/person\/image\/\",\"url\":\"https:\/\/vieassociative.be\/actualites\/wp-content\/uploads\/2024\/09\/vie-associative-1-150x150.jpg\",\"contentUrl\":\"https:\/\/vieassociative.be\/actualites\/wp-content\/uploads\/2024\/09\/vie-associative-1-150x150.jpg\",\"caption\":\"Julien\"},\"description\":\"Je suis Julien, r\u00e9dacteur pour Vie Associative. Passionn\u00e9 par le monde associatif depuis plus de 10 ans, j'ai \u00e0 c\u0153ur de partager des histoires inspirantes et de mettre en lumi\u00e8re les initiatives locales. Mon objectif est de sensibiliser et d'encourager l'engagement communautaire \u00e0 travers mes articles.\",\"sameAs\":[\"https:\/\/vieassociative.be\/\"]}]}<\/script>\n<!-- \/ Yoast SEO plugin. -->","yoast_head_json":{"title":"L\u2019abolition du S\u00e9nat franchit le premier obstacle \u2013 le s\u00e9nateur communautaire Scholzen vote non | Vie Associative","robots":{"index":"index","follow":"follow","max-snippet":"max-snippet:-1","max-image-preview":"max-image-preview:large","max-video-preview":"max-video-preview:-1"},"canonical":"https:\/\/vieassociative.be\/actualites\/labolition-du-senat-franchit-le-premier-obstacle-le-senateur-communautaire-scholzen-vote-non\/","og_locale":"fr_FR","og_type":"article","og_title":"L\u2019abolition du S\u00e9nat franchit le premier obstacle \u2013 le s\u00e9nateur communautaire Scholzen vote non | Vie Associative","og_description":"Le S\u00e9nat a approuv\u00e9 vendredi en s\u00e9ance pl\u00e9ni\u00e8re un amendement \u00e0 l&rsquo;article 195 de la Constitution, une premi\u00e8re \u00e9tape dans le processus qui m\u00e8nera \u00e0","og_url":"https:\/\/vieassociative.be\/actualites\/labolition-du-senat-franchit-le-premier-obstacle-le-senateur-communautaire-scholzen-vote-non\/","og_site_name":"Vie Associative","article_published_time":"2026-04-03T21:17:22+00:00","og_image":[{"width":279,"height":92,"url":"https:\/\/vieassociative.be\/actualites\/wp-content\/uploads\/2024\/09\/header_backgroundk-01-e1726694325946.png","type":"image\/png"}],"author":"Julien","twitter_card":"summary_large_image","twitter_misc":{"\u00c9crit par":"Julien","Dur\u00e9e de lecture est.":"1 minute"},"schema":{"@context":"https:\/\/schema.org","@graph":[{"@type":"Article","@id":"https:\/\/vieassociative.be\/actualites\/labolition-du-senat-franchit-le-premier-obstacle-le-senateur-communautaire-scholzen-vote-non\/#article","isPartOf":{"@id":"https:\/\/vieassociative.be\/actualites\/labolition-du-senat-franchit-le-premier-obstacle-le-senateur-communautaire-scholzen-vote-non\/"},"author":{"name":"Julien","@id":"https:\/\/vieassociative.be\/actualites\/#\/schema\/person\/b87ac4f82f9d4e7b7cec7395b679edc4"},"headline":"L\u2019abolition du S\u00e9nat franchit le premier obstacle \u2013 le s\u00e9nateur communautaire Scholzen vote non","datePublished":"2026-04-03T21:17:22+00:00","dateModified":"2026-04-03T21:17:22+00:00","mainEntityOfPage":{"@id":"https:\/\/vieassociative.be\/actualites\/labolition-du-senat-franchit-le-premier-obstacle-le-senateur-communautaire-scholzen-vote-non\/"},"wordCount":317,"publisher":{"@id":"https:\/\/vieassociative.be\/actualites\/#organization"},"image":{"@id":"https:\/\/vieassociative.be\/actualites\/labolition-du-senat-franchit-le-premier-obstacle-le-senateur-communautaire-scholzen-vote-non\/#primaryimage"},"thumbnailUrl":"https:\/\/vieassociative.be\/actualites\/wp-content\/uploads\/2025\/02\/1738678644_Le-gouvernement-de-De-Wever-veut-abolir-le-Senat.jpg","keywords":["communautaire","franchit","labolition","obstacle","premier","Scholzen","S\u00e9nat","s\u00e9nateur","vote"],"articleSection":["Belgique"],"inLanguage":"fr-BE"},{"@type":"WebPage","@id":"https:\/\/vieassociative.be\/actualites\/labolition-du-senat-franchit-le-premier-obstacle-le-senateur-communautaire-scholzen-vote-non\/","url":"https:\/\/vieassociative.be\/actualites\/labolition-du-senat-franchit-le-premier-obstacle-le-senateur-communautaire-scholzen-vote-non\/","name":"L\u2019abolition du S\u00e9nat franchit le premier obstacle \u2013 le s\u00e9nateur communautaire Scholzen vote non | Vie Associative","isPartOf":{"@id":"https:\/\/vieassociative.be\/actualites\/#website"},"primaryImageOfPage":{"@id":"https:\/\/vieassociative.be\/actualites\/labolition-du-senat-franchit-le-premier-obstacle-le-senateur-communautaire-scholzen-vote-non\/#primaryimage"},"image":{"@id":"https:\/\/vieassociative.be\/actualites\/labolition-du-senat-franchit-le-premier-obstacle-le-senateur-communautaire-scholzen-vote-non\/#primaryimage"},"thumbnailUrl":"https:\/\/vieassociative.be\/actualites\/wp-content\/uploads\/2025\/02\/1738678644_Le-gouvernement-de-De-Wever-veut-abolir-le-Senat.jpg","datePublished":"2026-04-03T21:17:22+00:00","dateModified":"2026-04-03T21:17:22+00:00","breadcrumb":{"@id":"https:\/\/vieassociative.be\/actualites\/labolition-du-senat-franchit-le-premier-obstacle-le-senateur-communautaire-scholzen-vote-non\/#breadcrumb"},"inLanguage":"fr-BE","potentialAction":[{"@type":"ReadAction","target":["https:\/\/vieassociative.be\/actualites\/labolition-du-senat-franchit-le-premier-obstacle-le-senateur-communautaire-scholzen-vote-non\/"]}]},{"@type":"ImageObject","inLanguage":"fr-BE","@id":"https:\/\/vieassociative.be\/actualites\/labolition-du-senat-franchit-le-premier-obstacle-le-senateur-communautaire-scholzen-vote-non\/#primaryimage","url":"https:\/\/vieassociative.be\/actualites\/wp-content\/uploads\/2025\/02\/1738678644_Le-gouvernement-de-De-Wever-veut-abolir-le-Senat.jpg","contentUrl":"https:\/\/vieassociative.be\/actualites\/wp-content\/uploads\/2025\/02\/1738678644_Le-gouvernement-de-De-Wever-veut-abolir-le-Senat.jpg","width":1200,"height":800,"caption":"Le gouvernement de De Wever veut abolir le S\u00e9nat - le 15 novembre dans la DG un jour f\u00e9ri\u00e9 pour tout le monde \u00e0 l'avenir?"},{"@type":"BreadcrumbList","@id":"https:\/\/vieassociative.be\/actualites\/labolition-du-senat-franchit-le-premier-obstacle-le-senateur-communautaire-scholzen-vote-non\/#breadcrumb","itemListElement":[{"@type":"ListItem","position":1,"name":"Accueil","item":"https:\/\/vieassociative.be\/actualites\/"},{"@type":"ListItem","position":2,"name":"L\u2019abolition du S\u00e9nat franchit le premier obstacle \u2013 le s\u00e9nateur communautaire Scholzen vote non"}]},{"@type":"WebSite","@id":"https:\/\/vieassociative.be\/actualites\/#website","url":"https:\/\/vieassociative.be\/actualites\/","name":"Vie Associative","description":"","publisher":{"@id":"https:\/\/vieassociative.be\/actualites\/#organization"},"potentialAction":[{"@type":"SearchAction","target":{"@type":"EntryPoint","urlTemplate":"https:\/\/vieassociative.be\/actualites\/?s={search_term_string}"},"query-input":{"@type":"PropertyValueSpecification","valueRequired":true,"valueName":"search_term_string"}}],"inLanguage":"fr-BE"},{"@type":"Organization","@id":"https:\/\/vieassociative.be\/actualites\/#organization","name":"Vie Associative","url":"https:\/\/vieassociative.be\/actualites\/","logo":{"@type":"ImageObject","inLanguage":"fr-BE","@id":"https:\/\/vieassociative.be\/actualites\/#\/schema\/logo\/image\/","url":"https:\/\/vieassociative.be\/actualites\/wp-content\/uploads\/2024\/09\/cropped-vieassociative_favicon.ico.png","contentUrl":"https:\/\/vieassociative.be\/actualites\/wp-content\/uploads\/2024\/09\/cropped-vieassociative_favicon.ico.png","width":512,"height":512,"caption":"Vie Associative"},"image":{"@id":"https:\/\/vieassociative.be\/actualites\/#\/schema\/logo\/image\/"}},{"@type":"Person","@id":"https:\/\/vieassociative.be\/actualites\/#\/schema\/person\/b87ac4f82f9d4e7b7cec7395b679edc4","name":"Julien","image":{"@type":"ImageObject","inLanguage":"fr-BE","@id":"https:\/\/vieassociative.be\/actualites\/#\/schema\/person\/image\/","url":"https:\/\/vieassociative.be\/actualites\/wp-content\/uploads\/2024\/09\/vie-associative-1-150x150.jpg","contentUrl":"https:\/\/vieassociative.be\/actualites\/wp-content\/uploads\/2024\/09\/vie-associative-1-150x150.jpg","caption":"Julien"},"description":"Je suis Julien, r\u00e9dacteur pour Vie Associative. Passionn\u00e9 par le monde associatif depuis plus de 10 ans, j'ai \u00e0 c\u0153ur de partager des histoires inspirantes et de mettre en lumi\u00e8re les initiatives locales. Mon objectif est de sensibiliser et d'encourager l'engagement communautaire \u00e0 travers mes articles.","sameAs":["https:\/\/vieassociative.be\/"]}]}},"_links":{"self":[{"href":"https:\/\/vieassociative.be\/actualites\/wp-json\/wp\/v2\/posts\/13307"}],"collection":[{"href":"https:\/\/vieassociative.be\/actualites\/wp-json\/wp\/v2\/posts"}],"about":[{"href":"https:\/\/vieassociative.be\/actualites\/wp-json\/wp\/v2\/types\/post"}],"author":[{"embeddable":true,"href":"https:\/\/vieassociative.be\/actualites\/wp-json\/wp\/v2\/users\/1"}],"replies":[{"embeddable":true,"href":"https:\/\/vieassociative.be\/actualites\/wp-json\/wp\/v2\/comments?post=13307"}],"version-history":[{"count":0,"href":"https:\/\/vieassociative.be\/actualites\/wp-json\/wp\/v2\/posts\/13307\/revisions"}],"wp:featuredmedia":[{"embeddable":true,"href":"https:\/\/vieassociative.be\/actualites\/wp-json\/wp\/v2\/media\/4839"}],"wp:attachment":[{"href":"https:\/\/vieassociative.be\/actualites\/wp-json\/wp\/v2\/media?parent=13307"}],"wp:term":[{"taxonomy":"category","embeddable":true,"href":"https:\/\/vieassociative.be\/actualites\/wp-json\/wp\/v2\/categories?post=13307"},{"taxonomy":"post_tag","embeddable":true,"href":"https:\/\/vieassociative.be\/actualites\/wp-json\/wp\/v2\/tags?post=13307"}],"curies":[{"name":"wp","href":"https:\/\/api.w.org\/{rel}","templated":true}]}}