{"id":13305,"date":"2026-04-03T22:17:22","date_gmt":"2026-04-03T20:17:22","guid":{"rendered":"https:\/\/vieassociative.be\/actualites\/google-meet-est-desormais-disponible-dans-carplay\/"},"modified":"2026-04-03T22:17:22","modified_gmt":"2026-04-03T20:17:22","slug":"google-meet-est-desormais-disponible-dans-carplay","status":"publish","type":"post","link":"https:\/\/vieassociative.be\/actualites\/google-meet-est-desormais-disponible-dans-carplay\/","title":{"rendered":"Google Meet est d\u00e9sormais disponible dans CarPlay"},"content":{"rendered":"<p>Prendre un appel depuis la route est une r\u00e9alit\u00e9 depuis l&rsquo;av\u00e8nement du t\u00e9l\u00e9phone de voiture, mais les entreprises technologiques continuent de trouver des moyens nouveaux et innovants pour rendre impossible l&rsquo;\u00e9vasion des r\u00e9unions. Bien que CarPlay et Android Auto int\u00e8grent les appels t\u00e9l\u00e9phoniques traditionnels dans leurs fonctionnalit\u00e9s et prennent en charge certaines autres applications d&rsquo;appel, Google Meet n&rsquo;a jamais \u00e9t\u00e9 pris en charge. Si vous avez un appel professionnel auquel vous devez participer lorsque vous \u00eates dans la voiture, vous devez soit suivre les \u00e9tapes potentiellement fastidieuses consistant \u00e0 d\u00e9connecter votre t\u00e9l\u00e9phone de la voiture et \u00e0 diffuser l&rsquo;appel via le t\u00e9l\u00e9phone lui-m\u00eame, soit, si c&rsquo;est une option, demander \u00e0 quelqu&rsquo;un d&rsquo;autre de prendre le volant pendant que vous vous connectez. <\/p>\n<p>Cela est en train de changer, du moins pour ceux d&rsquo;entre nous qui poss\u00e8dent un iPhone. Jeudi, Google a annonc\u00e9 que Google Meet \u00e9tait d\u00e9sormais disponible sur CarPlay. Bien s\u00fbr, cette int\u00e9gration signifie d\u00e9sormais que vous pouvez prendre des appels professionnels tout en conduisant (audio uniquement, bien s\u00fbr), mais CarPlay de Google Meet poss\u00e8de \u00e9galement des fonctionnalit\u00e9s suppl\u00e9mentaires. Selon Google, vous pourrez consulter votre emploi du temps \u00e0 venir dans l&rsquo;application et rejoindre des r\u00e9unions en appuyant dessus. C&rsquo;est \u00e9videmment utile lorsque vous essayez de rejoindre des r\u00e9unions sp\u00e9cifiques, mais, comme de nombreuses exp\u00e9riences CarPlay, je me demande s&rsquo;il se passe un peu trop de choses pour une application con\u00e7ue pour \u00eatre utilis\u00e9e en conduisant. <\/p>\n<div class=\"eloquent-imagery-image\">\n<div class=\"flex justify-center\">\n                    <img decoding=\"async\" class=\"border border-gray-100\" src=\"https:\/\/vieassociative.be\/actualites\/wp-content\/uploads\/2026\/04\/Google-Meet-est-desormais-disponible-dans-CarPlay.png\" alt=\"calendrier des appels Google Meet\" width=\"2000\" height=\"1109\" loading=\"lazy\">\n            <\/div>\n<div class=\"mt-2 font-akshar\">\n                            <span class=\"image-caption block text-sm leading-4 tracking-wide text-(#1F2937)\">C&rsquo;est pratique, mais je ne veux pas avoir d&rsquo;accident parce que quelqu&rsquo;un r\u00e9visait son emploi du temps de l&rsquo;apr\u00e8s-midi.<\/span><br \/>\n                                        <span class=\"mt-1 block font-sans text-xs tracking-normal text-gray-600\">Cr\u00e9dit : Google<\/span>\n                    <\/div>\n<\/p><\/div>\n<p>N\u00e9anmoins, Google Meet est d\u00e9sormais disponible pour les conducteurs, m\u00eame si Google insiste sur le fait qu&rsquo;aucune fonctionnalit\u00e9 vid\u00e9o n&rsquo;est pr\u00e9sente ici. Lorsque votre iPhone est connect\u00e9 \u00e0 CarPlay, votre cam\u00e9ra sera d\u00e9sactiv\u00e9e pendant les appels Google Meet et vous ne pourrez voir aucun des flux vid\u00e9o des autres appelants. La soci\u00e9t\u00e9 affirme que cette fonctionnalit\u00e9 est disponible pour tous les clients Google Workspace, les abonn\u00e9s Workspace Individual et les utilisateurs disposant de comptes Google pour un usage personnel. <\/p>\n<p>L&rsquo;omission la plus notable de cette liste d&rsquo;utilisateurs inclut ceux sur Android. Il s\u2019agit simplement d\u2019un autre cas curieux de Google d\u00e9ployant des fonctionnalit\u00e9s dans la version iPhone de son application avant le syst\u00e8me d\u2019exploitation qu\u2019il d\u00e9veloppe r\u00e9ellement en interne. On pourrait s\u2019attendre \u00e0 ce que les utilisateurs d\u2019Android b\u00e9n\u00e9ficient de cette fonctionnalit\u00e9 en m\u00eame temps qu\u2019iOS, voire plus t\u00f4t, mais Google doit avoir une raison. Il y a peut-\u00eatre plus d&rsquo;utilisateurs de Google Meet sur iOS que sur Android, mais quelle que soit la raison, les utilisateurs d&rsquo;Android devront attendre un peu plus longtemps pour participer \u00e0 des r\u00e9unions de travail via Android Auto. <\/p>\n<p>Google Meet est la deuxi\u00e8me grande annonce de CarPlay cette semaine. OpenAI a \u00e9galement annonc\u00e9 jeudi la prise en charge de ChatGPT pour CarPlay, \u00e0 la suite des modifications apport\u00e9es \u00e0 iOS 26.4 qui ouvrent la prise en charge des applications de chat AI. Lorsque je l\u2019ai test\u00e9, ChatGPT a imm\u00e9diatement hallucin\u00e9.  <\/p>\n","protected":false},"excerpt":{"rendered":"<p>Prendre un appel depuis la route est une r\u00e9alit\u00e9 depuis l&rsquo;av\u00e8nement du t\u00e9l\u00e9phone de voiture, mais les entreprises technologiques continuent de trouver des moyens nouveaux<\/p>\n","protected":false},"author":1,"featured_media":13306,"comment_status":"","ping_status":"","sticky":false,"template":"","format":"standard","meta":{"footnotes":""},"categories":[13],"tags":[7452,166,6,2886,76,968,10423],"class_list":["post-13305","post","type-post","status-publish","format-standard","has-post-thumbnail","hentry","category-technologie","tag-carplay","tag-dans","tag-desormais","tag-disponible","tag-est","tag-google","tag-meet","generate-columns","tablet-grid-50","mobile-grid-100","grid-parent","grid-33"],"yoast_head":"<!-- This site is optimized with the Yoast SEO plugin v24.0 - https:\/\/yoast.com\/wordpress\/plugins\/seo\/ -->\n<title>Google Meet est d\u00e9sormais disponible dans CarPlay | Vie Associative<\/title>\n<meta name=\"robots\" content=\"index, follow, max-snippet:-1, max-image-preview:large, max-video-preview:-1\" \/>\n<link rel=\"canonical\" href=\"https:\/\/vieassociative.be\/actualites\/google-meet-est-desormais-disponible-dans-carplay\/\" \/>\n<meta property=\"og:locale\" content=\"fr_FR\" \/>\n<meta property=\"og:type\" content=\"article\" \/>\n<meta property=\"og:title\" content=\"Google Meet est d\u00e9sormais disponible dans CarPlay | Vie Associative\" \/>\n<meta property=\"og:description\" content=\"Prendre un appel depuis la route est une r\u00e9alit\u00e9 depuis l&rsquo;av\u00e8nement du t\u00e9l\u00e9phone de voiture, mais les entreprises technologiques continuent de trouver des moyens nouveaux\" \/>\n<meta property=\"og:url\" content=\"https:\/\/vieassociative.be\/actualites\/google-meet-est-desormais-disponible-dans-carplay\/\" \/>\n<meta property=\"og:site_name\" content=\"Vie Associative\" \/>\n<meta property=\"article:published_time\" content=\"2026-04-03T20:17:22+00:00\" \/>\n<meta property=\"og:image\" content=\"https:\/\/vieassociative.be\/actualites\/wp-content\/uploads\/2026\/04\/Google-Meet-est-desormais-disponible-dans-CarPlay.png\" \/>\n<meta name=\"author\" content=\"Julien\" \/>\n<meta name=\"twitter:card\" content=\"summary_large_image\" \/>\n<meta name=\"twitter:label1\" content=\"\u00c9crit par\" \/>\n\t<meta name=\"twitter:data1\" content=\"Julien\" \/>\n\t<meta name=\"twitter:label2\" content=\"Dur\u00e9e de lecture est.\" \/>\n\t<meta name=\"twitter:data2\" content=\"3 minutes\" \/>\n<script type=\"application\/ld+json\" class=\"yoast-schema-graph\">{\"@context\":\"https:\/\/schema.org\",\"@graph\":[{\"@type\":\"Article\",\"@id\":\"https:\/\/vieassociative.be\/actualites\/google-meet-est-desormais-disponible-dans-carplay\/#article\",\"isPartOf\":{\"@id\":\"https:\/\/vieassociative.be\/actualites\/google-meet-est-desormais-disponible-dans-carplay\/\"},\"author\":{\"name\":\"Julien\",\"@id\":\"https:\/\/vieassociative.be\/actualites\/#\/schema\/person\/b87ac4f82f9d4e7b7cec7395b679edc4\"},\"headline\":\"Google Meet est d\u00e9sormais disponible dans CarPlay\",\"datePublished\":\"2026-04-03T20:17:22+00:00\",\"dateModified\":\"2026-04-03T20:17:22+00:00\",\"mainEntityOfPage\":{\"@id\":\"https:\/\/vieassociative.be\/actualites\/google-meet-est-desormais-disponible-dans-carplay\/\"},\"wordCount\":579,\"publisher\":{\"@id\":\"https:\/\/vieassociative.be\/actualites\/#organization\"},\"image\":{\"@id\":\"https:\/\/vieassociative.be\/actualites\/google-meet-est-desormais-disponible-dans-carplay\/#primaryimage\"},\"thumbnailUrl\":\"https:\/\/vieassociative.be\/actualites\/wp-content\/uploads\/2026\/04\/Google-Meet-est-desormais-disponible-dans-CarPlay.jpg\",\"keywords\":[\"carplay\",\"dans\",\"d\u00e9sormais\",\"disponible\",\"est\",\"Google\",\"Meet\"],\"articleSection\":[\"Technologie\"],\"inLanguage\":\"fr-BE\"},{\"@type\":\"WebPage\",\"@id\":\"https:\/\/vieassociative.be\/actualites\/google-meet-est-desormais-disponible-dans-carplay\/\",\"url\":\"https:\/\/vieassociative.be\/actualites\/google-meet-est-desormais-disponible-dans-carplay\/\",\"name\":\"Google Meet est d\u00e9sormais disponible dans CarPlay | Vie Associative\",\"isPartOf\":{\"@id\":\"https:\/\/vieassociative.be\/actualites\/#website\"},\"primaryImageOfPage\":{\"@id\":\"https:\/\/vieassociative.be\/actualites\/google-meet-est-desormais-disponible-dans-carplay\/#primaryimage\"},\"image\":{\"@id\":\"https:\/\/vieassociative.be\/actualites\/google-meet-est-desormais-disponible-dans-carplay\/#primaryimage\"},\"thumbnailUrl\":\"https:\/\/vieassociative.be\/actualites\/wp-content\/uploads\/2026\/04\/Google-Meet-est-desormais-disponible-dans-CarPlay.jpg\",\"datePublished\":\"2026-04-03T20:17:22+00:00\",\"dateModified\":\"2026-04-03T20:17:22+00:00\",\"breadcrumb\":{\"@id\":\"https:\/\/vieassociative.be\/actualites\/google-meet-est-desormais-disponible-dans-carplay\/#breadcrumb\"},\"inLanguage\":\"fr-BE\",\"potentialAction\":[{\"@type\":\"ReadAction\",\"target\":[\"https:\/\/vieassociative.be\/actualites\/google-meet-est-desormais-disponible-dans-carplay\/\"]}]},{\"@type\":\"ImageObject\",\"inLanguage\":\"fr-BE\",\"@id\":\"https:\/\/vieassociative.be\/actualites\/google-meet-est-desormais-disponible-dans-carplay\/#primaryimage\",\"url\":\"https:\/\/vieassociative.be\/actualites\/wp-content\/uploads\/2026\/04\/Google-Meet-est-desormais-disponible-dans-CarPlay.jpg\",\"contentUrl\":\"https:\/\/vieassociative.be\/actualites\/wp-content\/uploads\/2026\/04\/Google-Meet-est-desormais-disponible-dans-CarPlay.jpg\",\"width\":1200,\"height\":675,\"caption\":\"Google Meet est d\u00e9sormais disponible dans CarPlay\"},{\"@type\":\"BreadcrumbList\",\"@id\":\"https:\/\/vieassociative.be\/actualites\/google-meet-est-desormais-disponible-dans-carplay\/#breadcrumb\",\"itemListElement\":[{\"@type\":\"ListItem\",\"position\":1,\"name\":\"Accueil\",\"item\":\"https:\/\/vieassociative.be\/actualites\/\"},{\"@type\":\"ListItem\",\"position\":2,\"name\":\"Google Meet est d\u00e9sormais disponible dans CarPlay\"}]},{\"@type\":\"WebSite\",\"@id\":\"https:\/\/vieassociative.be\/actualites\/#website\",\"url\":\"https:\/\/vieassociative.be\/actualites\/\",\"name\":\"Vie Associative\",\"description\":\"\",\"publisher\":{\"@id\":\"https:\/\/vieassociative.be\/actualites\/#organization\"},\"potentialAction\":[{\"@type\":\"SearchAction\",\"target\":{\"@type\":\"EntryPoint\",\"urlTemplate\":\"https:\/\/vieassociative.be\/actualites\/?s={search_term_string}\"},\"query-input\":{\"@type\":\"PropertyValueSpecification\",\"valueRequired\":true,\"valueName\":\"search_term_string\"}}],\"inLanguage\":\"fr-BE\"},{\"@type\":\"Organization\",\"@id\":\"https:\/\/vieassociative.be\/actualites\/#organization\",\"name\":\"Vie Associative\",\"url\":\"https:\/\/vieassociative.be\/actualites\/\",\"logo\":{\"@type\":\"ImageObject\",\"inLanguage\":\"fr-BE\",\"@id\":\"https:\/\/vieassociative.be\/actualites\/#\/schema\/logo\/image\/\",\"url\":\"https:\/\/vieassociative.be\/actualites\/wp-content\/uploads\/2024\/09\/cropped-vieassociative_favicon.ico.png\",\"contentUrl\":\"https:\/\/vieassociative.be\/actualites\/wp-content\/uploads\/2024\/09\/cropped-vieassociative_favicon.ico.png\",\"width\":512,\"height\":512,\"caption\":\"Vie Associative\"},\"image\":{\"@id\":\"https:\/\/vieassociative.be\/actualites\/#\/schema\/logo\/image\/\"}},{\"@type\":\"Person\",\"@id\":\"https:\/\/vieassociative.be\/actualites\/#\/schema\/person\/b87ac4f82f9d4e7b7cec7395b679edc4\",\"name\":\"Julien\",\"image\":{\"@type\":\"ImageObject\",\"inLanguage\":\"fr-BE\",\"@id\":\"https:\/\/vieassociative.be\/actualites\/#\/schema\/person\/image\/\",\"url\":\"https:\/\/vieassociative.be\/actualites\/wp-content\/uploads\/2024\/09\/vie-associative-1-150x150.jpg\",\"contentUrl\":\"https:\/\/vieassociative.be\/actualites\/wp-content\/uploads\/2024\/09\/vie-associative-1-150x150.jpg\",\"caption\":\"Julien\"},\"description\":\"Je suis Julien, r\u00e9dacteur pour Vie Associative. Passionn\u00e9 par le monde associatif depuis plus de 10 ans, j'ai \u00e0 c\u0153ur de partager des histoires inspirantes et de mettre en lumi\u00e8re les initiatives locales. Mon objectif est de sensibiliser et d'encourager l'engagement communautaire \u00e0 travers mes articles.\",\"sameAs\":[\"https:\/\/vieassociative.be\/\"]}]}<\/script>\n<!-- \/ Yoast SEO plugin. -->","yoast_head_json":{"title":"Google Meet est d\u00e9sormais disponible dans CarPlay | Vie Associative","robots":{"index":"index","follow":"follow","max-snippet":"max-snippet:-1","max-image-preview":"max-image-preview:large","max-video-preview":"max-video-preview:-1"},"canonical":"https:\/\/vieassociative.be\/actualites\/google-meet-est-desormais-disponible-dans-carplay\/","og_locale":"fr_FR","og_type":"article","og_title":"Google Meet est d\u00e9sormais disponible dans CarPlay | Vie Associative","og_description":"Prendre un appel depuis la route est une r\u00e9alit\u00e9 depuis l&rsquo;av\u00e8nement du t\u00e9l\u00e9phone de voiture, mais les entreprises technologiques continuent de trouver des moyens nouveaux","og_url":"https:\/\/vieassociative.be\/actualites\/google-meet-est-desormais-disponible-dans-carplay\/","og_site_name":"Vie Associative","article_published_time":"2026-04-03T20:17:22+00:00","og_image":[{"url":"https:\/\/vieassociative.be\/actualites\/wp-content\/uploads\/2026\/04\/Google-Meet-est-desormais-disponible-dans-CarPlay.png","type":"","width":"","height":""}],"author":"Julien","twitter_card":"summary_large_image","twitter_misc":{"\u00c9crit par":"Julien","Dur\u00e9e de lecture est.":"3 minutes"},"schema":{"@context":"https:\/\/schema.org","@graph":[{"@type":"Article","@id":"https:\/\/vieassociative.be\/actualites\/google-meet-est-desormais-disponible-dans-carplay\/#article","isPartOf":{"@id":"https:\/\/vieassociative.be\/actualites\/google-meet-est-desormais-disponible-dans-carplay\/"},"author":{"name":"Julien","@id":"https:\/\/vieassociative.be\/actualites\/#\/schema\/person\/b87ac4f82f9d4e7b7cec7395b679edc4"},"headline":"Google Meet est d\u00e9sormais disponible dans CarPlay","datePublished":"2026-04-03T20:17:22+00:00","dateModified":"2026-04-03T20:17:22+00:00","mainEntityOfPage":{"@id":"https:\/\/vieassociative.be\/actualites\/google-meet-est-desormais-disponible-dans-carplay\/"},"wordCount":579,"publisher":{"@id":"https:\/\/vieassociative.be\/actualites\/#organization"},"image":{"@id":"https:\/\/vieassociative.be\/actualites\/google-meet-est-desormais-disponible-dans-carplay\/#primaryimage"},"thumbnailUrl":"https:\/\/vieassociative.be\/actualites\/wp-content\/uploads\/2026\/04\/Google-Meet-est-desormais-disponible-dans-CarPlay.jpg","keywords":["carplay","dans","d\u00e9sormais","disponible","est","Google","Meet"],"articleSection":["Technologie"],"inLanguage":"fr-BE"},{"@type":"WebPage","@id":"https:\/\/vieassociative.be\/actualites\/google-meet-est-desormais-disponible-dans-carplay\/","url":"https:\/\/vieassociative.be\/actualites\/google-meet-est-desormais-disponible-dans-carplay\/","name":"Google Meet est d\u00e9sormais disponible dans CarPlay | Vie Associative","isPartOf":{"@id":"https:\/\/vieassociative.be\/actualites\/#website"},"primaryImageOfPage":{"@id":"https:\/\/vieassociative.be\/actualites\/google-meet-est-desormais-disponible-dans-carplay\/#primaryimage"},"image":{"@id":"https:\/\/vieassociative.be\/actualites\/google-meet-est-desormais-disponible-dans-carplay\/#primaryimage"},"thumbnailUrl":"https:\/\/vieassociative.be\/actualites\/wp-content\/uploads\/2026\/04\/Google-Meet-est-desormais-disponible-dans-CarPlay.jpg","datePublished":"2026-04-03T20:17:22+00:00","dateModified":"2026-04-03T20:17:22+00:00","breadcrumb":{"@id":"https:\/\/vieassociative.be\/actualites\/google-meet-est-desormais-disponible-dans-carplay\/#breadcrumb"},"inLanguage":"fr-BE","potentialAction":[{"@type":"ReadAction","target":["https:\/\/vieassociative.be\/actualites\/google-meet-est-desormais-disponible-dans-carplay\/"]}]},{"@type":"ImageObject","inLanguage":"fr-BE","@id":"https:\/\/vieassociative.be\/actualites\/google-meet-est-desormais-disponible-dans-carplay\/#primaryimage","url":"https:\/\/vieassociative.be\/actualites\/wp-content\/uploads\/2026\/04\/Google-Meet-est-desormais-disponible-dans-CarPlay.jpg","contentUrl":"https:\/\/vieassociative.be\/actualites\/wp-content\/uploads\/2026\/04\/Google-Meet-est-desormais-disponible-dans-CarPlay.jpg","width":1200,"height":675,"caption":"Google Meet est d\u00e9sormais disponible dans CarPlay"},{"@type":"BreadcrumbList","@id":"https:\/\/vieassociative.be\/actualites\/google-meet-est-desormais-disponible-dans-carplay\/#breadcrumb","itemListElement":[{"@type":"ListItem","position":1,"name":"Accueil","item":"https:\/\/vieassociative.be\/actualites\/"},{"@type":"ListItem","position":2,"name":"Google Meet est d\u00e9sormais disponible dans CarPlay"}]},{"@type":"WebSite","@id":"https:\/\/vieassociative.be\/actualites\/#website","url":"https:\/\/vieassociative.be\/actualites\/","name":"Vie Associative","description":"","publisher":{"@id":"https:\/\/vieassociative.be\/actualites\/#organization"},"potentialAction":[{"@type":"SearchAction","target":{"@type":"EntryPoint","urlTemplate":"https:\/\/vieassociative.be\/actualites\/?s={search_term_string}"},"query-input":{"@type":"PropertyValueSpecification","valueRequired":true,"valueName":"search_term_string"}}],"inLanguage":"fr-BE"},{"@type":"Organization","@id":"https:\/\/vieassociative.be\/actualites\/#organization","name":"Vie Associative","url":"https:\/\/vieassociative.be\/actualites\/","logo":{"@type":"ImageObject","inLanguage":"fr-BE","@id":"https:\/\/vieassociative.be\/actualites\/#\/schema\/logo\/image\/","url":"https:\/\/vieassociative.be\/actualites\/wp-content\/uploads\/2024\/09\/cropped-vieassociative_favicon.ico.png","contentUrl":"https:\/\/vieassociative.be\/actualites\/wp-content\/uploads\/2024\/09\/cropped-vieassociative_favicon.ico.png","width":512,"height":512,"caption":"Vie Associative"},"image":{"@id":"https:\/\/vieassociative.be\/actualites\/#\/schema\/logo\/image\/"}},{"@type":"Person","@id":"https:\/\/vieassociative.be\/actualites\/#\/schema\/person\/b87ac4f82f9d4e7b7cec7395b679edc4","name":"Julien","image":{"@type":"ImageObject","inLanguage":"fr-BE","@id":"https:\/\/vieassociative.be\/actualites\/#\/schema\/person\/image\/","url":"https:\/\/vieassociative.be\/actualites\/wp-content\/uploads\/2024\/09\/vie-associative-1-150x150.jpg","contentUrl":"https:\/\/vieassociative.be\/actualites\/wp-content\/uploads\/2024\/09\/vie-associative-1-150x150.jpg","caption":"Julien"},"description":"Je suis Julien, r\u00e9dacteur pour Vie Associative. Passionn\u00e9 par le monde associatif depuis plus de 10 ans, j'ai \u00e0 c\u0153ur de partager des histoires inspirantes et de mettre en lumi\u00e8re les initiatives locales. Mon objectif est de sensibiliser et d'encourager l'engagement communautaire \u00e0 travers mes articles.","sameAs":["https:\/\/vieassociative.be\/"]}]}},"_links":{"self":[{"href":"https:\/\/vieassociative.be\/actualites\/wp-json\/wp\/v2\/posts\/13305"}],"collection":[{"href":"https:\/\/vieassociative.be\/actualites\/wp-json\/wp\/v2\/posts"}],"about":[{"href":"https:\/\/vieassociative.be\/actualites\/wp-json\/wp\/v2\/types\/post"}],"author":[{"embeddable":true,"href":"https:\/\/vieassociative.be\/actualites\/wp-json\/wp\/v2\/users\/1"}],"replies":[{"embeddable":true,"href":"https:\/\/vieassociative.be\/actualites\/wp-json\/wp\/v2\/comments?post=13305"}],"version-history":[{"count":0,"href":"https:\/\/vieassociative.be\/actualites\/wp-json\/wp\/v2\/posts\/13305\/revisions"}],"wp:featuredmedia":[{"embeddable":true,"href":"https:\/\/vieassociative.be\/actualites\/wp-json\/wp\/v2\/media\/13306"}],"wp:attachment":[{"href":"https:\/\/vieassociative.be\/actualites\/wp-json\/wp\/v2\/media?parent=13305"}],"wp:term":[{"taxonomy":"category","embeddable":true,"href":"https:\/\/vieassociative.be\/actualites\/wp-json\/wp\/v2\/categories?post=13305"},{"taxonomy":"post_tag","embeddable":true,"href":"https:\/\/vieassociative.be\/actualites\/wp-json\/wp\/v2\/tags?post=13305"}],"curies":[{"name":"wp","href":"https:\/\/api.w.org\/{rel}","templated":true}]}}