{"id":13303,"date":"2026-04-03T17:19:14","date_gmt":"2026-04-03T15:19:14","guid":{"rendered":"https:\/\/vieassociative.be\/actualites\/le-groupe-vivant-tire-la-sonnette-dalarme-le-ministre-de-la-dette-paasch-entraine-la-dg-de-plus-en-plus-profondement-dans-un-fiasco-financier\/"},"modified":"2026-04-03T17:19:14","modified_gmt":"2026-04-03T15:19:14","slug":"le-groupe-vivant-tire-la-sonnette-dalarme-le-ministre-de-la-dette-paasch-entraine-la-dg-de-plus-en-plus-profondement-dans-un-fiasco-financier","status":"publish","type":"post","link":"https:\/\/vieassociative.be\/actualites\/le-groupe-vivant-tire-la-sonnette-dalarme-le-ministre-de-la-dette-paasch-entraine-la-dg-de-plus-en-plus-profondement-dans-un-fiasco-financier\/","title":{"rendered":"Le groupe Vivant tire la sonnette d\u2019alarme : \u00ab Le ministre de la Dette Paasch entra\u00eene la DG de plus en plus profond\u00e9ment dans un fiasco financier \u00bb"},"content":{"rendered":"<p><strong>Selon le groupe Vivant, la situation financi\u00e8re de la DG devient de plus en plus alarmante. La dette totale s&rsquo;\u00e9l\u00e8verait d\u00e9sormais \u00e0 1,388 milliard d&rsquo;euros, soit pr\u00e8s de 1,4 milliard d&rsquo;euros, rapportent les quatre membres du groupe parlementaire Michael Balter, Diana Stiel, Elena Peters et Marco Hoffmann.<\/strong><\/p>\n<p><span id=\"more-438134\"><\/span>Dans le m\u00eame temps, selon Vivant, non seulement les paiements d\u2019int\u00e9r\u00eats explosent, mais aussi les co\u00fbts suppl\u00e9mentaires des emprunts. \u00ab\u00a0Les int\u00e9r\u00eats \u00e0 eux seuls consomment d\u00e9sormais des sommes encore plus \u00e9lev\u00e9es que les d\u00e9penses totales des m\u00e9nages des personnes \u00e2g\u00e9es. Quiconque continue \u00e0 minimiser cette \u00e9volution ignore la gravit\u00e9 de la situation.\u00a0\u00bb<\/p>\n<p>Cette politique co\u00fbte d\u00e9sormais tr\u00e8s cher aux citoyens, poursuit le communiqu\u00e9 de l&rsquo;opposition : \u00ab Rien qu&rsquo;en 2024, les frais bancaires se sont \u00e9lev\u00e9s \u00e0 8.005.235 euros. Pour 2025, ce sont 3.156.083 euros qui seront factur\u00e9s.<\/p>\n<div id=\"attachment_428711\" class=\"wp-caption alignleft\" style=\"max-width: 300px\"><img fetchpriority=\"high\" decoding=\"async\" class=\"wp-image-428711 size-medium\" src=\"https:\/\/vieassociative.be\/actualites\/wp-content\/uploads\/2025\/11\/Vivant-souhaite-deplacer-les-journees-de-conference-vers-des-heures.jpg\" alt=\"\" width=\"300\" height=\"200\"  ><\/div>\n<p>La d\u00e9claration de Vivant continue : \u00ab Dans sa r\u00e9ponse, le gouvernement confirme par \u00e9crit que les int\u00e9r\u00eats sont enregistr\u00e9s dans la comptabilit\u00e9 financi\u00e8re dans le compte g\u00e9n\u00e9ral 650 000, tandis que les co\u00fbts suppl\u00e9mentaires d&#8217;emprunt apparaissent dans le compte g\u00e9n\u00e9ral 658 000 comme \u00ab frais bancaires \u00bb.<\/p>\n<p>Selon Vivant, DG a pay\u00e9 plus de 7,4 millions d&rsquo;euros de frais bancaires et d&rsquo;\u00e9mission suppl\u00e9mentaires en seulement deux ans, rien que pour \u00e9mettre de nouveaux billets \u00e0 ordre. \u00ab\u00a0Il devient de plus en plus clair que le public ne voit qu&rsquo;une partie de la v\u00e9rit\u00e9. Officiellement, on parle d&rsquo;int\u00e9r\u00eats. En fait, il y a une deuxi\u00e8me avalanche de co\u00fbts constitu\u00e9s de frais, de r\u00e9ductions et de frais bancaires. Le public se voit proposer un taux d&rsquo;int\u00e9r\u00eat, tandis qu&rsquo;une partie importante des co\u00fbts de financement r\u00e9els est externalis\u00e9e. \u00ab\u00a0Ce n&rsquo;est pas transparent, ce n&rsquo;est certainement pas honn\u00eate.\u00a0\u00bb<\/p>\n<div id=\"attachment_413046\" class=\"wp-caption alignleft\" style=\"max-width: 300px\"><img decoding=\"async\" class=\"wp-image-413046 size-medium\" src=\"https:\/\/vieassociative.be\/actualites\/wp-content\/uploads\/2026\/04\/Le-groupe-Vivant-tire-la-sonnette-dalarme-Le.jpg\" alt=\"\" width=\"300\" height=\"200\"  ><\/div>\n<p>Pour Michael Balter, Diana Stiel, Elena Peters et Marco Hoffmann, c&rsquo;est clair : \u00ab\u00a0Arr\u00eatez cet \u00e9cran de fum\u00e9e de politique financi\u00e8re. Arr\u00eatez les frais sans plafond. Arr\u00eatez un syst\u00e8me dans lequel de nouvelles dettes sont constamment contract\u00e9es tandis que les co\u00fbts totaux r\u00e9els disparaissent dans les petits caract\u00e8res.\u00a0\u00bb Quiconque g\u00e8re des fonds publics doit divulguer le co\u00fbt r\u00e9el de chaque financement individuel. Tout le reste est blanchi aux d\u00e9pens du contribuable.<\/p>\n<p>Il n\u2019est pas possible que la DG insiste sur l\u2019\u00e9pargne des citoyens, des familles ou des \u00e9tablissements de soins, alors que des millions sont d\u00e9pens\u00e9s presque silencieusement en frais de financement. \u00ab\u00a0Il s&rsquo;agit d&rsquo;une politique financi\u00e8re dangereuse. Quiconque accumule pr\u00e8s de 1,4 milliard d&rsquo;euros de dettes ne devrait pas se contenter de montrer aux gens une partie de la facture.\u00a0\u00bb Vivant conclut que quiconque g\u00e8re l&rsquo;argent public de cette mani\u00e8re met par n\u00e9gligence en danger l&rsquo;avenir financier de l&rsquo;Est de la Belgique. (cr\u00e9er)<\/p>\n","protected":false},"excerpt":{"rendered":"<p>Selon le groupe Vivant, la situation financi\u00e8re de la DG devient de plus en plus alarmante. La dette totale s&rsquo;\u00e9l\u00e8verait d\u00e9sormais \u00e0 1,388 milliard d&rsquo;euros,<\/p>\n","protected":false},"author":1,"featured_media":13304,"comment_status":"","ping_status":"","sticky":false,"template":"","format":"standard","meta":{"footnotes":""},"categories":[298],"tags":[1120,166,2609,10118,10422,4125,1827,1245,2553,10421,5520,4476,3138],"class_list":["post-13303","post","type-post","status-publish","format-standard","has-post-thumbnail","hentry","category-belgique","tag-dalarme","tag-dans","tag-dette","tag-entraine","tag-fiasco","tag-financier","tag-groupe","tag-ministre","tag-paasch","tag-profondement","tag-sonnette","tag-tire","tag-vivant","generate-columns","tablet-grid-50","mobile-grid-100","grid-parent","grid-33"],"yoast_head":"<!-- This site is optimized with the Yoast SEO plugin v24.0 - https:\/\/yoast.com\/wordpress\/plugins\/seo\/ -->\n<title>Le groupe Vivant tire la sonnette d\u2019alarme : \u00ab Le ministre de la Dette Paasch entra\u00eene la DG de plus en plus profond\u00e9ment dans un fiasco financier \u00bb | Vie Associative<\/title>\n<meta name=\"robots\" content=\"index, follow, max-snippet:-1, max-image-preview:large, max-video-preview:-1\" \/>\n<link rel=\"canonical\" href=\"https:\/\/vieassociative.be\/actualites\/le-groupe-vivant-tire-la-sonnette-dalarme-le-ministre-de-la-dette-paasch-entraine-la-dg-de-plus-en-plus-profondement-dans-un-fiasco-financier\/\" \/>\n<meta property=\"og:locale\" content=\"fr_FR\" \/>\n<meta property=\"og:type\" content=\"article\" \/>\n<meta property=\"og:title\" content=\"Le groupe Vivant tire la sonnette d\u2019alarme : \u00ab Le ministre de la Dette Paasch entra\u00eene la DG de plus en plus profond\u00e9ment dans un fiasco financier \u00bb | Vie Associative\" \/>\n<meta property=\"og:description\" content=\"Selon le groupe Vivant, la situation financi\u00e8re de la DG devient de plus en plus alarmante. La dette totale s&rsquo;\u00e9l\u00e8verait d\u00e9sormais \u00e0 1,388 milliard d&rsquo;euros,\" \/>\n<meta property=\"og:url\" content=\"https:\/\/vieassociative.be\/actualites\/le-groupe-vivant-tire-la-sonnette-dalarme-le-ministre-de-la-dette-paasch-entraine-la-dg-de-plus-en-plus-profondement-dans-un-fiasco-financier\/\" \/>\n<meta property=\"og:site_name\" content=\"Vie Associative\" \/>\n<meta property=\"article:published_time\" content=\"2026-04-03T15:19:14+00:00\" \/>\n<meta property=\"og:image\" content=\"https:\/\/vieassociative.be\/actualites\/wp-content\/uploads\/2024\/09\/header_backgroundk-01-e1726694325946.png\" \/>\n\t<meta property=\"og:image:width\" content=\"279\" \/>\n\t<meta property=\"og:image:height\" content=\"92\" \/>\n\t<meta property=\"og:image:type\" content=\"image\/png\" \/>\n<meta name=\"author\" content=\"Julien\" \/>\n<meta name=\"twitter:card\" content=\"summary_large_image\" \/>\n<meta name=\"twitter:label1\" content=\"\u00c9crit par\" \/>\n\t<meta name=\"twitter:data1\" content=\"Julien\" \/>\n\t<meta name=\"twitter:label2\" content=\"Dur\u00e9e de lecture est.\" \/>\n\t<meta name=\"twitter:data2\" content=\"2 minutes\" \/>\n<script type=\"application\/ld+json\" class=\"yoast-schema-graph\">{\"@context\":\"https:\/\/schema.org\",\"@graph\":[{\"@type\":\"Article\",\"@id\":\"https:\/\/vieassociative.be\/actualites\/le-groupe-vivant-tire-la-sonnette-dalarme-le-ministre-de-la-dette-paasch-entraine-la-dg-de-plus-en-plus-profondement-dans-un-fiasco-financier\/#article\",\"isPartOf\":{\"@id\":\"https:\/\/vieassociative.be\/actualites\/le-groupe-vivant-tire-la-sonnette-dalarme-le-ministre-de-la-dette-paasch-entraine-la-dg-de-plus-en-plus-profondement-dans-un-fiasco-financier\/\"},\"author\":{\"name\":\"Julien\",\"@id\":\"https:\/\/vieassociative.be\/actualites\/#\/schema\/person\/b87ac4f82f9d4e7b7cec7395b679edc4\"},\"headline\":\"Le groupe Vivant tire la sonnette d\u2019alarme : \u00ab Le ministre de la Dette Paasch entra\u00eene la DG de plus en plus profond\u00e9ment dans un fiasco financier \u00bb\",\"datePublished\":\"2026-04-03T15:19:14+00:00\",\"dateModified\":\"2026-04-03T15:19:14+00:00\",\"mainEntityOfPage\":{\"@id\":\"https:\/\/vieassociative.be\/actualites\/le-groupe-vivant-tire-la-sonnette-dalarme-le-ministre-de-la-dette-paasch-entraine-la-dg-de-plus-en-plus-profondement-dans-un-fiasco-financier\/\"},\"wordCount\":531,\"publisher\":{\"@id\":\"https:\/\/vieassociative.be\/actualites\/#organization\"},\"image\":{\"@id\":\"https:\/\/vieassociative.be\/actualites\/le-groupe-vivant-tire-la-sonnette-dalarme-le-ministre-de-la-dette-paasch-entraine-la-dg-de-plus-en-plus-profondement-dans-un-fiasco-financier\/#primaryimage\"},\"thumbnailUrl\":\"https:\/\/vieassociative.be\/actualites\/wp-content\/uploads\/2026\/04\/Le-groupe-Vivant-tire-la-sonnette-dalarme-Le.jpeg\",\"keywords\":[\"dalarme\",\"dans\",\"dette\",\"entra\u00een\u00e9\",\"fiasco\",\"financier\",\"groupe\",\"ministre\",\"Paasch\",\"profond\u00e9ment\",\"sonnette\",\"tir\u00e9\",\"Vivant\"],\"articleSection\":[\"Belgique\"],\"inLanguage\":\"fr-BE\"},{\"@type\":\"WebPage\",\"@id\":\"https:\/\/vieassociative.be\/actualites\/le-groupe-vivant-tire-la-sonnette-dalarme-le-ministre-de-la-dette-paasch-entraine-la-dg-de-plus-en-plus-profondement-dans-un-fiasco-financier\/\",\"url\":\"https:\/\/vieassociative.be\/actualites\/le-groupe-vivant-tire-la-sonnette-dalarme-le-ministre-de-la-dette-paasch-entraine-la-dg-de-plus-en-plus-profondement-dans-un-fiasco-financier\/\",\"name\":\"Le groupe Vivant tire la sonnette d\u2019alarme : \u00ab Le ministre de la Dette Paasch entra\u00eene la DG de plus en plus profond\u00e9ment dans un fiasco financier \u00bb | Vie Associative\",\"isPartOf\":{\"@id\":\"https:\/\/vieassociative.be\/actualites\/#website\"},\"primaryImageOfPage\":{\"@id\":\"https:\/\/vieassociative.be\/actualites\/le-groupe-vivant-tire-la-sonnette-dalarme-le-ministre-de-la-dette-paasch-entraine-la-dg-de-plus-en-plus-profondement-dans-un-fiasco-financier\/#primaryimage\"},\"image\":{\"@id\":\"https:\/\/vieassociative.be\/actualites\/le-groupe-vivant-tire-la-sonnette-dalarme-le-ministre-de-la-dette-paasch-entraine-la-dg-de-plus-en-plus-profondement-dans-un-fiasco-financier\/#primaryimage\"},\"thumbnailUrl\":\"https:\/\/vieassociative.be\/actualites\/wp-content\/uploads\/2026\/04\/Le-groupe-Vivant-tire-la-sonnette-dalarme-Le.jpeg\",\"datePublished\":\"2026-04-03T15:19:14+00:00\",\"dateModified\":\"2026-04-03T15:19:14+00:00\",\"breadcrumb\":{\"@id\":\"https:\/\/vieassociative.be\/actualites\/le-groupe-vivant-tire-la-sonnette-dalarme-le-ministre-de-la-dette-paasch-entraine-la-dg-de-plus-en-plus-profondement-dans-un-fiasco-financier\/#breadcrumb\"},\"inLanguage\":\"fr-BE\",\"potentialAction\":[{\"@type\":\"ReadAction\",\"target\":[\"https:\/\/vieassociative.be\/actualites\/le-groupe-vivant-tire-la-sonnette-dalarme-le-ministre-de-la-dette-paasch-entraine-la-dg-de-plus-en-plus-profondement-dans-un-fiasco-financier\/\"]}]},{\"@type\":\"ImageObject\",\"inLanguage\":\"fr-BE\",\"@id\":\"https:\/\/vieassociative.be\/actualites\/le-groupe-vivant-tire-la-sonnette-dalarme-le-ministre-de-la-dette-paasch-entraine-la-dg-de-plus-en-plus-profondement-dans-un-fiasco-financier\/#primaryimage\",\"url\":\"https:\/\/vieassociative.be\/actualites\/wp-content\/uploads\/2026\/04\/Le-groupe-Vivant-tire-la-sonnette-dalarme-Le.jpeg\",\"contentUrl\":\"https:\/\/vieassociative.be\/actualites\/wp-content\/uploads\/2026\/04\/Le-groupe-Vivant-tire-la-sonnette-dalarme-Le.jpeg\",\"width\":1000,\"height\":667,\"caption\":\"Le groupe Vivant tire la sonnette d\u2019alarme : \u00ab Le ministre de la Dette Paasch entra\u00eene la DG de plus en plus profond\u00e9ment dans un fiasco financier \u00bb\"},{\"@type\":\"BreadcrumbList\",\"@id\":\"https:\/\/vieassociative.be\/actualites\/le-groupe-vivant-tire-la-sonnette-dalarme-le-ministre-de-la-dette-paasch-entraine-la-dg-de-plus-en-plus-profondement-dans-un-fiasco-financier\/#breadcrumb\",\"itemListElement\":[{\"@type\":\"ListItem\",\"position\":1,\"name\":\"Accueil\",\"item\":\"https:\/\/vieassociative.be\/actualites\/\"},{\"@type\":\"ListItem\",\"position\":2,\"name\":\"Le groupe Vivant tire la sonnette d\u2019alarme : \u00ab Le ministre de la Dette Paasch entra\u00eene la DG de plus en plus profond\u00e9ment dans un fiasco financier \u00bb\"}]},{\"@type\":\"WebSite\",\"@id\":\"https:\/\/vieassociative.be\/actualites\/#website\",\"url\":\"https:\/\/vieassociative.be\/actualites\/\",\"name\":\"Vie Associative\",\"description\":\"\",\"publisher\":{\"@id\":\"https:\/\/vieassociative.be\/actualites\/#organization\"},\"potentialAction\":[{\"@type\":\"SearchAction\",\"target\":{\"@type\":\"EntryPoint\",\"urlTemplate\":\"https:\/\/vieassociative.be\/actualites\/?s={search_term_string}\"},\"query-input\":{\"@type\":\"PropertyValueSpecification\",\"valueRequired\":true,\"valueName\":\"search_term_string\"}}],\"inLanguage\":\"fr-BE\"},{\"@type\":\"Organization\",\"@id\":\"https:\/\/vieassociative.be\/actualites\/#organization\",\"name\":\"Vie Associative\",\"url\":\"https:\/\/vieassociative.be\/actualites\/\",\"logo\":{\"@type\":\"ImageObject\",\"inLanguage\":\"fr-BE\",\"@id\":\"https:\/\/vieassociative.be\/actualites\/#\/schema\/logo\/image\/\",\"url\":\"https:\/\/vieassociative.be\/actualites\/wp-content\/uploads\/2024\/09\/cropped-vieassociative_favicon.ico.png\",\"contentUrl\":\"https:\/\/vieassociative.be\/actualites\/wp-content\/uploads\/2024\/09\/cropped-vieassociative_favicon.ico.png\",\"width\":512,\"height\":512,\"caption\":\"Vie Associative\"},\"image\":{\"@id\":\"https:\/\/vieassociative.be\/actualites\/#\/schema\/logo\/image\/\"}},{\"@type\":\"Person\",\"@id\":\"https:\/\/vieassociative.be\/actualites\/#\/schema\/person\/b87ac4f82f9d4e7b7cec7395b679edc4\",\"name\":\"Julien\",\"image\":{\"@type\":\"ImageObject\",\"inLanguage\":\"fr-BE\",\"@id\":\"https:\/\/vieassociative.be\/actualites\/#\/schema\/person\/image\/\",\"url\":\"https:\/\/vieassociative.be\/actualites\/wp-content\/uploads\/2024\/09\/vie-associative-1-150x150.jpg\",\"contentUrl\":\"https:\/\/vieassociative.be\/actualites\/wp-content\/uploads\/2024\/09\/vie-associative-1-150x150.jpg\",\"caption\":\"Julien\"},\"description\":\"Je suis Julien, r\u00e9dacteur pour Vie Associative. Passionn\u00e9 par le monde associatif depuis plus de 10 ans, j'ai \u00e0 c\u0153ur de partager des histoires inspirantes et de mettre en lumi\u00e8re les initiatives locales. Mon objectif est de sensibiliser et d'encourager l'engagement communautaire \u00e0 travers mes articles.\",\"sameAs\":[\"https:\/\/vieassociative.be\/\"]}]}<\/script>\n<!-- \/ Yoast SEO plugin. -->","yoast_head_json":{"title":"Le groupe Vivant tire la sonnette d\u2019alarme : \u00ab Le ministre de la Dette Paasch entra\u00eene la DG de plus en plus profond\u00e9ment dans un fiasco financier \u00bb | Vie Associative","robots":{"index":"index","follow":"follow","max-snippet":"max-snippet:-1","max-image-preview":"max-image-preview:large","max-video-preview":"max-video-preview:-1"},"canonical":"https:\/\/vieassociative.be\/actualites\/le-groupe-vivant-tire-la-sonnette-dalarme-le-ministre-de-la-dette-paasch-entraine-la-dg-de-plus-en-plus-profondement-dans-un-fiasco-financier\/","og_locale":"fr_FR","og_type":"article","og_title":"Le groupe Vivant tire la sonnette d\u2019alarme : \u00ab Le ministre de la Dette Paasch entra\u00eene la DG de plus en plus profond\u00e9ment dans un fiasco financier \u00bb | Vie Associative","og_description":"Selon le groupe Vivant, la situation financi\u00e8re de la DG devient de plus en plus alarmante. La dette totale s&rsquo;\u00e9l\u00e8verait d\u00e9sormais \u00e0 1,388 milliard d&rsquo;euros,","og_url":"https:\/\/vieassociative.be\/actualites\/le-groupe-vivant-tire-la-sonnette-dalarme-le-ministre-de-la-dette-paasch-entraine-la-dg-de-plus-en-plus-profondement-dans-un-fiasco-financier\/","og_site_name":"Vie Associative","article_published_time":"2026-04-03T15:19:14+00:00","og_image":[{"width":279,"height":92,"url":"https:\/\/vieassociative.be\/actualites\/wp-content\/uploads\/2024\/09\/header_backgroundk-01-e1726694325946.png","type":"image\/png"}],"author":"Julien","twitter_card":"summary_large_image","twitter_misc":{"\u00c9crit par":"Julien","Dur\u00e9e de lecture est.":"2 minutes"},"schema":{"@context":"https:\/\/schema.org","@graph":[{"@type":"Article","@id":"https:\/\/vieassociative.be\/actualites\/le-groupe-vivant-tire-la-sonnette-dalarme-le-ministre-de-la-dette-paasch-entraine-la-dg-de-plus-en-plus-profondement-dans-un-fiasco-financier\/#article","isPartOf":{"@id":"https:\/\/vieassociative.be\/actualites\/le-groupe-vivant-tire-la-sonnette-dalarme-le-ministre-de-la-dette-paasch-entraine-la-dg-de-plus-en-plus-profondement-dans-un-fiasco-financier\/"},"author":{"name":"Julien","@id":"https:\/\/vieassociative.be\/actualites\/#\/schema\/person\/b87ac4f82f9d4e7b7cec7395b679edc4"},"headline":"Le groupe Vivant tire la sonnette d\u2019alarme : \u00ab Le ministre de la Dette Paasch entra\u00eene la DG de plus en plus profond\u00e9ment dans un fiasco financier \u00bb","datePublished":"2026-04-03T15:19:14+00:00","dateModified":"2026-04-03T15:19:14+00:00","mainEntityOfPage":{"@id":"https:\/\/vieassociative.be\/actualites\/le-groupe-vivant-tire-la-sonnette-dalarme-le-ministre-de-la-dette-paasch-entraine-la-dg-de-plus-en-plus-profondement-dans-un-fiasco-financier\/"},"wordCount":531,"publisher":{"@id":"https:\/\/vieassociative.be\/actualites\/#organization"},"image":{"@id":"https:\/\/vieassociative.be\/actualites\/le-groupe-vivant-tire-la-sonnette-dalarme-le-ministre-de-la-dette-paasch-entraine-la-dg-de-plus-en-plus-profondement-dans-un-fiasco-financier\/#primaryimage"},"thumbnailUrl":"https:\/\/vieassociative.be\/actualites\/wp-content\/uploads\/2026\/04\/Le-groupe-Vivant-tire-la-sonnette-dalarme-Le.jpeg","keywords":["dalarme","dans","dette","entra\u00een\u00e9","fiasco","financier","groupe","ministre","Paasch","profond\u00e9ment","sonnette","tir\u00e9","Vivant"],"articleSection":["Belgique"],"inLanguage":"fr-BE"},{"@type":"WebPage","@id":"https:\/\/vieassociative.be\/actualites\/le-groupe-vivant-tire-la-sonnette-dalarme-le-ministre-de-la-dette-paasch-entraine-la-dg-de-plus-en-plus-profondement-dans-un-fiasco-financier\/","url":"https:\/\/vieassociative.be\/actualites\/le-groupe-vivant-tire-la-sonnette-dalarme-le-ministre-de-la-dette-paasch-entraine-la-dg-de-plus-en-plus-profondement-dans-un-fiasco-financier\/","name":"Le groupe Vivant tire la sonnette d\u2019alarme : \u00ab Le ministre de la Dette Paasch entra\u00eene la DG de plus en plus profond\u00e9ment dans un fiasco financier \u00bb | Vie Associative","isPartOf":{"@id":"https:\/\/vieassociative.be\/actualites\/#website"},"primaryImageOfPage":{"@id":"https:\/\/vieassociative.be\/actualites\/le-groupe-vivant-tire-la-sonnette-dalarme-le-ministre-de-la-dette-paasch-entraine-la-dg-de-plus-en-plus-profondement-dans-un-fiasco-financier\/#primaryimage"},"image":{"@id":"https:\/\/vieassociative.be\/actualites\/le-groupe-vivant-tire-la-sonnette-dalarme-le-ministre-de-la-dette-paasch-entraine-la-dg-de-plus-en-plus-profondement-dans-un-fiasco-financier\/#primaryimage"},"thumbnailUrl":"https:\/\/vieassociative.be\/actualites\/wp-content\/uploads\/2026\/04\/Le-groupe-Vivant-tire-la-sonnette-dalarme-Le.jpeg","datePublished":"2026-04-03T15:19:14+00:00","dateModified":"2026-04-03T15:19:14+00:00","breadcrumb":{"@id":"https:\/\/vieassociative.be\/actualites\/le-groupe-vivant-tire-la-sonnette-dalarme-le-ministre-de-la-dette-paasch-entraine-la-dg-de-plus-en-plus-profondement-dans-un-fiasco-financier\/#breadcrumb"},"inLanguage":"fr-BE","potentialAction":[{"@type":"ReadAction","target":["https:\/\/vieassociative.be\/actualites\/le-groupe-vivant-tire-la-sonnette-dalarme-le-ministre-de-la-dette-paasch-entraine-la-dg-de-plus-en-plus-profondement-dans-un-fiasco-financier\/"]}]},{"@type":"ImageObject","inLanguage":"fr-BE","@id":"https:\/\/vieassociative.be\/actualites\/le-groupe-vivant-tire-la-sonnette-dalarme-le-ministre-de-la-dette-paasch-entraine-la-dg-de-plus-en-plus-profondement-dans-un-fiasco-financier\/#primaryimage","url":"https:\/\/vieassociative.be\/actualites\/wp-content\/uploads\/2026\/04\/Le-groupe-Vivant-tire-la-sonnette-dalarme-Le.jpeg","contentUrl":"https:\/\/vieassociative.be\/actualites\/wp-content\/uploads\/2026\/04\/Le-groupe-Vivant-tire-la-sonnette-dalarme-Le.jpeg","width":1000,"height":667,"caption":"Le groupe Vivant tire la sonnette d\u2019alarme : \u00ab Le ministre de la Dette Paasch entra\u00eene la DG de plus en plus profond\u00e9ment dans un fiasco financier \u00bb"},{"@type":"BreadcrumbList","@id":"https:\/\/vieassociative.be\/actualites\/le-groupe-vivant-tire-la-sonnette-dalarme-le-ministre-de-la-dette-paasch-entraine-la-dg-de-plus-en-plus-profondement-dans-un-fiasco-financier\/#breadcrumb","itemListElement":[{"@type":"ListItem","position":1,"name":"Accueil","item":"https:\/\/vieassociative.be\/actualites\/"},{"@type":"ListItem","position":2,"name":"Le groupe Vivant tire la sonnette d\u2019alarme : \u00ab Le ministre de la Dette Paasch entra\u00eene la DG de plus en plus profond\u00e9ment dans un fiasco financier \u00bb"}]},{"@type":"WebSite","@id":"https:\/\/vieassociative.be\/actualites\/#website","url":"https:\/\/vieassociative.be\/actualites\/","name":"Vie Associative","description":"","publisher":{"@id":"https:\/\/vieassociative.be\/actualites\/#organization"},"potentialAction":[{"@type":"SearchAction","target":{"@type":"EntryPoint","urlTemplate":"https:\/\/vieassociative.be\/actualites\/?s={search_term_string}"},"query-input":{"@type":"PropertyValueSpecification","valueRequired":true,"valueName":"search_term_string"}}],"inLanguage":"fr-BE"},{"@type":"Organization","@id":"https:\/\/vieassociative.be\/actualites\/#organization","name":"Vie Associative","url":"https:\/\/vieassociative.be\/actualites\/","logo":{"@type":"ImageObject","inLanguage":"fr-BE","@id":"https:\/\/vieassociative.be\/actualites\/#\/schema\/logo\/image\/","url":"https:\/\/vieassociative.be\/actualites\/wp-content\/uploads\/2024\/09\/cropped-vieassociative_favicon.ico.png","contentUrl":"https:\/\/vieassociative.be\/actualites\/wp-content\/uploads\/2024\/09\/cropped-vieassociative_favicon.ico.png","width":512,"height":512,"caption":"Vie Associative"},"image":{"@id":"https:\/\/vieassociative.be\/actualites\/#\/schema\/logo\/image\/"}},{"@type":"Person","@id":"https:\/\/vieassociative.be\/actualites\/#\/schema\/person\/b87ac4f82f9d4e7b7cec7395b679edc4","name":"Julien","image":{"@type":"ImageObject","inLanguage":"fr-BE","@id":"https:\/\/vieassociative.be\/actualites\/#\/schema\/person\/image\/","url":"https:\/\/vieassociative.be\/actualites\/wp-content\/uploads\/2024\/09\/vie-associative-1-150x150.jpg","contentUrl":"https:\/\/vieassociative.be\/actualites\/wp-content\/uploads\/2024\/09\/vie-associative-1-150x150.jpg","caption":"Julien"},"description":"Je suis Julien, r\u00e9dacteur pour Vie Associative. Passionn\u00e9 par le monde associatif depuis plus de 10 ans, j'ai \u00e0 c\u0153ur de partager des histoires inspirantes et de mettre en lumi\u00e8re les initiatives locales. Mon objectif est de sensibiliser et d'encourager l'engagement communautaire \u00e0 travers mes articles.","sameAs":["https:\/\/vieassociative.be\/"]}]}},"_links":{"self":[{"href":"https:\/\/vieassociative.be\/actualites\/wp-json\/wp\/v2\/posts\/13303"}],"collection":[{"href":"https:\/\/vieassociative.be\/actualites\/wp-json\/wp\/v2\/posts"}],"about":[{"href":"https:\/\/vieassociative.be\/actualites\/wp-json\/wp\/v2\/types\/post"}],"author":[{"embeddable":true,"href":"https:\/\/vieassociative.be\/actualites\/wp-json\/wp\/v2\/users\/1"}],"replies":[{"embeddable":true,"href":"https:\/\/vieassociative.be\/actualites\/wp-json\/wp\/v2\/comments?post=13303"}],"version-history":[{"count":0,"href":"https:\/\/vieassociative.be\/actualites\/wp-json\/wp\/v2\/posts\/13303\/revisions"}],"wp:featuredmedia":[{"embeddable":true,"href":"https:\/\/vieassociative.be\/actualites\/wp-json\/wp\/v2\/media\/13304"}],"wp:attachment":[{"href":"https:\/\/vieassociative.be\/actualites\/wp-json\/wp\/v2\/media?parent=13303"}],"wp:term":[{"taxonomy":"category","embeddable":true,"href":"https:\/\/vieassociative.be\/actualites\/wp-json\/wp\/v2\/categories?post=13303"},{"taxonomy":"post_tag","embeddable":true,"href":"https:\/\/vieassociative.be\/actualites\/wp-json\/wp\/v2\/tags?post=13303"}],"curies":[{"name":"wp","href":"https:\/\/api.w.org\/{rel}","templated":true}]}}