{"id":13300,"date":"2026-04-03T11:17:53","date_gmt":"2026-04-03T09:17:53","guid":{"rendered":"https:\/\/vieassociative.be\/actualites\/lettre-a-lediteur-thanatos-la-psychanalyse-et-lue\/"},"modified":"2026-04-03T11:17:53","modified_gmt":"2026-04-03T09:17:53","slug":"lettre-a-lediteur-thanatos-la-psychanalyse-et-lue","status":"publish","type":"post","link":"https:\/\/vieassociative.be\/actualites\/lettre-a-lediteur-thanatos-la-psychanalyse-et-lue\/","title":{"rendered":"LETTRE \u00c0 L&rsquo;\u00c9DITEUR \u2013 Thanatos, la psychanalyse et l&rsquo;UE"},"content":{"rendered":"<p><strong>Thanatos est un dieu des morts dans la mythologie grecque et est connu pour son r\u00f4le de passeur qui guide les morts vers les enfers. En psychanalyse, le terme Thanatos est connu pour d\u00e9signer la pulsion de mort ; il d\u00e9crit la volont\u00e9 humaine d\u2019autodestruction.<\/strong><\/p>\n<p><span id=\"more-438132\"><\/span>Ce qui nous am\u00e8ne \u00e0 l\u2019UE et au \u00ab pacte vert \u00bb, le Thanatos des \u00ab \u00e9lites \u00bb europ\u00e9ennes n\u00e9glig\u00e9es en mati\u00e8re de richesse.<\/p>\n<p>Il faut choisir des approches psychanalytiques pour expliquer d\u2019une mani\u00e8re ou d\u2019une autre la folie qui se d\u00e9roule en Europe. Dans le sillage d\u2019une secte climatique confuse qui pr\u00eache la fin du monde \u00e0 travers quelques ppm de CO2, c\u2019est toute la base industrielle de notre prosp\u00e9rit\u00e9 qui a \u00e9t\u00e9 sacrifi\u00e9e. <\/p>\n<p>Les centrales \u00e9lectriques, qu\u2019elles soient au charbon ou nucl\u00e9aires, sont en train d\u2019exploser et doivent \u00eatre remplac\u00e9es par de l\u2019\u00e9nergie \u00e9olienne et solaire \u00ab gratuite \u00bb. Le mod\u00e8le \u00e0 succ\u00e8s de mobilit\u00e9 individuelle utilisant des moteurs \u00e0 combustion est interdit et doit \u00eatre remplac\u00e9 par la mobilit\u00e9 \u00e9lectrique, qui a \u00e9chou\u00e9 il y a 100 ans (mot cl\u00e9 \u00ab Electric Victoria \u00bb). Nos vies enti\u00e8res devraient \u00eatre \u00ab d\u00e9carbon\u00e9es \u00bb, une id\u00e9e difficile \u00e0 battre en termes de folie \u00e9tant donn\u00e9 que toute vie sur terre est bas\u00e9e sur le carbone.<\/p>\n<p>De plus, prosp\u00e8re une \u00ab culture d\u2019accueil \u00bb qui se targue d\u2019ouvrir nos syst\u00e8mes sociaux au monde entier, tant l\u2019Europe est riche et pleine de \u00ab culpabilit\u00e9 coloniale \u00bb. Le fait qu\u2019ils veuillent \u00ab vaincre \u00bb la Russie \u00e9conomiquement (nous en sommes actuellement au 20e paquet de sanctions), qu\u2019ils se privent ainsi de leur plus important fournisseur d\u2019\u00e9nergie et qu\u2019ils frappent en m\u00eame temps constamment les \u00c9tats-Unis (ils d\u00e9missionnent maintenant\u2026) ne semblent pas d\u00e9ranger les augures de la CE de Bruxelles sur l\u2019UvL erratique.<\/p>\n<p>Et maintenant ? Appelons l\u2019UE, ainsi que nos politiciens belges, \u00e0 \u00ab \u00e9conomiser l\u2019\u00e9nergie \u00bb alors que nous sommes devenus victimes des \u00e9v\u00e9nements politiques mondiaux. Nous ne sommes que victimes de notre propre stupidit\u00e9. Par exemple, la Grande-Bretagne a r\u00e9duit sa production de p\u00e9trole et de gaz de la mer du Nord de plus de 50 % depuis 1999 et a install\u00e9 des \u00e9oliennes \u00e0 la place ; Maintenant, le carburant y est rationn\u00e9, bien s\u00fbr uniquement \u00e0 cause de Trump et de Poutine&#8230; Le mois dernier, l&rsquo;Allemagne s&rsquo;est vant\u00e9e d&rsquo;avoir inond\u00e9 ses derni\u00e8res zones d&rsquo;exploitation du lignite rh\u00e9nan, qui a besoin de charbon alors que l&rsquo;\u00e9nergie \u00e9olienne et solaire est gratuite, je leur demande.<\/p>\n<p>En Belgique, BdW a heureusement r\u00e9ussi \u00e0 emp\u00eacher la d\u00e9molition des deux derni\u00e8res centrales nucl\u00e9aires, m\u00eame si l&rsquo;\u00e9co-secte s&rsquo;en irrite. Nous avons encore une chance de jeter le \u00ab Thanatos \u00bb, le \u00ab pacte vert \u00bb, par-dessus bord, sinon la prochaine \u00e9tape sera la mort \u00e9conomique.<\/p>\n<p><strong>3 avril 2026 \u2013 Pour Gegenpol-Est Belgique, Gerald Pesch, Raeren<\/strong><\/p>\n","protected":false},"excerpt":{"rendered":"<p>Thanatos est un dieu des morts dans la mythologie grecque et est connu pour son r\u00f4le de passeur qui guide les morts vers les enfers.<\/p>\n","protected":false},"author":1,"featured_media":2567,"comment_status":"","ping_status":"","sticky":false,"template":"","format":"standard","meta":{"footnotes":""},"categories":[298],"tags":[4400,2628,3578,10419,10418],"class_list":["post-13300","post","type-post","status-publish","format-standard","has-post-thumbnail","hentry","category-belgique","tag-lediteur","tag-lettre","tag-lue","tag-psychanalyse","tag-thanatos","generate-columns","tablet-grid-50","mobile-grid-100","grid-parent","grid-33"],"yoast_head":"<!-- This site is optimized with the Yoast SEO plugin v24.0 - https:\/\/yoast.com\/wordpress\/plugins\/seo\/ -->\n<title>LETTRE \u00c0 L&#039;\u00c9DITEUR \u2013 Thanatos, la psychanalyse et l&#039;UE | Vie Associative<\/title>\n<meta name=\"robots\" content=\"index, follow, max-snippet:-1, max-image-preview:large, max-video-preview:-1\" \/>\n<link rel=\"canonical\" href=\"https:\/\/vieassociative.be\/actualites\/lettre-a-lediteur-thanatos-la-psychanalyse-et-lue\/\" \/>\n<meta property=\"og:locale\" content=\"fr_FR\" \/>\n<meta property=\"og:type\" content=\"article\" \/>\n<meta property=\"og:title\" content=\"LETTRE \u00c0 L&#039;\u00c9DITEUR \u2013 Thanatos, la psychanalyse et l&#039;UE | Vie Associative\" \/>\n<meta property=\"og:description\" content=\"Thanatos est un dieu des morts dans la mythologie grecque et est connu pour son r\u00f4le de passeur qui guide les morts vers les enfers.\" \/>\n<meta property=\"og:url\" content=\"https:\/\/vieassociative.be\/actualites\/lettre-a-lediteur-thanatos-la-psychanalyse-et-lue\/\" \/>\n<meta property=\"og:site_name\" content=\"Vie Associative\" \/>\n<meta property=\"article:published_time\" content=\"2026-04-03T09:17:53+00:00\" \/>\n<meta property=\"og:image\" content=\"https:\/\/vieassociative.be\/actualites\/wp-content\/uploads\/2024\/09\/header_backgroundk-01-e1726694325946.png\" \/>\n\t<meta property=\"og:image:width\" content=\"279\" \/>\n\t<meta property=\"og:image:height\" content=\"92\" \/>\n\t<meta property=\"og:image:type\" content=\"image\/png\" \/>\n<meta name=\"author\" content=\"Julien\" \/>\n<meta name=\"twitter:card\" content=\"summary_large_image\" \/>\n<meta name=\"twitter:label1\" content=\"\u00c9crit par\" \/>\n\t<meta name=\"twitter:data1\" content=\"Julien\" \/>\n\t<meta name=\"twitter:label2\" content=\"Dur\u00e9e de lecture est.\" \/>\n\t<meta name=\"twitter:data2\" content=\"2 minutes\" \/>\n<script type=\"application\/ld+json\" class=\"yoast-schema-graph\">{\"@context\":\"https:\/\/schema.org\",\"@graph\":[{\"@type\":\"Article\",\"@id\":\"https:\/\/vieassociative.be\/actualites\/lettre-a-lediteur-thanatos-la-psychanalyse-et-lue\/#article\",\"isPartOf\":{\"@id\":\"https:\/\/vieassociative.be\/actualites\/lettre-a-lediteur-thanatos-la-psychanalyse-et-lue\/\"},\"author\":{\"name\":\"Julien\",\"@id\":\"https:\/\/vieassociative.be\/actualites\/#\/schema\/person\/b87ac4f82f9d4e7b7cec7395b679edc4\"},\"headline\":\"LETTRE \u00c0 L&rsquo;\u00c9DITEUR \u2013 Thanatos, la psychanalyse et l&rsquo;UE\",\"datePublished\":\"2026-04-03T09:17:53+00:00\",\"dateModified\":\"2026-04-03T09:17:53+00:00\",\"mainEntityOfPage\":{\"@id\":\"https:\/\/vieassociative.be\/actualites\/lettre-a-lediteur-thanatos-la-psychanalyse-et-lue\/\"},\"wordCount\":500,\"publisher\":{\"@id\":\"https:\/\/vieassociative.be\/actualites\/#organization\"},\"image\":{\"@id\":\"https:\/\/vieassociative.be\/actualites\/lettre-a-lediteur-thanatos-la-psychanalyse-et-lue\/#primaryimage\"},\"thumbnailUrl\":\"https:\/\/vieassociative.be\/actualites\/wp-content\/uploads\/2024\/11\/LETTRE-A-LA-REDACTION-\u2013-Audi-Bruxelles-dernier-avertissement-du.jpeg\",\"keywords\":[\"L\u00c9DITEUR\",\"lettre\",\"LUE\",\"psychanalyse\",\"Thanatos\"],\"articleSection\":[\"Belgique\"],\"inLanguage\":\"fr-BE\"},{\"@type\":\"WebPage\",\"@id\":\"https:\/\/vieassociative.be\/actualites\/lettre-a-lediteur-thanatos-la-psychanalyse-et-lue\/\",\"url\":\"https:\/\/vieassociative.be\/actualites\/lettre-a-lediteur-thanatos-la-psychanalyse-et-lue\/\",\"name\":\"LETTRE \u00c0 L'\u00c9DITEUR \u2013 Thanatos, la psychanalyse et l'UE | Vie Associative\",\"isPartOf\":{\"@id\":\"https:\/\/vieassociative.be\/actualites\/#website\"},\"primaryImageOfPage\":{\"@id\":\"https:\/\/vieassociative.be\/actualites\/lettre-a-lediteur-thanatos-la-psychanalyse-et-lue\/#primaryimage\"},\"image\":{\"@id\":\"https:\/\/vieassociative.be\/actualites\/lettre-a-lediteur-thanatos-la-psychanalyse-et-lue\/#primaryimage\"},\"thumbnailUrl\":\"https:\/\/vieassociative.be\/actualites\/wp-content\/uploads\/2024\/11\/LETTRE-A-LA-REDACTION-\u2013-Audi-Bruxelles-dernier-avertissement-du.jpeg\",\"datePublished\":\"2026-04-03T09:17:53+00:00\",\"dateModified\":\"2026-04-03T09:17:53+00:00\",\"breadcrumb\":{\"@id\":\"https:\/\/vieassociative.be\/actualites\/lettre-a-lediteur-thanatos-la-psychanalyse-et-lue\/#breadcrumb\"},\"inLanguage\":\"fr-BE\",\"potentialAction\":[{\"@type\":\"ReadAction\",\"target\":[\"https:\/\/vieassociative.be\/actualites\/lettre-a-lediteur-thanatos-la-psychanalyse-et-lue\/\"]}]},{\"@type\":\"ImageObject\",\"inLanguage\":\"fr-BE\",\"@id\":\"https:\/\/vieassociative.be\/actualites\/lettre-a-lediteur-thanatos-la-psychanalyse-et-lue\/#primaryimage\",\"url\":\"https:\/\/vieassociative.be\/actualites\/wp-content\/uploads\/2024\/11\/LETTRE-A-LA-REDACTION-\u2013-Audi-Bruxelles-dernier-avertissement-du.jpeg\",\"contentUrl\":\"https:\/\/vieassociative.be\/actualites\/wp-content\/uploads\/2024\/11\/LETTRE-A-LA-REDACTION-\u2013-Audi-Bruxelles-dernier-avertissement-du.jpeg\",\"width\":1024,\"height\":747,\"caption\":\"LETTRE \u00c0 LA R\u00c9DACTION \u2013 Audi Bruxelles, dernier avertissement du gouffre\"},{\"@type\":\"BreadcrumbList\",\"@id\":\"https:\/\/vieassociative.be\/actualites\/lettre-a-lediteur-thanatos-la-psychanalyse-et-lue\/#breadcrumb\",\"itemListElement\":[{\"@type\":\"ListItem\",\"position\":1,\"name\":\"Accueil\",\"item\":\"https:\/\/vieassociative.be\/actualites\/\"},{\"@type\":\"ListItem\",\"position\":2,\"name\":\"LETTRE \u00c0 L&rsquo;\u00c9DITEUR \u2013 Thanatos, la psychanalyse et l&rsquo;UE\"}]},{\"@type\":\"WebSite\",\"@id\":\"https:\/\/vieassociative.be\/actualites\/#website\",\"url\":\"https:\/\/vieassociative.be\/actualites\/\",\"name\":\"Vie Associative\",\"description\":\"\",\"publisher\":{\"@id\":\"https:\/\/vieassociative.be\/actualites\/#organization\"},\"potentialAction\":[{\"@type\":\"SearchAction\",\"target\":{\"@type\":\"EntryPoint\",\"urlTemplate\":\"https:\/\/vieassociative.be\/actualites\/?s={search_term_string}\"},\"query-input\":{\"@type\":\"PropertyValueSpecification\",\"valueRequired\":true,\"valueName\":\"search_term_string\"}}],\"inLanguage\":\"fr-BE\"},{\"@type\":\"Organization\",\"@id\":\"https:\/\/vieassociative.be\/actualites\/#organization\",\"name\":\"Vie Associative\",\"url\":\"https:\/\/vieassociative.be\/actualites\/\",\"logo\":{\"@type\":\"ImageObject\",\"inLanguage\":\"fr-BE\",\"@id\":\"https:\/\/vieassociative.be\/actualites\/#\/schema\/logo\/image\/\",\"url\":\"https:\/\/vieassociative.be\/actualites\/wp-content\/uploads\/2024\/09\/cropped-vieassociative_favicon.ico.png\",\"contentUrl\":\"https:\/\/vieassociative.be\/actualites\/wp-content\/uploads\/2024\/09\/cropped-vieassociative_favicon.ico.png\",\"width\":512,\"height\":512,\"caption\":\"Vie Associative\"},\"image\":{\"@id\":\"https:\/\/vieassociative.be\/actualites\/#\/schema\/logo\/image\/\"}},{\"@type\":\"Person\",\"@id\":\"https:\/\/vieassociative.be\/actualites\/#\/schema\/person\/b87ac4f82f9d4e7b7cec7395b679edc4\",\"name\":\"Julien\",\"image\":{\"@type\":\"ImageObject\",\"inLanguage\":\"fr-BE\",\"@id\":\"https:\/\/vieassociative.be\/actualites\/#\/schema\/person\/image\/\",\"url\":\"https:\/\/vieassociative.be\/actualites\/wp-content\/uploads\/2024\/09\/vie-associative-1-150x150.jpg\",\"contentUrl\":\"https:\/\/vieassociative.be\/actualites\/wp-content\/uploads\/2024\/09\/vie-associative-1-150x150.jpg\",\"caption\":\"Julien\"},\"description\":\"Je suis Julien, r\u00e9dacteur pour Vie Associative. Passionn\u00e9 par le monde associatif depuis plus de 10 ans, j'ai \u00e0 c\u0153ur de partager des histoires inspirantes et de mettre en lumi\u00e8re les initiatives locales. Mon objectif est de sensibiliser et d'encourager l'engagement communautaire \u00e0 travers mes articles.\",\"sameAs\":[\"https:\/\/vieassociative.be\/\"]}]}<\/script>\n<!-- \/ Yoast SEO plugin. -->","yoast_head_json":{"title":"LETTRE \u00c0 L'\u00c9DITEUR \u2013 Thanatos, la psychanalyse et l'UE | Vie Associative","robots":{"index":"index","follow":"follow","max-snippet":"max-snippet:-1","max-image-preview":"max-image-preview:large","max-video-preview":"max-video-preview:-1"},"canonical":"https:\/\/vieassociative.be\/actualites\/lettre-a-lediteur-thanatos-la-psychanalyse-et-lue\/","og_locale":"fr_FR","og_type":"article","og_title":"LETTRE \u00c0 L'\u00c9DITEUR \u2013 Thanatos, la psychanalyse et l'UE | Vie Associative","og_description":"Thanatos est un dieu des morts dans la mythologie grecque et est connu pour son r\u00f4le de passeur qui guide les morts vers les enfers.","og_url":"https:\/\/vieassociative.be\/actualites\/lettre-a-lediteur-thanatos-la-psychanalyse-et-lue\/","og_site_name":"Vie Associative","article_published_time":"2026-04-03T09:17:53+00:00","og_image":[{"width":279,"height":92,"url":"https:\/\/vieassociative.be\/actualites\/wp-content\/uploads\/2024\/09\/header_backgroundk-01-e1726694325946.png","type":"image\/png"}],"author":"Julien","twitter_card":"summary_large_image","twitter_misc":{"\u00c9crit par":"Julien","Dur\u00e9e de lecture est.":"2 minutes"},"schema":{"@context":"https:\/\/schema.org","@graph":[{"@type":"Article","@id":"https:\/\/vieassociative.be\/actualites\/lettre-a-lediteur-thanatos-la-psychanalyse-et-lue\/#article","isPartOf":{"@id":"https:\/\/vieassociative.be\/actualites\/lettre-a-lediteur-thanatos-la-psychanalyse-et-lue\/"},"author":{"name":"Julien","@id":"https:\/\/vieassociative.be\/actualites\/#\/schema\/person\/b87ac4f82f9d4e7b7cec7395b679edc4"},"headline":"LETTRE \u00c0 L&rsquo;\u00c9DITEUR \u2013 Thanatos, la psychanalyse et l&rsquo;UE","datePublished":"2026-04-03T09:17:53+00:00","dateModified":"2026-04-03T09:17:53+00:00","mainEntityOfPage":{"@id":"https:\/\/vieassociative.be\/actualites\/lettre-a-lediteur-thanatos-la-psychanalyse-et-lue\/"},"wordCount":500,"publisher":{"@id":"https:\/\/vieassociative.be\/actualites\/#organization"},"image":{"@id":"https:\/\/vieassociative.be\/actualites\/lettre-a-lediteur-thanatos-la-psychanalyse-et-lue\/#primaryimage"},"thumbnailUrl":"https:\/\/vieassociative.be\/actualites\/wp-content\/uploads\/2024\/11\/LETTRE-A-LA-REDACTION-\u2013-Audi-Bruxelles-dernier-avertissement-du.jpeg","keywords":["L\u00c9DITEUR","lettre","LUE","psychanalyse","Thanatos"],"articleSection":["Belgique"],"inLanguage":"fr-BE"},{"@type":"WebPage","@id":"https:\/\/vieassociative.be\/actualites\/lettre-a-lediteur-thanatos-la-psychanalyse-et-lue\/","url":"https:\/\/vieassociative.be\/actualites\/lettre-a-lediteur-thanatos-la-psychanalyse-et-lue\/","name":"LETTRE \u00c0 L'\u00c9DITEUR \u2013 Thanatos, la psychanalyse et l'UE | Vie Associative","isPartOf":{"@id":"https:\/\/vieassociative.be\/actualites\/#website"},"primaryImageOfPage":{"@id":"https:\/\/vieassociative.be\/actualites\/lettre-a-lediteur-thanatos-la-psychanalyse-et-lue\/#primaryimage"},"image":{"@id":"https:\/\/vieassociative.be\/actualites\/lettre-a-lediteur-thanatos-la-psychanalyse-et-lue\/#primaryimage"},"thumbnailUrl":"https:\/\/vieassociative.be\/actualites\/wp-content\/uploads\/2024\/11\/LETTRE-A-LA-REDACTION-\u2013-Audi-Bruxelles-dernier-avertissement-du.jpeg","datePublished":"2026-04-03T09:17:53+00:00","dateModified":"2026-04-03T09:17:53+00:00","breadcrumb":{"@id":"https:\/\/vieassociative.be\/actualites\/lettre-a-lediteur-thanatos-la-psychanalyse-et-lue\/#breadcrumb"},"inLanguage":"fr-BE","potentialAction":[{"@type":"ReadAction","target":["https:\/\/vieassociative.be\/actualites\/lettre-a-lediteur-thanatos-la-psychanalyse-et-lue\/"]}]},{"@type":"ImageObject","inLanguage":"fr-BE","@id":"https:\/\/vieassociative.be\/actualites\/lettre-a-lediteur-thanatos-la-psychanalyse-et-lue\/#primaryimage","url":"https:\/\/vieassociative.be\/actualites\/wp-content\/uploads\/2024\/11\/LETTRE-A-LA-REDACTION-\u2013-Audi-Bruxelles-dernier-avertissement-du.jpeg","contentUrl":"https:\/\/vieassociative.be\/actualites\/wp-content\/uploads\/2024\/11\/LETTRE-A-LA-REDACTION-\u2013-Audi-Bruxelles-dernier-avertissement-du.jpeg","width":1024,"height":747,"caption":"LETTRE \u00c0 LA R\u00c9DACTION \u2013 Audi Bruxelles, dernier avertissement du gouffre"},{"@type":"BreadcrumbList","@id":"https:\/\/vieassociative.be\/actualites\/lettre-a-lediteur-thanatos-la-psychanalyse-et-lue\/#breadcrumb","itemListElement":[{"@type":"ListItem","position":1,"name":"Accueil","item":"https:\/\/vieassociative.be\/actualites\/"},{"@type":"ListItem","position":2,"name":"LETTRE \u00c0 L&rsquo;\u00c9DITEUR \u2013 Thanatos, la psychanalyse et l&rsquo;UE"}]},{"@type":"WebSite","@id":"https:\/\/vieassociative.be\/actualites\/#website","url":"https:\/\/vieassociative.be\/actualites\/","name":"Vie Associative","description":"","publisher":{"@id":"https:\/\/vieassociative.be\/actualites\/#organization"},"potentialAction":[{"@type":"SearchAction","target":{"@type":"EntryPoint","urlTemplate":"https:\/\/vieassociative.be\/actualites\/?s={search_term_string}"},"query-input":{"@type":"PropertyValueSpecification","valueRequired":true,"valueName":"search_term_string"}}],"inLanguage":"fr-BE"},{"@type":"Organization","@id":"https:\/\/vieassociative.be\/actualites\/#organization","name":"Vie Associative","url":"https:\/\/vieassociative.be\/actualites\/","logo":{"@type":"ImageObject","inLanguage":"fr-BE","@id":"https:\/\/vieassociative.be\/actualites\/#\/schema\/logo\/image\/","url":"https:\/\/vieassociative.be\/actualites\/wp-content\/uploads\/2024\/09\/cropped-vieassociative_favicon.ico.png","contentUrl":"https:\/\/vieassociative.be\/actualites\/wp-content\/uploads\/2024\/09\/cropped-vieassociative_favicon.ico.png","width":512,"height":512,"caption":"Vie Associative"},"image":{"@id":"https:\/\/vieassociative.be\/actualites\/#\/schema\/logo\/image\/"}},{"@type":"Person","@id":"https:\/\/vieassociative.be\/actualites\/#\/schema\/person\/b87ac4f82f9d4e7b7cec7395b679edc4","name":"Julien","image":{"@type":"ImageObject","inLanguage":"fr-BE","@id":"https:\/\/vieassociative.be\/actualites\/#\/schema\/person\/image\/","url":"https:\/\/vieassociative.be\/actualites\/wp-content\/uploads\/2024\/09\/vie-associative-1-150x150.jpg","contentUrl":"https:\/\/vieassociative.be\/actualites\/wp-content\/uploads\/2024\/09\/vie-associative-1-150x150.jpg","caption":"Julien"},"description":"Je suis Julien, r\u00e9dacteur pour Vie Associative. Passionn\u00e9 par le monde associatif depuis plus de 10 ans, j'ai \u00e0 c\u0153ur de partager des histoires inspirantes et de mettre en lumi\u00e8re les initiatives locales. Mon objectif est de sensibiliser et d'encourager l'engagement communautaire \u00e0 travers mes articles.","sameAs":["https:\/\/vieassociative.be\/"]}]}},"_links":{"self":[{"href":"https:\/\/vieassociative.be\/actualites\/wp-json\/wp\/v2\/posts\/13300"}],"collection":[{"href":"https:\/\/vieassociative.be\/actualites\/wp-json\/wp\/v2\/posts"}],"about":[{"href":"https:\/\/vieassociative.be\/actualites\/wp-json\/wp\/v2\/types\/post"}],"author":[{"embeddable":true,"href":"https:\/\/vieassociative.be\/actualites\/wp-json\/wp\/v2\/users\/1"}],"replies":[{"embeddable":true,"href":"https:\/\/vieassociative.be\/actualites\/wp-json\/wp\/v2\/comments?post=13300"}],"version-history":[{"count":0,"href":"https:\/\/vieassociative.be\/actualites\/wp-json\/wp\/v2\/posts\/13300\/revisions"}],"wp:featuredmedia":[{"embeddable":true,"href":"https:\/\/vieassociative.be\/actualites\/wp-json\/wp\/v2\/media\/2567"}],"wp:attachment":[{"href":"https:\/\/vieassociative.be\/actualites\/wp-json\/wp\/v2\/media?parent=13300"}],"wp:term":[{"taxonomy":"category","embeddable":true,"href":"https:\/\/vieassociative.be\/actualites\/wp-json\/wp\/v2\/categories?post=13300"},{"taxonomy":"post_tag","embeddable":true,"href":"https:\/\/vieassociative.be\/actualites\/wp-json\/wp\/v2\/tags?post=13300"}],"curies":[{"name":"wp","href":"https:\/\/api.w.org\/{rel}","templated":true}]}}