{"id":13296,"date":"2026-04-03T05:17:39","date_gmt":"2026-04-03T03:17:39","guid":{"rendered":"https:\/\/vieassociative.be\/actualites\/huit-ans-et-demi-de-prison-pour-le-carnavalier-jacques-tilly-la-justice-russe-se-ridiculise\/"},"modified":"2026-04-03T05:17:39","modified_gmt":"2026-04-03T03:17:39","slug":"huit-ans-et-demi-de-prison-pour-le-carnavalier-jacques-tilly-la-justice-russe-se-ridiculise","status":"publish","type":"post","link":"https:\/\/vieassociative.be\/actualites\/huit-ans-et-demi-de-prison-pour-le-carnavalier-jacques-tilly-la-justice-russe-se-ridiculise\/","title":{"rendered":"Huit ans et demi de prison pour le carnavalier Jacques Tilly \u2013 \u00ab La justice russe se ridiculise \u00bb"},"content":{"rendered":"<p><strong>La justice russe juge par contumace le carnavalier de D\u00fcsseldorf Jacques Tilly. Le juge prononce une peine s\u00e9v\u00e8re. Les r\u00e9actions, pas seulement de la part des condamn\u00e9s, sont vives.<\/strong><\/p>\n<p><span id=\"more-438123\"><\/span>Un tribunal de Moscou a condamn\u00e9 par contumace le sculpteur allemand Jacques Tilly \u00e0 huit ans et six mois de prison.<\/p>\n<p>Tilly \u00e9tait coupable d&rsquo;avoir bless\u00e9 les sentiments religieux et d&rsquo;avoir diffus\u00e9 de fausses nouvelles sur les forces arm\u00e9es russes, a statu\u00e9 le juge Konstantin Otschirov dans cette affaire p\u00e9nale controvers\u00e9e. En outre, Tilly a \u00e9t\u00e9 condamn\u00e9 \u00e0 une amende d&rsquo;environ 2 000 euros et \u00e0 une interdiction de travailler pendant quatre ans. L&rsquo;arri\u00e8re-plan est constitu\u00e9 des chars de carnaval construits par Tilly, qui critiquent le chef du Kremlin Vladimir Poutine et la guerre qu&rsquo;il a ordonn\u00e9e en Ukraine.<\/p>\n<div id=\"attachment_438126\" class=\"wp-caption alignleft\" style=\"max-width: 300px\"><img fetchpriority=\"high\" decoding=\"async\" class=\"wp-image-438126 size-medium\" src=\"https:\/\/vieassociative.be\/actualites\/wp-content\/uploads\/2026\/04\/Huit-ans-et-demi-de-prison-pour-le-carnavalier-Jacques.jpg\" alt=\"\" width=\"300\" height=\"200\"><\/div>\n<p>Le procureur avait, entre autres, requis neuf ans de prison. Le d\u00e9fenseur public a cependant demand\u00e9 l&rsquo;acquittement faute de preuves. La d\u00e9fense a tent\u00e9 de contacter l&rsquo;accus\u00e9, mais n&rsquo;a pas r\u00e9ussi : l&rsquo;ambassade de la R\u00e9publique f\u00e9d\u00e9rale d&rsquo;Allemagne \u00e0 Moscou n&rsquo;a pas pu organiser un contact. \u00ab Pour cette raison, il n\u2019a pas \u00e9t\u00e9 possible d\u2019\u00e9valuer les objectifs et les motivations \u00bb, a-t-elle d\u00e9clar\u00e9.<\/p>\n<p>Au cours du proc\u00e8s, qui dure depuis des mois, il a \u00e9t\u00e9 question \u00e0 plusieurs reprises d&rsquo;insultes au pr\u00e9sident russe Poutine. Cette accusation n&rsquo;\u00e9tait plus sp\u00e9cifiquement formul\u00e9e le jour du verdict. Le d\u00e9lit pour lequel Tilly a \u00e9t\u00e9 reconnu coupable interdit le d\u00e9nigrement des organes de l\u2019\u00c9tat russe, notamment des forces arm\u00e9es et du chef du Kremlin, Poutine.<\/p>\n<p><strong>\u2013 Tilly r\u00e9agit au verdict de Moscou avec un spot :<\/strong> Le constructeur de chars du carnaval a r\u00e9agi \u00e0 sa condamnation par une moquerie mordante. \u00ab\u00a0Il est d\u00e9sormais clair pour tout le monde que le r\u00e9gime russe a peur des d\u00e9coupes en carton\u00a0\u00bb, a d\u00e9clar\u00e9 l&rsquo;habitant de D\u00fcsseldorf \u00e0 l&rsquo;agence de presse allemande. \u00abIls se ridiculisent avec ce jugement et ne voient m\u00eame pas \u00e0 quel point cela est embarrassant et \u00e0 quel point ils ont peur des critiques satiriques.\u00bb Dans sa premi\u00e8re r\u00e9action, Tilly a parl\u00e9 d&rsquo;un verdict absurde mais aussi terrible. \u00ab\u00a0Je n&rsquo;ai pas commis de crime d&rsquo;\u00c9tat\u00a0\u00bb, a d\u00e9clar\u00e9 l&rsquo;homme de 62 ans.<\/p>\n<div id=\"attachment_438127\" class=\"wp-caption alignleft\" style=\"max-width: 300px\"><img decoding=\"async\" class=\"wp-image-438127 size-medium\" src=\"https:\/\/vieassociative.be\/actualites\/wp-content\/uploads\/2026\/04\/1775186259_267_Huit-ans-et-demi-de-prison-pour-le-carnavalier-Jacques.jpg\" alt=\"\" width=\"300\" height=\"200\"><\/div>\n<p>Le proc\u00e8s de Moscou concerne particuli\u00e8rement une \u0153uvre de Tilly. Son char de carnaval de 2024 avec des figures de Poutine en uniforme et du patriarche Kirill ayant des relations sexuelles orales homosexuelles a \u00e9t\u00e9 d\u00e9crit de mani\u00e8re tr\u00e8s d\u00e9taill\u00e9e \u00e0 plusieurs reprises au cours du proc\u00e8s.<\/p>\n<p>\u00ab\u00a0Il est normal pour moi de critiquer ceux qui sont au pouvoir dans les soci\u00e9t\u00e9s libres. C&rsquo;est une \u00e9vidence et ce n&rsquo;est pas un crime\u00a0\u00bb, a d\u00e9clar\u00e9 Tilly. Le but du proc\u00e8s est d&rsquo;intimider, mais il ne reculera pas, a-t-il assur\u00e9.<\/p>\n<p><strong>\u2013 L\u2019artiste n\u2019a pas \u00e0 craindre l\u2019extradition :<\/strong> Tilly a d\u00e9clar\u00e9 \u00e0 plusieurs reprises qu&rsquo;il n&rsquo;avait pas \u00e9t\u00e9 inform\u00e9 de la proc\u00e9dure par la justice russe. Cependant, les diplomates de l&rsquo;ambassade d&rsquo;Allemagne \u00e0 Moscou ont observ\u00e9 le proc\u00e8s \u00e0 sa connaissance.<\/p>\n<p>Suite \u00e0 de telles accusations de d\u00e9nigrement pr\u00e9sum\u00e9 de l\u2019arm\u00e9e, de nombreux opposants \u00e0 l\u2019invasion de l\u2019Ukraine ordonn\u00e9e par Poutine ont d\u00e9j\u00e0 \u00e9t\u00e9 condamn\u00e9s en Russie. Ces d\u00e9cisions ont \u00e9t\u00e9 critiqu\u00e9es au niveau international, les qualifiant de jugements injustes de la part du syst\u00e8me judiciaire arbitraire russe.<\/p>\n<p>Tilly n\u2019a pas \u00e0 craindre une extradition d\u2019Allemagne vers la Russie. Cependant, il peut rencontrer des probl\u00e8mes lorsqu&rsquo;il se rend dans des pays qui extradent vers la Russie des criminels recherch\u00e9s par Moscou. Moscou pourrait d\u00e9sormais le mettre en qu\u00eate d&rsquo;un avis de recherche aupr\u00e8s d&rsquo;Interpol.<\/p>\n<div id=\"attachment_438129\" class=\"wp-caption alignleft\" style=\"max-width: 300px\"><img decoding=\"async\" class=\"wp-image-438129 size-medium\" src=\"https:\/\/vieassociative.be\/actualites\/wp-content\/uploads\/2026\/04\/1775186259_710_Huit-ans-et-demi-de-prison-pour-le-carnavalier-Jacques.jpg\" alt=\"\" width=\"300\" height=\"214\"><\/div>\n<p>Le gouvernement f\u00e9d\u00e9ral a critiqu\u00e9 la d\u00e9cision du juge, la qualifiant de \u00ab spectacle absurde \u00bb. \u00ab\u00a0La condamnation de Jacques Tilly montre que la criminalisation et la pers\u00e9cution de la libert\u00e9 d&rsquo;expression par le gouvernement russe se poursuivent sans rel\u00e2che &#8211; mais maintenant aussi de plus en plus \u00e0 l&rsquo;\u00e9tranger\u00a0\u00bb, a d\u00e9clar\u00e9 l&rsquo;ambassadeur d&rsquo;Allemagne Alexander Graf Lambsdorff \u00e0 l&rsquo;agence de presse allemande \u00e0 Moscou. Mais l\u2019Allemagne est attach\u00e9e \u00e0 la libert\u00e9 de l\u2019art.<\/p>\n<p>Le Premier ministre de Rh\u00e9nanie du Nord-Westphalie, Hendrik W\u00fcst, a \u00e9galement critiqu\u00e9 le verdict et exprim\u00e9 sa solidarit\u00e9 avec l&rsquo;artiste. Tilly repr\u00e9sente la force d&rsquo;opinion, le courage et la satire mordante depuis plus de 30 ans ; Le politicien de la CDU a d\u00e9clar\u00e9 qu\u2019il ne reculait devant aucune institution, pouvoir ou autorit\u00e9 de l\u2019\u00c9tat.<\/p>\n<p><strong>\u2013 Blesser les sentiments religieux ?<\/strong> Au cours du proc\u00e8s, qui a dur\u00e9 plusieurs mois, des d\u00e9clarations identiques ont \u00e9t\u00e9 lues par trois t\u00e9moins qui, en tant que fervents chr\u00e9tiens, ont d\u00e9clar\u00e9 avoir vu leurs sentiments religieux bless\u00e9s. En Russie, les sanctions contre les sentiments religieux sont \u00e9lev\u00e9es. Le procureur de la R\u00e9publique l&rsquo;a \u00e9galement \u00e9voqu\u00e9 dans son plaidoyer.<\/p>\n<div id=\"attachment_438128\" class=\"wp-caption alignleft\" style=\"max-width: 300px\"><img loading=\"lazy\" decoding=\"async\" class=\"wp-image-438128 size-medium\" src=\"https:\/\/vieassociative.be\/actualites\/wp-content\/uploads\/2026\/04\/1775186259_566_Huit-ans-et-demi-de-prison-pour-le-carnavalier-Jacques.jpg\" alt=\"\" width=\"300\" height=\"200\"><\/div>\n<p>Les femmes ont d\u00e9plor\u00e9 que Tilly soit all\u00e9 trop loin dans sa critique de la guerre d&rsquo;agression de la Russie contre l&rsquo;Ukraine en insultant le chef de l&rsquo;\u00c9glise orthodoxe russe et le pr\u00e9sident Poutine.<\/p>\n<p>L&rsquo;une des nombreuses accusations concernait la propagande en faveur de l&rsquo;homosexualit\u00e9 &#8211; interdite en Russie &#8211; repr\u00e9sent\u00e9e par des figures du chef du Kremlin et du chef de l&rsquo;\u00c9glise. Les femmes ont d\u00e9clar\u00e9 avoir entendu parler de l&rsquo;affaire p\u00e9nale contre Tilly et se sont ensuite port\u00e9es volontaires pour \u00eatre t\u00e9moins apr\u00e8s avoir regard\u00e9 en ligne des repr\u00e9sentations de rapports sexuels entre les personnages Poutine et Kirill.<\/p>\n<p><strong>\u2013 Poutine motive toujours Tilly :<\/strong> Tilly est connu pour ses chars au th\u00e8me satirique et mordant lors du d\u00e9fil\u00e9 du lundi des roses \u00e0 D\u00fcsseldorf. Ses motifs font r\u00e9guli\u00e8rement la une de la presse allemande et internationale au lendemain du carnaval. Il a d\u00e9di\u00e9 \u00e0 plusieurs reprises ses voitures th\u00e9matiques \u00e0 Poutine. Une \u0153uvre montre le chef du Kremlin dans une baignoire ukrainienne, se baignant dans le sang.<\/p>\n<p>Cette ann\u00e9e, il y avait un char avec vue sur le proc\u00e8s de Moscou : une sculpture de Poutine en uniforme empale Hoppeditz, personnage du carnaval de D\u00fcsseldorf, avec une \u00e9p\u00e9e.<\/p>\n<p>Un jour du proc\u00e8s, un procureur a \u00e9galement pr\u00e9sent\u00e9 les d\u00e9clarations de Tilly tir\u00e9es des dossiers d&rsquo;enqu\u00eate au sujet de ses critiques de la guerre de Poutine contre l&rsquo;Ukraine. Des all\u00e9gations r\u00e9p\u00e9t\u00e9es ont \u00e9t\u00e9 port\u00e9es contre les forces arm\u00e9es russes pour le meurtre de civils ukrainiens. Selon les dossiers de l&rsquo;enqu\u00eate, Tilly est accus\u00e9 de haine envers les Russes. (dpa)<\/p>\n","protected":false},"excerpt":{"rendered":"<p>La justice russe juge par contumace le carnavalier de D\u00fcsseldorf Jacques Tilly. Le juge prononce une peine s\u00e9v\u00e8re. Les r\u00e9actions, pas seulement de la part<\/p>\n","protected":false},"author":1,"featured_media":13297,"comment_status":"","ping_status":"","sticky":false,"template":"","format":"standard","meta":{"footnotes":""},"categories":[298],"tags":[584,10412,10411,78,10413,3710,81,4140,10415,6403,10414],"class_list":["post-13296","post","type-post","status-publish","format-standard","has-post-thumbnail","hentry","category-belgique","tag-ans","tag-carnavalier","tag-demi","tag-huit","tag-jacques","tag-justice","tag-pour","tag-prison","tag-ridiculise","tag-russe","tag-tilly","generate-columns","tablet-grid-50","mobile-grid-100","grid-parent","grid-33"],"yoast_head":"<!-- This site is optimized with the Yoast SEO plugin v24.0 - https:\/\/yoast.com\/wordpress\/plugins\/seo\/ -->\n<title>Huit ans et demi de prison pour le carnavalier Jacques Tilly \u2013 \u00ab La justice russe se ridiculise \u00bb | Vie Associative<\/title>\n<meta name=\"robots\" content=\"index, follow, max-snippet:-1, max-image-preview:large, max-video-preview:-1\" \/>\n<link rel=\"canonical\" href=\"https:\/\/vieassociative.be\/actualites\/huit-ans-et-demi-de-prison-pour-le-carnavalier-jacques-tilly-la-justice-russe-se-ridiculise\/\" \/>\n<meta property=\"og:locale\" content=\"fr_FR\" \/>\n<meta property=\"og:type\" content=\"article\" \/>\n<meta property=\"og:title\" content=\"Huit ans et demi de prison pour le carnavalier Jacques Tilly \u2013 \u00ab La justice russe se ridiculise \u00bb | Vie Associative\" \/>\n<meta property=\"og:description\" content=\"La justice russe juge par contumace le carnavalier de D\u00fcsseldorf Jacques Tilly. Le juge prononce une peine s\u00e9v\u00e8re. Les r\u00e9actions, pas seulement de la part\" \/>\n<meta property=\"og:url\" content=\"https:\/\/vieassociative.be\/actualites\/huit-ans-et-demi-de-prison-pour-le-carnavalier-jacques-tilly-la-justice-russe-se-ridiculise\/\" \/>\n<meta property=\"og:site_name\" content=\"Vie Associative\" \/>\n<meta property=\"article:published_time\" content=\"2026-04-03T03:17:39+00:00\" \/>\n<meta property=\"og:image\" content=\"https:\/\/vieassociative.be\/actualites\/wp-content\/uploads\/2024\/09\/header_backgroundk-01-e1726694325946.png\" \/>\n\t<meta property=\"og:image:width\" content=\"279\" \/>\n\t<meta property=\"og:image:height\" content=\"92\" \/>\n\t<meta property=\"og:image:type\" content=\"image\/png\" \/>\n<meta name=\"author\" content=\"Julien\" \/>\n<meta name=\"twitter:card\" content=\"summary_large_image\" \/>\n<meta name=\"twitter:label1\" content=\"\u00c9crit par\" \/>\n\t<meta name=\"twitter:data1\" content=\"Julien\" \/>\n\t<meta name=\"twitter:label2\" content=\"Dur\u00e9e de lecture est.\" \/>\n\t<meta name=\"twitter:data2\" content=\"6 minutes\" \/>\n<script type=\"application\/ld+json\" class=\"yoast-schema-graph\">{\"@context\":\"https:\/\/schema.org\",\"@graph\":[{\"@type\":\"Article\",\"@id\":\"https:\/\/vieassociative.be\/actualites\/huit-ans-et-demi-de-prison-pour-le-carnavalier-jacques-tilly-la-justice-russe-se-ridiculise\/#article\",\"isPartOf\":{\"@id\":\"https:\/\/vieassociative.be\/actualites\/huit-ans-et-demi-de-prison-pour-le-carnavalier-jacques-tilly-la-justice-russe-se-ridiculise\/\"},\"author\":{\"name\":\"Julien\",\"@id\":\"https:\/\/vieassociative.be\/actualites\/#\/schema\/person\/b87ac4f82f9d4e7b7cec7395b679edc4\"},\"headline\":\"Huit ans et demi de prison pour le carnavalier Jacques Tilly \u2013 \u00ab La justice russe se ridiculise \u00bb\",\"datePublished\":\"2026-04-03T03:17:39+00:00\",\"dateModified\":\"2026-04-03T03:17:39+00:00\",\"mainEntityOfPage\":{\"@id\":\"https:\/\/vieassociative.be\/actualites\/huit-ans-et-demi-de-prison-pour-le-carnavalier-jacques-tilly-la-justice-russe-se-ridiculise\/\"},\"wordCount\":1176,\"publisher\":{\"@id\":\"https:\/\/vieassociative.be\/actualites\/#organization\"},\"image\":{\"@id\":\"https:\/\/vieassociative.be\/actualites\/huit-ans-et-demi-de-prison-pour-le-carnavalier-jacques-tilly-la-justice-russe-se-ridiculise\/#primaryimage\"},\"thumbnailUrl\":\"https:\/\/vieassociative.be\/actualites\/wp-content\/uploads\/2026\/04\/1775186260_Huit-ans-et-demi-de-prison-pour-le-carnavalier-Jacques.jpg\",\"keywords\":[\"ans\",\"carnavalier\",\"demi\",\"Huit\",\"Jacques\",\"justice\",\"pour\",\"prison\",\"ridiculise\",\"russe\",\"Tilly\"],\"articleSection\":[\"Belgique\"],\"inLanguage\":\"fr-BE\"},{\"@type\":\"WebPage\",\"@id\":\"https:\/\/vieassociative.be\/actualites\/huit-ans-et-demi-de-prison-pour-le-carnavalier-jacques-tilly-la-justice-russe-se-ridiculise\/\",\"url\":\"https:\/\/vieassociative.be\/actualites\/huit-ans-et-demi-de-prison-pour-le-carnavalier-jacques-tilly-la-justice-russe-se-ridiculise\/\",\"name\":\"Huit ans et demi de prison pour le carnavalier Jacques Tilly \u2013 \u00ab La justice russe se ridiculise \u00bb | Vie Associative\",\"isPartOf\":{\"@id\":\"https:\/\/vieassociative.be\/actualites\/#website\"},\"primaryImageOfPage\":{\"@id\":\"https:\/\/vieassociative.be\/actualites\/huit-ans-et-demi-de-prison-pour-le-carnavalier-jacques-tilly-la-justice-russe-se-ridiculise\/#primaryimage\"},\"image\":{\"@id\":\"https:\/\/vieassociative.be\/actualites\/huit-ans-et-demi-de-prison-pour-le-carnavalier-jacques-tilly-la-justice-russe-se-ridiculise\/#primaryimage\"},\"thumbnailUrl\":\"https:\/\/vieassociative.be\/actualites\/wp-content\/uploads\/2026\/04\/1775186260_Huit-ans-et-demi-de-prison-pour-le-carnavalier-Jacques.jpg\",\"datePublished\":\"2026-04-03T03:17:39+00:00\",\"dateModified\":\"2026-04-03T03:17:39+00:00\",\"breadcrumb\":{\"@id\":\"https:\/\/vieassociative.be\/actualites\/huit-ans-et-demi-de-prison-pour-le-carnavalier-jacques-tilly-la-justice-russe-se-ridiculise\/#breadcrumb\"},\"inLanguage\":\"fr-BE\",\"potentialAction\":[{\"@type\":\"ReadAction\",\"target\":[\"https:\/\/vieassociative.be\/actualites\/huit-ans-et-demi-de-prison-pour-le-carnavalier-jacques-tilly-la-justice-russe-se-ridiculise\/\"]}]},{\"@type\":\"ImageObject\",\"inLanguage\":\"fr-BE\",\"@id\":\"https:\/\/vieassociative.be\/actualites\/huit-ans-et-demi-de-prison-pour-le-carnavalier-jacques-tilly-la-justice-russe-se-ridiculise\/#primaryimage\",\"url\":\"https:\/\/vieassociative.be\/actualites\/wp-content\/uploads\/2026\/04\/1775186260_Huit-ans-et-demi-de-prison-pour-le-carnavalier-Jacques.jpg\",\"contentUrl\":\"https:\/\/vieassociative.be\/actualites\/wp-content\/uploads\/2026\/04\/1775186260_Huit-ans-et-demi-de-prison-pour-le-carnavalier-Jacques.jpg\",\"width\":1200,\"height\":800,\"caption\":\"Huit ans et demi de prison pour le carnavalier Jacques Tilly \u2013 \u00ab La justice russe se ridiculise \u00bb\"},{\"@type\":\"BreadcrumbList\",\"@id\":\"https:\/\/vieassociative.be\/actualites\/huit-ans-et-demi-de-prison-pour-le-carnavalier-jacques-tilly-la-justice-russe-se-ridiculise\/#breadcrumb\",\"itemListElement\":[{\"@type\":\"ListItem\",\"position\":1,\"name\":\"Accueil\",\"item\":\"https:\/\/vieassociative.be\/actualites\/\"},{\"@type\":\"ListItem\",\"position\":2,\"name\":\"Huit ans et demi de prison pour le carnavalier Jacques Tilly \u2013 \u00ab La justice russe se ridiculise \u00bb\"}]},{\"@type\":\"WebSite\",\"@id\":\"https:\/\/vieassociative.be\/actualites\/#website\",\"url\":\"https:\/\/vieassociative.be\/actualites\/\",\"name\":\"Vie Associative\",\"description\":\"\",\"publisher\":{\"@id\":\"https:\/\/vieassociative.be\/actualites\/#organization\"},\"potentialAction\":[{\"@type\":\"SearchAction\",\"target\":{\"@type\":\"EntryPoint\",\"urlTemplate\":\"https:\/\/vieassociative.be\/actualites\/?s={search_term_string}\"},\"query-input\":{\"@type\":\"PropertyValueSpecification\",\"valueRequired\":true,\"valueName\":\"search_term_string\"}}],\"inLanguage\":\"fr-BE\"},{\"@type\":\"Organization\",\"@id\":\"https:\/\/vieassociative.be\/actualites\/#organization\",\"name\":\"Vie Associative\",\"url\":\"https:\/\/vieassociative.be\/actualites\/\",\"logo\":{\"@type\":\"ImageObject\",\"inLanguage\":\"fr-BE\",\"@id\":\"https:\/\/vieassociative.be\/actualites\/#\/schema\/logo\/image\/\",\"url\":\"https:\/\/vieassociative.be\/actualites\/wp-content\/uploads\/2024\/09\/cropped-vieassociative_favicon.ico.png\",\"contentUrl\":\"https:\/\/vieassociative.be\/actualites\/wp-content\/uploads\/2024\/09\/cropped-vieassociative_favicon.ico.png\",\"width\":512,\"height\":512,\"caption\":\"Vie Associative\"},\"image\":{\"@id\":\"https:\/\/vieassociative.be\/actualites\/#\/schema\/logo\/image\/\"}},{\"@type\":\"Person\",\"@id\":\"https:\/\/vieassociative.be\/actualites\/#\/schema\/person\/b87ac4f82f9d4e7b7cec7395b679edc4\",\"name\":\"Julien\",\"image\":{\"@type\":\"ImageObject\",\"inLanguage\":\"fr-BE\",\"@id\":\"https:\/\/vieassociative.be\/actualites\/#\/schema\/person\/image\/\",\"url\":\"https:\/\/vieassociative.be\/actualites\/wp-content\/uploads\/2024\/09\/vie-associative-1-150x150.jpg\",\"contentUrl\":\"https:\/\/vieassociative.be\/actualites\/wp-content\/uploads\/2024\/09\/vie-associative-1-150x150.jpg\",\"caption\":\"Julien\"},\"description\":\"Je suis Julien, r\u00e9dacteur pour Vie Associative. Passionn\u00e9 par le monde associatif depuis plus de 10 ans, j'ai \u00e0 c\u0153ur de partager des histoires inspirantes et de mettre en lumi\u00e8re les initiatives locales. Mon objectif est de sensibiliser et d'encourager l'engagement communautaire \u00e0 travers mes articles.\",\"sameAs\":[\"https:\/\/vieassociative.be\/\"]}]}<\/script>\n<!-- \/ Yoast SEO plugin. -->","yoast_head_json":{"title":"Huit ans et demi de prison pour le carnavalier Jacques Tilly \u2013 \u00ab La justice russe se ridiculise \u00bb | Vie Associative","robots":{"index":"index","follow":"follow","max-snippet":"max-snippet:-1","max-image-preview":"max-image-preview:large","max-video-preview":"max-video-preview:-1"},"canonical":"https:\/\/vieassociative.be\/actualites\/huit-ans-et-demi-de-prison-pour-le-carnavalier-jacques-tilly-la-justice-russe-se-ridiculise\/","og_locale":"fr_FR","og_type":"article","og_title":"Huit ans et demi de prison pour le carnavalier Jacques Tilly \u2013 \u00ab La justice russe se ridiculise \u00bb | Vie Associative","og_description":"La justice russe juge par contumace le carnavalier de D\u00fcsseldorf Jacques Tilly. Le juge prononce une peine s\u00e9v\u00e8re. Les r\u00e9actions, pas seulement de la part","og_url":"https:\/\/vieassociative.be\/actualites\/huit-ans-et-demi-de-prison-pour-le-carnavalier-jacques-tilly-la-justice-russe-se-ridiculise\/","og_site_name":"Vie Associative","article_published_time":"2026-04-03T03:17:39+00:00","og_image":[{"width":279,"height":92,"url":"https:\/\/vieassociative.be\/actualites\/wp-content\/uploads\/2024\/09\/header_backgroundk-01-e1726694325946.png","type":"image\/png"}],"author":"Julien","twitter_card":"summary_large_image","twitter_misc":{"\u00c9crit par":"Julien","Dur\u00e9e de lecture est.":"6 minutes"},"schema":{"@context":"https:\/\/schema.org","@graph":[{"@type":"Article","@id":"https:\/\/vieassociative.be\/actualites\/huit-ans-et-demi-de-prison-pour-le-carnavalier-jacques-tilly-la-justice-russe-se-ridiculise\/#article","isPartOf":{"@id":"https:\/\/vieassociative.be\/actualites\/huit-ans-et-demi-de-prison-pour-le-carnavalier-jacques-tilly-la-justice-russe-se-ridiculise\/"},"author":{"name":"Julien","@id":"https:\/\/vieassociative.be\/actualites\/#\/schema\/person\/b87ac4f82f9d4e7b7cec7395b679edc4"},"headline":"Huit ans et demi de prison pour le carnavalier Jacques Tilly \u2013 \u00ab La justice russe se ridiculise \u00bb","datePublished":"2026-04-03T03:17:39+00:00","dateModified":"2026-04-03T03:17:39+00:00","mainEntityOfPage":{"@id":"https:\/\/vieassociative.be\/actualites\/huit-ans-et-demi-de-prison-pour-le-carnavalier-jacques-tilly-la-justice-russe-se-ridiculise\/"},"wordCount":1176,"publisher":{"@id":"https:\/\/vieassociative.be\/actualites\/#organization"},"image":{"@id":"https:\/\/vieassociative.be\/actualites\/huit-ans-et-demi-de-prison-pour-le-carnavalier-jacques-tilly-la-justice-russe-se-ridiculise\/#primaryimage"},"thumbnailUrl":"https:\/\/vieassociative.be\/actualites\/wp-content\/uploads\/2026\/04\/1775186260_Huit-ans-et-demi-de-prison-pour-le-carnavalier-Jacques.jpg","keywords":["ans","carnavalier","demi","Huit","Jacques","justice","pour","prison","ridiculise","russe","Tilly"],"articleSection":["Belgique"],"inLanguage":"fr-BE"},{"@type":"WebPage","@id":"https:\/\/vieassociative.be\/actualites\/huit-ans-et-demi-de-prison-pour-le-carnavalier-jacques-tilly-la-justice-russe-se-ridiculise\/","url":"https:\/\/vieassociative.be\/actualites\/huit-ans-et-demi-de-prison-pour-le-carnavalier-jacques-tilly-la-justice-russe-se-ridiculise\/","name":"Huit ans et demi de prison pour le carnavalier Jacques Tilly \u2013 \u00ab La justice russe se ridiculise \u00bb | Vie Associative","isPartOf":{"@id":"https:\/\/vieassociative.be\/actualites\/#website"},"primaryImageOfPage":{"@id":"https:\/\/vieassociative.be\/actualites\/huit-ans-et-demi-de-prison-pour-le-carnavalier-jacques-tilly-la-justice-russe-se-ridiculise\/#primaryimage"},"image":{"@id":"https:\/\/vieassociative.be\/actualites\/huit-ans-et-demi-de-prison-pour-le-carnavalier-jacques-tilly-la-justice-russe-se-ridiculise\/#primaryimage"},"thumbnailUrl":"https:\/\/vieassociative.be\/actualites\/wp-content\/uploads\/2026\/04\/1775186260_Huit-ans-et-demi-de-prison-pour-le-carnavalier-Jacques.jpg","datePublished":"2026-04-03T03:17:39+00:00","dateModified":"2026-04-03T03:17:39+00:00","breadcrumb":{"@id":"https:\/\/vieassociative.be\/actualites\/huit-ans-et-demi-de-prison-pour-le-carnavalier-jacques-tilly-la-justice-russe-se-ridiculise\/#breadcrumb"},"inLanguage":"fr-BE","potentialAction":[{"@type":"ReadAction","target":["https:\/\/vieassociative.be\/actualites\/huit-ans-et-demi-de-prison-pour-le-carnavalier-jacques-tilly-la-justice-russe-se-ridiculise\/"]}]},{"@type":"ImageObject","inLanguage":"fr-BE","@id":"https:\/\/vieassociative.be\/actualites\/huit-ans-et-demi-de-prison-pour-le-carnavalier-jacques-tilly-la-justice-russe-se-ridiculise\/#primaryimage","url":"https:\/\/vieassociative.be\/actualites\/wp-content\/uploads\/2026\/04\/1775186260_Huit-ans-et-demi-de-prison-pour-le-carnavalier-Jacques.jpg","contentUrl":"https:\/\/vieassociative.be\/actualites\/wp-content\/uploads\/2026\/04\/1775186260_Huit-ans-et-demi-de-prison-pour-le-carnavalier-Jacques.jpg","width":1200,"height":800,"caption":"Huit ans et demi de prison pour le carnavalier Jacques Tilly \u2013 \u00ab La justice russe se ridiculise \u00bb"},{"@type":"BreadcrumbList","@id":"https:\/\/vieassociative.be\/actualites\/huit-ans-et-demi-de-prison-pour-le-carnavalier-jacques-tilly-la-justice-russe-se-ridiculise\/#breadcrumb","itemListElement":[{"@type":"ListItem","position":1,"name":"Accueil","item":"https:\/\/vieassociative.be\/actualites\/"},{"@type":"ListItem","position":2,"name":"Huit ans et demi de prison pour le carnavalier Jacques Tilly \u2013 \u00ab La justice russe se ridiculise \u00bb"}]},{"@type":"WebSite","@id":"https:\/\/vieassociative.be\/actualites\/#website","url":"https:\/\/vieassociative.be\/actualites\/","name":"Vie Associative","description":"","publisher":{"@id":"https:\/\/vieassociative.be\/actualites\/#organization"},"potentialAction":[{"@type":"SearchAction","target":{"@type":"EntryPoint","urlTemplate":"https:\/\/vieassociative.be\/actualites\/?s={search_term_string}"},"query-input":{"@type":"PropertyValueSpecification","valueRequired":true,"valueName":"search_term_string"}}],"inLanguage":"fr-BE"},{"@type":"Organization","@id":"https:\/\/vieassociative.be\/actualites\/#organization","name":"Vie Associative","url":"https:\/\/vieassociative.be\/actualites\/","logo":{"@type":"ImageObject","inLanguage":"fr-BE","@id":"https:\/\/vieassociative.be\/actualites\/#\/schema\/logo\/image\/","url":"https:\/\/vieassociative.be\/actualites\/wp-content\/uploads\/2024\/09\/cropped-vieassociative_favicon.ico.png","contentUrl":"https:\/\/vieassociative.be\/actualites\/wp-content\/uploads\/2024\/09\/cropped-vieassociative_favicon.ico.png","width":512,"height":512,"caption":"Vie Associative"},"image":{"@id":"https:\/\/vieassociative.be\/actualites\/#\/schema\/logo\/image\/"}},{"@type":"Person","@id":"https:\/\/vieassociative.be\/actualites\/#\/schema\/person\/b87ac4f82f9d4e7b7cec7395b679edc4","name":"Julien","image":{"@type":"ImageObject","inLanguage":"fr-BE","@id":"https:\/\/vieassociative.be\/actualites\/#\/schema\/person\/image\/","url":"https:\/\/vieassociative.be\/actualites\/wp-content\/uploads\/2024\/09\/vie-associative-1-150x150.jpg","contentUrl":"https:\/\/vieassociative.be\/actualites\/wp-content\/uploads\/2024\/09\/vie-associative-1-150x150.jpg","caption":"Julien"},"description":"Je suis Julien, r\u00e9dacteur pour Vie Associative. Passionn\u00e9 par le monde associatif depuis plus de 10 ans, j'ai \u00e0 c\u0153ur de partager des histoires inspirantes et de mettre en lumi\u00e8re les initiatives locales. Mon objectif est de sensibiliser et d'encourager l'engagement communautaire \u00e0 travers mes articles.","sameAs":["https:\/\/vieassociative.be\/"]}]}},"_links":{"self":[{"href":"https:\/\/vieassociative.be\/actualites\/wp-json\/wp\/v2\/posts\/13296"}],"collection":[{"href":"https:\/\/vieassociative.be\/actualites\/wp-json\/wp\/v2\/posts"}],"about":[{"href":"https:\/\/vieassociative.be\/actualites\/wp-json\/wp\/v2\/types\/post"}],"author":[{"embeddable":true,"href":"https:\/\/vieassociative.be\/actualites\/wp-json\/wp\/v2\/users\/1"}],"replies":[{"embeddable":true,"href":"https:\/\/vieassociative.be\/actualites\/wp-json\/wp\/v2\/comments?post=13296"}],"version-history":[{"count":0,"href":"https:\/\/vieassociative.be\/actualites\/wp-json\/wp\/v2\/posts\/13296\/revisions"}],"wp:featuredmedia":[{"embeddable":true,"href":"https:\/\/vieassociative.be\/actualites\/wp-json\/wp\/v2\/media\/13297"}],"wp:attachment":[{"href":"https:\/\/vieassociative.be\/actualites\/wp-json\/wp\/v2\/media?parent=13296"}],"wp:term":[{"taxonomy":"category","embeddable":true,"href":"https:\/\/vieassociative.be\/actualites\/wp-json\/wp\/v2\/categories?post=13296"},{"taxonomy":"post_tag","embeddable":true,"href":"https:\/\/vieassociative.be\/actualites\/wp-json\/wp\/v2\/tags?post=13296"}],"curies":[{"name":"wp","href":"https:\/\/api.w.org\/{rel}","templated":true}]}}