{"id":13294,"date":"2026-04-03T04:17:57","date_gmt":"2026-04-03T02:17:57","guid":{"rendered":"https:\/\/vieassociative.be\/actualites\/jai-essaye-chatgpt-dans-carplay-et-jai-immediatement-hallucine\/"},"modified":"2026-04-03T04:17:57","modified_gmt":"2026-04-03T02:17:57","slug":"jai-essaye-chatgpt-dans-carplay-et-jai-immediatement-hallucine","status":"publish","type":"post","link":"https:\/\/vieassociative.be\/actualites\/jai-essaye-chatgpt-dans-carplay-et-jai-immediatement-hallucine\/","title":{"rendered":"J&rsquo;ai essay\u00e9 ChatGPT dans CarPlay et j&rsquo;ai imm\u00e9diatement hallucin\u00e9"},"content":{"rendered":"<p>En f\u00e9vrier, nous avons appris qu&rsquo;Apple envisageait d&rsquo;int\u00e9grer des assistants IA dans CarPlay. La nouvelle est arriv\u00e9e avec la premi\u00e8re version b\u00eata d&rsquo;iOS 26.4, bien qu&rsquo;Apple n&rsquo;ait pas r\u00e9ellement inclus de moyen permettant aux testeurs de tester l&rsquo;int\u00e9gration dans le logiciel. Au lieu de cela, la soci\u00e9t\u00e9 a confirm\u00e9 la nouvelle dans son guide des d\u00e9veloppeurs CarPlay, d\u00e9clarant que la prise en charge de \u00ab l&rsquo;application conversationnelle vocale CarPlay \u00bb n\u00e9cessiterait au minimum iOS 26.4. <\/p>\n<p>Eh bien, Apple a lanc\u00e9 iOS 26.4 la semaine derni\u00e8re, et bien que la mise \u00e0 jour ait apport\u00e9 un certain nombre de nouvelles fonctionnalit\u00e9s, aucune d&rsquo;entre elles n&rsquo;\u00e9tait une int\u00e9gration de chatbot IA avec CarPlay. La soci\u00e9t\u00e9 a m\u00eame abandonn\u00e9 la premi\u00e8re version b\u00eata d\u2019iOS 26.5 sans mentionner la fonctionnalit\u00e9 \u00e0 venir. J&rsquo;admets que l&rsquo;id\u00e9e d&rsquo;utiliser ChatGPT, Claude ou Gemini avec CarPlay a totalement disparu de mon radar, remplac\u00e9e par des r\u00e9flexions sur le moment o\u00f9 la grande mise \u00e0 niveau AI Siri d&rsquo;Apple serait r\u00e9ellement lanc\u00e9e. Mais OpenAI ne l\u2019a pas oubli\u00e9.<\/p>\n<h2 id=\"chatgpt-is-now-available-in-carplay\">ChatGPT est d\u00e9sormais disponible dans CarPlay<\/h2>\n<p>Dans un geste surprise, OpenAI d\u00e9ploie d\u00e9sormais la prise en charge de ChatGPT dans CarPlay. La soci\u00e9t\u00e9 a annonc\u00e9 la nouvelle dans un article publi\u00e9 jeudi sur X, avec le slogan suivant\u00a0: \u00ab\u00a0Le mode vocal que vous connaissez, d\u00e9sormais disponible en d\u00e9placement.\u00a0\u00bb OpenAI a confirm\u00e9 dans la publication que la fonctionnalit\u00e9 fonctionne avec les iPhones ex\u00e9cutant la derni\u00e8re version d&rsquo;iOS (iOS 26.4) et dans les voitures prenant en charge CarPlay, bien s\u00fbr. <\/p>\n<p>Il se trouve que j&rsquo;ai une voiture avec CarPlay, j&rsquo;ai donc d\u00fb essayer cette fonctionnalit\u00e9. Mon iPhone ex\u00e9cute d\u00e9j\u00e0 iOS 26.4, ce n&rsquo;\u00e9tait donc pas un probl\u00e8me, mais j&rsquo;ai d\u00fb mettre \u00e0 jour l&rsquo;application ChatGPT vers sa derni\u00e8re version. Avant, je ne pouvais pas voir l&rsquo;application dans CarPlay. Suite \u00e0 une mise \u00e0 jour, ChatGPT est apparu sur la derni\u00e8re page de l&rsquo;application dans ma fen\u00eatre CarPlay. <\/p>\n<p>Je l&rsquo;ai essay\u00e9 et cela fonctionne \u00e0 peu pr\u00e8s comme pr\u00e9vu\u00a0: lorsque vous lancez ChatGPT dans CarPlay, il s&rsquo;ouvre directement en mode vocal. (Vous conduisez, apr\u00e8s tout.) Il n&rsquo;y a que deux boutons sur l&rsquo;\u00e9cran : \u00ab\u00a0Fin\u00a0\u00bb, qui met fin \u00e0 la session, ou \u00ab\u00a0Muet\u00a0\u00bb, qui coupe le son de la session, probablement pour que vous puissiez parler \u00e0 d&rsquo;autres personnes dans la voiture (ou injurier les autres conducteurs\u00a0?) sans que ChatGPT n&rsquo;\u00e9coute. <\/p>\n<p>Apr\u00e8s avoir lanc\u00e9 l&rsquo;application, vous pouvez simplement parler \u00e0 ChatGPT et il pourra r\u00e9pondre. Il s\u2019agit vraiment d\u2019une version conviviale du mode vocal familier. <\/p>\n<h2 id=\"carplay-doesnt-stop-chatgpt-from-hallucinating\">CarPlay n&#8217;emp\u00eache pas ChatGPT d&rsquo;halluciner <\/h2>\n<p>Je n\u2019ai pas vraiment d\u2019autres points \u00e0 retenir ici, \u00e0 part ceci : au cours du tr\u00e8s court temps pass\u00e9 \u00e0 tester la fonctionnalit\u00e9, l\u2019IA a commenc\u00e9 \u00e0 halluciner presque imm\u00e9diatement. J&rsquo;ai demand\u00e9 s&rsquo;il savait ce que je faisais, et il m&rsquo;a r\u00e9pondu que non. Lorsque j&rsquo;ai appuy\u00e9 sur le fait que je pensais qu&rsquo;il serait capable de deviner \u00e9tant donn\u00e9 le contexte, il a admis qu&rsquo;il savait que j&rsquo;utilisais CarPlay, donc je conduisais probablement. J&rsquo;ai demand\u00e9 depuis combien de temps cela \u00e9tait une fonctionnalit\u00e9, et il a pens\u00e9 \u00e0 tort que je parlais de CarPlay, alors il a r\u00e9pondu 2014. Lorsque je l&rsquo;ai corrig\u00e9 et demand\u00e9 depuis combien de temps l&rsquo;int\u00e9gration de ChatGPT \u00e9tait une fonctionnalit\u00e9 dans CarPlay, il a r\u00e9pondu fin 2023. <\/p>\n<p>\u00ab\u00a0Fin 2023 ?\u00a0\u00bb J&rsquo;ai demand\u00e9. \u00ab\u00a0Ouais, exactement !\u00a0\u00bb a r\u00e9pondu ChatGPT. \u00ab\u00a0C&rsquo;est donc encore assez r\u00e9cent, mais cela s&rsquo;est beaucoup d\u00e9velopp\u00e9 depuis, notamment avec les mises \u00e0 jour d&rsquo;OpenAI et d&rsquo;Apple. Donc, oui, vous \u00eates en quelque sorte au d\u00e9but de cette vague !\u00a0\u00bb J&rsquo;ai demand\u00e9 s&rsquo;il savait en quelle ann\u00e9e nous \u00e9tions actuellement. ChatGPT a admis que nous \u00e9tions en 2026, ce qui signifiait que \u00ab quelques ann\u00e9es s&rsquo;\u00e9taient \u00e9coul\u00e9es depuis ce d\u00e9ploiement initial \u00bb, et m&rsquo;a remerci\u00e9 de l&rsquo;avoir soulign\u00e9. <\/p>\n<p>\u00ab\u00a0D&rsquo;accord,\u00a0\u00bb dis-je. \u00ab\u00a0Mais j&rsquo;avais l&rsquo;impression que cette fonctionnalit\u00e9 \u00e9tait toute nouvelle, comme si elle venait litt\u00e9ralement de sortir aujourd&rsquo;hui.\u00a0\u00bb C&rsquo;\u00e9tait la premi\u00e8re fois dans cette conversation que ChatGPT devait \u00ab r\u00e9fl\u00e9chir \u00bb, signal\u00e9 par une m\u00e9lodie subtile jou\u00e9e en arri\u00e8re-plan. Lorsqu&rsquo;il m&rsquo;est revenu, il a confirm\u00e9 la fonctionnalit\u00e9 lanc\u00e9e avec iOS 26.4. \u00ab\u00a0C&rsquo;est la premi\u00e8re fois que des applications de chat tierces comme ChatGPT sont disponibles dans CarPlay, c&rsquo;est donc super nouveau !\u00a0\u00bb Lorsque j\u2019ai demand\u00e9 pourquoi il \u00e9tait initialement question de 2023, il m\u2019a r\u00e9pondu que c\u2019\u00e9tait une erreur. Lorsque je l&rsquo;ai pouss\u00e9 pour me dire de quelle source il tirait cette information, il a dit qu&rsquo;il \u00ab\u00a0avait d\u00fb se souvenir d&rsquo;une chronologie ant\u00e9rieure par accident\u00a0\u00bb.<\/p>\n<p>Ce n&rsquo;est pas un probl\u00e8me nouveau. Toutes les IA g\u00e9n\u00e9ratives hallucinent, pas seulement ChatGPT, et c&rsquo;est quelque chose \u00e0 pr\u00e9voir lors de l&rsquo;utilisation de la technologie. Mais je ne peux m&#8217;emp\u00eacher de penser que CarPlay ne fait qu&rsquo;aggraver le probl\u00e8me : vous ne pouvez pas facilement v\u00e9rifier vous-m\u00eame l&rsquo;IA lorsque vous \u00eates sur la route ; tout ce que vous pouvez faire est de lui demander de v\u00e9rifier lui-m\u00eame les faits. Bien s\u00fbr, cela pourrait corriger l\u2019erreur, comme il l\u2019a fait lorsque je l\u2019ai contest\u00e9e, mais cela pourrait aussi simplement halluciner la correction. Si vous comptez sur cet outil pour r\u00e9pondre \u00e0 vos questions lorsque vous \u00eates en d\u00e9placement, vous risquez de recevoir des informations erron\u00e9es que vous classez comme \u00e9tant la v\u00e9rit\u00e9. <\/p>\n<p><em>Divulgation : La soci\u00e9t\u00e9 m\u00e8re de Vie Associative, Ziff Davis, a intent\u00e9 une action en justice contre OpenAI en avril, all\u00e9guant qu&rsquo;elle avait viol\u00e9 les droits d&rsquo;auteur de Ziff Davis dans la formation et l&rsquo;exploitation de ses syst\u00e8mes d&rsquo;IA.<\/em><\/p>\n","protected":false},"excerpt":{"rendered":"<p>En f\u00e9vrier, nous avons appris qu&rsquo;Apple envisageait d&rsquo;int\u00e9grer des assistants IA dans CarPlay. La nouvelle est arriv\u00e9e avec la premi\u00e8re version b\u00eata d&rsquo;iOS 26.4, bien<\/p>\n","protected":false},"author":1,"featured_media":13295,"comment_status":"","ping_status":"","sticky":false,"template":"","format":"standard","meta":{"footnotes":""},"categories":[10299],"tags":[7452,1177,166,2258,10410,1631,823],"class_list":["post-13294","post","type-post","status-publish","format-standard","has-post-thumbnail","hentry","category-ai","tag-carplay","tag-chatgpt","tag-dans","tag-essaye","tag-hallucine","tag-immediatement","tag-jai","generate-columns","tablet-grid-50","mobile-grid-100","grid-parent","grid-33"],"yoast_head":"<!-- This site is optimized with the Yoast SEO plugin v24.0 - https:\/\/yoast.com\/wordpress\/plugins\/seo\/ -->\n<title>J&#039;ai essay\u00e9 ChatGPT dans CarPlay et j&#039;ai imm\u00e9diatement hallucin\u00e9 | Vie Associative<\/title>\n<meta name=\"robots\" content=\"index, follow, max-snippet:-1, max-image-preview:large, max-video-preview:-1\" \/>\n<link rel=\"canonical\" href=\"https:\/\/vieassociative.be\/actualites\/jai-essaye-chatgpt-dans-carplay-et-jai-immediatement-hallucine\/\" \/>\n<meta property=\"og:locale\" content=\"fr_FR\" \/>\n<meta property=\"og:type\" content=\"article\" \/>\n<meta property=\"og:title\" content=\"J&#039;ai essay\u00e9 ChatGPT dans CarPlay et j&#039;ai imm\u00e9diatement hallucin\u00e9 | Vie Associative\" \/>\n<meta property=\"og:description\" content=\"En f\u00e9vrier, nous avons appris qu&rsquo;Apple envisageait d&rsquo;int\u00e9grer des assistants IA dans CarPlay. La nouvelle est arriv\u00e9e avec la premi\u00e8re version b\u00eata d&rsquo;iOS 26.4, bien\" \/>\n<meta property=\"og:url\" content=\"https:\/\/vieassociative.be\/actualites\/jai-essaye-chatgpt-dans-carplay-et-jai-immediatement-hallucine\/\" \/>\n<meta property=\"og:site_name\" content=\"Vie Associative\" \/>\n<meta property=\"article:published_time\" content=\"2026-04-03T02:17:57+00:00\" \/>\n<meta property=\"og:image\" content=\"https:\/\/vieassociative.be\/actualites\/wp-content\/uploads\/2024\/09\/header_backgroundk-01-e1726694325946.png\" \/>\n\t<meta property=\"og:image:width\" content=\"279\" \/>\n\t<meta property=\"og:image:height\" content=\"92\" \/>\n\t<meta property=\"og:image:type\" content=\"image\/png\" \/>\n<meta name=\"author\" content=\"Julien\" \/>\n<meta name=\"twitter:card\" content=\"summary_large_image\" \/>\n<meta name=\"twitter:label1\" content=\"\u00c9crit par\" \/>\n\t<meta name=\"twitter:data1\" content=\"Julien\" \/>\n\t<meta name=\"twitter:label2\" content=\"Dur\u00e9e de lecture est.\" \/>\n\t<meta name=\"twitter:data2\" content=\"5 minutes\" \/>\n<script type=\"application\/ld+json\" class=\"yoast-schema-graph\">{\"@context\":\"https:\/\/schema.org\",\"@graph\":[{\"@type\":\"Article\",\"@id\":\"https:\/\/vieassociative.be\/actualites\/jai-essaye-chatgpt-dans-carplay-et-jai-immediatement-hallucine\/#article\",\"isPartOf\":{\"@id\":\"https:\/\/vieassociative.be\/actualites\/jai-essaye-chatgpt-dans-carplay-et-jai-immediatement-hallucine\/\"},\"author\":{\"name\":\"Julien\",\"@id\":\"https:\/\/vieassociative.be\/actualites\/#\/schema\/person\/b87ac4f82f9d4e7b7cec7395b679edc4\"},\"headline\":\"J&rsquo;ai essay\u00e9 ChatGPT dans CarPlay et j&rsquo;ai imm\u00e9diatement hallucin\u00e9\",\"datePublished\":\"2026-04-03T02:17:57+00:00\",\"dateModified\":\"2026-04-03T02:17:57+00:00\",\"mainEntityOfPage\":{\"@id\":\"https:\/\/vieassociative.be\/actualites\/jai-essaye-chatgpt-dans-carplay-et-jai-immediatement-hallucine\/\"},\"wordCount\":1042,\"publisher\":{\"@id\":\"https:\/\/vieassociative.be\/actualites\/#organization\"},\"image\":{\"@id\":\"https:\/\/vieassociative.be\/actualites\/jai-essaye-chatgpt-dans-carplay-et-jai-immediatement-hallucine\/#primaryimage\"},\"thumbnailUrl\":\"https:\/\/vieassociative.be\/actualites\/wp-content\/uploads\/2026\/04\/Jai-essaye-ChatGPT-dans-CarPlay-et-jai-immediatement-hallucine.jpg\",\"keywords\":[\"carplay\",\"ChatGPT\",\"dans\",\"essay\u00e9\",\"hallucin\u00e9\",\"imm\u00e9diatement\",\"Jai\"],\"articleSection\":[\"AI\"],\"inLanguage\":\"fr-BE\"},{\"@type\":\"WebPage\",\"@id\":\"https:\/\/vieassociative.be\/actualites\/jai-essaye-chatgpt-dans-carplay-et-jai-immediatement-hallucine\/\",\"url\":\"https:\/\/vieassociative.be\/actualites\/jai-essaye-chatgpt-dans-carplay-et-jai-immediatement-hallucine\/\",\"name\":\"J'ai essay\u00e9 ChatGPT dans CarPlay et j'ai imm\u00e9diatement hallucin\u00e9 | Vie Associative\",\"isPartOf\":{\"@id\":\"https:\/\/vieassociative.be\/actualites\/#website\"},\"primaryImageOfPage\":{\"@id\":\"https:\/\/vieassociative.be\/actualites\/jai-essaye-chatgpt-dans-carplay-et-jai-immediatement-hallucine\/#primaryimage\"},\"image\":{\"@id\":\"https:\/\/vieassociative.be\/actualites\/jai-essaye-chatgpt-dans-carplay-et-jai-immediatement-hallucine\/#primaryimage\"},\"thumbnailUrl\":\"https:\/\/vieassociative.be\/actualites\/wp-content\/uploads\/2026\/04\/Jai-essaye-ChatGPT-dans-CarPlay-et-jai-immediatement-hallucine.jpg\",\"datePublished\":\"2026-04-03T02:17:57+00:00\",\"dateModified\":\"2026-04-03T02:17:57+00:00\",\"breadcrumb\":{\"@id\":\"https:\/\/vieassociative.be\/actualites\/jai-essaye-chatgpt-dans-carplay-et-jai-immediatement-hallucine\/#breadcrumb\"},\"inLanguage\":\"fr-BE\",\"potentialAction\":[{\"@type\":\"ReadAction\",\"target\":[\"https:\/\/vieassociative.be\/actualites\/jai-essaye-chatgpt-dans-carplay-et-jai-immediatement-hallucine\/\"]}]},{\"@type\":\"ImageObject\",\"inLanguage\":\"fr-BE\",\"@id\":\"https:\/\/vieassociative.be\/actualites\/jai-essaye-chatgpt-dans-carplay-et-jai-immediatement-hallucine\/#primaryimage\",\"url\":\"https:\/\/vieassociative.be\/actualites\/wp-content\/uploads\/2026\/04\/Jai-essaye-ChatGPT-dans-CarPlay-et-jai-immediatement-hallucine.jpg\",\"contentUrl\":\"https:\/\/vieassociative.be\/actualites\/wp-content\/uploads\/2026\/04\/Jai-essaye-ChatGPT-dans-CarPlay-et-jai-immediatement-hallucine.jpg\",\"width\":1200,\"height\":675,\"caption\":\"J'ai essay\u00e9 ChatGPT dans CarPlay et j'ai imm\u00e9diatement hallucin\u00e9\"},{\"@type\":\"BreadcrumbList\",\"@id\":\"https:\/\/vieassociative.be\/actualites\/jai-essaye-chatgpt-dans-carplay-et-jai-immediatement-hallucine\/#breadcrumb\",\"itemListElement\":[{\"@type\":\"ListItem\",\"position\":1,\"name\":\"Accueil\",\"item\":\"https:\/\/vieassociative.be\/actualites\/\"},{\"@type\":\"ListItem\",\"position\":2,\"name\":\"J&rsquo;ai essay\u00e9 ChatGPT dans CarPlay et j&rsquo;ai imm\u00e9diatement hallucin\u00e9\"}]},{\"@type\":\"WebSite\",\"@id\":\"https:\/\/vieassociative.be\/actualites\/#website\",\"url\":\"https:\/\/vieassociative.be\/actualites\/\",\"name\":\"Vie Associative\",\"description\":\"\",\"publisher\":{\"@id\":\"https:\/\/vieassociative.be\/actualites\/#organization\"},\"potentialAction\":[{\"@type\":\"SearchAction\",\"target\":{\"@type\":\"EntryPoint\",\"urlTemplate\":\"https:\/\/vieassociative.be\/actualites\/?s={search_term_string}\"},\"query-input\":{\"@type\":\"PropertyValueSpecification\",\"valueRequired\":true,\"valueName\":\"search_term_string\"}}],\"inLanguage\":\"fr-BE\"},{\"@type\":\"Organization\",\"@id\":\"https:\/\/vieassociative.be\/actualites\/#organization\",\"name\":\"Vie Associative\",\"url\":\"https:\/\/vieassociative.be\/actualites\/\",\"logo\":{\"@type\":\"ImageObject\",\"inLanguage\":\"fr-BE\",\"@id\":\"https:\/\/vieassociative.be\/actualites\/#\/schema\/logo\/image\/\",\"url\":\"https:\/\/vieassociative.be\/actualites\/wp-content\/uploads\/2024\/09\/cropped-vieassociative_favicon.ico.png\",\"contentUrl\":\"https:\/\/vieassociative.be\/actualites\/wp-content\/uploads\/2024\/09\/cropped-vieassociative_favicon.ico.png\",\"width\":512,\"height\":512,\"caption\":\"Vie Associative\"},\"image\":{\"@id\":\"https:\/\/vieassociative.be\/actualites\/#\/schema\/logo\/image\/\"}},{\"@type\":\"Person\",\"@id\":\"https:\/\/vieassociative.be\/actualites\/#\/schema\/person\/b87ac4f82f9d4e7b7cec7395b679edc4\",\"name\":\"Julien\",\"image\":{\"@type\":\"ImageObject\",\"inLanguage\":\"fr-BE\",\"@id\":\"https:\/\/vieassociative.be\/actualites\/#\/schema\/person\/image\/\",\"url\":\"https:\/\/vieassociative.be\/actualites\/wp-content\/uploads\/2024\/09\/vie-associative-1-150x150.jpg\",\"contentUrl\":\"https:\/\/vieassociative.be\/actualites\/wp-content\/uploads\/2024\/09\/vie-associative-1-150x150.jpg\",\"caption\":\"Julien\"},\"description\":\"Je suis Julien, r\u00e9dacteur pour Vie Associative. Passionn\u00e9 par le monde associatif depuis plus de 10 ans, j'ai \u00e0 c\u0153ur de partager des histoires inspirantes et de mettre en lumi\u00e8re les initiatives locales. Mon objectif est de sensibiliser et d'encourager l'engagement communautaire \u00e0 travers mes articles.\",\"sameAs\":[\"https:\/\/vieassociative.be\/\"]}]}<\/script>\n<!-- \/ Yoast SEO plugin. -->","yoast_head_json":{"title":"J'ai essay\u00e9 ChatGPT dans CarPlay et j'ai imm\u00e9diatement hallucin\u00e9 | Vie Associative","robots":{"index":"index","follow":"follow","max-snippet":"max-snippet:-1","max-image-preview":"max-image-preview:large","max-video-preview":"max-video-preview:-1"},"canonical":"https:\/\/vieassociative.be\/actualites\/jai-essaye-chatgpt-dans-carplay-et-jai-immediatement-hallucine\/","og_locale":"fr_FR","og_type":"article","og_title":"J'ai essay\u00e9 ChatGPT dans CarPlay et j'ai imm\u00e9diatement hallucin\u00e9 | Vie Associative","og_description":"En f\u00e9vrier, nous avons appris qu&rsquo;Apple envisageait d&rsquo;int\u00e9grer des assistants IA dans CarPlay. La nouvelle est arriv\u00e9e avec la premi\u00e8re version b\u00eata d&rsquo;iOS 26.4, bien","og_url":"https:\/\/vieassociative.be\/actualites\/jai-essaye-chatgpt-dans-carplay-et-jai-immediatement-hallucine\/","og_site_name":"Vie Associative","article_published_time":"2026-04-03T02:17:57+00:00","og_image":[{"width":279,"height":92,"url":"https:\/\/vieassociative.be\/actualites\/wp-content\/uploads\/2024\/09\/header_backgroundk-01-e1726694325946.png","type":"image\/png"}],"author":"Julien","twitter_card":"summary_large_image","twitter_misc":{"\u00c9crit par":"Julien","Dur\u00e9e de lecture est.":"5 minutes"},"schema":{"@context":"https:\/\/schema.org","@graph":[{"@type":"Article","@id":"https:\/\/vieassociative.be\/actualites\/jai-essaye-chatgpt-dans-carplay-et-jai-immediatement-hallucine\/#article","isPartOf":{"@id":"https:\/\/vieassociative.be\/actualites\/jai-essaye-chatgpt-dans-carplay-et-jai-immediatement-hallucine\/"},"author":{"name":"Julien","@id":"https:\/\/vieassociative.be\/actualites\/#\/schema\/person\/b87ac4f82f9d4e7b7cec7395b679edc4"},"headline":"J&rsquo;ai essay\u00e9 ChatGPT dans CarPlay et j&rsquo;ai imm\u00e9diatement hallucin\u00e9","datePublished":"2026-04-03T02:17:57+00:00","dateModified":"2026-04-03T02:17:57+00:00","mainEntityOfPage":{"@id":"https:\/\/vieassociative.be\/actualites\/jai-essaye-chatgpt-dans-carplay-et-jai-immediatement-hallucine\/"},"wordCount":1042,"publisher":{"@id":"https:\/\/vieassociative.be\/actualites\/#organization"},"image":{"@id":"https:\/\/vieassociative.be\/actualites\/jai-essaye-chatgpt-dans-carplay-et-jai-immediatement-hallucine\/#primaryimage"},"thumbnailUrl":"https:\/\/vieassociative.be\/actualites\/wp-content\/uploads\/2026\/04\/Jai-essaye-ChatGPT-dans-CarPlay-et-jai-immediatement-hallucine.jpg","keywords":["carplay","ChatGPT","dans","essay\u00e9","hallucin\u00e9","imm\u00e9diatement","Jai"],"articleSection":["AI"],"inLanguage":"fr-BE"},{"@type":"WebPage","@id":"https:\/\/vieassociative.be\/actualites\/jai-essaye-chatgpt-dans-carplay-et-jai-immediatement-hallucine\/","url":"https:\/\/vieassociative.be\/actualites\/jai-essaye-chatgpt-dans-carplay-et-jai-immediatement-hallucine\/","name":"J'ai essay\u00e9 ChatGPT dans CarPlay et j'ai imm\u00e9diatement hallucin\u00e9 | Vie Associative","isPartOf":{"@id":"https:\/\/vieassociative.be\/actualites\/#website"},"primaryImageOfPage":{"@id":"https:\/\/vieassociative.be\/actualites\/jai-essaye-chatgpt-dans-carplay-et-jai-immediatement-hallucine\/#primaryimage"},"image":{"@id":"https:\/\/vieassociative.be\/actualites\/jai-essaye-chatgpt-dans-carplay-et-jai-immediatement-hallucine\/#primaryimage"},"thumbnailUrl":"https:\/\/vieassociative.be\/actualites\/wp-content\/uploads\/2026\/04\/Jai-essaye-ChatGPT-dans-CarPlay-et-jai-immediatement-hallucine.jpg","datePublished":"2026-04-03T02:17:57+00:00","dateModified":"2026-04-03T02:17:57+00:00","breadcrumb":{"@id":"https:\/\/vieassociative.be\/actualites\/jai-essaye-chatgpt-dans-carplay-et-jai-immediatement-hallucine\/#breadcrumb"},"inLanguage":"fr-BE","potentialAction":[{"@type":"ReadAction","target":["https:\/\/vieassociative.be\/actualites\/jai-essaye-chatgpt-dans-carplay-et-jai-immediatement-hallucine\/"]}]},{"@type":"ImageObject","inLanguage":"fr-BE","@id":"https:\/\/vieassociative.be\/actualites\/jai-essaye-chatgpt-dans-carplay-et-jai-immediatement-hallucine\/#primaryimage","url":"https:\/\/vieassociative.be\/actualites\/wp-content\/uploads\/2026\/04\/Jai-essaye-ChatGPT-dans-CarPlay-et-jai-immediatement-hallucine.jpg","contentUrl":"https:\/\/vieassociative.be\/actualites\/wp-content\/uploads\/2026\/04\/Jai-essaye-ChatGPT-dans-CarPlay-et-jai-immediatement-hallucine.jpg","width":1200,"height":675,"caption":"J'ai essay\u00e9 ChatGPT dans CarPlay et j'ai imm\u00e9diatement hallucin\u00e9"},{"@type":"BreadcrumbList","@id":"https:\/\/vieassociative.be\/actualites\/jai-essaye-chatgpt-dans-carplay-et-jai-immediatement-hallucine\/#breadcrumb","itemListElement":[{"@type":"ListItem","position":1,"name":"Accueil","item":"https:\/\/vieassociative.be\/actualites\/"},{"@type":"ListItem","position":2,"name":"J&rsquo;ai essay\u00e9 ChatGPT dans CarPlay et j&rsquo;ai imm\u00e9diatement hallucin\u00e9"}]},{"@type":"WebSite","@id":"https:\/\/vieassociative.be\/actualites\/#website","url":"https:\/\/vieassociative.be\/actualites\/","name":"Vie Associative","description":"","publisher":{"@id":"https:\/\/vieassociative.be\/actualites\/#organization"},"potentialAction":[{"@type":"SearchAction","target":{"@type":"EntryPoint","urlTemplate":"https:\/\/vieassociative.be\/actualites\/?s={search_term_string}"},"query-input":{"@type":"PropertyValueSpecification","valueRequired":true,"valueName":"search_term_string"}}],"inLanguage":"fr-BE"},{"@type":"Organization","@id":"https:\/\/vieassociative.be\/actualites\/#organization","name":"Vie Associative","url":"https:\/\/vieassociative.be\/actualites\/","logo":{"@type":"ImageObject","inLanguage":"fr-BE","@id":"https:\/\/vieassociative.be\/actualites\/#\/schema\/logo\/image\/","url":"https:\/\/vieassociative.be\/actualites\/wp-content\/uploads\/2024\/09\/cropped-vieassociative_favicon.ico.png","contentUrl":"https:\/\/vieassociative.be\/actualites\/wp-content\/uploads\/2024\/09\/cropped-vieassociative_favicon.ico.png","width":512,"height":512,"caption":"Vie Associative"},"image":{"@id":"https:\/\/vieassociative.be\/actualites\/#\/schema\/logo\/image\/"}},{"@type":"Person","@id":"https:\/\/vieassociative.be\/actualites\/#\/schema\/person\/b87ac4f82f9d4e7b7cec7395b679edc4","name":"Julien","image":{"@type":"ImageObject","inLanguage":"fr-BE","@id":"https:\/\/vieassociative.be\/actualites\/#\/schema\/person\/image\/","url":"https:\/\/vieassociative.be\/actualites\/wp-content\/uploads\/2024\/09\/vie-associative-1-150x150.jpg","contentUrl":"https:\/\/vieassociative.be\/actualites\/wp-content\/uploads\/2024\/09\/vie-associative-1-150x150.jpg","caption":"Julien"},"description":"Je suis Julien, r\u00e9dacteur pour Vie Associative. Passionn\u00e9 par le monde associatif depuis plus de 10 ans, j'ai \u00e0 c\u0153ur de partager des histoires inspirantes et de mettre en lumi\u00e8re les initiatives locales. Mon objectif est de sensibiliser et d'encourager l'engagement communautaire \u00e0 travers mes articles.","sameAs":["https:\/\/vieassociative.be\/"]}]}},"_links":{"self":[{"href":"https:\/\/vieassociative.be\/actualites\/wp-json\/wp\/v2\/posts\/13294"}],"collection":[{"href":"https:\/\/vieassociative.be\/actualites\/wp-json\/wp\/v2\/posts"}],"about":[{"href":"https:\/\/vieassociative.be\/actualites\/wp-json\/wp\/v2\/types\/post"}],"author":[{"embeddable":true,"href":"https:\/\/vieassociative.be\/actualites\/wp-json\/wp\/v2\/users\/1"}],"replies":[{"embeddable":true,"href":"https:\/\/vieassociative.be\/actualites\/wp-json\/wp\/v2\/comments?post=13294"}],"version-history":[{"count":0,"href":"https:\/\/vieassociative.be\/actualites\/wp-json\/wp\/v2\/posts\/13294\/revisions"}],"wp:featuredmedia":[{"embeddable":true,"href":"https:\/\/vieassociative.be\/actualites\/wp-json\/wp\/v2\/media\/13295"}],"wp:attachment":[{"href":"https:\/\/vieassociative.be\/actualites\/wp-json\/wp\/v2\/media?parent=13294"}],"wp:term":[{"taxonomy":"category","embeddable":true,"href":"https:\/\/vieassociative.be\/actualites\/wp-json\/wp\/v2\/categories?post=13294"},{"taxonomy":"post_tag","embeddable":true,"href":"https:\/\/vieassociative.be\/actualites\/wp-json\/wp\/v2\/tags?post=13294"}],"curies":[{"name":"wp","href":"https:\/\/api.w.org\/{rel}","templated":true}]}}