{"id":13292,"date":"2026-04-02T23:17:38","date_gmt":"2026-04-02T21:17:38","guid":{"rendered":"https:\/\/vieassociative.be\/actualites\/le-president-americain-trump-limoge-son-ministre-de-la-justice-bondi\/"},"modified":"2026-04-02T23:17:38","modified_gmt":"2026-04-02T21:17:38","slug":"le-president-americain-trump-limoge-son-ministre-de-la-justice-bondi","status":"publish","type":"post","link":"https:\/\/vieassociative.be\/actualites\/le-president-americain-trump-limoge-son-ministre-de-la-justice-bondi\/","title":{"rendered":"Le pr\u00e9sident am\u00e9ricain Trump limoge son ministre de la Justice Bondi"},"content":{"rendered":"<p><strong>Un autre membre du cabinet de Donald Trump doit partir : apr\u00e8s la secr\u00e9taire \u00e0 la S\u00e9curit\u00e9 int\u00e9rieure Kristi Noem, c&rsquo;est d\u00e9sormais fini pour le prochain ministre.<\/strong><\/p>\n<p><span id=\"more-438121\"><\/span>Le pr\u00e9sident am\u00e9ricain Donald Trump limoge sa ministre de la Justice Pam Bondi. Le procureur g\u00e9n\u00e9ral adjoint Todd Blanche prendra dans un premier temps ses fonctions, a \u00e9crit le r\u00e9publicain sur la plateforme Truth Social. \u00ab\u00a0Nous appr\u00e9cions grandement Pam et elle assumera un nouveau poste important et indispensable dans le secteur priv\u00e9, qui sera annonc\u00e9 prochainement\u00a0\u00bb, a d\u00e9clar\u00e9 Trump.<\/p>\n<p>Des rumeurs circulent depuis longtemps sur le licenciement de Bondi. Cet homme de 60 ans est le deuxi\u00e8me ministre \u00e0 devoir quitter le cabinet Trump en quelques semaines. La secr\u00e9taire \u00e0 la S\u00e9curit\u00e9 int\u00e9rieure, Kristi Noem, a d\u00fb d\u00e9missionner au pr\u00e9alable.<\/p>\n<p>Le New York Times a rapport\u00e9, citant quatre personnes, que Trump avait discut\u00e9 du licenciement de Bondi ces derniers jours. Il serait de plus en plus frustr\u00e9 par son leadership au minist\u00e8re et par sa gestion des dossiers Epstein.<\/p>\n<p><strong>\u2013 Bondi responsable du traitement des dossiers Epstein :<\/strong> Il y a des d\u00e9cennies, le tr\u00e8s riche financier new-yorkais Jeffrey Epstein dirigeait un r\u00e9seau d\u2019abus qui s\u2019en prenait aux jeunes femmes et aux mineurs. Epstein avait d\u2019excellents contacts dans la haute soci\u00e9t\u00e9 aux \u00c9tats-Unis et dans de nombreux autres pays. Il est d\u00e9c\u00e9d\u00e9 dans sa cellule de prison en 2019, alimentant encore davantage les sp\u00e9culations.<\/p>\n<p>Le scandale a de nouveau d\u00e9fray\u00e9 la chronique avec la publication des dossiers d&rsquo;enqu\u00eate dans cette affaire. Le gouvernement am\u00e9ricain essaie de le tenir aussi loin que possible de Trump.<\/p>\n<p>Selon le New York Times, Trump a \u00e9galement accus\u00e9 son ministre de la Justice de ne pas avoir utilis\u00e9 sa fonction de mani\u00e8re suffisamment d\u00e9cisive pour engager des poursuites judiciaires contre les opposants de Trump.<\/p>\n<p>Trump n\u2019a jamais cach\u00e9 ses attentes \u00e0 l\u2019\u00e9gard du minist\u00e8re de la Justice. En septembre, par exemple, il a utilis\u00e9 les r\u00e9seaux sociaux pour appeler directement Bondi \u00e0 prendre des mesures contre les personnes qu\u2019il consid\u00e9rait comme des ennemis. Les pr\u00e9sidents am\u00e9ricains avant Trump ont traditionnellement attach\u00e9 une grande importance \u00e0 ne laisser aucun doute sur l\u2019ind\u00e9pendance du pouvoir judiciaire.<\/p>\n<p><strong>\u2013 Bondi \u00e9tait en fait consid\u00e9r\u00e9 comme un confident :<\/strong> Lors de sa prise de fonction, l\u2019ancienne procureure g\u00e9n\u00e9rale de l\u2019\u00c9tat de Floride \u00e9tait consid\u00e9r\u00e9e comme une fid\u00e8le confidente du r\u00e9publicain. Lors de sa nomination \u00e0 ce poste, Trump a fait r\u00e9f\u00e9rence \u00e0 ses 20 ann\u00e9es d\u2019exp\u00e9rience en tant que procureur. Bondi avait d\u00e9j\u00e0 soutenu Trump lors du premier proc\u00e8s en impeachment en 2019. (dpa)<\/p>\n","protected":false},"excerpt":{"rendered":"<p>Un autre membre du cabinet de Donald Trump doit partir : apr\u00e8s la secr\u00e9taire \u00e0 la S\u00e9curit\u00e9 int\u00e9rieure Kristi Noem, c&rsquo;est d\u00e9sormais fini pour le<\/p>\n","protected":false},"author":1,"featured_media":13293,"comment_status":"","ping_status":"","sticky":false,"template":"","format":"standard","meta":{"footnotes":""},"categories":[298],"tags":[10,10409,3710,2867,1245,3075,800,2425],"class_list":["post-13292","post","type-post","status-publish","format-standard","has-post-thumbnail","hentry","category-belgique","tag-americain","tag-bondi","tag-justice","tag-limoge","tag-ministre","tag-president","tag-son","tag-trump","generate-columns","tablet-grid-50","mobile-grid-100","grid-parent","grid-33"],"yoast_head":"<!-- This site is optimized with the Yoast SEO plugin v24.0 - https:\/\/yoast.com\/wordpress\/plugins\/seo\/ -->\n<title>Le pr\u00e9sident am\u00e9ricain Trump limoge son ministre de la Justice Bondi | Vie Associative<\/title>\n<meta name=\"robots\" content=\"index, follow, max-snippet:-1, max-image-preview:large, max-video-preview:-1\" \/>\n<link rel=\"canonical\" href=\"https:\/\/vieassociative.be\/actualites\/le-president-americain-trump-limoge-son-ministre-de-la-justice-bondi\/\" \/>\n<meta property=\"og:locale\" content=\"fr_FR\" \/>\n<meta property=\"og:type\" content=\"article\" \/>\n<meta property=\"og:title\" content=\"Le pr\u00e9sident am\u00e9ricain Trump limoge son ministre de la Justice Bondi | Vie Associative\" \/>\n<meta property=\"og:description\" content=\"Un autre membre du cabinet de Donald Trump doit partir : apr\u00e8s la secr\u00e9taire \u00e0 la S\u00e9curit\u00e9 int\u00e9rieure Kristi Noem, c&rsquo;est d\u00e9sormais fini pour le\" \/>\n<meta property=\"og:url\" content=\"https:\/\/vieassociative.be\/actualites\/le-president-americain-trump-limoge-son-ministre-de-la-justice-bondi\/\" \/>\n<meta property=\"og:site_name\" content=\"Vie Associative\" \/>\n<meta property=\"article:published_time\" content=\"2026-04-02T21:17:38+00:00\" \/>\n<meta property=\"og:image\" content=\"https:\/\/vieassociative.be\/actualites\/wp-content\/uploads\/2024\/09\/header_backgroundk-01-e1726694325946.png\" \/>\n\t<meta property=\"og:image:width\" content=\"279\" \/>\n\t<meta property=\"og:image:height\" content=\"92\" \/>\n\t<meta property=\"og:image:type\" content=\"image\/png\" \/>\n<meta name=\"author\" content=\"Julien\" \/>\n<meta name=\"twitter:card\" content=\"summary_large_image\" \/>\n<meta name=\"twitter:label1\" content=\"\u00c9crit par\" \/>\n\t<meta name=\"twitter:data1\" content=\"Julien\" \/>\n\t<meta name=\"twitter:label2\" content=\"Dur\u00e9e de lecture est.\" \/>\n\t<meta name=\"twitter:data2\" content=\"2 minutes\" \/>\n<script type=\"application\/ld+json\" class=\"yoast-schema-graph\">{\"@context\":\"https:\/\/schema.org\",\"@graph\":[{\"@type\":\"Article\",\"@id\":\"https:\/\/vieassociative.be\/actualites\/le-president-americain-trump-limoge-son-ministre-de-la-justice-bondi\/#article\",\"isPartOf\":{\"@id\":\"https:\/\/vieassociative.be\/actualites\/le-president-americain-trump-limoge-son-ministre-de-la-justice-bondi\/\"},\"author\":{\"name\":\"Julien\",\"@id\":\"https:\/\/vieassociative.be\/actualites\/#\/schema\/person\/b87ac4f82f9d4e7b7cec7395b679edc4\"},\"headline\":\"Le pr\u00e9sident am\u00e9ricain Trump limoge son ministre de la Justice Bondi\",\"datePublished\":\"2026-04-02T21:17:38+00:00\",\"dateModified\":\"2026-04-02T21:17:38+00:00\",\"mainEntityOfPage\":{\"@id\":\"https:\/\/vieassociative.be\/actualites\/le-president-americain-trump-limoge-son-ministre-de-la-justice-bondi\/\"},\"wordCount\":479,\"publisher\":{\"@id\":\"https:\/\/vieassociative.be\/actualites\/#organization\"},\"image\":{\"@id\":\"https:\/\/vieassociative.be\/actualites\/le-president-americain-trump-limoge-son-ministre-de-la-justice-bondi\/#primaryimage\"},\"thumbnailUrl\":\"https:\/\/vieassociative.be\/actualites\/wp-content\/uploads\/2026\/04\/Le-president-americain-Trump-limoge-son-ministre-de-la-Justice.jpg\",\"keywords\":[\"am\u00e9ricain\",\"Bondi\",\"justice\",\"limoge\",\"ministre\",\"pr\u00e9sident\",\"son\",\"Trump\"],\"articleSection\":[\"Belgique\"],\"inLanguage\":\"fr-BE\"},{\"@type\":\"WebPage\",\"@id\":\"https:\/\/vieassociative.be\/actualites\/le-president-americain-trump-limoge-son-ministre-de-la-justice-bondi\/\",\"url\":\"https:\/\/vieassociative.be\/actualites\/le-president-americain-trump-limoge-son-ministre-de-la-justice-bondi\/\",\"name\":\"Le pr\u00e9sident am\u00e9ricain Trump limoge son ministre de la Justice Bondi | Vie Associative\",\"isPartOf\":{\"@id\":\"https:\/\/vieassociative.be\/actualites\/#website\"},\"primaryImageOfPage\":{\"@id\":\"https:\/\/vieassociative.be\/actualites\/le-president-americain-trump-limoge-son-ministre-de-la-justice-bondi\/#primaryimage\"},\"image\":{\"@id\":\"https:\/\/vieassociative.be\/actualites\/le-president-americain-trump-limoge-son-ministre-de-la-justice-bondi\/#primaryimage\"},\"thumbnailUrl\":\"https:\/\/vieassociative.be\/actualites\/wp-content\/uploads\/2026\/04\/Le-president-americain-Trump-limoge-son-ministre-de-la-Justice.jpg\",\"datePublished\":\"2026-04-02T21:17:38+00:00\",\"dateModified\":\"2026-04-02T21:17:38+00:00\",\"breadcrumb\":{\"@id\":\"https:\/\/vieassociative.be\/actualites\/le-president-americain-trump-limoge-son-ministre-de-la-justice-bondi\/#breadcrumb\"},\"inLanguage\":\"fr-BE\",\"potentialAction\":[{\"@type\":\"ReadAction\",\"target\":[\"https:\/\/vieassociative.be\/actualites\/le-president-americain-trump-limoge-son-ministre-de-la-justice-bondi\/\"]}]},{\"@type\":\"ImageObject\",\"inLanguage\":\"fr-BE\",\"@id\":\"https:\/\/vieassociative.be\/actualites\/le-president-americain-trump-limoge-son-ministre-de-la-justice-bondi\/#primaryimage\",\"url\":\"https:\/\/vieassociative.be\/actualites\/wp-content\/uploads\/2026\/04\/Le-president-americain-Trump-limoge-son-ministre-de-la-Justice.jpg\",\"contentUrl\":\"https:\/\/vieassociative.be\/actualites\/wp-content\/uploads\/2026\/04\/Le-president-americain-Trump-limoge-son-ministre-de-la-Justice.jpg\",\"width\":1200,\"height\":800,\"caption\":\"Le pr\u00e9sident am\u00e9ricain Trump limoge son ministre de la Justice Bondi\"},{\"@type\":\"BreadcrumbList\",\"@id\":\"https:\/\/vieassociative.be\/actualites\/le-president-americain-trump-limoge-son-ministre-de-la-justice-bondi\/#breadcrumb\",\"itemListElement\":[{\"@type\":\"ListItem\",\"position\":1,\"name\":\"Accueil\",\"item\":\"https:\/\/vieassociative.be\/actualites\/\"},{\"@type\":\"ListItem\",\"position\":2,\"name\":\"Le pr\u00e9sident am\u00e9ricain Trump limoge son ministre de la Justice Bondi\"}]},{\"@type\":\"WebSite\",\"@id\":\"https:\/\/vieassociative.be\/actualites\/#website\",\"url\":\"https:\/\/vieassociative.be\/actualites\/\",\"name\":\"Vie Associative\",\"description\":\"\",\"publisher\":{\"@id\":\"https:\/\/vieassociative.be\/actualites\/#organization\"},\"potentialAction\":[{\"@type\":\"SearchAction\",\"target\":{\"@type\":\"EntryPoint\",\"urlTemplate\":\"https:\/\/vieassociative.be\/actualites\/?s={search_term_string}\"},\"query-input\":{\"@type\":\"PropertyValueSpecification\",\"valueRequired\":true,\"valueName\":\"search_term_string\"}}],\"inLanguage\":\"fr-BE\"},{\"@type\":\"Organization\",\"@id\":\"https:\/\/vieassociative.be\/actualites\/#organization\",\"name\":\"Vie Associative\",\"url\":\"https:\/\/vieassociative.be\/actualites\/\",\"logo\":{\"@type\":\"ImageObject\",\"inLanguage\":\"fr-BE\",\"@id\":\"https:\/\/vieassociative.be\/actualites\/#\/schema\/logo\/image\/\",\"url\":\"https:\/\/vieassociative.be\/actualites\/wp-content\/uploads\/2024\/09\/cropped-vieassociative_favicon.ico.png\",\"contentUrl\":\"https:\/\/vieassociative.be\/actualites\/wp-content\/uploads\/2024\/09\/cropped-vieassociative_favicon.ico.png\",\"width\":512,\"height\":512,\"caption\":\"Vie Associative\"},\"image\":{\"@id\":\"https:\/\/vieassociative.be\/actualites\/#\/schema\/logo\/image\/\"}},{\"@type\":\"Person\",\"@id\":\"https:\/\/vieassociative.be\/actualites\/#\/schema\/person\/b87ac4f82f9d4e7b7cec7395b679edc4\",\"name\":\"Julien\",\"image\":{\"@type\":\"ImageObject\",\"inLanguage\":\"fr-BE\",\"@id\":\"https:\/\/vieassociative.be\/actualites\/#\/schema\/person\/image\/\",\"url\":\"https:\/\/vieassociative.be\/actualites\/wp-content\/uploads\/2024\/09\/vie-associative-1-150x150.jpg\",\"contentUrl\":\"https:\/\/vieassociative.be\/actualites\/wp-content\/uploads\/2024\/09\/vie-associative-1-150x150.jpg\",\"caption\":\"Julien\"},\"description\":\"Je suis Julien, r\u00e9dacteur pour Vie Associative. Passionn\u00e9 par le monde associatif depuis plus de 10 ans, j'ai \u00e0 c\u0153ur de partager des histoires inspirantes et de mettre en lumi\u00e8re les initiatives locales. Mon objectif est de sensibiliser et d'encourager l'engagement communautaire \u00e0 travers mes articles.\",\"sameAs\":[\"https:\/\/vieassociative.be\/\"]}]}<\/script>\n<!-- \/ Yoast SEO plugin. -->","yoast_head_json":{"title":"Le pr\u00e9sident am\u00e9ricain Trump limoge son ministre de la Justice Bondi | Vie Associative","robots":{"index":"index","follow":"follow","max-snippet":"max-snippet:-1","max-image-preview":"max-image-preview:large","max-video-preview":"max-video-preview:-1"},"canonical":"https:\/\/vieassociative.be\/actualites\/le-president-americain-trump-limoge-son-ministre-de-la-justice-bondi\/","og_locale":"fr_FR","og_type":"article","og_title":"Le pr\u00e9sident am\u00e9ricain Trump limoge son ministre de la Justice Bondi | Vie Associative","og_description":"Un autre membre du cabinet de Donald Trump doit partir : apr\u00e8s la secr\u00e9taire \u00e0 la S\u00e9curit\u00e9 int\u00e9rieure Kristi Noem, c&rsquo;est d\u00e9sormais fini pour le","og_url":"https:\/\/vieassociative.be\/actualites\/le-president-americain-trump-limoge-son-ministre-de-la-justice-bondi\/","og_site_name":"Vie Associative","article_published_time":"2026-04-02T21:17:38+00:00","og_image":[{"width":279,"height":92,"url":"https:\/\/vieassociative.be\/actualites\/wp-content\/uploads\/2024\/09\/header_backgroundk-01-e1726694325946.png","type":"image\/png"}],"author":"Julien","twitter_card":"summary_large_image","twitter_misc":{"\u00c9crit par":"Julien","Dur\u00e9e de lecture est.":"2 minutes"},"schema":{"@context":"https:\/\/schema.org","@graph":[{"@type":"Article","@id":"https:\/\/vieassociative.be\/actualites\/le-president-americain-trump-limoge-son-ministre-de-la-justice-bondi\/#article","isPartOf":{"@id":"https:\/\/vieassociative.be\/actualites\/le-president-americain-trump-limoge-son-ministre-de-la-justice-bondi\/"},"author":{"name":"Julien","@id":"https:\/\/vieassociative.be\/actualites\/#\/schema\/person\/b87ac4f82f9d4e7b7cec7395b679edc4"},"headline":"Le pr\u00e9sident am\u00e9ricain Trump limoge son ministre de la Justice Bondi","datePublished":"2026-04-02T21:17:38+00:00","dateModified":"2026-04-02T21:17:38+00:00","mainEntityOfPage":{"@id":"https:\/\/vieassociative.be\/actualites\/le-president-americain-trump-limoge-son-ministre-de-la-justice-bondi\/"},"wordCount":479,"publisher":{"@id":"https:\/\/vieassociative.be\/actualites\/#organization"},"image":{"@id":"https:\/\/vieassociative.be\/actualites\/le-president-americain-trump-limoge-son-ministre-de-la-justice-bondi\/#primaryimage"},"thumbnailUrl":"https:\/\/vieassociative.be\/actualites\/wp-content\/uploads\/2026\/04\/Le-president-americain-Trump-limoge-son-ministre-de-la-Justice.jpg","keywords":["am\u00e9ricain","Bondi","justice","limoge","ministre","pr\u00e9sident","son","Trump"],"articleSection":["Belgique"],"inLanguage":"fr-BE"},{"@type":"WebPage","@id":"https:\/\/vieassociative.be\/actualites\/le-president-americain-trump-limoge-son-ministre-de-la-justice-bondi\/","url":"https:\/\/vieassociative.be\/actualites\/le-president-americain-trump-limoge-son-ministre-de-la-justice-bondi\/","name":"Le pr\u00e9sident am\u00e9ricain Trump limoge son ministre de la Justice Bondi | Vie Associative","isPartOf":{"@id":"https:\/\/vieassociative.be\/actualites\/#website"},"primaryImageOfPage":{"@id":"https:\/\/vieassociative.be\/actualites\/le-president-americain-trump-limoge-son-ministre-de-la-justice-bondi\/#primaryimage"},"image":{"@id":"https:\/\/vieassociative.be\/actualites\/le-president-americain-trump-limoge-son-ministre-de-la-justice-bondi\/#primaryimage"},"thumbnailUrl":"https:\/\/vieassociative.be\/actualites\/wp-content\/uploads\/2026\/04\/Le-president-americain-Trump-limoge-son-ministre-de-la-Justice.jpg","datePublished":"2026-04-02T21:17:38+00:00","dateModified":"2026-04-02T21:17:38+00:00","breadcrumb":{"@id":"https:\/\/vieassociative.be\/actualites\/le-president-americain-trump-limoge-son-ministre-de-la-justice-bondi\/#breadcrumb"},"inLanguage":"fr-BE","potentialAction":[{"@type":"ReadAction","target":["https:\/\/vieassociative.be\/actualites\/le-president-americain-trump-limoge-son-ministre-de-la-justice-bondi\/"]}]},{"@type":"ImageObject","inLanguage":"fr-BE","@id":"https:\/\/vieassociative.be\/actualites\/le-president-americain-trump-limoge-son-ministre-de-la-justice-bondi\/#primaryimage","url":"https:\/\/vieassociative.be\/actualites\/wp-content\/uploads\/2026\/04\/Le-president-americain-Trump-limoge-son-ministre-de-la-Justice.jpg","contentUrl":"https:\/\/vieassociative.be\/actualites\/wp-content\/uploads\/2026\/04\/Le-president-americain-Trump-limoge-son-ministre-de-la-Justice.jpg","width":1200,"height":800,"caption":"Le pr\u00e9sident am\u00e9ricain Trump limoge son ministre de la Justice Bondi"},{"@type":"BreadcrumbList","@id":"https:\/\/vieassociative.be\/actualites\/le-president-americain-trump-limoge-son-ministre-de-la-justice-bondi\/#breadcrumb","itemListElement":[{"@type":"ListItem","position":1,"name":"Accueil","item":"https:\/\/vieassociative.be\/actualites\/"},{"@type":"ListItem","position":2,"name":"Le pr\u00e9sident am\u00e9ricain Trump limoge son ministre de la Justice Bondi"}]},{"@type":"WebSite","@id":"https:\/\/vieassociative.be\/actualites\/#website","url":"https:\/\/vieassociative.be\/actualites\/","name":"Vie Associative","description":"","publisher":{"@id":"https:\/\/vieassociative.be\/actualites\/#organization"},"potentialAction":[{"@type":"SearchAction","target":{"@type":"EntryPoint","urlTemplate":"https:\/\/vieassociative.be\/actualites\/?s={search_term_string}"},"query-input":{"@type":"PropertyValueSpecification","valueRequired":true,"valueName":"search_term_string"}}],"inLanguage":"fr-BE"},{"@type":"Organization","@id":"https:\/\/vieassociative.be\/actualites\/#organization","name":"Vie Associative","url":"https:\/\/vieassociative.be\/actualites\/","logo":{"@type":"ImageObject","inLanguage":"fr-BE","@id":"https:\/\/vieassociative.be\/actualites\/#\/schema\/logo\/image\/","url":"https:\/\/vieassociative.be\/actualites\/wp-content\/uploads\/2024\/09\/cropped-vieassociative_favicon.ico.png","contentUrl":"https:\/\/vieassociative.be\/actualites\/wp-content\/uploads\/2024\/09\/cropped-vieassociative_favicon.ico.png","width":512,"height":512,"caption":"Vie Associative"},"image":{"@id":"https:\/\/vieassociative.be\/actualites\/#\/schema\/logo\/image\/"}},{"@type":"Person","@id":"https:\/\/vieassociative.be\/actualites\/#\/schema\/person\/b87ac4f82f9d4e7b7cec7395b679edc4","name":"Julien","image":{"@type":"ImageObject","inLanguage":"fr-BE","@id":"https:\/\/vieassociative.be\/actualites\/#\/schema\/person\/image\/","url":"https:\/\/vieassociative.be\/actualites\/wp-content\/uploads\/2024\/09\/vie-associative-1-150x150.jpg","contentUrl":"https:\/\/vieassociative.be\/actualites\/wp-content\/uploads\/2024\/09\/vie-associative-1-150x150.jpg","caption":"Julien"},"description":"Je suis Julien, r\u00e9dacteur pour Vie Associative. Passionn\u00e9 par le monde associatif depuis plus de 10 ans, j'ai \u00e0 c\u0153ur de partager des histoires inspirantes et de mettre en lumi\u00e8re les initiatives locales. Mon objectif est de sensibiliser et d'encourager l'engagement communautaire \u00e0 travers mes articles.","sameAs":["https:\/\/vieassociative.be\/"]}]}},"_links":{"self":[{"href":"https:\/\/vieassociative.be\/actualites\/wp-json\/wp\/v2\/posts\/13292"}],"collection":[{"href":"https:\/\/vieassociative.be\/actualites\/wp-json\/wp\/v2\/posts"}],"about":[{"href":"https:\/\/vieassociative.be\/actualites\/wp-json\/wp\/v2\/types\/post"}],"author":[{"embeddable":true,"href":"https:\/\/vieassociative.be\/actualites\/wp-json\/wp\/v2\/users\/1"}],"replies":[{"embeddable":true,"href":"https:\/\/vieassociative.be\/actualites\/wp-json\/wp\/v2\/comments?post=13292"}],"version-history":[{"count":0,"href":"https:\/\/vieassociative.be\/actualites\/wp-json\/wp\/v2\/posts\/13292\/revisions"}],"wp:featuredmedia":[{"embeddable":true,"href":"https:\/\/vieassociative.be\/actualites\/wp-json\/wp\/v2\/media\/13293"}],"wp:attachment":[{"href":"https:\/\/vieassociative.be\/actualites\/wp-json\/wp\/v2\/media?parent=13292"}],"wp:term":[{"taxonomy":"category","embeddable":true,"href":"https:\/\/vieassociative.be\/actualites\/wp-json\/wp\/v2\/categories?post=13292"},{"taxonomy":"post_tag","embeddable":true,"href":"https:\/\/vieassociative.be\/actualites\/wp-json\/wp\/v2\/tags?post=13292"}],"curies":[{"name":"wp","href":"https:\/\/api.w.org\/{rel}","templated":true}]}}