{"id":13288,"date":"2026-04-02T17:17:28","date_gmt":"2026-04-02T15:17:28","guid":{"rendered":"https:\/\/vieassociative.be\/actualites\/pose-de-cables-a-fibres-optiques-eupener-kaperberg-sera-a-sens-unique-du-7-au-10-avril\/"},"modified":"2026-04-02T17:17:28","modified_gmt":"2026-04-02T15:17:28","slug":"pose-de-cables-a-fibres-optiques-eupener-kaperberg-sera-a-sens-unique-du-7-au-10-avril","status":"publish","type":"post","link":"https:\/\/vieassociative.be\/actualites\/pose-de-cables-a-fibres-optiques-eupener-kaperberg-sera-a-sens-unique-du-7-au-10-avril\/","title":{"rendered":"Pose de c\u00e2bles \u00e0 fibres optiques : Eupener Kaperberg sera \u00e0 sens unique du 7 au 10 avril"},"content":{"rendered":"<p><strong>La ville d&rsquo;Eupen m&rsquo;informe que le mardi 7 avril 2026, la soci\u00e9t\u00e9 Verbraeken-Infra d\u00e9butera ses travaux de pose de c\u00e2bles \u00e0 fibres optiques \u00e0 Kaperberg pour le compte de Gofiber.<\/strong><\/p>\n<p><span id=\"more-438114\"><\/span>Les travaux sont volontairement effectu\u00e9s pendant les vacances de P\u00e2ques afin de ne pas perturber le fonctionnement des \u00e9coles. Le Kaperberg est en effet l\u2019une des rues les plus fr\u00e9quent\u00e9es de la ville d\u2019Eupen.<\/p>\n<p>Les travaux sur les trottoirs auront lieu de 7h \u00e0 16h. Du 7 au 10 avril 2026, une rue \u00e0 sens unique sera am\u00e9nag\u00e9e entre la Werthplatz et le rond-point de la Judenstrasse. La circulation ne peut s&rsquo;effectuer qu&rsquo;en direction de la Judenstrasse.<\/p>\n<p>Du 13 au 17 avril La circulation peut \u00e0 nouveau circuler dans les deux sens et est contr\u00f4l\u00e9e par un syst\u00e8me de feux tricolores. Les travaux devraient \u00eatre termin\u00e9s d&rsquo;ici la fin des vacances de P\u00e2ques.<\/p>\n<p>Le conseil communautaire de la ville d&rsquo;Eupen remercie tous les citoyens pour leur compr\u00e9hension et demande que la signalisation de chantier soit prise en compte.<\/p>\n","protected":false},"excerpt":{"rendered":"<p>La ville d&rsquo;Eupen m&rsquo;informe que le mardi 7 avril 2026, la soci\u00e9t\u00e9 Verbraeken-Infra d\u00e9butera ses travaux de pose de c\u00e2bles \u00e0 fibres optiques \u00e0 Kaperberg<\/p>\n","protected":false},"author":1,"featured_media":13289,"comment_status":"","ping_status":"","sticky":false,"template":"","format":"standard","meta":{"footnotes":""},"categories":[298],"tags":[3232,5234,5049,10407,7382,10408,2870,4017,3230,9241],"class_list":["post-13288","post","type-post","status-publish","format-standard","has-post-thumbnail","hentry","category-belgique","tag-avril","tag-cables","tag-eupener","tag-fibres","tag-kaperberg","tag-optiques","tag-pose","tag-sens","tag-sera","tag-unique","generate-columns","tablet-grid-50","mobile-grid-100","grid-parent","grid-33"],"yoast_head":"<!-- This site is optimized with the Yoast SEO plugin v24.0 - https:\/\/yoast.com\/wordpress\/plugins\/seo\/ -->\n<title>Pose de c\u00e2bles \u00e0 fibres optiques : Eupener Kaperberg sera \u00e0 sens unique du 7 au 10 avril | Vie Associative<\/title>\n<meta name=\"robots\" content=\"index, follow, max-snippet:-1, max-image-preview:large, max-video-preview:-1\" \/>\n<link rel=\"canonical\" href=\"https:\/\/vieassociative.be\/actualites\/pose-de-cables-a-fibres-optiques-eupener-kaperberg-sera-a-sens-unique-du-7-au-10-avril\/\" \/>\n<meta property=\"og:locale\" content=\"fr_FR\" \/>\n<meta property=\"og:type\" content=\"article\" \/>\n<meta property=\"og:title\" content=\"Pose de c\u00e2bles \u00e0 fibres optiques : Eupener Kaperberg sera \u00e0 sens unique du 7 au 10 avril | Vie Associative\" \/>\n<meta property=\"og:description\" content=\"La ville d&rsquo;Eupen m&rsquo;informe que le mardi 7 avril 2026, la soci\u00e9t\u00e9 Verbraeken-Infra d\u00e9butera ses travaux de pose de c\u00e2bles \u00e0 fibres optiques \u00e0 Kaperberg\" \/>\n<meta property=\"og:url\" content=\"https:\/\/vieassociative.be\/actualites\/pose-de-cables-a-fibres-optiques-eupener-kaperberg-sera-a-sens-unique-du-7-au-10-avril\/\" \/>\n<meta property=\"og:site_name\" content=\"Vie Associative\" \/>\n<meta property=\"article:published_time\" content=\"2026-04-02T15:17:28+00:00\" \/>\n<meta property=\"og:image\" content=\"https:\/\/vieassociative.be\/actualites\/wp-content\/uploads\/2024\/09\/header_backgroundk-01-e1726694325946.png\" \/>\n\t<meta property=\"og:image:width\" content=\"279\" \/>\n\t<meta property=\"og:image:height\" content=\"92\" \/>\n\t<meta property=\"og:image:type\" content=\"image\/png\" \/>\n<meta name=\"author\" content=\"Julien\" \/>\n<meta name=\"twitter:card\" content=\"summary_large_image\" \/>\n<meta name=\"twitter:label1\" content=\"\u00c9crit par\" \/>\n\t<meta name=\"twitter:data1\" content=\"Julien\" \/>\n\t<meta name=\"twitter:label2\" content=\"Dur\u00e9e de lecture est.\" \/>\n\t<meta name=\"twitter:data2\" content=\"1 minute\" \/>\n<script type=\"application\/ld+json\" class=\"yoast-schema-graph\">{\"@context\":\"https:\/\/schema.org\",\"@graph\":[{\"@type\":\"Article\",\"@id\":\"https:\/\/vieassociative.be\/actualites\/pose-de-cables-a-fibres-optiques-eupener-kaperberg-sera-a-sens-unique-du-7-au-10-avril\/#article\",\"isPartOf\":{\"@id\":\"https:\/\/vieassociative.be\/actualites\/pose-de-cables-a-fibres-optiques-eupener-kaperberg-sera-a-sens-unique-du-7-au-10-avril\/\"},\"author\":{\"name\":\"Julien\",\"@id\":\"https:\/\/vieassociative.be\/actualites\/#\/schema\/person\/b87ac4f82f9d4e7b7cec7395b679edc4\"},\"headline\":\"Pose de c\u00e2bles \u00e0 fibres optiques : Eupener Kaperberg sera \u00e0 sens unique du 7 au 10 avril\",\"datePublished\":\"2026-04-02T15:17:28+00:00\",\"dateModified\":\"2026-04-02T15:17:28+00:00\",\"mainEntityOfPage\":{\"@id\":\"https:\/\/vieassociative.be\/actualites\/pose-de-cables-a-fibres-optiques-eupener-kaperberg-sera-a-sens-unique-du-7-au-10-avril\/\"},\"wordCount\":193,\"publisher\":{\"@id\":\"https:\/\/vieassociative.be\/actualites\/#organization\"},\"image\":{\"@id\":\"https:\/\/vieassociative.be\/actualites\/pose-de-cables-a-fibres-optiques-eupener-kaperberg-sera-a-sens-unique-du-7-au-10-avril\/#primaryimage\"},\"thumbnailUrl\":\"https:\/\/vieassociative.be\/actualites\/wp-content\/uploads\/2026\/04\/Pose-de-cables-a-fibres-optiques-Eupener-Kaperberg-sera.jpg\",\"keywords\":[\"avril\",\"c\u00e2bles\",\"Eupener\",\"fibres\",\"Kaperberg\",\"optiques\",\"pose\",\"sens\",\"sera\",\"unique\"],\"articleSection\":[\"Belgique\"],\"inLanguage\":\"fr-BE\"},{\"@type\":\"WebPage\",\"@id\":\"https:\/\/vieassociative.be\/actualites\/pose-de-cables-a-fibres-optiques-eupener-kaperberg-sera-a-sens-unique-du-7-au-10-avril\/\",\"url\":\"https:\/\/vieassociative.be\/actualites\/pose-de-cables-a-fibres-optiques-eupener-kaperberg-sera-a-sens-unique-du-7-au-10-avril\/\",\"name\":\"Pose de c\u00e2bles \u00e0 fibres optiques : Eupener Kaperberg sera \u00e0 sens unique du 7 au 10 avril | Vie Associative\",\"isPartOf\":{\"@id\":\"https:\/\/vieassociative.be\/actualites\/#website\"},\"primaryImageOfPage\":{\"@id\":\"https:\/\/vieassociative.be\/actualites\/pose-de-cables-a-fibres-optiques-eupener-kaperberg-sera-a-sens-unique-du-7-au-10-avril\/#primaryimage\"},\"image\":{\"@id\":\"https:\/\/vieassociative.be\/actualites\/pose-de-cables-a-fibres-optiques-eupener-kaperberg-sera-a-sens-unique-du-7-au-10-avril\/#primaryimage\"},\"thumbnailUrl\":\"https:\/\/vieassociative.be\/actualites\/wp-content\/uploads\/2026\/04\/Pose-de-cables-a-fibres-optiques-Eupener-Kaperberg-sera.jpg\",\"datePublished\":\"2026-04-02T15:17:28+00:00\",\"dateModified\":\"2026-04-02T15:17:28+00:00\",\"breadcrumb\":{\"@id\":\"https:\/\/vieassociative.be\/actualites\/pose-de-cables-a-fibres-optiques-eupener-kaperberg-sera-a-sens-unique-du-7-au-10-avril\/#breadcrumb\"},\"inLanguage\":\"fr-BE\",\"potentialAction\":[{\"@type\":\"ReadAction\",\"target\":[\"https:\/\/vieassociative.be\/actualites\/pose-de-cables-a-fibres-optiques-eupener-kaperberg-sera-a-sens-unique-du-7-au-10-avril\/\"]}]},{\"@type\":\"ImageObject\",\"inLanguage\":\"fr-BE\",\"@id\":\"https:\/\/vieassociative.be\/actualites\/pose-de-cables-a-fibres-optiques-eupener-kaperberg-sera-a-sens-unique-du-7-au-10-avril\/#primaryimage\",\"url\":\"https:\/\/vieassociative.be\/actualites\/wp-content\/uploads\/2026\/04\/Pose-de-cables-a-fibres-optiques-Eupener-Kaperberg-sera.jpg\",\"contentUrl\":\"https:\/\/vieassociative.be\/actualites\/wp-content\/uploads\/2026\/04\/Pose-de-cables-a-fibres-optiques-Eupener-Kaperberg-sera.jpg\",\"width\":1200,\"height\":900,\"caption\":\"Pose de c\u00e2bles \u00e0 fibres optiques : Eupener Kaperberg sera \u00e0 sens unique du 7 au 10 avril\"},{\"@type\":\"BreadcrumbList\",\"@id\":\"https:\/\/vieassociative.be\/actualites\/pose-de-cables-a-fibres-optiques-eupener-kaperberg-sera-a-sens-unique-du-7-au-10-avril\/#breadcrumb\",\"itemListElement\":[{\"@type\":\"ListItem\",\"position\":1,\"name\":\"Accueil\",\"item\":\"https:\/\/vieassociative.be\/actualites\/\"},{\"@type\":\"ListItem\",\"position\":2,\"name\":\"Pose de c\u00e2bles \u00e0 fibres optiques : Eupener Kaperberg sera \u00e0 sens unique du 7 au 10 avril\"}]},{\"@type\":\"WebSite\",\"@id\":\"https:\/\/vieassociative.be\/actualites\/#website\",\"url\":\"https:\/\/vieassociative.be\/actualites\/\",\"name\":\"Vie Associative\",\"description\":\"\",\"publisher\":{\"@id\":\"https:\/\/vieassociative.be\/actualites\/#organization\"},\"potentialAction\":[{\"@type\":\"SearchAction\",\"target\":{\"@type\":\"EntryPoint\",\"urlTemplate\":\"https:\/\/vieassociative.be\/actualites\/?s={search_term_string}\"},\"query-input\":{\"@type\":\"PropertyValueSpecification\",\"valueRequired\":true,\"valueName\":\"search_term_string\"}}],\"inLanguage\":\"fr-BE\"},{\"@type\":\"Organization\",\"@id\":\"https:\/\/vieassociative.be\/actualites\/#organization\",\"name\":\"Vie Associative\",\"url\":\"https:\/\/vieassociative.be\/actualites\/\",\"logo\":{\"@type\":\"ImageObject\",\"inLanguage\":\"fr-BE\",\"@id\":\"https:\/\/vieassociative.be\/actualites\/#\/schema\/logo\/image\/\",\"url\":\"https:\/\/vieassociative.be\/actualites\/wp-content\/uploads\/2024\/09\/cropped-vieassociative_favicon.ico.png\",\"contentUrl\":\"https:\/\/vieassociative.be\/actualites\/wp-content\/uploads\/2024\/09\/cropped-vieassociative_favicon.ico.png\",\"width\":512,\"height\":512,\"caption\":\"Vie Associative\"},\"image\":{\"@id\":\"https:\/\/vieassociative.be\/actualites\/#\/schema\/logo\/image\/\"}},{\"@type\":\"Person\",\"@id\":\"https:\/\/vieassociative.be\/actualites\/#\/schema\/person\/b87ac4f82f9d4e7b7cec7395b679edc4\",\"name\":\"Julien\",\"image\":{\"@type\":\"ImageObject\",\"inLanguage\":\"fr-BE\",\"@id\":\"https:\/\/vieassociative.be\/actualites\/#\/schema\/person\/image\/\",\"url\":\"https:\/\/vieassociative.be\/actualites\/wp-content\/uploads\/2024\/09\/vie-associative-1-150x150.jpg\",\"contentUrl\":\"https:\/\/vieassociative.be\/actualites\/wp-content\/uploads\/2024\/09\/vie-associative-1-150x150.jpg\",\"caption\":\"Julien\"},\"description\":\"Je suis Julien, r\u00e9dacteur pour Vie Associative. Passionn\u00e9 par le monde associatif depuis plus de 10 ans, j'ai \u00e0 c\u0153ur de partager des histoires inspirantes et de mettre en lumi\u00e8re les initiatives locales. Mon objectif est de sensibiliser et d'encourager l'engagement communautaire \u00e0 travers mes articles.\",\"sameAs\":[\"https:\/\/vieassociative.be\/\"]}]}<\/script>\n<!-- \/ Yoast SEO plugin. -->","yoast_head_json":{"title":"Pose de c\u00e2bles \u00e0 fibres optiques : Eupener Kaperberg sera \u00e0 sens unique du 7 au 10 avril | Vie Associative","robots":{"index":"index","follow":"follow","max-snippet":"max-snippet:-1","max-image-preview":"max-image-preview:large","max-video-preview":"max-video-preview:-1"},"canonical":"https:\/\/vieassociative.be\/actualites\/pose-de-cables-a-fibres-optiques-eupener-kaperberg-sera-a-sens-unique-du-7-au-10-avril\/","og_locale":"fr_FR","og_type":"article","og_title":"Pose de c\u00e2bles \u00e0 fibres optiques : Eupener Kaperberg sera \u00e0 sens unique du 7 au 10 avril | Vie Associative","og_description":"La ville d&rsquo;Eupen m&rsquo;informe que le mardi 7 avril 2026, la soci\u00e9t\u00e9 Verbraeken-Infra d\u00e9butera ses travaux de pose de c\u00e2bles \u00e0 fibres optiques \u00e0 Kaperberg","og_url":"https:\/\/vieassociative.be\/actualites\/pose-de-cables-a-fibres-optiques-eupener-kaperberg-sera-a-sens-unique-du-7-au-10-avril\/","og_site_name":"Vie Associative","article_published_time":"2026-04-02T15:17:28+00:00","og_image":[{"width":279,"height":92,"url":"https:\/\/vieassociative.be\/actualites\/wp-content\/uploads\/2024\/09\/header_backgroundk-01-e1726694325946.png","type":"image\/png"}],"author":"Julien","twitter_card":"summary_large_image","twitter_misc":{"\u00c9crit par":"Julien","Dur\u00e9e de lecture est.":"1 minute"},"schema":{"@context":"https:\/\/schema.org","@graph":[{"@type":"Article","@id":"https:\/\/vieassociative.be\/actualites\/pose-de-cables-a-fibres-optiques-eupener-kaperberg-sera-a-sens-unique-du-7-au-10-avril\/#article","isPartOf":{"@id":"https:\/\/vieassociative.be\/actualites\/pose-de-cables-a-fibres-optiques-eupener-kaperberg-sera-a-sens-unique-du-7-au-10-avril\/"},"author":{"name":"Julien","@id":"https:\/\/vieassociative.be\/actualites\/#\/schema\/person\/b87ac4f82f9d4e7b7cec7395b679edc4"},"headline":"Pose de c\u00e2bles \u00e0 fibres optiques : Eupener Kaperberg sera \u00e0 sens unique du 7 au 10 avril","datePublished":"2026-04-02T15:17:28+00:00","dateModified":"2026-04-02T15:17:28+00:00","mainEntityOfPage":{"@id":"https:\/\/vieassociative.be\/actualites\/pose-de-cables-a-fibres-optiques-eupener-kaperberg-sera-a-sens-unique-du-7-au-10-avril\/"},"wordCount":193,"publisher":{"@id":"https:\/\/vieassociative.be\/actualites\/#organization"},"image":{"@id":"https:\/\/vieassociative.be\/actualites\/pose-de-cables-a-fibres-optiques-eupener-kaperberg-sera-a-sens-unique-du-7-au-10-avril\/#primaryimage"},"thumbnailUrl":"https:\/\/vieassociative.be\/actualites\/wp-content\/uploads\/2026\/04\/Pose-de-cables-a-fibres-optiques-Eupener-Kaperberg-sera.jpg","keywords":["avril","c\u00e2bles","Eupener","fibres","Kaperberg","optiques","pose","sens","sera","unique"],"articleSection":["Belgique"],"inLanguage":"fr-BE"},{"@type":"WebPage","@id":"https:\/\/vieassociative.be\/actualites\/pose-de-cables-a-fibres-optiques-eupener-kaperberg-sera-a-sens-unique-du-7-au-10-avril\/","url":"https:\/\/vieassociative.be\/actualites\/pose-de-cables-a-fibres-optiques-eupener-kaperberg-sera-a-sens-unique-du-7-au-10-avril\/","name":"Pose de c\u00e2bles \u00e0 fibres optiques : Eupener Kaperberg sera \u00e0 sens unique du 7 au 10 avril | Vie Associative","isPartOf":{"@id":"https:\/\/vieassociative.be\/actualites\/#website"},"primaryImageOfPage":{"@id":"https:\/\/vieassociative.be\/actualites\/pose-de-cables-a-fibres-optiques-eupener-kaperberg-sera-a-sens-unique-du-7-au-10-avril\/#primaryimage"},"image":{"@id":"https:\/\/vieassociative.be\/actualites\/pose-de-cables-a-fibres-optiques-eupener-kaperberg-sera-a-sens-unique-du-7-au-10-avril\/#primaryimage"},"thumbnailUrl":"https:\/\/vieassociative.be\/actualites\/wp-content\/uploads\/2026\/04\/Pose-de-cables-a-fibres-optiques-Eupener-Kaperberg-sera.jpg","datePublished":"2026-04-02T15:17:28+00:00","dateModified":"2026-04-02T15:17:28+00:00","breadcrumb":{"@id":"https:\/\/vieassociative.be\/actualites\/pose-de-cables-a-fibres-optiques-eupener-kaperberg-sera-a-sens-unique-du-7-au-10-avril\/#breadcrumb"},"inLanguage":"fr-BE","potentialAction":[{"@type":"ReadAction","target":["https:\/\/vieassociative.be\/actualites\/pose-de-cables-a-fibres-optiques-eupener-kaperberg-sera-a-sens-unique-du-7-au-10-avril\/"]}]},{"@type":"ImageObject","inLanguage":"fr-BE","@id":"https:\/\/vieassociative.be\/actualites\/pose-de-cables-a-fibres-optiques-eupener-kaperberg-sera-a-sens-unique-du-7-au-10-avril\/#primaryimage","url":"https:\/\/vieassociative.be\/actualites\/wp-content\/uploads\/2026\/04\/Pose-de-cables-a-fibres-optiques-Eupener-Kaperberg-sera.jpg","contentUrl":"https:\/\/vieassociative.be\/actualites\/wp-content\/uploads\/2026\/04\/Pose-de-cables-a-fibres-optiques-Eupener-Kaperberg-sera.jpg","width":1200,"height":900,"caption":"Pose de c\u00e2bles \u00e0 fibres optiques : Eupener Kaperberg sera \u00e0 sens unique du 7 au 10 avril"},{"@type":"BreadcrumbList","@id":"https:\/\/vieassociative.be\/actualites\/pose-de-cables-a-fibres-optiques-eupener-kaperberg-sera-a-sens-unique-du-7-au-10-avril\/#breadcrumb","itemListElement":[{"@type":"ListItem","position":1,"name":"Accueil","item":"https:\/\/vieassociative.be\/actualites\/"},{"@type":"ListItem","position":2,"name":"Pose de c\u00e2bles \u00e0 fibres optiques : Eupener Kaperberg sera \u00e0 sens unique du 7 au 10 avril"}]},{"@type":"WebSite","@id":"https:\/\/vieassociative.be\/actualites\/#website","url":"https:\/\/vieassociative.be\/actualites\/","name":"Vie Associative","description":"","publisher":{"@id":"https:\/\/vieassociative.be\/actualites\/#organization"},"potentialAction":[{"@type":"SearchAction","target":{"@type":"EntryPoint","urlTemplate":"https:\/\/vieassociative.be\/actualites\/?s={search_term_string}"},"query-input":{"@type":"PropertyValueSpecification","valueRequired":true,"valueName":"search_term_string"}}],"inLanguage":"fr-BE"},{"@type":"Organization","@id":"https:\/\/vieassociative.be\/actualites\/#organization","name":"Vie Associative","url":"https:\/\/vieassociative.be\/actualites\/","logo":{"@type":"ImageObject","inLanguage":"fr-BE","@id":"https:\/\/vieassociative.be\/actualites\/#\/schema\/logo\/image\/","url":"https:\/\/vieassociative.be\/actualites\/wp-content\/uploads\/2024\/09\/cropped-vieassociative_favicon.ico.png","contentUrl":"https:\/\/vieassociative.be\/actualites\/wp-content\/uploads\/2024\/09\/cropped-vieassociative_favicon.ico.png","width":512,"height":512,"caption":"Vie Associative"},"image":{"@id":"https:\/\/vieassociative.be\/actualites\/#\/schema\/logo\/image\/"}},{"@type":"Person","@id":"https:\/\/vieassociative.be\/actualites\/#\/schema\/person\/b87ac4f82f9d4e7b7cec7395b679edc4","name":"Julien","image":{"@type":"ImageObject","inLanguage":"fr-BE","@id":"https:\/\/vieassociative.be\/actualites\/#\/schema\/person\/image\/","url":"https:\/\/vieassociative.be\/actualites\/wp-content\/uploads\/2024\/09\/vie-associative-1-150x150.jpg","contentUrl":"https:\/\/vieassociative.be\/actualites\/wp-content\/uploads\/2024\/09\/vie-associative-1-150x150.jpg","caption":"Julien"},"description":"Je suis Julien, r\u00e9dacteur pour Vie Associative. Passionn\u00e9 par le monde associatif depuis plus de 10 ans, j'ai \u00e0 c\u0153ur de partager des histoires inspirantes et de mettre en lumi\u00e8re les initiatives locales. Mon objectif est de sensibiliser et d'encourager l'engagement communautaire \u00e0 travers mes articles.","sameAs":["https:\/\/vieassociative.be\/"]}]}},"_links":{"self":[{"href":"https:\/\/vieassociative.be\/actualites\/wp-json\/wp\/v2\/posts\/13288"}],"collection":[{"href":"https:\/\/vieassociative.be\/actualites\/wp-json\/wp\/v2\/posts"}],"about":[{"href":"https:\/\/vieassociative.be\/actualites\/wp-json\/wp\/v2\/types\/post"}],"author":[{"embeddable":true,"href":"https:\/\/vieassociative.be\/actualites\/wp-json\/wp\/v2\/users\/1"}],"replies":[{"embeddable":true,"href":"https:\/\/vieassociative.be\/actualites\/wp-json\/wp\/v2\/comments?post=13288"}],"version-history":[{"count":0,"href":"https:\/\/vieassociative.be\/actualites\/wp-json\/wp\/v2\/posts\/13288\/revisions"}],"wp:featuredmedia":[{"embeddable":true,"href":"https:\/\/vieassociative.be\/actualites\/wp-json\/wp\/v2\/media\/13289"}],"wp:attachment":[{"href":"https:\/\/vieassociative.be\/actualites\/wp-json\/wp\/v2\/media?parent=13288"}],"wp:term":[{"taxonomy":"category","embeddable":true,"href":"https:\/\/vieassociative.be\/actualites\/wp-json\/wp\/v2\/categories?post=13288"},{"taxonomy":"post_tag","embeddable":true,"href":"https:\/\/vieassociative.be\/actualites\/wp-json\/wp\/v2\/tags?post=13288"}],"curies":[{"name":"wp","href":"https:\/\/api.w.org\/{rel}","templated":true}]}}