{"id":13286,"date":"2026-04-02T16:17:35","date_gmt":"2026-04-02T14:17:35","guid":{"rendered":"https:\/\/vieassociative.be\/actualites\/six-choses-a-savoir-lors-du-passage-de-windows-a-macos\/"},"modified":"2026-04-02T16:17:35","modified_gmt":"2026-04-02T14:17:35","slug":"six-choses-a-savoir-lors-du-passage-de-windows-a-macos","status":"publish","type":"post","link":"https:\/\/vieassociative.be\/actualites\/six-choses-a-savoir-lors-du-passage-de-windows-a-macos\/","title":{"rendered":"Six choses \u00e0 savoir lors du passage de Windows \u00e0 macOS"},"content":{"rendered":"<p>Nous pouvons gagner une commission sur les liens sur cette page.<\/p>\n<p>Le PDG d&rsquo;Apple, Tim Cook, a d\u00e9clar\u00e9 que la soci\u00e9t\u00e9 venait de conna\u00eetre \u00ab\u00a0sa meilleure semaine de lancement de tous les temps\u00a0\u00bb pour les clients achetant un Mac pour la premi\u00e8re fois, avec la mise en vente des MacBook Neo, MacBook Air M5 et MacBook Pro M5 Pro\/Max. Il semble que les gens se tournent vers le Mac en nombre important, le MacBook Neo \u00e0 599 $ \u00e9tant susceptible d&rsquo;avoir le plus d&rsquo;impact.<\/p>\n<p>Si vous \u00eates l&rsquo;un des responsables de la semaine de lancement record d&rsquo;Apple pour les nouveaux clients, vous vous demandez peut-\u00eatre par o\u00f9 commencer avec macOS et en quoi il diff\u00e8re (ou ne diff\u00e8re pas) du syst\u00e8me d&rsquo;exploitation Windows auquel vous \u00eates d\u00e9j\u00e0 habitu\u00e9. Windows est le syst\u00e8me d&rsquo;exploitation avec lequel j&rsquo;ai grandi, d\u00e8s les d\u00e9buts de Windows 95, mais en tant que journaliste technique, j&rsquo;ai d\u00fb \u00e9crire de nombreux articles sur macOS. J&rsquo;utilise les deux syst\u00e8mes d&rsquo;exploitation presque tous les jours, alors voici mon guide pour vous familiariser avec le syst\u00e8me d&rsquo;exploitation de bureau d&rsquo;Apple si vous n&rsquo;avez jamais utilis\u00e9 que celui de Microsoft.<\/p>\n<div class=\"pogoClear mb-12 mt-10 rounded-md border-2 border-gray-100 py-7 shadow-xl md:py-6\">\n<div class=\"flex flex-wrap justify-between px-7 text-black no-underline md:flex-nowrap md:px-8\">\n<div class=\"order-1 mx-auto flex flex-col justify-center md:order-2 md:ml-4 md:w-full md:grow\">\n<div class=\"block cursor-pointer text-center font-akshar text-2xl font-medium leading-7 text-brand-green duration-200 ease-in-out hover:text-brand-green-700 md:text-left md:text-xl md:leading-6\">MacBook N\u00e9o (256 Go)\n                <\/div>\n<div class=\"mt-4 hidden md:flex md:justify-between\">\n<div class=\"self-end\">\n<div class=\"mb-0 h-11 md:flex md:flex-col md:justify-center\">\n<div class=\" font-sans leading-4 text-black\">\n<div class=\"flex flex-wrap items-center justify-center gap-1 md:justify-start\">\n        <span class=\"font-bold\"><\/p>\n<p>            599,00\u00a0$<br \/>\n                            <span class=\"font-medium\">chez Amazon<\/span><br \/>\n                    <\/span>\n            <\/div>\n<\/p><\/div>\n<\/p><\/div>\n<\/p><\/div>\n<div class=\"w-44 self-end\">\n                            <button class=\"flex justify-center items-center w-full bg-brand-green text-white text-base font-sans font-medium rounded-md hover:bg-brand-green-700 hover:cursor-pointer md:text-sm h-11\"><\/p>\n<p>    Obtenez une offre<br \/>\n<\/button>\n                        <\/div>\n<\/p><\/div>\n<\/p><\/div>\n<div class=\"order-2 mt-5 h-auto w-full md:order-1 md:mt-0 md:hidden\">\n<div class=\"flex aspect-video items-center justify-center\">\n                                            <img decoding=\"async\" class=\"m-0 max-h-full max-w-full rounded-md\" src=\"https:\/\/vieassociative.be\/actualites\/wp-content\/uploads\/2026\/04\/Six-choses-a-savoir-lors-du-passage-de-Windows-a.jpg\" alt=\"Ordinateur portable Apple 2026 MacBook Neo 13 pouces avec puce A18 Pro : con\u00e7u pour l'IA et l'intelligence Apple, \u00e9cran Liquid Retina, m\u00e9moire unifi\u00e9e de 8 Go, stockage SSD de 256 Go, cam\u00e9ra FaceTime HD 1080p ; Agrumes\" width=\"auto\" height=\"auto\" loading=\"lazy\">\n                                    <\/div>\n<\/p><\/div>\n<div class=\"order-2 ml-2 hidden w-32 shrink-0 items-center md:order-1 md:ml-0 md:flex\">\n<div class=\"flex aspect-video items-center justify-center\">\n                                            <img decoding=\"async\" class=\"m-0 max-h-full max-w-full rounded-md\" src=\"https:\/\/vieassociative.be\/actualites\/wp-content\/uploads\/2026\/04\/Six-choses-a-savoir-lors-du-passage-de-Windows-a.jpg\" alt=\"Ordinateur portable Apple 2026 MacBook Neo 13 pouces avec puce A18 Pro : con\u00e7u pour l'IA et l'intelligence Apple, \u00e9cran Liquid Retina, m\u00e9moire unifi\u00e9e de 8 Go, stockage SSD de 256 Go, cam\u00e9ra FaceTime HD 1080p ; Agrumes\" width=\"auto\" height=\"auto\" loading=\"lazy\">\n                                    <\/div>\n<\/p><\/div>\n<div class=\"order-3 flex grow flex-wrap md:hidden md:grow-0\">\n<div class=\"mt-4 w-full\">\n                        <button class=\"flex justify-center items-center w-full bg-brand-green text-white text-base font-sans font-medium rounded-md hover:bg-brand-green-700 hover:cursor-pointer md:text-sm h-11\"><\/p>\n<p>    Obtenez une offre<br \/>\n<\/button>\n                    <\/div>\n<div class=\"mx-2 mt-4 w-full\">\n<div class=\" font-sans leading-4 text-black\">\n<div class=\"flex flex-wrap items-center justify-center gap-1 md:justify-start\">\n        <span class=\"font-bold\"><\/p>\n<p>            599,00\u00a0$<br \/>\n                            <span class=\"font-medium\">chez Amazon<\/span><br \/>\n                    <\/span>\n            <\/div>\n<\/p><\/div>\n<\/p><\/div>\n<\/p><\/div>\n<\/p><\/div>\n<\/div>\n<h2 id=\"macs-have-a-menu-bar\">Les Mac ont une barre de menu<\/h2>\n<p>Le plus gros changement d\u2019interface auquel vous devez vous adapter au d\u00e9but est peut-\u00eatre la barre de menus. Si vous n&rsquo;avez connu que Windows, vous aurez l&rsquo;habitude d&rsquo;avoir une barre des t\u00e2ches en bas et des menus d&rsquo;applications plus proches du haut, attach\u00e9s aux programmes avec lesquels ils sont associ\u00e9s.<\/p>\n<p>macOS dispose d&rsquo;une barre de menus qui combine ces diff\u00e9rents \u00e9l\u00e9ments. Il prend les raccourcis d&rsquo;application, l&rsquo;affichage de l&rsquo;heure et de la date et les fen\u00eatres contextuelles de notifications dans le coin inf\u00e9rieur droit de Windows et les place dans le coin sup\u00e9rieur droit. Cette m\u00eame barre sup\u00e9rieure comprend \u00e9galement les menus de toute application actuellement active.<\/p>\n<p>Ainsi, que vous utilisiez Google Chrome, Adobe Photoshop ou Spotify, les menus ne sont pas attach\u00e9s aux fen\u00eatres du programme : ils se trouvent juste en haut de l&rsquo;\u00e9cran. Cela peut prendre un certain temps pour s&rsquo;y habituer, mais le nom du programme actuellement actif est toujours affich\u00e9 dans le coin sup\u00e9rieur gauche, et \u00e0 gauche se trouve le menu Apple, que j&rsquo;aborderai ensuite.<\/p>\n<h2 id=\"macs-do-not-have-a-start-menu\">Les Mac n&rsquo;ont pas de menu D\u00e9marrer<\/h2>\n<p>Il n&rsquo;y a pas de bouton D\u00e9marrer ni de menu D\u00e9marrer sur macOS. Au lieu de cela, diff\u00e9rentes parties du menu D\u00e9marrer sont r\u00e9parties \u00e0 d&rsquo;autres endroits. Par exemple, si vous recherchez les param\u00e8tres du syst\u00e8me d&rsquo;exploitation ou les options d&rsquo;arr\u00eat et de compte utilisateur, ceux-ci se trouvent dans la section <strong>Pomme<\/strong> menu\u00a0: c&rsquo;est le logo Apple qui appara\u00eet toujours dans le coin sup\u00e9rieur gauche de l&rsquo;\u00e9cran.<\/p>\n<p>Allez ici pour trouver <strong>\u00c0 propos de ce Mac<\/strong> (informations sur l&rsquo;ordinateur que vous utilisez)\u00a0; les options pour <strong>Dormir<\/strong>, <strong>Red\u00e9marrage<\/strong>et <strong>Fermer<\/strong>; et des commandes pour verrouiller le Mac ou se d\u00e9connecter. Il est \u00e9galement utile ici <strong>Forcer \u00e0 quitter<\/strong>qui peut fermer pour vous les applications qui se comportent mal.<\/p>\n<p>Le <strong>Pomme<\/strong> Le menu vous donne \u00e9galement acc\u00e8s au macOS App Store et \u00e0 toutes les mises \u00e0 jour d&rsquo;applications qui pourraient y \u00eatre en attente. Le <strong>Articles r\u00e9cents<\/strong> Le sous-menu, quant \u00e0 lui, remplit certaines des utilisations du menu D\u00e9marrer de Windows, vous donnant un acc\u00e8s pratique aux applications r\u00e9cemment lanc\u00e9es et aux fichiers r\u00e9cemment ouverts.<\/p>\n<div class=\"eloquent-imagery-image\">\n<div class=\"flex justify-center\">\n                    <img decoding=\"async\" class=\"border border-gray-100\" src=\"https:\/\/vieassociative.be\/actualites\/wp-content\/uploads\/2026\/04\/1775139455_165_Six-choses-a-savoir-lors-du-passage-de-Windows-a.jpg\" alt=\"Pleins feux sur macOS\" width=\"2000\" height=\"1125\" loading=\"lazy\">\n            <\/div>\n<div class=\"mt-2 font-akshar\">\n                            <span class=\"image-caption block text-sm leading-4 tracking-wide text-(#1F2937)\">Vous pouvez acc\u00e9der \u00e0 vos applications via Spotlight.<\/span><br \/>\n                                        <span class=\"mt-1 block font-sans text-xs tracking-normal text-gray-600\">Cr\u00e9dit : Vie Associative<\/span>\n                    <\/div>\n<\/p><\/div>\n<h2 id=\"how-the-macos-app-experience-differs-from-windows\">En quoi l&rsquo;exp\u00e9rience de l&rsquo;application macOS diff\u00e8re de celle de Windows<\/h2>\n<p>Comme sous Windows, vous pouvez installer des applications sur macOS via l&rsquo;App Store officiel ou en les t\u00e9l\u00e9chargeant via votre navigateur Web. Il existe plusieurs fa\u00e7ons de rechercher et de lancer des applications, ce qui peut \u00eatre un peu d\u00e9routant au d\u00e9but\u00a0: La m\u00e9thode que j&rsquo;utilise le plus est de lancer Spotlight (via <strong>Cmd+Espace<\/strong> ou la loupe de la barre de menu), puis en tapant le nom d&rsquo;un programme.<\/p>\n<p>Ensuite, il y a le Dock en bas de l&rsquo;\u00e9cran, qui est largement \u00e9quivalent \u00e0 la barre des t\u00e2ches Windows. Vous pouvez basculer entre les applications et lancer des applications r\u00e9centes \u00e0 partir d&rsquo;ici, ainsi qu&rsquo;\u00e9pingler les raccourcis des applications de mani\u00e8re permanente (cliquez avec le bouton droit sur l&rsquo;ic\u00f4ne d&rsquo;une application et choisissez <strong>Options > Garder dans le Dock<\/strong>). Ouvrez le menu Pomme et s\u00e9lectionnez <strong>Param\u00e8tres syst\u00e8me > Bureau et Dock<\/strong> pour d\u00e9finir la position et le comportement du Dock.<\/p>\n<p>Pour trouver toutes les applications install\u00e9es sur macOS, vous pouvez lancer Spotlight (comme ci-dessus), puis cliquer sur l&rsquo;ic\u00f4ne App Store \u00e0 droite du champ de recherche. Vous pouvez \u00e9galement lancer l&rsquo;application Finder et choisir <strong>Aller > Applications<\/strong> dans les menus (ou s\u00e9lectionnez le <strong>Applications<\/strong> lien dans le volet de navigation de gauche, s&rsquo;il est visible).<\/p>\n<h2 id=\"the-macs-finder-is-your-new-file-explorer\">Le \u00ab Finder \u00bb du Mac est votre nouvel \u00ab Explorateur de fichiers \u00bb<\/h2>\n<p>Le Finder est l&rsquo;endroit id\u00e9al pour g\u00e9rer tout ce qui est enregistr\u00e9 localement sur votre syst\u00e8me, et m\u00eame s&rsquo;il peut sembler diff\u00e9rent de l&rsquo;Explorateur de fichiers au d\u00e9part, il ne faut pas longtemps pour s&rsquo;y habituer. Comme toute autre application, vous pouvez la lancer depuis Spotlight ou le Dock.<\/p>\n<p>Par d\u00e9faut, il y a un volet de navigation sur la gauche qui vous permet d&rsquo;acc\u00e9der aux zones cl\u00e9s de votre syst\u00e8me, notamment le bureau et votre dossier T\u00e9l\u00e9chargements (ainsi que le <strong>Applications<\/strong> dossier). Comme d&rsquo;habitude, les menus principaux sont en haut, mais des menus d\u00e9roulants permettant de contr\u00f4ler la disposition du Finder se trouvent en haut de la fen\u00eatre actuelle.<\/p>\n<p>De nombreuses op\u00e9rations du Finder fonctionnent de la m\u00eame mani\u00e8re que dans l&rsquo;Explorateur de fichiers\u00a0: faites donc glisser un fichier d&rsquo;une fen\u00eatre \u00e0 une autre pour le d\u00e9placer entre des dossiers, par exemple. Une fonctionnalit\u00e9 int\u00e9ressante du Finder que vous n&rsquo;obtenez pas sous Windows est Quick Look, qui vous permet d&rsquo;appuyer sur <strong>Espace<\/strong> pour pr\u00e9visualiser rapidement un fichier s\u00e9lectionn\u00e9, sans l&rsquo;ouvrir. <\/p>\n<h2 id=\"how-to-control-the-settings-on-your-new-mac\">Comment contr\u00f4ler les param\u00e8tres sur votre nouveau Mac<\/h2>\n<p>Il existe de nombreuses fa\u00e7ons de personnaliser sur macOS, et vous pouvez commencer en ouvrant le menu Pomme et en choisissant <strong>Param\u00e8tres syst\u00e8me<\/strong>. \u00c0 partir de l\u00e0, vous pouvez tout g\u00e9rer, des mises \u00e0 jour logicielles et de l&rsquo;acc\u00e8s Siri aux connexions Wi-Fi et \u00e0 la dur\u00e9e de vie de la batterie (si vous utilisez un MacBook et non un Mac de bureau).<\/p>\n<p>Dirigez-vous vers <strong>Papier peint<\/strong> pour d\u00e9finir l&rsquo;arri\u00e8re-plan de votre bureau (vous verrez que les arri\u00e8re-plans dynamiques qui changent au fil du temps sont pris en charge), <strong>Notifications<\/strong> pour contr\u00f4ler la fr\u00e9quence \u00e0 laquelle vous \u00eates distrait par les alertes des applications, et <strong>Barre de menus<\/strong> pour modifier les \u00e9l\u00e9ments et les raccourcis qui apparaissent juste en haut de l&rsquo;\u00e9cran. Si vous vous demandez comment modifier quelque chose dans macOS, vous le trouverez g\u00e9n\u00e9ralement ici.<\/p>\n<p>Les options des programmes individuels sont g\u00e9n\u00e9ralement g\u00e9r\u00e9es en cliquant sur le nom du programme dans la barre de menu (comme <strong>Chrome<\/strong> ou <strong>Spotify<\/strong>), puis en choisissant <strong>Param\u00e8tres<\/strong> dans le menu qui appara\u00eet.<\/p>\n<div class=\"eloquent-imagery-image\">\n<div class=\"flex justify-center\">\n                    <img decoding=\"async\" class=\"border border-gray-100\" src=\"https:\/\/vieassociative.be\/actualites\/wp-content\/uploads\/2026\/04\/1775139455_843_Six-choses-a-savoir-lors-du-passage-de-Windows-a.jpg\" alt=\"Param\u00e8tres syst\u00e8me macOS\" width=\"2000\" height=\"1125\" loading=\"lazy\">\n            <\/div>\n<div class=\"mt-2 font-akshar\">\n                            <span class=\"image-caption block text-sm leading-4 tracking-wide text-(#1F2937)\">Param\u00e8tres syst\u00e8me sur macOS.<\/span><br \/>\n                                        <span class=\"mt-1 block font-sans text-xs tracking-normal text-gray-600\">Cr\u00e9dit : Vie Associative<\/span>\n                    <\/div>\n<\/p><\/div>\n<h2 id=\"keyboard-shortcuts-take-some-getting-used-to-on-macos\">Il faut un certain temps pour s&rsquo;habituer aux raccourcis clavier sur macOS <\/h2>\n<p>Les raccourcis clavier sont un \u00e9l\u00e9ment crucial pour utiliser Windows et macOS aussi efficacement que possible, mais vous devrez recycler votre m\u00e9moire musculaire lorsque vous passerez aux ordinateurs Apple. Si vous utilisez Windows et macOS ensemble, comme moi, vous devrez peut-\u00eatre prendre une seconde pour vous rappeler sur quelles touches appuyer et \u00e0 quel moment.<\/p>\n<p>Dans de nombreux cas, vous pouvez remplacer <strong>Ctrl<\/strong> sous Windows avec <strong>Commande<\/strong> (Commande) sur macOS\u00a0: Utiliser <strong>Cmd+C<\/strong> copier (au lieu de <strong>Ctrl+C<\/strong>), <strong>Cmd+V<\/strong> coller (au lieu de <strong>Ctrl+V<\/strong>), et <strong>Cmd+W<\/strong> pour fermer les onglets du navigateur (au lieu de <strong>Cmd+W<\/strong>), Par exemple.<\/p>\n<p>Parfois, la combinaison est un peu diff\u00e9rente. Si vous avez l&rsquo;habitude d&rsquo;utiliser <strong>Alt+Tab<\/strong> pour parcourir vos applications ouvertes sous Windows, vous devez utiliser <strong>Cmd+Tab<\/strong> pour cela sur macOS, bien que vous puissiez installer un utilitaire pour r\u00e9pliquer Alt+Tab si vous le manquez. Il existe des utilitaires disponibles qui peuvent vous aider \u00e0 apprendre tous les raccourcis pertinents dont vous avez besoin.<\/p>\n<h2 id=\"the-apple-ecosystem-integration-is-seamless\">L&rsquo;int\u00e9gration de l&rsquo;\u00e9cosyst\u00e8me Apple est transparente<\/h2>\n<p>Si vous poss\u00e9dez d\u00e9j\u00e0 un iPhone ou un iPad pour accompagner votre nouveau Mac, il existe de nombreuses fonctionnalit\u00e9s int\u00e9ressantes \u00e0 explorer. Tant que vos appareils mobiles et votre Mac utilisent le m\u00eame compte Apple et sont connect\u00e9s au m\u00eame r\u00e9seau wifi, ils fonctionneront ensemble.<\/p>\n<p>Il existe un presse-papiers universel qui vous permet de copier une image sur macOS et de la coller sur iOS. Vous pouvez \u00e9galement refl\u00e9ter l&rsquo;\u00e9cran de votre iPhone sur le bureau macOS, contr\u00f4ler un iPad avec le clavier et la souris de votre Mac, utiliser votre iPhone comme webcam et m\u00eame utiliser un iPad comme deuxi\u00e8me \u00e9cran pour votre Mac.<\/p>\n<p>Si vous \u00eates du c\u00f4t\u00e9 Android de la barri\u00e8re, votre t\u00e9l\u00e9phone ne fonctionnera pas aussi bien avec macOS, bien qu&rsquo;Apple Music et Apple TV soient disponibles sur le Google Play Store. Les meilleures fa\u00e7ons que j&rsquo;ai trouv\u00e9es d&rsquo;utiliser Android, macOS et Windows ensemble impliquent des outils multiplateformes, notamment Dropbox, \u00e0 peu pr\u00e8s tout ce que Google cr\u00e9e et des applications Web.<\/p>\n","protected":false},"excerpt":{"rendered":"<p>Nous pouvons gagner une commission sur les liens sur cette page. Le PDG d&rsquo;Apple, Tim Cook, a d\u00e9clar\u00e9 que la soci\u00e9t\u00e9 venait de conna\u00eetre \u00ab\u00a0sa<\/p>\n","protected":false},"author":1,"featured_media":13287,"comment_status":"","ping_status":"","sticky":false,"template":"","format":"standard","meta":{"footnotes":""},"categories":[10230],"tags":[93,353,7388,3549,183,171],"class_list":["post-13286","post","type-post","status-publish","format-standard","has-post-thumbnail","hentry","category-apple","tag-choses","tag-lors","tag-macos","tag-passage","tag-savoir","tag-windows","generate-columns","tablet-grid-50","mobile-grid-100","grid-parent","grid-33"],"yoast_head":"<!-- This site is optimized with the Yoast SEO plugin v24.0 - https:\/\/yoast.com\/wordpress\/plugins\/seo\/ -->\n<title>Six choses \u00e0 savoir lors du passage de Windows \u00e0 macOS | Vie Associative<\/title>\n<meta name=\"robots\" content=\"index, follow, max-snippet:-1, max-image-preview:large, max-video-preview:-1\" \/>\n<link rel=\"canonical\" href=\"https:\/\/vieassociative.be\/actualites\/six-choses-a-savoir-lors-du-passage-de-windows-a-macos\/\" \/>\n<meta property=\"og:locale\" content=\"fr_FR\" \/>\n<meta property=\"og:type\" content=\"article\" \/>\n<meta property=\"og:title\" content=\"Six choses \u00e0 savoir lors du passage de Windows \u00e0 macOS | Vie Associative\" \/>\n<meta property=\"og:description\" content=\"Nous pouvons gagner une commission sur les liens sur cette page. Le PDG d&rsquo;Apple, Tim Cook, a d\u00e9clar\u00e9 que la soci\u00e9t\u00e9 venait de conna\u00eetre \u00ab\u00a0sa\" \/>\n<meta property=\"og:url\" content=\"https:\/\/vieassociative.be\/actualites\/six-choses-a-savoir-lors-du-passage-de-windows-a-macos\/\" \/>\n<meta property=\"og:site_name\" content=\"Vie Associative\" \/>\n<meta property=\"article:published_time\" content=\"2026-04-02T14:17:35+00:00\" \/>\n<meta property=\"og:image\" content=\"https:\/\/vieassociative.be\/actualites\/wp-content\/uploads\/2026\/04\/Six-choses-a-savoir-lors-du-passage-de-Windows-a.jpg\" \/>\n<meta name=\"author\" content=\"Julien\" \/>\n<meta name=\"twitter:card\" content=\"summary_large_image\" \/>\n<meta name=\"twitter:label1\" content=\"\u00c9crit par\" \/>\n\t<meta name=\"twitter:data1\" content=\"Julien\" \/>\n\t<meta name=\"twitter:label2\" content=\"Dur\u00e9e de lecture est.\" \/>\n\t<meta name=\"twitter:data2\" content=\"8 minutes\" \/>\n<script type=\"application\/ld+json\" class=\"yoast-schema-graph\">{\"@context\":\"https:\/\/schema.org\",\"@graph\":[{\"@type\":\"Article\",\"@id\":\"https:\/\/vieassociative.be\/actualites\/six-choses-a-savoir-lors-du-passage-de-windows-a-macos\/#article\",\"isPartOf\":{\"@id\":\"https:\/\/vieassociative.be\/actualites\/six-choses-a-savoir-lors-du-passage-de-windows-a-macos\/\"},\"author\":{\"name\":\"Julien\",\"@id\":\"https:\/\/vieassociative.be\/actualites\/#\/schema\/person\/b87ac4f82f9d4e7b7cec7395b679edc4\"},\"headline\":\"Six choses \u00e0 savoir lors du passage de Windows \u00e0 macOS\",\"datePublished\":\"2026-04-02T14:17:35+00:00\",\"dateModified\":\"2026-04-02T14:17:35+00:00\",\"mainEntityOfPage\":{\"@id\":\"https:\/\/vieassociative.be\/actualites\/six-choses-a-savoir-lors-du-passage-de-windows-a-macos\/\"},\"wordCount\":1704,\"publisher\":{\"@id\":\"https:\/\/vieassociative.be\/actualites\/#organization\"},\"image\":{\"@id\":\"https:\/\/vieassociative.be\/actualites\/six-choses-a-savoir-lors-du-passage-de-windows-a-macos\/#primaryimage\"},\"thumbnailUrl\":\"https:\/\/vieassociative.be\/actualites\/wp-content\/uploads\/2026\/04\/1775139456_Six-choses-a-savoir-lors-du-passage-de-Windows-a.jpg\",\"keywords\":[\"choses\",\"lors\",\"MacOS\",\"passage\",\"savoir\",\"Windows\"],\"articleSection\":[\"Apple\"],\"inLanguage\":\"fr-BE\"},{\"@type\":\"WebPage\",\"@id\":\"https:\/\/vieassociative.be\/actualites\/six-choses-a-savoir-lors-du-passage-de-windows-a-macos\/\",\"url\":\"https:\/\/vieassociative.be\/actualites\/six-choses-a-savoir-lors-du-passage-de-windows-a-macos\/\",\"name\":\"Six choses \u00e0 savoir lors du passage de Windows \u00e0 macOS | Vie Associative\",\"isPartOf\":{\"@id\":\"https:\/\/vieassociative.be\/actualites\/#website\"},\"primaryImageOfPage\":{\"@id\":\"https:\/\/vieassociative.be\/actualites\/six-choses-a-savoir-lors-du-passage-de-windows-a-macos\/#primaryimage\"},\"image\":{\"@id\":\"https:\/\/vieassociative.be\/actualites\/six-choses-a-savoir-lors-du-passage-de-windows-a-macos\/#primaryimage\"},\"thumbnailUrl\":\"https:\/\/vieassociative.be\/actualites\/wp-content\/uploads\/2026\/04\/1775139456_Six-choses-a-savoir-lors-du-passage-de-Windows-a.jpg\",\"datePublished\":\"2026-04-02T14:17:35+00:00\",\"dateModified\":\"2026-04-02T14:17:35+00:00\",\"breadcrumb\":{\"@id\":\"https:\/\/vieassociative.be\/actualites\/six-choses-a-savoir-lors-du-passage-de-windows-a-macos\/#breadcrumb\"},\"inLanguage\":\"fr-BE\",\"potentialAction\":[{\"@type\":\"ReadAction\",\"target\":[\"https:\/\/vieassociative.be\/actualites\/six-choses-a-savoir-lors-du-passage-de-windows-a-macos\/\"]}]},{\"@type\":\"ImageObject\",\"inLanguage\":\"fr-BE\",\"@id\":\"https:\/\/vieassociative.be\/actualites\/six-choses-a-savoir-lors-du-passage-de-windows-a-macos\/#primaryimage\",\"url\":\"https:\/\/vieassociative.be\/actualites\/wp-content\/uploads\/2026\/04\/1775139456_Six-choses-a-savoir-lors-du-passage-de-Windows-a.jpg\",\"contentUrl\":\"https:\/\/vieassociative.be\/actualites\/wp-content\/uploads\/2026\/04\/1775139456_Six-choses-a-savoir-lors-du-passage-de-Windows-a.jpg\",\"width\":1200,\"height\":675,\"caption\":\"Six choses \u00e0 savoir lors du passage de Windows \u00e0 macOS\"},{\"@type\":\"BreadcrumbList\",\"@id\":\"https:\/\/vieassociative.be\/actualites\/six-choses-a-savoir-lors-du-passage-de-windows-a-macos\/#breadcrumb\",\"itemListElement\":[{\"@type\":\"ListItem\",\"position\":1,\"name\":\"Accueil\",\"item\":\"https:\/\/vieassociative.be\/actualites\/\"},{\"@type\":\"ListItem\",\"position\":2,\"name\":\"Six choses \u00e0 savoir lors du passage de Windows \u00e0 macOS\"}]},{\"@type\":\"WebSite\",\"@id\":\"https:\/\/vieassociative.be\/actualites\/#website\",\"url\":\"https:\/\/vieassociative.be\/actualites\/\",\"name\":\"Vie Associative\",\"description\":\"\",\"publisher\":{\"@id\":\"https:\/\/vieassociative.be\/actualites\/#organization\"},\"potentialAction\":[{\"@type\":\"SearchAction\",\"target\":{\"@type\":\"EntryPoint\",\"urlTemplate\":\"https:\/\/vieassociative.be\/actualites\/?s={search_term_string}\"},\"query-input\":{\"@type\":\"PropertyValueSpecification\",\"valueRequired\":true,\"valueName\":\"search_term_string\"}}],\"inLanguage\":\"fr-BE\"},{\"@type\":\"Organization\",\"@id\":\"https:\/\/vieassociative.be\/actualites\/#organization\",\"name\":\"Vie Associative\",\"url\":\"https:\/\/vieassociative.be\/actualites\/\",\"logo\":{\"@type\":\"ImageObject\",\"inLanguage\":\"fr-BE\",\"@id\":\"https:\/\/vieassociative.be\/actualites\/#\/schema\/logo\/image\/\",\"url\":\"https:\/\/vieassociative.be\/actualites\/wp-content\/uploads\/2024\/09\/cropped-vieassociative_favicon.ico.png\",\"contentUrl\":\"https:\/\/vieassociative.be\/actualites\/wp-content\/uploads\/2024\/09\/cropped-vieassociative_favicon.ico.png\",\"width\":512,\"height\":512,\"caption\":\"Vie Associative\"},\"image\":{\"@id\":\"https:\/\/vieassociative.be\/actualites\/#\/schema\/logo\/image\/\"}},{\"@type\":\"Person\",\"@id\":\"https:\/\/vieassociative.be\/actualites\/#\/schema\/person\/b87ac4f82f9d4e7b7cec7395b679edc4\",\"name\":\"Julien\",\"image\":{\"@type\":\"ImageObject\",\"inLanguage\":\"fr-BE\",\"@id\":\"https:\/\/vieassociative.be\/actualites\/#\/schema\/person\/image\/\",\"url\":\"https:\/\/vieassociative.be\/actualites\/wp-content\/uploads\/2024\/09\/vie-associative-1-150x150.jpg\",\"contentUrl\":\"https:\/\/vieassociative.be\/actualites\/wp-content\/uploads\/2024\/09\/vie-associative-1-150x150.jpg\",\"caption\":\"Julien\"},\"description\":\"Je suis Julien, r\u00e9dacteur pour Vie Associative. Passionn\u00e9 par le monde associatif depuis plus de 10 ans, j'ai \u00e0 c\u0153ur de partager des histoires inspirantes et de mettre en lumi\u00e8re les initiatives locales. Mon objectif est de sensibiliser et d'encourager l'engagement communautaire \u00e0 travers mes articles.\",\"sameAs\":[\"https:\/\/vieassociative.be\/\"]}]}<\/script>\n<!-- \/ Yoast SEO plugin. -->","yoast_head_json":{"title":"Six choses \u00e0 savoir lors du passage de Windows \u00e0 macOS | Vie Associative","robots":{"index":"index","follow":"follow","max-snippet":"max-snippet:-1","max-image-preview":"max-image-preview:large","max-video-preview":"max-video-preview:-1"},"canonical":"https:\/\/vieassociative.be\/actualites\/six-choses-a-savoir-lors-du-passage-de-windows-a-macos\/","og_locale":"fr_FR","og_type":"article","og_title":"Six choses \u00e0 savoir lors du passage de Windows \u00e0 macOS | Vie Associative","og_description":"Nous pouvons gagner une commission sur les liens sur cette page. Le PDG d&rsquo;Apple, Tim Cook, a d\u00e9clar\u00e9 que la soci\u00e9t\u00e9 venait de conna\u00eetre \u00ab\u00a0sa","og_url":"https:\/\/vieassociative.be\/actualites\/six-choses-a-savoir-lors-du-passage-de-windows-a-macos\/","og_site_name":"Vie Associative","article_published_time":"2026-04-02T14:17:35+00:00","og_image":[{"url":"https:\/\/vieassociative.be\/actualites\/wp-content\/uploads\/2026\/04\/Six-choses-a-savoir-lors-du-passage-de-Windows-a.jpg","type":"","width":"","height":""}],"author":"Julien","twitter_card":"summary_large_image","twitter_misc":{"\u00c9crit par":"Julien","Dur\u00e9e de lecture est.":"8 minutes"},"schema":{"@context":"https:\/\/schema.org","@graph":[{"@type":"Article","@id":"https:\/\/vieassociative.be\/actualites\/six-choses-a-savoir-lors-du-passage-de-windows-a-macos\/#article","isPartOf":{"@id":"https:\/\/vieassociative.be\/actualites\/six-choses-a-savoir-lors-du-passage-de-windows-a-macos\/"},"author":{"name":"Julien","@id":"https:\/\/vieassociative.be\/actualites\/#\/schema\/person\/b87ac4f82f9d4e7b7cec7395b679edc4"},"headline":"Six choses \u00e0 savoir lors du passage de Windows \u00e0 macOS","datePublished":"2026-04-02T14:17:35+00:00","dateModified":"2026-04-02T14:17:35+00:00","mainEntityOfPage":{"@id":"https:\/\/vieassociative.be\/actualites\/six-choses-a-savoir-lors-du-passage-de-windows-a-macos\/"},"wordCount":1704,"publisher":{"@id":"https:\/\/vieassociative.be\/actualites\/#organization"},"image":{"@id":"https:\/\/vieassociative.be\/actualites\/six-choses-a-savoir-lors-du-passage-de-windows-a-macos\/#primaryimage"},"thumbnailUrl":"https:\/\/vieassociative.be\/actualites\/wp-content\/uploads\/2026\/04\/1775139456_Six-choses-a-savoir-lors-du-passage-de-Windows-a.jpg","keywords":["choses","lors","MacOS","passage","savoir","Windows"],"articleSection":["Apple"],"inLanguage":"fr-BE"},{"@type":"WebPage","@id":"https:\/\/vieassociative.be\/actualites\/six-choses-a-savoir-lors-du-passage-de-windows-a-macos\/","url":"https:\/\/vieassociative.be\/actualites\/six-choses-a-savoir-lors-du-passage-de-windows-a-macos\/","name":"Six choses \u00e0 savoir lors du passage de Windows \u00e0 macOS | Vie Associative","isPartOf":{"@id":"https:\/\/vieassociative.be\/actualites\/#website"},"primaryImageOfPage":{"@id":"https:\/\/vieassociative.be\/actualites\/six-choses-a-savoir-lors-du-passage-de-windows-a-macos\/#primaryimage"},"image":{"@id":"https:\/\/vieassociative.be\/actualites\/six-choses-a-savoir-lors-du-passage-de-windows-a-macos\/#primaryimage"},"thumbnailUrl":"https:\/\/vieassociative.be\/actualites\/wp-content\/uploads\/2026\/04\/1775139456_Six-choses-a-savoir-lors-du-passage-de-Windows-a.jpg","datePublished":"2026-04-02T14:17:35+00:00","dateModified":"2026-04-02T14:17:35+00:00","breadcrumb":{"@id":"https:\/\/vieassociative.be\/actualites\/six-choses-a-savoir-lors-du-passage-de-windows-a-macos\/#breadcrumb"},"inLanguage":"fr-BE","potentialAction":[{"@type":"ReadAction","target":["https:\/\/vieassociative.be\/actualites\/six-choses-a-savoir-lors-du-passage-de-windows-a-macos\/"]}]},{"@type":"ImageObject","inLanguage":"fr-BE","@id":"https:\/\/vieassociative.be\/actualites\/six-choses-a-savoir-lors-du-passage-de-windows-a-macos\/#primaryimage","url":"https:\/\/vieassociative.be\/actualites\/wp-content\/uploads\/2026\/04\/1775139456_Six-choses-a-savoir-lors-du-passage-de-Windows-a.jpg","contentUrl":"https:\/\/vieassociative.be\/actualites\/wp-content\/uploads\/2026\/04\/1775139456_Six-choses-a-savoir-lors-du-passage-de-Windows-a.jpg","width":1200,"height":675,"caption":"Six choses \u00e0 savoir lors du passage de Windows \u00e0 macOS"},{"@type":"BreadcrumbList","@id":"https:\/\/vieassociative.be\/actualites\/six-choses-a-savoir-lors-du-passage-de-windows-a-macos\/#breadcrumb","itemListElement":[{"@type":"ListItem","position":1,"name":"Accueil","item":"https:\/\/vieassociative.be\/actualites\/"},{"@type":"ListItem","position":2,"name":"Six choses \u00e0 savoir lors du passage de Windows \u00e0 macOS"}]},{"@type":"WebSite","@id":"https:\/\/vieassociative.be\/actualites\/#website","url":"https:\/\/vieassociative.be\/actualites\/","name":"Vie Associative","description":"","publisher":{"@id":"https:\/\/vieassociative.be\/actualites\/#organization"},"potentialAction":[{"@type":"SearchAction","target":{"@type":"EntryPoint","urlTemplate":"https:\/\/vieassociative.be\/actualites\/?s={search_term_string}"},"query-input":{"@type":"PropertyValueSpecification","valueRequired":true,"valueName":"search_term_string"}}],"inLanguage":"fr-BE"},{"@type":"Organization","@id":"https:\/\/vieassociative.be\/actualites\/#organization","name":"Vie Associative","url":"https:\/\/vieassociative.be\/actualites\/","logo":{"@type":"ImageObject","inLanguage":"fr-BE","@id":"https:\/\/vieassociative.be\/actualites\/#\/schema\/logo\/image\/","url":"https:\/\/vieassociative.be\/actualites\/wp-content\/uploads\/2024\/09\/cropped-vieassociative_favicon.ico.png","contentUrl":"https:\/\/vieassociative.be\/actualites\/wp-content\/uploads\/2024\/09\/cropped-vieassociative_favicon.ico.png","width":512,"height":512,"caption":"Vie Associative"},"image":{"@id":"https:\/\/vieassociative.be\/actualites\/#\/schema\/logo\/image\/"}},{"@type":"Person","@id":"https:\/\/vieassociative.be\/actualites\/#\/schema\/person\/b87ac4f82f9d4e7b7cec7395b679edc4","name":"Julien","image":{"@type":"ImageObject","inLanguage":"fr-BE","@id":"https:\/\/vieassociative.be\/actualites\/#\/schema\/person\/image\/","url":"https:\/\/vieassociative.be\/actualites\/wp-content\/uploads\/2024\/09\/vie-associative-1-150x150.jpg","contentUrl":"https:\/\/vieassociative.be\/actualites\/wp-content\/uploads\/2024\/09\/vie-associative-1-150x150.jpg","caption":"Julien"},"description":"Je suis Julien, r\u00e9dacteur pour Vie Associative. Passionn\u00e9 par le monde associatif depuis plus de 10 ans, j'ai \u00e0 c\u0153ur de partager des histoires inspirantes et de mettre en lumi\u00e8re les initiatives locales. Mon objectif est de sensibiliser et d'encourager l'engagement communautaire \u00e0 travers mes articles.","sameAs":["https:\/\/vieassociative.be\/"]}]}},"_links":{"self":[{"href":"https:\/\/vieassociative.be\/actualites\/wp-json\/wp\/v2\/posts\/13286"}],"collection":[{"href":"https:\/\/vieassociative.be\/actualites\/wp-json\/wp\/v2\/posts"}],"about":[{"href":"https:\/\/vieassociative.be\/actualites\/wp-json\/wp\/v2\/types\/post"}],"author":[{"embeddable":true,"href":"https:\/\/vieassociative.be\/actualites\/wp-json\/wp\/v2\/users\/1"}],"replies":[{"embeddable":true,"href":"https:\/\/vieassociative.be\/actualites\/wp-json\/wp\/v2\/comments?post=13286"}],"version-history":[{"count":0,"href":"https:\/\/vieassociative.be\/actualites\/wp-json\/wp\/v2\/posts\/13286\/revisions"}],"wp:featuredmedia":[{"embeddable":true,"href":"https:\/\/vieassociative.be\/actualites\/wp-json\/wp\/v2\/media\/13287"}],"wp:attachment":[{"href":"https:\/\/vieassociative.be\/actualites\/wp-json\/wp\/v2\/media?parent=13286"}],"wp:term":[{"taxonomy":"category","embeddable":true,"href":"https:\/\/vieassociative.be\/actualites\/wp-json\/wp\/v2\/categories?post=13286"},{"taxonomy":"post_tag","embeddable":true,"href":"https:\/\/vieassociative.be\/actualites\/wp-json\/wp\/v2\/tags?post=13286"}],"curies":[{"name":"wp","href":"https:\/\/api.w.org\/{rel}","templated":true}]}}