{"id":13284,"date":"2026-04-02T11:17:38","date_gmt":"2026-04-02T09:17:38","guid":{"rendered":"https:\/\/vieassociative.be\/actualites\/le-malchanceux-van-aert-encore-depasse-peu-avant-larrivee-ganna-gagne-evenepoel-participe-a-la-ronde-dimanche\/"},"modified":"2026-04-02T11:17:38","modified_gmt":"2026-04-02T09:17:38","slug":"le-malchanceux-van-aert-encore-depasse-peu-avant-larrivee-ganna-gagne-evenepoel-participe-a-la-ronde-dimanche","status":"publish","type":"post","link":"https:\/\/vieassociative.be\/actualites\/le-malchanceux-van-aert-encore-depasse-peu-avant-larrivee-ganna-gagne-evenepoel-participe-a-la-ronde-dimanche\/","title":{"rendered":"Le malchanceux van Aert encore d\u00e9pass\u00e9 peu avant l\u2019arriv\u00e9e \u2013 Ganna gagne \u2013 Evenepoel participe \u00e0 la \u00ab Ronde \u00bb dimanche"},"content":{"rendered":"<p><strong>Trois jours apr\u00e8s \u00ab In Flanders Fields \u00bb, le peloton s&rsquo;est retrouv\u00e9 \u00e0 \u00ab Across Flanders \u00bb \u2013 mais sans Mathieu van der Poel et Tadej Pogacar, les deux grands favoris du Tour des Flandres (\u00ab Ronde \u00bb) se d\u00e9roulant dimanche, auquel participera \u00e9galement Remco Evenepoel.<\/strong><\/p>\n<p><span id=\"more-438083\"><\/span>Lors de la r\u00e9p\u00e9tition g\u00e9n\u00e9rale du Tour des Flandres, van Aert s&rsquo;est d&rsquo;abord pr\u00e9sent\u00e9 en bonne forme. Mais ensuite les choses deviennent dramatiques. Comme dimanche \u00e0 \u00ab In Flanders Fields \u00bb (anciennement Gent-Wevelgem) en compagnie de son \u00e9ternel rival Mathieu van der Poel, van Aert a \u00e9galement subi une am\u00e8re d\u00e9faite lors de la r\u00e9p\u00e9tition g\u00e9n\u00e9rale du Tour des Flandres.<\/p>\n<div id=\"attachment_438087\" class=\"wp-caption alignleft\" style=\"max-width: 300px\"><img fetchpriority=\"high\" decoding=\"async\" class=\"wp-image-438087 size-medium\" src=\"https:\/\/vieassociative.be\/actualites\/wp-content\/uploads\/2026\/04\/Le-malchanceux-van-Aert-encore-depasse-peu-avant-larrivee-\u2013.jpg\" alt=\"\" width=\"300\" height=\"200\"><\/div>\n<p>Au cours d&rsquo;une confrontation passionnante de secondes, le joueur de 31 ans a rat\u00e9 sa revanche apr\u00e8s une d\u00e9faite douloureuse lors de la semi-classique belge \u00ab \u00c0 travers les Flandres \u00bb l&rsquo;ann\u00e9e derni\u00e8re.<\/p>\n<p>Van Aert a \u00e9t\u00e9 d\u00e9pass\u00e9 de fa\u00e7on spectaculaire apr\u00e8s une course en solo \u00e0 quelques m\u00e8tres de l&rsquo;arriv\u00e9e et a d\u00fb, comme l&rsquo;ann\u00e9e derni\u00e8re, se contenter de la deuxi\u00e8me place. L&rsquo;Italien Filippo Ganna, double champion du monde du contre-la-montre, a remport\u00e9 la victoire du jour juste devant van Aert et a emp\u00each\u00e9 le Belge, qui venait de terminer troisi\u00e8me \u00e0 Milan-Sanremo, de remporter son premier succ\u00e8s de la saison.<\/p>\n<p>Lors de la 110e \u00e9dition du Tour des Flandres, le dimanche de P\u00e2ques, le vainqueur de l&rsquo;ann\u00e9e derni\u00e8re Tadej Pogacar et le triple triomphant des Flandres Mathieu van der Poel s&rsquo;affronteront. La star belge Remco Evenepoel \u2013 co\u00e9quipier du prodige allemand Florian Lipowitz \u2013 a \u00e9galement annonc\u00e9 sa premi\u00e8re participation \u00e0 la \u00ab Ronde \u00bb sur Instagram au pied lev\u00e9. <\/p>\n<p>Le Tour des Flandres est l&rsquo;un des cinq monuments dits du cyclisme professionnel, aux c\u00f4t\u00e9s de Milan-Sanremo, Paris-Roubaix, Li\u00e8ge-Bastogne-Li\u00e8ge et le Tour de Lombardie. (cr\u00e9er)<\/p>\n","protected":false},"excerpt":{"rendered":"<p>Trois jours apr\u00e8s \u00ab In Flanders Fields \u00bb, le peloton s&rsquo;est retrouv\u00e9 \u00e0 \u00ab Across Flanders \u00bb \u2013 mais sans Mathieu van der Poel et<\/p>\n","protected":false},"author":1,"featured_media":13285,"comment_status":"","ping_status":"","sticky":false,"template":"","format":"standard","meta":{"footnotes":""},"categories":[298],"tags":[6144,142,4153,471,592,3737,2299,10406,3106,10405,3263,302,6229,4100],"class_list":["post-13284","post","type-post","status-publish","format-standard","has-post-thumbnail","hentry","category-belgique","tag-aert","tag-avant","tag-depasse","tag-dimanche","tag-encore","tag-evenepoel","tag-gagne","tag-ganna","tag-larrivee","tag-malchanceux","tag-participe","tag-peu","tag-ronde","tag-van","generate-columns","tablet-grid-50","mobile-grid-100","grid-parent","grid-33"],"yoast_head":"<!-- This site is optimized with the Yoast SEO plugin v24.0 - https:\/\/yoast.com\/wordpress\/plugins\/seo\/ -->\n<title>Le malchanceux van Aert encore d\u00e9pass\u00e9 peu avant l\u2019arriv\u00e9e \u2013 Ganna gagne \u2013 Evenepoel participe \u00e0 la \u00ab Ronde \u00bb dimanche | Vie Associative<\/title>\n<meta name=\"robots\" content=\"index, follow, max-snippet:-1, max-image-preview:large, max-video-preview:-1\" \/>\n<link rel=\"canonical\" href=\"https:\/\/vieassociative.be\/actualites\/le-malchanceux-van-aert-encore-depasse-peu-avant-larrivee-ganna-gagne-evenepoel-participe-a-la-ronde-dimanche\/\" \/>\n<meta property=\"og:locale\" content=\"fr_FR\" \/>\n<meta property=\"og:type\" content=\"article\" \/>\n<meta property=\"og:title\" content=\"Le malchanceux van Aert encore d\u00e9pass\u00e9 peu avant l\u2019arriv\u00e9e \u2013 Ganna gagne \u2013 Evenepoel participe \u00e0 la \u00ab Ronde \u00bb dimanche | Vie Associative\" \/>\n<meta property=\"og:description\" content=\"Trois jours apr\u00e8s \u00ab In Flanders Fields \u00bb, le peloton s&rsquo;est retrouv\u00e9 \u00e0 \u00ab Across Flanders \u00bb \u2013 mais sans Mathieu van der Poel et\" \/>\n<meta property=\"og:url\" content=\"https:\/\/vieassociative.be\/actualites\/le-malchanceux-van-aert-encore-depasse-peu-avant-larrivee-ganna-gagne-evenepoel-participe-a-la-ronde-dimanche\/\" \/>\n<meta property=\"og:site_name\" content=\"Vie Associative\" \/>\n<meta property=\"article:published_time\" content=\"2026-04-02T09:17:38+00:00\" \/>\n<meta property=\"og:image\" content=\"https:\/\/vieassociative.be\/actualites\/wp-content\/uploads\/2024\/09\/header_backgroundk-01-e1726694325946.png\" \/>\n\t<meta property=\"og:image:width\" content=\"279\" \/>\n\t<meta property=\"og:image:height\" content=\"92\" \/>\n\t<meta property=\"og:image:type\" content=\"image\/png\" \/>\n<meta name=\"author\" content=\"Julien\" \/>\n<meta name=\"twitter:card\" content=\"summary_large_image\" \/>\n<meta name=\"twitter:label1\" content=\"\u00c9crit par\" \/>\n\t<meta name=\"twitter:data1\" content=\"Julien\" \/>\n\t<meta name=\"twitter:label2\" content=\"Dur\u00e9e de lecture est.\" \/>\n\t<meta name=\"twitter:data2\" content=\"2 minutes\" \/>\n<script type=\"application\/ld+json\" class=\"yoast-schema-graph\">{\"@context\":\"https:\/\/schema.org\",\"@graph\":[{\"@type\":\"Article\",\"@id\":\"https:\/\/vieassociative.be\/actualites\/le-malchanceux-van-aert-encore-depasse-peu-avant-larrivee-ganna-gagne-evenepoel-participe-a-la-ronde-dimanche\/#article\",\"isPartOf\":{\"@id\":\"https:\/\/vieassociative.be\/actualites\/le-malchanceux-van-aert-encore-depasse-peu-avant-larrivee-ganna-gagne-evenepoel-participe-a-la-ronde-dimanche\/\"},\"author\":{\"name\":\"Julien\",\"@id\":\"https:\/\/vieassociative.be\/actualites\/#\/schema\/person\/b87ac4f82f9d4e7b7cec7395b679edc4\"},\"headline\":\"Le malchanceux van Aert encore d\u00e9pass\u00e9 peu avant l\u2019arriv\u00e9e \u2013 Ganna gagne \u2013 Evenepoel participe \u00e0 la \u00ab Ronde \u00bb dimanche\",\"datePublished\":\"2026-04-02T09:17:38+00:00\",\"dateModified\":\"2026-04-02T09:17:38+00:00\",\"mainEntityOfPage\":{\"@id\":\"https:\/\/vieassociative.be\/actualites\/le-malchanceux-van-aert-encore-depasse-peu-avant-larrivee-ganna-gagne-evenepoel-participe-a-la-ronde-dimanche\/\"},\"wordCount\":339,\"publisher\":{\"@id\":\"https:\/\/vieassociative.be\/actualites\/#organization\"},\"image\":{\"@id\":\"https:\/\/vieassociative.be\/actualites\/le-malchanceux-van-aert-encore-depasse-peu-avant-larrivee-ganna-gagne-evenepoel-participe-a-la-ronde-dimanche\/#primaryimage\"},\"thumbnailUrl\":\"https:\/\/vieassociative.be\/actualites\/wp-content\/uploads\/2026\/04\/1775121460_Le-malchanceux-van-Aert-encore-depasse-peu-avant-larrivee-\u2013.jpg\",\"keywords\":[\"aert\",\"avant\",\"d\u00e9passe\",\"dimanche\",\"encore\",\"Evenepoel\",\"gagn\u00e9\",\"Ganna\",\"larriv\u00e9e\",\"malchanceux\",\"participe\",\"peu\",\"Ronde\",\"Van\"],\"articleSection\":[\"Belgique\"],\"inLanguage\":\"fr-BE\"},{\"@type\":\"WebPage\",\"@id\":\"https:\/\/vieassociative.be\/actualites\/le-malchanceux-van-aert-encore-depasse-peu-avant-larrivee-ganna-gagne-evenepoel-participe-a-la-ronde-dimanche\/\",\"url\":\"https:\/\/vieassociative.be\/actualites\/le-malchanceux-van-aert-encore-depasse-peu-avant-larrivee-ganna-gagne-evenepoel-participe-a-la-ronde-dimanche\/\",\"name\":\"Le malchanceux van Aert encore d\u00e9pass\u00e9 peu avant l\u2019arriv\u00e9e \u2013 Ganna gagne \u2013 Evenepoel participe \u00e0 la \u00ab Ronde \u00bb dimanche | Vie Associative\",\"isPartOf\":{\"@id\":\"https:\/\/vieassociative.be\/actualites\/#website\"},\"primaryImageOfPage\":{\"@id\":\"https:\/\/vieassociative.be\/actualites\/le-malchanceux-van-aert-encore-depasse-peu-avant-larrivee-ganna-gagne-evenepoel-participe-a-la-ronde-dimanche\/#primaryimage\"},\"image\":{\"@id\":\"https:\/\/vieassociative.be\/actualites\/le-malchanceux-van-aert-encore-depasse-peu-avant-larrivee-ganna-gagne-evenepoel-participe-a-la-ronde-dimanche\/#primaryimage\"},\"thumbnailUrl\":\"https:\/\/vieassociative.be\/actualites\/wp-content\/uploads\/2026\/04\/1775121460_Le-malchanceux-van-Aert-encore-depasse-peu-avant-larrivee-\u2013.jpg\",\"datePublished\":\"2026-04-02T09:17:38+00:00\",\"dateModified\":\"2026-04-02T09:17:38+00:00\",\"breadcrumb\":{\"@id\":\"https:\/\/vieassociative.be\/actualites\/le-malchanceux-van-aert-encore-depasse-peu-avant-larrivee-ganna-gagne-evenepoel-participe-a-la-ronde-dimanche\/#breadcrumb\"},\"inLanguage\":\"fr-BE\",\"potentialAction\":[{\"@type\":\"ReadAction\",\"target\":[\"https:\/\/vieassociative.be\/actualites\/le-malchanceux-van-aert-encore-depasse-peu-avant-larrivee-ganna-gagne-evenepoel-participe-a-la-ronde-dimanche\/\"]}]},{\"@type\":\"ImageObject\",\"inLanguage\":\"fr-BE\",\"@id\":\"https:\/\/vieassociative.be\/actualites\/le-malchanceux-van-aert-encore-depasse-peu-avant-larrivee-ganna-gagne-evenepoel-participe-a-la-ronde-dimanche\/#primaryimage\",\"url\":\"https:\/\/vieassociative.be\/actualites\/wp-content\/uploads\/2026\/04\/1775121460_Le-malchanceux-van-Aert-encore-depasse-peu-avant-larrivee-\u2013.jpg\",\"contentUrl\":\"https:\/\/vieassociative.be\/actualites\/wp-content\/uploads\/2026\/04\/1775121460_Le-malchanceux-van-Aert-encore-depasse-peu-avant-larrivee-\u2013.jpg\",\"width\":1200,\"height\":797,\"caption\":\"Le malchanceux van Aert encore d\u00e9pass\u00e9 peu avant l\u2019arriv\u00e9e \u2013 Ganna gagne \u2013 Evenepoel participe \u00e0 la \u00ab Ronde \u00bb dimanche\"},{\"@type\":\"BreadcrumbList\",\"@id\":\"https:\/\/vieassociative.be\/actualites\/le-malchanceux-van-aert-encore-depasse-peu-avant-larrivee-ganna-gagne-evenepoel-participe-a-la-ronde-dimanche\/#breadcrumb\",\"itemListElement\":[{\"@type\":\"ListItem\",\"position\":1,\"name\":\"Accueil\",\"item\":\"https:\/\/vieassociative.be\/actualites\/\"},{\"@type\":\"ListItem\",\"position\":2,\"name\":\"Le malchanceux van Aert encore d\u00e9pass\u00e9 peu avant l\u2019arriv\u00e9e \u2013 Ganna gagne \u2013 Evenepoel participe \u00e0 la \u00ab Ronde \u00bb dimanche\"}]},{\"@type\":\"WebSite\",\"@id\":\"https:\/\/vieassociative.be\/actualites\/#website\",\"url\":\"https:\/\/vieassociative.be\/actualites\/\",\"name\":\"Vie Associative\",\"description\":\"\",\"publisher\":{\"@id\":\"https:\/\/vieassociative.be\/actualites\/#organization\"},\"potentialAction\":[{\"@type\":\"SearchAction\",\"target\":{\"@type\":\"EntryPoint\",\"urlTemplate\":\"https:\/\/vieassociative.be\/actualites\/?s={search_term_string}\"},\"query-input\":{\"@type\":\"PropertyValueSpecification\",\"valueRequired\":true,\"valueName\":\"search_term_string\"}}],\"inLanguage\":\"fr-BE\"},{\"@type\":\"Organization\",\"@id\":\"https:\/\/vieassociative.be\/actualites\/#organization\",\"name\":\"Vie Associative\",\"url\":\"https:\/\/vieassociative.be\/actualites\/\",\"logo\":{\"@type\":\"ImageObject\",\"inLanguage\":\"fr-BE\",\"@id\":\"https:\/\/vieassociative.be\/actualites\/#\/schema\/logo\/image\/\",\"url\":\"https:\/\/vieassociative.be\/actualites\/wp-content\/uploads\/2024\/09\/cropped-vieassociative_favicon.ico.png\",\"contentUrl\":\"https:\/\/vieassociative.be\/actualites\/wp-content\/uploads\/2024\/09\/cropped-vieassociative_favicon.ico.png\",\"width\":512,\"height\":512,\"caption\":\"Vie Associative\"},\"image\":{\"@id\":\"https:\/\/vieassociative.be\/actualites\/#\/schema\/logo\/image\/\"}},{\"@type\":\"Person\",\"@id\":\"https:\/\/vieassociative.be\/actualites\/#\/schema\/person\/b87ac4f82f9d4e7b7cec7395b679edc4\",\"name\":\"Julien\",\"image\":{\"@type\":\"ImageObject\",\"inLanguage\":\"fr-BE\",\"@id\":\"https:\/\/vieassociative.be\/actualites\/#\/schema\/person\/image\/\",\"url\":\"https:\/\/vieassociative.be\/actualites\/wp-content\/uploads\/2024\/09\/vie-associative-1-150x150.jpg\",\"contentUrl\":\"https:\/\/vieassociative.be\/actualites\/wp-content\/uploads\/2024\/09\/vie-associative-1-150x150.jpg\",\"caption\":\"Julien\"},\"description\":\"Je suis Julien, r\u00e9dacteur pour Vie Associative. Passionn\u00e9 par le monde associatif depuis plus de 10 ans, j'ai \u00e0 c\u0153ur de partager des histoires inspirantes et de mettre en lumi\u00e8re les initiatives locales. Mon objectif est de sensibiliser et d'encourager l'engagement communautaire \u00e0 travers mes articles.\",\"sameAs\":[\"https:\/\/vieassociative.be\/\"]}]}<\/script>\n<!-- \/ Yoast SEO plugin. -->","yoast_head_json":{"title":"Le malchanceux van Aert encore d\u00e9pass\u00e9 peu avant l\u2019arriv\u00e9e \u2013 Ganna gagne \u2013 Evenepoel participe \u00e0 la \u00ab Ronde \u00bb dimanche | Vie Associative","robots":{"index":"index","follow":"follow","max-snippet":"max-snippet:-1","max-image-preview":"max-image-preview:large","max-video-preview":"max-video-preview:-1"},"canonical":"https:\/\/vieassociative.be\/actualites\/le-malchanceux-van-aert-encore-depasse-peu-avant-larrivee-ganna-gagne-evenepoel-participe-a-la-ronde-dimanche\/","og_locale":"fr_FR","og_type":"article","og_title":"Le malchanceux van Aert encore d\u00e9pass\u00e9 peu avant l\u2019arriv\u00e9e \u2013 Ganna gagne \u2013 Evenepoel participe \u00e0 la \u00ab Ronde \u00bb dimanche | Vie Associative","og_description":"Trois jours apr\u00e8s \u00ab In Flanders Fields \u00bb, le peloton s&rsquo;est retrouv\u00e9 \u00e0 \u00ab Across Flanders \u00bb \u2013 mais sans Mathieu van der Poel et","og_url":"https:\/\/vieassociative.be\/actualites\/le-malchanceux-van-aert-encore-depasse-peu-avant-larrivee-ganna-gagne-evenepoel-participe-a-la-ronde-dimanche\/","og_site_name":"Vie Associative","article_published_time":"2026-04-02T09:17:38+00:00","og_image":[{"width":279,"height":92,"url":"https:\/\/vieassociative.be\/actualites\/wp-content\/uploads\/2024\/09\/header_backgroundk-01-e1726694325946.png","type":"image\/png"}],"author":"Julien","twitter_card":"summary_large_image","twitter_misc":{"\u00c9crit par":"Julien","Dur\u00e9e de lecture est.":"2 minutes"},"schema":{"@context":"https:\/\/schema.org","@graph":[{"@type":"Article","@id":"https:\/\/vieassociative.be\/actualites\/le-malchanceux-van-aert-encore-depasse-peu-avant-larrivee-ganna-gagne-evenepoel-participe-a-la-ronde-dimanche\/#article","isPartOf":{"@id":"https:\/\/vieassociative.be\/actualites\/le-malchanceux-van-aert-encore-depasse-peu-avant-larrivee-ganna-gagne-evenepoel-participe-a-la-ronde-dimanche\/"},"author":{"name":"Julien","@id":"https:\/\/vieassociative.be\/actualites\/#\/schema\/person\/b87ac4f82f9d4e7b7cec7395b679edc4"},"headline":"Le malchanceux van Aert encore d\u00e9pass\u00e9 peu avant l\u2019arriv\u00e9e \u2013 Ganna gagne \u2013 Evenepoel participe \u00e0 la \u00ab Ronde \u00bb dimanche","datePublished":"2026-04-02T09:17:38+00:00","dateModified":"2026-04-02T09:17:38+00:00","mainEntityOfPage":{"@id":"https:\/\/vieassociative.be\/actualites\/le-malchanceux-van-aert-encore-depasse-peu-avant-larrivee-ganna-gagne-evenepoel-participe-a-la-ronde-dimanche\/"},"wordCount":339,"publisher":{"@id":"https:\/\/vieassociative.be\/actualites\/#organization"},"image":{"@id":"https:\/\/vieassociative.be\/actualites\/le-malchanceux-van-aert-encore-depasse-peu-avant-larrivee-ganna-gagne-evenepoel-participe-a-la-ronde-dimanche\/#primaryimage"},"thumbnailUrl":"https:\/\/vieassociative.be\/actualites\/wp-content\/uploads\/2026\/04\/1775121460_Le-malchanceux-van-Aert-encore-depasse-peu-avant-larrivee-\u2013.jpg","keywords":["aert","avant","d\u00e9passe","dimanche","encore","Evenepoel","gagn\u00e9","Ganna","larriv\u00e9e","malchanceux","participe","peu","Ronde","Van"],"articleSection":["Belgique"],"inLanguage":"fr-BE"},{"@type":"WebPage","@id":"https:\/\/vieassociative.be\/actualites\/le-malchanceux-van-aert-encore-depasse-peu-avant-larrivee-ganna-gagne-evenepoel-participe-a-la-ronde-dimanche\/","url":"https:\/\/vieassociative.be\/actualites\/le-malchanceux-van-aert-encore-depasse-peu-avant-larrivee-ganna-gagne-evenepoel-participe-a-la-ronde-dimanche\/","name":"Le malchanceux van Aert encore d\u00e9pass\u00e9 peu avant l\u2019arriv\u00e9e \u2013 Ganna gagne \u2013 Evenepoel participe \u00e0 la \u00ab Ronde \u00bb dimanche | Vie Associative","isPartOf":{"@id":"https:\/\/vieassociative.be\/actualites\/#website"},"primaryImageOfPage":{"@id":"https:\/\/vieassociative.be\/actualites\/le-malchanceux-van-aert-encore-depasse-peu-avant-larrivee-ganna-gagne-evenepoel-participe-a-la-ronde-dimanche\/#primaryimage"},"image":{"@id":"https:\/\/vieassociative.be\/actualites\/le-malchanceux-van-aert-encore-depasse-peu-avant-larrivee-ganna-gagne-evenepoel-participe-a-la-ronde-dimanche\/#primaryimage"},"thumbnailUrl":"https:\/\/vieassociative.be\/actualites\/wp-content\/uploads\/2026\/04\/1775121460_Le-malchanceux-van-Aert-encore-depasse-peu-avant-larrivee-\u2013.jpg","datePublished":"2026-04-02T09:17:38+00:00","dateModified":"2026-04-02T09:17:38+00:00","breadcrumb":{"@id":"https:\/\/vieassociative.be\/actualites\/le-malchanceux-van-aert-encore-depasse-peu-avant-larrivee-ganna-gagne-evenepoel-participe-a-la-ronde-dimanche\/#breadcrumb"},"inLanguage":"fr-BE","potentialAction":[{"@type":"ReadAction","target":["https:\/\/vieassociative.be\/actualites\/le-malchanceux-van-aert-encore-depasse-peu-avant-larrivee-ganna-gagne-evenepoel-participe-a-la-ronde-dimanche\/"]}]},{"@type":"ImageObject","inLanguage":"fr-BE","@id":"https:\/\/vieassociative.be\/actualites\/le-malchanceux-van-aert-encore-depasse-peu-avant-larrivee-ganna-gagne-evenepoel-participe-a-la-ronde-dimanche\/#primaryimage","url":"https:\/\/vieassociative.be\/actualites\/wp-content\/uploads\/2026\/04\/1775121460_Le-malchanceux-van-Aert-encore-depasse-peu-avant-larrivee-\u2013.jpg","contentUrl":"https:\/\/vieassociative.be\/actualites\/wp-content\/uploads\/2026\/04\/1775121460_Le-malchanceux-van-Aert-encore-depasse-peu-avant-larrivee-\u2013.jpg","width":1200,"height":797,"caption":"Le malchanceux van Aert encore d\u00e9pass\u00e9 peu avant l\u2019arriv\u00e9e \u2013 Ganna gagne \u2013 Evenepoel participe \u00e0 la \u00ab Ronde \u00bb dimanche"},{"@type":"BreadcrumbList","@id":"https:\/\/vieassociative.be\/actualites\/le-malchanceux-van-aert-encore-depasse-peu-avant-larrivee-ganna-gagne-evenepoel-participe-a-la-ronde-dimanche\/#breadcrumb","itemListElement":[{"@type":"ListItem","position":1,"name":"Accueil","item":"https:\/\/vieassociative.be\/actualites\/"},{"@type":"ListItem","position":2,"name":"Le malchanceux van Aert encore d\u00e9pass\u00e9 peu avant l\u2019arriv\u00e9e \u2013 Ganna gagne \u2013 Evenepoel participe \u00e0 la \u00ab Ronde \u00bb dimanche"}]},{"@type":"WebSite","@id":"https:\/\/vieassociative.be\/actualites\/#website","url":"https:\/\/vieassociative.be\/actualites\/","name":"Vie Associative","description":"","publisher":{"@id":"https:\/\/vieassociative.be\/actualites\/#organization"},"potentialAction":[{"@type":"SearchAction","target":{"@type":"EntryPoint","urlTemplate":"https:\/\/vieassociative.be\/actualites\/?s={search_term_string}"},"query-input":{"@type":"PropertyValueSpecification","valueRequired":true,"valueName":"search_term_string"}}],"inLanguage":"fr-BE"},{"@type":"Organization","@id":"https:\/\/vieassociative.be\/actualites\/#organization","name":"Vie Associative","url":"https:\/\/vieassociative.be\/actualites\/","logo":{"@type":"ImageObject","inLanguage":"fr-BE","@id":"https:\/\/vieassociative.be\/actualites\/#\/schema\/logo\/image\/","url":"https:\/\/vieassociative.be\/actualites\/wp-content\/uploads\/2024\/09\/cropped-vieassociative_favicon.ico.png","contentUrl":"https:\/\/vieassociative.be\/actualites\/wp-content\/uploads\/2024\/09\/cropped-vieassociative_favicon.ico.png","width":512,"height":512,"caption":"Vie Associative"},"image":{"@id":"https:\/\/vieassociative.be\/actualites\/#\/schema\/logo\/image\/"}},{"@type":"Person","@id":"https:\/\/vieassociative.be\/actualites\/#\/schema\/person\/b87ac4f82f9d4e7b7cec7395b679edc4","name":"Julien","image":{"@type":"ImageObject","inLanguage":"fr-BE","@id":"https:\/\/vieassociative.be\/actualites\/#\/schema\/person\/image\/","url":"https:\/\/vieassociative.be\/actualites\/wp-content\/uploads\/2024\/09\/vie-associative-1-150x150.jpg","contentUrl":"https:\/\/vieassociative.be\/actualites\/wp-content\/uploads\/2024\/09\/vie-associative-1-150x150.jpg","caption":"Julien"},"description":"Je suis Julien, r\u00e9dacteur pour Vie Associative. Passionn\u00e9 par le monde associatif depuis plus de 10 ans, j'ai \u00e0 c\u0153ur de partager des histoires inspirantes et de mettre en lumi\u00e8re les initiatives locales. Mon objectif est de sensibiliser et d'encourager l'engagement communautaire \u00e0 travers mes articles.","sameAs":["https:\/\/vieassociative.be\/"]}]}},"_links":{"self":[{"href":"https:\/\/vieassociative.be\/actualites\/wp-json\/wp\/v2\/posts\/13284"}],"collection":[{"href":"https:\/\/vieassociative.be\/actualites\/wp-json\/wp\/v2\/posts"}],"about":[{"href":"https:\/\/vieassociative.be\/actualites\/wp-json\/wp\/v2\/types\/post"}],"author":[{"embeddable":true,"href":"https:\/\/vieassociative.be\/actualites\/wp-json\/wp\/v2\/users\/1"}],"replies":[{"embeddable":true,"href":"https:\/\/vieassociative.be\/actualites\/wp-json\/wp\/v2\/comments?post=13284"}],"version-history":[{"count":0,"href":"https:\/\/vieassociative.be\/actualites\/wp-json\/wp\/v2\/posts\/13284\/revisions"}],"wp:featuredmedia":[{"embeddable":true,"href":"https:\/\/vieassociative.be\/actualites\/wp-json\/wp\/v2\/media\/13285"}],"wp:attachment":[{"href":"https:\/\/vieassociative.be\/actualites\/wp-json\/wp\/v2\/media?parent=13284"}],"wp:term":[{"taxonomy":"category","embeddable":true,"href":"https:\/\/vieassociative.be\/actualites\/wp-json\/wp\/v2\/categories?post=13284"},{"taxonomy":"post_tag","embeddable":true,"href":"https:\/\/vieassociative.be\/actualites\/wp-json\/wp\/v2\/tags?post=13284"}],"curies":[{"name":"wp","href":"https:\/\/api.w.org\/{rel}","templated":true}]}}