{"id":13281,"date":"2026-04-02T05:17:50","date_gmt":"2026-04-02T03:17:50","guid":{"rendered":"https:\/\/vieassociative.be\/actualites\/plus-de-53-ans-apres-la-fin-de-la-mission-apollo-artemis-2-devrait-voler-pres-de-la-lune\/"},"modified":"2026-04-02T05:17:50","modified_gmt":"2026-04-02T03:17:50","slug":"plus-de-53-ans-apres-la-fin-de-la-mission-apollo-artemis-2-devrait-voler-pres-de-la-lune","status":"publish","type":"post","link":"https:\/\/vieassociative.be\/actualites\/plus-de-53-ans-apres-la-fin-de-la-mission-apollo-artemis-2-devrait-voler-pres-de-la-lune\/","title":{"rendered":"Plus de 53 ans apr\u00e8s la fin de la mission Apollo, \u00ab Artemis 2 \u00bb devrait voler pr\u00e8s de la Lune"},"content":{"rendered":"<p><strong>Pour la premi\u00e8re fois depuis plus d\u2019un demi-si\u00e8cle, des humains volent pr\u00e8s de la Lune. Apr\u00e8s des retards dus \u00e0 des probl\u00e8mes techniques, les choses sont enfin sur le point de commencer.<\/strong><\/p>\n<p><span id=\"more-438073\"><\/span>Avec la mission \u00ab Artemis 2 \u00bb de l\u2019agence spatiale am\u00e9ricaine Nasa, des humains voleront pr\u00e8s de la Lune pour la premi\u00e8re fois depuis plus d\u2019un demi-si\u00e8cle. Apr\u00e8s de nombreux retards dus \u00e0 des probl\u00e8mes techniques, le lancement le plus t\u00f4t possible est d\u00e9sormais pr\u00e9vu pour jeudi soir (18h24, heure locale, au port spatial de Cap Canaveral, dans l&rsquo;\u00c9tat am\u00e9ricain de Floride\/0h24 CEST).<\/p>\n<p>La fen\u00eatre de d\u00e9marrage est de deux heures. Le d\u00e9part avait d\u00e9j\u00e0 \u00e9t\u00e9 report\u00e9 \u00e0 plusieurs reprises en raison de probl\u00e8mes techniques &#8211; et d&rsquo;autres reports ne peuvent pas \u00eatre exclus.<\/p>\n<div id=\"attachment_438079\" class=\"wp-caption alignleft\" style=\"max-width: 300px\"><img fetchpriority=\"high\" decoding=\"async\" class=\"size-medium wp-image-438079\" src=\"https:\/\/vieassociative.be\/actualites\/wp-content\/uploads\/2026\/04\/Plus-de-53-ans-apres-la-fin-de-la-mission.jpg\" alt=\"\" width=\"300\" height=\"200\"><\/div>\n<p><strong>\u2013 Qui doit voler ?<\/strong> L&rsquo;\u00e9quipage de la mission \u00ab Artemis 2 \u00bb est compos\u00e9 de l&rsquo;astronaute am\u00e9ricaine Christina Koch (47 ans), de ses coll\u00e8gues am\u00e9ricains Victor Glover (49 ans) et Reid Wiseman (50 ans) et de l&rsquo;astronaute canadien Jeremy Hansen (50 ans).<\/p>\n<p>Ce serait le deuxi\u00e8me vol dans l&rsquo;espace de Glover, Koch et Wiseman, et le premier de Hansen. Koch serait la premi\u00e8re femme \u00e0 bord d&rsquo;une mission lunaire de la NASA, Glover serait la premi\u00e8re personne non blanche et Hansen serait le premier Canadien.<\/p>\n<p>\u00ab\u00a0Artemis 2\u00a0\u00bb est \u00ab\u00a0plus qu&rsquo;une mission\u00a0\u00bb, a d\u00e9clar\u00e9 Glover apr\u00e8s l&rsquo;annonce de l&rsquo;\u00e9quipage. \u00ab\u00a0C&rsquo;est la prochaine \u00e9tape du voyage qui m\u00e8nera l&rsquo;humanit\u00e9 vers Mars, et cet \u00e9quipage ne l&rsquo;oubliera jamais.\u00a0\u00bb<\/p>\n<p><strong>\u2013 Quand le d\u00e9part \u00e9tait-il r\u00e9ellement pr\u00e9vu ?<\/strong> Le programme lunaire a \u00e9t\u00e9 annonc\u00e9 par la NASA en 2017. Il a ensuite \u00e9t\u00e9 nomm\u00e9 Art\u00e9mis en hommage \u00e0 la d\u00e9esse de la lune et s\u0153ur jumelle du dieu Apollon de la mythologie grecque. \u00c0 l\u2019origine, il \u00e9tait pr\u00e9vu un alunissage habit\u00e9 (\u00ab Artemis 3 \u00bb) d\u2019ici 2024. Depuis, il y a eu plusieurs reports.<\/p>\n<p>Apr\u00e8s le succ\u00e8s du vol d&rsquo;essai sans pilote \u00ab Artemis 1 \u00bb en 2022 \u2013 qui a fait suite \u00e0 de nombreuses difficult\u00e9s techniques, explosions de co\u00fbts et reports \u2013 le lancement d&rsquo;\u00ab Artemis 2 \u00bb \u00e9tait pr\u00e9vu \u00e0 partir du 6 f\u00e9vrier 2026. Apr\u00e8s de nouveaux probl\u00e8mes techniques, le prochain d\u00e9collage possible est d\u00e9sormais pr\u00e9vu pour la p\u00e9riode du 1er au 6 avril (heure locale).<\/p>\n<p>\u2013 Comment doit se d\u00e9rouler exactement le vol ? \u00ab Artemis 2 \u00bb s&rsquo;appuie sur les exp\u00e9riences de \u00ab Artemis 1 \u00bb. Les astronautes \u00e0 bord de la capsule \u00ab Orion \u00bb devraient d\u00e9coller du port spatial de Cap Canaveral, dans l&rsquo;\u00c9tat am\u00e9ricain de Floride, avec la fus\u00e9e \u00ab Space Launch System \u00bb. La trajectoire de vol ressemble en grande partie \u00e0 un huit autour de la Terre et de la Lune. Apr\u00e8s une dizaine de jours, la capsule devrait \u00e0 nouveau se poser sur Terre en pleine mer.<\/p>\n<div id=\"attachment_438081\" class=\"wp-caption alignleft\" style=\"max-width: 300px\"><img decoding=\"async\" class=\"size-medium wp-image-438081\" src=\"https:\/\/vieassociative.be\/actualites\/wp-content\/uploads\/2026\/04\/1775099870_264_Plus-de-53-ans-apres-la-fin-de-la-mission.jpg\" alt=\"\" width=\"300\" height=\"198\"  ><\/div>\n<p>Les quatre astronautes devraient parcourir au total plus de 2,3 millions de kilom\u00e8tres. \u00c0 leur point le plus \u00e9loign\u00e9, ils se trouveraient \u00e0 environ 370 000 kilom\u00e8tres de la Terre et \u00e0 environ 7 500 kilom\u00e8tres derri\u00e8re la face cach\u00e9e de la Lune.<\/p>\n<p><strong>\u2013 Que font les astronautes dans la capsule \u00ab Orion \u00bb ?<\/strong> La capsule \u00ab Orion \u00bb vole pour la plupart de mani\u00e8re enti\u00e8rement automatique. \u00c0 des fins de test, les astronautes les contr\u00f4leront manuellement \u00e0 plusieurs reprises. De plus, ils doivent toujours v\u00e9rifier tous les syst\u00e8mes ainsi que leur propre \u00e9tat de sant\u00e9 \u00e0 l&rsquo;aide de nombreux tests, capteurs et mesures. Ses t\u00e2ches comprennent \u00e9galement des photos et des analyses de la Terre et de la Lune.<\/p>\n<p>Ils doivent \u00e9galement vivre et travailler dans l\u2019enceinte de la capsule. Ils doivent dormir dans des sacs de couchage fix\u00e9s au mur. Vous pouvez vous nettoyer, entre autres, avec des lingettes humides, du savon liquide, des d\u00e9barbouillettes, des brosses \u00e0 dents et du dentifrice. Il y a des toilettes priv\u00e9es avec une porte. La nourriture est similaire \u00e0 celle de l&rsquo;ISS, mais un peu plus limit\u00e9e. La plupart des aliments doivent \u00eatre consomm\u00e9s \u00e0 temp\u00e9rature ambiante, car le chauffe-plats n&rsquo;a qu&rsquo;une capacit\u00e9 limit\u00e9e.<\/p>\n<p>Les astronautes devraient passer au moins une demi-heure par jour \u00e0 faire de l&rsquo;exercice. Un appareil les aide lors des exercices de rameur par exemple. Les astronautes disposent \u00e9galement de tablettes et d\u2019ordinateurs portables avec lesquels ils peuvent communiquer avec la Terre via WiFi. Quelques films et jeux sont \u00e9galement t\u00e9l\u00e9charg\u00e9s.<\/p>\n<p><strong>\u2013 Que va-t-il se passer ensuite avec le programme \u00ab Artemis \u00bb ?<\/strong> Le nouveau patron de la NASA, Jared Isaacman, vient de compl\u00e8tement bouleverser les plans \u00ab Artemis \u00bb. La mission \u00ab Artemis 3 \u00bb, qui devait initialement amener un \u00e9quipage sur la Lune au plus t\u00f4t en 2028, devrait d\u00e9sormais d\u00e9marrer l&rsquo;ann\u00e9e prochaine, mais n&rsquo;atterrira pas sur la Lune.<\/p>\n<p>Au lieu de cela, la capsule \u00ab Orion \u00bb s\u2019amarrera \u00e0 un ou deux atterrisseurs lunaires dans l\u2019espace au cours de cette mission. De plus, il pourrait m\u00eame y avoir deux tentatives d\u2019alunissage en 2028 \u2013 \u00ab Artemis 4 \u00bb et \u00ab Artemis 5 \u00bb. Une pr\u00e9sence humaine permanente sur la Lune est \u00e9galement envisag\u00e9e.<\/p>\n<div id=\"attachment_215976\" class=\"wp-caption alignleft\" style=\"max-width: 286px\"><img decoding=\"async\" class=\"wp-image-215976 size-medium\" src=\"https:\/\/vieassociative.be\/actualites\/wp-content\/uploads\/2026\/04\/Plus-de-53-ans-apres-la-fin-de-la-mission.jpeg\" alt=\"\" width=\"286\" height=\"300\"  ><\/div>\n<p><strong>\u2013 Combien tout cela co\u00fbte-t-il ?<\/strong> En 2021, l&rsquo;inspecteur g\u00e9n\u00e9ral de la NASA de l&rsquo;\u00e9poque estimait que les co\u00fbts du programme \u00ab Artemis \u00bb s&rsquo;\u00e9l\u00e8veraient \u00e0 86 milliards de dollars d&rsquo;ici 2025, soit bien plus que ce qui \u00e9tait initialement estim\u00e9. Il s&rsquo;agit de \u00ab l&rsquo;activit\u00e9 la plus ambitieuse et la plus co\u00fbteuse de la NASA \u00bb, selon le communiqu\u00e9. Il se peut qu\u2019il y ait eu des augmentations de co\u00fbts suppl\u00e9mentaires depuis lors. Selon les experts, le co\u00fbt du seul projet \u00ab Artemis 2 \u00bb s&rsquo;\u00e9l\u00e8verait \u00e0 environ quatre milliards de dollars.<\/p>\n<p>Les pr\u00e9c\u00e9dents projets de retour des \u00c9tats-Unis sur la Lune avaient \u00e9chou\u00e9 \u00e0 plusieurs reprises. Par exemple, le programme \u00ab Constellation \u00bb soutenu par l\u2019ancien pr\u00e9sident am\u00e9ricain George W. Bush, qui pr\u00e9voyait des alunissages habit\u00e9s, a \u00e9t\u00e9 annul\u00e9 par son successeur Barack Obama parce que les co\u00fbts \u00e9taient trop \u00e9lev\u00e9s. Le programme \u00ab Apollo \u00bb a co\u00fbt\u00e9 au total environ 28 milliards de dollars, soit environ 280 milliards aujourd&rsquo;hui.<\/p>\n<p><strong>\u2013 Quand les gens sont-ils all\u00e9s sur la lune pour la derni\u00e8re fois ?<\/strong> Apollo 8 fut la premi\u00e8re mission habit\u00e9e \u00e0 orbiter autour de la Lune (24 d\u00e9cembre 1968). Le 20 juillet 1969, Neil Armstrong devenait le premier homme sur la Lune &#8211; et commentait cela avec la c\u00e9l\u00e8bre phrase : \u00ab\u00a0C&rsquo;est un petit pas pour un homme, mais un pas de g\u00e9ant pour l&rsquo;humanit\u00e9\u00a0\u00bb.<\/p>\n<p>L&rsquo;astronaute de la NASA Eugene Cernan, d\u00e9c\u00e9d\u00e9 en 2017, a \u00e9t\u00e9 la derni\u00e8re personne \u00e0 quitter le satellite terrestre lors de la mission \u00ab Apollo 17 \u00bb en d\u00e9cembre 1972. \u00ab Nous quittons le chemin par lequel nous sommes venus et, si Dieu le veut, nous reviendrons par le m\u00eame chemin \u2013 avec la paix et l&rsquo;espoir pour toute l&rsquo;humanit\u00e9. \u00bb<\/p>\n<p>Au total, les \u00c9tats-Unis ont \u00e9t\u00e9 \u00e0 ce jour le seul pays \u00e0 avoir envoy\u00e9 douze astronautes sur la Lune avec les missions \u00ab Apollo \u00bb entre 1969 et 1972. Le programme a apport\u00e9 de nombreux succ\u00e8s, mais aussi quelques trag\u00e9dies : en 1967, avant le lancement d&rsquo;\u00ab Apollo 1 \u00bb, un incendie lors d&rsquo;un test a tu\u00e9 trois astronautes. En 1970, la mission \u00ab Apollo 13 \u00bb doit faire demi-tour apr\u00e8s l\u2019explosion d\u2019un r\u00e9servoir d\u2019oxyg\u00e8ne.<\/p>\n<p><strong>\u2013 Pourquoi la NASA veut-elle renvoyer des humains sur la Lune ?<\/strong> \u00ab Pour la d\u00e9couverte scientifique, des b\u00e9n\u00e9fices \u00e9conomiques et pour inspirer une nouvelle g\u00e9n\u00e9ration d\u2019explorateurs \u00bb \u2013 c\u2019est ce que dit officiellement la NASA. De plus, le retour sur la Lune est une sorte de tremplin vers Mars.<\/p>\n<div id=\"attachment_216460\" class=\"wp-caption alignleft\" style=\"max-width: 300px\"><img loading=\"lazy\" decoding=\"async\" class=\"size-medium wp-image-216460\" src=\"https:\/\/vieassociative.be\/actualites\/wp-content\/uploads\/2026\/04\/1775099870_569_Plus-de-53-ans-apres-la-fin-de-la-mission.jpeg\" alt=\"\" width=\"300\" height=\"242\"  ><\/div>\n<p>Strat\u00e9giquement, le retour sur la Lune symbolise le leadership technologique et g\u00e9opolitique dans la course \u00e0 l\u2019espace. Une pr\u00e9sence permanente sur place est consid\u00e9r\u00e9e comme un moyen de garantir les int\u00e9r\u00eats nationaux dans le domaine des voyages spatiaux et de pouvoir fa\u00e7onner la coop\u00e9ration internationale. Le pr\u00e9sident am\u00e9ricain Donald Trump, qui a lanc\u00e9 le programme lors de son premier mandat, souhaite \u00e9galement y voir une r\u00e9ussite personnelle.<\/p>\n<p><strong>\u2013 Qui d\u2019autre participe \u00e0 \u00ab Artemis \u00bb \u2013 l\u2019Europe est-elle \u00e9galement l\u00e0 ?<\/strong> La NASA ne m\u00e8ne pas seule le programme \u00ab Artemis \u00bb. De nombreuses soci\u00e9t\u00e9s spatiales priv\u00e9es sont impliqu\u00e9es, notamment Blue Origin du fondateur d\u2019Amazon Jeff Bezos et SpaceX du milliardaire technologique Elon Musk.<\/p>\n<p>Il existe \u00e9galement des partenaires internationaux, notamment les programmes spatiaux du Canada, du Japon, des \u00c9mirats arabes unis \u2013 et l&rsquo;agence spatiale europ\u00e9enne Esa. Il s&rsquo;agit, entre autres, d&rsquo;un module de service pour la capsule \u00ab Orion \u00bb fabriqu\u00e9e dans l&rsquo;usine Airbus de Br\u00eame.<\/p>\n<p>Il existe \u00e9galement les \u00ab Accords Artemis \u00bb, un accord international visant \u00e0 promouvoir la coop\u00e9ration dans la recherche spatiale, auquel des dizaines de pays ont d\u00e9j\u00e0 adh\u00e9r\u00e9, dont l&rsquo;Allemagne.<\/p>\n<p><strong>\u2013 Quels autres pays veulent aller sur la Lune ?<\/strong> Depuis des ann\u00e9es, les nations spatiales se lancent dans une nouvelle course vers la Lune. Le principal concurrent des \u00c9tats-Unis est la Chine, qui vise \u00e0 envoyer des humains sur la Lune d&rsquo;ici 2030. La Russie souhaite \u00e9galement emmener des humains sur la Lune, mais elle est confront\u00e9e \u00e0 des retards en raison de difficult\u00e9s \u00e9conomiques. (dpa\/cr\u00e9)<\/p>\n","protected":false},"excerpt":{"rendered":"<p>Pour la premi\u00e8re fois depuis plus d\u2019un demi-si\u00e8cle, des humains volent pr\u00e8s de la Lune. Apr\u00e8s des retards dus \u00e0 des probl\u00e8mes techniques, les choses<\/p>\n","protected":false},"author":1,"featured_media":13282,"comment_status":"","ping_status":"","sticky":false,"template":"","format":"standard","meta":{"footnotes":""},"categories":[298],"tags":[584,10403,472,10404,238,1908,1820,6918,1750,938],"class_list":["post-13281","post","type-post","status-publish","format-standard","has-post-thumbnail","hentry","category-belgique","tag-ans","tag-apollo","tag-apres","tag-artemis","tag-devrait","tag-fin","tag-lune","tag-mission","tag-pres","tag-voler","generate-columns","tablet-grid-50","mobile-grid-100","grid-parent","grid-33"],"yoast_head":"<!-- This site is optimized with the Yoast SEO plugin v24.0 - https:\/\/yoast.com\/wordpress\/plugins\/seo\/ -->\n<title>Plus de 53 ans apr\u00e8s la fin de la mission Apollo, \u00ab Artemis 2 \u00bb devrait voler pr\u00e8s de la Lune | Vie Associative<\/title>\n<meta name=\"robots\" content=\"index, follow, max-snippet:-1, max-image-preview:large, max-video-preview:-1\" \/>\n<link rel=\"canonical\" href=\"https:\/\/vieassociative.be\/actualites\/plus-de-53-ans-apres-la-fin-de-la-mission-apollo-artemis-2-devrait-voler-pres-de-la-lune\/\" \/>\n<meta property=\"og:locale\" content=\"fr_FR\" \/>\n<meta property=\"og:type\" content=\"article\" \/>\n<meta property=\"og:title\" content=\"Plus de 53 ans apr\u00e8s la fin de la mission Apollo, \u00ab Artemis 2 \u00bb devrait voler pr\u00e8s de la Lune | Vie Associative\" \/>\n<meta property=\"og:description\" content=\"Pour la premi\u00e8re fois depuis plus d\u2019un demi-si\u00e8cle, des humains volent pr\u00e8s de la Lune. Apr\u00e8s des retards dus \u00e0 des probl\u00e8mes techniques, les choses\" \/>\n<meta property=\"og:url\" content=\"https:\/\/vieassociative.be\/actualites\/plus-de-53-ans-apres-la-fin-de-la-mission-apollo-artemis-2-devrait-voler-pres-de-la-lune\/\" \/>\n<meta property=\"og:site_name\" content=\"Vie Associative\" \/>\n<meta property=\"article:published_time\" content=\"2026-04-02T03:17:50+00:00\" \/>\n<meta property=\"og:image\" content=\"https:\/\/vieassociative.be\/actualites\/wp-content\/uploads\/2024\/09\/header_backgroundk-01-e1726694325946.png\" \/>\n\t<meta property=\"og:image:width\" content=\"279\" \/>\n\t<meta property=\"og:image:height\" content=\"92\" \/>\n\t<meta property=\"og:image:type\" content=\"image\/png\" \/>\n<meta name=\"author\" content=\"Julien\" \/>\n<meta name=\"twitter:card\" content=\"summary_large_image\" \/>\n<meta name=\"twitter:label1\" content=\"\u00c9crit par\" \/>\n\t<meta name=\"twitter:data1\" content=\"Julien\" \/>\n\t<meta name=\"twitter:label2\" content=\"Dur\u00e9e de lecture est.\" \/>\n\t<meta name=\"twitter:data2\" content=\"8 minutes\" \/>\n<script type=\"application\/ld+json\" class=\"yoast-schema-graph\">{\"@context\":\"https:\/\/schema.org\",\"@graph\":[{\"@type\":\"Article\",\"@id\":\"https:\/\/vieassociative.be\/actualites\/plus-de-53-ans-apres-la-fin-de-la-mission-apollo-artemis-2-devrait-voler-pres-de-la-lune\/#article\",\"isPartOf\":{\"@id\":\"https:\/\/vieassociative.be\/actualites\/plus-de-53-ans-apres-la-fin-de-la-mission-apollo-artemis-2-devrait-voler-pres-de-la-lune\/\"},\"author\":{\"name\":\"Julien\",\"@id\":\"https:\/\/vieassociative.be\/actualites\/#\/schema\/person\/b87ac4f82f9d4e7b7cec7395b679edc4\"},\"headline\":\"Plus de 53 ans apr\u00e8s la fin de la mission Apollo, \u00ab Artemis 2 \u00bb devrait voler pr\u00e8s de la Lune\",\"datePublished\":\"2026-04-02T03:17:50+00:00\",\"dateModified\":\"2026-04-02T03:17:50+00:00\",\"mainEntityOfPage\":{\"@id\":\"https:\/\/vieassociative.be\/actualites\/plus-de-53-ans-apres-la-fin-de-la-mission-apollo-artemis-2-devrait-voler-pres-de-la-lune\/\"},\"wordCount\":1564,\"publisher\":{\"@id\":\"https:\/\/vieassociative.be\/actualites\/#organization\"},\"image\":{\"@id\":\"https:\/\/vieassociative.be\/actualites\/plus-de-53-ans-apres-la-fin-de-la-mission-apollo-artemis-2-devrait-voler-pres-de-la-lune\/#primaryimage\"},\"thumbnailUrl\":\"https:\/\/vieassociative.be\/actualites\/wp-content\/uploads\/2026\/04\/1775099871_Plus-de-53-ans-apres-la-fin-de-la-mission.jpg\",\"keywords\":[\"ans\",\"Apollo\",\"Apr\u00e8s\",\"Artemis\",\"devrait\",\"fin\",\"lune\",\"Mission\",\"pr\u00e8s\",\"voler\"],\"articleSection\":[\"Belgique\"],\"inLanguage\":\"fr-BE\"},{\"@type\":\"WebPage\",\"@id\":\"https:\/\/vieassociative.be\/actualites\/plus-de-53-ans-apres-la-fin-de-la-mission-apollo-artemis-2-devrait-voler-pres-de-la-lune\/\",\"url\":\"https:\/\/vieassociative.be\/actualites\/plus-de-53-ans-apres-la-fin-de-la-mission-apollo-artemis-2-devrait-voler-pres-de-la-lune\/\",\"name\":\"Plus de 53 ans apr\u00e8s la fin de la mission Apollo, \u00ab Artemis 2 \u00bb devrait voler pr\u00e8s de la Lune | Vie Associative\",\"isPartOf\":{\"@id\":\"https:\/\/vieassociative.be\/actualites\/#website\"},\"primaryImageOfPage\":{\"@id\":\"https:\/\/vieassociative.be\/actualites\/plus-de-53-ans-apres-la-fin-de-la-mission-apollo-artemis-2-devrait-voler-pres-de-la-lune\/#primaryimage\"},\"image\":{\"@id\":\"https:\/\/vieassociative.be\/actualites\/plus-de-53-ans-apres-la-fin-de-la-mission-apollo-artemis-2-devrait-voler-pres-de-la-lune\/#primaryimage\"},\"thumbnailUrl\":\"https:\/\/vieassociative.be\/actualites\/wp-content\/uploads\/2026\/04\/1775099871_Plus-de-53-ans-apres-la-fin-de-la-mission.jpg\",\"datePublished\":\"2026-04-02T03:17:50+00:00\",\"dateModified\":\"2026-04-02T03:17:50+00:00\",\"breadcrumb\":{\"@id\":\"https:\/\/vieassociative.be\/actualites\/plus-de-53-ans-apres-la-fin-de-la-mission-apollo-artemis-2-devrait-voler-pres-de-la-lune\/#breadcrumb\"},\"inLanguage\":\"fr-BE\",\"potentialAction\":[{\"@type\":\"ReadAction\",\"target\":[\"https:\/\/vieassociative.be\/actualites\/plus-de-53-ans-apres-la-fin-de-la-mission-apollo-artemis-2-devrait-voler-pres-de-la-lune\/\"]}]},{\"@type\":\"ImageObject\",\"inLanguage\":\"fr-BE\",\"@id\":\"https:\/\/vieassociative.be\/actualites\/plus-de-53-ans-apres-la-fin-de-la-mission-apollo-artemis-2-devrait-voler-pres-de-la-lune\/#primaryimage\",\"url\":\"https:\/\/vieassociative.be\/actualites\/wp-content\/uploads\/2026\/04\/1775099871_Plus-de-53-ans-apres-la-fin-de-la-mission.jpg\",\"contentUrl\":\"https:\/\/vieassociative.be\/actualites\/wp-content\/uploads\/2026\/04\/1775099871_Plus-de-53-ans-apres-la-fin-de-la-mission.jpg\",\"width\":1200,\"height\":800,\"caption\":\"Plus de 53 ans apr\u00e8s la fin de la mission Apollo, \u00ab Artemis 2 \u00bb devrait voler pr\u00e8s de la Lune\"},{\"@type\":\"BreadcrumbList\",\"@id\":\"https:\/\/vieassociative.be\/actualites\/plus-de-53-ans-apres-la-fin-de-la-mission-apollo-artemis-2-devrait-voler-pres-de-la-lune\/#breadcrumb\",\"itemListElement\":[{\"@type\":\"ListItem\",\"position\":1,\"name\":\"Accueil\",\"item\":\"https:\/\/vieassociative.be\/actualites\/\"},{\"@type\":\"ListItem\",\"position\":2,\"name\":\"Plus de 53 ans apr\u00e8s la fin de la mission Apollo, \u00ab Artemis 2 \u00bb devrait voler pr\u00e8s de la Lune\"}]},{\"@type\":\"WebSite\",\"@id\":\"https:\/\/vieassociative.be\/actualites\/#website\",\"url\":\"https:\/\/vieassociative.be\/actualites\/\",\"name\":\"Vie Associative\",\"description\":\"\",\"publisher\":{\"@id\":\"https:\/\/vieassociative.be\/actualites\/#organization\"},\"potentialAction\":[{\"@type\":\"SearchAction\",\"target\":{\"@type\":\"EntryPoint\",\"urlTemplate\":\"https:\/\/vieassociative.be\/actualites\/?s={search_term_string}\"},\"query-input\":{\"@type\":\"PropertyValueSpecification\",\"valueRequired\":true,\"valueName\":\"search_term_string\"}}],\"inLanguage\":\"fr-BE\"},{\"@type\":\"Organization\",\"@id\":\"https:\/\/vieassociative.be\/actualites\/#organization\",\"name\":\"Vie Associative\",\"url\":\"https:\/\/vieassociative.be\/actualites\/\",\"logo\":{\"@type\":\"ImageObject\",\"inLanguage\":\"fr-BE\",\"@id\":\"https:\/\/vieassociative.be\/actualites\/#\/schema\/logo\/image\/\",\"url\":\"https:\/\/vieassociative.be\/actualites\/wp-content\/uploads\/2024\/09\/cropped-vieassociative_favicon.ico.png\",\"contentUrl\":\"https:\/\/vieassociative.be\/actualites\/wp-content\/uploads\/2024\/09\/cropped-vieassociative_favicon.ico.png\",\"width\":512,\"height\":512,\"caption\":\"Vie Associative\"},\"image\":{\"@id\":\"https:\/\/vieassociative.be\/actualites\/#\/schema\/logo\/image\/\"}},{\"@type\":\"Person\",\"@id\":\"https:\/\/vieassociative.be\/actualites\/#\/schema\/person\/b87ac4f82f9d4e7b7cec7395b679edc4\",\"name\":\"Julien\",\"image\":{\"@type\":\"ImageObject\",\"inLanguage\":\"fr-BE\",\"@id\":\"https:\/\/vieassociative.be\/actualites\/#\/schema\/person\/image\/\",\"url\":\"https:\/\/vieassociative.be\/actualites\/wp-content\/uploads\/2024\/09\/vie-associative-1-150x150.jpg\",\"contentUrl\":\"https:\/\/vieassociative.be\/actualites\/wp-content\/uploads\/2024\/09\/vie-associative-1-150x150.jpg\",\"caption\":\"Julien\"},\"description\":\"Je suis Julien, r\u00e9dacteur pour Vie Associative. Passionn\u00e9 par le monde associatif depuis plus de 10 ans, j'ai \u00e0 c\u0153ur de partager des histoires inspirantes et de mettre en lumi\u00e8re les initiatives locales. Mon objectif est de sensibiliser et d'encourager l'engagement communautaire \u00e0 travers mes articles.\",\"sameAs\":[\"https:\/\/vieassociative.be\/\"]}]}<\/script>\n<!-- \/ Yoast SEO plugin. -->","yoast_head_json":{"title":"Plus de 53 ans apr\u00e8s la fin de la mission Apollo, \u00ab Artemis 2 \u00bb devrait voler pr\u00e8s de la Lune | Vie Associative","robots":{"index":"index","follow":"follow","max-snippet":"max-snippet:-1","max-image-preview":"max-image-preview:large","max-video-preview":"max-video-preview:-1"},"canonical":"https:\/\/vieassociative.be\/actualites\/plus-de-53-ans-apres-la-fin-de-la-mission-apollo-artemis-2-devrait-voler-pres-de-la-lune\/","og_locale":"fr_FR","og_type":"article","og_title":"Plus de 53 ans apr\u00e8s la fin de la mission Apollo, \u00ab Artemis 2 \u00bb devrait voler pr\u00e8s de la Lune | Vie Associative","og_description":"Pour la premi\u00e8re fois depuis plus d\u2019un demi-si\u00e8cle, des humains volent pr\u00e8s de la Lune. Apr\u00e8s des retards dus \u00e0 des probl\u00e8mes techniques, les choses","og_url":"https:\/\/vieassociative.be\/actualites\/plus-de-53-ans-apres-la-fin-de-la-mission-apollo-artemis-2-devrait-voler-pres-de-la-lune\/","og_site_name":"Vie Associative","article_published_time":"2026-04-02T03:17:50+00:00","og_image":[{"width":279,"height":92,"url":"https:\/\/vieassociative.be\/actualites\/wp-content\/uploads\/2024\/09\/header_backgroundk-01-e1726694325946.png","type":"image\/png"}],"author":"Julien","twitter_card":"summary_large_image","twitter_misc":{"\u00c9crit par":"Julien","Dur\u00e9e de lecture est.":"8 minutes"},"schema":{"@context":"https:\/\/schema.org","@graph":[{"@type":"Article","@id":"https:\/\/vieassociative.be\/actualites\/plus-de-53-ans-apres-la-fin-de-la-mission-apollo-artemis-2-devrait-voler-pres-de-la-lune\/#article","isPartOf":{"@id":"https:\/\/vieassociative.be\/actualites\/plus-de-53-ans-apres-la-fin-de-la-mission-apollo-artemis-2-devrait-voler-pres-de-la-lune\/"},"author":{"name":"Julien","@id":"https:\/\/vieassociative.be\/actualites\/#\/schema\/person\/b87ac4f82f9d4e7b7cec7395b679edc4"},"headline":"Plus de 53 ans apr\u00e8s la fin de la mission Apollo, \u00ab Artemis 2 \u00bb devrait voler pr\u00e8s de la Lune","datePublished":"2026-04-02T03:17:50+00:00","dateModified":"2026-04-02T03:17:50+00:00","mainEntityOfPage":{"@id":"https:\/\/vieassociative.be\/actualites\/plus-de-53-ans-apres-la-fin-de-la-mission-apollo-artemis-2-devrait-voler-pres-de-la-lune\/"},"wordCount":1564,"publisher":{"@id":"https:\/\/vieassociative.be\/actualites\/#organization"},"image":{"@id":"https:\/\/vieassociative.be\/actualites\/plus-de-53-ans-apres-la-fin-de-la-mission-apollo-artemis-2-devrait-voler-pres-de-la-lune\/#primaryimage"},"thumbnailUrl":"https:\/\/vieassociative.be\/actualites\/wp-content\/uploads\/2026\/04\/1775099871_Plus-de-53-ans-apres-la-fin-de-la-mission.jpg","keywords":["ans","Apollo","Apr\u00e8s","Artemis","devrait","fin","lune","Mission","pr\u00e8s","voler"],"articleSection":["Belgique"],"inLanguage":"fr-BE"},{"@type":"WebPage","@id":"https:\/\/vieassociative.be\/actualites\/plus-de-53-ans-apres-la-fin-de-la-mission-apollo-artemis-2-devrait-voler-pres-de-la-lune\/","url":"https:\/\/vieassociative.be\/actualites\/plus-de-53-ans-apres-la-fin-de-la-mission-apollo-artemis-2-devrait-voler-pres-de-la-lune\/","name":"Plus de 53 ans apr\u00e8s la fin de la mission Apollo, \u00ab Artemis 2 \u00bb devrait voler pr\u00e8s de la Lune | Vie Associative","isPartOf":{"@id":"https:\/\/vieassociative.be\/actualites\/#website"},"primaryImageOfPage":{"@id":"https:\/\/vieassociative.be\/actualites\/plus-de-53-ans-apres-la-fin-de-la-mission-apollo-artemis-2-devrait-voler-pres-de-la-lune\/#primaryimage"},"image":{"@id":"https:\/\/vieassociative.be\/actualites\/plus-de-53-ans-apres-la-fin-de-la-mission-apollo-artemis-2-devrait-voler-pres-de-la-lune\/#primaryimage"},"thumbnailUrl":"https:\/\/vieassociative.be\/actualites\/wp-content\/uploads\/2026\/04\/1775099871_Plus-de-53-ans-apres-la-fin-de-la-mission.jpg","datePublished":"2026-04-02T03:17:50+00:00","dateModified":"2026-04-02T03:17:50+00:00","breadcrumb":{"@id":"https:\/\/vieassociative.be\/actualites\/plus-de-53-ans-apres-la-fin-de-la-mission-apollo-artemis-2-devrait-voler-pres-de-la-lune\/#breadcrumb"},"inLanguage":"fr-BE","potentialAction":[{"@type":"ReadAction","target":["https:\/\/vieassociative.be\/actualites\/plus-de-53-ans-apres-la-fin-de-la-mission-apollo-artemis-2-devrait-voler-pres-de-la-lune\/"]}]},{"@type":"ImageObject","inLanguage":"fr-BE","@id":"https:\/\/vieassociative.be\/actualites\/plus-de-53-ans-apres-la-fin-de-la-mission-apollo-artemis-2-devrait-voler-pres-de-la-lune\/#primaryimage","url":"https:\/\/vieassociative.be\/actualites\/wp-content\/uploads\/2026\/04\/1775099871_Plus-de-53-ans-apres-la-fin-de-la-mission.jpg","contentUrl":"https:\/\/vieassociative.be\/actualites\/wp-content\/uploads\/2026\/04\/1775099871_Plus-de-53-ans-apres-la-fin-de-la-mission.jpg","width":1200,"height":800,"caption":"Plus de 53 ans apr\u00e8s la fin de la mission Apollo, \u00ab Artemis 2 \u00bb devrait voler pr\u00e8s de la Lune"},{"@type":"BreadcrumbList","@id":"https:\/\/vieassociative.be\/actualites\/plus-de-53-ans-apres-la-fin-de-la-mission-apollo-artemis-2-devrait-voler-pres-de-la-lune\/#breadcrumb","itemListElement":[{"@type":"ListItem","position":1,"name":"Accueil","item":"https:\/\/vieassociative.be\/actualites\/"},{"@type":"ListItem","position":2,"name":"Plus de 53 ans apr\u00e8s la fin de la mission Apollo, \u00ab Artemis 2 \u00bb devrait voler pr\u00e8s de la Lune"}]},{"@type":"WebSite","@id":"https:\/\/vieassociative.be\/actualites\/#website","url":"https:\/\/vieassociative.be\/actualites\/","name":"Vie Associative","description":"","publisher":{"@id":"https:\/\/vieassociative.be\/actualites\/#organization"},"potentialAction":[{"@type":"SearchAction","target":{"@type":"EntryPoint","urlTemplate":"https:\/\/vieassociative.be\/actualites\/?s={search_term_string}"},"query-input":{"@type":"PropertyValueSpecification","valueRequired":true,"valueName":"search_term_string"}}],"inLanguage":"fr-BE"},{"@type":"Organization","@id":"https:\/\/vieassociative.be\/actualites\/#organization","name":"Vie Associative","url":"https:\/\/vieassociative.be\/actualites\/","logo":{"@type":"ImageObject","inLanguage":"fr-BE","@id":"https:\/\/vieassociative.be\/actualites\/#\/schema\/logo\/image\/","url":"https:\/\/vieassociative.be\/actualites\/wp-content\/uploads\/2024\/09\/cropped-vieassociative_favicon.ico.png","contentUrl":"https:\/\/vieassociative.be\/actualites\/wp-content\/uploads\/2024\/09\/cropped-vieassociative_favicon.ico.png","width":512,"height":512,"caption":"Vie Associative"},"image":{"@id":"https:\/\/vieassociative.be\/actualites\/#\/schema\/logo\/image\/"}},{"@type":"Person","@id":"https:\/\/vieassociative.be\/actualites\/#\/schema\/person\/b87ac4f82f9d4e7b7cec7395b679edc4","name":"Julien","image":{"@type":"ImageObject","inLanguage":"fr-BE","@id":"https:\/\/vieassociative.be\/actualites\/#\/schema\/person\/image\/","url":"https:\/\/vieassociative.be\/actualites\/wp-content\/uploads\/2024\/09\/vie-associative-1-150x150.jpg","contentUrl":"https:\/\/vieassociative.be\/actualites\/wp-content\/uploads\/2024\/09\/vie-associative-1-150x150.jpg","caption":"Julien"},"description":"Je suis Julien, r\u00e9dacteur pour Vie Associative. Passionn\u00e9 par le monde associatif depuis plus de 10 ans, j'ai \u00e0 c\u0153ur de partager des histoires inspirantes et de mettre en lumi\u00e8re les initiatives locales. Mon objectif est de sensibiliser et d'encourager l'engagement communautaire \u00e0 travers mes articles.","sameAs":["https:\/\/vieassociative.be\/"]}]}},"_links":{"self":[{"href":"https:\/\/vieassociative.be\/actualites\/wp-json\/wp\/v2\/posts\/13281"}],"collection":[{"href":"https:\/\/vieassociative.be\/actualites\/wp-json\/wp\/v2\/posts"}],"about":[{"href":"https:\/\/vieassociative.be\/actualites\/wp-json\/wp\/v2\/types\/post"}],"author":[{"embeddable":true,"href":"https:\/\/vieassociative.be\/actualites\/wp-json\/wp\/v2\/users\/1"}],"replies":[{"embeddable":true,"href":"https:\/\/vieassociative.be\/actualites\/wp-json\/wp\/v2\/comments?post=13281"}],"version-history":[{"count":0,"href":"https:\/\/vieassociative.be\/actualites\/wp-json\/wp\/v2\/posts\/13281\/revisions"}],"wp:featuredmedia":[{"embeddable":true,"href":"https:\/\/vieassociative.be\/actualites\/wp-json\/wp\/v2\/media\/13282"}],"wp:attachment":[{"href":"https:\/\/vieassociative.be\/actualites\/wp-json\/wp\/v2\/media?parent=13281"}],"wp:term":[{"taxonomy":"category","embeddable":true,"href":"https:\/\/vieassociative.be\/actualites\/wp-json\/wp\/v2\/categories?post=13281"},{"taxonomy":"post_tag","embeddable":true,"href":"https:\/\/vieassociative.be\/actualites\/wp-json\/wp\/v2\/tags?post=13281"}],"curies":[{"name":"wp","href":"https:\/\/api.w.org\/{rel}","templated":true}]}}