{"id":13277,"date":"2026-04-01T23:17:31","date_gmt":"2026-04-01T21:17:31","guid":{"rendered":"https:\/\/vieassociative.be\/actualites\/avril-avril-2\/"},"modified":"2026-04-01T23:17:31","modified_gmt":"2026-04-01T21:17:31","slug":"avril-avril-2","status":"publish","type":"post","link":"https:\/\/vieassociative.be\/actualites\/avril-avril-2\/","title":{"rendered":"avril avril"},"content":{"rendered":"<p><strong>Bien entendu, \u00ab Ostbelgien Direkt \u00bb a \u00e9galement envoy\u00e9 ses lecteurs en avril le 1er avril de cette ann\u00e9e, mais une seule fois.<\/strong><\/p>\n<p><span id=\"more-438097\"><\/span>Un poisson d&rsquo;avril a \u00e9t\u00e9 la nouvelle d&rsquo;un accord pr\u00e9tendument conclu entre le coll\u00e8ge communautaire d&rsquo;Eupen et les soci\u00e9t\u00e9s carnavalesques, selon lequel le prince sortant Patrick Ier (Koonen) devrait rester en fonction pendant encore un an.<\/p>\n<p>\u00ab\u00a0Patrick I. a accept\u00e9 cela apr\u00e8s une courte p\u00e9riode de r\u00e9flexion, apr\u00e8s avoir \u00e9t\u00e9 \u00e9galement assur\u00e9 par les p\u00e8res et m\u00e8res de la ville que cela se ferait sans aucune obligation financi\u00e8re pour lui. L&rsquo;accord a \u00e9t\u00e9 consign\u00e9 par \u00e9crit &#8211; avec une clause suppl\u00e9mentaire qui stipule que Patrick I. doit faire mettre \u00e0 jour son certificat de r\u00e9putation avant le 31 d\u00e9cembre 2026 et qu&rsquo;il sera connu sous le nom de \u00ab\u00a0Patrick II\u00a0\u00bb \u00e0 partir du 1er janvier 2027.\u00a0\u00bb remplira sa fonction. Rien de tout cela n\u2019est vrai. Avril, avril\u2026<\/p>\n<div id=\"attachment_69156\" class=\"wp-caption alignleft\" style=\"max-width: 300px\"><img fetchpriority=\"high\" decoding=\"async\" class=\"wp-image-69156 size-medium\" src=\"https:\/\/vieassociative.be\/actualites\/wp-content\/uploads\/2026\/04\/avril-avril.jpg\" alt=\"\" width=\"300\" height=\"225\"  ><\/div>\n<p>Cependant, le reportage sur les photos et vid\u00e9os suggestives cens\u00e9es montrer la princesse Elisabeth n&rsquo;\u00e9tait pas un poisson d&rsquo;avril. Des contenus g\u00e9n\u00e9r\u00e9s \u00e0 l&rsquo;aide de l&rsquo;intelligence artificielle (IA) sont apparus sur Internet et semblaient montrer l&rsquo;h\u00e9ritier du tr\u00f4ne belge de 24 ans. \u00ab Ostbelgien Direkt \u00bb en a fait \u00e9tat le 31 mars \u2013 et non pas un jour plus tard, le 1er avril.<\/p>\n<p>La nouvelle, \u00e9galement publi\u00e9e par tous les m\u00e9dias belges, de la participation de la star du cyclisme Remco Evenepoel au Tour des Flandres le dimanche de P\u00e2ques, annonc\u00e9e au pied lev\u00e9, n&rsquo;est pas un poisson d&rsquo;avril, bien qu&rsquo;il ait d\u00e9j\u00e0 d\u00e9clar\u00e9 \u00e0 plusieurs reprises qu&rsquo;il resterait \u00e0 l&rsquo;\u00e9cart de la \u00ab Ronde \u00bb afin de pr\u00e9parer sa classique pr\u00e9f\u00e9r\u00e9e Li\u00e8ge-Bastogne-Li\u00e8ge puis le Tour de France. (cr\u00e9er)<\/p>\n","protected":false},"excerpt":{"rendered":"<p>Bien entendu, \u00ab Ostbelgien Direkt \u00bb a \u00e9galement envoy\u00e9 ses lecteurs en avril le 1er avril de cette ann\u00e9e, mais une seule fois. Un poisson<\/p>\n","protected":false},"author":1,"featured_media":13278,"comment_status":"","ping_status":"","sticky":false,"template":"","format":"standard","meta":{"footnotes":""},"categories":[298],"tags":[3232],"class_list":["post-13277","post","type-post","status-publish","format-standard","has-post-thumbnail","hentry","category-belgique","tag-avril","generate-columns","tablet-grid-50","mobile-grid-100","grid-parent","grid-33"],"yoast_head":"<!-- This site is optimized with the Yoast SEO plugin v24.0 - https:\/\/yoast.com\/wordpress\/plugins\/seo\/ -->\n<title>avril avril | Vie Associative<\/title>\n<meta name=\"robots\" content=\"index, follow, max-snippet:-1, max-image-preview:large, max-video-preview:-1\" \/>\n<link rel=\"canonical\" href=\"https:\/\/vieassociative.be\/actualites\/avril-avril-2\/\" \/>\n<meta property=\"og:locale\" content=\"fr_FR\" \/>\n<meta property=\"og:type\" content=\"article\" \/>\n<meta property=\"og:title\" content=\"avril avril | Vie Associative\" \/>\n<meta property=\"og:description\" content=\"Bien entendu, \u00ab Ostbelgien Direkt \u00bb a \u00e9galement envoy\u00e9 ses lecteurs en avril le 1er avril de cette ann\u00e9e, mais une seule fois. Un poisson\" \/>\n<meta property=\"og:url\" content=\"https:\/\/vieassociative.be\/actualites\/avril-avril-2\/\" \/>\n<meta property=\"og:site_name\" content=\"Vie Associative\" \/>\n<meta property=\"article:published_time\" content=\"2026-04-01T21:17:31+00:00\" \/>\n<meta property=\"og:image\" content=\"https:\/\/vieassociative.be\/actualites\/wp-content\/uploads\/2024\/09\/header_backgroundk-01-e1726694325946.png\" \/>\n\t<meta property=\"og:image:width\" content=\"279\" \/>\n\t<meta property=\"og:image:height\" content=\"92\" \/>\n\t<meta property=\"og:image:type\" content=\"image\/png\" \/>\n<meta name=\"author\" content=\"Julien\" \/>\n<meta name=\"twitter:card\" content=\"summary_large_image\" \/>\n<meta name=\"twitter:label1\" content=\"\u00c9crit par\" \/>\n\t<meta name=\"twitter:data1\" content=\"Julien\" \/>\n\t<meta name=\"twitter:label2\" content=\"Dur\u00e9e de lecture est.\" \/>\n\t<meta name=\"twitter:data2\" content=\"2 minutes\" \/>\n<script type=\"application\/ld+json\" class=\"yoast-schema-graph\">{\"@context\":\"https:\/\/schema.org\",\"@graph\":[{\"@type\":\"Article\",\"@id\":\"https:\/\/vieassociative.be\/actualites\/avril-avril-2\/#article\",\"isPartOf\":{\"@id\":\"https:\/\/vieassociative.be\/actualites\/avril-avril-2\/\"},\"author\":{\"name\":\"Julien\",\"@id\":\"https:\/\/vieassociative.be\/actualites\/#\/schema\/person\/b87ac4f82f9d4e7b7cec7395b679edc4\"},\"headline\":\"avril avril\",\"datePublished\":\"2026-04-01T21:17:31+00:00\",\"dateModified\":\"2026-04-01T21:17:31+00:00\",\"mainEntityOfPage\":{\"@id\":\"https:\/\/vieassociative.be\/actualites\/avril-avril-2\/\"},\"wordCount\":316,\"publisher\":{\"@id\":\"https:\/\/vieassociative.be\/actualites\/#organization\"},\"image\":{\"@id\":\"https:\/\/vieassociative.be\/actualites\/avril-avril-2\/#primaryimage\"},\"thumbnailUrl\":\"https:\/\/vieassociative.be\/actualites\/wp-content\/uploads\/2026\/04\/avril-avril.jpeg\",\"keywords\":[\"avril\"],\"articleSection\":[\"Belgique\"],\"inLanguage\":\"fr-BE\"},{\"@type\":\"WebPage\",\"@id\":\"https:\/\/vieassociative.be\/actualites\/avril-avril-2\/\",\"url\":\"https:\/\/vieassociative.be\/actualites\/avril-avril-2\/\",\"name\":\"avril avril | Vie Associative\",\"isPartOf\":{\"@id\":\"https:\/\/vieassociative.be\/actualites\/#website\"},\"primaryImageOfPage\":{\"@id\":\"https:\/\/vieassociative.be\/actualites\/avril-avril-2\/#primaryimage\"},\"image\":{\"@id\":\"https:\/\/vieassociative.be\/actualites\/avril-avril-2\/#primaryimage\"},\"thumbnailUrl\":\"https:\/\/vieassociative.be\/actualites\/wp-content\/uploads\/2026\/04\/avril-avril.jpeg\",\"datePublished\":\"2026-04-01T21:17:31+00:00\",\"dateModified\":\"2026-04-01T21:17:31+00:00\",\"breadcrumb\":{\"@id\":\"https:\/\/vieassociative.be\/actualites\/avril-avril-2\/#breadcrumb\"},\"inLanguage\":\"fr-BE\",\"potentialAction\":[{\"@type\":\"ReadAction\",\"target\":[\"https:\/\/vieassociative.be\/actualites\/avril-avril-2\/\"]}]},{\"@type\":\"ImageObject\",\"inLanguage\":\"fr-BE\",\"@id\":\"https:\/\/vieassociative.be\/actualites\/avril-avril-2\/#primaryimage\",\"url\":\"https:\/\/vieassociative.be\/actualites\/wp-content\/uploads\/2026\/04\/avril-avril.jpeg\",\"contentUrl\":\"https:\/\/vieassociative.be\/actualites\/wp-content\/uploads\/2026\/04\/avril-avril.jpeg\",\"width\":1200,\"height\":865,\"caption\":\"avril avril\"},{\"@type\":\"BreadcrumbList\",\"@id\":\"https:\/\/vieassociative.be\/actualites\/avril-avril-2\/#breadcrumb\",\"itemListElement\":[{\"@type\":\"ListItem\",\"position\":1,\"name\":\"Accueil\",\"item\":\"https:\/\/vieassociative.be\/actualites\/\"},{\"@type\":\"ListItem\",\"position\":2,\"name\":\"avril avril\"}]},{\"@type\":\"WebSite\",\"@id\":\"https:\/\/vieassociative.be\/actualites\/#website\",\"url\":\"https:\/\/vieassociative.be\/actualites\/\",\"name\":\"Vie Associative\",\"description\":\"\",\"publisher\":{\"@id\":\"https:\/\/vieassociative.be\/actualites\/#organization\"},\"potentialAction\":[{\"@type\":\"SearchAction\",\"target\":{\"@type\":\"EntryPoint\",\"urlTemplate\":\"https:\/\/vieassociative.be\/actualites\/?s={search_term_string}\"},\"query-input\":{\"@type\":\"PropertyValueSpecification\",\"valueRequired\":true,\"valueName\":\"search_term_string\"}}],\"inLanguage\":\"fr-BE\"},{\"@type\":\"Organization\",\"@id\":\"https:\/\/vieassociative.be\/actualites\/#organization\",\"name\":\"Vie Associative\",\"url\":\"https:\/\/vieassociative.be\/actualites\/\",\"logo\":{\"@type\":\"ImageObject\",\"inLanguage\":\"fr-BE\",\"@id\":\"https:\/\/vieassociative.be\/actualites\/#\/schema\/logo\/image\/\",\"url\":\"https:\/\/vieassociative.be\/actualites\/wp-content\/uploads\/2024\/09\/cropped-vieassociative_favicon.ico.png\",\"contentUrl\":\"https:\/\/vieassociative.be\/actualites\/wp-content\/uploads\/2024\/09\/cropped-vieassociative_favicon.ico.png\",\"width\":512,\"height\":512,\"caption\":\"Vie Associative\"},\"image\":{\"@id\":\"https:\/\/vieassociative.be\/actualites\/#\/schema\/logo\/image\/\"}},{\"@type\":\"Person\",\"@id\":\"https:\/\/vieassociative.be\/actualites\/#\/schema\/person\/b87ac4f82f9d4e7b7cec7395b679edc4\",\"name\":\"Julien\",\"image\":{\"@type\":\"ImageObject\",\"inLanguage\":\"fr-BE\",\"@id\":\"https:\/\/vieassociative.be\/actualites\/#\/schema\/person\/image\/\",\"url\":\"https:\/\/vieassociative.be\/actualites\/wp-content\/uploads\/2024\/09\/vie-associative-1-150x150.jpg\",\"contentUrl\":\"https:\/\/vieassociative.be\/actualites\/wp-content\/uploads\/2024\/09\/vie-associative-1-150x150.jpg\",\"caption\":\"Julien\"},\"description\":\"Je suis Julien, r\u00e9dacteur pour Vie Associative. Passionn\u00e9 par le monde associatif depuis plus de 10 ans, j'ai \u00e0 c\u0153ur de partager des histoires inspirantes et de mettre en lumi\u00e8re les initiatives locales. Mon objectif est de sensibiliser et d'encourager l'engagement communautaire \u00e0 travers mes articles.\",\"sameAs\":[\"https:\/\/vieassociative.be\/\"]}]}<\/script>\n<!-- \/ Yoast SEO plugin. -->","yoast_head_json":{"title":"avril avril | Vie Associative","robots":{"index":"index","follow":"follow","max-snippet":"max-snippet:-1","max-image-preview":"max-image-preview:large","max-video-preview":"max-video-preview:-1"},"canonical":"https:\/\/vieassociative.be\/actualites\/avril-avril-2\/","og_locale":"fr_FR","og_type":"article","og_title":"avril avril | Vie Associative","og_description":"Bien entendu, \u00ab Ostbelgien Direkt \u00bb a \u00e9galement envoy\u00e9 ses lecteurs en avril le 1er avril de cette ann\u00e9e, mais une seule fois. Un poisson","og_url":"https:\/\/vieassociative.be\/actualites\/avril-avril-2\/","og_site_name":"Vie Associative","article_published_time":"2026-04-01T21:17:31+00:00","og_image":[{"width":279,"height":92,"url":"https:\/\/vieassociative.be\/actualites\/wp-content\/uploads\/2024\/09\/header_backgroundk-01-e1726694325946.png","type":"image\/png"}],"author":"Julien","twitter_card":"summary_large_image","twitter_misc":{"\u00c9crit par":"Julien","Dur\u00e9e de lecture est.":"2 minutes"},"schema":{"@context":"https:\/\/schema.org","@graph":[{"@type":"Article","@id":"https:\/\/vieassociative.be\/actualites\/avril-avril-2\/#article","isPartOf":{"@id":"https:\/\/vieassociative.be\/actualites\/avril-avril-2\/"},"author":{"name":"Julien","@id":"https:\/\/vieassociative.be\/actualites\/#\/schema\/person\/b87ac4f82f9d4e7b7cec7395b679edc4"},"headline":"avril avril","datePublished":"2026-04-01T21:17:31+00:00","dateModified":"2026-04-01T21:17:31+00:00","mainEntityOfPage":{"@id":"https:\/\/vieassociative.be\/actualites\/avril-avril-2\/"},"wordCount":316,"publisher":{"@id":"https:\/\/vieassociative.be\/actualites\/#organization"},"image":{"@id":"https:\/\/vieassociative.be\/actualites\/avril-avril-2\/#primaryimage"},"thumbnailUrl":"https:\/\/vieassociative.be\/actualites\/wp-content\/uploads\/2026\/04\/avril-avril.jpeg","keywords":["avril"],"articleSection":["Belgique"],"inLanguage":"fr-BE"},{"@type":"WebPage","@id":"https:\/\/vieassociative.be\/actualites\/avril-avril-2\/","url":"https:\/\/vieassociative.be\/actualites\/avril-avril-2\/","name":"avril avril | Vie Associative","isPartOf":{"@id":"https:\/\/vieassociative.be\/actualites\/#website"},"primaryImageOfPage":{"@id":"https:\/\/vieassociative.be\/actualites\/avril-avril-2\/#primaryimage"},"image":{"@id":"https:\/\/vieassociative.be\/actualites\/avril-avril-2\/#primaryimage"},"thumbnailUrl":"https:\/\/vieassociative.be\/actualites\/wp-content\/uploads\/2026\/04\/avril-avril.jpeg","datePublished":"2026-04-01T21:17:31+00:00","dateModified":"2026-04-01T21:17:31+00:00","breadcrumb":{"@id":"https:\/\/vieassociative.be\/actualites\/avril-avril-2\/#breadcrumb"},"inLanguage":"fr-BE","potentialAction":[{"@type":"ReadAction","target":["https:\/\/vieassociative.be\/actualites\/avril-avril-2\/"]}]},{"@type":"ImageObject","inLanguage":"fr-BE","@id":"https:\/\/vieassociative.be\/actualites\/avril-avril-2\/#primaryimage","url":"https:\/\/vieassociative.be\/actualites\/wp-content\/uploads\/2026\/04\/avril-avril.jpeg","contentUrl":"https:\/\/vieassociative.be\/actualites\/wp-content\/uploads\/2026\/04\/avril-avril.jpeg","width":1200,"height":865,"caption":"avril avril"},{"@type":"BreadcrumbList","@id":"https:\/\/vieassociative.be\/actualites\/avril-avril-2\/#breadcrumb","itemListElement":[{"@type":"ListItem","position":1,"name":"Accueil","item":"https:\/\/vieassociative.be\/actualites\/"},{"@type":"ListItem","position":2,"name":"avril avril"}]},{"@type":"WebSite","@id":"https:\/\/vieassociative.be\/actualites\/#website","url":"https:\/\/vieassociative.be\/actualites\/","name":"Vie Associative","description":"","publisher":{"@id":"https:\/\/vieassociative.be\/actualites\/#organization"},"potentialAction":[{"@type":"SearchAction","target":{"@type":"EntryPoint","urlTemplate":"https:\/\/vieassociative.be\/actualites\/?s={search_term_string}"},"query-input":{"@type":"PropertyValueSpecification","valueRequired":true,"valueName":"search_term_string"}}],"inLanguage":"fr-BE"},{"@type":"Organization","@id":"https:\/\/vieassociative.be\/actualites\/#organization","name":"Vie Associative","url":"https:\/\/vieassociative.be\/actualites\/","logo":{"@type":"ImageObject","inLanguage":"fr-BE","@id":"https:\/\/vieassociative.be\/actualites\/#\/schema\/logo\/image\/","url":"https:\/\/vieassociative.be\/actualites\/wp-content\/uploads\/2024\/09\/cropped-vieassociative_favicon.ico.png","contentUrl":"https:\/\/vieassociative.be\/actualites\/wp-content\/uploads\/2024\/09\/cropped-vieassociative_favicon.ico.png","width":512,"height":512,"caption":"Vie Associative"},"image":{"@id":"https:\/\/vieassociative.be\/actualites\/#\/schema\/logo\/image\/"}},{"@type":"Person","@id":"https:\/\/vieassociative.be\/actualites\/#\/schema\/person\/b87ac4f82f9d4e7b7cec7395b679edc4","name":"Julien","image":{"@type":"ImageObject","inLanguage":"fr-BE","@id":"https:\/\/vieassociative.be\/actualites\/#\/schema\/person\/image\/","url":"https:\/\/vieassociative.be\/actualites\/wp-content\/uploads\/2024\/09\/vie-associative-1-150x150.jpg","contentUrl":"https:\/\/vieassociative.be\/actualites\/wp-content\/uploads\/2024\/09\/vie-associative-1-150x150.jpg","caption":"Julien"},"description":"Je suis Julien, r\u00e9dacteur pour Vie Associative. Passionn\u00e9 par le monde associatif depuis plus de 10 ans, j'ai \u00e0 c\u0153ur de partager des histoires inspirantes et de mettre en lumi\u00e8re les initiatives locales. Mon objectif est de sensibiliser et d'encourager l'engagement communautaire \u00e0 travers mes articles.","sameAs":["https:\/\/vieassociative.be\/"]}]}},"_links":{"self":[{"href":"https:\/\/vieassociative.be\/actualites\/wp-json\/wp\/v2\/posts\/13277"}],"collection":[{"href":"https:\/\/vieassociative.be\/actualites\/wp-json\/wp\/v2\/posts"}],"about":[{"href":"https:\/\/vieassociative.be\/actualites\/wp-json\/wp\/v2\/types\/post"}],"author":[{"embeddable":true,"href":"https:\/\/vieassociative.be\/actualites\/wp-json\/wp\/v2\/users\/1"}],"replies":[{"embeddable":true,"href":"https:\/\/vieassociative.be\/actualites\/wp-json\/wp\/v2\/comments?post=13277"}],"version-history":[{"count":0,"href":"https:\/\/vieassociative.be\/actualites\/wp-json\/wp\/v2\/posts\/13277\/revisions"}],"wp:featuredmedia":[{"embeddable":true,"href":"https:\/\/vieassociative.be\/actualites\/wp-json\/wp\/v2\/media\/13278"}],"wp:attachment":[{"href":"https:\/\/vieassociative.be\/actualites\/wp-json\/wp\/v2\/media?parent=13277"}],"wp:term":[{"taxonomy":"category","embeddable":true,"href":"https:\/\/vieassociative.be\/actualites\/wp-json\/wp\/v2\/categories?post=13277"},{"taxonomy":"post_tag","embeddable":true,"href":"https:\/\/vieassociative.be\/actualites\/wp-json\/wp\/v2\/tags?post=13277"}],"curies":[{"name":"wp","href":"https:\/\/api.w.org\/{rel}","templated":true}]}}